{"id":36841,"date":"2026-04-30T07:16:47","date_gmt":"2026-04-30T04:16:47","guid":{"rendered":"https:\/\/haberkuzey.com\/index.php\/2026\/04\/30\/trumpin-altin-heykeli-kuzey-kore-liderlerinin-anitlarina-benzetildi\/"},"modified":"2026-04-30T07:16:47","modified_gmt":"2026-04-30T04:16:47","slug":"trumpin-altin-heykeli-kuzey-kore-liderlerinin-anitlarina-benzetildi","status":"publish","type":"post","link":"https:\/\/haberkuzey.com\/index.php\/2026\/04\/30\/trumpin-altin-heykeli-kuzey-kore-liderlerinin-anitlarina-benzetildi\/","title":{"rendered":"Trump&#8217;\u0131n alt\u0131n heykeli Kuzey Kore liderlerinin an\u0131tlar\u0131na benzetildi"},"content":{"rendered":"<p><\/p>\n<div>\n<p>&#13;<br \/>\n\tHeykel projesi ilk olarak A\u011fustos 2024&#8217;te &#8220;$PATRIOT&#8221; adl\u0131 bir kripto para grubu taraf\u0131ndan sipari\u015f edildi.<\/p>\n<p>&#13;<br \/>\n\tOhio merkezli sanat\u00e7\u0131 Alan Cottrill taraf\u0131ndan tasarlanan 3,1 tonluk bronz heykel, daha sonra alt\u0131n varakla kapland\u0131.<\/p>\n<p>&#13;<br \/>\n\tYap\u0131m a\u015famas\u0131nda sanat\u00e7\u0131 ve kripto grubu aras\u0131nda \u00f6deme anla\u015fmazl\u0131\u011f\u0131 ya\u015fanmas\u0131 nedeniyle heykel bir s\u00fcre gizli bir lokasyonda tutuldu.<\/p>\n<p>&#13;<br \/>\n\t\u00d6demelerin tamamlanmas\u0131n\u0131n ard\u0131ndan &#8220;Don Colossus&#8221;, Miami&#8217;deki Trump National Doral golf sahas\u0131na, PGA Tour\u2019un Cadillac \u015eampiyonas\u0131&#8217;ndan sadece bir hafta \u00f6nce yerle\u015ftirildi.<\/p>\n<h2>&#13;<br \/>\n\t360 bin dolar \u00f6dendi<\/h2>\n<p>&#13;<br \/>\n\tHeykelde Trump, 2024 y\u0131l\u0131nda Pensilvanya&#8217;daki suikast giri\u015fimi s\u0131ras\u0131nda haf\u0131zalara kaz\u0131nan &#8220;yumruk kald\u0131rma&#8221; pozuyla tasvir ediliyor.<\/p>\n<p>&#13;<br \/>\n\tAncak bu an\u0131t, NBCUniversal\u2019\u0131n eski y\u00f6neticilerinden Mike Sington ve di\u011fer bir\u00e7ok ele\u015ftirmen taraf\u0131ndan Kuzey Kore\u2019nin eski liderleri Kim Il-sung ve Kim Jong-il\u2019in heykelleriyle olan benzerli\u011fi nedeniyle hedef al\u0131nd\u0131.<\/p>\n<p>&#13;<br \/>\n\tBaz\u0131 profesyonel golf\u00e7\u00fcler ve turnuva personeli, siyasi bir simge haline gelen heykelin yan\u0131nda foto\u011fraf \u00e7ektirmekten ka\u00e7\u0131n\u0131rken, sanat\u00e7\u0131 Cottrill heykelin yap\u0131m\u0131 i\u00e7in toplamda 360 bin dolar \u00f6dendi\u011fini a\u00e7\u0131klad\u0131.<\/p>\n<p>&#13;<br \/>\n\tBeyaz Saray ise s\u00f6z konusu kripto projesi veya heykelle herhangi bir resmi ba\u011flar\u0131 olmad\u0131\u011f\u0131n\u0131 duyurdu.<\/p>\n<\/p><\/div>\n","protected":false},"excerpt":{"rendered":"<p>&#13; Heykel projesi ilk olarak A\u011fustos 2024&#8217;te &#8220;$PATRIOT&#8221; adl\u0131 bir kripto para grubu taraf\u0131ndan sipari\u015f edildi. &#13; Ohio merkezli sanat\u00e7\u0131 Alan Cottrill taraf\u0131ndan tasarlanan 3,1 tonluk bronz heykel, daha sonra alt\u0131n varakla kapland\u0131. &#13; Yap\u0131m a\u015famas\u0131nda sanat\u00e7\u0131 ve kripto grubu aras\u0131nda \u00f6deme anla\u015fmazl\u0131\u011f\u0131 ya\u015fanmas\u0131 nedeniyle heykel bir s\u00fcre gizli bir lokasyonda tutuldu. &#13; \u00d6demelerin tamamlanmas\u0131n\u0131n [&hellip;]<\/p>\n","protected":false},"author":1,"featured_media":36842,"comment_status":"open","ping_status":"open","sticky":false,"template":"","format":"standard","meta":{"jnews-multi-image_gallery":[],"jnews_single_post":[],"jnews_primary_category":[],"footnotes":""},"categories":[2],"tags":[],"class_list":["post-36841","post","type-post","status-publish","format-standard","has-post-thumbnail","hentry","category-dunya"],"yoast_head":"<!-- This site is optimized with the Yoast SEO plugin v27.5 - https:\/\/yoast.com\/product\/yoast-seo-wordpress\/ -->\n<title>Trump&#039;\u0131n alt\u0131n heykeli Kuzey Kore liderlerinin an\u0131tlar\u0131na benzetildi - Haber Kuzey<\/title>\n<meta name=\"robots\" content=\"index, follow, max-snippet:-1, max-image-preview:large, max-video-preview:-1\" \/>\n<link rel=\"canonical\" href=\"https:\/\/haberkuzey.com\/index.php\/2026\/04\/30\/trumpin-altin-heykeli-kuzey-kore-liderlerinin-anitlarina-benzetildi\/\" \/>\n<meta property=\"og:locale\" content=\"tr_TR\" \/>\n<meta property=\"og:type\" content=\"article\" \/>\n<meta property=\"og:title\" content=\"Trump&#039;\u0131n alt\u0131n heykeli Kuzey Kore liderlerinin an\u0131tlar\u0131na benzetildi - Haber Kuzey\" \/>\n<meta property=\"og:description\" content=\"&#013; Heykel projesi ilk olarak A\u011fustos 2024&#8217;te &#8220;$PATRIOT&#8221; adl\u0131 bir kripto para grubu taraf\u0131ndan sipari\u015f edildi. &#013; Ohio merkezli sanat\u00e7\u0131 Alan Cottrill taraf\u0131ndan tasarlanan 3,1 tonluk bronz heykel, daha sonra alt\u0131n varakla kapland\u0131. &#013; Yap\u0131m a\u015famas\u0131nda sanat\u00e7\u0131 ve kripto grubu aras\u0131nda \u00f6deme anla\u015fmazl\u0131\u011f\u0131 ya\u015fanmas\u0131 nedeniyle heykel bir s\u00fcre gizli bir lokasyonda tutuldu. &#013; \u00d6demelerin tamamlanmas\u0131n\u0131n [&hellip;]\" \/>\n<meta property=\"og:url\" content=\"https:\/\/haberkuzey.com\/index.php\/2026\/04\/30\/trumpin-altin-heykeli-kuzey-kore-liderlerinin-anitlarina-benzetildi\/\" \/>\n<meta property=\"og:site_name\" content=\"Haber Kuzey\" \/>\n<meta property=\"article:published_time\" content=\"2026-04-30T04:16:47+00:00\" \/>\n<meta property=\"og:image\" content=\"https:\/\/trthaberstatic.cdn.wp.trt.com.tr\/resimler\/2456000\/trump-2457344.jpg\" \/>\n<meta name=\"author\" content=\"haberkuzey\" \/>\n<meta name=\"twitter:card\" content=\"summary_large_image\" \/>\n<meta name=\"twitter:label1\" content=\"Yazan:\" \/>\n\t<meta name=\"twitter:data1\" content=\"haberkuzey\" \/>\n\t<meta name=\"twitter:label2\" content=\"Tahmini okuma s\u00fcresi\" \/>\n\t<meta name=\"twitter:data2\" content=\"1 dakika\" \/>\n<script type=\"application\/ld+json\" class=\"yoast-schema-graph\">{\"@context\":\"https:\\\/\\\/schema.org\",\"@graph\":[{\"@type\":\"Article\",\"@id\":\"https:\\\/\\\/haberkuzey.com\\\/index.php\\\/2026\\\/04\\\/30\\\/trumpin-altin-heykeli-kuzey-kore-liderlerinin-anitlarina-benzetildi\\\/#article\",\"isPartOf\":{\"@id\":\"https:\\\/\\\/haberkuzey.com\\\/index.php\\\/2026\\\/04\\\/30\\\/trumpin-altin-heykeli-kuzey-kore-liderlerinin-anitlarina-benzetildi\\\/\"},\"author\":{\"name\":\"haberkuzey\",\"@id\":\"https:\\\/\\\/haberkuzey.com\\\/#\\\/schema\\\/person\\\/3372109ec735f9333f4fa47ebb9605ca\"},\"headline\":\"Trump&#8217;\u0131n alt\u0131n heykeli Kuzey Kore liderlerinin an\u0131tlar\u0131na benzetildi\",\"datePublished\":\"2026-04-30T04:16:47+00:00\",\"mainEntityOfPage\":{\"@id\":\"https:\\\/\\\/haberkuzey.com\\\/index.php\\\/2026\\\/04\\\/30\\\/trumpin-altin-heykeli-kuzey-kore-liderlerinin-anitlarina-benzetildi\\\/\"},\"wordCount\":217,\"commentCount\":0,\"image\":{\"@id\":\"https:\\\/\\\/haberkuzey.com\\\/index.php\\\/2026\\\/04\\\/30\\\/trumpin-altin-heykeli-kuzey-kore-liderlerinin-anitlarina-benzetildi\\\/#primaryimage\"},\"thumbnailUrl\":\"https:\\\/\\\/haberkuzey.com\\\/wp-content\\\/uploads\\\/2026\\\/04\\\/trump-2457344.jpg\",\"articleSection\":[\"D\u00fcnya\"],\"inLanguage\":\"tr\",\"potentialAction\":[{\"@type\":\"CommentAction\",\"name\":\"Comment\",\"target\":[\"https:\\\/\\\/haberkuzey.com\\\/index.php\\\/2026\\\/04\\\/30\\\/trumpin-altin-heykeli-kuzey-kore-liderlerinin-anitlarina-benzetildi\\\/#respond\"]}]},{\"@type\":\"WebPage\",\"@id\":\"https:\\\/\\\/haberkuzey.com\\\/index.php\\\/2026\\\/04\\\/30\\\/trumpin-altin-heykeli-kuzey-kore-liderlerinin-anitlarina-benzetildi\\\/\",\"url\":\"https:\\\/\\\/haberkuzey.com\\\/index.php\\\/2026\\\/04\\\/30\\\/trumpin-altin-heykeli-kuzey-kore-liderlerinin-anitlarina-benzetildi\\\/\",\"name\":\"Trump'\u0131n alt\u0131n heykeli Kuzey Kore liderlerinin an\u0131tlar\u0131na benzetildi - Haber Kuzey\",\"isPartOf\":{\"@id\":\"https:\\\/\\\/haberkuzey.com\\\/#website\"},\"primaryImageOfPage\":{\"@id\":\"https:\\\/\\\/haberkuzey.com\\\/index.php\\\/2026\\\/04\\\/30\\\/trumpin-altin-heykeli-kuzey-kore-liderlerinin-anitlarina-benzetildi\\\/#primaryimage\"},\"image\":{\"@id\":\"https:\\\/\\\/haberkuzey.com\\\/index.php\\\/2026\\\/04\\\/30\\\/trumpin-altin-heykeli-kuzey-kore-liderlerinin-anitlarina-benzetildi\\\/#primaryimage\"},\"thumbnailUrl\":\"https:\\\/\\\/haberkuzey.com\\\/wp-content\\\/uploads\\\/2026\\\/04\\\/trump-2457344.jpg\",\"datePublished\":\"2026-04-30T04:16:47+00:00\",\"author\":{\"@id\":\"https:\\\/\\\/haberkuzey.com\\\/#\\\/schema\\\/person\\\/3372109ec735f9333f4fa47ebb9605ca\"},\"breadcrumb\":{\"@id\":\"https:\\\/\\\/haberkuzey.com\\\/index.php\\\/2026\\\/04\\\/30\\\/trumpin-altin-heykeli-kuzey-kore-liderlerinin-anitlarina-benzetildi\\\/#breadcrumb\"},\"inLanguage\":\"tr\",\"potentialAction\":[{\"@type\":\"ReadAction\",\"target\":[\"https:\\\/\\\/haberkuzey.com\\\/index.php\\\/2026\\\/04\\\/30\\\/trumpin-altin-heykeli-kuzey-kore-liderlerinin-anitlarina-benzetildi\\\/\"]}]},{\"@type\":\"ImageObject\",\"inLanguage\":\"tr\",\"@id\":\"https:\\\/\\\/haberkuzey.com\\\/index.php\\\/2026\\\/04\\\/30\\\/trumpin-altin-heykeli-kuzey-kore-liderlerinin-anitlarina-benzetildi\\\/#primaryimage\",\"url\":\"https:\\\/\\\/haberkuzey.com\\\/wp-content\\\/uploads\\\/2026\\\/04\\\/trump-2457344.jpg\",\"contentUrl\":\"https:\\\/\\\/haberkuzey.com\\\/wp-content\\\/uploads\\\/2026\\\/04\\\/trump-2457344.jpg\",\"width\":1280,\"height\":720},{\"@type\":\"BreadcrumbList\",\"@id\":\"https:\\\/\\\/haberkuzey.com\\\/index.php\\\/2026\\\/04\\\/30\\\/trumpin-altin-heykeli-kuzey-kore-liderlerinin-anitlarina-benzetildi\\\/#breadcrumb\",\"itemListElement\":[{\"@type\":\"ListItem\",\"position\":1,\"name\":\"Anasayfa\",\"item\":\"https:\\\/\\\/haberkuzey.com\\\/\"},{\"@type\":\"ListItem\",\"position\":2,\"name\":\"Trump&#8217;\u0131n alt\u0131n heykeli Kuzey Kore liderlerinin an\u0131tlar\u0131na benzetildi\"}]},{\"@type\":\"WebSite\",\"@id\":\"https:\\\/\\\/haberkuzey.com\\\/#website\",\"url\":\"https:\\\/\\\/haberkuzey.com\\\/\",\"name\":\"Haber Kuzey\",\"description\":\"Do\u011fru Haberin Adresi\",\"potentialAction\":[{\"@type\":\"SearchAction\",\"target\":{\"@type\":\"EntryPoint\",\"urlTemplate\":\"https:\\\/\\\/haberkuzey.com\\\/?s={search_term_string}\"},\"query-input\":{\"@type\":\"PropertyValueSpecification\",\"valueRequired\":true,\"valueName\":\"search_term_string\"}}],\"inLanguage\":\"tr\"},{\"@type\":\"Person\",\"@id\":\"https:\\\/\\\/haberkuzey.com\\\/#\\\/schema\\\/person\\\/3372109ec735f9333f4fa47ebb9605ca\",\"name\":\"haberkuzey\",\"image\":{\"@type\":\"ImageObject\",\"inLanguage\":\"tr\",\"@id\":\"https:\\\/\\\/secure.gravatar.com\\\/avatar\\\/f5fc875574b1575324358c3b9e6a32b8227aa5b74f3fa22e3cadb63e26fcc39c?s=96&d=mm&r=g\",\"url\":\"https:\\\/\\\/secure.gravatar.com\\\/avatar\\\/f5fc875574b1575324358c3b9e6a32b8227aa5b74f3fa22e3cadb63e26fcc39c?s=96&d=mm&r=g\",\"contentUrl\":\"https:\\\/\\\/secure.gravatar.com\\\/avatar\\\/f5fc875574b1575324358c3b9e6a32b8227aa5b74f3fa22e3cadb63e26fcc39c?s=96&d=mm&r=g\",\"caption\":\"haberkuzey\"},\"sameAs\":[\"https:\\\/\\\/haberkuzey.com\"],\"url\":\"https:\\\/\\\/haberkuzey.com\\\/index.php\\\/author\\\/haberkuzey\\\/\"}]}<\/script>\n<!-- \/ Yoast SEO plugin. -->","yoast_head_json":{"title":"Trump'\u0131n alt\u0131n heykeli Kuzey Kore liderlerinin an\u0131tlar\u0131na benzetildi - Haber Kuzey","robots":{"index":"index","follow":"follow","max-snippet":"max-snippet:-1","max-image-preview":"max-image-preview:large","max-video-preview":"max-video-preview:-1"},"canonical":"https:\/\/haberkuzey.com\/index.php\/2026\/04\/30\/trumpin-altin-heykeli-kuzey-kore-liderlerinin-anitlarina-benzetildi\/","og_locale":"tr_TR","og_type":"article","og_title":"Trump'\u0131n alt\u0131n heykeli Kuzey Kore liderlerinin an\u0131tlar\u0131na benzetildi - Haber Kuzey","og_description":"&#13; Heykel projesi ilk olarak A\u011fustos 2024&#8217;te &#8220;$PATRIOT&#8221; adl\u0131 bir kripto para grubu taraf\u0131ndan sipari\u015f edildi. &#13; Ohio merkezli sanat\u00e7\u0131 Alan Cottrill taraf\u0131ndan tasarlanan 3,1 tonluk bronz heykel, daha sonra alt\u0131n varakla kapland\u0131. &#13; Yap\u0131m a\u015famas\u0131nda sanat\u00e7\u0131 ve kripto grubu aras\u0131nda \u00f6deme anla\u015fmazl\u0131\u011f\u0131 ya\u015fanmas\u0131 nedeniyle heykel bir s\u00fcre gizli bir lokasyonda tutuldu. &#13; \u00d6demelerin tamamlanmas\u0131n\u0131n [&hellip;]","og_url":"https:\/\/haberkuzey.com\/index.php\/2026\/04\/30\/trumpin-altin-heykeli-kuzey-kore-liderlerinin-anitlarina-benzetildi\/","og_site_name":"Haber Kuzey","article_published_time":"2026-04-30T04:16:47+00:00","og_image":[{"url":"https:\/\/trthaberstatic.cdn.wp.trt.com.tr\/resimler\/2456000\/trump-2457344.jpg","type":"","width":"","height":""}],"author":"haberkuzey","twitter_card":"summary_large_image","twitter_misc":{"Yazan:":"haberkuzey","Tahmini okuma s\u00fcresi":"1 dakika"},"schema":{"@context":"https:\/\/schema.org","@graph":[{"@type":"Article","@id":"https:\/\/haberkuzey.com\/index.php\/2026\/04\/30\/trumpin-altin-heykeli-kuzey-kore-liderlerinin-anitlarina-benzetildi\/#article","isPartOf":{"@id":"https:\/\/haberkuzey.com\/index.php\/2026\/04\/30\/trumpin-altin-heykeli-kuzey-kore-liderlerinin-anitlarina-benzetildi\/"},"author":{"name":"haberkuzey","@id":"https:\/\/haberkuzey.com\/#\/schema\/person\/3372109ec735f9333f4fa47ebb9605ca"},"headline":"Trump&#8217;\u0131n alt\u0131n heykeli Kuzey Kore liderlerinin an\u0131tlar\u0131na benzetildi","datePublished":"2026-04-30T04:16:47+00:00","mainEntityOfPage":{"@id":"https:\/\/haberkuzey.com\/index.php\/2026\/04\/30\/trumpin-altin-heykeli-kuzey-kore-liderlerinin-anitlarina-benzetildi\/"},"wordCount":217,"commentCount":0,"image":{"@id":"https:\/\/haberkuzey.com\/index.php\/2026\/04\/30\/trumpin-altin-heykeli-kuzey-kore-liderlerinin-anitlarina-benzetildi\/#primaryimage"},"thumbnailUrl":"https:\/\/haberkuzey.com\/wp-content\/uploads\/2026\/04\/trump-2457344.jpg","articleSection":["D\u00fcnya"],"inLanguage":"tr","potentialAction":[{"@type":"CommentAction","name":"Comment","target":["https:\/\/haberkuzey.com\/index.php\/2026\/04\/30\/trumpin-altin-heykeli-kuzey-kore-liderlerinin-anitlarina-benzetildi\/#respond"]}]},{"@type":"WebPage","@id":"https:\/\/haberkuzey.com\/index.php\/2026\/04\/30\/trumpin-altin-heykeli-kuzey-kore-liderlerinin-anitlarina-benzetildi\/","url":"https:\/\/haberkuzey.com\/index.php\/2026\/04\/30\/trumpin-altin-heykeli-kuzey-kore-liderlerinin-anitlarina-benzetildi\/","name":"Trump'\u0131n alt\u0131n heykeli Kuzey Kore liderlerinin an\u0131tlar\u0131na benzetildi - Haber Kuzey","isPartOf":{"@id":"https:\/\/haberkuzey.com\/#website"},"primaryImageOfPage":{"@id":"https:\/\/haberkuzey.com\/index.php\/2026\/04\/30\/trumpin-altin-heykeli-kuzey-kore-liderlerinin-anitlarina-benzetildi\/#primaryimage"},"image":{"@id":"https:\/\/haberkuzey.com\/index.php\/2026\/04\/30\/trumpin-altin-heykeli-kuzey-kore-liderlerinin-anitlarina-benzetildi\/#primaryimage"},"thumbnailUrl":"https:\/\/haberkuzey.com\/wp-content\/uploads\/2026\/04\/trump-2457344.jpg","datePublished":"2026-04-30T04:16:47+00:00","author":{"@id":"https:\/\/haberkuzey.com\/#\/schema\/person\/3372109ec735f9333f4fa47ebb9605ca"},"breadcrumb":{"@id":"https:\/\/haberkuzey.com\/index.php\/2026\/04\/30\/trumpin-altin-heykeli-kuzey-kore-liderlerinin-anitlarina-benzetildi\/#breadcrumb"},"inLanguage":"tr","potentialAction":[{"@type":"ReadAction","target":["https:\/\/haberkuzey.com\/index.php\/2026\/04\/30\/trumpin-altin-heykeli-kuzey-kore-liderlerinin-anitlarina-benzetildi\/"]}]},{"@type":"ImageObject","inLanguage":"tr","@id":"https:\/\/haberkuzey.com\/index.php\/2026\/04\/30\/trumpin-altin-heykeli-kuzey-kore-liderlerinin-anitlarina-benzetildi\/#primaryimage","url":"https:\/\/haberkuzey.com\/wp-content\/uploads\/2026\/04\/trump-2457344.jpg","contentUrl":"https:\/\/haberkuzey.com\/wp-content\/uploads\/2026\/04\/trump-2457344.jpg","width":1280,"height":720},{"@type":"BreadcrumbList","@id":"https:\/\/haberkuzey.com\/index.php\/2026\/04\/30\/trumpin-altin-heykeli-kuzey-kore-liderlerinin-anitlarina-benzetildi\/#breadcrumb","itemListElement":[{"@type":"ListItem","position":1,"name":"Anasayfa","item":"https:\/\/haberkuzey.com\/"},{"@type":"ListItem","position":2,"name":"Trump&#8217;\u0131n alt\u0131n heykeli Kuzey Kore liderlerinin an\u0131tlar\u0131na benzetildi"}]},{"@type":"WebSite","@id":"https:\/\/haberkuzey.com\/#website","url":"https:\/\/haberkuzey.com\/","name":"Haber Kuzey","description":"Do\u011fru Haberin Adresi","potentialAction":[{"@type":"SearchAction","target":{"@type":"EntryPoint","urlTemplate":"https:\/\/haberkuzey.com\/?s={search_term_string}"},"query-input":{"@type":"PropertyValueSpecification","valueRequired":true,"valueName":"search_term_string"}}],"inLanguage":"tr"},{"@type":"Person","@id":"https:\/\/haberkuzey.com\/#\/schema\/person\/3372109ec735f9333f4fa47ebb9605ca","name":"haberkuzey","image":{"@type":"ImageObject","inLanguage":"tr","@id":"https:\/\/secure.gravatar.com\/avatar\/f5fc875574b1575324358c3b9e6a32b8227aa5b74f3fa22e3cadb63e26fcc39c?s=96&d=mm&r=g","url":"https:\/\/secure.gravatar.com\/avatar\/f5fc875574b1575324358c3b9e6a32b8227aa5b74f3fa22e3cadb63e26fcc39c?s=96&d=mm&r=g","contentUrl":"https:\/\/secure.gravatar.com\/avatar\/f5fc875574b1575324358c3b9e6a32b8227aa5b74f3fa22e3cadb63e26fcc39c?s=96&d=mm&r=g","caption":"haberkuzey"},"sameAs":["https:\/\/haberkuzey.com"],"url":"https:\/\/haberkuzey.com\/index.php\/author\/haberkuzey\/"}]}},"_links":{"self":[{"href":"https:\/\/haberkuzey.com\/index.php\/wp-json\/wp\/v2\/posts\/36841","targetHints":{"allow":["GET"]}}],"collection":[{"href":"https:\/\/haberkuzey.com\/index.php\/wp-json\/wp\/v2\/posts"}],"about":[{"href":"https:\/\/haberkuzey.com\/index.php\/wp-json\/wp\/v2\/types\/post"}],"author":[{"embeddable":true,"href":"https:\/\/haberkuzey.com\/index.php\/wp-json\/wp\/v2\/users\/1"}],"replies":[{"embeddable":true,"href":"https:\/\/haberkuzey.com\/index.php\/wp-json\/wp\/v2\/comments?post=36841"}],"version-history":[{"count":0,"href":"https:\/\/haberkuzey.com\/index.php\/wp-json\/wp\/v2\/posts\/36841\/revisions"}],"wp:featuredmedia":[{"embeddable":true,"href":"https:\/\/haberkuzey.com\/index.php\/wp-json\/wp\/v2\/media\/36842"}],"wp:attachment":[{"href":"https:\/\/haberkuzey.com\/index.php\/wp-json\/wp\/v2\/media?parent=36841"}],"wp:term":[{"taxonomy":"category","embeddable":true,"href":"https:\/\/haberkuzey.com\/index.php\/wp-json\/wp\/v2\/categories?post=36841"},{"taxonomy":"post_tag","embeddable":true,"href":"https:\/\/haberkuzey.com\/index.php\/wp-json\/wp\/v2\/tags?post=36841"}],"curies":[{"name":"wp","href":"https:\/\/api.w.org\/{rel}","templated":true}]}}