{"id":36837,"date":"2026-04-30T05:14:47","date_gmt":"2026-04-30T02:14:47","guid":{"rendered":"https:\/\/haberkuzey.com\/index.php\/2026\/04\/30\/fed-faizi-sabit-birakti\/"},"modified":"2026-04-30T05:14:47","modified_gmt":"2026-04-30T02:14:47","slug":"fed-faizi-sabit-birakti","status":"publish","type":"post","link":"https:\/\/haberkuzey.com\/index.php\/2026\/04\/30\/fed-faizi-sabit-birakti\/","title":{"rendered":"Fed faizi sabit b\u0131rakt\u0131"},"content":{"rendered":"<p><\/p>\n<div>\n<p>&#13;<br \/>\n\tFed&#8217;den yap\u0131lan a\u00e7\u0131klamada, faiz oran\u0131n\u0131n sabit tutulmas\u0131 karar\u0131n\u0131n 4&#8217;e kar\u015f\u0131 8 oyla al\u0131nd\u0131\u011f\u0131 bildirildi.<\/p>\n<p>&#13;<br \/>\n\tFed Y\u00f6netim Kurulu \u00dcyesi Stephen Miran&#8217;\u0131n 25 baz puanl\u0131k faiz indiriminden yana oldu\u011fu i\u00e7in kar\u015f\u0131 oy kulland\u0131\u011f\u0131 belirtilen a\u00e7\u0131klamada, Beth Hammack, Neel Kashkari ve Lorie Logan&#8217;\u0131n ise politika faizinin sabit tutulmas\u0131n\u0131 destekledikleri ancak \u015fu a\u015famada karar metnine &#8220;gev\u015feme e\u011filiminin&#8221; dahil edilmesine itiraz ettikleri i\u00e7in kar\u015f\u0131 oy verdikleri aktar\u0131ld\u0131.<\/p>\n<p>&#13;<br \/>\n\tFederal A\u00e7\u0131k Piyasa Komitesi (FOMC) \u00fcyeleri aras\u0131nda 4 kar\u015f\u0131 oy en son Ekim 1992&#8217;de kullan\u0131lm\u0131\u015ft\u0131.<\/p>\n<p>&#13;<br \/>\n\tSon g\u00f6stergelerin ekonomik faaliyetin sa\u011flam bir h\u0131zda geni\u015fledi\u011fine i\u015faret etti\u011fi belirtilen a\u00e7\u0131klamada, istihdam art\u0131\u015flar\u0131n\u0131n ortalama olarak d\u00fc\u015f\u00fck seyretti\u011fi, i\u015fsizlik oran\u0131n\u0131n ise son aylarda kayda de\u011fer bir de\u011fi\u015fim g\u00f6stermedi\u011fi kaydedildi.<\/p>\n<p>&#13;<br \/>\n\tA\u00e7\u0131klamada, enflasyonun k\u0131smen k\u00fcresel enerji fiyatlar\u0131ndaki son art\u0131\u015f\u0131 yans\u0131tacak \u015fekilde y\u00fcksek seviyelerde oldu\u011fu aktar\u0131ld\u0131.<\/p>\n<p>&#13;<br \/>\n\tBankan\u0131n a\u00e7\u0131klamas\u0131nda, &#8220;Orta Do\u011fu&#8217;daki geli\u015fmeler, ekonomik g\u00f6r\u00fcn\u00fcme ili\u015fkin belirsizli\u011fin y\u00fcksek d\u00fczeyde seyretmesine katk\u0131da bulunuyor.&#8221; ifadesi kullan\u0131ld\u0131.<\/p>\n<p>&#13;<br \/>\n\tUzun vadede maksimum istihdam ve y\u00fczde 2 enflasyona ula\u015f\u0131lmas\u0131n\u0131n hedeflendi\u011fi vurgulanan a\u00e7\u0131klamada, hedeflerin desteklenmesi amac\u0131yla federal fon oran\u0131 i\u00e7in hedef aral\u0131\u011f\u0131n y\u00fczde 3,5-3,75 aral\u0131\u011f\u0131nda tutulmas\u0131na karar verildi\u011fi belirtildi.<\/p>\n<h2>&#13;<br \/>\n\tFed y\u0131lba\u015f\u0131ndan bu yana politika faizinde de\u011fi\u015fikli\u011fe gitmedi<\/h2>\n<p>&#13;<br \/>\n\tFed, ge\u00e7en y\u0131l\u0131n ilk be\u015f toplant\u0131s\u0131nda politika faizini sabit tutarken, eyl\u00fcl, ekim ve aral\u0131k aylar\u0131nda toplam 75 baz puan indirime gitmi\u015fti.<\/p>\n<p>&#13;<br \/>\n\tBanka, ge\u00e7en y\u0131l art arda \u00fc\u00e7 faiz indirimi yapmas\u0131n\u0131n ard\u0131ndan bu y\u0131l\u0131n ilk iki toplant\u0131s\u0131nda da politika faizini sabit tutmu\u015ftu.<\/p>\n<\/p><\/div>\n","protected":false},"excerpt":{"rendered":"<p>&#13; Fed&#8217;den yap\u0131lan a\u00e7\u0131klamada, faiz oran\u0131n\u0131n sabit tutulmas\u0131 karar\u0131n\u0131n 4&#8217;e kar\u015f\u0131 8 oyla al\u0131nd\u0131\u011f\u0131 bildirildi. &#13; Fed Y\u00f6netim Kurulu \u00dcyesi Stephen Miran&#8217;\u0131n 25 baz puanl\u0131k faiz indiriminden yana oldu\u011fu i\u00e7in kar\u015f\u0131 oy kulland\u0131\u011f\u0131 belirtilen a\u00e7\u0131klamada, Beth Hammack, Neel Kashkari ve Lorie Logan&#8217;\u0131n ise politika faizinin sabit tutulmas\u0131n\u0131 destekledikleri ancak \u015fu a\u015famada karar metnine &#8220;gev\u015feme e\u011filiminin&#8221; [&hellip;]<\/p>\n","protected":false},"author":1,"featured_media":36838,"comment_status":"open","ping_status":"open","sticky":false,"template":"","format":"standard","meta":{"jnews-multi-image_gallery":[],"jnews_single_post":[],"jnews_primary_category":[],"footnotes":""},"categories":[2],"tags":[],"class_list":["post-36837","post","type-post","status-publish","format-standard","has-post-thumbnail","hentry","category-dunya"],"yoast_head":"<!-- This site is optimized with the Yoast SEO plugin v27.5 - https:\/\/yoast.com\/product\/yoast-seo-wordpress\/ -->\n<title>Fed faizi sabit b\u0131rakt\u0131 - Haber Kuzey<\/title>\n<meta name=\"robots\" content=\"index, follow, max-snippet:-1, max-image-preview:large, max-video-preview:-1\" \/>\n<link rel=\"canonical\" href=\"https:\/\/haberkuzey.com\/index.php\/2026\/04\/30\/fed-faizi-sabit-birakti\/\" \/>\n<meta property=\"og:locale\" content=\"tr_TR\" \/>\n<meta property=\"og:type\" content=\"article\" \/>\n<meta property=\"og:title\" content=\"Fed faizi sabit b\u0131rakt\u0131 - Haber Kuzey\" \/>\n<meta property=\"og:description\" content=\"&#013; Fed&#8217;den yap\u0131lan a\u00e7\u0131klamada, faiz oran\u0131n\u0131n sabit tutulmas\u0131 karar\u0131n\u0131n 4&#8217;e kar\u015f\u0131 8 oyla al\u0131nd\u0131\u011f\u0131 bildirildi. &#013; Fed Y\u00f6netim Kurulu \u00dcyesi Stephen Miran&#8217;\u0131n 25 baz puanl\u0131k faiz indiriminden yana oldu\u011fu i\u00e7in kar\u015f\u0131 oy kulland\u0131\u011f\u0131 belirtilen a\u00e7\u0131klamada, Beth Hammack, Neel Kashkari ve Lorie Logan&#8217;\u0131n ise politika faizinin sabit tutulmas\u0131n\u0131 destekledikleri ancak \u015fu a\u015famada karar metnine &#8220;gev\u015feme e\u011filiminin&#8221; [&hellip;]\" \/>\n<meta property=\"og:url\" content=\"https:\/\/haberkuzey.com\/index.php\/2026\/04\/30\/fed-faizi-sabit-birakti\/\" \/>\n<meta property=\"og:site_name\" content=\"Haber Kuzey\" \/>\n<meta property=\"article:published_time\" content=\"2026-04-30T02:14:47+00:00\" \/>\n<meta property=\"og:image\" content=\"https:\/\/trthaberstatic.cdn.wp.trt.com.tr\/resimler\/2400000\/dolar-2400792.jpg\" \/>\n<meta name=\"author\" content=\"haberkuzey\" \/>\n<meta name=\"twitter:card\" content=\"summary_large_image\" \/>\n<meta name=\"twitter:label1\" content=\"Yazan:\" \/>\n\t<meta name=\"twitter:data1\" content=\"haberkuzey\" \/>\n\t<meta name=\"twitter:label2\" content=\"Tahmini okuma s\u00fcresi\" \/>\n\t<meta name=\"twitter:data2\" content=\"2 dakika\" \/>\n<script type=\"application\/ld+json\" class=\"yoast-schema-graph\">{\"@context\":\"https:\\\/\\\/schema.org\",\"@graph\":[{\"@type\":\"Article\",\"@id\":\"https:\\\/\\\/haberkuzey.com\\\/index.php\\\/2026\\\/04\\\/30\\\/fed-faizi-sabit-birakti\\\/#article\",\"isPartOf\":{\"@id\":\"https:\\\/\\\/haberkuzey.com\\\/index.php\\\/2026\\\/04\\\/30\\\/fed-faizi-sabit-birakti\\\/\"},\"author\":{\"name\":\"haberkuzey\",\"@id\":\"https:\\\/\\\/haberkuzey.com\\\/#\\\/schema\\\/person\\\/3372109ec735f9333f4fa47ebb9605ca\"},\"headline\":\"Fed faizi sabit b\u0131rakt\u0131\",\"datePublished\":\"2026-04-30T02:14:47+00:00\",\"mainEntityOfPage\":{\"@id\":\"https:\\\/\\\/haberkuzey.com\\\/index.php\\\/2026\\\/04\\\/30\\\/fed-faizi-sabit-birakti\\\/\"},\"wordCount\":318,\"commentCount\":0,\"image\":{\"@id\":\"https:\\\/\\\/haberkuzey.com\\\/index.php\\\/2026\\\/04\\\/30\\\/fed-faizi-sabit-birakti\\\/#primaryimage\"},\"thumbnailUrl\":\"https:\\\/\\\/haberkuzey.com\\\/wp-content\\\/uploads\\\/2026\\\/04\\\/dolar-2400792.jpg\",\"articleSection\":[\"D\u00fcnya\"],\"inLanguage\":\"tr\",\"potentialAction\":[{\"@type\":\"CommentAction\",\"name\":\"Comment\",\"target\":[\"https:\\\/\\\/haberkuzey.com\\\/index.php\\\/2026\\\/04\\\/30\\\/fed-faizi-sabit-birakti\\\/#respond\"]}]},{\"@type\":\"WebPage\",\"@id\":\"https:\\\/\\\/haberkuzey.com\\\/index.php\\\/2026\\\/04\\\/30\\\/fed-faizi-sabit-birakti\\\/\",\"url\":\"https:\\\/\\\/haberkuzey.com\\\/index.php\\\/2026\\\/04\\\/30\\\/fed-faizi-sabit-birakti\\\/\",\"name\":\"Fed faizi sabit b\u0131rakt\u0131 - Haber Kuzey\",\"isPartOf\":{\"@id\":\"https:\\\/\\\/haberkuzey.com\\\/#website\"},\"primaryImageOfPage\":{\"@id\":\"https:\\\/\\\/haberkuzey.com\\\/index.php\\\/2026\\\/04\\\/30\\\/fed-faizi-sabit-birakti\\\/#primaryimage\"},\"image\":{\"@id\":\"https:\\\/\\\/haberkuzey.com\\\/index.php\\\/2026\\\/04\\\/30\\\/fed-faizi-sabit-birakti\\\/#primaryimage\"},\"thumbnailUrl\":\"https:\\\/\\\/haberkuzey.com\\\/wp-content\\\/uploads\\\/2026\\\/04\\\/dolar-2400792.jpg\",\"datePublished\":\"2026-04-30T02:14:47+00:00\",\"author\":{\"@id\":\"https:\\\/\\\/haberkuzey.com\\\/#\\\/schema\\\/person\\\/3372109ec735f9333f4fa47ebb9605ca\"},\"breadcrumb\":{\"@id\":\"https:\\\/\\\/haberkuzey.com\\\/index.php\\\/2026\\\/04\\\/30\\\/fed-faizi-sabit-birakti\\\/#breadcrumb\"},\"inLanguage\":\"tr\",\"potentialAction\":[{\"@type\":\"ReadAction\",\"target\":[\"https:\\\/\\\/haberkuzey.com\\\/index.php\\\/2026\\\/04\\\/30\\\/fed-faizi-sabit-birakti\\\/\"]}]},{\"@type\":\"ImageObject\",\"inLanguage\":\"tr\",\"@id\":\"https:\\\/\\\/haberkuzey.com\\\/index.php\\\/2026\\\/04\\\/30\\\/fed-faizi-sabit-birakti\\\/#primaryimage\",\"url\":\"https:\\\/\\\/haberkuzey.com\\\/wp-content\\\/uploads\\\/2026\\\/04\\\/dolar-2400792.jpg\",\"contentUrl\":\"https:\\\/\\\/haberkuzey.com\\\/wp-content\\\/uploads\\\/2026\\\/04\\\/dolar-2400792.jpg\",\"width\":1280,\"height\":720},{\"@type\":\"BreadcrumbList\",\"@id\":\"https:\\\/\\\/haberkuzey.com\\\/index.php\\\/2026\\\/04\\\/30\\\/fed-faizi-sabit-birakti\\\/#breadcrumb\",\"itemListElement\":[{\"@type\":\"ListItem\",\"position\":1,\"name\":\"Anasayfa\",\"item\":\"https:\\\/\\\/haberkuzey.com\\\/\"},{\"@type\":\"ListItem\",\"position\":2,\"name\":\"Fed faizi sabit b\u0131rakt\u0131\"}]},{\"@type\":\"WebSite\",\"@id\":\"https:\\\/\\\/haberkuzey.com\\\/#website\",\"url\":\"https:\\\/\\\/haberkuzey.com\\\/\",\"name\":\"Haber Kuzey\",\"description\":\"Do\u011fru Haberin Adresi\",\"potentialAction\":[{\"@type\":\"SearchAction\",\"target\":{\"@type\":\"EntryPoint\",\"urlTemplate\":\"https:\\\/\\\/haberkuzey.com\\\/?s={search_term_string}\"},\"query-input\":{\"@type\":\"PropertyValueSpecification\",\"valueRequired\":true,\"valueName\":\"search_term_string\"}}],\"inLanguage\":\"tr\"},{\"@type\":\"Person\",\"@id\":\"https:\\\/\\\/haberkuzey.com\\\/#\\\/schema\\\/person\\\/3372109ec735f9333f4fa47ebb9605ca\",\"name\":\"haberkuzey\",\"image\":{\"@type\":\"ImageObject\",\"inLanguage\":\"tr\",\"@id\":\"https:\\\/\\\/secure.gravatar.com\\\/avatar\\\/f5fc875574b1575324358c3b9e6a32b8227aa5b74f3fa22e3cadb63e26fcc39c?s=96&d=mm&r=g\",\"url\":\"https:\\\/\\\/secure.gravatar.com\\\/avatar\\\/f5fc875574b1575324358c3b9e6a32b8227aa5b74f3fa22e3cadb63e26fcc39c?s=96&d=mm&r=g\",\"contentUrl\":\"https:\\\/\\\/secure.gravatar.com\\\/avatar\\\/f5fc875574b1575324358c3b9e6a32b8227aa5b74f3fa22e3cadb63e26fcc39c?s=96&d=mm&r=g\",\"caption\":\"haberkuzey\"},\"sameAs\":[\"https:\\\/\\\/haberkuzey.com\"],\"url\":\"https:\\\/\\\/haberkuzey.com\\\/index.php\\\/author\\\/haberkuzey\\\/\"}]}<\/script>\n<!-- \/ Yoast SEO plugin. -->","yoast_head_json":{"title":"Fed faizi sabit b\u0131rakt\u0131 - Haber Kuzey","robots":{"index":"index","follow":"follow","max-snippet":"max-snippet:-1","max-image-preview":"max-image-preview:large","max-video-preview":"max-video-preview:-1"},"canonical":"https:\/\/haberkuzey.com\/index.php\/2026\/04\/30\/fed-faizi-sabit-birakti\/","og_locale":"tr_TR","og_type":"article","og_title":"Fed faizi sabit b\u0131rakt\u0131 - Haber Kuzey","og_description":"&#13; Fed&#8217;den yap\u0131lan a\u00e7\u0131klamada, faiz oran\u0131n\u0131n sabit tutulmas\u0131 karar\u0131n\u0131n 4&#8217;e kar\u015f\u0131 8 oyla al\u0131nd\u0131\u011f\u0131 bildirildi. &#13; Fed Y\u00f6netim Kurulu \u00dcyesi Stephen Miran&#8217;\u0131n 25 baz puanl\u0131k faiz indiriminden yana oldu\u011fu i\u00e7in kar\u015f\u0131 oy kulland\u0131\u011f\u0131 belirtilen a\u00e7\u0131klamada, Beth Hammack, Neel Kashkari ve Lorie Logan&#8217;\u0131n ise politika faizinin sabit tutulmas\u0131n\u0131 destekledikleri ancak \u015fu a\u015famada karar metnine &#8220;gev\u015feme e\u011filiminin&#8221; [&hellip;]","og_url":"https:\/\/haberkuzey.com\/index.php\/2026\/04\/30\/fed-faizi-sabit-birakti\/","og_site_name":"Haber Kuzey","article_published_time":"2026-04-30T02:14:47+00:00","og_image":[{"url":"https:\/\/trthaberstatic.cdn.wp.trt.com.tr\/resimler\/2400000\/dolar-2400792.jpg","type":"","width":"","height":""}],"author":"haberkuzey","twitter_card":"summary_large_image","twitter_misc":{"Yazan:":"haberkuzey","Tahmini okuma s\u00fcresi":"2 dakika"},"schema":{"@context":"https:\/\/schema.org","@graph":[{"@type":"Article","@id":"https:\/\/haberkuzey.com\/index.php\/2026\/04\/30\/fed-faizi-sabit-birakti\/#article","isPartOf":{"@id":"https:\/\/haberkuzey.com\/index.php\/2026\/04\/30\/fed-faizi-sabit-birakti\/"},"author":{"name":"haberkuzey","@id":"https:\/\/haberkuzey.com\/#\/schema\/person\/3372109ec735f9333f4fa47ebb9605ca"},"headline":"Fed faizi sabit b\u0131rakt\u0131","datePublished":"2026-04-30T02:14:47+00:00","mainEntityOfPage":{"@id":"https:\/\/haberkuzey.com\/index.php\/2026\/04\/30\/fed-faizi-sabit-birakti\/"},"wordCount":318,"commentCount":0,"image":{"@id":"https:\/\/haberkuzey.com\/index.php\/2026\/04\/30\/fed-faizi-sabit-birakti\/#primaryimage"},"thumbnailUrl":"https:\/\/haberkuzey.com\/wp-content\/uploads\/2026\/04\/dolar-2400792.jpg","articleSection":["D\u00fcnya"],"inLanguage":"tr","potentialAction":[{"@type":"CommentAction","name":"Comment","target":["https:\/\/haberkuzey.com\/index.php\/2026\/04\/30\/fed-faizi-sabit-birakti\/#respond"]}]},{"@type":"WebPage","@id":"https:\/\/haberkuzey.com\/index.php\/2026\/04\/30\/fed-faizi-sabit-birakti\/","url":"https:\/\/haberkuzey.com\/index.php\/2026\/04\/30\/fed-faizi-sabit-birakti\/","name":"Fed faizi sabit b\u0131rakt\u0131 - Haber Kuzey","isPartOf":{"@id":"https:\/\/haberkuzey.com\/#website"},"primaryImageOfPage":{"@id":"https:\/\/haberkuzey.com\/index.php\/2026\/04\/30\/fed-faizi-sabit-birakti\/#primaryimage"},"image":{"@id":"https:\/\/haberkuzey.com\/index.php\/2026\/04\/30\/fed-faizi-sabit-birakti\/#primaryimage"},"thumbnailUrl":"https:\/\/haberkuzey.com\/wp-content\/uploads\/2026\/04\/dolar-2400792.jpg","datePublished":"2026-04-30T02:14:47+00:00","author":{"@id":"https:\/\/haberkuzey.com\/#\/schema\/person\/3372109ec735f9333f4fa47ebb9605ca"},"breadcrumb":{"@id":"https:\/\/haberkuzey.com\/index.php\/2026\/04\/30\/fed-faizi-sabit-birakti\/#breadcrumb"},"inLanguage":"tr","potentialAction":[{"@type":"ReadAction","target":["https:\/\/haberkuzey.com\/index.php\/2026\/04\/30\/fed-faizi-sabit-birakti\/"]}]},{"@type":"ImageObject","inLanguage":"tr","@id":"https:\/\/haberkuzey.com\/index.php\/2026\/04\/30\/fed-faizi-sabit-birakti\/#primaryimage","url":"https:\/\/haberkuzey.com\/wp-content\/uploads\/2026\/04\/dolar-2400792.jpg","contentUrl":"https:\/\/haberkuzey.com\/wp-content\/uploads\/2026\/04\/dolar-2400792.jpg","width":1280,"height":720},{"@type":"BreadcrumbList","@id":"https:\/\/haberkuzey.com\/index.php\/2026\/04\/30\/fed-faizi-sabit-birakti\/#breadcrumb","itemListElement":[{"@type":"ListItem","position":1,"name":"Anasayfa","item":"https:\/\/haberkuzey.com\/"},{"@type":"ListItem","position":2,"name":"Fed faizi sabit b\u0131rakt\u0131"}]},{"@type":"WebSite","@id":"https:\/\/haberkuzey.com\/#website","url":"https:\/\/haberkuzey.com\/","name":"Haber Kuzey","description":"Do\u011fru Haberin Adresi","potentialAction":[{"@type":"SearchAction","target":{"@type":"EntryPoint","urlTemplate":"https:\/\/haberkuzey.com\/?s={search_term_string}"},"query-input":{"@type":"PropertyValueSpecification","valueRequired":true,"valueName":"search_term_string"}}],"inLanguage":"tr"},{"@type":"Person","@id":"https:\/\/haberkuzey.com\/#\/schema\/person\/3372109ec735f9333f4fa47ebb9605ca","name":"haberkuzey","image":{"@type":"ImageObject","inLanguage":"tr","@id":"https:\/\/secure.gravatar.com\/avatar\/f5fc875574b1575324358c3b9e6a32b8227aa5b74f3fa22e3cadb63e26fcc39c?s=96&d=mm&r=g","url":"https:\/\/secure.gravatar.com\/avatar\/f5fc875574b1575324358c3b9e6a32b8227aa5b74f3fa22e3cadb63e26fcc39c?s=96&d=mm&r=g","contentUrl":"https:\/\/secure.gravatar.com\/avatar\/f5fc875574b1575324358c3b9e6a32b8227aa5b74f3fa22e3cadb63e26fcc39c?s=96&d=mm&r=g","caption":"haberkuzey"},"sameAs":["https:\/\/haberkuzey.com"],"url":"https:\/\/haberkuzey.com\/index.php\/author\/haberkuzey\/"}]}},"_links":{"self":[{"href":"https:\/\/haberkuzey.com\/index.php\/wp-json\/wp\/v2\/posts\/36837","targetHints":{"allow":["GET"]}}],"collection":[{"href":"https:\/\/haberkuzey.com\/index.php\/wp-json\/wp\/v2\/posts"}],"about":[{"href":"https:\/\/haberkuzey.com\/index.php\/wp-json\/wp\/v2\/types\/post"}],"author":[{"embeddable":true,"href":"https:\/\/haberkuzey.com\/index.php\/wp-json\/wp\/v2\/users\/1"}],"replies":[{"embeddable":true,"href":"https:\/\/haberkuzey.com\/index.php\/wp-json\/wp\/v2\/comments?post=36837"}],"version-history":[{"count":0,"href":"https:\/\/haberkuzey.com\/index.php\/wp-json\/wp\/v2\/posts\/36837\/revisions"}],"wp:featuredmedia":[{"embeddable":true,"href":"https:\/\/haberkuzey.com\/index.php\/wp-json\/wp\/v2\/media\/36838"}],"wp:attachment":[{"href":"https:\/\/haberkuzey.com\/index.php\/wp-json\/wp\/v2\/media?parent=36837"}],"wp:term":[{"taxonomy":"category","embeddable":true,"href":"https:\/\/haberkuzey.com\/index.php\/wp-json\/wp\/v2\/categories?post=36837"},{"taxonomy":"post_tag","embeddable":true,"href":"https:\/\/haberkuzey.com\/index.php\/wp-json\/wp\/v2\/tags?post=36837"}],"curies":[{"name":"wp","href":"https:\/\/api.w.org\/{rel}","templated":true}]}}