{"id":36776,"date":"2026-04-29T14:37:49","date_gmt":"2026-04-29T11:37:49","guid":{"rendered":"https:\/\/haberkuzey.com\/index.php\/2026\/04\/29\/kibrisli-ortaokul-ogrencileri-dunyaya-acildi-gorme-engelliler-icin-gelistirdikleri-yapay-zekali-akilli-sapkayla-turkiyede-derece-kazanarak-avrupada-yarisma-sansi-elde-ettiler\/"},"modified":"2026-04-29T14:37:59","modified_gmt":"2026-04-29T11:37:59","slug":"kibrisli-ortaokul-ogrencileri-dunyaya-acildi-gorme-engelliler-icin-gelistirdikleri-yapay-zekali-akilli-sapkayla-turkiyede-derece-kazanarak-avrupada-yarisma-sansi-elde-ettiler","status":"publish","type":"post","link":"https:\/\/haberkuzey.com\/index.php\/2026\/04\/29\/kibrisli-ortaokul-ogrencileri-dunyaya-acildi-gorme-engelliler-icin-gelistirdikleri-yapay-zekali-akilli-sapkayla-turkiyede-derece-kazanarak-avrupada-yarisma-sansi-elde-ettiler\/","title":{"rendered":"K\u0131br\u0131sl\u0131 Ortaokul \u00d6\u011frencileri D\u00fcnyaya A\u00e7\u0131ld\u0131: G\u00f6rme Engelliler \u0130\u00e7in Geli\u015ftirdikleri Yapay Zek\u00e2l\u0131 Ak\u0131ll\u0131 \u015eapkayla T\u00fcrkiye\u2019de Derece Kazanarak Avrupa\u2019da Yar\u0131\u015fma \u015eans\u0131 Elde Ettiler"},"content":{"rendered":"<p>K\u0131br\u0131sl\u0131 ortaokul \u00f6\u011frencileri, geli\u015ftirdikleri sosyal fayda odakl\u0131 teknoloji projesiyle uluslararas\u0131 arenada b\u00fcy\u00fck bir ba\u015far\u0131ya imza att\u0131. Antalya\u2019da 22\u201326 Nisan 2026 tarihleri aras\u0131nda, 21 \u00fclkenin kat\u0131l\u0131m\u0131yla d\u00fczenlenen Fibonacci EuroAsia Championship\u2019te yar\u0131\u015fan <strong>Visionary Mind<\/strong> tak\u0131m\u0131, HealthTech Entrepreneurship kategorisinde geli\u015ftirdi\u011fi <strong>\u201cSenseAble\u201d<\/strong> adl\u0131 yapay zek\u00e2 destekli ak\u0131ll\u0131 \u015fapka projesiyle dikkatleri \u00fczerine \u00e7ekti.<\/p>\n<p>G\u00f6rme engelli bireylerin g\u00fcnl\u00fck ya\u015fam\u0131n\u0131 kolayla\u015ft\u0131rmay\u0131 hedefleyen SenseAble projesi; \u00e7evresel engelleri alg\u0131layabilen, kullan\u0131c\u0131ya anl\u0131k uyar\u0131lar verebilen ve eri\u015filebilir ya\u015fam\u0131 destekleyen yenilik\u00e7i yap\u0131s\u0131yla j\u00fcri \u00fcyeleri ile kat\u0131l\u0131mc\u0131lardan tam not ald\u0131. Proje, Avrasya genelinde <strong>3.\u2019l\u00fck derecesi<\/strong> elde ederek b\u00fcy\u00fck takdir toplad\u0131.<\/p>\n<p>Bu \u00f6nemli ba\u015far\u0131 sayesinde K\u0131br\u0131sl\u0131 \u00f6\u011frenciler, \u0130talya\u2019n\u0131n Roma kentinde d\u00fczenlenecek <strong>D\u00fcnya \u015eampiyonas\u0131\u2019na kat\u0131lma hakk\u0131<\/strong> da kazand\u0131.<\/p>\n<p>Tak\u0131mda <strong>\u00c7a\u011fan Karay, Ruhi \u00c7a\u011fan Gedik ve Eren K\u00fc\u00e7\u00fck\u00f6zdemir<\/strong> yer al\u0131rken, \u00f6\u011frencilerin proje s\u00fcrecindeki akademik rehberli\u011fi ve teknik y\u00f6nlendirmesi, <strong>Uluslararas\u0131 Final \u00dcniversitesi akademisyenlerinden Yard\u0131mc\u0131 Do\u00e7ent Doktor Mustafa Kemal Ambar<\/strong> taraf\u0131ndan y\u00fcr\u00fct\u00fcld\u00fc. \u00d6\u011frencilerin fikir geli\u015ftirme, proje planlama ve sunum haz\u0131rl\u0131klar\u0131nda g\u00f6sterdikleri geli\u015fim, uzman akademik dan\u0131\u015fmanl\u0131\u011f\u0131n ba\u015far\u0131n\u0131n temel unsurlar\u0131ndan biri oldu\u011funu ortaya koydu.<\/p>\n<p>Projeye ayr\u0131ca <strong>Uluslararas\u0131 Final \u00dcniversitesi sponsor olarak destek verdi.<\/strong> \u00dcniversitenin sa\u011flad\u0131\u011f\u0131 katk\u0131, gen\u00e7 giri\u015fimcilerin uluslararas\u0131 platformlarda yer almas\u0131na ve projelerini daha geni\u015f kitlelere tan\u0131tmas\u0131na \u00f6nemli katk\u0131 sundu.<\/p>\n<p>Teknolojiyi sosyal faydayla bulu\u015fturan SenseAble, gen\u00e7lerin inovasyon g\u00fcc\u00fcn\u00fc g\u00f6zler \u00f6n\u00fcne sererken; eri\u015filebilirlik, kapsay\u0131c\u0131l\u0131k ve insan odakl\u0131 \u00e7\u00f6z\u00fcmlerin gelece\u011fin teknolojilerinde ne kadar \u00f6nemli oldu\u011funu da g\u00f6sterdi.<\/p>\n<p>K\u0131br\u0131sl\u0131 \u00f6\u011frencilerin bu ba\u015far\u0131s\u0131, hem e\u011fitim camias\u0131nda hem de teknoloji d\u00fcnyas\u0131nda gurur kayna\u011f\u0131 olurken, gen\u00e7lerin do\u011fru rehberlik ve g\u00fc\u00e7l\u00fc destekle d\u00fcnya \u00e7ap\u0131nda ba\u015far\u0131lara ula\u015fabilece\u011fini bir kez daha kan\u0131tlad\u0131.<\/p>\n<p> <img decoding=\"async\" class=\"alignleft size-full wp-image-755919\" src=\"https:\/\/kibrisgazetesi.com\/wp-content\/uploads\/2026\/04\/WhatsApp-Image-2026-04-29-at-13.46.10-1.jpeg\" alt=\"\" width=\"1600\" height=\"900\" srcset=\"https:\/\/kibrisgazetesi.com\/wp-content\/uploads\/2026\/04\/WhatsApp-Image-2026-04-29-at-13.46.10-1.jpeg 1600w, https:\/\/kibrisgazetesi.com\/wp-content\/uploads\/2026\/04\/WhatsApp-Image-2026-04-29-at-13.46.10-1-300x169.jpeg 300w, https:\/\/kibrisgazetesi.com\/wp-content\/uploads\/2026\/04\/WhatsApp-Image-2026-04-29-at-13.46.10-1-1024x576.jpeg 1024w, https:\/\/kibrisgazetesi.com\/wp-content\/uploads\/2026\/04\/WhatsApp-Image-2026-04-29-at-13.46.10-1-768x432.jpeg 768w, https:\/\/kibrisgazetesi.com\/wp-content\/uploads\/2026\/04\/WhatsApp-Image-2026-04-29-at-13.46.10-1-1536x864.jpeg 1536w\" \/> <img decoding=\"async\" loading=\"lazy\" class=\"alignleft size-full wp-image-755920\" src=\"https:\/\/kibrisgazetesi.com\/wp-content\/uploads\/2026\/04\/WhatsApp-Image-2026-04-29-at-13.46.10.jpeg\" alt=\"\" width=\"1024\" height=\"744\" srcset=\"https:\/\/kibrisgazetesi.com\/wp-content\/uploads\/2026\/04\/WhatsApp-Image-2026-04-29-at-13.46.10.jpeg 1024w, https:\/\/kibrisgazetesi.com\/wp-content\/uploads\/2026\/04\/WhatsApp-Image-2026-04-29-at-13.46.10-300x218.jpeg 300w, https:\/\/kibrisgazetesi.com\/wp-content\/uploads\/2026\/04\/WhatsApp-Image-2026-04-29-at-13.46.10-768x558.jpeg 768w\" \/><\/p>\n","protected":false},"excerpt":{"rendered":"<p>K\u0131br\u0131sl\u0131 ortaokul \u00f6\u011frencileri, geli\u015ftirdikleri sosyal fayda odakl\u0131 teknoloji projesiyle uluslararas\u0131 arenada b\u00fcy\u00fck bir ba\u015far\u0131ya imza att\u0131. Antalya\u2019da 22\u201326 Nisan 2026 tarihleri aras\u0131nda, 21 \u00fclkenin kat\u0131l\u0131m\u0131yla d\u00fczenlenen Fibonacci EuroAsia Championship\u2019te yar\u0131\u015fan Visionary Mind tak\u0131m\u0131, HealthTech Entrepreneurship kategorisinde geli\u015ftirdi\u011fi \u201cSenseAble\u201d adl\u0131 yapay zek\u00e2 destekli ak\u0131ll\u0131 \u015fapka projesiyle dikkatleri \u00fczerine \u00e7ekti. G\u00f6rme engelli bireylerin g\u00fcnl\u00fck ya\u015fam\u0131n\u0131 kolayla\u015ft\u0131rmay\u0131 hedefleyen [&hellip;]<\/p>\n","protected":false},"author":1,"featured_media":36777,"comment_status":"open","ping_status":"open","sticky":false,"template":"","format":"standard","meta":{"jnews-multi-image_gallery":[],"jnews_single_post":[],"jnews_primary_category":[],"footnotes":""},"categories":[1],"tags":[],"class_list":["post-36776","post","type-post","status-publish","format-standard","has-post-thumbnail","hentry","category-kibris"],"yoast_head":"<!-- This site is optimized with the Yoast SEO plugin v27.5 - https:\/\/yoast.com\/product\/yoast-seo-wordpress\/ -->\n<title>K\u0131br\u0131sl\u0131 Ortaokul \u00d6\u011frencileri D\u00fcnyaya A\u00e7\u0131ld\u0131: G\u00f6rme Engelliler \u0130\u00e7in Geli\u015ftirdikleri Yapay Zek\u00e2l\u0131 Ak\u0131ll\u0131 \u015eapkayla T\u00fcrkiye\u2019de Derece Kazanarak Avrupa\u2019da Yar\u0131\u015fma \u015eans\u0131 Elde Ettiler - Haber Kuzey<\/title>\n<meta name=\"robots\" content=\"index, follow, max-snippet:-1, max-image-preview:large, max-video-preview:-1\" \/>\n<link rel=\"canonical\" href=\"https:\/\/haberkuzey.com\/index.php\/2026\/04\/29\/kibrisli-ortaokul-ogrencileri-dunyaya-acildi-gorme-engelliler-icin-gelistirdikleri-yapay-zekali-akilli-sapkayla-turkiyede-derece-kazanarak-avrupada-yarisma-sansi-elde-ettiler\/\" \/>\n<meta property=\"og:locale\" content=\"tr_TR\" \/>\n<meta property=\"og:type\" content=\"article\" \/>\n<meta property=\"og:title\" content=\"K\u0131br\u0131sl\u0131 Ortaokul \u00d6\u011frencileri D\u00fcnyaya A\u00e7\u0131ld\u0131: G\u00f6rme Engelliler \u0130\u00e7in Geli\u015ftirdikleri Yapay Zek\u00e2l\u0131 Ak\u0131ll\u0131 \u015eapkayla T\u00fcrkiye\u2019de Derece Kazanarak Avrupa\u2019da Yar\u0131\u015fma \u015eans\u0131 Elde Ettiler - Haber Kuzey\" \/>\n<meta property=\"og:description\" content=\"K\u0131br\u0131sl\u0131 ortaokul \u00f6\u011frencileri, geli\u015ftirdikleri sosyal fayda odakl\u0131 teknoloji projesiyle uluslararas\u0131 arenada b\u00fcy\u00fck bir ba\u015far\u0131ya imza att\u0131. Antalya\u2019da 22\u201326 Nisan 2026 tarihleri aras\u0131nda, 21 \u00fclkenin kat\u0131l\u0131m\u0131yla d\u00fczenlenen Fibonacci EuroAsia Championship\u2019te yar\u0131\u015fan Visionary Mind tak\u0131m\u0131, HealthTech Entrepreneurship kategorisinde geli\u015ftirdi\u011fi \u201cSenseAble\u201d adl\u0131 yapay zek\u00e2 destekli ak\u0131ll\u0131 \u015fapka projesiyle dikkatleri \u00fczerine \u00e7ekti. G\u00f6rme engelli bireylerin g\u00fcnl\u00fck ya\u015fam\u0131n\u0131 kolayla\u015ft\u0131rmay\u0131 hedefleyen [&hellip;]\" \/>\n<meta property=\"og:url\" content=\"https:\/\/haberkuzey.com\/index.php\/2026\/04\/29\/kibrisli-ortaokul-ogrencileri-dunyaya-acildi-gorme-engelliler-icin-gelistirdikleri-yapay-zekali-akilli-sapkayla-turkiyede-derece-kazanarak-avrupada-yarisma-sansi-elde-ettiler\/\" \/>\n<meta property=\"og:site_name\" content=\"Haber Kuzey\" \/>\n<meta property=\"article:published_time\" content=\"2026-04-29T11:37:49+00:00\" \/>\n<meta property=\"article:modified_time\" content=\"2026-04-29T11:37:59+00:00\" \/>\n<meta property=\"og:image\" content=\"https:\/\/haberkuzey.com\/wp-content\/uploads\/2026\/04\/WhatsApp-Image-2026-04-29-at-13.46.11.jpeg\" \/>\n\t<meta property=\"og:image:width\" content=\"1018\" \/>\n\t<meta property=\"og:image:height\" content=\"1600\" \/>\n\t<meta property=\"og:image:type\" content=\"image\/jpeg\" \/>\n<meta name=\"author\" content=\"haberkuzey\" \/>\n<meta name=\"twitter:card\" content=\"summary_large_image\" \/>\n<meta name=\"twitter:label1\" content=\"Yazan:\" \/>\n\t<meta name=\"twitter:data1\" content=\"haberkuzey\" \/>\n\t<meta name=\"twitter:label2\" content=\"Tahmini okuma s\u00fcresi\" \/>\n\t<meta name=\"twitter:data2\" content=\"2 dakika\" \/>\n<script type=\"application\/ld+json\" class=\"yoast-schema-graph\">{\"@context\":\"https:\\\/\\\/schema.org\",\"@graph\":[{\"@type\":\"Article\",\"@id\":\"https:\\\/\\\/haberkuzey.com\\\/index.php\\\/2026\\\/04\\\/29\\\/kibrisli-ortaokul-ogrencileri-dunyaya-acildi-gorme-engelliler-icin-gelistirdikleri-yapay-zekali-akilli-sapkayla-turkiyede-derece-kazanarak-avrupada-yarisma-sansi-elde-ettiler\\\/#article\",\"isPartOf\":{\"@id\":\"https:\\\/\\\/haberkuzey.com\\\/index.php\\\/2026\\\/04\\\/29\\\/kibrisli-ortaokul-ogrencileri-dunyaya-acildi-gorme-engelliler-icin-gelistirdikleri-yapay-zekali-akilli-sapkayla-turkiyede-derece-kazanarak-avrupada-yarisma-sansi-elde-ettiler\\\/\"},\"author\":{\"name\":\"haberkuzey\",\"@id\":\"https:\\\/\\\/haberkuzey.com\\\/#\\\/schema\\\/person\\\/3372109ec735f9333f4fa47ebb9605ca\"},\"headline\":\"K\u0131br\u0131sl\u0131 Ortaokul \u00d6\u011frencileri D\u00fcnyaya A\u00e7\u0131ld\u0131: G\u00f6rme Engelliler \u0130\u00e7in Geli\u015ftirdikleri Yapay Zek\u00e2l\u0131 Ak\u0131ll\u0131 \u015eapkayla T\u00fcrkiye\u2019de Derece Kazanarak Avrupa\u2019da Yar\u0131\u015fma \u015eans\u0131 Elde Ettiler\",\"datePublished\":\"2026-04-29T11:37:49+00:00\",\"dateModified\":\"2026-04-29T11:37:59+00:00\",\"mainEntityOfPage\":{\"@id\":\"https:\\\/\\\/haberkuzey.com\\\/index.php\\\/2026\\\/04\\\/29\\\/kibrisli-ortaokul-ogrencileri-dunyaya-acildi-gorme-engelliler-icin-gelistirdikleri-yapay-zekali-akilli-sapkayla-turkiyede-derece-kazanarak-avrupada-yarisma-sansi-elde-ettiler\\\/\"},\"wordCount\":382,\"commentCount\":0,\"image\":{\"@id\":\"https:\\\/\\\/haberkuzey.com\\\/index.php\\\/2026\\\/04\\\/29\\\/kibrisli-ortaokul-ogrencileri-dunyaya-acildi-gorme-engelliler-icin-gelistirdikleri-yapay-zekali-akilli-sapkayla-turkiyede-derece-kazanarak-avrupada-yarisma-sansi-elde-ettiler\\\/#primaryimage\"},\"thumbnailUrl\":\"https:\\\/\\\/haberkuzey.com\\\/wp-content\\\/uploads\\\/2026\\\/04\\\/WhatsApp-Image-2026-04-29-at-13.46.11.jpeg\",\"articleSection\":[\"K\u0131br\u0131s\"],\"inLanguage\":\"tr\",\"potentialAction\":[{\"@type\":\"CommentAction\",\"name\":\"Comment\",\"target\":[\"https:\\\/\\\/haberkuzey.com\\\/index.php\\\/2026\\\/04\\\/29\\\/kibrisli-ortaokul-ogrencileri-dunyaya-acildi-gorme-engelliler-icin-gelistirdikleri-yapay-zekali-akilli-sapkayla-turkiyede-derece-kazanarak-avrupada-yarisma-sansi-elde-ettiler\\\/#respond\"]}]},{\"@type\":\"WebPage\",\"@id\":\"https:\\\/\\\/haberkuzey.com\\\/index.php\\\/2026\\\/04\\\/29\\\/kibrisli-ortaokul-ogrencileri-dunyaya-acildi-gorme-engelliler-icin-gelistirdikleri-yapay-zekali-akilli-sapkayla-turkiyede-derece-kazanarak-avrupada-yarisma-sansi-elde-ettiler\\\/\",\"url\":\"https:\\\/\\\/haberkuzey.com\\\/index.php\\\/2026\\\/04\\\/29\\\/kibrisli-ortaokul-ogrencileri-dunyaya-acildi-gorme-engelliler-icin-gelistirdikleri-yapay-zekali-akilli-sapkayla-turkiyede-derece-kazanarak-avrupada-yarisma-sansi-elde-ettiler\\\/\",\"name\":\"K\u0131br\u0131sl\u0131 Ortaokul \u00d6\u011frencileri D\u00fcnyaya A\u00e7\u0131ld\u0131: G\u00f6rme Engelliler \u0130\u00e7in Geli\u015ftirdikleri Yapay Zek\u00e2l\u0131 Ak\u0131ll\u0131 \u015eapkayla T\u00fcrkiye\u2019de Derece Kazanarak Avrupa\u2019da Yar\u0131\u015fma \u015eans\u0131 Elde Ettiler - Haber Kuzey\",\"isPartOf\":{\"@id\":\"https:\\\/\\\/haberkuzey.com\\\/#website\"},\"primaryImageOfPage\":{\"@id\":\"https:\\\/\\\/haberkuzey.com\\\/index.php\\\/2026\\\/04\\\/29\\\/kibrisli-ortaokul-ogrencileri-dunyaya-acildi-gorme-engelliler-icin-gelistirdikleri-yapay-zekali-akilli-sapkayla-turkiyede-derece-kazanarak-avrupada-yarisma-sansi-elde-ettiler\\\/#primaryimage\"},\"image\":{\"@id\":\"https:\\\/\\\/haberkuzey.com\\\/index.php\\\/2026\\\/04\\\/29\\\/kibrisli-ortaokul-ogrencileri-dunyaya-acildi-gorme-engelliler-icin-gelistirdikleri-yapay-zekali-akilli-sapkayla-turkiyede-derece-kazanarak-avrupada-yarisma-sansi-elde-ettiler\\\/#primaryimage\"},\"thumbnailUrl\":\"https:\\\/\\\/haberkuzey.com\\\/wp-content\\\/uploads\\\/2026\\\/04\\\/WhatsApp-Image-2026-04-29-at-13.46.11.jpeg\",\"datePublished\":\"2026-04-29T11:37:49+00:00\",\"dateModified\":\"2026-04-29T11:37:59+00:00\",\"author\":{\"@id\":\"https:\\\/\\\/haberkuzey.com\\\/#\\\/schema\\\/person\\\/3372109ec735f9333f4fa47ebb9605ca\"},\"breadcrumb\":{\"@id\":\"https:\\\/\\\/haberkuzey.com\\\/index.php\\\/2026\\\/04\\\/29\\\/kibrisli-ortaokul-ogrencileri-dunyaya-acildi-gorme-engelliler-icin-gelistirdikleri-yapay-zekali-akilli-sapkayla-turkiyede-derece-kazanarak-avrupada-yarisma-sansi-elde-ettiler\\\/#breadcrumb\"},\"inLanguage\":\"tr\",\"potentialAction\":[{\"@type\":\"ReadAction\",\"target\":[\"https:\\\/\\\/haberkuzey.com\\\/index.php\\\/2026\\\/04\\\/29\\\/kibrisli-ortaokul-ogrencileri-dunyaya-acildi-gorme-engelliler-icin-gelistirdikleri-yapay-zekali-akilli-sapkayla-turkiyede-derece-kazanarak-avrupada-yarisma-sansi-elde-ettiler\\\/\"]}]},{\"@type\":\"ImageObject\",\"inLanguage\":\"tr\",\"@id\":\"https:\\\/\\\/haberkuzey.com\\\/index.php\\\/2026\\\/04\\\/29\\\/kibrisli-ortaokul-ogrencileri-dunyaya-acildi-gorme-engelliler-icin-gelistirdikleri-yapay-zekali-akilli-sapkayla-turkiyede-derece-kazanarak-avrupada-yarisma-sansi-elde-ettiler\\\/#primaryimage\",\"url\":\"https:\\\/\\\/haberkuzey.com\\\/wp-content\\\/uploads\\\/2026\\\/04\\\/WhatsApp-Image-2026-04-29-at-13.46.11.jpeg\",\"contentUrl\":\"https:\\\/\\\/haberkuzey.com\\\/wp-content\\\/uploads\\\/2026\\\/04\\\/WhatsApp-Image-2026-04-29-at-13.46.11.jpeg\",\"width\":1018,\"height\":1600},{\"@type\":\"BreadcrumbList\",\"@id\":\"https:\\\/\\\/haberkuzey.com\\\/index.php\\\/2026\\\/04\\\/29\\\/kibrisli-ortaokul-ogrencileri-dunyaya-acildi-gorme-engelliler-icin-gelistirdikleri-yapay-zekali-akilli-sapkayla-turkiyede-derece-kazanarak-avrupada-yarisma-sansi-elde-ettiler\\\/#breadcrumb\",\"itemListElement\":[{\"@type\":\"ListItem\",\"position\":1,\"name\":\"Anasayfa\",\"item\":\"https:\\\/\\\/haberkuzey.com\\\/\"},{\"@type\":\"ListItem\",\"position\":2,\"name\":\"K\u0131br\u0131sl\u0131 Ortaokul \u00d6\u011frencileri D\u00fcnyaya A\u00e7\u0131ld\u0131: G\u00f6rme Engelliler \u0130\u00e7in Geli\u015ftirdikleri Yapay Zek\u00e2l\u0131 Ak\u0131ll\u0131 \u015eapkayla T\u00fcrkiye\u2019de Derece Kazanarak Avrupa\u2019da Yar\u0131\u015fma \u015eans\u0131 Elde Ettiler\"}]},{\"@type\":\"WebSite\",\"@id\":\"https:\\\/\\\/haberkuzey.com\\\/#website\",\"url\":\"https:\\\/\\\/haberkuzey.com\\\/\",\"name\":\"Haber Kuzey\",\"description\":\"Do\u011fru Haberin Adresi\",\"potentialAction\":[{\"@type\":\"SearchAction\",\"target\":{\"@type\":\"EntryPoint\",\"urlTemplate\":\"https:\\\/\\\/haberkuzey.com\\\/?s={search_term_string}\"},\"query-input\":{\"@type\":\"PropertyValueSpecification\",\"valueRequired\":true,\"valueName\":\"search_term_string\"}}],\"inLanguage\":\"tr\"},{\"@type\":\"Person\",\"@id\":\"https:\\\/\\\/haberkuzey.com\\\/#\\\/schema\\\/person\\\/3372109ec735f9333f4fa47ebb9605ca\",\"name\":\"haberkuzey\",\"image\":{\"@type\":\"ImageObject\",\"inLanguage\":\"tr\",\"@id\":\"https:\\\/\\\/secure.gravatar.com\\\/avatar\\\/f5fc875574b1575324358c3b9e6a32b8227aa5b74f3fa22e3cadb63e26fcc39c?s=96&d=mm&r=g\",\"url\":\"https:\\\/\\\/secure.gravatar.com\\\/avatar\\\/f5fc875574b1575324358c3b9e6a32b8227aa5b74f3fa22e3cadb63e26fcc39c?s=96&d=mm&r=g\",\"contentUrl\":\"https:\\\/\\\/secure.gravatar.com\\\/avatar\\\/f5fc875574b1575324358c3b9e6a32b8227aa5b74f3fa22e3cadb63e26fcc39c?s=96&d=mm&r=g\",\"caption\":\"haberkuzey\"},\"sameAs\":[\"https:\\\/\\\/haberkuzey.com\"],\"url\":\"https:\\\/\\\/haberkuzey.com\\\/index.php\\\/author\\\/haberkuzey\\\/\"}]}<\/script>\n<!-- \/ Yoast SEO plugin. -->","yoast_head_json":{"title":"K\u0131br\u0131sl\u0131 Ortaokul \u00d6\u011frencileri D\u00fcnyaya A\u00e7\u0131ld\u0131: G\u00f6rme Engelliler \u0130\u00e7in Geli\u015ftirdikleri Yapay Zek\u00e2l\u0131 Ak\u0131ll\u0131 \u015eapkayla T\u00fcrkiye\u2019de Derece Kazanarak Avrupa\u2019da Yar\u0131\u015fma \u015eans\u0131 Elde Ettiler - Haber Kuzey","robots":{"index":"index","follow":"follow","max-snippet":"max-snippet:-1","max-image-preview":"max-image-preview:large","max-video-preview":"max-video-preview:-1"},"canonical":"https:\/\/haberkuzey.com\/index.php\/2026\/04\/29\/kibrisli-ortaokul-ogrencileri-dunyaya-acildi-gorme-engelliler-icin-gelistirdikleri-yapay-zekali-akilli-sapkayla-turkiyede-derece-kazanarak-avrupada-yarisma-sansi-elde-ettiler\/","og_locale":"tr_TR","og_type":"article","og_title":"K\u0131br\u0131sl\u0131 Ortaokul \u00d6\u011frencileri D\u00fcnyaya A\u00e7\u0131ld\u0131: G\u00f6rme Engelliler \u0130\u00e7in Geli\u015ftirdikleri Yapay Zek\u00e2l\u0131 Ak\u0131ll\u0131 \u015eapkayla T\u00fcrkiye\u2019de Derece Kazanarak Avrupa\u2019da Yar\u0131\u015fma \u015eans\u0131 Elde Ettiler - Haber Kuzey","og_description":"K\u0131br\u0131sl\u0131 ortaokul \u00f6\u011frencileri, geli\u015ftirdikleri sosyal fayda odakl\u0131 teknoloji projesiyle uluslararas\u0131 arenada b\u00fcy\u00fck bir ba\u015far\u0131ya imza att\u0131. Antalya\u2019da 22\u201326 Nisan 2026 tarihleri aras\u0131nda, 21 \u00fclkenin kat\u0131l\u0131m\u0131yla d\u00fczenlenen Fibonacci EuroAsia Championship\u2019te yar\u0131\u015fan Visionary Mind tak\u0131m\u0131, HealthTech Entrepreneurship kategorisinde geli\u015ftirdi\u011fi \u201cSenseAble\u201d adl\u0131 yapay zek\u00e2 destekli ak\u0131ll\u0131 \u015fapka projesiyle dikkatleri \u00fczerine \u00e7ekti. G\u00f6rme engelli bireylerin g\u00fcnl\u00fck ya\u015fam\u0131n\u0131 kolayla\u015ft\u0131rmay\u0131 hedefleyen [&hellip;]","og_url":"https:\/\/haberkuzey.com\/index.php\/2026\/04\/29\/kibrisli-ortaokul-ogrencileri-dunyaya-acildi-gorme-engelliler-icin-gelistirdikleri-yapay-zekali-akilli-sapkayla-turkiyede-derece-kazanarak-avrupada-yarisma-sansi-elde-ettiler\/","og_site_name":"Haber Kuzey","article_published_time":"2026-04-29T11:37:49+00:00","article_modified_time":"2026-04-29T11:37:59+00:00","og_image":[{"width":1018,"height":1600,"url":"https:\/\/haberkuzey.com\/wp-content\/uploads\/2026\/04\/WhatsApp-Image-2026-04-29-at-13.46.11.jpeg","type":"image\/jpeg"}],"author":"haberkuzey","twitter_card":"summary_large_image","twitter_misc":{"Yazan:":"haberkuzey","Tahmini okuma s\u00fcresi":"2 dakika"},"schema":{"@context":"https:\/\/schema.org","@graph":[{"@type":"Article","@id":"https:\/\/haberkuzey.com\/index.php\/2026\/04\/29\/kibrisli-ortaokul-ogrencileri-dunyaya-acildi-gorme-engelliler-icin-gelistirdikleri-yapay-zekali-akilli-sapkayla-turkiyede-derece-kazanarak-avrupada-yarisma-sansi-elde-ettiler\/#article","isPartOf":{"@id":"https:\/\/haberkuzey.com\/index.php\/2026\/04\/29\/kibrisli-ortaokul-ogrencileri-dunyaya-acildi-gorme-engelliler-icin-gelistirdikleri-yapay-zekali-akilli-sapkayla-turkiyede-derece-kazanarak-avrupada-yarisma-sansi-elde-ettiler\/"},"author":{"name":"haberkuzey","@id":"https:\/\/haberkuzey.com\/#\/schema\/person\/3372109ec735f9333f4fa47ebb9605ca"},"headline":"K\u0131br\u0131sl\u0131 Ortaokul \u00d6\u011frencileri D\u00fcnyaya A\u00e7\u0131ld\u0131: G\u00f6rme Engelliler \u0130\u00e7in Geli\u015ftirdikleri Yapay Zek\u00e2l\u0131 Ak\u0131ll\u0131 \u015eapkayla T\u00fcrkiye\u2019de Derece Kazanarak Avrupa\u2019da Yar\u0131\u015fma \u015eans\u0131 Elde Ettiler","datePublished":"2026-04-29T11:37:49+00:00","dateModified":"2026-04-29T11:37:59+00:00","mainEntityOfPage":{"@id":"https:\/\/haberkuzey.com\/index.php\/2026\/04\/29\/kibrisli-ortaokul-ogrencileri-dunyaya-acildi-gorme-engelliler-icin-gelistirdikleri-yapay-zekali-akilli-sapkayla-turkiyede-derece-kazanarak-avrupada-yarisma-sansi-elde-ettiler\/"},"wordCount":382,"commentCount":0,"image":{"@id":"https:\/\/haberkuzey.com\/index.php\/2026\/04\/29\/kibrisli-ortaokul-ogrencileri-dunyaya-acildi-gorme-engelliler-icin-gelistirdikleri-yapay-zekali-akilli-sapkayla-turkiyede-derece-kazanarak-avrupada-yarisma-sansi-elde-ettiler\/#primaryimage"},"thumbnailUrl":"https:\/\/haberkuzey.com\/wp-content\/uploads\/2026\/04\/WhatsApp-Image-2026-04-29-at-13.46.11.jpeg","articleSection":["K\u0131br\u0131s"],"inLanguage":"tr","potentialAction":[{"@type":"CommentAction","name":"Comment","target":["https:\/\/haberkuzey.com\/index.php\/2026\/04\/29\/kibrisli-ortaokul-ogrencileri-dunyaya-acildi-gorme-engelliler-icin-gelistirdikleri-yapay-zekali-akilli-sapkayla-turkiyede-derece-kazanarak-avrupada-yarisma-sansi-elde-ettiler\/#respond"]}]},{"@type":"WebPage","@id":"https:\/\/haberkuzey.com\/index.php\/2026\/04\/29\/kibrisli-ortaokul-ogrencileri-dunyaya-acildi-gorme-engelliler-icin-gelistirdikleri-yapay-zekali-akilli-sapkayla-turkiyede-derece-kazanarak-avrupada-yarisma-sansi-elde-ettiler\/","url":"https:\/\/haberkuzey.com\/index.php\/2026\/04\/29\/kibrisli-ortaokul-ogrencileri-dunyaya-acildi-gorme-engelliler-icin-gelistirdikleri-yapay-zekali-akilli-sapkayla-turkiyede-derece-kazanarak-avrupada-yarisma-sansi-elde-ettiler\/","name":"K\u0131br\u0131sl\u0131 Ortaokul \u00d6\u011frencileri D\u00fcnyaya A\u00e7\u0131ld\u0131: G\u00f6rme Engelliler \u0130\u00e7in Geli\u015ftirdikleri Yapay Zek\u00e2l\u0131 Ak\u0131ll\u0131 \u015eapkayla T\u00fcrkiye\u2019de Derece Kazanarak Avrupa\u2019da Yar\u0131\u015fma \u015eans\u0131 Elde Ettiler - Haber Kuzey","isPartOf":{"@id":"https:\/\/haberkuzey.com\/#website"},"primaryImageOfPage":{"@id":"https:\/\/haberkuzey.com\/index.php\/2026\/04\/29\/kibrisli-ortaokul-ogrencileri-dunyaya-acildi-gorme-engelliler-icin-gelistirdikleri-yapay-zekali-akilli-sapkayla-turkiyede-derece-kazanarak-avrupada-yarisma-sansi-elde-ettiler\/#primaryimage"},"image":{"@id":"https:\/\/haberkuzey.com\/index.php\/2026\/04\/29\/kibrisli-ortaokul-ogrencileri-dunyaya-acildi-gorme-engelliler-icin-gelistirdikleri-yapay-zekali-akilli-sapkayla-turkiyede-derece-kazanarak-avrupada-yarisma-sansi-elde-ettiler\/#primaryimage"},"thumbnailUrl":"https:\/\/haberkuzey.com\/wp-content\/uploads\/2026\/04\/WhatsApp-Image-2026-04-29-at-13.46.11.jpeg","datePublished":"2026-04-29T11:37:49+00:00","dateModified":"2026-04-29T11:37:59+00:00","author":{"@id":"https:\/\/haberkuzey.com\/#\/schema\/person\/3372109ec735f9333f4fa47ebb9605ca"},"breadcrumb":{"@id":"https:\/\/haberkuzey.com\/index.php\/2026\/04\/29\/kibrisli-ortaokul-ogrencileri-dunyaya-acildi-gorme-engelliler-icin-gelistirdikleri-yapay-zekali-akilli-sapkayla-turkiyede-derece-kazanarak-avrupada-yarisma-sansi-elde-ettiler\/#breadcrumb"},"inLanguage":"tr","potentialAction":[{"@type":"ReadAction","target":["https:\/\/haberkuzey.com\/index.php\/2026\/04\/29\/kibrisli-ortaokul-ogrencileri-dunyaya-acildi-gorme-engelliler-icin-gelistirdikleri-yapay-zekali-akilli-sapkayla-turkiyede-derece-kazanarak-avrupada-yarisma-sansi-elde-ettiler\/"]}]},{"@type":"ImageObject","inLanguage":"tr","@id":"https:\/\/haberkuzey.com\/index.php\/2026\/04\/29\/kibrisli-ortaokul-ogrencileri-dunyaya-acildi-gorme-engelliler-icin-gelistirdikleri-yapay-zekali-akilli-sapkayla-turkiyede-derece-kazanarak-avrupada-yarisma-sansi-elde-ettiler\/#primaryimage","url":"https:\/\/haberkuzey.com\/wp-content\/uploads\/2026\/04\/WhatsApp-Image-2026-04-29-at-13.46.11.jpeg","contentUrl":"https:\/\/haberkuzey.com\/wp-content\/uploads\/2026\/04\/WhatsApp-Image-2026-04-29-at-13.46.11.jpeg","width":1018,"height":1600},{"@type":"BreadcrumbList","@id":"https:\/\/haberkuzey.com\/index.php\/2026\/04\/29\/kibrisli-ortaokul-ogrencileri-dunyaya-acildi-gorme-engelliler-icin-gelistirdikleri-yapay-zekali-akilli-sapkayla-turkiyede-derece-kazanarak-avrupada-yarisma-sansi-elde-ettiler\/#breadcrumb","itemListElement":[{"@type":"ListItem","position":1,"name":"Anasayfa","item":"https:\/\/haberkuzey.com\/"},{"@type":"ListItem","position":2,"name":"K\u0131br\u0131sl\u0131 Ortaokul \u00d6\u011frencileri D\u00fcnyaya A\u00e7\u0131ld\u0131: G\u00f6rme Engelliler \u0130\u00e7in Geli\u015ftirdikleri Yapay Zek\u00e2l\u0131 Ak\u0131ll\u0131 \u015eapkayla T\u00fcrkiye\u2019de Derece Kazanarak Avrupa\u2019da Yar\u0131\u015fma \u015eans\u0131 Elde Ettiler"}]},{"@type":"WebSite","@id":"https:\/\/haberkuzey.com\/#website","url":"https:\/\/haberkuzey.com\/","name":"Haber Kuzey","description":"Do\u011fru Haberin Adresi","potentialAction":[{"@type":"SearchAction","target":{"@type":"EntryPoint","urlTemplate":"https:\/\/haberkuzey.com\/?s={search_term_string}"},"query-input":{"@type":"PropertyValueSpecification","valueRequired":true,"valueName":"search_term_string"}}],"inLanguage":"tr"},{"@type":"Person","@id":"https:\/\/haberkuzey.com\/#\/schema\/person\/3372109ec735f9333f4fa47ebb9605ca","name":"haberkuzey","image":{"@type":"ImageObject","inLanguage":"tr","@id":"https:\/\/secure.gravatar.com\/avatar\/f5fc875574b1575324358c3b9e6a32b8227aa5b74f3fa22e3cadb63e26fcc39c?s=96&d=mm&r=g","url":"https:\/\/secure.gravatar.com\/avatar\/f5fc875574b1575324358c3b9e6a32b8227aa5b74f3fa22e3cadb63e26fcc39c?s=96&d=mm&r=g","contentUrl":"https:\/\/secure.gravatar.com\/avatar\/f5fc875574b1575324358c3b9e6a32b8227aa5b74f3fa22e3cadb63e26fcc39c?s=96&d=mm&r=g","caption":"haberkuzey"},"sameAs":["https:\/\/haberkuzey.com"],"url":"https:\/\/haberkuzey.com\/index.php\/author\/haberkuzey\/"}]}},"_links":{"self":[{"href":"https:\/\/haberkuzey.com\/index.php\/wp-json\/wp\/v2\/posts\/36776","targetHints":{"allow":["GET"]}}],"collection":[{"href":"https:\/\/haberkuzey.com\/index.php\/wp-json\/wp\/v2\/posts"}],"about":[{"href":"https:\/\/haberkuzey.com\/index.php\/wp-json\/wp\/v2\/types\/post"}],"author":[{"embeddable":true,"href":"https:\/\/haberkuzey.com\/index.php\/wp-json\/wp\/v2\/users\/1"}],"replies":[{"embeddable":true,"href":"https:\/\/haberkuzey.com\/index.php\/wp-json\/wp\/v2\/comments?post=36776"}],"version-history":[{"count":1,"href":"https:\/\/haberkuzey.com\/index.php\/wp-json\/wp\/v2\/posts\/36776\/revisions"}],"predecessor-version":[{"id":36778,"href":"https:\/\/haberkuzey.com\/index.php\/wp-json\/wp\/v2\/posts\/36776\/revisions\/36778"}],"wp:featuredmedia":[{"embeddable":true,"href":"https:\/\/haberkuzey.com\/index.php\/wp-json\/wp\/v2\/media\/36777"}],"wp:attachment":[{"href":"https:\/\/haberkuzey.com\/index.php\/wp-json\/wp\/v2\/media?parent=36776"}],"wp:term":[{"taxonomy":"category","embeddable":true,"href":"https:\/\/haberkuzey.com\/index.php\/wp-json\/wp\/v2\/categories?post=36776"},{"taxonomy":"post_tag","embeddable":true,"href":"https:\/\/haberkuzey.com\/index.php\/wp-json\/wp\/v2\/tags?post=36776"}],"curies":[{"name":"wp","href":"https:\/\/api.w.org\/{rel}","templated":true}]}}