{"id":36730,"date":"2026-04-29T11:57:49","date_gmt":"2026-04-29T08:57:49","guid":{"rendered":"https:\/\/haberkuzey.com\/index.php\/2026\/04\/29\/orta-dogudaki-savasin-abye-enerji-faturasi-27-milyar-euroyu-asti\/"},"modified":"2026-04-29T11:57:49","modified_gmt":"2026-04-29T08:57:49","slug":"orta-dogudaki-savasin-abye-enerji-faturasi-27-milyar-euroyu-asti","status":"publish","type":"post","link":"https:\/\/haberkuzey.com\/index.php\/2026\/04\/29\/orta-dogudaki-savasin-abye-enerji-faturasi-27-milyar-euroyu-asti\/","title":{"rendered":"Orta Do\u011fu&#8217;daki sava\u015f\u0131n AB&#8217;ye enerji faturas\u0131 27 milyar euroyu a\u015ft\u0131"},"content":{"rendered":"<p><\/p>\n<div>\n<p>&#13;<br \/>\n\tVon der Leyen, Strazburg\u2019da d\u00fczenlenen Avrupa Parlamentosu (AP) Genel Kurul oturumunda konu\u015ftu.<\/p>\n<p>&#13;<br \/>\n\tAB\u2019nin Ukrayna\u2019ya sa\u011flayaca\u011f\u0131 90 milyar euroluk krediye ili\u015fkin de\u011ferlendirmede bulunan von der Leyen, \u201c2026 y\u0131l\u0131 i\u00e7in 45 milyar euroluk ilk dilimi bu \u00e7eyrekte da\u011f\u0131taca\u011f\u0131z. Bunun \u00fc\u00e7te biri b\u00fct\u00e7e ihtiya\u00e7lar\u0131 i\u00e7in, \u00fc\u00e7te ikisi ise Ukrayna\u2019n\u0131n savunmas\u0131 i\u00e7in olacak.\u201d dedi.<\/p>\n<p>&#13;<br \/>\n\tVon der Leyen, paket kapsam\u0131nda Ukrayna\u2019da 6 milyar euro tutar\u0131nda dron \u00fcretilece\u011fini belirterek, Ukrayna\u2019ya deste\u011fin s\u00fcrece\u011fini ifade etti.<\/p>\n<p>&#13;<br \/>\n\tAB\u2019nin Rusya\u2019ya y\u00f6nelik 20\u2019nci yapt\u0131r\u0131m paketini de kabul etti\u011fini an\u0131msatan von der Leyen, sava\u015f\u0131n bedelini Rus halk\u0131n\u0131n \u00f6dedi\u011fini belirtti.<\/p>\n<p>&#13;<br \/>\n\tVon der Leyen, Kremlin\u2019in internet ve \u00f6zg\u00fcr ileti\u015fimi k\u0131s\u0131tlad\u0131\u011f\u0131n\u0131 belirterek, \u201cRuslar, bir kez daha dijital bir \u2018demir perde\u2019nin ard\u0131nda ya\u015fad\u0131klar\u0131n\u0131 hissediyorlar. Ancak tarihin bize \u00f6\u011fretti\u011fi bir ders varsa, o da t\u00fcm duvarlar\u0131n sonunda y\u0131k\u0131laca\u011f\u0131d\u0131r.\u201d diye konu\u015ftu.<\/p>\n<p>&#13;<br \/>\n\tOrta Do\u011fu\u2019daki sava\u015f\u0131n ba\u015flamas\u0131n\u0131n \u00fczerinden tam 2 ay ge\u00e7ti\u011fini ve haftalarca s\u00fcren \u015fiddetin ard\u0131ndan nihayet bir sakinlik d\u00f6nemine tan\u0131k olundu\u011funu hat\u0131rlatan von der Leyen, \u201cOrtak hedefimiz, sava\u015fa kal\u0131c\u0131 bir son vermektir. Bu, H\u00fcrm\u00fcz Bo\u011faz\u0131\u2019nda ge\u00e7i\u015f \u00fccreti al\u0131nmadan tam ve kal\u0131c\u0131 seyr\u00fcsefer \u00f6zg\u00fcrl\u00fc\u011f\u00fcn\u00fcn yeniden sa\u011flanmas\u0131n\u0131 da i\u00e7erir. Herhangi bir bar\u0131\u015f anla\u015fmas\u0131n\u0131n \u0130ran\u2019\u0131n n\u00fckleer ve balistik f\u00fcze program\u0131n\u0131 ele almas\u0131 gerekti\u011fi de a\u00e7\u0131kt\u0131r. Ancak hepimizin y\u00fczle\u015fmesi gereken ac\u0131 bir ger\u00e7ek de var. Bu \u00e7at\u0131\u015fman\u0131n sonu\u00e7lar\u0131 aylarca, hatta y\u0131llarca yank\u0131lanabilir.\u201d de\u011ferlendirmesinde bulundu.<\/p>\n<p>&#13;<br \/>\n\tVon der Leyen, enerji konusunun AB liderlerinin g\u00fcndeminde \u00fcst s\u0131ralarda yer ald\u0131\u011f\u0131n\u0131 an\u0131msatarak, \u201cBu, 4 y\u0131l gibi k\u0131sa bir s\u00fcre i\u00e7inde ya\u015fanan ikinci b\u00fcy\u00fck enerji krizi. \u0130thal enerjiye a\u015f\u0131r\u0131 ba\u011f\u0131ml\u0131 olamay\u0131z.\u201d dedi.<\/p>\n<p>&#13;<br \/>\n\t\u201cSadece 60 g\u00fcnl\u00fck \u00e7at\u0131\u015fmada fosil yak\u0131t ithalat faturam\u0131z 27 milyar eurodan fazla artt\u0131.\u201d diyen von der Leyen, ithal fosil yak\u0131tlara olan a\u015f\u0131r\u0131 ba\u011f\u0131ml\u0131l\u0131\u011f\u0131 azaltmalar\u0131, yenilenebilir ve n\u00fckleer gibi yerli, uygun maliyetli, temiz enerji arz\u0131n\u0131 art\u0131rmalar\u0131 gerekti\u011fini vurgulad\u0131.<\/p>\n<p>&#13;<br \/>\n\tVon der Leyen, AB \u00fclkeleri aras\u0131nda yak\u0131t rezervleri konusunda daha g\u00fc\u00e7l\u00fc koordinasyona ihtiya\u00e7 duyuldu\u011funu belirterek, \u201cSadece ulusal do\u011fal gaz depolar\u0131n\u0131n doldurulmas\u0131nda de\u011fil, \u00f6zellikle piyasalar\u0131n darald\u0131\u011f\u0131 jet yak\u0131t\u0131 ve dizel gibi \u00fcr\u00fcn rezervleri s\u00f6z konusu oldu\u011funda da daha g\u00fc\u00e7l\u00fc bir koordinasyon teklif ettik.\u201d diye konu\u015ftu.<\/p>\n<\/p><\/div>\n","protected":false},"excerpt":{"rendered":"<p>&#13; Von der Leyen, Strazburg\u2019da d\u00fczenlenen Avrupa Parlamentosu (AP) Genel Kurul oturumunda konu\u015ftu. &#13; AB\u2019nin Ukrayna\u2019ya sa\u011flayaca\u011f\u0131 90 milyar euroluk krediye ili\u015fkin de\u011ferlendirmede bulunan von der Leyen, \u201c2026 y\u0131l\u0131 i\u00e7in 45 milyar euroluk ilk dilimi bu \u00e7eyrekte da\u011f\u0131taca\u011f\u0131z. Bunun \u00fc\u00e7te biri b\u00fct\u00e7e ihtiya\u00e7lar\u0131 i\u00e7in, \u00fc\u00e7te ikisi ise Ukrayna\u2019n\u0131n savunmas\u0131 i\u00e7in olacak.\u201d dedi. &#13; Von der [&hellip;]<\/p>\n","protected":false},"author":1,"featured_media":36731,"comment_status":"open","ping_status":"open","sticky":false,"template":"","format":"standard","meta":{"jnews-multi-image_gallery":[],"jnews_single_post":[],"jnews_primary_category":[],"footnotes":""},"categories":[2],"tags":[],"class_list":["post-36730","post","type-post","status-publish","format-standard","has-post-thumbnail","hentry","category-dunya"],"yoast_head":"<!-- This site is optimized with the Yoast SEO plugin v27.5 - https:\/\/yoast.com\/product\/yoast-seo-wordpress\/ -->\n<title>Orta Do\u011fu&#039;daki sava\u015f\u0131n AB&#039;ye enerji faturas\u0131 27 milyar euroyu a\u015ft\u0131 - Haber Kuzey<\/title>\n<meta name=\"robots\" content=\"index, follow, max-snippet:-1, max-image-preview:large, max-video-preview:-1\" \/>\n<link rel=\"canonical\" href=\"https:\/\/haberkuzey.com\/index.php\/2026\/04\/29\/orta-dogudaki-savasin-abye-enerji-faturasi-27-milyar-euroyu-asti\/\" \/>\n<meta property=\"og:locale\" content=\"tr_TR\" \/>\n<meta property=\"og:type\" content=\"article\" \/>\n<meta property=\"og:title\" content=\"Orta Do\u011fu&#039;daki sava\u015f\u0131n AB&#039;ye enerji faturas\u0131 27 milyar euroyu a\u015ft\u0131 - Haber Kuzey\" \/>\n<meta property=\"og:description\" content=\"&#013; Von der Leyen, Strazburg\u2019da d\u00fczenlenen Avrupa Parlamentosu (AP) Genel Kurul oturumunda konu\u015ftu. &#013; AB\u2019nin Ukrayna\u2019ya sa\u011flayaca\u011f\u0131 90 milyar euroluk krediye ili\u015fkin de\u011ferlendirmede bulunan von der Leyen, \u201c2026 y\u0131l\u0131 i\u00e7in 45 milyar euroluk ilk dilimi bu \u00e7eyrekte da\u011f\u0131taca\u011f\u0131z. Bunun \u00fc\u00e7te biri b\u00fct\u00e7e ihtiya\u00e7lar\u0131 i\u00e7in, \u00fc\u00e7te ikisi ise Ukrayna\u2019n\u0131n savunmas\u0131 i\u00e7in olacak.\u201d dedi. &#013; Von der [&hellip;]\" \/>\n<meta property=\"og:url\" content=\"https:\/\/haberkuzey.com\/index.php\/2026\/04\/29\/orta-dogudaki-savasin-abye-enerji-faturasi-27-milyar-euroyu-asti\/\" \/>\n<meta property=\"og:site_name\" content=\"Haber Kuzey\" \/>\n<meta property=\"article:published_time\" content=\"2026-04-29T08:57:49+00:00\" \/>\n<meta property=\"og:image\" content=\"https:\/\/trthaberstatic.cdn.wp.trt.com.tr\/resimler\/1912000\/ab-enerji-1912471.jpg\" \/>\n<meta name=\"author\" content=\"haberkuzey\" \/>\n<meta name=\"twitter:card\" content=\"summary_large_image\" \/>\n<meta name=\"twitter:label1\" content=\"Yazan:\" \/>\n\t<meta name=\"twitter:data1\" content=\"haberkuzey\" \/>\n\t<meta name=\"twitter:label2\" content=\"Tahmini okuma s\u00fcresi\" \/>\n\t<meta name=\"twitter:data2\" content=\"2 dakika\" \/>\n<script type=\"application\/ld+json\" class=\"yoast-schema-graph\">{\"@context\":\"https:\\\/\\\/schema.org\",\"@graph\":[{\"@type\":\"Article\",\"@id\":\"https:\\\/\\\/haberkuzey.com\\\/index.php\\\/2026\\\/04\\\/29\\\/orta-dogudaki-savasin-abye-enerji-faturasi-27-milyar-euroyu-asti\\\/#article\",\"isPartOf\":{\"@id\":\"https:\\\/\\\/haberkuzey.com\\\/index.php\\\/2026\\\/04\\\/29\\\/orta-dogudaki-savasin-abye-enerji-faturasi-27-milyar-euroyu-asti\\\/\"},\"author\":{\"name\":\"haberkuzey\",\"@id\":\"https:\\\/\\\/haberkuzey.com\\\/#\\\/schema\\\/person\\\/3372109ec735f9333f4fa47ebb9605ca\"},\"headline\":\"Orta Do\u011fu&#8217;daki sava\u015f\u0131n AB&#8217;ye enerji faturas\u0131 27 milyar euroyu a\u015ft\u0131\",\"datePublished\":\"2026-04-29T08:57:49+00:00\",\"mainEntityOfPage\":{\"@id\":\"https:\\\/\\\/haberkuzey.com\\\/index.php\\\/2026\\\/04\\\/29\\\/orta-dogudaki-savasin-abye-enerji-faturasi-27-milyar-euroyu-asti\\\/\"},\"wordCount\":470,\"commentCount\":0,\"image\":{\"@id\":\"https:\\\/\\\/haberkuzey.com\\\/index.php\\\/2026\\\/04\\\/29\\\/orta-dogudaki-savasin-abye-enerji-faturasi-27-milyar-euroyu-asti\\\/#primaryimage\"},\"thumbnailUrl\":\"https:\\\/\\\/haberkuzey.com\\\/wp-content\\\/uploads\\\/2026\\\/04\\\/ab-enerji-1912471.jpg\",\"articleSection\":[\"D\u00fcnya\"],\"inLanguage\":\"tr\",\"potentialAction\":[{\"@type\":\"CommentAction\",\"name\":\"Comment\",\"target\":[\"https:\\\/\\\/haberkuzey.com\\\/index.php\\\/2026\\\/04\\\/29\\\/orta-dogudaki-savasin-abye-enerji-faturasi-27-milyar-euroyu-asti\\\/#respond\"]}]},{\"@type\":\"WebPage\",\"@id\":\"https:\\\/\\\/haberkuzey.com\\\/index.php\\\/2026\\\/04\\\/29\\\/orta-dogudaki-savasin-abye-enerji-faturasi-27-milyar-euroyu-asti\\\/\",\"url\":\"https:\\\/\\\/haberkuzey.com\\\/index.php\\\/2026\\\/04\\\/29\\\/orta-dogudaki-savasin-abye-enerji-faturasi-27-milyar-euroyu-asti\\\/\",\"name\":\"Orta Do\u011fu'daki sava\u015f\u0131n AB'ye enerji faturas\u0131 27 milyar euroyu a\u015ft\u0131 - Haber Kuzey\",\"isPartOf\":{\"@id\":\"https:\\\/\\\/haberkuzey.com\\\/#website\"},\"primaryImageOfPage\":{\"@id\":\"https:\\\/\\\/haberkuzey.com\\\/index.php\\\/2026\\\/04\\\/29\\\/orta-dogudaki-savasin-abye-enerji-faturasi-27-milyar-euroyu-asti\\\/#primaryimage\"},\"image\":{\"@id\":\"https:\\\/\\\/haberkuzey.com\\\/index.php\\\/2026\\\/04\\\/29\\\/orta-dogudaki-savasin-abye-enerji-faturasi-27-milyar-euroyu-asti\\\/#primaryimage\"},\"thumbnailUrl\":\"https:\\\/\\\/haberkuzey.com\\\/wp-content\\\/uploads\\\/2026\\\/04\\\/ab-enerji-1912471.jpg\",\"datePublished\":\"2026-04-29T08:57:49+00:00\",\"author\":{\"@id\":\"https:\\\/\\\/haberkuzey.com\\\/#\\\/schema\\\/person\\\/3372109ec735f9333f4fa47ebb9605ca\"},\"breadcrumb\":{\"@id\":\"https:\\\/\\\/haberkuzey.com\\\/index.php\\\/2026\\\/04\\\/29\\\/orta-dogudaki-savasin-abye-enerji-faturasi-27-milyar-euroyu-asti\\\/#breadcrumb\"},\"inLanguage\":\"tr\",\"potentialAction\":[{\"@type\":\"ReadAction\",\"target\":[\"https:\\\/\\\/haberkuzey.com\\\/index.php\\\/2026\\\/04\\\/29\\\/orta-dogudaki-savasin-abye-enerji-faturasi-27-milyar-euroyu-asti\\\/\"]}]},{\"@type\":\"ImageObject\",\"inLanguage\":\"tr\",\"@id\":\"https:\\\/\\\/haberkuzey.com\\\/index.php\\\/2026\\\/04\\\/29\\\/orta-dogudaki-savasin-abye-enerji-faturasi-27-milyar-euroyu-asti\\\/#primaryimage\",\"url\":\"https:\\\/\\\/haberkuzey.com\\\/wp-content\\\/uploads\\\/2026\\\/04\\\/ab-enerji-1912471.jpg\",\"contentUrl\":\"https:\\\/\\\/haberkuzey.com\\\/wp-content\\\/uploads\\\/2026\\\/04\\\/ab-enerji-1912471.jpg\",\"width\":1280,\"height\":720},{\"@type\":\"BreadcrumbList\",\"@id\":\"https:\\\/\\\/haberkuzey.com\\\/index.php\\\/2026\\\/04\\\/29\\\/orta-dogudaki-savasin-abye-enerji-faturasi-27-milyar-euroyu-asti\\\/#breadcrumb\",\"itemListElement\":[{\"@type\":\"ListItem\",\"position\":1,\"name\":\"Anasayfa\",\"item\":\"https:\\\/\\\/haberkuzey.com\\\/\"},{\"@type\":\"ListItem\",\"position\":2,\"name\":\"Orta Do\u011fu&#8217;daki sava\u015f\u0131n AB&#8217;ye enerji faturas\u0131 27 milyar euroyu a\u015ft\u0131\"}]},{\"@type\":\"WebSite\",\"@id\":\"https:\\\/\\\/haberkuzey.com\\\/#website\",\"url\":\"https:\\\/\\\/haberkuzey.com\\\/\",\"name\":\"Haber Kuzey\",\"description\":\"Do\u011fru Haberin Adresi\",\"potentialAction\":[{\"@type\":\"SearchAction\",\"target\":{\"@type\":\"EntryPoint\",\"urlTemplate\":\"https:\\\/\\\/haberkuzey.com\\\/?s={search_term_string}\"},\"query-input\":{\"@type\":\"PropertyValueSpecification\",\"valueRequired\":true,\"valueName\":\"search_term_string\"}}],\"inLanguage\":\"tr\"},{\"@type\":\"Person\",\"@id\":\"https:\\\/\\\/haberkuzey.com\\\/#\\\/schema\\\/person\\\/3372109ec735f9333f4fa47ebb9605ca\",\"name\":\"haberkuzey\",\"image\":{\"@type\":\"ImageObject\",\"inLanguage\":\"tr\",\"@id\":\"https:\\\/\\\/secure.gravatar.com\\\/avatar\\\/f5fc875574b1575324358c3b9e6a32b8227aa5b74f3fa22e3cadb63e26fcc39c?s=96&d=mm&r=g\",\"url\":\"https:\\\/\\\/secure.gravatar.com\\\/avatar\\\/f5fc875574b1575324358c3b9e6a32b8227aa5b74f3fa22e3cadb63e26fcc39c?s=96&d=mm&r=g\",\"contentUrl\":\"https:\\\/\\\/secure.gravatar.com\\\/avatar\\\/f5fc875574b1575324358c3b9e6a32b8227aa5b74f3fa22e3cadb63e26fcc39c?s=96&d=mm&r=g\",\"caption\":\"haberkuzey\"},\"sameAs\":[\"https:\\\/\\\/haberkuzey.com\"],\"url\":\"https:\\\/\\\/haberkuzey.com\\\/index.php\\\/author\\\/haberkuzey\\\/\"}]}<\/script>\n<!-- \/ Yoast SEO plugin. -->","yoast_head_json":{"title":"Orta Do\u011fu'daki sava\u015f\u0131n AB'ye enerji faturas\u0131 27 milyar euroyu a\u015ft\u0131 - Haber Kuzey","robots":{"index":"index","follow":"follow","max-snippet":"max-snippet:-1","max-image-preview":"max-image-preview:large","max-video-preview":"max-video-preview:-1"},"canonical":"https:\/\/haberkuzey.com\/index.php\/2026\/04\/29\/orta-dogudaki-savasin-abye-enerji-faturasi-27-milyar-euroyu-asti\/","og_locale":"tr_TR","og_type":"article","og_title":"Orta Do\u011fu'daki sava\u015f\u0131n AB'ye enerji faturas\u0131 27 milyar euroyu a\u015ft\u0131 - Haber Kuzey","og_description":"&#13; Von der Leyen, Strazburg\u2019da d\u00fczenlenen Avrupa Parlamentosu (AP) Genel Kurul oturumunda konu\u015ftu. &#13; AB\u2019nin Ukrayna\u2019ya sa\u011flayaca\u011f\u0131 90 milyar euroluk krediye ili\u015fkin de\u011ferlendirmede bulunan von der Leyen, \u201c2026 y\u0131l\u0131 i\u00e7in 45 milyar euroluk ilk dilimi bu \u00e7eyrekte da\u011f\u0131taca\u011f\u0131z. Bunun \u00fc\u00e7te biri b\u00fct\u00e7e ihtiya\u00e7lar\u0131 i\u00e7in, \u00fc\u00e7te ikisi ise Ukrayna\u2019n\u0131n savunmas\u0131 i\u00e7in olacak.\u201d dedi. &#13; Von der [&hellip;]","og_url":"https:\/\/haberkuzey.com\/index.php\/2026\/04\/29\/orta-dogudaki-savasin-abye-enerji-faturasi-27-milyar-euroyu-asti\/","og_site_name":"Haber Kuzey","article_published_time":"2026-04-29T08:57:49+00:00","og_image":[{"url":"https:\/\/trthaberstatic.cdn.wp.trt.com.tr\/resimler\/1912000\/ab-enerji-1912471.jpg","type":"","width":"","height":""}],"author":"haberkuzey","twitter_card":"summary_large_image","twitter_misc":{"Yazan:":"haberkuzey","Tahmini okuma s\u00fcresi":"2 dakika"},"schema":{"@context":"https:\/\/schema.org","@graph":[{"@type":"Article","@id":"https:\/\/haberkuzey.com\/index.php\/2026\/04\/29\/orta-dogudaki-savasin-abye-enerji-faturasi-27-milyar-euroyu-asti\/#article","isPartOf":{"@id":"https:\/\/haberkuzey.com\/index.php\/2026\/04\/29\/orta-dogudaki-savasin-abye-enerji-faturasi-27-milyar-euroyu-asti\/"},"author":{"name":"haberkuzey","@id":"https:\/\/haberkuzey.com\/#\/schema\/person\/3372109ec735f9333f4fa47ebb9605ca"},"headline":"Orta Do\u011fu&#8217;daki sava\u015f\u0131n AB&#8217;ye enerji faturas\u0131 27 milyar euroyu a\u015ft\u0131","datePublished":"2026-04-29T08:57:49+00:00","mainEntityOfPage":{"@id":"https:\/\/haberkuzey.com\/index.php\/2026\/04\/29\/orta-dogudaki-savasin-abye-enerji-faturasi-27-milyar-euroyu-asti\/"},"wordCount":470,"commentCount":0,"image":{"@id":"https:\/\/haberkuzey.com\/index.php\/2026\/04\/29\/orta-dogudaki-savasin-abye-enerji-faturasi-27-milyar-euroyu-asti\/#primaryimage"},"thumbnailUrl":"https:\/\/haberkuzey.com\/wp-content\/uploads\/2026\/04\/ab-enerji-1912471.jpg","articleSection":["D\u00fcnya"],"inLanguage":"tr","potentialAction":[{"@type":"CommentAction","name":"Comment","target":["https:\/\/haberkuzey.com\/index.php\/2026\/04\/29\/orta-dogudaki-savasin-abye-enerji-faturasi-27-milyar-euroyu-asti\/#respond"]}]},{"@type":"WebPage","@id":"https:\/\/haberkuzey.com\/index.php\/2026\/04\/29\/orta-dogudaki-savasin-abye-enerji-faturasi-27-milyar-euroyu-asti\/","url":"https:\/\/haberkuzey.com\/index.php\/2026\/04\/29\/orta-dogudaki-savasin-abye-enerji-faturasi-27-milyar-euroyu-asti\/","name":"Orta Do\u011fu'daki sava\u015f\u0131n AB'ye enerji faturas\u0131 27 milyar euroyu a\u015ft\u0131 - Haber Kuzey","isPartOf":{"@id":"https:\/\/haberkuzey.com\/#website"},"primaryImageOfPage":{"@id":"https:\/\/haberkuzey.com\/index.php\/2026\/04\/29\/orta-dogudaki-savasin-abye-enerji-faturasi-27-milyar-euroyu-asti\/#primaryimage"},"image":{"@id":"https:\/\/haberkuzey.com\/index.php\/2026\/04\/29\/orta-dogudaki-savasin-abye-enerji-faturasi-27-milyar-euroyu-asti\/#primaryimage"},"thumbnailUrl":"https:\/\/haberkuzey.com\/wp-content\/uploads\/2026\/04\/ab-enerji-1912471.jpg","datePublished":"2026-04-29T08:57:49+00:00","author":{"@id":"https:\/\/haberkuzey.com\/#\/schema\/person\/3372109ec735f9333f4fa47ebb9605ca"},"breadcrumb":{"@id":"https:\/\/haberkuzey.com\/index.php\/2026\/04\/29\/orta-dogudaki-savasin-abye-enerji-faturasi-27-milyar-euroyu-asti\/#breadcrumb"},"inLanguage":"tr","potentialAction":[{"@type":"ReadAction","target":["https:\/\/haberkuzey.com\/index.php\/2026\/04\/29\/orta-dogudaki-savasin-abye-enerji-faturasi-27-milyar-euroyu-asti\/"]}]},{"@type":"ImageObject","inLanguage":"tr","@id":"https:\/\/haberkuzey.com\/index.php\/2026\/04\/29\/orta-dogudaki-savasin-abye-enerji-faturasi-27-milyar-euroyu-asti\/#primaryimage","url":"https:\/\/haberkuzey.com\/wp-content\/uploads\/2026\/04\/ab-enerji-1912471.jpg","contentUrl":"https:\/\/haberkuzey.com\/wp-content\/uploads\/2026\/04\/ab-enerji-1912471.jpg","width":1280,"height":720},{"@type":"BreadcrumbList","@id":"https:\/\/haberkuzey.com\/index.php\/2026\/04\/29\/orta-dogudaki-savasin-abye-enerji-faturasi-27-milyar-euroyu-asti\/#breadcrumb","itemListElement":[{"@type":"ListItem","position":1,"name":"Anasayfa","item":"https:\/\/haberkuzey.com\/"},{"@type":"ListItem","position":2,"name":"Orta Do\u011fu&#8217;daki sava\u015f\u0131n AB&#8217;ye enerji faturas\u0131 27 milyar euroyu a\u015ft\u0131"}]},{"@type":"WebSite","@id":"https:\/\/haberkuzey.com\/#website","url":"https:\/\/haberkuzey.com\/","name":"Haber Kuzey","description":"Do\u011fru Haberin Adresi","potentialAction":[{"@type":"SearchAction","target":{"@type":"EntryPoint","urlTemplate":"https:\/\/haberkuzey.com\/?s={search_term_string}"},"query-input":{"@type":"PropertyValueSpecification","valueRequired":true,"valueName":"search_term_string"}}],"inLanguage":"tr"},{"@type":"Person","@id":"https:\/\/haberkuzey.com\/#\/schema\/person\/3372109ec735f9333f4fa47ebb9605ca","name":"haberkuzey","image":{"@type":"ImageObject","inLanguage":"tr","@id":"https:\/\/secure.gravatar.com\/avatar\/f5fc875574b1575324358c3b9e6a32b8227aa5b74f3fa22e3cadb63e26fcc39c?s=96&d=mm&r=g","url":"https:\/\/secure.gravatar.com\/avatar\/f5fc875574b1575324358c3b9e6a32b8227aa5b74f3fa22e3cadb63e26fcc39c?s=96&d=mm&r=g","contentUrl":"https:\/\/secure.gravatar.com\/avatar\/f5fc875574b1575324358c3b9e6a32b8227aa5b74f3fa22e3cadb63e26fcc39c?s=96&d=mm&r=g","caption":"haberkuzey"},"sameAs":["https:\/\/haberkuzey.com"],"url":"https:\/\/haberkuzey.com\/index.php\/author\/haberkuzey\/"}]}},"_links":{"self":[{"href":"https:\/\/haberkuzey.com\/index.php\/wp-json\/wp\/v2\/posts\/36730","targetHints":{"allow":["GET"]}}],"collection":[{"href":"https:\/\/haberkuzey.com\/index.php\/wp-json\/wp\/v2\/posts"}],"about":[{"href":"https:\/\/haberkuzey.com\/index.php\/wp-json\/wp\/v2\/types\/post"}],"author":[{"embeddable":true,"href":"https:\/\/haberkuzey.com\/index.php\/wp-json\/wp\/v2\/users\/1"}],"replies":[{"embeddable":true,"href":"https:\/\/haberkuzey.com\/index.php\/wp-json\/wp\/v2\/comments?post=36730"}],"version-history":[{"count":0,"href":"https:\/\/haberkuzey.com\/index.php\/wp-json\/wp\/v2\/posts\/36730\/revisions"}],"wp:featuredmedia":[{"embeddable":true,"href":"https:\/\/haberkuzey.com\/index.php\/wp-json\/wp\/v2\/media\/36731"}],"wp:attachment":[{"href":"https:\/\/haberkuzey.com\/index.php\/wp-json\/wp\/v2\/media?parent=36730"}],"wp:term":[{"taxonomy":"category","embeddable":true,"href":"https:\/\/haberkuzey.com\/index.php\/wp-json\/wp\/v2\/categories?post=36730"},{"taxonomy":"post_tag","embeddable":true,"href":"https:\/\/haberkuzey.com\/index.php\/wp-json\/wp\/v2\/tags?post=36730"}],"curies":[{"name":"wp","href":"https:\/\/api.w.org\/{rel}","templated":true}]}}