{"id":36723,"date":"2026-04-29T10:56:38","date_gmt":"2026-04-29T07:56:38","guid":{"rendered":"https:\/\/haberkuzey.com\/index.php\/2026\/04\/29\/iran-krizi-yesil-jet-yakitini-yeniden-gundeme-tasidi\/"},"modified":"2026-04-29T10:56:38","modified_gmt":"2026-04-29T07:56:38","slug":"iran-krizi-yesil-jet-yakitini-yeniden-gundeme-tasidi","status":"publish","type":"post","link":"https:\/\/haberkuzey.com\/index.php\/2026\/04\/29\/iran-krizi-yesil-jet-yakitini-yeniden-gundeme-tasidi\/","title":{"rendered":"\u0130ran krizi, ye\u015fil jet yak\u0131t\u0131n\u0131 yeniden g\u00fcndeme ta\u015f\u0131d\u0131"},"content":{"rendered":"<p><\/p>\n<div>\n<p>&#13;<br \/>\n\tHavac\u0131l\u0131k sekt\u00f6r\u00fcn\u00fc karbonsuzla\u015ft\u0131rmak, pillerin a\u011f\u0131rl\u0131\u011f\u0131 ve hidrojenin depolama zorluklar\u0131 nedeniyle olduk\u00e7a g\u00fc\u00e7.<\/p>\n<p>&#13;<br \/>\n\tKullan\u0131lm\u0131\u015f yemeklik ya\u011f gibi biyok\u00fctlelerden \u00fcretilen SAF, mevcut motor teknolojisiyle uyumlu olmas\u0131 ve emisyonlar\u0131 y\u00fczde 80&#8217;e kadar azaltmas\u0131yla en g\u00fc\u00e7l\u00fc alternatif konumunda. Ancak SAF&#8217;\u0131n en b\u00fcy\u00fck engeli her zaman &#8220;fiyat\u0131&#8221; oldu.<\/p>\n<h2>&#13;<br \/>\n\tAradaki fark iki kat\u0131n alt\u0131na indi<\/h2>\n<p>&#13;<br \/>\n\tSAF fiyatlar\u0131, fosil bazl\u0131 jet yak\u0131t\u0131n\u0131n yakla\u015f\u0131k \u00fc\u00e7 kat\u0131 d\u00fczeyindeydi. Geleneksel jet yak\u0131t\u0131 ton ba\u015f\u0131na 800 dolardan 1.500 dolar\u0131n \u00fczerine \u00e7\u0131kt\u0131.<\/p>\n<p>&#13;<br \/>\n\tSAF fiyat\u0131n\u0131n 2.700 dolar civar\u0131nda seyretmesiyle, aradaki fark iki kat\u0131n alt\u0131na indi.<\/p>\n<h2>&#13;<br \/>\n\tEnerji g\u00fcvenli\u011fi ve hammadde darbo\u011faz\u0131<\/h2>\n<p>&#13;<br \/>\n\tAvrupa&#8217;da jet yak\u0131t\u0131 ihtiyac\u0131n\u0131n y\u00fczde 30&#8217;unun K\u00f6rfez b\u00f6lgesinden kar\u015f\u0131lanmas\u0131, H\u00fcrm\u00fcz Bo\u011faz\u0131&#8217;ndaki t\u0131kan\u0131kl\u0131\u011f\u0131 stratejik bir sorun haline getirdi.<\/p>\n<p>&#13;<br \/>\n\tSAF \u00fcretimi ise yeni bir ba\u011f\u0131ml\u0131l\u0131k riski ta\u015f\u0131yor. Avrupa Birli\u011fi&#8217;nin (AB) SAF \u00fcretimi i\u00e7in kulland\u0131\u011f\u0131 hammaddelerin y\u00fczde 69&#8217;u d\u0131\u015far\u0131dan geliyor; sadece \u00c7in bu pay\u0131n y\u00fczde 38&#8217;ini olu\u015fturuyor.<\/p>\n<h2>&#13;<br \/>\n\t\u00c7\u00f6z\u00fcm &#8220;e-SAF&#8221; olabilir mi?<\/h2>\n<p>&#13;<br \/>\n\tYe\u015fil hidrojen ve yakalanan karbonun birle\u015ftirilmesiyle \u00fcretilen e-SAF, Avrupa&#8217;n\u0131n Norve\u00e7, \u0130zlanda, \u0130spanya ve Portekiz gibi yenilenebilir enerji kaynaklar\u0131 zengin \u00fclkelerinde \u00fcretilebilir.<\/p>\n<p>&#13;<br \/>\n\tAncak e-SAF&#8217;\u0131n maliyeti geleneksel yak\u0131t\u0131n 12 kat\u0131na kadar \u00e7\u0131kabiliyor. Bu durum, havayolu \u015firketlerinin uzun vadeli al\u0131m anla\u015fmalar\u0131 yapmas\u0131n\u0131 zorla\u015ft\u0131r\u0131yor.<\/p>\n<h2>&#13;<br \/>\n\tYat\u0131r\u0131mlar ye\u015fil enerjiye kay\u0131yor<\/h2>\n<p>&#13;<br \/>\n\tAnalistler, \u0130ran krizinin bir sonucu olarak yat\u0131r\u0131mlar\u0131n biyoyak\u0131t maliyetlerini d\u00fc\u015f\u00fcrmeye odaklanan \u015firketlere ve giri\u015fimlere y\u00f6nelece\u011fini \u00f6ng\u00f6r\u00fcyor.<\/p>\n<p>&#13;<br \/>\n\tAB ve ulusal h\u00fck\u00fcmetlerin Emisyon Ticaret Sistemi\u2019nden (ETS) elde edilen gelirleri e-SAF projelerine aktarmas\u0131 ve \u00fcretici ile havayolu \u015firketi aras\u0131nda k\u00f6pr\u00fc olacak &#8220;\u00e7ift tarafl\u0131 a\u00e7\u0131k art\u0131rma&#8221; (DSA) mekanizmalar\u0131n\u0131 hayata ge\u00e7irmesi bekleniyor.<\/p>\n<p>&#13;<br \/>\n\tH\u00fcrm\u00fcz Bo\u011faz\u0131 kapal\u0131 kald\u0131\u011f\u0131 s\u00fcrece &#8220;Plan B&#8221; aray\u0131\u015flar\u0131 h\u0131z kazanmaya devam edecek.<\/p>\n<p>&#13;<br \/>\n\tBir zamanlar maliyeti nedeniyle &#8220;hayal&#8221; olarak g\u00f6r\u00fclen ye\u015fil yak\u0131tlar, art\u0131k \u00e7\u00f6z\u00fcm\u00fcn bir par\u00e7as\u0131 olarak de\u011ferlendiriliyor.<\/p>\n<\/p><\/div>\n","protected":false},"excerpt":{"rendered":"<p>&#13; Havac\u0131l\u0131k sekt\u00f6r\u00fcn\u00fc karbonsuzla\u015ft\u0131rmak, pillerin a\u011f\u0131rl\u0131\u011f\u0131 ve hidrojenin depolama zorluklar\u0131 nedeniyle olduk\u00e7a g\u00fc\u00e7. &#13; Kullan\u0131lm\u0131\u015f yemeklik ya\u011f gibi biyok\u00fctlelerden \u00fcretilen SAF, mevcut motor teknolojisiyle uyumlu olmas\u0131 ve emisyonlar\u0131 y\u00fczde 80&#8217;e kadar azaltmas\u0131yla en g\u00fc\u00e7l\u00fc alternatif konumunda. Ancak SAF&#8217;\u0131n en b\u00fcy\u00fck engeli her zaman &#8220;fiyat\u0131&#8221; oldu. &#13; Aradaki fark iki kat\u0131n alt\u0131na indi &#13; SAF fiyatlar\u0131, [&hellip;]<\/p>\n","protected":false},"author":1,"featured_media":29422,"comment_status":"open","ping_status":"open","sticky":false,"template":"","format":"standard","meta":{"jnews-multi-image_gallery":[],"jnews_single_post":[],"jnews_primary_category":[],"footnotes":""},"categories":[2],"tags":[],"class_list":["post-36723","post","type-post","status-publish","format-standard","has-post-thumbnail","hentry","category-dunya"],"yoast_head":"<!-- This site is optimized with the Yoast SEO plugin v27.5 - https:\/\/yoast.com\/product\/yoast-seo-wordpress\/ -->\n<title>\u0130ran krizi, ye\u015fil jet yak\u0131t\u0131n\u0131 yeniden g\u00fcndeme ta\u015f\u0131d\u0131 - Haber Kuzey<\/title>\n<meta name=\"robots\" content=\"index, follow, max-snippet:-1, max-image-preview:large, max-video-preview:-1\" \/>\n<link rel=\"canonical\" href=\"https:\/\/haberkuzey.com\/index.php\/2026\/04\/29\/iran-krizi-yesil-jet-yakitini-yeniden-gundeme-tasidi\/\" \/>\n<meta property=\"og:locale\" content=\"tr_TR\" \/>\n<meta property=\"og:type\" content=\"article\" \/>\n<meta property=\"og:title\" content=\"\u0130ran krizi, ye\u015fil jet yak\u0131t\u0131n\u0131 yeniden g\u00fcndeme ta\u015f\u0131d\u0131 - Haber Kuzey\" \/>\n<meta property=\"og:description\" content=\"&#013; Havac\u0131l\u0131k sekt\u00f6r\u00fcn\u00fc karbonsuzla\u015ft\u0131rmak, pillerin a\u011f\u0131rl\u0131\u011f\u0131 ve hidrojenin depolama zorluklar\u0131 nedeniyle olduk\u00e7a g\u00fc\u00e7. &#013; Kullan\u0131lm\u0131\u015f yemeklik ya\u011f gibi biyok\u00fctlelerden \u00fcretilen SAF, mevcut motor teknolojisiyle uyumlu olmas\u0131 ve emisyonlar\u0131 y\u00fczde 80&#8217;e kadar azaltmas\u0131yla en g\u00fc\u00e7l\u00fc alternatif konumunda. Ancak SAF&#8217;\u0131n en b\u00fcy\u00fck engeli her zaman &#8220;fiyat\u0131&#8221; oldu. &#013; Aradaki fark iki kat\u0131n alt\u0131na indi &#013; SAF fiyatlar\u0131, [&hellip;]\" \/>\n<meta property=\"og:url\" content=\"https:\/\/haberkuzey.com\/index.php\/2026\/04\/29\/iran-krizi-yesil-jet-yakitini-yeniden-gundeme-tasidi\/\" \/>\n<meta property=\"og:site_name\" content=\"Haber Kuzey\" \/>\n<meta property=\"article:published_time\" content=\"2026-04-29T07:56:38+00:00\" \/>\n<meta property=\"og:image\" content=\"https:\/\/trthaberstatic.cdn.wp.trt.com.tr\/resimler\/1476000\/ucak-1476112.jpg\" \/>\n<meta name=\"author\" content=\"haberkuzey\" \/>\n<meta name=\"twitter:card\" content=\"summary_large_image\" \/>\n<meta name=\"twitter:label1\" content=\"Yazan:\" \/>\n\t<meta name=\"twitter:data1\" content=\"haberkuzey\" \/>\n\t<meta name=\"twitter:label2\" content=\"Tahmini okuma s\u00fcresi\" \/>\n\t<meta name=\"twitter:data2\" content=\"2 dakika\" \/>\n<script type=\"application\/ld+json\" class=\"yoast-schema-graph\">{\"@context\":\"https:\\\/\\\/schema.org\",\"@graph\":[{\"@type\":\"Article\",\"@id\":\"https:\\\/\\\/haberkuzey.com\\\/index.php\\\/2026\\\/04\\\/29\\\/iran-krizi-yesil-jet-yakitini-yeniden-gundeme-tasidi\\\/#article\",\"isPartOf\":{\"@id\":\"https:\\\/\\\/haberkuzey.com\\\/index.php\\\/2026\\\/04\\\/29\\\/iran-krizi-yesil-jet-yakitini-yeniden-gundeme-tasidi\\\/\"},\"author\":{\"name\":\"haberkuzey\",\"@id\":\"https:\\\/\\\/haberkuzey.com\\\/#\\\/schema\\\/person\\\/3372109ec735f9333f4fa47ebb9605ca\"},\"headline\":\"\u0130ran krizi, ye\u015fil jet yak\u0131t\u0131n\u0131 yeniden g\u00fcndeme ta\u015f\u0131d\u0131\",\"datePublished\":\"2026-04-29T07:56:38+00:00\",\"mainEntityOfPage\":{\"@id\":\"https:\\\/\\\/haberkuzey.com\\\/index.php\\\/2026\\\/04\\\/29\\\/iran-krizi-yesil-jet-yakitini-yeniden-gundeme-tasidi\\\/\"},\"wordCount\":375,\"commentCount\":0,\"image\":{\"@id\":\"https:\\\/\\\/haberkuzey.com\\\/index.php\\\/2026\\\/04\\\/29\\\/iran-krizi-yesil-jet-yakitini-yeniden-gundeme-tasidi\\\/#primaryimage\"},\"thumbnailUrl\":\"https:\\\/\\\/haberkuzey.com\\\/wp-content\\\/uploads\\\/2025\\\/09\\\/ucak-1476112.jpg\",\"articleSection\":[\"D\u00fcnya\"],\"inLanguage\":\"tr\",\"potentialAction\":[{\"@type\":\"CommentAction\",\"name\":\"Comment\",\"target\":[\"https:\\\/\\\/haberkuzey.com\\\/index.php\\\/2026\\\/04\\\/29\\\/iran-krizi-yesil-jet-yakitini-yeniden-gundeme-tasidi\\\/#respond\"]}]},{\"@type\":\"WebPage\",\"@id\":\"https:\\\/\\\/haberkuzey.com\\\/index.php\\\/2026\\\/04\\\/29\\\/iran-krizi-yesil-jet-yakitini-yeniden-gundeme-tasidi\\\/\",\"url\":\"https:\\\/\\\/haberkuzey.com\\\/index.php\\\/2026\\\/04\\\/29\\\/iran-krizi-yesil-jet-yakitini-yeniden-gundeme-tasidi\\\/\",\"name\":\"\u0130ran krizi, ye\u015fil jet yak\u0131t\u0131n\u0131 yeniden g\u00fcndeme ta\u015f\u0131d\u0131 - Haber Kuzey\",\"isPartOf\":{\"@id\":\"https:\\\/\\\/haberkuzey.com\\\/#website\"},\"primaryImageOfPage\":{\"@id\":\"https:\\\/\\\/haberkuzey.com\\\/index.php\\\/2026\\\/04\\\/29\\\/iran-krizi-yesil-jet-yakitini-yeniden-gundeme-tasidi\\\/#primaryimage\"},\"image\":{\"@id\":\"https:\\\/\\\/haberkuzey.com\\\/index.php\\\/2026\\\/04\\\/29\\\/iran-krizi-yesil-jet-yakitini-yeniden-gundeme-tasidi\\\/#primaryimage\"},\"thumbnailUrl\":\"https:\\\/\\\/haberkuzey.com\\\/wp-content\\\/uploads\\\/2025\\\/09\\\/ucak-1476112.jpg\",\"datePublished\":\"2026-04-29T07:56:38+00:00\",\"author\":{\"@id\":\"https:\\\/\\\/haberkuzey.com\\\/#\\\/schema\\\/person\\\/3372109ec735f9333f4fa47ebb9605ca\"},\"breadcrumb\":{\"@id\":\"https:\\\/\\\/haberkuzey.com\\\/index.php\\\/2026\\\/04\\\/29\\\/iran-krizi-yesil-jet-yakitini-yeniden-gundeme-tasidi\\\/#breadcrumb\"},\"inLanguage\":\"tr\",\"potentialAction\":[{\"@type\":\"ReadAction\",\"target\":[\"https:\\\/\\\/haberkuzey.com\\\/index.php\\\/2026\\\/04\\\/29\\\/iran-krizi-yesil-jet-yakitini-yeniden-gundeme-tasidi\\\/\"]}]},{\"@type\":\"ImageObject\",\"inLanguage\":\"tr\",\"@id\":\"https:\\\/\\\/haberkuzey.com\\\/index.php\\\/2026\\\/04\\\/29\\\/iran-krizi-yesil-jet-yakitini-yeniden-gundeme-tasidi\\\/#primaryimage\",\"url\":\"https:\\\/\\\/haberkuzey.com\\\/wp-content\\\/uploads\\\/2025\\\/09\\\/ucak-1476112.jpg\",\"contentUrl\":\"https:\\\/\\\/haberkuzey.com\\\/wp-content\\\/uploads\\\/2025\\\/09\\\/ucak-1476112.jpg\",\"width\":1280,\"height\":720},{\"@type\":\"BreadcrumbList\",\"@id\":\"https:\\\/\\\/haberkuzey.com\\\/index.php\\\/2026\\\/04\\\/29\\\/iran-krizi-yesil-jet-yakitini-yeniden-gundeme-tasidi\\\/#breadcrumb\",\"itemListElement\":[{\"@type\":\"ListItem\",\"position\":1,\"name\":\"Anasayfa\",\"item\":\"https:\\\/\\\/haberkuzey.com\\\/\"},{\"@type\":\"ListItem\",\"position\":2,\"name\":\"\u0130ran krizi, ye\u015fil jet yak\u0131t\u0131n\u0131 yeniden g\u00fcndeme ta\u015f\u0131d\u0131\"}]},{\"@type\":\"WebSite\",\"@id\":\"https:\\\/\\\/haberkuzey.com\\\/#website\",\"url\":\"https:\\\/\\\/haberkuzey.com\\\/\",\"name\":\"Haber Kuzey\",\"description\":\"Do\u011fru Haberin Adresi\",\"potentialAction\":[{\"@type\":\"SearchAction\",\"target\":{\"@type\":\"EntryPoint\",\"urlTemplate\":\"https:\\\/\\\/haberkuzey.com\\\/?s={search_term_string}\"},\"query-input\":{\"@type\":\"PropertyValueSpecification\",\"valueRequired\":true,\"valueName\":\"search_term_string\"}}],\"inLanguage\":\"tr\"},{\"@type\":\"Person\",\"@id\":\"https:\\\/\\\/haberkuzey.com\\\/#\\\/schema\\\/person\\\/3372109ec735f9333f4fa47ebb9605ca\",\"name\":\"haberkuzey\",\"image\":{\"@type\":\"ImageObject\",\"inLanguage\":\"tr\",\"@id\":\"https:\\\/\\\/secure.gravatar.com\\\/avatar\\\/f5fc875574b1575324358c3b9e6a32b8227aa5b74f3fa22e3cadb63e26fcc39c?s=96&d=mm&r=g\",\"url\":\"https:\\\/\\\/secure.gravatar.com\\\/avatar\\\/f5fc875574b1575324358c3b9e6a32b8227aa5b74f3fa22e3cadb63e26fcc39c?s=96&d=mm&r=g\",\"contentUrl\":\"https:\\\/\\\/secure.gravatar.com\\\/avatar\\\/f5fc875574b1575324358c3b9e6a32b8227aa5b74f3fa22e3cadb63e26fcc39c?s=96&d=mm&r=g\",\"caption\":\"haberkuzey\"},\"sameAs\":[\"https:\\\/\\\/haberkuzey.com\"],\"url\":\"https:\\\/\\\/haberkuzey.com\\\/index.php\\\/author\\\/haberkuzey\\\/\"}]}<\/script>\n<!-- \/ Yoast SEO plugin. -->","yoast_head_json":{"title":"\u0130ran krizi, ye\u015fil jet yak\u0131t\u0131n\u0131 yeniden g\u00fcndeme ta\u015f\u0131d\u0131 - Haber Kuzey","robots":{"index":"index","follow":"follow","max-snippet":"max-snippet:-1","max-image-preview":"max-image-preview:large","max-video-preview":"max-video-preview:-1"},"canonical":"https:\/\/haberkuzey.com\/index.php\/2026\/04\/29\/iran-krizi-yesil-jet-yakitini-yeniden-gundeme-tasidi\/","og_locale":"tr_TR","og_type":"article","og_title":"\u0130ran krizi, ye\u015fil jet yak\u0131t\u0131n\u0131 yeniden g\u00fcndeme ta\u015f\u0131d\u0131 - Haber Kuzey","og_description":"&#13; Havac\u0131l\u0131k sekt\u00f6r\u00fcn\u00fc karbonsuzla\u015ft\u0131rmak, pillerin a\u011f\u0131rl\u0131\u011f\u0131 ve hidrojenin depolama zorluklar\u0131 nedeniyle olduk\u00e7a g\u00fc\u00e7. &#13; Kullan\u0131lm\u0131\u015f yemeklik ya\u011f gibi biyok\u00fctlelerden \u00fcretilen SAF, mevcut motor teknolojisiyle uyumlu olmas\u0131 ve emisyonlar\u0131 y\u00fczde 80&#8217;e kadar azaltmas\u0131yla en g\u00fc\u00e7l\u00fc alternatif konumunda. Ancak SAF&#8217;\u0131n en b\u00fcy\u00fck engeli her zaman &#8220;fiyat\u0131&#8221; oldu. &#13; Aradaki fark iki kat\u0131n alt\u0131na indi &#13; SAF fiyatlar\u0131, [&hellip;]","og_url":"https:\/\/haberkuzey.com\/index.php\/2026\/04\/29\/iran-krizi-yesil-jet-yakitini-yeniden-gundeme-tasidi\/","og_site_name":"Haber Kuzey","article_published_time":"2026-04-29T07:56:38+00:00","og_image":[{"url":"https:\/\/trthaberstatic.cdn.wp.trt.com.tr\/resimler\/1476000\/ucak-1476112.jpg","type":"","width":"","height":""}],"author":"haberkuzey","twitter_card":"summary_large_image","twitter_misc":{"Yazan:":"haberkuzey","Tahmini okuma s\u00fcresi":"2 dakika"},"schema":{"@context":"https:\/\/schema.org","@graph":[{"@type":"Article","@id":"https:\/\/haberkuzey.com\/index.php\/2026\/04\/29\/iran-krizi-yesil-jet-yakitini-yeniden-gundeme-tasidi\/#article","isPartOf":{"@id":"https:\/\/haberkuzey.com\/index.php\/2026\/04\/29\/iran-krizi-yesil-jet-yakitini-yeniden-gundeme-tasidi\/"},"author":{"name":"haberkuzey","@id":"https:\/\/haberkuzey.com\/#\/schema\/person\/3372109ec735f9333f4fa47ebb9605ca"},"headline":"\u0130ran krizi, ye\u015fil jet yak\u0131t\u0131n\u0131 yeniden g\u00fcndeme ta\u015f\u0131d\u0131","datePublished":"2026-04-29T07:56:38+00:00","mainEntityOfPage":{"@id":"https:\/\/haberkuzey.com\/index.php\/2026\/04\/29\/iran-krizi-yesil-jet-yakitini-yeniden-gundeme-tasidi\/"},"wordCount":375,"commentCount":0,"image":{"@id":"https:\/\/haberkuzey.com\/index.php\/2026\/04\/29\/iran-krizi-yesil-jet-yakitini-yeniden-gundeme-tasidi\/#primaryimage"},"thumbnailUrl":"https:\/\/haberkuzey.com\/wp-content\/uploads\/2025\/09\/ucak-1476112.jpg","articleSection":["D\u00fcnya"],"inLanguage":"tr","potentialAction":[{"@type":"CommentAction","name":"Comment","target":["https:\/\/haberkuzey.com\/index.php\/2026\/04\/29\/iran-krizi-yesil-jet-yakitini-yeniden-gundeme-tasidi\/#respond"]}]},{"@type":"WebPage","@id":"https:\/\/haberkuzey.com\/index.php\/2026\/04\/29\/iran-krizi-yesil-jet-yakitini-yeniden-gundeme-tasidi\/","url":"https:\/\/haberkuzey.com\/index.php\/2026\/04\/29\/iran-krizi-yesil-jet-yakitini-yeniden-gundeme-tasidi\/","name":"\u0130ran krizi, ye\u015fil jet yak\u0131t\u0131n\u0131 yeniden g\u00fcndeme ta\u015f\u0131d\u0131 - Haber Kuzey","isPartOf":{"@id":"https:\/\/haberkuzey.com\/#website"},"primaryImageOfPage":{"@id":"https:\/\/haberkuzey.com\/index.php\/2026\/04\/29\/iran-krizi-yesil-jet-yakitini-yeniden-gundeme-tasidi\/#primaryimage"},"image":{"@id":"https:\/\/haberkuzey.com\/index.php\/2026\/04\/29\/iran-krizi-yesil-jet-yakitini-yeniden-gundeme-tasidi\/#primaryimage"},"thumbnailUrl":"https:\/\/haberkuzey.com\/wp-content\/uploads\/2025\/09\/ucak-1476112.jpg","datePublished":"2026-04-29T07:56:38+00:00","author":{"@id":"https:\/\/haberkuzey.com\/#\/schema\/person\/3372109ec735f9333f4fa47ebb9605ca"},"breadcrumb":{"@id":"https:\/\/haberkuzey.com\/index.php\/2026\/04\/29\/iran-krizi-yesil-jet-yakitini-yeniden-gundeme-tasidi\/#breadcrumb"},"inLanguage":"tr","potentialAction":[{"@type":"ReadAction","target":["https:\/\/haberkuzey.com\/index.php\/2026\/04\/29\/iran-krizi-yesil-jet-yakitini-yeniden-gundeme-tasidi\/"]}]},{"@type":"ImageObject","inLanguage":"tr","@id":"https:\/\/haberkuzey.com\/index.php\/2026\/04\/29\/iran-krizi-yesil-jet-yakitini-yeniden-gundeme-tasidi\/#primaryimage","url":"https:\/\/haberkuzey.com\/wp-content\/uploads\/2025\/09\/ucak-1476112.jpg","contentUrl":"https:\/\/haberkuzey.com\/wp-content\/uploads\/2025\/09\/ucak-1476112.jpg","width":1280,"height":720},{"@type":"BreadcrumbList","@id":"https:\/\/haberkuzey.com\/index.php\/2026\/04\/29\/iran-krizi-yesil-jet-yakitini-yeniden-gundeme-tasidi\/#breadcrumb","itemListElement":[{"@type":"ListItem","position":1,"name":"Anasayfa","item":"https:\/\/haberkuzey.com\/"},{"@type":"ListItem","position":2,"name":"\u0130ran krizi, ye\u015fil jet yak\u0131t\u0131n\u0131 yeniden g\u00fcndeme ta\u015f\u0131d\u0131"}]},{"@type":"WebSite","@id":"https:\/\/haberkuzey.com\/#website","url":"https:\/\/haberkuzey.com\/","name":"Haber Kuzey","description":"Do\u011fru Haberin Adresi","potentialAction":[{"@type":"SearchAction","target":{"@type":"EntryPoint","urlTemplate":"https:\/\/haberkuzey.com\/?s={search_term_string}"},"query-input":{"@type":"PropertyValueSpecification","valueRequired":true,"valueName":"search_term_string"}}],"inLanguage":"tr"},{"@type":"Person","@id":"https:\/\/haberkuzey.com\/#\/schema\/person\/3372109ec735f9333f4fa47ebb9605ca","name":"haberkuzey","image":{"@type":"ImageObject","inLanguage":"tr","@id":"https:\/\/secure.gravatar.com\/avatar\/f5fc875574b1575324358c3b9e6a32b8227aa5b74f3fa22e3cadb63e26fcc39c?s=96&d=mm&r=g","url":"https:\/\/secure.gravatar.com\/avatar\/f5fc875574b1575324358c3b9e6a32b8227aa5b74f3fa22e3cadb63e26fcc39c?s=96&d=mm&r=g","contentUrl":"https:\/\/secure.gravatar.com\/avatar\/f5fc875574b1575324358c3b9e6a32b8227aa5b74f3fa22e3cadb63e26fcc39c?s=96&d=mm&r=g","caption":"haberkuzey"},"sameAs":["https:\/\/haberkuzey.com"],"url":"https:\/\/haberkuzey.com\/index.php\/author\/haberkuzey\/"}]}},"_links":{"self":[{"href":"https:\/\/haberkuzey.com\/index.php\/wp-json\/wp\/v2\/posts\/36723","targetHints":{"allow":["GET"]}}],"collection":[{"href":"https:\/\/haberkuzey.com\/index.php\/wp-json\/wp\/v2\/posts"}],"about":[{"href":"https:\/\/haberkuzey.com\/index.php\/wp-json\/wp\/v2\/types\/post"}],"author":[{"embeddable":true,"href":"https:\/\/haberkuzey.com\/index.php\/wp-json\/wp\/v2\/users\/1"}],"replies":[{"embeddable":true,"href":"https:\/\/haberkuzey.com\/index.php\/wp-json\/wp\/v2\/comments?post=36723"}],"version-history":[{"count":0,"href":"https:\/\/haberkuzey.com\/index.php\/wp-json\/wp\/v2\/posts\/36723\/revisions"}],"wp:featuredmedia":[{"embeddable":true,"href":"https:\/\/haberkuzey.com\/index.php\/wp-json\/wp\/v2\/media\/29422"}],"wp:attachment":[{"href":"https:\/\/haberkuzey.com\/index.php\/wp-json\/wp\/v2\/media?parent=36723"}],"wp:term":[{"taxonomy":"category","embeddable":true,"href":"https:\/\/haberkuzey.com\/index.php\/wp-json\/wp\/v2\/categories?post=36723"},{"taxonomy":"post_tag","embeddable":true,"href":"https:\/\/haberkuzey.com\/index.php\/wp-json\/wp\/v2\/tags?post=36723"}],"curies":[{"name":"wp","href":"https:\/\/api.w.org\/{rel}","templated":true}]}}