{"id":36712,"date":"2026-04-29T09:03:16","date_gmt":"2026-04-29T06:03:16","guid":{"rendered":"https:\/\/haberkuzey.com\/index.php\/2026\/04\/29\/prestij-yarisi-devlete-yaradi\/"},"modified":"2026-04-29T09:03:30","modified_gmt":"2026-04-29T06:03:30","slug":"prestij-yarisi-devlete-yaradi","status":"publish","type":"post","link":"https:\/\/haberkuzey.com\/index.php\/2026\/04\/29\/prestij-yarisi-devlete-yaradi\/","title":{"rendered":"\u2018Prestij\u2019 yar\u0131\u015f\u0131, devlete yarad\u0131"},"content":{"rendered":"<p>\u00dclkemizde y\u0131l\u0131n sadece ilk iki ay\u0131nda \u201cisme \u00f6zel plaka\u201d talebi i\u00e7in devlete 6 milyon 309 bin TL \u00f6denirken; \u201c\u00f6zel se\u00e7ilmi\u015f s\u0131radan plakalar\u201d i\u00e7in toplam 9 milyon 300 bin TL harcand\u0131.<\/p>\n<p><strong>S\u0131radan se\u00e7ilen plakalar&#8230;<\/strong> Rastgele plaka yerine istedi\u011fi numara grubunu ay\u0131rtmak isteyen ara\u00e7 sahipleri, 2026\u2019n\u0131n ilk iki ay\u0131nda devlete 9 milyon 301 bin TL \u00f6dedi. Toplamda 868 ki\u015finin &#8220;\u00f6zel se\u00e7ilmi\u015f s\u0131radan plaka&#8221; harc\u0131 yat\u0131rd\u0131\u011f\u0131 bu i\u015flem kalemi, Ara\u00e7 Kay\u0131t Dairesi\u2019nin en g\u00fc\u00e7l\u00fc gelir kalemlerinden biri oldu.<\/p>\n<p><strong>2 ayda 12 ay\u0131 ge\u00e7ti!..<\/strong>\u00a0\u201c\u0130sme \u00f6zel plaka\u201d i\u00e7in yap\u0131lan i\u015flem adeti ve \u00f6denen har\u00e7 miktar\u0131 2025 y\u0131l\u0131n\u0131 \u015fimdiden geride b\u0131rakt\u0131. 2026\u2019n\u0131n ilk iki ay\u0131nda 316 adet isme \u00f6zel plaka i\u015flemi ger\u00e7ekle\u015ftirilirken, devletin kasas\u0131na 6 milyon 309 bin TL girdi. 2025 y\u0131l\u0131 genelinde toplam i\u015flem say\u0131s\u0131 231 idi. Elde edilen gelir ise 4 milyon 620 bin TL\u2019de kalm\u0131\u015ft\u0131.<\/p>\n<p><strong>G\u00fcncel plaka har\u00e7lar\u0131\u2026<\/strong> Plakalarda s\u0131radan bir numara se\u00e7menin bedeli 7 bin 510 TL ancak ayn\u0131 numaraya birden fazla talip \u00e7\u0131kmas\u0131 halinde \u2018a\u00e7\u0131k art\u0131rma\u2019 s\u00fcreci ba\u015fl\u0131yor. 001-009 aras\u0131 rakamlar ile 111, 222 gibi \u201cprestijli seriler\u201d de ise har\u00e7 \u00fccreti 22 bin 680 TL. \u0130sme \u00f6zel plaka kullanmak isteyenler i\u00e7in ise y\u0131ll\u0131k 20 bin TL\u2019lik bir &#8220;kira&#8221; bedeli uygulan\u0131yor. Yak\u0131nda bu fiyatlar\u0131n g\u00fcncellenece\u011fi \u00f6\u011frenildi.<\/p>\n<p><strong>Cemre CEMAL\u0130<\/strong><\/p>\n<p>\u00dclkemizde her ge\u00e7en g\u00fcn trafi\u011fe \u00e7\u0131kan ara\u00e7 say\u0131s\u0131ndaki art\u0131\u015f\u0131n yan\u0131 s\u0131ra, bireylerin ara\u00e7 plakalar\u0131n\u0131 ki\u015fiselle\u015ftirme e\u011filimi de \u201cekonomik krize\u201d ra\u011fmen h\u0131z kesmedi.<\/p>\n<p>KKTC Bay\u0131nd\u0131rl\u0131k ve Ula\u015ft\u0131rma Bakanl\u0131\u011f\u0131na ba\u011fl\u0131 Trafik Dairesi\u2019nin yay\u0131mlad\u0131\u011f\u0131 verilere g\u00f6re, 2026 y\u0131l\u0131n\u0131n hen\u00fcz ilk iki ay\u0131nda isme \u00f6zel ve se\u00e7ilmi\u015f plakalar i\u00e7in \u00f6denen tutar adeta rekor k\u0131rd\u0131.<\/p>\n<p>Ara\u00e7 Kay\u0131t ve Ruhsatland\u0131rma \u015eubesi verilerine g\u00f6re, y\u0131l\u0131n ilk iki ay\u0131nda ger\u00e7ekle\u015ftirilen toplam 321 milyon 822 bin TL\u2019lik i\u015flem hacminin 15 milyon TL\u2019den fazlas\u0131n\u0131 sadece plaka tercihleri olu\u015fturdu.<\/p>\n<p>Sadece iki ayda, \u201cisme \u00f6zel plaka\u201d talebi i\u00e7in 6 milyon 309 bin TL \u00f6denirken; \u201c\u00f6zel se\u00e7ilmi\u015f s\u0131radan plakalar\u201d i\u00e7in toplam 9 milyon 300 bin TL \u00f6dendi.<\/p>\n<p>\u00dclkemizde haziran ay\u0131 itibar\u0131yla iki harfli plaka d\u00f6nemi sona ererken, &#8220;AA 001 A&#8221; format\u0131ndaki \u00fc\u00e7 harfli yeni sistem hayata ge\u00e7ti. \u015eu s\u0131ralar AB&#8212;E serisi i\u00e7in ba\u015fvurular\u0131n kabul edildi\u011fi bu yeni d\u00f6nemde, ara\u00e7 sahipleri tercih ettikleri plaka tipine g\u00f6re farkl\u0131 maliyetlerle kar\u015f\u0131la\u015f\u0131yor.<\/p>\n<p>S\u0131radan bir numara se\u00e7menin bedeli 7 bin 510 TL\u2019den ba\u015flay\u0131p, ayn\u0131 numaraya birden fazla talip \u00e7\u0131kmas\u0131 durumunda ucu a\u00e7\u0131k bir art\u0131rmaya d\u00f6n\u00fc\u015f\u00fcyor.<\/p>\n<p>001-009 aras\u0131 rakamlar ile 111, 222 gibi \u201cprestijli seriler\u201d 22 bin 680 TL\u2019lik \u00f6zel bir tarifeyle sunulurken, plakas\u0131nda isim veya \u015firket ad\u0131 kullanmak isteyenler i\u00e7in y\u0131ll\u0131k 20 bin TL\u2019lik bir &#8220;kira&#8221; bedeli uygulan\u0131yor.<\/p>\n<p>\u00d6te yandan Ara\u00e7 Kay\u0131t Dairesi\u2019nin en \u00f6nemli gelir kalemlerinden biri haline gelen bu sistemde, mevcut har\u00e7 miktarlar\u0131n\u0131n yak\u0131n zamanda g\u00fcncellenmesi bekleniyor.<\/p>\n<p><strong>\u201cPrestijli\u201d seriler i\u00e7in 22 bin 680 TL<\/strong><\/p>\n<p>Plaka tercihlerine g\u00f6re \u00f6denen har\u00e7 miktar\u0131 da de\u011fi\u015fiyor. Rastgele bir numara yerine, hen\u00fcz verilmemi\u015f seriden herhangi bir rakam grubu se\u00e7menin bedeli 7 bin 510 TL. E\u011fer se\u00e7ilen plakay\u0131 bir ki\u015fi daha isterse, plaka 7 bin 510 TL taban fiyat\u0131yla a\u00e7\u0131k art\u0131rmaya \u00e7\u0131k\u0131yor.<\/p>\n<p>Plaka merakl\u0131lar\u0131n\u0131n as\u0131l g\u00f6zdesi olan ve yollarda \u201cprestij\u201d simgesi olarak kabul edilen \u00f6zel serilerde ise fiyat tarifesi \u00e7ok daha y\u00fcksek bir baremden a\u00e7\u0131l\u0131yor.<\/p>\n<p>\u00d6zellikle 001-009 aras\u0131ndaki rakamlar ile 111, 222, 333 gibi t\u00fcm haneleri ayn\u0131 olan \u201ctam seri\u201d plakalar i\u00e7in \u00f6denen standart har\u00e7 tutar\u0131 22 bin 680 TL.<\/p>\n<p>Ancak bu numaralar i\u00e7in de birden fazla ba\u015fvuru gelirse, rakamlar a\u00e7\u0131k art\u0131rma ile \u00e7ok daha yukar\u0131lara t\u0131rman\u0131yor.<\/p>\n<p><strong>\u0130sim yazd\u0131rmak y\u0131ll\u0131k 20 bin TL<\/strong><\/p>\n<p>Plakas\u0131nda ismini, soy ismini veya \u015firket ad\u0131n\u0131 g\u00f6rmek isteyenler i\u00e7in ise sistem farkl\u0131 i\u015fliyor.<\/p>\n<p>\u0130sme \u00f6zel plaka kullanman\u0131n bedeli \u015fu an i\u00e7in 20 bin TL. Ancak bu tutar tek seferlik bir \u00f6deme de\u011fil; plakan\u0131n ara\u00e7ta kalmas\u0131 i\u00e7in her y\u0131l devlete \u00f6denmesi gereken bir t\u00fcr &#8220;kira&#8221; bedeli niteli\u011finde.<\/p>\n<p>Bu nedenle y\u0131ll\u0131k harc\u0131 \u00f6denmeyen \u00f6zel plakalar kullan\u0131lam\u0131yor.<\/p>\n<p><strong>2 ayda, 12 ay\u0131n toplam\u0131n\u0131 ge\u00e7ti<\/strong><\/p>\n<p>Ara\u00e7 Kay\u0131t ve Ruhsatland\u0131rma \u015eubesi verilerine g\u00f6re, ara\u00e7 sahiplerinin standart format\u0131n d\u0131\u015f\u0131na \u00e7\u0131karak; ismini, soyismini veya \u015firket ad\u0131n\u0131 plakas\u0131na ta\u015f\u0131ma tutkusu 2026 y\u0131l\u0131na damga vurdu.<\/p>\n<p>\u201c\u0130sme \u00f6zel plaka\u201d i\u00e7in \u00f6denen yasal har\u00e7lar, y\u0131l\u0131n hen\u00fcz ilk iki ay\u0131nda ula\u015ft\u0131\u011f\u0131 rakamla dudak u\u00e7uklatt\u0131.<\/p>\n<p>Ocak-\u015eubat aylar\u0131n\u0131 kapsayan iki ayl\u0131k s\u00fcrede 316 adet isme \u00f6zel plaka i\u015flemi ger\u00e7ekle\u015ftirilirken, devletin kasas\u0131na 6 milyon 309 bin TL girdi.<\/p>\n<p>Veriler, 2026\u2019n\u0131n ilk iki ay\u0131ndaki talebin, 2025 y\u0131l\u0131n\u0131n tamam\u0131n\u0131 hem i\u015flem say\u0131s\u0131 hem de gelir baz\u0131nda geride b\u0131rakt\u0131\u011f\u0131n\u0131 g\u00f6sterdi.<\/p>\n<p>\u00d6yle ki 2025 y\u0131l\u0131n\u0131n 12 ay\u0131 boyunca yap\u0131lan toplam i\u015flem say\u0131s\u0131 231\u2019de, elde edilen gelir ise 4 milyon 620 bin TL\u2019de kalm\u0131\u015ft\u0131.<\/p>\n<p>2024\u2019te yap\u0131lan i\u015flemlerde ise isme \u00f6zel plakalar i\u00e7in 396 i\u015flem kar\u015f\u0131l\u0131\u011f\u0131nda, \u00f6denen har\u00e7 miktar\u0131 4 milyon 325 TL oldu.<\/p>\n<p><strong>S\u0131radan se\u00e7ilen plakalarda iki ayda 9.3 milyon TL gelir<\/strong><\/p>\n<p>Format\u0131 standart olsa da plakada yer alacak rakam grubunu kendi belirlemek isteyen ara\u00e7 sahiplerinin tercih etti\u011fi \u201c\u00d6zel se\u00e7ilmi\u015f s\u0131radan plakalar\u201d da Ara\u00e7 Kay\u0131t Dairesi\u2019ne \u00f6nemli bir gelir sa\u011fl\u0131yor.<\/p>\n<p>Rastgele bir plaka yerine istedi\u011fi numaray\u0131 almak isteyenlerin \u00f6dedi\u011fi har\u00e7lar, 9 milyon TL\u2019yi a\u015fan bir hacme ula\u015ft\u0131.<\/p>\n<p>2026 y\u0131l\u0131n\u0131n ilk iki ay\u0131nda bu y\u00f6ntemle plaka se\u00e7enlerin say\u0131s\u0131 868\u2019e ula\u015f\u0131rken, bu i\u015flemler kar\u015f\u0131l\u0131\u011f\u0131nda devlete 9 milyon 301 bin TL \u00f6deme yap\u0131ld\u0131.<\/p>\n<p>Ge\u00e7mi\u015f y\u0131llar\u0131n verileri, bu kalemdeki gelir art\u0131\u015f\u0131n\u0131n sadece taleple de\u011fil, har\u00e7 miktarlar\u0131ndaki y\u00fckseli\u015fle de desteklendi\u011fini ortaya koyuyor.<\/p>\n<p>\u00d6yle ki 2025 y\u0131l\u0131nda y\u0131l boyunca yap\u0131lan 5 bin 169 i\u015flemle rekor bir seviye olan 55 milyon TL\u2019yi a\u015fan gelir elde edildi. 2024 y\u0131l\u0131nda ise 5 bin 701 i\u015flem ger\u00e7ekle\u015ftirilmesine ra\u011fmen, elde edilen gelir 28 milyon 307 bin TL\u2019de kalm\u0131\u015ft\u0131.<\/p>\n","protected":false},"excerpt":{"rendered":"<p>\u00dclkemizde y\u0131l\u0131n sadece ilk iki ay\u0131nda \u201cisme \u00f6zel plaka\u201d talebi i\u00e7in devlete 6 milyon 309 bin TL \u00f6denirken; \u201c\u00f6zel se\u00e7ilmi\u015f s\u0131radan plakalar\u201d i\u00e7in toplam 9 milyon 300 bin TL harcand\u0131. S\u0131radan se\u00e7ilen plakalar&#8230; Rastgele plaka yerine istedi\u011fi numara grubunu ay\u0131rtmak isteyen ara\u00e7 sahipleri, 2026\u2019n\u0131n ilk iki ay\u0131nda devlete 9 milyon 301 bin TL \u00f6dedi. Toplamda [&hellip;]<\/p>\n","protected":false},"author":1,"featured_media":36713,"comment_status":"open","ping_status":"open","sticky":false,"template":"","format":"standard","meta":{"jnews-multi-image_gallery":[],"jnews_single_post":[],"jnews_primary_category":[],"footnotes":""},"categories":[1],"tags":[],"class_list":["post-36712","post","type-post","status-publish","format-standard","has-post-thumbnail","hentry","category-kibris"],"yoast_head":"<!-- This site is optimized with the Yoast SEO plugin v27.5 - https:\/\/yoast.com\/product\/yoast-seo-wordpress\/ -->\n<title>\u2018Prestij\u2019 yar\u0131\u015f\u0131, devlete yarad\u0131 - Haber Kuzey<\/title>\n<meta name=\"robots\" content=\"index, follow, max-snippet:-1, max-image-preview:large, max-video-preview:-1\" \/>\n<link rel=\"canonical\" href=\"https:\/\/haberkuzey.com\/index.php\/2026\/04\/29\/prestij-yarisi-devlete-yaradi\/\" \/>\n<meta property=\"og:locale\" content=\"tr_TR\" \/>\n<meta property=\"og:type\" content=\"article\" \/>\n<meta property=\"og:title\" content=\"\u2018Prestij\u2019 yar\u0131\u015f\u0131, devlete yarad\u0131 - Haber Kuzey\" \/>\n<meta property=\"og:description\" content=\"\u00dclkemizde y\u0131l\u0131n sadece ilk iki ay\u0131nda \u201cisme \u00f6zel plaka\u201d talebi i\u00e7in devlete 6 milyon 309 bin TL \u00f6denirken; \u201c\u00f6zel se\u00e7ilmi\u015f s\u0131radan plakalar\u201d i\u00e7in toplam 9 milyon 300 bin TL harcand\u0131. S\u0131radan se\u00e7ilen plakalar&#8230; Rastgele plaka yerine istedi\u011fi numara grubunu ay\u0131rtmak isteyen ara\u00e7 sahipleri, 2026\u2019n\u0131n ilk iki ay\u0131nda devlete 9 milyon 301 bin TL \u00f6dedi. Toplamda [&hellip;]\" \/>\n<meta property=\"og:url\" content=\"https:\/\/haberkuzey.com\/index.php\/2026\/04\/29\/prestij-yarisi-devlete-yaradi\/\" \/>\n<meta property=\"og:site_name\" content=\"Haber Kuzey\" \/>\n<meta property=\"article:published_time\" content=\"2026-04-29T06:03:16+00:00\" \/>\n<meta property=\"article:modified_time\" content=\"2026-04-29T06:03:30+00:00\" \/>\n<meta property=\"og:image\" content=\"https:\/\/haberkuzey.com\/wp-content\/uploads\/2026\/04\/Yeni-Proje-2-22.jpg\" \/>\n\t<meta property=\"og:image:width\" content=\"971\" \/>\n\t<meta property=\"og:image:height\" content=\"551\" \/>\n\t<meta property=\"og:image:type\" content=\"image\/jpeg\" \/>\n<meta name=\"author\" content=\"haberkuzey\" \/>\n<meta name=\"twitter:card\" content=\"summary_large_image\" \/>\n<meta name=\"twitter:label1\" content=\"Yazan:\" \/>\n\t<meta name=\"twitter:data1\" content=\"haberkuzey\" \/>\n\t<meta name=\"twitter:label2\" content=\"Tahmini okuma s\u00fcresi\" \/>\n\t<meta name=\"twitter:data2\" content=\"5 dakika\" \/>\n<script type=\"application\/ld+json\" class=\"yoast-schema-graph\">{\"@context\":\"https:\\\/\\\/schema.org\",\"@graph\":[{\"@type\":\"Article\",\"@id\":\"https:\\\/\\\/haberkuzey.com\\\/index.php\\\/2026\\\/04\\\/29\\\/prestij-yarisi-devlete-yaradi\\\/#article\",\"isPartOf\":{\"@id\":\"https:\\\/\\\/haberkuzey.com\\\/index.php\\\/2026\\\/04\\\/29\\\/prestij-yarisi-devlete-yaradi\\\/\"},\"author\":{\"name\":\"haberkuzey\",\"@id\":\"https:\\\/\\\/haberkuzey.com\\\/#\\\/schema\\\/person\\\/3372109ec735f9333f4fa47ebb9605ca\"},\"headline\":\"\u2018Prestij\u2019 yar\u0131\u015f\u0131, devlete yarad\u0131\",\"datePublished\":\"2026-04-29T06:03:16+00:00\",\"dateModified\":\"2026-04-29T06:03:30+00:00\",\"mainEntityOfPage\":{\"@id\":\"https:\\\/\\\/haberkuzey.com\\\/index.php\\\/2026\\\/04\\\/29\\\/prestij-yarisi-devlete-yaradi\\\/\"},\"wordCount\":1077,\"commentCount\":0,\"image\":{\"@id\":\"https:\\\/\\\/haberkuzey.com\\\/index.php\\\/2026\\\/04\\\/29\\\/prestij-yarisi-devlete-yaradi\\\/#primaryimage\"},\"thumbnailUrl\":\"https:\\\/\\\/haberkuzey.com\\\/wp-content\\\/uploads\\\/2026\\\/04\\\/Yeni-Proje-2-22.jpg\",\"articleSection\":[\"K\u0131br\u0131s\"],\"inLanguage\":\"tr\",\"potentialAction\":[{\"@type\":\"CommentAction\",\"name\":\"Comment\",\"target\":[\"https:\\\/\\\/haberkuzey.com\\\/index.php\\\/2026\\\/04\\\/29\\\/prestij-yarisi-devlete-yaradi\\\/#respond\"]}]},{\"@type\":\"WebPage\",\"@id\":\"https:\\\/\\\/haberkuzey.com\\\/index.php\\\/2026\\\/04\\\/29\\\/prestij-yarisi-devlete-yaradi\\\/\",\"url\":\"https:\\\/\\\/haberkuzey.com\\\/index.php\\\/2026\\\/04\\\/29\\\/prestij-yarisi-devlete-yaradi\\\/\",\"name\":\"\u2018Prestij\u2019 yar\u0131\u015f\u0131, devlete yarad\u0131 - Haber Kuzey\",\"isPartOf\":{\"@id\":\"https:\\\/\\\/haberkuzey.com\\\/#website\"},\"primaryImageOfPage\":{\"@id\":\"https:\\\/\\\/haberkuzey.com\\\/index.php\\\/2026\\\/04\\\/29\\\/prestij-yarisi-devlete-yaradi\\\/#primaryimage\"},\"image\":{\"@id\":\"https:\\\/\\\/haberkuzey.com\\\/index.php\\\/2026\\\/04\\\/29\\\/prestij-yarisi-devlete-yaradi\\\/#primaryimage\"},\"thumbnailUrl\":\"https:\\\/\\\/haberkuzey.com\\\/wp-content\\\/uploads\\\/2026\\\/04\\\/Yeni-Proje-2-22.jpg\",\"datePublished\":\"2026-04-29T06:03:16+00:00\",\"dateModified\":\"2026-04-29T06:03:30+00:00\",\"author\":{\"@id\":\"https:\\\/\\\/haberkuzey.com\\\/#\\\/schema\\\/person\\\/3372109ec735f9333f4fa47ebb9605ca\"},\"breadcrumb\":{\"@id\":\"https:\\\/\\\/haberkuzey.com\\\/index.php\\\/2026\\\/04\\\/29\\\/prestij-yarisi-devlete-yaradi\\\/#breadcrumb\"},\"inLanguage\":\"tr\",\"potentialAction\":[{\"@type\":\"ReadAction\",\"target\":[\"https:\\\/\\\/haberkuzey.com\\\/index.php\\\/2026\\\/04\\\/29\\\/prestij-yarisi-devlete-yaradi\\\/\"]}]},{\"@type\":\"ImageObject\",\"inLanguage\":\"tr\",\"@id\":\"https:\\\/\\\/haberkuzey.com\\\/index.php\\\/2026\\\/04\\\/29\\\/prestij-yarisi-devlete-yaradi\\\/#primaryimage\",\"url\":\"https:\\\/\\\/haberkuzey.com\\\/wp-content\\\/uploads\\\/2026\\\/04\\\/Yeni-Proje-2-22.jpg\",\"contentUrl\":\"https:\\\/\\\/haberkuzey.com\\\/wp-content\\\/uploads\\\/2026\\\/04\\\/Yeni-Proje-2-22.jpg\",\"width\":971,\"height\":551},{\"@type\":\"BreadcrumbList\",\"@id\":\"https:\\\/\\\/haberkuzey.com\\\/index.php\\\/2026\\\/04\\\/29\\\/prestij-yarisi-devlete-yaradi\\\/#breadcrumb\",\"itemListElement\":[{\"@type\":\"ListItem\",\"position\":1,\"name\":\"Anasayfa\",\"item\":\"https:\\\/\\\/haberkuzey.com\\\/\"},{\"@type\":\"ListItem\",\"position\":2,\"name\":\"\u2018Prestij\u2019 yar\u0131\u015f\u0131, devlete yarad\u0131\"}]},{\"@type\":\"WebSite\",\"@id\":\"https:\\\/\\\/haberkuzey.com\\\/#website\",\"url\":\"https:\\\/\\\/haberkuzey.com\\\/\",\"name\":\"Haber Kuzey\",\"description\":\"Do\u011fru Haberin Adresi\",\"potentialAction\":[{\"@type\":\"SearchAction\",\"target\":{\"@type\":\"EntryPoint\",\"urlTemplate\":\"https:\\\/\\\/haberkuzey.com\\\/?s={search_term_string}\"},\"query-input\":{\"@type\":\"PropertyValueSpecification\",\"valueRequired\":true,\"valueName\":\"search_term_string\"}}],\"inLanguage\":\"tr\"},{\"@type\":\"Person\",\"@id\":\"https:\\\/\\\/haberkuzey.com\\\/#\\\/schema\\\/person\\\/3372109ec735f9333f4fa47ebb9605ca\",\"name\":\"haberkuzey\",\"image\":{\"@type\":\"ImageObject\",\"inLanguage\":\"tr\",\"@id\":\"https:\\\/\\\/secure.gravatar.com\\\/avatar\\\/f5fc875574b1575324358c3b9e6a32b8227aa5b74f3fa22e3cadb63e26fcc39c?s=96&d=mm&r=g\",\"url\":\"https:\\\/\\\/secure.gravatar.com\\\/avatar\\\/f5fc875574b1575324358c3b9e6a32b8227aa5b74f3fa22e3cadb63e26fcc39c?s=96&d=mm&r=g\",\"contentUrl\":\"https:\\\/\\\/secure.gravatar.com\\\/avatar\\\/f5fc875574b1575324358c3b9e6a32b8227aa5b74f3fa22e3cadb63e26fcc39c?s=96&d=mm&r=g\",\"caption\":\"haberkuzey\"},\"sameAs\":[\"https:\\\/\\\/haberkuzey.com\"],\"url\":\"https:\\\/\\\/haberkuzey.com\\\/index.php\\\/author\\\/haberkuzey\\\/\"}]}<\/script>\n<!-- \/ Yoast SEO plugin. -->","yoast_head_json":{"title":"\u2018Prestij\u2019 yar\u0131\u015f\u0131, devlete yarad\u0131 - Haber Kuzey","robots":{"index":"index","follow":"follow","max-snippet":"max-snippet:-1","max-image-preview":"max-image-preview:large","max-video-preview":"max-video-preview:-1"},"canonical":"https:\/\/haberkuzey.com\/index.php\/2026\/04\/29\/prestij-yarisi-devlete-yaradi\/","og_locale":"tr_TR","og_type":"article","og_title":"\u2018Prestij\u2019 yar\u0131\u015f\u0131, devlete yarad\u0131 - Haber Kuzey","og_description":"\u00dclkemizde y\u0131l\u0131n sadece ilk iki ay\u0131nda \u201cisme \u00f6zel plaka\u201d talebi i\u00e7in devlete 6 milyon 309 bin TL \u00f6denirken; \u201c\u00f6zel se\u00e7ilmi\u015f s\u0131radan plakalar\u201d i\u00e7in toplam 9 milyon 300 bin TL harcand\u0131. S\u0131radan se\u00e7ilen plakalar&#8230; Rastgele plaka yerine istedi\u011fi numara grubunu ay\u0131rtmak isteyen ara\u00e7 sahipleri, 2026\u2019n\u0131n ilk iki ay\u0131nda devlete 9 milyon 301 bin TL \u00f6dedi. Toplamda [&hellip;]","og_url":"https:\/\/haberkuzey.com\/index.php\/2026\/04\/29\/prestij-yarisi-devlete-yaradi\/","og_site_name":"Haber Kuzey","article_published_time":"2026-04-29T06:03:16+00:00","article_modified_time":"2026-04-29T06:03:30+00:00","og_image":[{"width":971,"height":551,"url":"https:\/\/haberkuzey.com\/wp-content\/uploads\/2026\/04\/Yeni-Proje-2-22.jpg","type":"image\/jpeg"}],"author":"haberkuzey","twitter_card":"summary_large_image","twitter_misc":{"Yazan:":"haberkuzey","Tahmini okuma s\u00fcresi":"5 dakika"},"schema":{"@context":"https:\/\/schema.org","@graph":[{"@type":"Article","@id":"https:\/\/haberkuzey.com\/index.php\/2026\/04\/29\/prestij-yarisi-devlete-yaradi\/#article","isPartOf":{"@id":"https:\/\/haberkuzey.com\/index.php\/2026\/04\/29\/prestij-yarisi-devlete-yaradi\/"},"author":{"name":"haberkuzey","@id":"https:\/\/haberkuzey.com\/#\/schema\/person\/3372109ec735f9333f4fa47ebb9605ca"},"headline":"\u2018Prestij\u2019 yar\u0131\u015f\u0131, devlete yarad\u0131","datePublished":"2026-04-29T06:03:16+00:00","dateModified":"2026-04-29T06:03:30+00:00","mainEntityOfPage":{"@id":"https:\/\/haberkuzey.com\/index.php\/2026\/04\/29\/prestij-yarisi-devlete-yaradi\/"},"wordCount":1077,"commentCount":0,"image":{"@id":"https:\/\/haberkuzey.com\/index.php\/2026\/04\/29\/prestij-yarisi-devlete-yaradi\/#primaryimage"},"thumbnailUrl":"https:\/\/haberkuzey.com\/wp-content\/uploads\/2026\/04\/Yeni-Proje-2-22.jpg","articleSection":["K\u0131br\u0131s"],"inLanguage":"tr","potentialAction":[{"@type":"CommentAction","name":"Comment","target":["https:\/\/haberkuzey.com\/index.php\/2026\/04\/29\/prestij-yarisi-devlete-yaradi\/#respond"]}]},{"@type":"WebPage","@id":"https:\/\/haberkuzey.com\/index.php\/2026\/04\/29\/prestij-yarisi-devlete-yaradi\/","url":"https:\/\/haberkuzey.com\/index.php\/2026\/04\/29\/prestij-yarisi-devlete-yaradi\/","name":"\u2018Prestij\u2019 yar\u0131\u015f\u0131, devlete yarad\u0131 - Haber Kuzey","isPartOf":{"@id":"https:\/\/haberkuzey.com\/#website"},"primaryImageOfPage":{"@id":"https:\/\/haberkuzey.com\/index.php\/2026\/04\/29\/prestij-yarisi-devlete-yaradi\/#primaryimage"},"image":{"@id":"https:\/\/haberkuzey.com\/index.php\/2026\/04\/29\/prestij-yarisi-devlete-yaradi\/#primaryimage"},"thumbnailUrl":"https:\/\/haberkuzey.com\/wp-content\/uploads\/2026\/04\/Yeni-Proje-2-22.jpg","datePublished":"2026-04-29T06:03:16+00:00","dateModified":"2026-04-29T06:03:30+00:00","author":{"@id":"https:\/\/haberkuzey.com\/#\/schema\/person\/3372109ec735f9333f4fa47ebb9605ca"},"breadcrumb":{"@id":"https:\/\/haberkuzey.com\/index.php\/2026\/04\/29\/prestij-yarisi-devlete-yaradi\/#breadcrumb"},"inLanguage":"tr","potentialAction":[{"@type":"ReadAction","target":["https:\/\/haberkuzey.com\/index.php\/2026\/04\/29\/prestij-yarisi-devlete-yaradi\/"]}]},{"@type":"ImageObject","inLanguage":"tr","@id":"https:\/\/haberkuzey.com\/index.php\/2026\/04\/29\/prestij-yarisi-devlete-yaradi\/#primaryimage","url":"https:\/\/haberkuzey.com\/wp-content\/uploads\/2026\/04\/Yeni-Proje-2-22.jpg","contentUrl":"https:\/\/haberkuzey.com\/wp-content\/uploads\/2026\/04\/Yeni-Proje-2-22.jpg","width":971,"height":551},{"@type":"BreadcrumbList","@id":"https:\/\/haberkuzey.com\/index.php\/2026\/04\/29\/prestij-yarisi-devlete-yaradi\/#breadcrumb","itemListElement":[{"@type":"ListItem","position":1,"name":"Anasayfa","item":"https:\/\/haberkuzey.com\/"},{"@type":"ListItem","position":2,"name":"\u2018Prestij\u2019 yar\u0131\u015f\u0131, devlete yarad\u0131"}]},{"@type":"WebSite","@id":"https:\/\/haberkuzey.com\/#website","url":"https:\/\/haberkuzey.com\/","name":"Haber Kuzey","description":"Do\u011fru Haberin Adresi","potentialAction":[{"@type":"SearchAction","target":{"@type":"EntryPoint","urlTemplate":"https:\/\/haberkuzey.com\/?s={search_term_string}"},"query-input":{"@type":"PropertyValueSpecification","valueRequired":true,"valueName":"search_term_string"}}],"inLanguage":"tr"},{"@type":"Person","@id":"https:\/\/haberkuzey.com\/#\/schema\/person\/3372109ec735f9333f4fa47ebb9605ca","name":"haberkuzey","image":{"@type":"ImageObject","inLanguage":"tr","@id":"https:\/\/secure.gravatar.com\/avatar\/f5fc875574b1575324358c3b9e6a32b8227aa5b74f3fa22e3cadb63e26fcc39c?s=96&d=mm&r=g","url":"https:\/\/secure.gravatar.com\/avatar\/f5fc875574b1575324358c3b9e6a32b8227aa5b74f3fa22e3cadb63e26fcc39c?s=96&d=mm&r=g","contentUrl":"https:\/\/secure.gravatar.com\/avatar\/f5fc875574b1575324358c3b9e6a32b8227aa5b74f3fa22e3cadb63e26fcc39c?s=96&d=mm&r=g","caption":"haberkuzey"},"sameAs":["https:\/\/haberkuzey.com"],"url":"https:\/\/haberkuzey.com\/index.php\/author\/haberkuzey\/"}]}},"_links":{"self":[{"href":"https:\/\/haberkuzey.com\/index.php\/wp-json\/wp\/v2\/posts\/36712","targetHints":{"allow":["GET"]}}],"collection":[{"href":"https:\/\/haberkuzey.com\/index.php\/wp-json\/wp\/v2\/posts"}],"about":[{"href":"https:\/\/haberkuzey.com\/index.php\/wp-json\/wp\/v2\/types\/post"}],"author":[{"embeddable":true,"href":"https:\/\/haberkuzey.com\/index.php\/wp-json\/wp\/v2\/users\/1"}],"replies":[{"embeddable":true,"href":"https:\/\/haberkuzey.com\/index.php\/wp-json\/wp\/v2\/comments?post=36712"}],"version-history":[{"count":1,"href":"https:\/\/haberkuzey.com\/index.php\/wp-json\/wp\/v2\/posts\/36712\/revisions"}],"predecessor-version":[{"id":36714,"href":"https:\/\/haberkuzey.com\/index.php\/wp-json\/wp\/v2\/posts\/36712\/revisions\/36714"}],"wp:featuredmedia":[{"embeddable":true,"href":"https:\/\/haberkuzey.com\/index.php\/wp-json\/wp\/v2\/media\/36713"}],"wp:attachment":[{"href":"https:\/\/haberkuzey.com\/index.php\/wp-json\/wp\/v2\/media?parent=36712"}],"wp:term":[{"taxonomy":"category","embeddable":true,"href":"https:\/\/haberkuzey.com\/index.php\/wp-json\/wp\/v2\/categories?post=36712"},{"taxonomy":"post_tag","embeddable":true,"href":"https:\/\/haberkuzey.com\/index.php\/wp-json\/wp\/v2\/tags?post=36712"}],"curies":[{"name":"wp","href":"https:\/\/api.w.org\/{rel}","templated":true}]}}