{"id":36702,"date":"2026-04-29T07:53:47","date_gmt":"2026-04-29T04:53:47","guid":{"rendered":"https:\/\/haberkuzey.com\/index.php\/2026\/04\/29\/abd-iranda-okulun-vurulmasina-yonelik-sessizligini-koruyor\/"},"modified":"2026-04-29T07:53:47","modified_gmt":"2026-04-29T04:53:47","slug":"abd-iranda-okulun-vurulmasina-yonelik-sessizligini-koruyor","status":"publish","type":"post","link":"https:\/\/haberkuzey.com\/index.php\/2026\/04\/29\/abd-iranda-okulun-vurulmasina-yonelik-sessizligini-koruyor\/","title":{"rendered":"ABD, \u0130ran&#8217;da okulun vurulmas\u0131na y\u00f6nelik sessizli\u011fini koruyor"},"content":{"rendered":"<p><\/p>\n<div>\n<p>&#13;<br \/>\n\t28 \u015eubat tarihinde, ABD-\u0130ran geriliminin ilk a\u015famalar\u0131nda Minab&#8217;daki bir ilkokula isabet eden f\u00fcze, \u0130ranl\u0131 yetkililerin a\u00e7\u0131klamalar\u0131na g\u00f6re 110&#8217;u \u00e7ocuk olmak \u00fczere 168 ki\u015finin \u00f6l\u00fcm\u00fcne yol a\u00e7t\u0131. Pentagon, aradan ge\u00e7en iki ayl\u0131k s\u00fcre\u00e7te olay\u0131n soru\u015fturuldu\u011funu belirtmekle yetindi.<\/p>\n<h2>&#13;<br \/>\n\tSoru\u015fturma s\u00fcreci ve \u015feffafl\u0131k ele\u015ftirileri<\/h2>\n<p>&#13;<br \/>\n\tEski Hava Kuvvetleri k\u0131demli hukuk dan\u0131\u015fman\u0131 Emekli Yarbay Rachel E. VanLandingham, mevcut tutumun standart m\u00fcdahale usullerinden belirgin \u015fekilde sapt\u0131\u011f\u0131n\u0131 vurgulad\u0131.<\/p>\n<p>&#13;<br \/>\n\tVanLandingham, ge\u00e7mi\u015f y\u00f6netimlerin sava\u015f hukukuna ve hesap verebilirli\u011fe daha ba\u011fl\u0131 bir duru\u015f sergiledi\u011fini ifade etti.<\/p>\n<p>&#13;<br \/>\n\tPentagon&#8217;un Sivil Koruma Merkezi&#8217;nin eski dan\u0131\u015fmanlar\u0131ndan Wes Bryant ise, sivil kay\u0131plar\u0131n ya\u015fand\u0131\u011f\u0131 ve ABD g\u00fc\u00e7lerinin b\u00f6lgede faaliyet g\u00f6sterdi\u011fi durumlarda resmi soru\u015fturman\u0131n ba\u015flat\u0131lmas\u0131n\u0131n, asl\u0131nda sorumlulu\u011fun \u00f6n kabul\u00fc anlam\u0131na geldi\u011fini savundu. Bryant, y\u00f6netimin bu durumu bildi\u011fi halde sessiz kalmas\u0131n\u0131n kabul edilemez oldu\u011funu belirtti.<\/p>\n<h2>&#13;<br \/>\n\tTrump ve Hegseth\u2019in a\u00e7\u0131klamalar\u0131 \u00e7eli\u015fiyor<\/h2>\n<p>&#13;<br \/>\n\tBa\u015fkan Trump, 7 Mart&#8217;ta herhangi bir kan\u0131t sunmadan sald\u0131r\u0131dan \u0130ran&#8217;\u0131 sorumlu tuttu\u011funu dile getirdi. Okulun hemen yan\u0131ndaki askeri \u00fcss\u00fc vuran ABD yap\u0131m\u0131 Tomahawk f\u00fczesine ait g\u00f6r\u00fcnt\u00fcler soruldu\u011funda ise Trump, bu g\u00f6r\u00fcnt\u00fcleri g\u00f6rmedi\u011fini iddia etti.<\/p>\n<p>&#13;<br \/>\n\tSavunma Bakan\u0131 Pete Hegseth de konuya ili\u015fkin sorular\u0131, sivil hedeflerin asla kas\u0131tl\u0131 olarak vurulmad\u0131\u011f\u0131n\u0131 ve soru\u015fturman\u0131n s\u00fcrd\u00fc\u011f\u00fcn\u00fc s\u00f6yleyerek yan\u0131tlad\u0131. Ancak sivil toplum kurulu\u015flar\u0131 ve bas\u0131n yay\u0131n organlar\u0131, okulun yan\u0131ndaki Devrim Muhaf\u0131zlar\u0131 \u00fcss\u00fcn\u00fcn ABD taraf\u0131ndan hedef al\u0131nd\u0131\u011f\u0131n\u0131, ancak g\u00fcncel olmayan istihbarat koordinatlar\u0131 nedeniyle okulun vurulmu\u015f olabilece\u011fini bildirdi.<\/p>\n<h2>&#13;<br \/>\n\tDemokratlar yan\u0131t bekliyor<\/h2>\n<p>&#13;<br \/>\n\tKongre\u2019deki Demokratlar, Savunma Bakan\u0131 Hegseth\u2019e g\u00f6nderdikleri mektuplarda sald\u0131r\u0131n\u0131n ABD taraf\u0131ndan ger\u00e7ekle\u015ftirilip ger\u00e7ekle\u015ftirilmedi\u011fine dair net yan\u0131tlar talep etti.<\/p>\n<p>&#13;<br \/>\n\tTemsilciler Meclisi Silahl\u0131 Hizmetler Komitesi&#8217;nin en k\u0131demli Demokrat \u00fcyesi Adam Smith, Pentagon yetkililerinin &#8220;soru\u015fturma s\u00fcr\u00fcyor&#8221; gerek\u00e7esiyle bilgi vermemesini &#8220;yetersiz ve ac\u0131nas\u0131&#8221; olarak tan\u0131mlad\u0131.<\/p>\n<h2>&#13;<br \/>\n\tGe\u00e7mi\u015fteki benzer olaylarla kar\u015f\u0131la\u015ft\u0131rma<\/h2>\n<p>&#13;<br \/>\n\tMinab sald\u0131r\u0131s\u0131ndaki sessizlik, ge\u00e7mi\u015fteki benzer sivil kay\u0131p vakalar\u0131yla kar\u015f\u0131la\u015ft\u0131r\u0131ld\u0131\u011f\u0131nda farkl\u0131l\u0131k g\u00f6steriyor:<\/p>\n<p>&#13;<br \/>\n\t2021 Kabil: ABD y\u00f6netimi, bir ailenin \u00f6ld\u00fc\u011f\u00fc dron sald\u0131r\u0131s\u0131ndan \u00fc\u00e7 hafta sonra sorumlulu\u011fu kabul ederek \u00f6z\u00fcr diledi.<\/p>\n<p>&#13;<br \/>\n\t2015 Kunduz: Afganistan&#8217;da bir hastanenin bombalanmas\u0131ndan be\u015f g\u00fcn sonra ABD ordusu, sald\u0131r\u0131n\u0131n kendi komuta zinciri i\u00e7erisinde al\u0131nan bir karar oldu\u011funu itiraf etti.<\/p>\n<p>&#13;<br \/>\n\t1991 Ba\u011fdat: El-Amiriye s\u0131\u011f\u0131na\u011f\u0131n\u0131n vurulmas\u0131n\u0131n ard\u0131ndan ABD y\u00f6netimi, sivil \u00f6l\u00fcmlerini ve sald\u0131r\u0131y\u0131 ger\u00e7ekle\u015ftirdi\u011fini en ba\u015ftan kabul etti.<\/p>\n<p>&#13;<br \/>\n\tEski D\u0131\u015fi\u015fleri Bakanl\u0131\u011f\u0131 yetkilisi Charles O. Blaha, Washington&#8217;daki bu \u015feffafl\u0131k eksikli\u011finin, Ba\u015fkan Trump&#8217;\u0131n \u0130ran&#8217;\u0131 su\u00e7layan a\u00e7\u0131klamalar\u0131yla \u00e7eli\u015fmekten duyulan \u00e7ekinceden kaynaklanabilece\u011fini ifade etti.<\/p>\n<\/p><\/div>\n","protected":false},"excerpt":{"rendered":"<p>&#13; 28 \u015eubat tarihinde, ABD-\u0130ran geriliminin ilk a\u015famalar\u0131nda Minab&#8217;daki bir ilkokula isabet eden f\u00fcze, \u0130ranl\u0131 yetkililerin a\u00e7\u0131klamalar\u0131na g\u00f6re 110&#8217;u \u00e7ocuk olmak \u00fczere 168 ki\u015finin \u00f6l\u00fcm\u00fcne yol a\u00e7t\u0131. Pentagon, aradan ge\u00e7en iki ayl\u0131k s\u00fcre\u00e7te olay\u0131n soru\u015fturuldu\u011funu belirtmekle yetindi. &#13; Soru\u015fturma s\u00fcreci ve \u015feffafl\u0131k ele\u015ftirileri &#13; Eski Hava Kuvvetleri k\u0131demli hukuk dan\u0131\u015fman\u0131 Emekli Yarbay Rachel E. VanLandingham, [&hellip;]<\/p>\n","protected":false},"author":1,"featured_media":36703,"comment_status":"open","ping_status":"open","sticky":false,"template":"","format":"standard","meta":{"jnews-multi-image_gallery":[],"jnews_single_post":[],"jnews_primary_category":[],"footnotes":""},"categories":[2],"tags":[],"class_list":["post-36702","post","type-post","status-publish","format-standard","has-post-thumbnail","hentry","category-dunya"],"yoast_head":"<!-- This site is optimized with the Yoast SEO plugin v27.5 - https:\/\/yoast.com\/product\/yoast-seo-wordpress\/ -->\n<title>ABD, \u0130ran&#039;da okulun vurulmas\u0131na y\u00f6nelik sessizli\u011fini koruyor - Haber Kuzey<\/title>\n<meta name=\"robots\" content=\"index, follow, max-snippet:-1, max-image-preview:large, max-video-preview:-1\" \/>\n<link rel=\"canonical\" href=\"https:\/\/haberkuzey.com\/index.php\/2026\/04\/29\/abd-iranda-okulun-vurulmasina-yonelik-sessizligini-koruyor\/\" \/>\n<meta property=\"og:locale\" content=\"tr_TR\" \/>\n<meta property=\"og:type\" content=\"article\" \/>\n<meta property=\"og:title\" content=\"ABD, \u0130ran&#039;da okulun vurulmas\u0131na y\u00f6nelik sessizli\u011fini koruyor - Haber Kuzey\" \/>\n<meta property=\"og:description\" content=\"&#013; 28 \u015eubat tarihinde, ABD-\u0130ran geriliminin ilk a\u015famalar\u0131nda Minab&#8217;daki bir ilkokula isabet eden f\u00fcze, \u0130ranl\u0131 yetkililerin a\u00e7\u0131klamalar\u0131na g\u00f6re 110&#8217;u \u00e7ocuk olmak \u00fczere 168 ki\u015finin \u00f6l\u00fcm\u00fcne yol a\u00e7t\u0131. Pentagon, aradan ge\u00e7en iki ayl\u0131k s\u00fcre\u00e7te olay\u0131n soru\u015fturuldu\u011funu belirtmekle yetindi. &#013; Soru\u015fturma s\u00fcreci ve \u015feffafl\u0131k ele\u015ftirileri &#013; Eski Hava Kuvvetleri k\u0131demli hukuk dan\u0131\u015fman\u0131 Emekli Yarbay Rachel E. VanLandingham, [&hellip;]\" \/>\n<meta property=\"og:url\" content=\"https:\/\/haberkuzey.com\/index.php\/2026\/04\/29\/abd-iranda-okulun-vurulmasina-yonelik-sessizligini-koruyor\/\" \/>\n<meta property=\"og:site_name\" content=\"Haber Kuzey\" \/>\n<meta property=\"article:published_time\" content=\"2026-04-29T04:53:47+00:00\" \/>\n<meta property=\"og:image\" content=\"https:\/\/trthaberstatic.cdn.wp.trt.com.tr\/resimler\/2442000\/iran-okul-saldiri-2442694.jpg\" \/>\n<meta name=\"author\" content=\"haberkuzey\" \/>\n<meta name=\"twitter:card\" content=\"summary_large_image\" \/>\n<meta name=\"twitter:label1\" content=\"Yazan:\" \/>\n\t<meta name=\"twitter:data1\" content=\"haberkuzey\" \/>\n\t<meta name=\"twitter:label2\" content=\"Tahmini okuma s\u00fcresi\" \/>\n\t<meta name=\"twitter:data2\" content=\"3 dakika\" \/>\n<script type=\"application\/ld+json\" class=\"yoast-schema-graph\">{\"@context\":\"https:\\\/\\\/schema.org\",\"@graph\":[{\"@type\":\"Article\",\"@id\":\"https:\\\/\\\/haberkuzey.com\\\/index.php\\\/2026\\\/04\\\/29\\\/abd-iranda-okulun-vurulmasina-yonelik-sessizligini-koruyor\\\/#article\",\"isPartOf\":{\"@id\":\"https:\\\/\\\/haberkuzey.com\\\/index.php\\\/2026\\\/04\\\/29\\\/abd-iranda-okulun-vurulmasina-yonelik-sessizligini-koruyor\\\/\"},\"author\":{\"name\":\"haberkuzey\",\"@id\":\"https:\\\/\\\/haberkuzey.com\\\/#\\\/schema\\\/person\\\/3372109ec735f9333f4fa47ebb9605ca\"},\"headline\":\"ABD, \u0130ran&#8217;da okulun vurulmas\u0131na y\u00f6nelik sessizli\u011fini koruyor\",\"datePublished\":\"2026-04-29T04:53:47+00:00\",\"mainEntityOfPage\":{\"@id\":\"https:\\\/\\\/haberkuzey.com\\\/index.php\\\/2026\\\/04\\\/29\\\/abd-iranda-okulun-vurulmasina-yonelik-sessizligini-koruyor\\\/\"},\"wordCount\":526,\"commentCount\":0,\"image\":{\"@id\":\"https:\\\/\\\/haberkuzey.com\\\/index.php\\\/2026\\\/04\\\/29\\\/abd-iranda-okulun-vurulmasina-yonelik-sessizligini-koruyor\\\/#primaryimage\"},\"thumbnailUrl\":\"https:\\\/\\\/haberkuzey.com\\\/wp-content\\\/uploads\\\/2026\\\/04\\\/iran-okul-saldiri-2442694.jpg\",\"articleSection\":[\"D\u00fcnya\"],\"inLanguage\":\"tr\",\"potentialAction\":[{\"@type\":\"CommentAction\",\"name\":\"Comment\",\"target\":[\"https:\\\/\\\/haberkuzey.com\\\/index.php\\\/2026\\\/04\\\/29\\\/abd-iranda-okulun-vurulmasina-yonelik-sessizligini-koruyor\\\/#respond\"]}]},{\"@type\":\"WebPage\",\"@id\":\"https:\\\/\\\/haberkuzey.com\\\/index.php\\\/2026\\\/04\\\/29\\\/abd-iranda-okulun-vurulmasina-yonelik-sessizligini-koruyor\\\/\",\"url\":\"https:\\\/\\\/haberkuzey.com\\\/index.php\\\/2026\\\/04\\\/29\\\/abd-iranda-okulun-vurulmasina-yonelik-sessizligini-koruyor\\\/\",\"name\":\"ABD, \u0130ran'da okulun vurulmas\u0131na y\u00f6nelik sessizli\u011fini koruyor - Haber Kuzey\",\"isPartOf\":{\"@id\":\"https:\\\/\\\/haberkuzey.com\\\/#website\"},\"primaryImageOfPage\":{\"@id\":\"https:\\\/\\\/haberkuzey.com\\\/index.php\\\/2026\\\/04\\\/29\\\/abd-iranda-okulun-vurulmasina-yonelik-sessizligini-koruyor\\\/#primaryimage\"},\"image\":{\"@id\":\"https:\\\/\\\/haberkuzey.com\\\/index.php\\\/2026\\\/04\\\/29\\\/abd-iranda-okulun-vurulmasina-yonelik-sessizligini-koruyor\\\/#primaryimage\"},\"thumbnailUrl\":\"https:\\\/\\\/haberkuzey.com\\\/wp-content\\\/uploads\\\/2026\\\/04\\\/iran-okul-saldiri-2442694.jpg\",\"datePublished\":\"2026-04-29T04:53:47+00:00\",\"author\":{\"@id\":\"https:\\\/\\\/haberkuzey.com\\\/#\\\/schema\\\/person\\\/3372109ec735f9333f4fa47ebb9605ca\"},\"breadcrumb\":{\"@id\":\"https:\\\/\\\/haberkuzey.com\\\/index.php\\\/2026\\\/04\\\/29\\\/abd-iranda-okulun-vurulmasina-yonelik-sessizligini-koruyor\\\/#breadcrumb\"},\"inLanguage\":\"tr\",\"potentialAction\":[{\"@type\":\"ReadAction\",\"target\":[\"https:\\\/\\\/haberkuzey.com\\\/index.php\\\/2026\\\/04\\\/29\\\/abd-iranda-okulun-vurulmasina-yonelik-sessizligini-koruyor\\\/\"]}]},{\"@type\":\"ImageObject\",\"inLanguage\":\"tr\",\"@id\":\"https:\\\/\\\/haberkuzey.com\\\/index.php\\\/2026\\\/04\\\/29\\\/abd-iranda-okulun-vurulmasina-yonelik-sessizligini-koruyor\\\/#primaryimage\",\"url\":\"https:\\\/\\\/haberkuzey.com\\\/wp-content\\\/uploads\\\/2026\\\/04\\\/iran-okul-saldiri-2442694.jpg\",\"contentUrl\":\"https:\\\/\\\/haberkuzey.com\\\/wp-content\\\/uploads\\\/2026\\\/04\\\/iran-okul-saldiri-2442694.jpg\",\"width\":1280,\"height\":720},{\"@type\":\"BreadcrumbList\",\"@id\":\"https:\\\/\\\/haberkuzey.com\\\/index.php\\\/2026\\\/04\\\/29\\\/abd-iranda-okulun-vurulmasina-yonelik-sessizligini-koruyor\\\/#breadcrumb\",\"itemListElement\":[{\"@type\":\"ListItem\",\"position\":1,\"name\":\"Anasayfa\",\"item\":\"https:\\\/\\\/haberkuzey.com\\\/\"},{\"@type\":\"ListItem\",\"position\":2,\"name\":\"ABD, \u0130ran&#8217;da okulun vurulmas\u0131na y\u00f6nelik sessizli\u011fini koruyor\"}]},{\"@type\":\"WebSite\",\"@id\":\"https:\\\/\\\/haberkuzey.com\\\/#website\",\"url\":\"https:\\\/\\\/haberkuzey.com\\\/\",\"name\":\"Haber Kuzey\",\"description\":\"Do\u011fru Haberin Adresi\",\"potentialAction\":[{\"@type\":\"SearchAction\",\"target\":{\"@type\":\"EntryPoint\",\"urlTemplate\":\"https:\\\/\\\/haberkuzey.com\\\/?s={search_term_string}\"},\"query-input\":{\"@type\":\"PropertyValueSpecification\",\"valueRequired\":true,\"valueName\":\"search_term_string\"}}],\"inLanguage\":\"tr\"},{\"@type\":\"Person\",\"@id\":\"https:\\\/\\\/haberkuzey.com\\\/#\\\/schema\\\/person\\\/3372109ec735f9333f4fa47ebb9605ca\",\"name\":\"haberkuzey\",\"image\":{\"@type\":\"ImageObject\",\"inLanguage\":\"tr\",\"@id\":\"https:\\\/\\\/secure.gravatar.com\\\/avatar\\\/f5fc875574b1575324358c3b9e6a32b8227aa5b74f3fa22e3cadb63e26fcc39c?s=96&d=mm&r=g\",\"url\":\"https:\\\/\\\/secure.gravatar.com\\\/avatar\\\/f5fc875574b1575324358c3b9e6a32b8227aa5b74f3fa22e3cadb63e26fcc39c?s=96&d=mm&r=g\",\"contentUrl\":\"https:\\\/\\\/secure.gravatar.com\\\/avatar\\\/f5fc875574b1575324358c3b9e6a32b8227aa5b74f3fa22e3cadb63e26fcc39c?s=96&d=mm&r=g\",\"caption\":\"haberkuzey\"},\"sameAs\":[\"https:\\\/\\\/haberkuzey.com\"],\"url\":\"https:\\\/\\\/haberkuzey.com\\\/index.php\\\/author\\\/haberkuzey\\\/\"}]}<\/script>\n<!-- \/ Yoast SEO plugin. -->","yoast_head_json":{"title":"ABD, \u0130ran'da okulun vurulmas\u0131na y\u00f6nelik sessizli\u011fini koruyor - Haber Kuzey","robots":{"index":"index","follow":"follow","max-snippet":"max-snippet:-1","max-image-preview":"max-image-preview:large","max-video-preview":"max-video-preview:-1"},"canonical":"https:\/\/haberkuzey.com\/index.php\/2026\/04\/29\/abd-iranda-okulun-vurulmasina-yonelik-sessizligini-koruyor\/","og_locale":"tr_TR","og_type":"article","og_title":"ABD, \u0130ran'da okulun vurulmas\u0131na y\u00f6nelik sessizli\u011fini koruyor - Haber Kuzey","og_description":"&#13; 28 \u015eubat tarihinde, ABD-\u0130ran geriliminin ilk a\u015famalar\u0131nda Minab&#8217;daki bir ilkokula isabet eden f\u00fcze, \u0130ranl\u0131 yetkililerin a\u00e7\u0131klamalar\u0131na g\u00f6re 110&#8217;u \u00e7ocuk olmak \u00fczere 168 ki\u015finin \u00f6l\u00fcm\u00fcne yol a\u00e7t\u0131. Pentagon, aradan ge\u00e7en iki ayl\u0131k s\u00fcre\u00e7te olay\u0131n soru\u015fturuldu\u011funu belirtmekle yetindi. &#13; Soru\u015fturma s\u00fcreci ve \u015feffafl\u0131k ele\u015ftirileri &#13; Eski Hava Kuvvetleri k\u0131demli hukuk dan\u0131\u015fman\u0131 Emekli Yarbay Rachel E. VanLandingham, [&hellip;]","og_url":"https:\/\/haberkuzey.com\/index.php\/2026\/04\/29\/abd-iranda-okulun-vurulmasina-yonelik-sessizligini-koruyor\/","og_site_name":"Haber Kuzey","article_published_time":"2026-04-29T04:53:47+00:00","og_image":[{"url":"https:\/\/trthaberstatic.cdn.wp.trt.com.tr\/resimler\/2442000\/iran-okul-saldiri-2442694.jpg","type":"","width":"","height":""}],"author":"haberkuzey","twitter_card":"summary_large_image","twitter_misc":{"Yazan:":"haberkuzey","Tahmini okuma s\u00fcresi":"3 dakika"},"schema":{"@context":"https:\/\/schema.org","@graph":[{"@type":"Article","@id":"https:\/\/haberkuzey.com\/index.php\/2026\/04\/29\/abd-iranda-okulun-vurulmasina-yonelik-sessizligini-koruyor\/#article","isPartOf":{"@id":"https:\/\/haberkuzey.com\/index.php\/2026\/04\/29\/abd-iranda-okulun-vurulmasina-yonelik-sessizligini-koruyor\/"},"author":{"name":"haberkuzey","@id":"https:\/\/haberkuzey.com\/#\/schema\/person\/3372109ec735f9333f4fa47ebb9605ca"},"headline":"ABD, \u0130ran&#8217;da okulun vurulmas\u0131na y\u00f6nelik sessizli\u011fini koruyor","datePublished":"2026-04-29T04:53:47+00:00","mainEntityOfPage":{"@id":"https:\/\/haberkuzey.com\/index.php\/2026\/04\/29\/abd-iranda-okulun-vurulmasina-yonelik-sessizligini-koruyor\/"},"wordCount":526,"commentCount":0,"image":{"@id":"https:\/\/haberkuzey.com\/index.php\/2026\/04\/29\/abd-iranda-okulun-vurulmasina-yonelik-sessizligini-koruyor\/#primaryimage"},"thumbnailUrl":"https:\/\/haberkuzey.com\/wp-content\/uploads\/2026\/04\/iran-okul-saldiri-2442694.jpg","articleSection":["D\u00fcnya"],"inLanguage":"tr","potentialAction":[{"@type":"CommentAction","name":"Comment","target":["https:\/\/haberkuzey.com\/index.php\/2026\/04\/29\/abd-iranda-okulun-vurulmasina-yonelik-sessizligini-koruyor\/#respond"]}]},{"@type":"WebPage","@id":"https:\/\/haberkuzey.com\/index.php\/2026\/04\/29\/abd-iranda-okulun-vurulmasina-yonelik-sessizligini-koruyor\/","url":"https:\/\/haberkuzey.com\/index.php\/2026\/04\/29\/abd-iranda-okulun-vurulmasina-yonelik-sessizligini-koruyor\/","name":"ABD, \u0130ran'da okulun vurulmas\u0131na y\u00f6nelik sessizli\u011fini koruyor - Haber Kuzey","isPartOf":{"@id":"https:\/\/haberkuzey.com\/#website"},"primaryImageOfPage":{"@id":"https:\/\/haberkuzey.com\/index.php\/2026\/04\/29\/abd-iranda-okulun-vurulmasina-yonelik-sessizligini-koruyor\/#primaryimage"},"image":{"@id":"https:\/\/haberkuzey.com\/index.php\/2026\/04\/29\/abd-iranda-okulun-vurulmasina-yonelik-sessizligini-koruyor\/#primaryimage"},"thumbnailUrl":"https:\/\/haberkuzey.com\/wp-content\/uploads\/2026\/04\/iran-okul-saldiri-2442694.jpg","datePublished":"2026-04-29T04:53:47+00:00","author":{"@id":"https:\/\/haberkuzey.com\/#\/schema\/person\/3372109ec735f9333f4fa47ebb9605ca"},"breadcrumb":{"@id":"https:\/\/haberkuzey.com\/index.php\/2026\/04\/29\/abd-iranda-okulun-vurulmasina-yonelik-sessizligini-koruyor\/#breadcrumb"},"inLanguage":"tr","potentialAction":[{"@type":"ReadAction","target":["https:\/\/haberkuzey.com\/index.php\/2026\/04\/29\/abd-iranda-okulun-vurulmasina-yonelik-sessizligini-koruyor\/"]}]},{"@type":"ImageObject","inLanguage":"tr","@id":"https:\/\/haberkuzey.com\/index.php\/2026\/04\/29\/abd-iranda-okulun-vurulmasina-yonelik-sessizligini-koruyor\/#primaryimage","url":"https:\/\/haberkuzey.com\/wp-content\/uploads\/2026\/04\/iran-okul-saldiri-2442694.jpg","contentUrl":"https:\/\/haberkuzey.com\/wp-content\/uploads\/2026\/04\/iran-okul-saldiri-2442694.jpg","width":1280,"height":720},{"@type":"BreadcrumbList","@id":"https:\/\/haberkuzey.com\/index.php\/2026\/04\/29\/abd-iranda-okulun-vurulmasina-yonelik-sessizligini-koruyor\/#breadcrumb","itemListElement":[{"@type":"ListItem","position":1,"name":"Anasayfa","item":"https:\/\/haberkuzey.com\/"},{"@type":"ListItem","position":2,"name":"ABD, \u0130ran&#8217;da okulun vurulmas\u0131na y\u00f6nelik sessizli\u011fini koruyor"}]},{"@type":"WebSite","@id":"https:\/\/haberkuzey.com\/#website","url":"https:\/\/haberkuzey.com\/","name":"Haber Kuzey","description":"Do\u011fru Haberin Adresi","potentialAction":[{"@type":"SearchAction","target":{"@type":"EntryPoint","urlTemplate":"https:\/\/haberkuzey.com\/?s={search_term_string}"},"query-input":{"@type":"PropertyValueSpecification","valueRequired":true,"valueName":"search_term_string"}}],"inLanguage":"tr"},{"@type":"Person","@id":"https:\/\/haberkuzey.com\/#\/schema\/person\/3372109ec735f9333f4fa47ebb9605ca","name":"haberkuzey","image":{"@type":"ImageObject","inLanguage":"tr","@id":"https:\/\/secure.gravatar.com\/avatar\/f5fc875574b1575324358c3b9e6a32b8227aa5b74f3fa22e3cadb63e26fcc39c?s=96&d=mm&r=g","url":"https:\/\/secure.gravatar.com\/avatar\/f5fc875574b1575324358c3b9e6a32b8227aa5b74f3fa22e3cadb63e26fcc39c?s=96&d=mm&r=g","contentUrl":"https:\/\/secure.gravatar.com\/avatar\/f5fc875574b1575324358c3b9e6a32b8227aa5b74f3fa22e3cadb63e26fcc39c?s=96&d=mm&r=g","caption":"haberkuzey"},"sameAs":["https:\/\/haberkuzey.com"],"url":"https:\/\/haberkuzey.com\/index.php\/author\/haberkuzey\/"}]}},"_links":{"self":[{"href":"https:\/\/haberkuzey.com\/index.php\/wp-json\/wp\/v2\/posts\/36702","targetHints":{"allow":["GET"]}}],"collection":[{"href":"https:\/\/haberkuzey.com\/index.php\/wp-json\/wp\/v2\/posts"}],"about":[{"href":"https:\/\/haberkuzey.com\/index.php\/wp-json\/wp\/v2\/types\/post"}],"author":[{"embeddable":true,"href":"https:\/\/haberkuzey.com\/index.php\/wp-json\/wp\/v2\/users\/1"}],"replies":[{"embeddable":true,"href":"https:\/\/haberkuzey.com\/index.php\/wp-json\/wp\/v2\/comments?post=36702"}],"version-history":[{"count":0,"href":"https:\/\/haberkuzey.com\/index.php\/wp-json\/wp\/v2\/posts\/36702\/revisions"}],"wp:featuredmedia":[{"embeddable":true,"href":"https:\/\/haberkuzey.com\/index.php\/wp-json\/wp\/v2\/media\/36703"}],"wp:attachment":[{"href":"https:\/\/haberkuzey.com\/index.php\/wp-json\/wp\/v2\/media?parent=36702"}],"wp:term":[{"taxonomy":"category","embeddable":true,"href":"https:\/\/haberkuzey.com\/index.php\/wp-json\/wp\/v2\/categories?post=36702"},{"taxonomy":"post_tag","embeddable":true,"href":"https:\/\/haberkuzey.com\/index.php\/wp-json\/wp\/v2\/tags?post=36702"}],"curies":[{"name":"wp","href":"https:\/\/api.w.org\/{rel}","templated":true}]}}