{"id":36701,"date":"2026-04-29T06:52:56","date_gmt":"2026-04-29T03:52:56","guid":{"rendered":"https:\/\/haberkuzey.com\/index.php\/2026\/04\/29\/2026-dunya-kupasinda-yeni-kurallar-agzini-kapatan-oyunculara-kirmizi-kart\/"},"modified":"2026-04-29T06:52:56","modified_gmt":"2026-04-29T03:52:56","slug":"2026-dunya-kupasinda-yeni-kurallar-agzini-kapatan-oyunculara-kirmizi-kart","status":"publish","type":"post","link":"https:\/\/haberkuzey.com\/index.php\/2026\/04\/29\/2026-dunya-kupasinda-yeni-kurallar-agzini-kapatan-oyunculara-kirmizi-kart\/","title":{"rendered":"2026 D\u00fcnya Kupas\u0131&#8217;nda yeni kurallar: A\u011fz\u0131n\u0131 kapatan oyunculara k\u0131rm\u0131z\u0131 kart"},"content":{"rendered":"<p><\/p>\n<div>\n<p>&#13;<br \/>\n\tIFAB, bu kurallar\u0131n di\u011fer lig ve turnuvalarda uygulanmas\u0131n\u0131 zorunlu tutmad\u0131; bu karar\u0131 organizat\u00f6rlerin tercihine b\u0131rakt\u0131. Ancak D\u00fcnya Kupas\u0131&#8217;nda kurallar kesin olarak y\u00fcr\u00fcrl\u00fckte olacak.<\/p>\n<h2>&#13;<br \/>\n\tSahay\u0131 terk etme ve h\u00fckmen ma\u011flubiyet<\/h2>\n<p>&#13;<br \/>\n\tProtesto amac\u0131yla sahay\u0131 terk etme kural\u0131, 2026 Afrika Uluslar Kupas\u0131 (AFCON) finalinde ya\u015fanan olaylar\u0131n ard\u0131ndan g\u00fcndeme geldi. Senegal ile Fas aras\u0131nda oynanan finalde, tart\u0131\u015fmal\u0131 bir penalt\u0131 karar\u0131 sonras\u0131 Senegalli oyuncular sahay\u0131 terk etmi\u015fti.<\/p>\n<p>&#13;<br \/>\n\tYeni protokollere g\u00f6re:<\/p>\n<p>&#13;<br \/>\n\tHakem karar\u0131n\u0131 protesto etmek i\u00e7in sahay\u0131 terk eden oyunculara do\u011frudan k\u0131rm\u0131z\u0131 kart verilecek.<\/p>\n<p>&#13;<br \/>\n\tOyuncular\u0131 sahay\u0131 terk etmeye te\u015fvik eden tak\u0131m yetkilileri de k\u0131rm\u0131z\u0131 kartla cezaland\u0131r\u0131lacak.<\/p>\n<p>&#13;<br \/>\n\tBir ma\u00e7\u0131n yar\u0131da kalmas\u0131na neden olan tak\u0131m, prensip olarak h\u00fckmen ma\u011flup say\u0131lacak.<\/p>\n<h2>&#13;<br \/>\n\t&#8220;A\u011f\u0131z kapatma&#8221; yasa\u011f\u0131 ve ayr\u0131mc\u0131l\u0131kla m\u00fccadele<\/h2>\n<p>&#13;<br \/>\n\tOyuncular\u0131n konu\u015furken a\u011f\u0131zlar\u0131n\u0131 kapatmalar\u0131, \u00f6zellikle \u0131rk\u00e7\u0131 hakaretlerin gizlenmesi amac\u0131yla kullan\u0131ld\u0131\u011f\u0131 gerek\u00e7esiyle yasaklan\u0131yor.<\/p>\n<p>&#13;<br \/>\n\tBu karar, \u015eubat ay\u0131nda Real Madrid oyuncusu Vin\u00edcius Jr.&#8217;\u0131n, Benfical\u0131 Gianluca Prestianni taraf\u0131ndan a\u011fz\u0131 kapal\u0131yken \u0131rk\u00e7\u0131 hakarete u\u011frad\u0131\u011f\u0131n\u0131 iddia etmesi \u00fczerine h\u0131z kazand\u0131.<\/p>\n<p>&#13;<br \/>\n\tPrestianni, Vin\u00edcius Jr.&#8217;a y\u00f6nelik hakarette bulundu\u011funu kabul etmesinin ard\u0131ndan UEFA&#8217;dan 6 ma\u00e7 ceza alm\u0131\u015ft\u0131.<\/p>\n<p>&#13;<br \/>\n\tFIFA Ba\u015fkan\u0131 Gianni Infantino, bu t\u00fcr eylemlerin a\u011f\u0131r yapt\u0131r\u0131mlarla kar\u015f\u0131lanmas\u0131 gerekti\u011fini savunuyor.<\/p>\n<h2>&#13;<br \/>\n\tTart\u0131\u015fmalar ve belirsizlikler<\/h2>\n<p>&#13;<br \/>\n\tAvrupa ligleri, sahay\u0131 terk eden oyuncuya otomatik k\u0131rm\u0131z\u0131 kart verilmesine kar\u015f\u0131 baz\u0131 \u00e7ekinceler dile getiriyor.<\/p>\n<p>&#13;<br \/>\n\tLig yetkilileri, bir oyuncunun \u0131rk\u00e7\u0131 tacize maruz kald\u0131\u011f\u0131 i\u00e7in sahay\u0131 terk etmesi durumunda k\u0131rm\u0131z\u0131 kart g\u00f6rmesinin haks\u0131zl\u0131k yaratabilece\u011fine dikkat \u00e7ekiyor.<\/p>\n<p>&#13;<br \/>\n\tAyr\u0131ca, 2026 AFCON finaline dair hukuki s\u00fcre\u00e7 de devam ediyor.<\/p>\n<p>&#13;<br \/>\n\tAfrika Futbol Konfederasyonu (CAF), Senegal&#8217;in kazand\u0131\u011f\u0131 ma\u00e7\u0131 daha sonra Fas lehine tescil etmi\u015fti.<\/p>\n<p>&#13;<br \/>\n\tSenegal ise bu karar\u0131 Uluslararas\u0131 Spor Tahkim Mahkemesi&#8217;ne (CAS) ta\u015f\u0131d\u0131.<\/p>\n<\/p><\/div>\n","protected":false},"excerpt":{"rendered":"<p>&#13; IFAB, bu kurallar\u0131n di\u011fer lig ve turnuvalarda uygulanmas\u0131n\u0131 zorunlu tutmad\u0131; bu karar\u0131 organizat\u00f6rlerin tercihine b\u0131rakt\u0131. Ancak D\u00fcnya Kupas\u0131&#8217;nda kurallar kesin olarak y\u00fcr\u00fcrl\u00fckte olacak. &#13; Sahay\u0131 terk etme ve h\u00fckmen ma\u011flubiyet &#13; Protesto amac\u0131yla sahay\u0131 terk etme kural\u0131, 2026 Afrika Uluslar Kupas\u0131 (AFCON) finalinde ya\u015fanan olaylar\u0131n ard\u0131ndan g\u00fcndeme geldi. Senegal ile Fas aras\u0131nda oynanan finalde, [&hellip;]<\/p>\n","protected":false},"author":1,"featured_media":31999,"comment_status":"open","ping_status":"open","sticky":false,"template":"","format":"standard","meta":{"jnews-multi-image_gallery":[],"jnews_single_post":[],"jnews_primary_category":[],"footnotes":""},"categories":[2],"tags":[],"class_list":["post-36701","post","type-post","status-publish","format-standard","has-post-thumbnail","hentry","category-dunya"],"yoast_head":"<!-- This site is optimized with the Yoast SEO plugin v27.5 - https:\/\/yoast.com\/product\/yoast-seo-wordpress\/ -->\n<title>2026 D\u00fcnya Kupas\u0131&#039;nda yeni kurallar: A\u011fz\u0131n\u0131 kapatan oyunculara k\u0131rm\u0131z\u0131 kart - Haber Kuzey<\/title>\n<meta name=\"robots\" content=\"index, follow, max-snippet:-1, max-image-preview:large, max-video-preview:-1\" \/>\n<link rel=\"canonical\" href=\"https:\/\/haberkuzey.com\/index.php\/2026\/04\/29\/2026-dunya-kupasinda-yeni-kurallar-agzini-kapatan-oyunculara-kirmizi-kart\/\" \/>\n<meta property=\"og:locale\" content=\"tr_TR\" \/>\n<meta property=\"og:type\" content=\"article\" \/>\n<meta property=\"og:title\" content=\"2026 D\u00fcnya Kupas\u0131&#039;nda yeni kurallar: A\u011fz\u0131n\u0131 kapatan oyunculara k\u0131rm\u0131z\u0131 kart - Haber Kuzey\" \/>\n<meta property=\"og:description\" content=\"&#013; IFAB, bu kurallar\u0131n di\u011fer lig ve turnuvalarda uygulanmas\u0131n\u0131 zorunlu tutmad\u0131; bu karar\u0131 organizat\u00f6rlerin tercihine b\u0131rakt\u0131. Ancak D\u00fcnya Kupas\u0131&#8217;nda kurallar kesin olarak y\u00fcr\u00fcrl\u00fckte olacak. &#013; Sahay\u0131 terk etme ve h\u00fckmen ma\u011flubiyet &#013; Protesto amac\u0131yla sahay\u0131 terk etme kural\u0131, 2026 Afrika Uluslar Kupas\u0131 (AFCON) finalinde ya\u015fanan olaylar\u0131n ard\u0131ndan g\u00fcndeme geldi. Senegal ile Fas aras\u0131nda oynanan finalde, [&hellip;]\" \/>\n<meta property=\"og:url\" content=\"https:\/\/haberkuzey.com\/index.php\/2026\/04\/29\/2026-dunya-kupasinda-yeni-kurallar-agzini-kapatan-oyunculara-kirmizi-kart\/\" \/>\n<meta property=\"og:site_name\" content=\"Haber Kuzey\" \/>\n<meta property=\"article:published_time\" content=\"2026-04-29T03:52:56+00:00\" \/>\n<meta property=\"og:image\" content=\"https:\/\/trthaberstatic.cdn.wp.trt.com.tr\/resimler\/2078000\/2079538.jpg\" \/>\n<meta name=\"author\" content=\"haberkuzey\" \/>\n<meta name=\"twitter:card\" content=\"summary_large_image\" \/>\n<meta name=\"twitter:label1\" content=\"Yazan:\" \/>\n\t<meta name=\"twitter:data1\" content=\"haberkuzey\" \/>\n\t<meta name=\"twitter:label2\" content=\"Tahmini okuma s\u00fcresi\" \/>\n\t<meta name=\"twitter:data2\" content=\"2 dakika\" \/>\n<script type=\"application\/ld+json\" class=\"yoast-schema-graph\">{\"@context\":\"https:\\\/\\\/schema.org\",\"@graph\":[{\"@type\":\"Article\",\"@id\":\"https:\\\/\\\/haberkuzey.com\\\/index.php\\\/2026\\\/04\\\/29\\\/2026-dunya-kupasinda-yeni-kurallar-agzini-kapatan-oyunculara-kirmizi-kart\\\/#article\",\"isPartOf\":{\"@id\":\"https:\\\/\\\/haberkuzey.com\\\/index.php\\\/2026\\\/04\\\/29\\\/2026-dunya-kupasinda-yeni-kurallar-agzini-kapatan-oyunculara-kirmizi-kart\\\/\"},\"author\":{\"name\":\"haberkuzey\",\"@id\":\"https:\\\/\\\/haberkuzey.com\\\/#\\\/schema\\\/person\\\/3372109ec735f9333f4fa47ebb9605ca\"},\"headline\":\"2026 D\u00fcnya Kupas\u0131&#8217;nda yeni kurallar: A\u011fz\u0131n\u0131 kapatan oyunculara k\u0131rm\u0131z\u0131 kart\",\"datePublished\":\"2026-04-29T03:52:56+00:00\",\"mainEntityOfPage\":{\"@id\":\"https:\\\/\\\/haberkuzey.com\\\/index.php\\\/2026\\\/04\\\/29\\\/2026-dunya-kupasinda-yeni-kurallar-agzini-kapatan-oyunculara-kirmizi-kart\\\/\"},\"wordCount\":343,\"commentCount\":0,\"image\":{\"@id\":\"https:\\\/\\\/haberkuzey.com\\\/index.php\\\/2026\\\/04\\\/29\\\/2026-dunya-kupasinda-yeni-kurallar-agzini-kapatan-oyunculara-kirmizi-kart\\\/#primaryimage\"},\"thumbnailUrl\":\"https:\\\/\\\/haberkuzey.com\\\/wp-content\\\/uploads\\\/2025\\\/11\\\/2079538.jpg\",\"articleSection\":[\"D\u00fcnya\"],\"inLanguage\":\"tr\",\"potentialAction\":[{\"@type\":\"CommentAction\",\"name\":\"Comment\",\"target\":[\"https:\\\/\\\/haberkuzey.com\\\/index.php\\\/2026\\\/04\\\/29\\\/2026-dunya-kupasinda-yeni-kurallar-agzini-kapatan-oyunculara-kirmizi-kart\\\/#respond\"]}]},{\"@type\":\"WebPage\",\"@id\":\"https:\\\/\\\/haberkuzey.com\\\/index.php\\\/2026\\\/04\\\/29\\\/2026-dunya-kupasinda-yeni-kurallar-agzini-kapatan-oyunculara-kirmizi-kart\\\/\",\"url\":\"https:\\\/\\\/haberkuzey.com\\\/index.php\\\/2026\\\/04\\\/29\\\/2026-dunya-kupasinda-yeni-kurallar-agzini-kapatan-oyunculara-kirmizi-kart\\\/\",\"name\":\"2026 D\u00fcnya Kupas\u0131'nda yeni kurallar: A\u011fz\u0131n\u0131 kapatan oyunculara k\u0131rm\u0131z\u0131 kart - Haber Kuzey\",\"isPartOf\":{\"@id\":\"https:\\\/\\\/haberkuzey.com\\\/#website\"},\"primaryImageOfPage\":{\"@id\":\"https:\\\/\\\/haberkuzey.com\\\/index.php\\\/2026\\\/04\\\/29\\\/2026-dunya-kupasinda-yeni-kurallar-agzini-kapatan-oyunculara-kirmizi-kart\\\/#primaryimage\"},\"image\":{\"@id\":\"https:\\\/\\\/haberkuzey.com\\\/index.php\\\/2026\\\/04\\\/29\\\/2026-dunya-kupasinda-yeni-kurallar-agzini-kapatan-oyunculara-kirmizi-kart\\\/#primaryimage\"},\"thumbnailUrl\":\"https:\\\/\\\/haberkuzey.com\\\/wp-content\\\/uploads\\\/2025\\\/11\\\/2079538.jpg\",\"datePublished\":\"2026-04-29T03:52:56+00:00\",\"author\":{\"@id\":\"https:\\\/\\\/haberkuzey.com\\\/#\\\/schema\\\/person\\\/3372109ec735f9333f4fa47ebb9605ca\"},\"breadcrumb\":{\"@id\":\"https:\\\/\\\/haberkuzey.com\\\/index.php\\\/2026\\\/04\\\/29\\\/2026-dunya-kupasinda-yeni-kurallar-agzini-kapatan-oyunculara-kirmizi-kart\\\/#breadcrumb\"},\"inLanguage\":\"tr\",\"potentialAction\":[{\"@type\":\"ReadAction\",\"target\":[\"https:\\\/\\\/haberkuzey.com\\\/index.php\\\/2026\\\/04\\\/29\\\/2026-dunya-kupasinda-yeni-kurallar-agzini-kapatan-oyunculara-kirmizi-kart\\\/\"]}]},{\"@type\":\"ImageObject\",\"inLanguage\":\"tr\",\"@id\":\"https:\\\/\\\/haberkuzey.com\\\/index.php\\\/2026\\\/04\\\/29\\\/2026-dunya-kupasinda-yeni-kurallar-agzini-kapatan-oyunculara-kirmizi-kart\\\/#primaryimage\",\"url\":\"https:\\\/\\\/haberkuzey.com\\\/wp-content\\\/uploads\\\/2025\\\/11\\\/2079538.jpg\",\"contentUrl\":\"https:\\\/\\\/haberkuzey.com\\\/wp-content\\\/uploads\\\/2025\\\/11\\\/2079538.jpg\",\"width\":1280,\"height\":720},{\"@type\":\"BreadcrumbList\",\"@id\":\"https:\\\/\\\/haberkuzey.com\\\/index.php\\\/2026\\\/04\\\/29\\\/2026-dunya-kupasinda-yeni-kurallar-agzini-kapatan-oyunculara-kirmizi-kart\\\/#breadcrumb\",\"itemListElement\":[{\"@type\":\"ListItem\",\"position\":1,\"name\":\"Anasayfa\",\"item\":\"https:\\\/\\\/haberkuzey.com\\\/\"},{\"@type\":\"ListItem\",\"position\":2,\"name\":\"2026 D\u00fcnya Kupas\u0131&#8217;nda yeni kurallar: A\u011fz\u0131n\u0131 kapatan oyunculara k\u0131rm\u0131z\u0131 kart\"}]},{\"@type\":\"WebSite\",\"@id\":\"https:\\\/\\\/haberkuzey.com\\\/#website\",\"url\":\"https:\\\/\\\/haberkuzey.com\\\/\",\"name\":\"Haber Kuzey\",\"description\":\"Do\u011fru Haberin Adresi\",\"potentialAction\":[{\"@type\":\"SearchAction\",\"target\":{\"@type\":\"EntryPoint\",\"urlTemplate\":\"https:\\\/\\\/haberkuzey.com\\\/?s={search_term_string}\"},\"query-input\":{\"@type\":\"PropertyValueSpecification\",\"valueRequired\":true,\"valueName\":\"search_term_string\"}}],\"inLanguage\":\"tr\"},{\"@type\":\"Person\",\"@id\":\"https:\\\/\\\/haberkuzey.com\\\/#\\\/schema\\\/person\\\/3372109ec735f9333f4fa47ebb9605ca\",\"name\":\"haberkuzey\",\"image\":{\"@type\":\"ImageObject\",\"inLanguage\":\"tr\",\"@id\":\"https:\\\/\\\/secure.gravatar.com\\\/avatar\\\/f5fc875574b1575324358c3b9e6a32b8227aa5b74f3fa22e3cadb63e26fcc39c?s=96&d=mm&r=g\",\"url\":\"https:\\\/\\\/secure.gravatar.com\\\/avatar\\\/f5fc875574b1575324358c3b9e6a32b8227aa5b74f3fa22e3cadb63e26fcc39c?s=96&d=mm&r=g\",\"contentUrl\":\"https:\\\/\\\/secure.gravatar.com\\\/avatar\\\/f5fc875574b1575324358c3b9e6a32b8227aa5b74f3fa22e3cadb63e26fcc39c?s=96&d=mm&r=g\",\"caption\":\"haberkuzey\"},\"sameAs\":[\"https:\\\/\\\/haberkuzey.com\"],\"url\":\"https:\\\/\\\/haberkuzey.com\\\/index.php\\\/author\\\/haberkuzey\\\/\"}]}<\/script>\n<!-- \/ Yoast SEO plugin. -->","yoast_head_json":{"title":"2026 D\u00fcnya Kupas\u0131'nda yeni kurallar: A\u011fz\u0131n\u0131 kapatan oyunculara k\u0131rm\u0131z\u0131 kart - Haber Kuzey","robots":{"index":"index","follow":"follow","max-snippet":"max-snippet:-1","max-image-preview":"max-image-preview:large","max-video-preview":"max-video-preview:-1"},"canonical":"https:\/\/haberkuzey.com\/index.php\/2026\/04\/29\/2026-dunya-kupasinda-yeni-kurallar-agzini-kapatan-oyunculara-kirmizi-kart\/","og_locale":"tr_TR","og_type":"article","og_title":"2026 D\u00fcnya Kupas\u0131'nda yeni kurallar: A\u011fz\u0131n\u0131 kapatan oyunculara k\u0131rm\u0131z\u0131 kart - Haber Kuzey","og_description":"&#13; IFAB, bu kurallar\u0131n di\u011fer lig ve turnuvalarda uygulanmas\u0131n\u0131 zorunlu tutmad\u0131; bu karar\u0131 organizat\u00f6rlerin tercihine b\u0131rakt\u0131. Ancak D\u00fcnya Kupas\u0131&#8217;nda kurallar kesin olarak y\u00fcr\u00fcrl\u00fckte olacak. &#13; Sahay\u0131 terk etme ve h\u00fckmen ma\u011flubiyet &#13; Protesto amac\u0131yla sahay\u0131 terk etme kural\u0131, 2026 Afrika Uluslar Kupas\u0131 (AFCON) finalinde ya\u015fanan olaylar\u0131n ard\u0131ndan g\u00fcndeme geldi. Senegal ile Fas aras\u0131nda oynanan finalde, [&hellip;]","og_url":"https:\/\/haberkuzey.com\/index.php\/2026\/04\/29\/2026-dunya-kupasinda-yeni-kurallar-agzini-kapatan-oyunculara-kirmizi-kart\/","og_site_name":"Haber Kuzey","article_published_time":"2026-04-29T03:52:56+00:00","og_image":[{"url":"https:\/\/trthaberstatic.cdn.wp.trt.com.tr\/resimler\/2078000\/2079538.jpg","type":"","width":"","height":""}],"author":"haberkuzey","twitter_card":"summary_large_image","twitter_misc":{"Yazan:":"haberkuzey","Tahmini okuma s\u00fcresi":"2 dakika"},"schema":{"@context":"https:\/\/schema.org","@graph":[{"@type":"Article","@id":"https:\/\/haberkuzey.com\/index.php\/2026\/04\/29\/2026-dunya-kupasinda-yeni-kurallar-agzini-kapatan-oyunculara-kirmizi-kart\/#article","isPartOf":{"@id":"https:\/\/haberkuzey.com\/index.php\/2026\/04\/29\/2026-dunya-kupasinda-yeni-kurallar-agzini-kapatan-oyunculara-kirmizi-kart\/"},"author":{"name":"haberkuzey","@id":"https:\/\/haberkuzey.com\/#\/schema\/person\/3372109ec735f9333f4fa47ebb9605ca"},"headline":"2026 D\u00fcnya Kupas\u0131&#8217;nda yeni kurallar: A\u011fz\u0131n\u0131 kapatan oyunculara k\u0131rm\u0131z\u0131 kart","datePublished":"2026-04-29T03:52:56+00:00","mainEntityOfPage":{"@id":"https:\/\/haberkuzey.com\/index.php\/2026\/04\/29\/2026-dunya-kupasinda-yeni-kurallar-agzini-kapatan-oyunculara-kirmizi-kart\/"},"wordCount":343,"commentCount":0,"image":{"@id":"https:\/\/haberkuzey.com\/index.php\/2026\/04\/29\/2026-dunya-kupasinda-yeni-kurallar-agzini-kapatan-oyunculara-kirmizi-kart\/#primaryimage"},"thumbnailUrl":"https:\/\/haberkuzey.com\/wp-content\/uploads\/2025\/11\/2079538.jpg","articleSection":["D\u00fcnya"],"inLanguage":"tr","potentialAction":[{"@type":"CommentAction","name":"Comment","target":["https:\/\/haberkuzey.com\/index.php\/2026\/04\/29\/2026-dunya-kupasinda-yeni-kurallar-agzini-kapatan-oyunculara-kirmizi-kart\/#respond"]}]},{"@type":"WebPage","@id":"https:\/\/haberkuzey.com\/index.php\/2026\/04\/29\/2026-dunya-kupasinda-yeni-kurallar-agzini-kapatan-oyunculara-kirmizi-kart\/","url":"https:\/\/haberkuzey.com\/index.php\/2026\/04\/29\/2026-dunya-kupasinda-yeni-kurallar-agzini-kapatan-oyunculara-kirmizi-kart\/","name":"2026 D\u00fcnya Kupas\u0131'nda yeni kurallar: A\u011fz\u0131n\u0131 kapatan oyunculara k\u0131rm\u0131z\u0131 kart - Haber Kuzey","isPartOf":{"@id":"https:\/\/haberkuzey.com\/#website"},"primaryImageOfPage":{"@id":"https:\/\/haberkuzey.com\/index.php\/2026\/04\/29\/2026-dunya-kupasinda-yeni-kurallar-agzini-kapatan-oyunculara-kirmizi-kart\/#primaryimage"},"image":{"@id":"https:\/\/haberkuzey.com\/index.php\/2026\/04\/29\/2026-dunya-kupasinda-yeni-kurallar-agzini-kapatan-oyunculara-kirmizi-kart\/#primaryimage"},"thumbnailUrl":"https:\/\/haberkuzey.com\/wp-content\/uploads\/2025\/11\/2079538.jpg","datePublished":"2026-04-29T03:52:56+00:00","author":{"@id":"https:\/\/haberkuzey.com\/#\/schema\/person\/3372109ec735f9333f4fa47ebb9605ca"},"breadcrumb":{"@id":"https:\/\/haberkuzey.com\/index.php\/2026\/04\/29\/2026-dunya-kupasinda-yeni-kurallar-agzini-kapatan-oyunculara-kirmizi-kart\/#breadcrumb"},"inLanguage":"tr","potentialAction":[{"@type":"ReadAction","target":["https:\/\/haberkuzey.com\/index.php\/2026\/04\/29\/2026-dunya-kupasinda-yeni-kurallar-agzini-kapatan-oyunculara-kirmizi-kart\/"]}]},{"@type":"ImageObject","inLanguage":"tr","@id":"https:\/\/haberkuzey.com\/index.php\/2026\/04\/29\/2026-dunya-kupasinda-yeni-kurallar-agzini-kapatan-oyunculara-kirmizi-kart\/#primaryimage","url":"https:\/\/haberkuzey.com\/wp-content\/uploads\/2025\/11\/2079538.jpg","contentUrl":"https:\/\/haberkuzey.com\/wp-content\/uploads\/2025\/11\/2079538.jpg","width":1280,"height":720},{"@type":"BreadcrumbList","@id":"https:\/\/haberkuzey.com\/index.php\/2026\/04\/29\/2026-dunya-kupasinda-yeni-kurallar-agzini-kapatan-oyunculara-kirmizi-kart\/#breadcrumb","itemListElement":[{"@type":"ListItem","position":1,"name":"Anasayfa","item":"https:\/\/haberkuzey.com\/"},{"@type":"ListItem","position":2,"name":"2026 D\u00fcnya Kupas\u0131&#8217;nda yeni kurallar: A\u011fz\u0131n\u0131 kapatan oyunculara k\u0131rm\u0131z\u0131 kart"}]},{"@type":"WebSite","@id":"https:\/\/haberkuzey.com\/#website","url":"https:\/\/haberkuzey.com\/","name":"Haber Kuzey","description":"Do\u011fru Haberin Adresi","potentialAction":[{"@type":"SearchAction","target":{"@type":"EntryPoint","urlTemplate":"https:\/\/haberkuzey.com\/?s={search_term_string}"},"query-input":{"@type":"PropertyValueSpecification","valueRequired":true,"valueName":"search_term_string"}}],"inLanguage":"tr"},{"@type":"Person","@id":"https:\/\/haberkuzey.com\/#\/schema\/person\/3372109ec735f9333f4fa47ebb9605ca","name":"haberkuzey","image":{"@type":"ImageObject","inLanguage":"tr","@id":"https:\/\/secure.gravatar.com\/avatar\/f5fc875574b1575324358c3b9e6a32b8227aa5b74f3fa22e3cadb63e26fcc39c?s=96&d=mm&r=g","url":"https:\/\/secure.gravatar.com\/avatar\/f5fc875574b1575324358c3b9e6a32b8227aa5b74f3fa22e3cadb63e26fcc39c?s=96&d=mm&r=g","contentUrl":"https:\/\/secure.gravatar.com\/avatar\/f5fc875574b1575324358c3b9e6a32b8227aa5b74f3fa22e3cadb63e26fcc39c?s=96&d=mm&r=g","caption":"haberkuzey"},"sameAs":["https:\/\/haberkuzey.com"],"url":"https:\/\/haberkuzey.com\/index.php\/author\/haberkuzey\/"}]}},"_links":{"self":[{"href":"https:\/\/haberkuzey.com\/index.php\/wp-json\/wp\/v2\/posts\/36701","targetHints":{"allow":["GET"]}}],"collection":[{"href":"https:\/\/haberkuzey.com\/index.php\/wp-json\/wp\/v2\/posts"}],"about":[{"href":"https:\/\/haberkuzey.com\/index.php\/wp-json\/wp\/v2\/types\/post"}],"author":[{"embeddable":true,"href":"https:\/\/haberkuzey.com\/index.php\/wp-json\/wp\/v2\/users\/1"}],"replies":[{"embeddable":true,"href":"https:\/\/haberkuzey.com\/index.php\/wp-json\/wp\/v2\/comments?post=36701"}],"version-history":[{"count":0,"href":"https:\/\/haberkuzey.com\/index.php\/wp-json\/wp\/v2\/posts\/36701\/revisions"}],"wp:featuredmedia":[{"embeddable":true,"href":"https:\/\/haberkuzey.com\/index.php\/wp-json\/wp\/v2\/media\/31999"}],"wp:attachment":[{"href":"https:\/\/haberkuzey.com\/index.php\/wp-json\/wp\/v2\/media?parent=36701"}],"wp:term":[{"taxonomy":"category","embeddable":true,"href":"https:\/\/haberkuzey.com\/index.php\/wp-json\/wp\/v2\/categories?post=36701"},{"taxonomy":"post_tag","embeddable":true,"href":"https:\/\/haberkuzey.com\/index.php\/wp-json\/wp\/v2\/tags?post=36701"}],"curies":[{"name":"wp","href":"https:\/\/api.w.org\/{rel}","templated":true}]}}