{"id":36675,"date":"2026-04-28T21:52:33","date_gmt":"2026-04-28T18:52:33","guid":{"rendered":"https:\/\/haberkuzey.com\/index.php\/2026\/04\/28\/celik-rum-kesiminin-israille-kurdugu-ittifak-utanc-verici-bir-ittifaktir\/"},"modified":"2026-04-28T21:52:41","modified_gmt":"2026-04-28T18:52:41","slug":"celik-rum-kesiminin-israille-kurdugu-ittifak-utanc-verici-bir-ittifaktir","status":"publish","type":"post","link":"https:\/\/haberkuzey.com\/index.php\/2026\/04\/28\/celik-rum-kesiminin-israille-kurdugu-ittifak-utanc-verici-bir-ittifaktir\/","title":{"rendered":"\u00c7elik: Rum kesiminin \u0130srail\u2019le kurdu\u011fu ittifak utan\u00e7 verici bir ittifakt\u0131r"},"content":{"rendered":"<p>AK Parti S\u00f6zc\u00fcs\u00fc \u00d6mer \u00c7elik, parti genel merkezinde Cumhurba\u015fkan\u0131 ve AK Parti Genel Ba\u015fkan\u0131 Recep Tayyip Erdo\u011fan ba\u015fkanl\u0131\u011f\u0131nda ger\u00e7ekle\u015ftirilen Merkez Y\u00fcr\u00fctme Kurulu (MYK) toplant\u0131s\u0131na ili\u015fkin a\u00e7\u0131klamalarda bulundu.<\/p>\n<p>AK Parti S\u00f6zc\u00fcs\u00fc \u00d6mer \u00c7elik, Rum Y\u00f6netimi&#8217;nin \u0130srail ile kurdu\u011fu ittifak\u0131 &#8216;utan\u00e7 verici&#8217; olarak nitelendirerek, sert tepki g\u00f6sterdi.<\/p>\n<p>&nbsp;<\/p>\n<p>&#8220;BU DO\u011eRU B\u0130R TAVIR DE\u011e\u0130L&#8221;<\/p>\n<p>A\u00e7\u0131klamalar\u0131n\u0131n ard\u0131ndan bir gazetecinin Fransa Cumhurba\u015fkan\u0131 Emmanuel Macron&#8217;un Yunanistan ziyareti ve T\u00fcrkiye kar\u015f\u0131t\u0131 a\u00e7\u0131klamalar\u0131n\u0131n nas\u0131l de\u011ferlendirildi\u011fini sormas\u0131 \u00fczerine \u00c7elik, Fransa&#8217;n\u0131n a\u00e7\u0131klamalar\u0131n\u0131 yak\u0131ndan takip ettiklerini belirtti.<\/p>\n<p>A\u00e7\u0131klamalar\u0131n rasyonel bir zemine oturmad\u0131\u011f\u0131n\u0131n alt\u0131n\u0131 \u00e7izen \u00c7elik, \u015fu de\u011ferlendirmelerde bulundu:<\/p>\n<p>&#8220;Fransa ile NATO i\u00e7erisinde m\u00fcttefiklik ili\u015fkimiz varken, ima yollu olsa bile ba\u015fka NATO m\u00fcttefikleriyle ittifak kurdu\u011funu ifade ederken, T\u00fcrkiye&#8217;yi kar\u015f\u0131s\u0131na alan s\u00f6ylemler \u00fcretmesi son derece yanl\u0131\u015ft\u0131r. Yine unutmamak gerekir ki \u00e7ok yak\u0131n zamanda Say\u0131n Macron, &#8216;NATO&#8217;nun beyin \u00f6l\u00fcm\u00fc ger\u00e7ekle\u015fti.&#8217; demi\u015fti. Daha sonra bu g\u00f6r\u00fc\u015f\u00fcnden geri ad\u0131m att\u0131. Bug\u00fcn asl\u0131nda Fransa&#8217;n\u0131n T\u00fcrkiye&#8217;ye kar\u015f\u0131 birtak\u0131m a\u015f\u0131r\u0131 s\u00f6ylemler kullanmada gereksiz bir c\u00f6mertlik ve c\u00fcretkarl\u0131k i\u00e7erisinde oldu\u011funu g\u00f6r\u00fcyoruz. Bu do\u011fru bir tav\u0131r de\u011fil. Fransa&#8217;n\u0131n Akdeniz&#8217;deki istikrars\u0131zl\u0131kla ilgilenmesi gerekir. Rusya-Ukrayna aras\u0131ndaki sava\u015f\u0131n bir an evvel sona erdirilmesiyle ilgilenmesi gerekir.<\/p>\n<p>Suriye&#8217;de birtak\u0131m farkl\u0131 gruplar\u0131 desteklemek yerine Suriye&#8217;nin istikrar\u0131na katk\u0131 sa\u011flayacak bir siyasi te\u015fvik i\u00e7erisinde olmas\u0131 gerekir. Fransa&#8217;n\u0131n, ABD&#8217;nin ve \u0130srail&#8217;in \u0130ran&#8217;a sald\u0131r\u0131s\u0131 kar\u015f\u0131s\u0131nda daha net konu\u015fmas\u0131 gerekir. Karadeniz&#8217;deki tabloyu iyi de\u011ferlendirmesi gerekir. Ama bunun yerine ne zaman bir tart\u0131\u015fma \u00e7\u0131ksa Rum kesiminin etraf\u0131nda bir bayrak g\u00f6stermekten, gemi g\u00f6ndermekten bahsediyor. Yunanistan ile ittifak kurmaktan bahsediyor. Burada \u015funu sormak gerekir. Bu tip tav\u0131rlar\u0131n Fransa&#8217;ya ne faydas\u0131 var? Bu tip tav\u0131rlar\u0131n Yunanistan&#8217;a ne faydas\u0131 var? Bu tip tav\u0131rlar\u0131n Akdeniz&#8217;in g\u00fcvenli\u011fine ne faydas\u0131 var? Bu tip tav\u0131rlar\u0131n NATO m\u00fcttefikli\u011fine ne katk\u0131s\u0131 var? B\u00fct\u00fcn bu sorular\u0131n cevab\u0131 olumsuzdur.&#8221;<\/p>\n<p>&nbsp;<\/p>\n<p>&#8220;RUM KES\u0130M\u0130N\u0130N \u0130SRA\u0130L&#8217;LE KURDU\u011eU \u0130TT\u0130FAK UTAN\u00c7 VER\u0130C\u0130 B\u0130R \u0130TT\u0130FAKTIR&#8221;<\/p>\n<p>\u00c7elik, g\u00fcn\u00fcn sonunda herkesin gitti\u011fine, Yunanistan ile T\u00fcrkiye&#8217;nin ba\u015f ba\u015fa kald\u0131\u011f\u0131na dikkati \u00e7ekti.<\/p>\n<p>&#8220;Yunanistan&#8217;\u0131n T\u00fcrkiye ile sorunlar\u0131n\u0131 masada \u00e7\u00f6zme imkan\u0131 varken, s\u00fcrekli olarak \u0130srail&#8217;den, ba\u015fkalar\u0131na kadar birtak\u0131m ittifaklar pe\u015finde ko\u015fup, T\u00fcrkiye kar\u015f\u0131tl\u0131\u011f\u0131 s\u00f6ylemini s\u00fcrekli y\u00fckseltip, bundan elde edece\u011fi nedir?&#8221; diye soran \u00c7elik, &#8220;Biz Yunanistan&#8217;a &#8216;\u00fc\u00e7\u00fcnc\u00fc \u00fclkeler, taraflar araya girmesin, T\u00fcrkiye ve Yunanistan berrak, net, m\u00fczakereler yoluyla kendi sorunlar\u0131n\u0131 \u00e7\u00f6zebilecek kapasiteyi \u00fcretsin.&#8217; diyoruz. Ama onun yerine s\u00fcrekli olarak bu tip yan yollara ba\u015fvuruyorlar. Otobandan ayr\u0131lmamak laz\u0131m. Otobandan ayr\u0131l\u0131nd\u0131\u011f\u0131 zaman \u00e7o\u011fu kez \u015farampole d\u00fc\u015f\u00fcld\u00fc\u011f\u00fc g\u00f6r\u00fclm\u00fc\u015ft\u00fcr. Tekrar ayn\u0131 hatay\u0131 yapmaya gerek yok. Tabii Rum kesiminin \u0130srail&#8217;le kurdu\u011fu ittifak utan\u00e7 verici bir ittifakt\u0131r. Bu kadar katliam ger\u00e7ekle\u015ftirmi\u015f bir siyonist \u015febekeyle yan yana durmak onlar\u0131n kendilerinin bilece\u011fi bir i\u015ftir. Ama bug\u00fcn uluslararas\u0131 sorunlarda T\u00fcrkiye ile ili\u015fkilerde yanl\u0131\u015f yerde durduklar\u0131 gibi, uluslararas\u0131 sorunlarda da tarihin do\u011fru taraf\u0131nda durmuyorlar.&#8221; ifadelerini kulland\u0131.<\/p>\n<p>Fransa&#8217;n\u0131n Sahel b\u00f6lgesinden Akdeniz&#8217;e kadar olan t\u00fcm bu b\u00f6lgede de\u011ferlendirmelerinin ve att\u0131\u011f\u0131 ad\u0131mlar\u0131n ne kadar yanl\u0131\u015f oldu\u011funun son birka\u00e7 y\u0131ld\u0131r \u00fcst \u00fcste g\u00f6r\u00fcld\u00fc\u011f\u00fcn\u00fc dile getiren \u00c7elik, Fransa&#8217;n\u0131n bunlardan vazge\u00e7mesinde, T\u00fcrkiye ile olan m\u00fcttefiklik ili\u015fkisini ger\u00e7ek\u00e7i bir zeminde ve do\u011fru bir yakla\u015f\u0131mla ele almas\u0131n\u0131n herkesin faydas\u0131na oldu\u011funu vurgulad\u0131.<\/p>\n<p>&nbsp;<\/p>\n","protected":false},"excerpt":{"rendered":"<p>AK Parti S\u00f6zc\u00fcs\u00fc \u00d6mer \u00c7elik, parti genel merkezinde Cumhurba\u015fkan\u0131 ve AK Parti Genel Ba\u015fkan\u0131 Recep Tayyip Erdo\u011fan ba\u015fkanl\u0131\u011f\u0131nda ger\u00e7ekle\u015ftirilen Merkez Y\u00fcr\u00fctme Kurulu (MYK) toplant\u0131s\u0131na ili\u015fkin a\u00e7\u0131klamalarda bulundu. AK Parti S\u00f6zc\u00fcs\u00fc \u00d6mer \u00c7elik, Rum Y\u00f6netimi&#8217;nin \u0130srail ile kurdu\u011fu ittifak\u0131 &#8216;utan\u00e7 verici&#8217; olarak nitelendirerek, sert tepki g\u00f6sterdi. &nbsp; &#8220;BU DO\u011eRU B\u0130R TAVIR DE\u011e\u0130L&#8221; A\u00e7\u0131klamalar\u0131n\u0131n ard\u0131ndan bir gazetecinin [&hellip;]<\/p>\n","protected":false},"author":1,"featured_media":36676,"comment_status":"open","ping_status":"open","sticky":false,"template":"","format":"standard","meta":{"jnews-multi-image_gallery":[],"jnews_single_post":[],"jnews_primary_category":[],"footnotes":""},"categories":[1],"tags":[],"class_list":["post-36675","post","type-post","status-publish","format-standard","has-post-thumbnail","hentry","category-kibris"],"yoast_head":"<!-- This site is optimized with the Yoast SEO plugin v27.5 - https:\/\/yoast.com\/product\/yoast-seo-wordpress\/ -->\n<title>\u00c7elik: Rum kesiminin \u0130srail\u2019le kurdu\u011fu ittifak utan\u00e7 verici bir ittifakt\u0131r - Haber Kuzey<\/title>\n<meta name=\"robots\" content=\"index, follow, max-snippet:-1, max-image-preview:large, max-video-preview:-1\" \/>\n<link rel=\"canonical\" href=\"https:\/\/haberkuzey.com\/index.php\/2026\/04\/28\/celik-rum-kesiminin-israille-kurdugu-ittifak-utanc-verici-bir-ittifaktir\/\" \/>\n<meta property=\"og:locale\" content=\"tr_TR\" \/>\n<meta property=\"og:type\" content=\"article\" \/>\n<meta property=\"og:title\" content=\"\u00c7elik: Rum kesiminin \u0130srail\u2019le kurdu\u011fu ittifak utan\u00e7 verici bir ittifakt\u0131r - Haber Kuzey\" \/>\n<meta property=\"og:description\" content=\"AK Parti S\u00f6zc\u00fcs\u00fc \u00d6mer \u00c7elik, parti genel merkezinde Cumhurba\u015fkan\u0131 ve AK Parti Genel Ba\u015fkan\u0131 Recep Tayyip Erdo\u011fan ba\u015fkanl\u0131\u011f\u0131nda ger\u00e7ekle\u015ftirilen Merkez Y\u00fcr\u00fctme Kurulu (MYK) toplant\u0131s\u0131na ili\u015fkin a\u00e7\u0131klamalarda bulundu. AK Parti S\u00f6zc\u00fcs\u00fc \u00d6mer \u00c7elik, Rum Y\u00f6netimi&#8217;nin \u0130srail ile kurdu\u011fu ittifak\u0131 &#8216;utan\u00e7 verici&#8217; olarak nitelendirerek, sert tepki g\u00f6sterdi. &nbsp; &#8220;BU DO\u011eRU B\u0130R TAVIR DE\u011e\u0130L&#8221; A\u00e7\u0131klamalar\u0131n\u0131n ard\u0131ndan bir gazetecinin [&hellip;]\" \/>\n<meta property=\"og:url\" content=\"https:\/\/haberkuzey.com\/index.php\/2026\/04\/28\/celik-rum-kesiminin-israille-kurdugu-ittifak-utanc-verici-bir-ittifaktir\/\" \/>\n<meta property=\"og:site_name\" content=\"Haber Kuzey\" \/>\n<meta property=\"article:published_time\" content=\"2026-04-28T18:52:33+00:00\" \/>\n<meta property=\"article:modified_time\" content=\"2026-04-28T18:52:41+00:00\" \/>\n<meta property=\"og:image\" content=\"https:\/\/haberkuzey.com\/wp-content\/uploads\/2026\/04\/t3t3.webp\" \/>\n\t<meta property=\"og:image:width\" content=\"622\" \/>\n\t<meta property=\"og:image:height\" content=\"350\" \/>\n\t<meta property=\"og:image:type\" content=\"image\/webp\" \/>\n<meta name=\"author\" content=\"haberkuzey\" \/>\n<meta name=\"twitter:card\" content=\"summary_large_image\" \/>\n<meta name=\"twitter:label1\" content=\"Yazan:\" \/>\n\t<meta name=\"twitter:data1\" content=\"haberkuzey\" \/>\n\t<meta name=\"twitter:label2\" content=\"Tahmini okuma s\u00fcresi\" \/>\n\t<meta name=\"twitter:data2\" content=\"3 dakika\" \/>\n<script type=\"application\/ld+json\" class=\"yoast-schema-graph\">{\"@context\":\"https:\\\/\\\/schema.org\",\"@graph\":[{\"@type\":\"Article\",\"@id\":\"https:\\\/\\\/haberkuzey.com\\\/index.php\\\/2026\\\/04\\\/28\\\/celik-rum-kesiminin-israille-kurdugu-ittifak-utanc-verici-bir-ittifaktir\\\/#article\",\"isPartOf\":{\"@id\":\"https:\\\/\\\/haberkuzey.com\\\/index.php\\\/2026\\\/04\\\/28\\\/celik-rum-kesiminin-israille-kurdugu-ittifak-utanc-verici-bir-ittifaktir\\\/\"},\"author\":{\"name\":\"haberkuzey\",\"@id\":\"https:\\\/\\\/haberkuzey.com\\\/#\\\/schema\\\/person\\\/3372109ec735f9333f4fa47ebb9605ca\"},\"headline\":\"\u00c7elik: Rum kesiminin \u0130srail\u2019le kurdu\u011fu ittifak utan\u00e7 verici bir ittifakt\u0131r\",\"datePublished\":\"2026-04-28T18:52:33+00:00\",\"dateModified\":\"2026-04-28T18:52:41+00:00\",\"mainEntityOfPage\":{\"@id\":\"https:\\\/\\\/haberkuzey.com\\\/index.php\\\/2026\\\/04\\\/28\\\/celik-rum-kesiminin-israille-kurdugu-ittifak-utanc-verici-bir-ittifaktir\\\/\"},\"wordCount\":700,\"commentCount\":0,\"image\":{\"@id\":\"https:\\\/\\\/haberkuzey.com\\\/index.php\\\/2026\\\/04\\\/28\\\/celik-rum-kesiminin-israille-kurdugu-ittifak-utanc-verici-bir-ittifaktir\\\/#primaryimage\"},\"thumbnailUrl\":\"https:\\\/\\\/haberkuzey.com\\\/wp-content\\\/uploads\\\/2026\\\/04\\\/t3t3.webp\",\"articleSection\":[\"K\u0131br\u0131s\"],\"inLanguage\":\"tr\",\"potentialAction\":[{\"@type\":\"CommentAction\",\"name\":\"Comment\",\"target\":[\"https:\\\/\\\/haberkuzey.com\\\/index.php\\\/2026\\\/04\\\/28\\\/celik-rum-kesiminin-israille-kurdugu-ittifak-utanc-verici-bir-ittifaktir\\\/#respond\"]}]},{\"@type\":\"WebPage\",\"@id\":\"https:\\\/\\\/haberkuzey.com\\\/index.php\\\/2026\\\/04\\\/28\\\/celik-rum-kesiminin-israille-kurdugu-ittifak-utanc-verici-bir-ittifaktir\\\/\",\"url\":\"https:\\\/\\\/haberkuzey.com\\\/index.php\\\/2026\\\/04\\\/28\\\/celik-rum-kesiminin-israille-kurdugu-ittifak-utanc-verici-bir-ittifaktir\\\/\",\"name\":\"\u00c7elik: Rum kesiminin \u0130srail\u2019le kurdu\u011fu ittifak utan\u00e7 verici bir ittifakt\u0131r - Haber Kuzey\",\"isPartOf\":{\"@id\":\"https:\\\/\\\/haberkuzey.com\\\/#website\"},\"primaryImageOfPage\":{\"@id\":\"https:\\\/\\\/haberkuzey.com\\\/index.php\\\/2026\\\/04\\\/28\\\/celik-rum-kesiminin-israille-kurdugu-ittifak-utanc-verici-bir-ittifaktir\\\/#primaryimage\"},\"image\":{\"@id\":\"https:\\\/\\\/haberkuzey.com\\\/index.php\\\/2026\\\/04\\\/28\\\/celik-rum-kesiminin-israille-kurdugu-ittifak-utanc-verici-bir-ittifaktir\\\/#primaryimage\"},\"thumbnailUrl\":\"https:\\\/\\\/haberkuzey.com\\\/wp-content\\\/uploads\\\/2026\\\/04\\\/t3t3.webp\",\"datePublished\":\"2026-04-28T18:52:33+00:00\",\"dateModified\":\"2026-04-28T18:52:41+00:00\",\"author\":{\"@id\":\"https:\\\/\\\/haberkuzey.com\\\/#\\\/schema\\\/person\\\/3372109ec735f9333f4fa47ebb9605ca\"},\"breadcrumb\":{\"@id\":\"https:\\\/\\\/haberkuzey.com\\\/index.php\\\/2026\\\/04\\\/28\\\/celik-rum-kesiminin-israille-kurdugu-ittifak-utanc-verici-bir-ittifaktir\\\/#breadcrumb\"},\"inLanguage\":\"tr\",\"potentialAction\":[{\"@type\":\"ReadAction\",\"target\":[\"https:\\\/\\\/haberkuzey.com\\\/index.php\\\/2026\\\/04\\\/28\\\/celik-rum-kesiminin-israille-kurdugu-ittifak-utanc-verici-bir-ittifaktir\\\/\"]}]},{\"@type\":\"ImageObject\",\"inLanguage\":\"tr\",\"@id\":\"https:\\\/\\\/haberkuzey.com\\\/index.php\\\/2026\\\/04\\\/28\\\/celik-rum-kesiminin-israille-kurdugu-ittifak-utanc-verici-bir-ittifaktir\\\/#primaryimage\",\"url\":\"https:\\\/\\\/haberkuzey.com\\\/wp-content\\\/uploads\\\/2026\\\/04\\\/t3t3.webp\",\"contentUrl\":\"https:\\\/\\\/haberkuzey.com\\\/wp-content\\\/uploads\\\/2026\\\/04\\\/t3t3.webp\",\"width\":622,\"height\":350},{\"@type\":\"BreadcrumbList\",\"@id\":\"https:\\\/\\\/haberkuzey.com\\\/index.php\\\/2026\\\/04\\\/28\\\/celik-rum-kesiminin-israille-kurdugu-ittifak-utanc-verici-bir-ittifaktir\\\/#breadcrumb\",\"itemListElement\":[{\"@type\":\"ListItem\",\"position\":1,\"name\":\"Anasayfa\",\"item\":\"https:\\\/\\\/haberkuzey.com\\\/\"},{\"@type\":\"ListItem\",\"position\":2,\"name\":\"\u00c7elik: Rum kesiminin \u0130srail\u2019le kurdu\u011fu ittifak utan\u00e7 verici bir ittifakt\u0131r\"}]},{\"@type\":\"WebSite\",\"@id\":\"https:\\\/\\\/haberkuzey.com\\\/#website\",\"url\":\"https:\\\/\\\/haberkuzey.com\\\/\",\"name\":\"Haber Kuzey\",\"description\":\"Do\u011fru Haberin Adresi\",\"potentialAction\":[{\"@type\":\"SearchAction\",\"target\":{\"@type\":\"EntryPoint\",\"urlTemplate\":\"https:\\\/\\\/haberkuzey.com\\\/?s={search_term_string}\"},\"query-input\":{\"@type\":\"PropertyValueSpecification\",\"valueRequired\":true,\"valueName\":\"search_term_string\"}}],\"inLanguage\":\"tr\"},{\"@type\":\"Person\",\"@id\":\"https:\\\/\\\/haberkuzey.com\\\/#\\\/schema\\\/person\\\/3372109ec735f9333f4fa47ebb9605ca\",\"name\":\"haberkuzey\",\"image\":{\"@type\":\"ImageObject\",\"inLanguage\":\"tr\",\"@id\":\"https:\\\/\\\/secure.gravatar.com\\\/avatar\\\/f5fc875574b1575324358c3b9e6a32b8227aa5b74f3fa22e3cadb63e26fcc39c?s=96&d=mm&r=g\",\"url\":\"https:\\\/\\\/secure.gravatar.com\\\/avatar\\\/f5fc875574b1575324358c3b9e6a32b8227aa5b74f3fa22e3cadb63e26fcc39c?s=96&d=mm&r=g\",\"contentUrl\":\"https:\\\/\\\/secure.gravatar.com\\\/avatar\\\/f5fc875574b1575324358c3b9e6a32b8227aa5b74f3fa22e3cadb63e26fcc39c?s=96&d=mm&r=g\",\"caption\":\"haberkuzey\"},\"sameAs\":[\"https:\\\/\\\/haberkuzey.com\"],\"url\":\"https:\\\/\\\/haberkuzey.com\\\/index.php\\\/author\\\/haberkuzey\\\/\"}]}<\/script>\n<!-- \/ Yoast SEO plugin. -->","yoast_head_json":{"title":"\u00c7elik: Rum kesiminin \u0130srail\u2019le kurdu\u011fu ittifak utan\u00e7 verici bir ittifakt\u0131r - Haber Kuzey","robots":{"index":"index","follow":"follow","max-snippet":"max-snippet:-1","max-image-preview":"max-image-preview:large","max-video-preview":"max-video-preview:-1"},"canonical":"https:\/\/haberkuzey.com\/index.php\/2026\/04\/28\/celik-rum-kesiminin-israille-kurdugu-ittifak-utanc-verici-bir-ittifaktir\/","og_locale":"tr_TR","og_type":"article","og_title":"\u00c7elik: Rum kesiminin \u0130srail\u2019le kurdu\u011fu ittifak utan\u00e7 verici bir ittifakt\u0131r - Haber Kuzey","og_description":"AK Parti S\u00f6zc\u00fcs\u00fc \u00d6mer \u00c7elik, parti genel merkezinde Cumhurba\u015fkan\u0131 ve AK Parti Genel Ba\u015fkan\u0131 Recep Tayyip Erdo\u011fan ba\u015fkanl\u0131\u011f\u0131nda ger\u00e7ekle\u015ftirilen Merkez Y\u00fcr\u00fctme Kurulu (MYK) toplant\u0131s\u0131na ili\u015fkin a\u00e7\u0131klamalarda bulundu. AK Parti S\u00f6zc\u00fcs\u00fc \u00d6mer \u00c7elik, Rum Y\u00f6netimi&#8217;nin \u0130srail ile kurdu\u011fu ittifak\u0131 &#8216;utan\u00e7 verici&#8217; olarak nitelendirerek, sert tepki g\u00f6sterdi. &nbsp; &#8220;BU DO\u011eRU B\u0130R TAVIR DE\u011e\u0130L&#8221; A\u00e7\u0131klamalar\u0131n\u0131n ard\u0131ndan bir gazetecinin [&hellip;]","og_url":"https:\/\/haberkuzey.com\/index.php\/2026\/04\/28\/celik-rum-kesiminin-israille-kurdugu-ittifak-utanc-verici-bir-ittifaktir\/","og_site_name":"Haber Kuzey","article_published_time":"2026-04-28T18:52:33+00:00","article_modified_time":"2026-04-28T18:52:41+00:00","og_image":[{"width":622,"height":350,"url":"https:\/\/haberkuzey.com\/wp-content\/uploads\/2026\/04\/t3t3.webp","type":"image\/webp"}],"author":"haberkuzey","twitter_card":"summary_large_image","twitter_misc":{"Yazan:":"haberkuzey","Tahmini okuma s\u00fcresi":"3 dakika"},"schema":{"@context":"https:\/\/schema.org","@graph":[{"@type":"Article","@id":"https:\/\/haberkuzey.com\/index.php\/2026\/04\/28\/celik-rum-kesiminin-israille-kurdugu-ittifak-utanc-verici-bir-ittifaktir\/#article","isPartOf":{"@id":"https:\/\/haberkuzey.com\/index.php\/2026\/04\/28\/celik-rum-kesiminin-israille-kurdugu-ittifak-utanc-verici-bir-ittifaktir\/"},"author":{"name":"haberkuzey","@id":"https:\/\/haberkuzey.com\/#\/schema\/person\/3372109ec735f9333f4fa47ebb9605ca"},"headline":"\u00c7elik: Rum kesiminin \u0130srail\u2019le kurdu\u011fu ittifak utan\u00e7 verici bir ittifakt\u0131r","datePublished":"2026-04-28T18:52:33+00:00","dateModified":"2026-04-28T18:52:41+00:00","mainEntityOfPage":{"@id":"https:\/\/haberkuzey.com\/index.php\/2026\/04\/28\/celik-rum-kesiminin-israille-kurdugu-ittifak-utanc-verici-bir-ittifaktir\/"},"wordCount":700,"commentCount":0,"image":{"@id":"https:\/\/haberkuzey.com\/index.php\/2026\/04\/28\/celik-rum-kesiminin-israille-kurdugu-ittifak-utanc-verici-bir-ittifaktir\/#primaryimage"},"thumbnailUrl":"https:\/\/haberkuzey.com\/wp-content\/uploads\/2026\/04\/t3t3.webp","articleSection":["K\u0131br\u0131s"],"inLanguage":"tr","potentialAction":[{"@type":"CommentAction","name":"Comment","target":["https:\/\/haberkuzey.com\/index.php\/2026\/04\/28\/celik-rum-kesiminin-israille-kurdugu-ittifak-utanc-verici-bir-ittifaktir\/#respond"]}]},{"@type":"WebPage","@id":"https:\/\/haberkuzey.com\/index.php\/2026\/04\/28\/celik-rum-kesiminin-israille-kurdugu-ittifak-utanc-verici-bir-ittifaktir\/","url":"https:\/\/haberkuzey.com\/index.php\/2026\/04\/28\/celik-rum-kesiminin-israille-kurdugu-ittifak-utanc-verici-bir-ittifaktir\/","name":"\u00c7elik: Rum kesiminin \u0130srail\u2019le kurdu\u011fu ittifak utan\u00e7 verici bir ittifakt\u0131r - Haber Kuzey","isPartOf":{"@id":"https:\/\/haberkuzey.com\/#website"},"primaryImageOfPage":{"@id":"https:\/\/haberkuzey.com\/index.php\/2026\/04\/28\/celik-rum-kesiminin-israille-kurdugu-ittifak-utanc-verici-bir-ittifaktir\/#primaryimage"},"image":{"@id":"https:\/\/haberkuzey.com\/index.php\/2026\/04\/28\/celik-rum-kesiminin-israille-kurdugu-ittifak-utanc-verici-bir-ittifaktir\/#primaryimage"},"thumbnailUrl":"https:\/\/haberkuzey.com\/wp-content\/uploads\/2026\/04\/t3t3.webp","datePublished":"2026-04-28T18:52:33+00:00","dateModified":"2026-04-28T18:52:41+00:00","author":{"@id":"https:\/\/haberkuzey.com\/#\/schema\/person\/3372109ec735f9333f4fa47ebb9605ca"},"breadcrumb":{"@id":"https:\/\/haberkuzey.com\/index.php\/2026\/04\/28\/celik-rum-kesiminin-israille-kurdugu-ittifak-utanc-verici-bir-ittifaktir\/#breadcrumb"},"inLanguage":"tr","potentialAction":[{"@type":"ReadAction","target":["https:\/\/haberkuzey.com\/index.php\/2026\/04\/28\/celik-rum-kesiminin-israille-kurdugu-ittifak-utanc-verici-bir-ittifaktir\/"]}]},{"@type":"ImageObject","inLanguage":"tr","@id":"https:\/\/haberkuzey.com\/index.php\/2026\/04\/28\/celik-rum-kesiminin-israille-kurdugu-ittifak-utanc-verici-bir-ittifaktir\/#primaryimage","url":"https:\/\/haberkuzey.com\/wp-content\/uploads\/2026\/04\/t3t3.webp","contentUrl":"https:\/\/haberkuzey.com\/wp-content\/uploads\/2026\/04\/t3t3.webp","width":622,"height":350},{"@type":"BreadcrumbList","@id":"https:\/\/haberkuzey.com\/index.php\/2026\/04\/28\/celik-rum-kesiminin-israille-kurdugu-ittifak-utanc-verici-bir-ittifaktir\/#breadcrumb","itemListElement":[{"@type":"ListItem","position":1,"name":"Anasayfa","item":"https:\/\/haberkuzey.com\/"},{"@type":"ListItem","position":2,"name":"\u00c7elik: Rum kesiminin \u0130srail\u2019le kurdu\u011fu ittifak utan\u00e7 verici bir ittifakt\u0131r"}]},{"@type":"WebSite","@id":"https:\/\/haberkuzey.com\/#website","url":"https:\/\/haberkuzey.com\/","name":"Haber Kuzey","description":"Do\u011fru Haberin Adresi","potentialAction":[{"@type":"SearchAction","target":{"@type":"EntryPoint","urlTemplate":"https:\/\/haberkuzey.com\/?s={search_term_string}"},"query-input":{"@type":"PropertyValueSpecification","valueRequired":true,"valueName":"search_term_string"}}],"inLanguage":"tr"},{"@type":"Person","@id":"https:\/\/haberkuzey.com\/#\/schema\/person\/3372109ec735f9333f4fa47ebb9605ca","name":"haberkuzey","image":{"@type":"ImageObject","inLanguage":"tr","@id":"https:\/\/secure.gravatar.com\/avatar\/f5fc875574b1575324358c3b9e6a32b8227aa5b74f3fa22e3cadb63e26fcc39c?s=96&d=mm&r=g","url":"https:\/\/secure.gravatar.com\/avatar\/f5fc875574b1575324358c3b9e6a32b8227aa5b74f3fa22e3cadb63e26fcc39c?s=96&d=mm&r=g","contentUrl":"https:\/\/secure.gravatar.com\/avatar\/f5fc875574b1575324358c3b9e6a32b8227aa5b74f3fa22e3cadb63e26fcc39c?s=96&d=mm&r=g","caption":"haberkuzey"},"sameAs":["https:\/\/haberkuzey.com"],"url":"https:\/\/haberkuzey.com\/index.php\/author\/haberkuzey\/"}]}},"_links":{"self":[{"href":"https:\/\/haberkuzey.com\/index.php\/wp-json\/wp\/v2\/posts\/36675","targetHints":{"allow":["GET"]}}],"collection":[{"href":"https:\/\/haberkuzey.com\/index.php\/wp-json\/wp\/v2\/posts"}],"about":[{"href":"https:\/\/haberkuzey.com\/index.php\/wp-json\/wp\/v2\/types\/post"}],"author":[{"embeddable":true,"href":"https:\/\/haberkuzey.com\/index.php\/wp-json\/wp\/v2\/users\/1"}],"replies":[{"embeddable":true,"href":"https:\/\/haberkuzey.com\/index.php\/wp-json\/wp\/v2\/comments?post=36675"}],"version-history":[{"count":1,"href":"https:\/\/haberkuzey.com\/index.php\/wp-json\/wp\/v2\/posts\/36675\/revisions"}],"predecessor-version":[{"id":36677,"href":"https:\/\/haberkuzey.com\/index.php\/wp-json\/wp\/v2\/posts\/36675\/revisions\/36677"}],"wp:featuredmedia":[{"embeddable":true,"href":"https:\/\/haberkuzey.com\/index.php\/wp-json\/wp\/v2\/media\/36676"}],"wp:attachment":[{"href":"https:\/\/haberkuzey.com\/index.php\/wp-json\/wp\/v2\/media?parent=36675"}],"wp:term":[{"taxonomy":"category","embeddable":true,"href":"https:\/\/haberkuzey.com\/index.php\/wp-json\/wp\/v2\/categories?post=36675"},{"taxonomy":"post_tag","embeddable":true,"href":"https:\/\/haberkuzey.com\/index.php\/wp-json\/wp\/v2\/tags?post=36675"}],"curies":[{"name":"wp","href":"https:\/\/api.w.org\/{rel}","templated":true}]}}