{"id":36638,"date":"2026-04-28T16:02:46","date_gmt":"2026-04-28T13:02:46","guid":{"rendered":"https:\/\/haberkuzey.com\/index.php\/2026\/04\/28\/guzelyurt-belediyesi-manisa-mesir-festivaline-katildi\/"},"modified":"2026-04-28T16:02:55","modified_gmt":"2026-04-28T13:02:55","slug":"guzelyurt-belediyesi-manisa-mesir-festivaline-katildi","status":"publish","type":"post","link":"https:\/\/haberkuzey.com\/index.php\/2026\/04\/28\/guzelyurt-belediyesi-manisa-mesir-festivaline-katildi\/","title":{"rendered":"G\u00fczelyurt Belediyesi, Manisa Mesir Festivali\u2019ne kat\u0131ld\u0131"},"content":{"rendered":"<p style=\"font-weight: 300 !important\"><span style=\"font-weight: 300 !important\">G\u00fczelyurt Belediyesi, 486. Uluslararas\u0131 Manisa Mesir Macunu Festivali\u2019ne kat\u0131ld\u0131.<\/span><\/p>\n<p style=\"font-weight: 300 !important\">Belediye\u2019den verilen bilgiye g\u00f6re, G\u00fczelyurt Belediye Ba\u015fkan\u0131 Mahmut \u00d6z\u00e7\u0131nar, e\u015fi Tijen \u00d6z\u00e7\u0131nar ve Belediye Meclis \u00dcyeleri Osman Kasabo\u011flu, Bu\u011fra Sad\u0131k, Mustafa Altun, Veleddin Ta\u015fkent ve Hasan Alt\u0131nmakas\u2019tan olu\u015fan heyet, 24-26 Nisan&#8217;da festival kapsam\u0131nda Manisa&#8217;da d\u00fczenlenen programlara kat\u0131ld\u0131.<\/p>\n<p style=\"font-weight: 300 !important\">Manisa Sultan Camii\u2019nde ger\u00e7ekle\u015ftirilen sa\u00e7\u0131m t\u00f6reniyle sona eren festivalde, caminin kubbe ve minarelerinden yakla\u015f\u0131k 10 ton mesir macunu da\u011f\u0131t\u0131ld\u0131.<\/p>\n","protected":false},"excerpt":{"rendered":"<p>G\u00fczelyurt Belediyesi, 486. Uluslararas\u0131 Manisa Mesir Macunu Festivali\u2019ne kat\u0131ld\u0131. Belediye\u2019den verilen bilgiye g\u00f6re, G\u00fczelyurt Belediye Ba\u015fkan\u0131 Mahmut \u00d6z\u00e7\u0131nar, e\u015fi Tijen \u00d6z\u00e7\u0131nar ve Belediye Meclis \u00dcyeleri Osman Kasabo\u011flu, Bu\u011fra Sad\u0131k, Mustafa Altun, Veleddin Ta\u015fkent ve Hasan Alt\u0131nmakas\u2019tan olu\u015fan heyet, 24-26 Nisan&#8217;da festival kapsam\u0131nda Manisa&#8217;da d\u00fczenlenen programlara kat\u0131ld\u0131. Manisa Sultan Camii\u2019nde ger\u00e7ekle\u015ftirilen sa\u00e7\u0131m t\u00f6reniyle sona eren festivalde, [&hellip;]<\/p>\n","protected":false},"author":1,"featured_media":36639,"comment_status":"open","ping_status":"open","sticky":false,"template":"","format":"standard","meta":{"jnews-multi-image_gallery":[],"jnews_single_post":[],"jnews_primary_category":[],"footnotes":""},"categories":[1],"tags":[],"class_list":["post-36638","post","type-post","status-publish","format-standard","has-post-thumbnail","hentry","category-kibris"],"yoast_head":"<!-- This site is optimized with the Yoast SEO plugin v27.5 - https:\/\/yoast.com\/product\/yoast-seo-wordpress\/ -->\n<title>G\u00fczelyurt Belediyesi, Manisa Mesir Festivali\u2019ne kat\u0131ld\u0131 - Haber Kuzey<\/title>\n<meta name=\"robots\" content=\"index, follow, max-snippet:-1, max-image-preview:large, max-video-preview:-1\" \/>\n<link rel=\"canonical\" href=\"https:\/\/haberkuzey.com\/index.php\/2026\/04\/28\/guzelyurt-belediyesi-manisa-mesir-festivaline-katildi\/\" \/>\n<meta property=\"og:locale\" content=\"tr_TR\" \/>\n<meta property=\"og:type\" content=\"article\" \/>\n<meta property=\"og:title\" content=\"G\u00fczelyurt Belediyesi, Manisa Mesir Festivali\u2019ne kat\u0131ld\u0131 - Haber Kuzey\" \/>\n<meta property=\"og:description\" content=\"G\u00fczelyurt Belediyesi, 486. Uluslararas\u0131 Manisa Mesir Macunu Festivali\u2019ne kat\u0131ld\u0131. Belediye\u2019den verilen bilgiye g\u00f6re, G\u00fczelyurt Belediye Ba\u015fkan\u0131 Mahmut \u00d6z\u00e7\u0131nar, e\u015fi Tijen \u00d6z\u00e7\u0131nar ve Belediye Meclis \u00dcyeleri Osman Kasabo\u011flu, Bu\u011fra Sad\u0131k, Mustafa Altun, Veleddin Ta\u015fkent ve Hasan Alt\u0131nmakas\u2019tan olu\u015fan heyet, 24-26 Nisan&#8217;da festival kapsam\u0131nda Manisa&#8217;da d\u00fczenlenen programlara kat\u0131ld\u0131. Manisa Sultan Camii\u2019nde ger\u00e7ekle\u015ftirilen sa\u00e7\u0131m t\u00f6reniyle sona eren festivalde, [&hellip;]\" \/>\n<meta property=\"og:url\" content=\"https:\/\/haberkuzey.com\/index.php\/2026\/04\/28\/guzelyurt-belediyesi-manisa-mesir-festivaline-katildi\/\" \/>\n<meta property=\"og:site_name\" content=\"Haber Kuzey\" \/>\n<meta property=\"article:published_time\" content=\"2026-04-28T13:02:46+00:00\" \/>\n<meta property=\"article:modified_time\" content=\"2026-04-28T13:02:55+00:00\" \/>\n<meta property=\"og:image\" content=\"https:\/\/haberkuzey.com\/wp-content\/uploads\/2026\/04\/1777380485474MANISA-FESTIVAL.jpeg\" \/>\n\t<meta property=\"og:image:width\" content=\"1600\" \/>\n\t<meta property=\"og:image:height\" content=\"1066\" \/>\n\t<meta property=\"og:image:type\" content=\"image\/jpeg\" \/>\n<meta name=\"author\" content=\"haberkuzey\" \/>\n<meta name=\"twitter:card\" content=\"summary_large_image\" \/>\n<meta name=\"twitter:label1\" content=\"Yazan:\" \/>\n\t<meta name=\"twitter:data1\" content=\"haberkuzey\" \/>\n<script type=\"application\/ld+json\" class=\"yoast-schema-graph\">{\"@context\":\"https:\\\/\\\/schema.org\",\"@graph\":[{\"@type\":\"Article\",\"@id\":\"https:\\\/\\\/haberkuzey.com\\\/index.php\\\/2026\\\/04\\\/28\\\/guzelyurt-belediyesi-manisa-mesir-festivaline-katildi\\\/#article\",\"isPartOf\":{\"@id\":\"https:\\\/\\\/haberkuzey.com\\\/index.php\\\/2026\\\/04\\\/28\\\/guzelyurt-belediyesi-manisa-mesir-festivaline-katildi\\\/\"},\"author\":{\"name\":\"haberkuzey\",\"@id\":\"https:\\\/\\\/haberkuzey.com\\\/#\\\/schema\\\/person\\\/3372109ec735f9333f4fa47ebb9605ca\"},\"headline\":\"G\u00fczelyurt Belediyesi, Manisa Mesir Festivali\u2019ne kat\u0131ld\u0131\",\"datePublished\":\"2026-04-28T13:02:46+00:00\",\"dateModified\":\"2026-04-28T13:02:55+00:00\",\"mainEntityOfPage\":{\"@id\":\"https:\\\/\\\/haberkuzey.com\\\/index.php\\\/2026\\\/04\\\/28\\\/guzelyurt-belediyesi-manisa-mesir-festivaline-katildi\\\/\"},\"wordCount\":102,\"commentCount\":0,\"image\":{\"@id\":\"https:\\\/\\\/haberkuzey.com\\\/index.php\\\/2026\\\/04\\\/28\\\/guzelyurt-belediyesi-manisa-mesir-festivaline-katildi\\\/#primaryimage\"},\"thumbnailUrl\":\"https:\\\/\\\/haberkuzey.com\\\/wp-content\\\/uploads\\\/2026\\\/04\\\/1777380485474MANISA-FESTIVAL.jpeg\",\"articleSection\":[\"K\u0131br\u0131s\"],\"inLanguage\":\"tr\",\"potentialAction\":[{\"@type\":\"CommentAction\",\"name\":\"Comment\",\"target\":[\"https:\\\/\\\/haberkuzey.com\\\/index.php\\\/2026\\\/04\\\/28\\\/guzelyurt-belediyesi-manisa-mesir-festivaline-katildi\\\/#respond\"]}]},{\"@type\":\"WebPage\",\"@id\":\"https:\\\/\\\/haberkuzey.com\\\/index.php\\\/2026\\\/04\\\/28\\\/guzelyurt-belediyesi-manisa-mesir-festivaline-katildi\\\/\",\"url\":\"https:\\\/\\\/haberkuzey.com\\\/index.php\\\/2026\\\/04\\\/28\\\/guzelyurt-belediyesi-manisa-mesir-festivaline-katildi\\\/\",\"name\":\"G\u00fczelyurt Belediyesi, Manisa Mesir Festivali\u2019ne kat\u0131ld\u0131 - Haber Kuzey\",\"isPartOf\":{\"@id\":\"https:\\\/\\\/haberkuzey.com\\\/#website\"},\"primaryImageOfPage\":{\"@id\":\"https:\\\/\\\/haberkuzey.com\\\/index.php\\\/2026\\\/04\\\/28\\\/guzelyurt-belediyesi-manisa-mesir-festivaline-katildi\\\/#primaryimage\"},\"image\":{\"@id\":\"https:\\\/\\\/haberkuzey.com\\\/index.php\\\/2026\\\/04\\\/28\\\/guzelyurt-belediyesi-manisa-mesir-festivaline-katildi\\\/#primaryimage\"},\"thumbnailUrl\":\"https:\\\/\\\/haberkuzey.com\\\/wp-content\\\/uploads\\\/2026\\\/04\\\/1777380485474MANISA-FESTIVAL.jpeg\",\"datePublished\":\"2026-04-28T13:02:46+00:00\",\"dateModified\":\"2026-04-28T13:02:55+00:00\",\"author\":{\"@id\":\"https:\\\/\\\/haberkuzey.com\\\/#\\\/schema\\\/person\\\/3372109ec735f9333f4fa47ebb9605ca\"},\"breadcrumb\":{\"@id\":\"https:\\\/\\\/haberkuzey.com\\\/index.php\\\/2026\\\/04\\\/28\\\/guzelyurt-belediyesi-manisa-mesir-festivaline-katildi\\\/#breadcrumb\"},\"inLanguage\":\"tr\",\"potentialAction\":[{\"@type\":\"ReadAction\",\"target\":[\"https:\\\/\\\/haberkuzey.com\\\/index.php\\\/2026\\\/04\\\/28\\\/guzelyurt-belediyesi-manisa-mesir-festivaline-katildi\\\/\"]}]},{\"@type\":\"ImageObject\",\"inLanguage\":\"tr\",\"@id\":\"https:\\\/\\\/haberkuzey.com\\\/index.php\\\/2026\\\/04\\\/28\\\/guzelyurt-belediyesi-manisa-mesir-festivaline-katildi\\\/#primaryimage\",\"url\":\"https:\\\/\\\/haberkuzey.com\\\/wp-content\\\/uploads\\\/2026\\\/04\\\/1777380485474MANISA-FESTIVAL.jpeg\",\"contentUrl\":\"https:\\\/\\\/haberkuzey.com\\\/wp-content\\\/uploads\\\/2026\\\/04\\\/1777380485474MANISA-FESTIVAL.jpeg\",\"width\":1600,\"height\":1066},{\"@type\":\"BreadcrumbList\",\"@id\":\"https:\\\/\\\/haberkuzey.com\\\/index.php\\\/2026\\\/04\\\/28\\\/guzelyurt-belediyesi-manisa-mesir-festivaline-katildi\\\/#breadcrumb\",\"itemListElement\":[{\"@type\":\"ListItem\",\"position\":1,\"name\":\"Anasayfa\",\"item\":\"https:\\\/\\\/haberkuzey.com\\\/\"},{\"@type\":\"ListItem\",\"position\":2,\"name\":\"G\u00fczelyurt Belediyesi, Manisa Mesir Festivali\u2019ne kat\u0131ld\u0131\"}]},{\"@type\":\"WebSite\",\"@id\":\"https:\\\/\\\/haberkuzey.com\\\/#website\",\"url\":\"https:\\\/\\\/haberkuzey.com\\\/\",\"name\":\"Haber Kuzey\",\"description\":\"Do\u011fru Haberin Adresi\",\"potentialAction\":[{\"@type\":\"SearchAction\",\"target\":{\"@type\":\"EntryPoint\",\"urlTemplate\":\"https:\\\/\\\/haberkuzey.com\\\/?s={search_term_string}\"},\"query-input\":{\"@type\":\"PropertyValueSpecification\",\"valueRequired\":true,\"valueName\":\"search_term_string\"}}],\"inLanguage\":\"tr\"},{\"@type\":\"Person\",\"@id\":\"https:\\\/\\\/haberkuzey.com\\\/#\\\/schema\\\/person\\\/3372109ec735f9333f4fa47ebb9605ca\",\"name\":\"haberkuzey\",\"image\":{\"@type\":\"ImageObject\",\"inLanguage\":\"tr\",\"@id\":\"https:\\\/\\\/secure.gravatar.com\\\/avatar\\\/f5fc875574b1575324358c3b9e6a32b8227aa5b74f3fa22e3cadb63e26fcc39c?s=96&d=mm&r=g\",\"url\":\"https:\\\/\\\/secure.gravatar.com\\\/avatar\\\/f5fc875574b1575324358c3b9e6a32b8227aa5b74f3fa22e3cadb63e26fcc39c?s=96&d=mm&r=g\",\"contentUrl\":\"https:\\\/\\\/secure.gravatar.com\\\/avatar\\\/f5fc875574b1575324358c3b9e6a32b8227aa5b74f3fa22e3cadb63e26fcc39c?s=96&d=mm&r=g\",\"caption\":\"haberkuzey\"},\"sameAs\":[\"https:\\\/\\\/haberkuzey.com\"],\"url\":\"https:\\\/\\\/haberkuzey.com\\\/index.php\\\/author\\\/haberkuzey\\\/\"}]}<\/script>\n<!-- \/ Yoast SEO plugin. -->","yoast_head_json":{"title":"G\u00fczelyurt Belediyesi, Manisa Mesir Festivali\u2019ne kat\u0131ld\u0131 - Haber Kuzey","robots":{"index":"index","follow":"follow","max-snippet":"max-snippet:-1","max-image-preview":"max-image-preview:large","max-video-preview":"max-video-preview:-1"},"canonical":"https:\/\/haberkuzey.com\/index.php\/2026\/04\/28\/guzelyurt-belediyesi-manisa-mesir-festivaline-katildi\/","og_locale":"tr_TR","og_type":"article","og_title":"G\u00fczelyurt Belediyesi, Manisa Mesir Festivali\u2019ne kat\u0131ld\u0131 - Haber Kuzey","og_description":"G\u00fczelyurt Belediyesi, 486. Uluslararas\u0131 Manisa Mesir Macunu Festivali\u2019ne kat\u0131ld\u0131. Belediye\u2019den verilen bilgiye g\u00f6re, G\u00fczelyurt Belediye Ba\u015fkan\u0131 Mahmut \u00d6z\u00e7\u0131nar, e\u015fi Tijen \u00d6z\u00e7\u0131nar ve Belediye Meclis \u00dcyeleri Osman Kasabo\u011flu, Bu\u011fra Sad\u0131k, Mustafa Altun, Veleddin Ta\u015fkent ve Hasan Alt\u0131nmakas\u2019tan olu\u015fan heyet, 24-26 Nisan&#8217;da festival kapsam\u0131nda Manisa&#8217;da d\u00fczenlenen programlara kat\u0131ld\u0131. Manisa Sultan Camii\u2019nde ger\u00e7ekle\u015ftirilen sa\u00e7\u0131m t\u00f6reniyle sona eren festivalde, [&hellip;]","og_url":"https:\/\/haberkuzey.com\/index.php\/2026\/04\/28\/guzelyurt-belediyesi-manisa-mesir-festivaline-katildi\/","og_site_name":"Haber Kuzey","article_published_time":"2026-04-28T13:02:46+00:00","article_modified_time":"2026-04-28T13:02:55+00:00","og_image":[{"width":1600,"height":1066,"url":"https:\/\/haberkuzey.com\/wp-content\/uploads\/2026\/04\/1777380485474MANISA-FESTIVAL.jpeg","type":"image\/jpeg"}],"author":"haberkuzey","twitter_card":"summary_large_image","twitter_misc":{"Yazan:":"haberkuzey"},"schema":{"@context":"https:\/\/schema.org","@graph":[{"@type":"Article","@id":"https:\/\/haberkuzey.com\/index.php\/2026\/04\/28\/guzelyurt-belediyesi-manisa-mesir-festivaline-katildi\/#article","isPartOf":{"@id":"https:\/\/haberkuzey.com\/index.php\/2026\/04\/28\/guzelyurt-belediyesi-manisa-mesir-festivaline-katildi\/"},"author":{"name":"haberkuzey","@id":"https:\/\/haberkuzey.com\/#\/schema\/person\/3372109ec735f9333f4fa47ebb9605ca"},"headline":"G\u00fczelyurt Belediyesi, Manisa Mesir Festivali\u2019ne kat\u0131ld\u0131","datePublished":"2026-04-28T13:02:46+00:00","dateModified":"2026-04-28T13:02:55+00:00","mainEntityOfPage":{"@id":"https:\/\/haberkuzey.com\/index.php\/2026\/04\/28\/guzelyurt-belediyesi-manisa-mesir-festivaline-katildi\/"},"wordCount":102,"commentCount":0,"image":{"@id":"https:\/\/haberkuzey.com\/index.php\/2026\/04\/28\/guzelyurt-belediyesi-manisa-mesir-festivaline-katildi\/#primaryimage"},"thumbnailUrl":"https:\/\/haberkuzey.com\/wp-content\/uploads\/2026\/04\/1777380485474MANISA-FESTIVAL.jpeg","articleSection":["K\u0131br\u0131s"],"inLanguage":"tr","potentialAction":[{"@type":"CommentAction","name":"Comment","target":["https:\/\/haberkuzey.com\/index.php\/2026\/04\/28\/guzelyurt-belediyesi-manisa-mesir-festivaline-katildi\/#respond"]}]},{"@type":"WebPage","@id":"https:\/\/haberkuzey.com\/index.php\/2026\/04\/28\/guzelyurt-belediyesi-manisa-mesir-festivaline-katildi\/","url":"https:\/\/haberkuzey.com\/index.php\/2026\/04\/28\/guzelyurt-belediyesi-manisa-mesir-festivaline-katildi\/","name":"G\u00fczelyurt Belediyesi, Manisa Mesir Festivali\u2019ne kat\u0131ld\u0131 - Haber Kuzey","isPartOf":{"@id":"https:\/\/haberkuzey.com\/#website"},"primaryImageOfPage":{"@id":"https:\/\/haberkuzey.com\/index.php\/2026\/04\/28\/guzelyurt-belediyesi-manisa-mesir-festivaline-katildi\/#primaryimage"},"image":{"@id":"https:\/\/haberkuzey.com\/index.php\/2026\/04\/28\/guzelyurt-belediyesi-manisa-mesir-festivaline-katildi\/#primaryimage"},"thumbnailUrl":"https:\/\/haberkuzey.com\/wp-content\/uploads\/2026\/04\/1777380485474MANISA-FESTIVAL.jpeg","datePublished":"2026-04-28T13:02:46+00:00","dateModified":"2026-04-28T13:02:55+00:00","author":{"@id":"https:\/\/haberkuzey.com\/#\/schema\/person\/3372109ec735f9333f4fa47ebb9605ca"},"breadcrumb":{"@id":"https:\/\/haberkuzey.com\/index.php\/2026\/04\/28\/guzelyurt-belediyesi-manisa-mesir-festivaline-katildi\/#breadcrumb"},"inLanguage":"tr","potentialAction":[{"@type":"ReadAction","target":["https:\/\/haberkuzey.com\/index.php\/2026\/04\/28\/guzelyurt-belediyesi-manisa-mesir-festivaline-katildi\/"]}]},{"@type":"ImageObject","inLanguage":"tr","@id":"https:\/\/haberkuzey.com\/index.php\/2026\/04\/28\/guzelyurt-belediyesi-manisa-mesir-festivaline-katildi\/#primaryimage","url":"https:\/\/haberkuzey.com\/wp-content\/uploads\/2026\/04\/1777380485474MANISA-FESTIVAL.jpeg","contentUrl":"https:\/\/haberkuzey.com\/wp-content\/uploads\/2026\/04\/1777380485474MANISA-FESTIVAL.jpeg","width":1600,"height":1066},{"@type":"BreadcrumbList","@id":"https:\/\/haberkuzey.com\/index.php\/2026\/04\/28\/guzelyurt-belediyesi-manisa-mesir-festivaline-katildi\/#breadcrumb","itemListElement":[{"@type":"ListItem","position":1,"name":"Anasayfa","item":"https:\/\/haberkuzey.com\/"},{"@type":"ListItem","position":2,"name":"G\u00fczelyurt Belediyesi, Manisa Mesir Festivali\u2019ne kat\u0131ld\u0131"}]},{"@type":"WebSite","@id":"https:\/\/haberkuzey.com\/#website","url":"https:\/\/haberkuzey.com\/","name":"Haber Kuzey","description":"Do\u011fru Haberin Adresi","potentialAction":[{"@type":"SearchAction","target":{"@type":"EntryPoint","urlTemplate":"https:\/\/haberkuzey.com\/?s={search_term_string}"},"query-input":{"@type":"PropertyValueSpecification","valueRequired":true,"valueName":"search_term_string"}}],"inLanguage":"tr"},{"@type":"Person","@id":"https:\/\/haberkuzey.com\/#\/schema\/person\/3372109ec735f9333f4fa47ebb9605ca","name":"haberkuzey","image":{"@type":"ImageObject","inLanguage":"tr","@id":"https:\/\/secure.gravatar.com\/avatar\/f5fc875574b1575324358c3b9e6a32b8227aa5b74f3fa22e3cadb63e26fcc39c?s=96&d=mm&r=g","url":"https:\/\/secure.gravatar.com\/avatar\/f5fc875574b1575324358c3b9e6a32b8227aa5b74f3fa22e3cadb63e26fcc39c?s=96&d=mm&r=g","contentUrl":"https:\/\/secure.gravatar.com\/avatar\/f5fc875574b1575324358c3b9e6a32b8227aa5b74f3fa22e3cadb63e26fcc39c?s=96&d=mm&r=g","caption":"haberkuzey"},"sameAs":["https:\/\/haberkuzey.com"],"url":"https:\/\/haberkuzey.com\/index.php\/author\/haberkuzey\/"}]}},"_links":{"self":[{"href":"https:\/\/haberkuzey.com\/index.php\/wp-json\/wp\/v2\/posts\/36638","targetHints":{"allow":["GET"]}}],"collection":[{"href":"https:\/\/haberkuzey.com\/index.php\/wp-json\/wp\/v2\/posts"}],"about":[{"href":"https:\/\/haberkuzey.com\/index.php\/wp-json\/wp\/v2\/types\/post"}],"author":[{"embeddable":true,"href":"https:\/\/haberkuzey.com\/index.php\/wp-json\/wp\/v2\/users\/1"}],"replies":[{"embeddable":true,"href":"https:\/\/haberkuzey.com\/index.php\/wp-json\/wp\/v2\/comments?post=36638"}],"version-history":[{"count":1,"href":"https:\/\/haberkuzey.com\/index.php\/wp-json\/wp\/v2\/posts\/36638\/revisions"}],"predecessor-version":[{"id":36640,"href":"https:\/\/haberkuzey.com\/index.php\/wp-json\/wp\/v2\/posts\/36638\/revisions\/36640"}],"wp:featuredmedia":[{"embeddable":true,"href":"https:\/\/haberkuzey.com\/index.php\/wp-json\/wp\/v2\/media\/36639"}],"wp:attachment":[{"href":"https:\/\/haberkuzey.com\/index.php\/wp-json\/wp\/v2\/media?parent=36638"}],"wp:term":[{"taxonomy":"category","embeddable":true,"href":"https:\/\/haberkuzey.com\/index.php\/wp-json\/wp\/v2\/categories?post=36638"},{"taxonomy":"post_tag","embeddable":true,"href":"https:\/\/haberkuzey.com\/index.php\/wp-json\/wp\/v2\/tags?post=36638"}],"curies":[{"name":"wp","href":"https:\/\/api.w.org\/{rel}","templated":true}]}}