{"id":36632,"date":"2026-04-28T15:50:46","date_gmt":"2026-04-28T12:50:46","guid":{"rendered":"https:\/\/haberkuzey.com\/index.php\/2026\/04\/28\/taksiciler-meclis-gundeminde-tarifeleri-yukseltmek-sorunlari-cozmuyor\/"},"modified":"2026-04-28T15:50:55","modified_gmt":"2026-04-28T12:50:55","slug":"taksiciler-meclis-gundeminde-tarifeleri-yukseltmek-sorunlari-cozmuyor","status":"publish","type":"post","link":"https:\/\/haberkuzey.com\/index.php\/2026\/04\/28\/taksiciler-meclis-gundeminde-tarifeleri-yukseltmek-sorunlari-cozmuyor\/","title":{"rendered":"Taksiciler Meclis g\u00fcndeminde: Tarifeleri y\u00fckseltmek sorunlar\u0131 \u00e7\u00f6zm\u00fcyor"},"content":{"rendered":"<p style=\"font-weight: 300\"><span style=\"font-weight: 300 !important\">Meclis Genel Kurulu\u2019nda g\u00fcncel konu\u015fmalar yap\u0131l\u0131yor. Milletvekilleri, taksiciler ve yasa g\u00fcc\u00fcndeki kararnameler \u00fczerine s\u00f6z ald\u0131.<\/span><\/p>\n<p style=\"font-weight: 300\">Genel Kurul onaya sunu\u015flarla ba\u015flad\u0131.\u00a0 \u0130lk olarak, \u0130dari Kamu ve Sa\u011fl\u0131k \u0130\u015fleri Komitesi&#8217;nin g\u00fcndeminde bulunan \u201c\u0130statistik Kurumu De\u011fi\u015fiklik Yasa \u00d6nerisi&#8217;nin komitede \u0130vedilikle g\u00f6r\u00fc\u015f\u00fclmesine ili\u015fkin tezkere oy birli\u011fi ile kabul edildi.<\/p>\n<p style=\"font-weight: 300\">Ba\u015fbakanl\u0131k; Hukuk, Siyasi \u0130\u015fler, D\u0131\u015f \u0130li\u015fkiler ve Savunma Komitesi\u2019nin g\u00fcndeminde bulunan \u201cCeza Muhakemeleri Usul\u00fc\u201d, \u201cCeza (De\u011fi\u015fiklik)\u201d, \u201c\u015eahadet (De\u011fi\u015fiklik)\u201d ve \u201cG\u00fcvenlik Kuvvetleri Mahkemesi ile G\u00fcvenlik Kuvvetleri Yarg\u0131tay\u0131n\u0131n Kurulu\u015fu ve Yarg\u0131lama Usul\u00fc (De\u011fi\u015fiklik)\u201d yasa tasar\u0131lar\u0131n\u0131n komitede ivedilikle g\u00f6r\u00fc\u015f\u00fclmesine ili\u015fkin tezkereler oy birli\u011fiyle kabul edildi.<\/p>\n<p style=\"font-weight: 300\">Hukuk, Siyasi \u0130\u015fler, D\u0131\u015f \u0130li\u015fkiler ve Savunma Komitesi&#8217;nin bir daha g\u00f6r\u00fc\u015f\u00fclmek \u00fczere komiteye\u00a0 \u00e7ekilen \u201cMahkemeler (De\u011fi\u015fiklik)\u201d Yasa Tasar\u0131&#8217;s\u0131n\u0131n komitede ivedilikle g\u00f6r\u00fc\u015f\u00fclmesine ili\u015fkin tezkere de oy birli\u011fiyle kabul edildi.<\/p>\n<p style=\"font-weight: 300\">Genel Kurul daha sonra g\u00fcncel konu\u015fmalarla devam etti.<\/p>\n<p style=\"font-weight: 300\"><strong>-Toros<\/strong><\/p>\n<p style=\"font-weight: 300\">Genel Kurul\u2019da ilk s\u00f6z\u00fc alan, CTP Milletvekili Fikri Toros \u201cTaksi Sekt\u00f6r\u00fcn\u00fcn Sorunlar\u0131 ve Talepleri\u201d konulu g\u00fcncel konu\u015fma yaparak, taksicilerin Bay\u0131nd\u0131rl\u0131k ve Ula\u015ft\u0131rma Bakanl\u0131\u011f\u0131 ile Meclis \u00f6n\u00fcnde yapt\u0131\u011f\u0131 eyleme i\u015faret etti.<\/p>\n<p style=\"font-weight: 300\">Taksicilerin biriken sorunlar, g\u00f6rmezden gelinen talepler ve \u00e7\u00f6z\u00fcms\u00fcz b\u0131rak\u0131lan yap\u0131sal aksakl\u0131klar sebebiyle eylem yapt\u0131\u011f\u0131n\u0131 s\u00f6yleyen Toros,\u00a0<span style=\"font-weight: 300 !important\">konunun h\u00fck\u00fcmetin \u00f6ncelikli sorumlulu\u011fu oldu\u011funu belirtti.<\/span><\/p>\n<p style=\"font-weight: 300\"><span style=\"font-weight: 300 !important\">Fikri Toros, sekt\u00f6r\u00fcn, enflasyon ve a\u015f\u0131r\u0131 faiz bask\u0131s\u0131 alt\u0131nda oldu\u011funu, kay\u0131t d\u0131\u015f\u0131l\u0131k ile denetimsizlik sorunu ya\u015fad\u0131\u011f\u0131n\u0131 dile getirdi.<\/span><\/p>\n<p style=\"font-weight: 300\"><span style=\"font-weight: 300 !important\">Taksicilerin\u00a0<\/span><span style=\"font-weight: 300 !important\">\u00e7al\u0131\u015fma ko\u015fullar\u0131n\u0131n zor oldu\u011funu da ifade eden Toros,\u00a0 sekt\u00f6r\u00fcn dijital d\u00f6n\u00fc\u015f\u00fcmle yeni ula\u015f\u0131m modellerine de uyum sa\u011flayamad\u0131\u011f\u0131n\u0131 ifade etti.<\/span><\/p>\n<p style=\"font-weight: 300\">Taksi tarifelerinin yeniden d\u00fczenlenip, belli aral\u0131klarla g\u00fcncellenmesi gerekti\u011fini kaydeden Toros,\u00a0<span style=\"font-weight: 300 !important\">\u00a0sorunlar\u0131n \u00e7\u00f6z\u00fcm\u00fc i\u00e7in denetim, b\u00fct\u00fcnc\u00fcl ve kal\u0131c\u0131 politikalar gerekti\u011fini belirtti.<\/span><\/p>\n<p style=\"font-weight: 300\"><span style=\"font-weight: 300 !important\">Toros, turizmin i\u00e7in taksicili\u011fin \u00f6nemine de de\u011findi.<\/span><\/p>\n<p style=\"font-weight: 300\"><strong>-Ar\u0131kl\u0131<\/strong><\/p>\n<p style=\"font-weight: 300\">Bay\u0131nd\u0131rl\u0131k ve Ula\u015ft\u0131rma Bakan\u0131 Erhan Ar\u0131kl\u0131, Toros&#8217;a yan\u0131t verdi\u011fi konu\u015fmas\u0131nda\u00a0<span style=\"font-weight: 300 !important\">taksicilik sekt\u00f6r\u00fcn\u00fcn \u00fclkede ula\u015f\u0131m ve turizm a\u00e7\u0131s\u0131ndan \u00f6nemli oldu\u011funu belirtti, taksicilerle s\u00fcrekli bir araya gelerek sorunlar\u0131 tart\u0131\u015ft\u0131klar\u0131n\u0131 s\u00f6yledi.<\/span><\/p>\n<p style=\"font-weight: 300\">Birlikte \u00e7\u00f6z\u00fcm \u00fcretmeye \u00e7al\u0131\u015ft\u0131klar\u0131n\u0131, karar alma mekanizmas\u0131 olan \u0130zin Kurulu&#8217;nda taksicilerin ve KAR-\u0130\u015e\u2019in temsil edildi\u011fini kaydeden Ar\u0131kl\u0131,\u00a0<span style=\"font-weight: 300 !important\">kararlar\u0131n sekt\u00f6r\u00fcn bilgisi, onay\u0131 ve i\u015f birli\u011fi ile al\u0131nd\u0131\u011f\u0131n\u0131 ifade etti.<\/span><\/p>\n<p style=\"font-weight: 300\"><span style=\"font-weight: 300 !important\">Ar\u0131kl\u0131, mevcut taksi tarifeleri hakk\u0131nda bilgi vererek, tarifelerin y\u00fcksek oldu\u011funu kaydetti. Ar\u0131kl\u0131,\u00a0<\/span><span style=\"font-weight: 300 !important\">ucuz u\u00e7ak bileti bulup adaya gelen turistlerin ula\u015f\u0131m i\u00e7in y\u00fcksek \u00fccretler \u00f6dedi\u011fini belirtti.<\/span><\/p>\n<p style=\"font-weight: 300\">Tarifeleri y\u00fckseltmenin sorunlar\u0131 \u00e7\u00f6zmedi\u011fini, ka\u00e7ak taksicili\u011fi te\u015fvik etti\u011fini s\u00f6yleyen\u00a0<span style=\"font-weight: 300 !important\">Bay\u0131nd\u0131rl\u0131k ve Ula\u015ft\u0131rma Bakan\u0131 Erhan Ar\u0131kl\u0131,<\/span><span style=\"font-weight: 300 !important\">\u00a0talep edilen tarife zamm\u0131n\u0131n y\u00fczde 70 oran\u0131nda oldu\u011funu ancak bunun yap\u0131lmas\u0131n\u0131n m\u00fcmk\u00fcn olmad\u0131\u011f\u0131n\u0131 kaydetti.<\/span><\/p>\n<p style=\"font-weight: 300\"><span style=\"font-weight: 300 !important\">Erhan Ar\u0131kl\u0131, taksicilik ile ilgili yasas\u0131n\u0131n Anayasa\u2019n\u0131n \u201cseyahat \u00f6zg\u00fcrl\u00fc\u011f\u00fc\u201d maddesine ayk\u0131r\u0131\u00a0<\/span><span style=\"font-weight: 300 !important\">oldu\u011fu i\u00e7in komiteye \u00e7ekildi\u011fini de ifade etti.<\/span><\/p>\n<p style=\"font-weight: 300\">Yasa tasar\u0131s\u0131nda Anayasa\u2019ya uygun olmayan k\u0131s\u0131mlar\u0131 i\u00e7in yeni form\u00fcllere ve mant\u0131kl\u0131 \u00e7\u00f6z\u00fcmlere ihtiya\u00e7 oldu\u011funu s\u00f6yleyen Erhan Ar\u0131kl\u0131, ortak ak\u0131lla \u00e7\u00f6z\u00fcm \u00fcretilmesi i\u00e7in muhalefet milletvekillerini de s\u00fcrece dahil olmaya davet etti.<\/p>\n<p style=\"font-weight: 300\">Taksi tarifelerinin, \u0130zin Kurulu taraf\u0131ndan belirlendi\u011fine dikkat \u00e7eken Ar\u0131kl\u0131, tarifeler belirlenirken uygulanan kriterler hakk\u0131nda bilgi verdi.<\/p>\n<p style=\"font-weight: 300\">Bakan Ar\u0131kl\u0131, dijitalle\u015fme \u00f6nerilerinin otel \u00f6n\u00fcnde ve havaalan\u0131 b\u00f6lgesinde \u00e7al\u0131\u015fan taksiciler taraf\u0131ndan reddedildi\u011fini belirterek,\u00a0<span style=\"font-weight: 300 !important\">\u00a0\u015fehir i\u00e7i taksicilerinin ayn\u0131 ko\u015fullar alt\u0131nda \u00e7al\u0131\u015fmad\u0131\u011f\u0131 i\u00e7in zor durumda oldu\u011funu s\u00f6yledi.<\/span><\/p>\n<p style=\"font-weight: 300\"><strong>-Bar\u00e7\u0131n<\/strong><\/p>\n<p style=\"font-weight: 300\">CTP Milletvekili Devrim Bar\u00e7\u0131n, Genel Kurul&#8217;da\u00a0<span style=\"font-weight: 300 !important\">\u201cAnayasa Mahkemesi Karar\u0131n\u0131 Tan\u0131mayan Darbeci H\u00fck\u00fcmet\u201d konulu g\u00fcncel konu\u015fma yapt\u0131. Bar\u00e7\u0131n,\u00a0<\/span><span style=\"font-weight: 300 !important\">h\u00fck\u00fcmetin \u201cAnayasal d\u00fczeni y\u0131kmaya ve mahkeme kararlar\u0131n\u0131 tan\u0131mamaya yemin etti\u011fini\u201d savundu.<\/span><\/p>\n<p style=\"font-weight: 300\"><span style=\"font-weight: 300 !important\">Kay\u0131tlara ge\u00e7mesi i\u00e7in Anayasa Mahkemesi karar\u0131n\u0131 okuyan Bar\u00e7\u0131n, Bakanlar Kurulu taraf\u0131ndan \u00e7\u0131kar\u0131lan yasa g\u00fcc\u00fcnde kararnameleri ele\u015ftirdi.<\/span><\/p>\n<p style=\"font-weight: 300\"><span style=\"font-weight: 300 !important\">Bar\u00e7\u0131n, Gelir Vergisi matrah dilimlerinin d\u00fczenlenmesi i\u00e7in \u00e7\u0131kar\u0131lan kararnamenin, y\u00fcr\u00fcrl\u00fckten kalkma maddesinde \u201cyasa \u00e7\u0131kana kadar\u201d ifadesi kullan\u0131ld\u0131\u011f\u0131n\u0131 belirterek,\u00a0<\/span><span style=\"font-weight: 300 !important\">\u00a0bunun Anayasa mahkemesi karar\u0131n\u0131 tan\u0131mama anlam\u0131 ta\u015f\u0131d\u0131\u011f\u0131n\u0131 s\u00f6yledi.<\/span><\/p>\n<p style=\"font-weight: 300\"><span style=\"font-weight: 300 !important\">Gelir Vergisi matrah dilimlerinin d\u00fczenlenmesi i\u00e7in yap\u0131lan yasa tasar\u0131s\u0131n\u0131n, Meclis&#8217;e ikinci kez g\u00f6nderildi\u011fini ifade eden Bar\u00e7\u0131n, h\u00fck\u00fcmeti i\u015f bilmezlikle su\u00e7lad\u0131.<\/span><\/p>\n<p style=\"font-weight: 300\"><span style=\"font-weight: 300 !important\">Devrim Bar\u00e7\u0131n, Bor\u00e7 Y\u00f6netimi Komitesi&#8217;ne genel koordinat\u00f6r\u00fcn ba\u015fkanl\u0131k yapabilmesi i\u00e7in de yasa g\u00fcc\u00fcnde kararname \u00e7\u0131kar\u0131ld\u0131\u011f\u0131n\u0131 ifade ederek,\u00a0<\/span><span style=\"font-weight: 300 !important\">bu konunun ekonomik ivedilik arz etmedi\u011fini ifade etti.<\/span><\/p>\n<p style=\"font-weight: 300\">H\u00fck\u00fcmetin Anayasa Mahkemesi kararlar\u0131 hilaf\u0131na kararname \u00e7\u0131kard\u0131\u011f\u0131n\u0131 ve y\u00f6netme erkini kaybetti\u011fini savunan Bar\u00e7\u0131n, \u201c\u00dclkeyi, yasa g\u00fcc\u00fcnde kararnamelerle y\u00f6netmezsiniz.\u201d dedi.<\/p>\n<p style=\"font-weight: 300\">Bar\u00e7\u0131n, 22 Aral\u0131k 2023&#8217;te\u00a0 deprem ve di\u011fer do\u011fal afetlere y\u00f6nelik olu\u015fturulan mali yard\u0131m kapsam\u0131nda okul ve hastanelerin g\u00fc\u00e7lendirilmesi veya yeniden yap\u0131land\u0131r\u0131lmas\u0131nda uygulanacak y\u00f6ntemler hakk\u0131nda d\u00f6viz kurlar\u0131nda art\u0131\u015f oldu\u011fu gerek\u00e7esiyle \u00e7\u0131kar\u0131lan kararnamenin, ayn\u0131 gerek\u00e7eyle tekrar \u00e7\u0131kar\u0131lmas\u0131n\u0131 ele\u015ftirdi.<\/p>\n<p style=\"font-weight: 300\">Konu\u015fmas\u0131n\u0131n sonunda, Ankara\u2019da eylem yapan maden i\u015f\u00e7ilerine de destek belirten Bar\u00e7\u0131n, t\u00fcm emek\u00e7ilerin 1 May\u0131s Birlik ve M\u00fccadele G\u00fcn\u00fc\u2019n\u00fc kutlad\u0131.<\/p>\n<p style=\"font-weight: 300\"><strong>-Berova<\/strong><\/p>\n<p style=\"font-weight: 300\">Devrim Bar\u00e7\u0131n&#8217;a yerinden yan\u0131t veren Maliye Bakan\u0131 \u00d6zdemir Berova, kararnamelerin, Anayasa Mahkemesi\u2019nin karar\u0131ndan sonra s\u00fcreklili\u011fi sa\u011flayabilmek kapsam\u0131nda \u00e7\u0131kar\u0131ld\u0131\u011f\u0131n\u0131 ve konunun komite g\u00fcndemine getirilece\u011fini belirtti.<\/p>\n<p style=\"font-weight: 300\"><strong>-Hasipo\u011flu<\/strong><\/p>\n<p style=\"font-weight: 300\">\u00c7al\u0131\u015fma ve Sosyal G\u00fcvenlik Bakan\u0131 O\u011fuzhan Hasipo\u011flu da Genel Kurul&#8217;da s\u00f6z ald\u0131.<\/p>\n<p style=\"font-weight: 300\"><span style=\"font-weight: 300 !important\">Anayasa Mahkemesi\u2019nin yasa g\u00fcc\u00fcnde kararnameler konusundaki karar\u0131n\u0131n daha \u00f6nce de\u011ferlendirilenden farkl\u0131 bir yorum i\u00e7erdi\u011fini kaydeden Hasipo\u011flu,\u00a0<\/span><span style=\"font-weight: 300 !important\">bu karar\u0131n ard\u0131ndan Meclis \u00e7al\u0131\u015fmalar\u0131nda yeni bir d\u00f6nem ba\u015flad\u0131\u011f\u0131n\u0131 belirtti.<\/span><\/p>\n<p style=\"font-weight: 300\">Anayasa Mahkemesi\u2019nin 112&#8217;nci maddesinin daha \u00f6nce siyasiler, Meclis, Bakanlar Kurulu ve Savc\u0131l\u0131k taraf\u0131ndan, \u201c90 g\u00fcn dolsa dahi y\u00fcr\u00fcrl\u00fckte kal\u0131r\u201d \u015feklinde yorumland\u0131\u011f\u0131n\u0131 hat\u0131rlatan Hasipo\u011flu, bundan sonra \u00e7\u0131kar\u0131lacak kararnamelerde 90 g\u00fcnl\u00fck s\u00fcre tahsilinin dikkate al\u0131naca\u011f\u0131n\u0131 ifade etti.<\/p>\n<p style=\"font-weight: 300\">Hasipo\u011flu, kararnamelerin yeni Anayasa Mahkemesi yorumuna g\u00f6re 90 i\u00e7inde komitelere, sonras\u0131nda da Meclis g\u00fcndemine getirilece\u011fini belirtti.<\/p>\n","protected":false},"excerpt":{"rendered":"<p>Meclis Genel Kurulu\u2019nda g\u00fcncel konu\u015fmalar yap\u0131l\u0131yor. Milletvekilleri, taksiciler ve yasa g\u00fcc\u00fcndeki kararnameler \u00fczerine s\u00f6z ald\u0131. Genel Kurul onaya sunu\u015flarla ba\u015flad\u0131.\u00a0 \u0130lk olarak, \u0130dari Kamu ve Sa\u011fl\u0131k \u0130\u015fleri Komitesi&#8217;nin g\u00fcndeminde bulunan \u201c\u0130statistik Kurumu De\u011fi\u015fiklik Yasa \u00d6nerisi&#8217;nin komitede \u0130vedilikle g\u00f6r\u00fc\u015f\u00fclmesine ili\u015fkin tezkere oy birli\u011fi ile kabul edildi. Ba\u015fbakanl\u0131k; Hukuk, Siyasi \u0130\u015fler, D\u0131\u015f \u0130li\u015fkiler ve Savunma Komitesi\u2019nin g\u00fcndeminde [&hellip;]<\/p>\n","protected":false},"author":1,"featured_media":36633,"comment_status":"open","ping_status":"open","sticky":false,"template":"","format":"standard","meta":{"jnews-multi-image_gallery":[],"jnews_single_post":[],"jnews_primary_category":[],"footnotes":""},"categories":[1],"tags":[],"class_list":["post-36632","post","type-post","status-publish","format-standard","has-post-thumbnail","hentry","category-kibris"],"yoast_head":"<!-- This site is optimized with the Yoast SEO plugin v27.5 - https:\/\/yoast.com\/product\/yoast-seo-wordpress\/ -->\n<title>Taksiciler Meclis g\u00fcndeminde: Tarifeleri y\u00fckseltmek sorunlar\u0131 \u00e7\u00f6zm\u00fcyor - Haber Kuzey<\/title>\n<meta name=\"robots\" content=\"index, follow, max-snippet:-1, max-image-preview:large, max-video-preview:-1\" \/>\n<link rel=\"canonical\" href=\"https:\/\/haberkuzey.com\/index.php\/2026\/04\/28\/taksiciler-meclis-gundeminde-tarifeleri-yukseltmek-sorunlari-cozmuyor\/\" \/>\n<meta property=\"og:locale\" content=\"tr_TR\" \/>\n<meta property=\"og:type\" content=\"article\" \/>\n<meta property=\"og:title\" content=\"Taksiciler Meclis g\u00fcndeminde: Tarifeleri y\u00fckseltmek sorunlar\u0131 \u00e7\u00f6zm\u00fcyor - Haber Kuzey\" \/>\n<meta property=\"og:description\" content=\"Meclis Genel Kurulu\u2019nda g\u00fcncel konu\u015fmalar yap\u0131l\u0131yor. Milletvekilleri, taksiciler ve yasa g\u00fcc\u00fcndeki kararnameler \u00fczerine s\u00f6z ald\u0131. Genel Kurul onaya sunu\u015flarla ba\u015flad\u0131.\u00a0 \u0130lk olarak, \u0130dari Kamu ve Sa\u011fl\u0131k \u0130\u015fleri Komitesi&#8217;nin g\u00fcndeminde bulunan \u201c\u0130statistik Kurumu De\u011fi\u015fiklik Yasa \u00d6nerisi&#8217;nin komitede \u0130vedilikle g\u00f6r\u00fc\u015f\u00fclmesine ili\u015fkin tezkere oy birli\u011fi ile kabul edildi. Ba\u015fbakanl\u0131k; Hukuk, Siyasi \u0130\u015fler, D\u0131\u015f \u0130li\u015fkiler ve Savunma Komitesi\u2019nin g\u00fcndeminde [&hellip;]\" \/>\n<meta property=\"og:url\" content=\"https:\/\/haberkuzey.com\/index.php\/2026\/04\/28\/taksiciler-meclis-gundeminde-tarifeleri-yukseltmek-sorunlari-cozmuyor\/\" \/>\n<meta property=\"og:site_name\" content=\"Haber Kuzey\" \/>\n<meta property=\"article:published_time\" content=\"2026-04-28T12:50:46+00:00\" \/>\n<meta property=\"article:modified_time\" content=\"2026-04-28T12:50:55+00:00\" \/>\n<meta property=\"og:image\" content=\"https:\/\/haberkuzey.com\/wp-content\/uploads\/2026\/04\/Yeni-Proje-16-2.jpg\" \/>\n\t<meta property=\"og:image:width\" content=\"971\" \/>\n\t<meta property=\"og:image:height\" content=\"551\" \/>\n\t<meta property=\"og:image:type\" content=\"image\/jpeg\" \/>\n<meta name=\"author\" content=\"haberkuzey\" \/>\n<meta name=\"twitter:card\" content=\"summary_large_image\" \/>\n<meta name=\"twitter:label1\" content=\"Yazan:\" \/>\n\t<meta name=\"twitter:data1\" content=\"haberkuzey\" \/>\n\t<meta name=\"twitter:label2\" content=\"Tahmini okuma s\u00fcresi\" \/>\n\t<meta name=\"twitter:data2\" content=\"6 dakika\" \/>\n<script type=\"application\/ld+json\" class=\"yoast-schema-graph\">{\"@context\":\"https:\\\/\\\/schema.org\",\"@graph\":[{\"@type\":\"Article\",\"@id\":\"https:\\\/\\\/haberkuzey.com\\\/index.php\\\/2026\\\/04\\\/28\\\/taksiciler-meclis-gundeminde-tarifeleri-yukseltmek-sorunlari-cozmuyor\\\/#article\",\"isPartOf\":{\"@id\":\"https:\\\/\\\/haberkuzey.com\\\/index.php\\\/2026\\\/04\\\/28\\\/taksiciler-meclis-gundeminde-tarifeleri-yukseltmek-sorunlari-cozmuyor\\\/\"},\"author\":{\"name\":\"haberkuzey\",\"@id\":\"https:\\\/\\\/haberkuzey.com\\\/#\\\/schema\\\/person\\\/3372109ec735f9333f4fa47ebb9605ca\"},\"headline\":\"Taksiciler Meclis g\u00fcndeminde: Tarifeleri y\u00fckseltmek sorunlar\u0131 \u00e7\u00f6zm\u00fcyor\",\"datePublished\":\"2026-04-28T12:50:46+00:00\",\"dateModified\":\"2026-04-28T12:50:55+00:00\",\"mainEntityOfPage\":{\"@id\":\"https:\\\/\\\/haberkuzey.com\\\/index.php\\\/2026\\\/04\\\/28\\\/taksiciler-meclis-gundeminde-tarifeleri-yukseltmek-sorunlari-cozmuyor\\\/\"},\"wordCount\":1167,\"commentCount\":0,\"image\":{\"@id\":\"https:\\\/\\\/haberkuzey.com\\\/index.php\\\/2026\\\/04\\\/28\\\/taksiciler-meclis-gundeminde-tarifeleri-yukseltmek-sorunlari-cozmuyor\\\/#primaryimage\"},\"thumbnailUrl\":\"https:\\\/\\\/haberkuzey.com\\\/wp-content\\\/uploads\\\/2026\\\/04\\\/Yeni-Proje-16-2.jpg\",\"articleSection\":[\"K\u0131br\u0131s\"],\"inLanguage\":\"tr\",\"potentialAction\":[{\"@type\":\"CommentAction\",\"name\":\"Comment\",\"target\":[\"https:\\\/\\\/haberkuzey.com\\\/index.php\\\/2026\\\/04\\\/28\\\/taksiciler-meclis-gundeminde-tarifeleri-yukseltmek-sorunlari-cozmuyor\\\/#respond\"]}]},{\"@type\":\"WebPage\",\"@id\":\"https:\\\/\\\/haberkuzey.com\\\/index.php\\\/2026\\\/04\\\/28\\\/taksiciler-meclis-gundeminde-tarifeleri-yukseltmek-sorunlari-cozmuyor\\\/\",\"url\":\"https:\\\/\\\/haberkuzey.com\\\/index.php\\\/2026\\\/04\\\/28\\\/taksiciler-meclis-gundeminde-tarifeleri-yukseltmek-sorunlari-cozmuyor\\\/\",\"name\":\"Taksiciler Meclis g\u00fcndeminde: Tarifeleri y\u00fckseltmek sorunlar\u0131 \u00e7\u00f6zm\u00fcyor - Haber Kuzey\",\"isPartOf\":{\"@id\":\"https:\\\/\\\/haberkuzey.com\\\/#website\"},\"primaryImageOfPage\":{\"@id\":\"https:\\\/\\\/haberkuzey.com\\\/index.php\\\/2026\\\/04\\\/28\\\/taksiciler-meclis-gundeminde-tarifeleri-yukseltmek-sorunlari-cozmuyor\\\/#primaryimage\"},\"image\":{\"@id\":\"https:\\\/\\\/haberkuzey.com\\\/index.php\\\/2026\\\/04\\\/28\\\/taksiciler-meclis-gundeminde-tarifeleri-yukseltmek-sorunlari-cozmuyor\\\/#primaryimage\"},\"thumbnailUrl\":\"https:\\\/\\\/haberkuzey.com\\\/wp-content\\\/uploads\\\/2026\\\/04\\\/Yeni-Proje-16-2.jpg\",\"datePublished\":\"2026-04-28T12:50:46+00:00\",\"dateModified\":\"2026-04-28T12:50:55+00:00\",\"author\":{\"@id\":\"https:\\\/\\\/haberkuzey.com\\\/#\\\/schema\\\/person\\\/3372109ec735f9333f4fa47ebb9605ca\"},\"breadcrumb\":{\"@id\":\"https:\\\/\\\/haberkuzey.com\\\/index.php\\\/2026\\\/04\\\/28\\\/taksiciler-meclis-gundeminde-tarifeleri-yukseltmek-sorunlari-cozmuyor\\\/#breadcrumb\"},\"inLanguage\":\"tr\",\"potentialAction\":[{\"@type\":\"ReadAction\",\"target\":[\"https:\\\/\\\/haberkuzey.com\\\/index.php\\\/2026\\\/04\\\/28\\\/taksiciler-meclis-gundeminde-tarifeleri-yukseltmek-sorunlari-cozmuyor\\\/\"]}]},{\"@type\":\"ImageObject\",\"inLanguage\":\"tr\",\"@id\":\"https:\\\/\\\/haberkuzey.com\\\/index.php\\\/2026\\\/04\\\/28\\\/taksiciler-meclis-gundeminde-tarifeleri-yukseltmek-sorunlari-cozmuyor\\\/#primaryimage\",\"url\":\"https:\\\/\\\/haberkuzey.com\\\/wp-content\\\/uploads\\\/2026\\\/04\\\/Yeni-Proje-16-2.jpg\",\"contentUrl\":\"https:\\\/\\\/haberkuzey.com\\\/wp-content\\\/uploads\\\/2026\\\/04\\\/Yeni-Proje-16-2.jpg\",\"width\":971,\"height\":551},{\"@type\":\"BreadcrumbList\",\"@id\":\"https:\\\/\\\/haberkuzey.com\\\/index.php\\\/2026\\\/04\\\/28\\\/taksiciler-meclis-gundeminde-tarifeleri-yukseltmek-sorunlari-cozmuyor\\\/#breadcrumb\",\"itemListElement\":[{\"@type\":\"ListItem\",\"position\":1,\"name\":\"Anasayfa\",\"item\":\"https:\\\/\\\/haberkuzey.com\\\/\"},{\"@type\":\"ListItem\",\"position\":2,\"name\":\"Taksiciler Meclis g\u00fcndeminde: Tarifeleri y\u00fckseltmek sorunlar\u0131 \u00e7\u00f6zm\u00fcyor\"}]},{\"@type\":\"WebSite\",\"@id\":\"https:\\\/\\\/haberkuzey.com\\\/#website\",\"url\":\"https:\\\/\\\/haberkuzey.com\\\/\",\"name\":\"Haber Kuzey\",\"description\":\"Do\u011fru Haberin Adresi\",\"potentialAction\":[{\"@type\":\"SearchAction\",\"target\":{\"@type\":\"EntryPoint\",\"urlTemplate\":\"https:\\\/\\\/haberkuzey.com\\\/?s={search_term_string}\"},\"query-input\":{\"@type\":\"PropertyValueSpecification\",\"valueRequired\":true,\"valueName\":\"search_term_string\"}}],\"inLanguage\":\"tr\"},{\"@type\":\"Person\",\"@id\":\"https:\\\/\\\/haberkuzey.com\\\/#\\\/schema\\\/person\\\/3372109ec735f9333f4fa47ebb9605ca\",\"name\":\"haberkuzey\",\"image\":{\"@type\":\"ImageObject\",\"inLanguage\":\"tr\",\"@id\":\"https:\\\/\\\/secure.gravatar.com\\\/avatar\\\/f5fc875574b1575324358c3b9e6a32b8227aa5b74f3fa22e3cadb63e26fcc39c?s=96&d=mm&r=g\",\"url\":\"https:\\\/\\\/secure.gravatar.com\\\/avatar\\\/f5fc875574b1575324358c3b9e6a32b8227aa5b74f3fa22e3cadb63e26fcc39c?s=96&d=mm&r=g\",\"contentUrl\":\"https:\\\/\\\/secure.gravatar.com\\\/avatar\\\/f5fc875574b1575324358c3b9e6a32b8227aa5b74f3fa22e3cadb63e26fcc39c?s=96&d=mm&r=g\",\"caption\":\"haberkuzey\"},\"sameAs\":[\"https:\\\/\\\/haberkuzey.com\"],\"url\":\"https:\\\/\\\/haberkuzey.com\\\/index.php\\\/author\\\/haberkuzey\\\/\"}]}<\/script>\n<!-- \/ Yoast SEO plugin. -->","yoast_head_json":{"title":"Taksiciler Meclis g\u00fcndeminde: Tarifeleri y\u00fckseltmek sorunlar\u0131 \u00e7\u00f6zm\u00fcyor - Haber Kuzey","robots":{"index":"index","follow":"follow","max-snippet":"max-snippet:-1","max-image-preview":"max-image-preview:large","max-video-preview":"max-video-preview:-1"},"canonical":"https:\/\/haberkuzey.com\/index.php\/2026\/04\/28\/taksiciler-meclis-gundeminde-tarifeleri-yukseltmek-sorunlari-cozmuyor\/","og_locale":"tr_TR","og_type":"article","og_title":"Taksiciler Meclis g\u00fcndeminde: Tarifeleri y\u00fckseltmek sorunlar\u0131 \u00e7\u00f6zm\u00fcyor - Haber Kuzey","og_description":"Meclis Genel Kurulu\u2019nda g\u00fcncel konu\u015fmalar yap\u0131l\u0131yor. Milletvekilleri, taksiciler ve yasa g\u00fcc\u00fcndeki kararnameler \u00fczerine s\u00f6z ald\u0131. Genel Kurul onaya sunu\u015flarla ba\u015flad\u0131.\u00a0 \u0130lk olarak, \u0130dari Kamu ve Sa\u011fl\u0131k \u0130\u015fleri Komitesi&#8217;nin g\u00fcndeminde bulunan \u201c\u0130statistik Kurumu De\u011fi\u015fiklik Yasa \u00d6nerisi&#8217;nin komitede \u0130vedilikle g\u00f6r\u00fc\u015f\u00fclmesine ili\u015fkin tezkere oy birli\u011fi ile kabul edildi. Ba\u015fbakanl\u0131k; Hukuk, Siyasi \u0130\u015fler, D\u0131\u015f \u0130li\u015fkiler ve Savunma Komitesi\u2019nin g\u00fcndeminde [&hellip;]","og_url":"https:\/\/haberkuzey.com\/index.php\/2026\/04\/28\/taksiciler-meclis-gundeminde-tarifeleri-yukseltmek-sorunlari-cozmuyor\/","og_site_name":"Haber Kuzey","article_published_time":"2026-04-28T12:50:46+00:00","article_modified_time":"2026-04-28T12:50:55+00:00","og_image":[{"width":971,"height":551,"url":"https:\/\/haberkuzey.com\/wp-content\/uploads\/2026\/04\/Yeni-Proje-16-2.jpg","type":"image\/jpeg"}],"author":"haberkuzey","twitter_card":"summary_large_image","twitter_misc":{"Yazan:":"haberkuzey","Tahmini okuma s\u00fcresi":"6 dakika"},"schema":{"@context":"https:\/\/schema.org","@graph":[{"@type":"Article","@id":"https:\/\/haberkuzey.com\/index.php\/2026\/04\/28\/taksiciler-meclis-gundeminde-tarifeleri-yukseltmek-sorunlari-cozmuyor\/#article","isPartOf":{"@id":"https:\/\/haberkuzey.com\/index.php\/2026\/04\/28\/taksiciler-meclis-gundeminde-tarifeleri-yukseltmek-sorunlari-cozmuyor\/"},"author":{"name":"haberkuzey","@id":"https:\/\/haberkuzey.com\/#\/schema\/person\/3372109ec735f9333f4fa47ebb9605ca"},"headline":"Taksiciler Meclis g\u00fcndeminde: Tarifeleri y\u00fckseltmek sorunlar\u0131 \u00e7\u00f6zm\u00fcyor","datePublished":"2026-04-28T12:50:46+00:00","dateModified":"2026-04-28T12:50:55+00:00","mainEntityOfPage":{"@id":"https:\/\/haberkuzey.com\/index.php\/2026\/04\/28\/taksiciler-meclis-gundeminde-tarifeleri-yukseltmek-sorunlari-cozmuyor\/"},"wordCount":1167,"commentCount":0,"image":{"@id":"https:\/\/haberkuzey.com\/index.php\/2026\/04\/28\/taksiciler-meclis-gundeminde-tarifeleri-yukseltmek-sorunlari-cozmuyor\/#primaryimage"},"thumbnailUrl":"https:\/\/haberkuzey.com\/wp-content\/uploads\/2026\/04\/Yeni-Proje-16-2.jpg","articleSection":["K\u0131br\u0131s"],"inLanguage":"tr","potentialAction":[{"@type":"CommentAction","name":"Comment","target":["https:\/\/haberkuzey.com\/index.php\/2026\/04\/28\/taksiciler-meclis-gundeminde-tarifeleri-yukseltmek-sorunlari-cozmuyor\/#respond"]}]},{"@type":"WebPage","@id":"https:\/\/haberkuzey.com\/index.php\/2026\/04\/28\/taksiciler-meclis-gundeminde-tarifeleri-yukseltmek-sorunlari-cozmuyor\/","url":"https:\/\/haberkuzey.com\/index.php\/2026\/04\/28\/taksiciler-meclis-gundeminde-tarifeleri-yukseltmek-sorunlari-cozmuyor\/","name":"Taksiciler Meclis g\u00fcndeminde: Tarifeleri y\u00fckseltmek sorunlar\u0131 \u00e7\u00f6zm\u00fcyor - Haber Kuzey","isPartOf":{"@id":"https:\/\/haberkuzey.com\/#website"},"primaryImageOfPage":{"@id":"https:\/\/haberkuzey.com\/index.php\/2026\/04\/28\/taksiciler-meclis-gundeminde-tarifeleri-yukseltmek-sorunlari-cozmuyor\/#primaryimage"},"image":{"@id":"https:\/\/haberkuzey.com\/index.php\/2026\/04\/28\/taksiciler-meclis-gundeminde-tarifeleri-yukseltmek-sorunlari-cozmuyor\/#primaryimage"},"thumbnailUrl":"https:\/\/haberkuzey.com\/wp-content\/uploads\/2026\/04\/Yeni-Proje-16-2.jpg","datePublished":"2026-04-28T12:50:46+00:00","dateModified":"2026-04-28T12:50:55+00:00","author":{"@id":"https:\/\/haberkuzey.com\/#\/schema\/person\/3372109ec735f9333f4fa47ebb9605ca"},"breadcrumb":{"@id":"https:\/\/haberkuzey.com\/index.php\/2026\/04\/28\/taksiciler-meclis-gundeminde-tarifeleri-yukseltmek-sorunlari-cozmuyor\/#breadcrumb"},"inLanguage":"tr","potentialAction":[{"@type":"ReadAction","target":["https:\/\/haberkuzey.com\/index.php\/2026\/04\/28\/taksiciler-meclis-gundeminde-tarifeleri-yukseltmek-sorunlari-cozmuyor\/"]}]},{"@type":"ImageObject","inLanguage":"tr","@id":"https:\/\/haberkuzey.com\/index.php\/2026\/04\/28\/taksiciler-meclis-gundeminde-tarifeleri-yukseltmek-sorunlari-cozmuyor\/#primaryimage","url":"https:\/\/haberkuzey.com\/wp-content\/uploads\/2026\/04\/Yeni-Proje-16-2.jpg","contentUrl":"https:\/\/haberkuzey.com\/wp-content\/uploads\/2026\/04\/Yeni-Proje-16-2.jpg","width":971,"height":551},{"@type":"BreadcrumbList","@id":"https:\/\/haberkuzey.com\/index.php\/2026\/04\/28\/taksiciler-meclis-gundeminde-tarifeleri-yukseltmek-sorunlari-cozmuyor\/#breadcrumb","itemListElement":[{"@type":"ListItem","position":1,"name":"Anasayfa","item":"https:\/\/haberkuzey.com\/"},{"@type":"ListItem","position":2,"name":"Taksiciler Meclis g\u00fcndeminde: Tarifeleri y\u00fckseltmek sorunlar\u0131 \u00e7\u00f6zm\u00fcyor"}]},{"@type":"WebSite","@id":"https:\/\/haberkuzey.com\/#website","url":"https:\/\/haberkuzey.com\/","name":"Haber Kuzey","description":"Do\u011fru Haberin Adresi","potentialAction":[{"@type":"SearchAction","target":{"@type":"EntryPoint","urlTemplate":"https:\/\/haberkuzey.com\/?s={search_term_string}"},"query-input":{"@type":"PropertyValueSpecification","valueRequired":true,"valueName":"search_term_string"}}],"inLanguage":"tr"},{"@type":"Person","@id":"https:\/\/haberkuzey.com\/#\/schema\/person\/3372109ec735f9333f4fa47ebb9605ca","name":"haberkuzey","image":{"@type":"ImageObject","inLanguage":"tr","@id":"https:\/\/secure.gravatar.com\/avatar\/f5fc875574b1575324358c3b9e6a32b8227aa5b74f3fa22e3cadb63e26fcc39c?s=96&d=mm&r=g","url":"https:\/\/secure.gravatar.com\/avatar\/f5fc875574b1575324358c3b9e6a32b8227aa5b74f3fa22e3cadb63e26fcc39c?s=96&d=mm&r=g","contentUrl":"https:\/\/secure.gravatar.com\/avatar\/f5fc875574b1575324358c3b9e6a32b8227aa5b74f3fa22e3cadb63e26fcc39c?s=96&d=mm&r=g","caption":"haberkuzey"},"sameAs":["https:\/\/haberkuzey.com"],"url":"https:\/\/haberkuzey.com\/index.php\/author\/haberkuzey\/"}]}},"_links":{"self":[{"href":"https:\/\/haberkuzey.com\/index.php\/wp-json\/wp\/v2\/posts\/36632","targetHints":{"allow":["GET"]}}],"collection":[{"href":"https:\/\/haberkuzey.com\/index.php\/wp-json\/wp\/v2\/posts"}],"about":[{"href":"https:\/\/haberkuzey.com\/index.php\/wp-json\/wp\/v2\/types\/post"}],"author":[{"embeddable":true,"href":"https:\/\/haberkuzey.com\/index.php\/wp-json\/wp\/v2\/users\/1"}],"replies":[{"embeddable":true,"href":"https:\/\/haberkuzey.com\/index.php\/wp-json\/wp\/v2\/comments?post=36632"}],"version-history":[{"count":1,"href":"https:\/\/haberkuzey.com\/index.php\/wp-json\/wp\/v2\/posts\/36632\/revisions"}],"predecessor-version":[{"id":36634,"href":"https:\/\/haberkuzey.com\/index.php\/wp-json\/wp\/v2\/posts\/36632\/revisions\/36634"}],"wp:featuredmedia":[{"embeddable":true,"href":"https:\/\/haberkuzey.com\/index.php\/wp-json\/wp\/v2\/media\/36633"}],"wp:attachment":[{"href":"https:\/\/haberkuzey.com\/index.php\/wp-json\/wp\/v2\/media?parent=36632"}],"wp:term":[{"taxonomy":"category","embeddable":true,"href":"https:\/\/haberkuzey.com\/index.php\/wp-json\/wp\/v2\/categories?post=36632"},{"taxonomy":"post_tag","embeddable":true,"href":"https:\/\/haberkuzey.com\/index.php\/wp-json\/wp\/v2\/tags?post=36632"}],"curies":[{"name":"wp","href":"https:\/\/api.w.org\/{rel}","templated":true}]}}