{"id":36629,"date":"2026-04-28T15:44:52","date_gmt":"2026-04-28T12:44:52","guid":{"rendered":"https:\/\/haberkuzey.com\/index.php\/2026\/04\/28\/tuketici-fiyat-endeksi-sepeti-guncellenecek\/"},"modified":"2026-04-28T15:45:03","modified_gmt":"2026-04-28T12:45:03","slug":"tuketici-fiyat-endeksi-sepeti-guncellenecek","status":"publish","type":"post","link":"https:\/\/haberkuzey.com\/index.php\/2026\/04\/28\/tuketici-fiyat-endeksi-sepeti-guncellenecek\/","title":{"rendered":"T\u00fcketici Fiyat Endeksi Sepeti g\u00fcncellenecek"},"content":{"rendered":"<p>\u0130statistik Kurumu Ba\u015fkan\u0131 S\u00f6v\u00fcda Besimler, Hanehalk\u0131 B\u00fct\u00e7e Anketi i\u00e7in adres listeleme \u00e7al\u0131\u015fmas\u0131n\u0131n tamamland\u0131\u011f\u0131n\u0131, alan uygulamas\u0131n\u0131n 1 May\u0131s\u2019ta ba\u015flayaca\u011f\u0131n\u0131 duyurdu.<\/p>\n<p>Bu \u00e7al\u0131\u015fma ile elde edilecek verilerin, do\u011frudan enflasyon (hayat pahal\u0131l\u0131\u011f\u0131) hesaplamalar\u0131n\u0131n temelini olu\u015fturaca\u011f\u0131na dikkat \u00e7eken Besimler, \u201cBu nedenle, hanehalklar\u0131n\u0131n verece\u011fi do\u011fru ve eksiksiz bilgiler, \u00fclkemizde hayat pahal\u0131l\u0131\u011f\u0131n\u0131n do\u011fru \u00f6l\u00e7\u00fclmesine ve ekonomik g\u00f6stergelerin sa\u011fl\u0131kl\u0131 olu\u015fturulmas\u0131na katk\u0131 sa\u011flayacakt\u0131r\u201d dedi.<\/p>\n<p>Besimler yapt\u0131\u011f\u0131 yaz\u0131l\u0131 a\u00e7\u0131klamada, \u0130statistik Kurumu\u2019nun, Kuzey K\u0131br\u0131s T\u00fcrk Cumhuriyeti\u2019nde resmi istatistiklerin \u00fcreticisi ve koordinat\u00f6r\u00fc oldu\u011funu ifade ederek, 32\/2019 say\u0131l\u0131 yasa kapsam\u0131nda veri derlendi\u011fi ve \u00fcretilen istatistiklerin g\u00fcncel olarak kamuoyunun hizmetine sunuldu\u011funu belirtti. Besimler, derlenen t\u00fcm bilgilerin, ayn\u0131 yasan\u0131n 22\u2019nci maddesi uyar\u0131nca tamamen gizlilik ilkesi \u00e7er\u00e7evesinde korunarak, yaln\u0131zca istatistiksel ama\u00e7larla kullan\u0131ld\u0131\u011f\u0131n\u0131 kaydetti.<\/p>\n<p><strong>-\u201cHanehalk\u0131 B\u00fct\u00e7e Anketi en \u00f6nemli ara\u015ft\u0131rmalardan biri\u201d<\/strong><\/p>\n<p>Besimler, kurumun temel faaliyetlerinden biri olan Hanehalk\u0131 B\u00fct\u00e7e Anketi\u2019nin, hanelerin sosyo-ekonomik yap\u0131s\u0131, ya\u015fam d\u00fczeyi ve t\u00fcketim kal\u0131plar\u0131na ili\u015fkin kapsaml\u0131 veri sa\u011flayan; ayn\u0131 zamanda uygulanan ekonomik ve sosyal politikalar\u0131n etkinli\u011finin de\u011ferlendirilmesine imk\u00e2n tan\u0131yan en \u00f6nemli ara\u015ft\u0131rmalardan biri oldu\u011funun alt\u0131n\u0131 \u00e7izdi.<\/p>\n<p>Bu kapsamda y\u00fcr\u00fct\u00fclen \u00e7al\u0131\u015fma sonucunda, T\u00fcketici Fiyat Endeksi (T\u00dcFE) hesaplamalar\u0131nda kullan\u0131lacak mal ve hizmet sepetinin g\u00fcncellenece\u011fini, hanelerin harcama al\u0131\u015fkanl\u0131klar\u0131 ve t\u00fcketim yap\u0131s\u0131ndaki de\u011fi\u015fimlerin izlenece\u011fini, asgari \u00fccret tespit \u00e7al\u0131\u015fmalar\u0131na veri sa\u011flanaca\u011f\u0131n\u0131 ifade eden Besimler, ayr\u0131ca yoksulluk s\u0131n\u0131r\u0131 ve sosyo-ekonomik g\u00f6stergelerin belirlenmesine katk\u0131 sunulaca\u011f\u0131n\u0131 kaydetti.<\/p>\n<p><strong>-\u201cAlan uygulamas\u0131, 1 May\u0131s 2026-30 Nisan 2027 tarihleri aras\u0131nda y\u00fcr\u00fct\u00fclecek\u201d<\/strong><\/p>\n<p>Anket \u00e7er\u00e7evesinin olu\u015fturulmas\u0131 amac\u0131yla 1 Aral\u0131k 2025-31 Mart 2026 tarihleri aras\u0131nda adres listeleme \u00e7al\u0131\u015fmas\u0131n\u0131n tamamland\u0131\u011f\u0131n\u0131 belirten Besimler, alan uygulamas\u0131n\u0131n, 1 May\u0131s 2026-30 Nisan 2027 tarihleri aras\u0131nda, d\u00f6rt mevsimi kapsayacak \u015fekilde y\u00fcr\u00fct\u00fclece\u011fini ifade etti.<\/p>\n<p>Saha \u00e7al\u0131\u015fmalar\u0131n\u0131n, hafta boyunca d\u00fczenli olarak s\u00fcrd\u00fcr\u00fclece\u011fini, g\u00f6revli anket\u00f6rlerin, resmi kimlik belgesi ve QR kodlu yaka kartlar\u0131 ile sahada g\u00f6rev yapaca\u011f\u0131n\u0131 kaydeden Besimler, vatanda\u015flar\u0131n, QR kod arac\u0131l\u0131\u011f\u0131yla g\u00f6revli personelin kimli\u011fini do\u011frulayabilece\u011fine dikkat \u00e7ekti.<\/p>\n<p><strong>-\u201cBu \u00e7al\u0131\u015fma ile elde edilecek veriler, do\u011frudan enflasyon hesaplamalar\u0131n\u0131n temelini olu\u015fturacak\u201d<\/strong><\/p>\n<p>Bu \u00e7al\u0131\u015fma ile elde edilecek verilerin, do\u011frudan enflasyon (hayat pahal\u0131l\u0131\u011f\u0131) hesaplamalar\u0131n\u0131n temelini olu\u015fturaca\u011f\u0131n\u0131 vurgulayan Besimler, \u201cBu nedenle, hanehalklar\u0131n\u0131n verece\u011fi do\u011fru ve eksiksiz bilgiler, \u00fclkemizde hayat pahal\u0131l\u0131\u011f\u0131n\u0131n do\u011fru \u00f6l\u00e7\u00fclmesine ve ekonomik g\u00f6stergelerin sa\u011fl\u0131kl\u0131 olu\u015fturulmas\u0131na katk\u0131 sa\u011flayacakt\u0131r\u201d dedi.<\/p>\n<p><strong>-\u201cKap\u0131n\u0131z\u0131 \u00e7alan g\u00f6revli, yaln\u0131zca bir anket\u00f6r de\u011fil; ayn\u0131 zamanda sizin ya\u015fam ko\u015fullar\u0131n\u0131z\u0131 do\u011fru yans\u0131tacak verinin temsilcisidir\u201d<\/strong><\/p>\n<p>\u201cKap\u0131n\u0131z\u0131 \u00e7alan g\u00f6revli, yaln\u0131zca bir anket\u00f6r de\u011fil; ayn\u0131 zamanda sizin ya\u015fam ko\u015fullar\u0131n\u0131z\u0131 do\u011fru yans\u0131tacak verinin temsilcisidir\u201d vurgusu yapan Besimler, vatanda\u015flara anket s\u00fcrecine g\u00f6sterecekleri destek ve katk\u0131lar i\u00e7in te\u015fekk\u00fcr etti.<\/p>\n<p>&nbsp;<\/p>\n","protected":false},"excerpt":{"rendered":"<p>\u0130statistik Kurumu Ba\u015fkan\u0131 S\u00f6v\u00fcda Besimler, Hanehalk\u0131 B\u00fct\u00e7e Anketi i\u00e7in adres listeleme \u00e7al\u0131\u015fmas\u0131n\u0131n tamamland\u0131\u011f\u0131n\u0131, alan uygulamas\u0131n\u0131n 1 May\u0131s\u2019ta ba\u015flayaca\u011f\u0131n\u0131 duyurdu. Bu \u00e7al\u0131\u015fma ile elde edilecek verilerin, do\u011frudan enflasyon (hayat pahal\u0131l\u0131\u011f\u0131) hesaplamalar\u0131n\u0131n temelini olu\u015fturaca\u011f\u0131na dikkat \u00e7eken Besimler, \u201cBu nedenle, hanehalklar\u0131n\u0131n verece\u011fi do\u011fru ve eksiksiz bilgiler, \u00fclkemizde hayat pahal\u0131l\u0131\u011f\u0131n\u0131n do\u011fru \u00f6l\u00e7\u00fclmesine ve ekonomik g\u00f6stergelerin sa\u011fl\u0131kl\u0131 olu\u015fturulmas\u0131na katk\u0131 sa\u011flayacakt\u0131r\u201d [&hellip;]<\/p>\n","protected":false},"author":1,"featured_media":36630,"comment_status":"open","ping_status":"open","sticky":false,"template":"","format":"standard","meta":{"jnews-multi-image_gallery":[],"jnews_single_post":[],"jnews_primary_category":[],"footnotes":""},"categories":[1],"tags":[],"class_list":["post-36629","post","type-post","status-publish","format-standard","has-post-thumbnail","hentry","category-kibris"],"yoast_head":"<!-- This site is optimized with the Yoast SEO plugin v27.5 - https:\/\/yoast.com\/product\/yoast-seo-wordpress\/ -->\n<title>T\u00fcketici Fiyat Endeksi Sepeti g\u00fcncellenecek - Haber Kuzey<\/title>\n<meta name=\"robots\" content=\"index, follow, max-snippet:-1, max-image-preview:large, max-video-preview:-1\" \/>\n<link rel=\"canonical\" href=\"https:\/\/haberkuzey.com\/index.php\/2026\/04\/28\/tuketici-fiyat-endeksi-sepeti-guncellenecek\/\" \/>\n<meta property=\"og:locale\" content=\"tr_TR\" \/>\n<meta property=\"og:type\" content=\"article\" \/>\n<meta property=\"og:title\" content=\"T\u00fcketici Fiyat Endeksi Sepeti g\u00fcncellenecek - Haber Kuzey\" \/>\n<meta property=\"og:description\" content=\"\u0130statistik Kurumu Ba\u015fkan\u0131 S\u00f6v\u00fcda Besimler, Hanehalk\u0131 B\u00fct\u00e7e Anketi i\u00e7in adres listeleme \u00e7al\u0131\u015fmas\u0131n\u0131n tamamland\u0131\u011f\u0131n\u0131, alan uygulamas\u0131n\u0131n 1 May\u0131s\u2019ta ba\u015flayaca\u011f\u0131n\u0131 duyurdu. Bu \u00e7al\u0131\u015fma ile elde edilecek verilerin, do\u011frudan enflasyon (hayat pahal\u0131l\u0131\u011f\u0131) hesaplamalar\u0131n\u0131n temelini olu\u015fturaca\u011f\u0131na dikkat \u00e7eken Besimler, \u201cBu nedenle, hanehalklar\u0131n\u0131n verece\u011fi do\u011fru ve eksiksiz bilgiler, \u00fclkemizde hayat pahal\u0131l\u0131\u011f\u0131n\u0131n do\u011fru \u00f6l\u00e7\u00fclmesine ve ekonomik g\u00f6stergelerin sa\u011fl\u0131kl\u0131 olu\u015fturulmas\u0131na katk\u0131 sa\u011flayacakt\u0131r\u201d [&hellip;]\" \/>\n<meta property=\"og:url\" content=\"https:\/\/haberkuzey.com\/index.php\/2026\/04\/28\/tuketici-fiyat-endeksi-sepeti-guncellenecek\/\" \/>\n<meta property=\"og:site_name\" content=\"Haber Kuzey\" \/>\n<meta property=\"article:published_time\" content=\"2026-04-28T12:44:52+00:00\" \/>\n<meta property=\"article:modified_time\" content=\"2026-04-28T12:45:03+00:00\" \/>\n<meta property=\"og:image\" content=\"https:\/\/haberkuzey.com\/wp-content\/uploads\/2026\/04\/kapak_105302.webp\" \/>\n\t<meta property=\"og:image:width\" content=\"760\" \/>\n\t<meta property=\"og:image:height\" content=\"450\" \/>\n\t<meta property=\"og:image:type\" content=\"image\/webp\" \/>\n<meta name=\"author\" content=\"haberkuzey\" \/>\n<meta name=\"twitter:card\" content=\"summary_large_image\" \/>\n<meta name=\"twitter:label1\" content=\"Yazan:\" \/>\n\t<meta name=\"twitter:data1\" content=\"haberkuzey\" \/>\n\t<meta name=\"twitter:label2\" content=\"Tahmini okuma s\u00fcresi\" \/>\n\t<meta name=\"twitter:data2\" content=\"3 dakika\" \/>\n<script type=\"application\/ld+json\" class=\"yoast-schema-graph\">{\"@context\":\"https:\\\/\\\/schema.org\",\"@graph\":[{\"@type\":\"Article\",\"@id\":\"https:\\\/\\\/haberkuzey.com\\\/index.php\\\/2026\\\/04\\\/28\\\/tuketici-fiyat-endeksi-sepeti-guncellenecek\\\/#article\",\"isPartOf\":{\"@id\":\"https:\\\/\\\/haberkuzey.com\\\/index.php\\\/2026\\\/04\\\/28\\\/tuketici-fiyat-endeksi-sepeti-guncellenecek\\\/\"},\"author\":{\"name\":\"haberkuzey\",\"@id\":\"https:\\\/\\\/haberkuzey.com\\\/#\\\/schema\\\/person\\\/3372109ec735f9333f4fa47ebb9605ca\"},\"headline\":\"T\u00fcketici Fiyat Endeksi Sepeti g\u00fcncellenecek\",\"datePublished\":\"2026-04-28T12:44:52+00:00\",\"dateModified\":\"2026-04-28T12:45:03+00:00\",\"mainEntityOfPage\":{\"@id\":\"https:\\\/\\\/haberkuzey.com\\\/index.php\\\/2026\\\/04\\\/28\\\/tuketici-fiyat-endeksi-sepeti-guncellenecek\\\/\"},\"wordCount\":583,\"commentCount\":0,\"image\":{\"@id\":\"https:\\\/\\\/haberkuzey.com\\\/index.php\\\/2026\\\/04\\\/28\\\/tuketici-fiyat-endeksi-sepeti-guncellenecek\\\/#primaryimage\"},\"thumbnailUrl\":\"https:\\\/\\\/haberkuzey.com\\\/wp-content\\\/uploads\\\/2026\\\/04\\\/kapak_105302.webp\",\"articleSection\":[\"K\u0131br\u0131s\"],\"inLanguage\":\"tr\",\"potentialAction\":[{\"@type\":\"CommentAction\",\"name\":\"Comment\",\"target\":[\"https:\\\/\\\/haberkuzey.com\\\/index.php\\\/2026\\\/04\\\/28\\\/tuketici-fiyat-endeksi-sepeti-guncellenecek\\\/#respond\"]}]},{\"@type\":\"WebPage\",\"@id\":\"https:\\\/\\\/haberkuzey.com\\\/index.php\\\/2026\\\/04\\\/28\\\/tuketici-fiyat-endeksi-sepeti-guncellenecek\\\/\",\"url\":\"https:\\\/\\\/haberkuzey.com\\\/index.php\\\/2026\\\/04\\\/28\\\/tuketici-fiyat-endeksi-sepeti-guncellenecek\\\/\",\"name\":\"T\u00fcketici Fiyat Endeksi Sepeti g\u00fcncellenecek - Haber Kuzey\",\"isPartOf\":{\"@id\":\"https:\\\/\\\/haberkuzey.com\\\/#website\"},\"primaryImageOfPage\":{\"@id\":\"https:\\\/\\\/haberkuzey.com\\\/index.php\\\/2026\\\/04\\\/28\\\/tuketici-fiyat-endeksi-sepeti-guncellenecek\\\/#primaryimage\"},\"image\":{\"@id\":\"https:\\\/\\\/haberkuzey.com\\\/index.php\\\/2026\\\/04\\\/28\\\/tuketici-fiyat-endeksi-sepeti-guncellenecek\\\/#primaryimage\"},\"thumbnailUrl\":\"https:\\\/\\\/haberkuzey.com\\\/wp-content\\\/uploads\\\/2026\\\/04\\\/kapak_105302.webp\",\"datePublished\":\"2026-04-28T12:44:52+00:00\",\"dateModified\":\"2026-04-28T12:45:03+00:00\",\"author\":{\"@id\":\"https:\\\/\\\/haberkuzey.com\\\/#\\\/schema\\\/person\\\/3372109ec735f9333f4fa47ebb9605ca\"},\"breadcrumb\":{\"@id\":\"https:\\\/\\\/haberkuzey.com\\\/index.php\\\/2026\\\/04\\\/28\\\/tuketici-fiyat-endeksi-sepeti-guncellenecek\\\/#breadcrumb\"},\"inLanguage\":\"tr\",\"potentialAction\":[{\"@type\":\"ReadAction\",\"target\":[\"https:\\\/\\\/haberkuzey.com\\\/index.php\\\/2026\\\/04\\\/28\\\/tuketici-fiyat-endeksi-sepeti-guncellenecek\\\/\"]}]},{\"@type\":\"ImageObject\",\"inLanguage\":\"tr\",\"@id\":\"https:\\\/\\\/haberkuzey.com\\\/index.php\\\/2026\\\/04\\\/28\\\/tuketici-fiyat-endeksi-sepeti-guncellenecek\\\/#primaryimage\",\"url\":\"https:\\\/\\\/haberkuzey.com\\\/wp-content\\\/uploads\\\/2026\\\/04\\\/kapak_105302.webp\",\"contentUrl\":\"https:\\\/\\\/haberkuzey.com\\\/wp-content\\\/uploads\\\/2026\\\/04\\\/kapak_105302.webp\",\"width\":760,\"height\":450},{\"@type\":\"BreadcrumbList\",\"@id\":\"https:\\\/\\\/haberkuzey.com\\\/index.php\\\/2026\\\/04\\\/28\\\/tuketici-fiyat-endeksi-sepeti-guncellenecek\\\/#breadcrumb\",\"itemListElement\":[{\"@type\":\"ListItem\",\"position\":1,\"name\":\"Anasayfa\",\"item\":\"https:\\\/\\\/haberkuzey.com\\\/\"},{\"@type\":\"ListItem\",\"position\":2,\"name\":\"T\u00fcketici Fiyat Endeksi Sepeti g\u00fcncellenecek\"}]},{\"@type\":\"WebSite\",\"@id\":\"https:\\\/\\\/haberkuzey.com\\\/#website\",\"url\":\"https:\\\/\\\/haberkuzey.com\\\/\",\"name\":\"Haber Kuzey\",\"description\":\"Do\u011fru Haberin Adresi\",\"potentialAction\":[{\"@type\":\"SearchAction\",\"target\":{\"@type\":\"EntryPoint\",\"urlTemplate\":\"https:\\\/\\\/haberkuzey.com\\\/?s={search_term_string}\"},\"query-input\":{\"@type\":\"PropertyValueSpecification\",\"valueRequired\":true,\"valueName\":\"search_term_string\"}}],\"inLanguage\":\"tr\"},{\"@type\":\"Person\",\"@id\":\"https:\\\/\\\/haberkuzey.com\\\/#\\\/schema\\\/person\\\/3372109ec735f9333f4fa47ebb9605ca\",\"name\":\"haberkuzey\",\"image\":{\"@type\":\"ImageObject\",\"inLanguage\":\"tr\",\"@id\":\"https:\\\/\\\/secure.gravatar.com\\\/avatar\\\/f5fc875574b1575324358c3b9e6a32b8227aa5b74f3fa22e3cadb63e26fcc39c?s=96&d=mm&r=g\",\"url\":\"https:\\\/\\\/secure.gravatar.com\\\/avatar\\\/f5fc875574b1575324358c3b9e6a32b8227aa5b74f3fa22e3cadb63e26fcc39c?s=96&d=mm&r=g\",\"contentUrl\":\"https:\\\/\\\/secure.gravatar.com\\\/avatar\\\/f5fc875574b1575324358c3b9e6a32b8227aa5b74f3fa22e3cadb63e26fcc39c?s=96&d=mm&r=g\",\"caption\":\"haberkuzey\"},\"sameAs\":[\"https:\\\/\\\/haberkuzey.com\"],\"url\":\"https:\\\/\\\/haberkuzey.com\\\/index.php\\\/author\\\/haberkuzey\\\/\"}]}<\/script>\n<!-- \/ Yoast SEO plugin. -->","yoast_head_json":{"title":"T\u00fcketici Fiyat Endeksi Sepeti g\u00fcncellenecek - Haber Kuzey","robots":{"index":"index","follow":"follow","max-snippet":"max-snippet:-1","max-image-preview":"max-image-preview:large","max-video-preview":"max-video-preview:-1"},"canonical":"https:\/\/haberkuzey.com\/index.php\/2026\/04\/28\/tuketici-fiyat-endeksi-sepeti-guncellenecek\/","og_locale":"tr_TR","og_type":"article","og_title":"T\u00fcketici Fiyat Endeksi Sepeti g\u00fcncellenecek - Haber Kuzey","og_description":"\u0130statistik Kurumu Ba\u015fkan\u0131 S\u00f6v\u00fcda Besimler, Hanehalk\u0131 B\u00fct\u00e7e Anketi i\u00e7in adres listeleme \u00e7al\u0131\u015fmas\u0131n\u0131n tamamland\u0131\u011f\u0131n\u0131, alan uygulamas\u0131n\u0131n 1 May\u0131s\u2019ta ba\u015flayaca\u011f\u0131n\u0131 duyurdu. Bu \u00e7al\u0131\u015fma ile elde edilecek verilerin, do\u011frudan enflasyon (hayat pahal\u0131l\u0131\u011f\u0131) hesaplamalar\u0131n\u0131n temelini olu\u015fturaca\u011f\u0131na dikkat \u00e7eken Besimler, \u201cBu nedenle, hanehalklar\u0131n\u0131n verece\u011fi do\u011fru ve eksiksiz bilgiler, \u00fclkemizde hayat pahal\u0131l\u0131\u011f\u0131n\u0131n do\u011fru \u00f6l\u00e7\u00fclmesine ve ekonomik g\u00f6stergelerin sa\u011fl\u0131kl\u0131 olu\u015fturulmas\u0131na katk\u0131 sa\u011flayacakt\u0131r\u201d [&hellip;]","og_url":"https:\/\/haberkuzey.com\/index.php\/2026\/04\/28\/tuketici-fiyat-endeksi-sepeti-guncellenecek\/","og_site_name":"Haber Kuzey","article_published_time":"2026-04-28T12:44:52+00:00","article_modified_time":"2026-04-28T12:45:03+00:00","og_image":[{"width":760,"height":450,"url":"https:\/\/haberkuzey.com\/wp-content\/uploads\/2026\/04\/kapak_105302.webp","type":"image\/webp"}],"author":"haberkuzey","twitter_card":"summary_large_image","twitter_misc":{"Yazan:":"haberkuzey","Tahmini okuma s\u00fcresi":"3 dakika"},"schema":{"@context":"https:\/\/schema.org","@graph":[{"@type":"Article","@id":"https:\/\/haberkuzey.com\/index.php\/2026\/04\/28\/tuketici-fiyat-endeksi-sepeti-guncellenecek\/#article","isPartOf":{"@id":"https:\/\/haberkuzey.com\/index.php\/2026\/04\/28\/tuketici-fiyat-endeksi-sepeti-guncellenecek\/"},"author":{"name":"haberkuzey","@id":"https:\/\/haberkuzey.com\/#\/schema\/person\/3372109ec735f9333f4fa47ebb9605ca"},"headline":"T\u00fcketici Fiyat Endeksi Sepeti g\u00fcncellenecek","datePublished":"2026-04-28T12:44:52+00:00","dateModified":"2026-04-28T12:45:03+00:00","mainEntityOfPage":{"@id":"https:\/\/haberkuzey.com\/index.php\/2026\/04\/28\/tuketici-fiyat-endeksi-sepeti-guncellenecek\/"},"wordCount":583,"commentCount":0,"image":{"@id":"https:\/\/haberkuzey.com\/index.php\/2026\/04\/28\/tuketici-fiyat-endeksi-sepeti-guncellenecek\/#primaryimage"},"thumbnailUrl":"https:\/\/haberkuzey.com\/wp-content\/uploads\/2026\/04\/kapak_105302.webp","articleSection":["K\u0131br\u0131s"],"inLanguage":"tr","potentialAction":[{"@type":"CommentAction","name":"Comment","target":["https:\/\/haberkuzey.com\/index.php\/2026\/04\/28\/tuketici-fiyat-endeksi-sepeti-guncellenecek\/#respond"]}]},{"@type":"WebPage","@id":"https:\/\/haberkuzey.com\/index.php\/2026\/04\/28\/tuketici-fiyat-endeksi-sepeti-guncellenecek\/","url":"https:\/\/haberkuzey.com\/index.php\/2026\/04\/28\/tuketici-fiyat-endeksi-sepeti-guncellenecek\/","name":"T\u00fcketici Fiyat Endeksi Sepeti g\u00fcncellenecek - Haber Kuzey","isPartOf":{"@id":"https:\/\/haberkuzey.com\/#website"},"primaryImageOfPage":{"@id":"https:\/\/haberkuzey.com\/index.php\/2026\/04\/28\/tuketici-fiyat-endeksi-sepeti-guncellenecek\/#primaryimage"},"image":{"@id":"https:\/\/haberkuzey.com\/index.php\/2026\/04\/28\/tuketici-fiyat-endeksi-sepeti-guncellenecek\/#primaryimage"},"thumbnailUrl":"https:\/\/haberkuzey.com\/wp-content\/uploads\/2026\/04\/kapak_105302.webp","datePublished":"2026-04-28T12:44:52+00:00","dateModified":"2026-04-28T12:45:03+00:00","author":{"@id":"https:\/\/haberkuzey.com\/#\/schema\/person\/3372109ec735f9333f4fa47ebb9605ca"},"breadcrumb":{"@id":"https:\/\/haberkuzey.com\/index.php\/2026\/04\/28\/tuketici-fiyat-endeksi-sepeti-guncellenecek\/#breadcrumb"},"inLanguage":"tr","potentialAction":[{"@type":"ReadAction","target":["https:\/\/haberkuzey.com\/index.php\/2026\/04\/28\/tuketici-fiyat-endeksi-sepeti-guncellenecek\/"]}]},{"@type":"ImageObject","inLanguage":"tr","@id":"https:\/\/haberkuzey.com\/index.php\/2026\/04\/28\/tuketici-fiyat-endeksi-sepeti-guncellenecek\/#primaryimage","url":"https:\/\/haberkuzey.com\/wp-content\/uploads\/2026\/04\/kapak_105302.webp","contentUrl":"https:\/\/haberkuzey.com\/wp-content\/uploads\/2026\/04\/kapak_105302.webp","width":760,"height":450},{"@type":"BreadcrumbList","@id":"https:\/\/haberkuzey.com\/index.php\/2026\/04\/28\/tuketici-fiyat-endeksi-sepeti-guncellenecek\/#breadcrumb","itemListElement":[{"@type":"ListItem","position":1,"name":"Anasayfa","item":"https:\/\/haberkuzey.com\/"},{"@type":"ListItem","position":2,"name":"T\u00fcketici Fiyat Endeksi Sepeti g\u00fcncellenecek"}]},{"@type":"WebSite","@id":"https:\/\/haberkuzey.com\/#website","url":"https:\/\/haberkuzey.com\/","name":"Haber Kuzey","description":"Do\u011fru Haberin Adresi","potentialAction":[{"@type":"SearchAction","target":{"@type":"EntryPoint","urlTemplate":"https:\/\/haberkuzey.com\/?s={search_term_string}"},"query-input":{"@type":"PropertyValueSpecification","valueRequired":true,"valueName":"search_term_string"}}],"inLanguage":"tr"},{"@type":"Person","@id":"https:\/\/haberkuzey.com\/#\/schema\/person\/3372109ec735f9333f4fa47ebb9605ca","name":"haberkuzey","image":{"@type":"ImageObject","inLanguage":"tr","@id":"https:\/\/secure.gravatar.com\/avatar\/f5fc875574b1575324358c3b9e6a32b8227aa5b74f3fa22e3cadb63e26fcc39c?s=96&d=mm&r=g","url":"https:\/\/secure.gravatar.com\/avatar\/f5fc875574b1575324358c3b9e6a32b8227aa5b74f3fa22e3cadb63e26fcc39c?s=96&d=mm&r=g","contentUrl":"https:\/\/secure.gravatar.com\/avatar\/f5fc875574b1575324358c3b9e6a32b8227aa5b74f3fa22e3cadb63e26fcc39c?s=96&d=mm&r=g","caption":"haberkuzey"},"sameAs":["https:\/\/haberkuzey.com"],"url":"https:\/\/haberkuzey.com\/index.php\/author\/haberkuzey\/"}]}},"_links":{"self":[{"href":"https:\/\/haberkuzey.com\/index.php\/wp-json\/wp\/v2\/posts\/36629","targetHints":{"allow":["GET"]}}],"collection":[{"href":"https:\/\/haberkuzey.com\/index.php\/wp-json\/wp\/v2\/posts"}],"about":[{"href":"https:\/\/haberkuzey.com\/index.php\/wp-json\/wp\/v2\/types\/post"}],"author":[{"embeddable":true,"href":"https:\/\/haberkuzey.com\/index.php\/wp-json\/wp\/v2\/users\/1"}],"replies":[{"embeddable":true,"href":"https:\/\/haberkuzey.com\/index.php\/wp-json\/wp\/v2\/comments?post=36629"}],"version-history":[{"count":1,"href":"https:\/\/haberkuzey.com\/index.php\/wp-json\/wp\/v2\/posts\/36629\/revisions"}],"predecessor-version":[{"id":36631,"href":"https:\/\/haberkuzey.com\/index.php\/wp-json\/wp\/v2\/posts\/36629\/revisions\/36631"}],"wp:featuredmedia":[{"embeddable":true,"href":"https:\/\/haberkuzey.com\/index.php\/wp-json\/wp\/v2\/media\/36630"}],"wp:attachment":[{"href":"https:\/\/haberkuzey.com\/index.php\/wp-json\/wp\/v2\/media?parent=36629"}],"wp:term":[{"taxonomy":"category","embeddable":true,"href":"https:\/\/haberkuzey.com\/index.php\/wp-json\/wp\/v2\/categories?post=36629"},{"taxonomy":"post_tag","embeddable":true,"href":"https:\/\/haberkuzey.com\/index.php\/wp-json\/wp\/v2\/tags?post=36629"}],"curies":[{"name":"wp","href":"https:\/\/api.w.org\/{rel}","templated":true}]}}