{"id":36612,"date":"2026-04-28T14:35:55","date_gmt":"2026-04-28T11:35:55","guid":{"rendered":"https:\/\/haberkuzey.com\/index.php\/2026\/04\/28\/endonezyadaki-tren-kazasinda-olu-sayisi-14e-yukseldi\/"},"modified":"2026-04-28T14:35:55","modified_gmt":"2026-04-28T11:35:55","slug":"endonezyadaki-tren-kazasinda-olu-sayisi-14e-yukseldi","status":"publish","type":"post","link":"https:\/\/haberkuzey.com\/index.php\/2026\/04\/28\/endonezyadaki-tren-kazasinda-olu-sayisi-14e-yukseldi\/","title":{"rendered":"Endonezya&#8217;daki tren kazas\u0131nda \u00f6l\u00fc say\u0131s\u0131 14&#8217;e y\u00fckseldi"},"content":{"rendered":"<p><\/p>\n<div>\n<p>&#13;<br \/>\n\tAntara News&#8217;in haberine g\u00f6re, Endonezya Cumhurba\u015fkan\u0131 Prabowo Subianto, d\u00fcnk\u00fc kazan\u0131n ya\u015fand\u0131\u011f\u0131 Bat\u0131 Java b\u00f6lgesindeki Bekasi kentinde hastaneye kald\u0131r\u0131lan yaral\u0131lar\u0131 ziyaret etti.<\/p>\n<p>&#13;<br \/>\n\tSubianto, olaya ili\u015fkin soru\u015fturman\u0131n ivedilikle ba\u015flat\u0131laca\u011f\u0131n\u0131 a\u00e7\u0131klad\u0131.<\/p>\n<p>&#13;<br \/>\n\tYetkililer, kaza sonucu can kayb\u0131n\u0131n 14&#8217;e, yaral\u0131 say\u0131s\u0131n\u0131n da 84&#8217;e y\u00fckseldi\u011fini bildirdi.<\/p>\n<p>&#13;<br \/>\n\tBat\u0131 Java b\u00f6lgesindeki Bekasi \u015fehrinde &#8220;Argo Bromo Anggrek&#8221; uzun mesafe treni, d\u00fcn Bekasi Timur \u0130stasyonu&#8217;nda bekleyen banliy\u00f6 trenine \u00e7arpm\u0131\u015ft\u0131. Kazada ilk belirlemelere g\u00f6re 4 ki\u015finin \u00f6ld\u00fc\u011f\u00fc, 38 ki\u015finin yaraland\u0131\u011f\u0131 a\u00e7\u0131klanm\u0131\u015ft\u0131.<\/p>\n<\/p><\/div>\n","protected":false},"excerpt":{"rendered":"<p>&#13; Antara News&#8217;in haberine g\u00f6re, Endonezya Cumhurba\u015fkan\u0131 Prabowo Subianto, d\u00fcnk\u00fc kazan\u0131n ya\u015fand\u0131\u011f\u0131 Bat\u0131 Java b\u00f6lgesindeki Bekasi kentinde hastaneye kald\u0131r\u0131lan yaral\u0131lar\u0131 ziyaret etti. &#13; Subianto, olaya ili\u015fkin soru\u015fturman\u0131n ivedilikle ba\u015flat\u0131laca\u011f\u0131n\u0131 a\u00e7\u0131klad\u0131. &#13; Yetkililer, kaza sonucu can kayb\u0131n\u0131n 14&#8217;e, yaral\u0131 say\u0131s\u0131n\u0131n da 84&#8217;e y\u00fckseldi\u011fini bildirdi. &#13; Bat\u0131 Java b\u00f6lgesindeki Bekasi \u015fehrinde &#8220;Argo Bromo Anggrek&#8221; uzun mesafe treni, [&hellip;]<\/p>\n","protected":false},"author":1,"featured_media":36613,"comment_status":"open","ping_status":"open","sticky":false,"template":"","format":"standard","meta":{"jnews-multi-image_gallery":[],"jnews_single_post":[],"jnews_primary_category":[],"footnotes":""},"categories":[2],"tags":[],"class_list":["post-36612","post","type-post","status-publish","format-standard","has-post-thumbnail","hentry","category-dunya"],"yoast_head":"<!-- This site is optimized with the Yoast SEO plugin v27.4 - https:\/\/yoast.com\/product\/yoast-seo-wordpress\/ -->\n<title>Endonezya&#039;daki tren kazas\u0131nda \u00f6l\u00fc say\u0131s\u0131 14&#039;e y\u00fckseldi - Haber Kuzey<\/title>\n<meta name=\"robots\" content=\"index, follow, max-snippet:-1, max-image-preview:large, max-video-preview:-1\" \/>\n<link rel=\"canonical\" href=\"https:\/\/haberkuzey.com\/index.php\/2026\/04\/28\/endonezyadaki-tren-kazasinda-olu-sayisi-14e-yukseldi\/\" \/>\n<meta property=\"og:locale\" content=\"tr_TR\" \/>\n<meta property=\"og:type\" content=\"article\" \/>\n<meta property=\"og:title\" content=\"Endonezya&#039;daki tren kazas\u0131nda \u00f6l\u00fc say\u0131s\u0131 14&#039;e y\u00fckseldi - Haber Kuzey\" \/>\n<meta property=\"og:description\" content=\"&#013; Antara News&#8217;in haberine g\u00f6re, Endonezya Cumhurba\u015fkan\u0131 Prabowo Subianto, d\u00fcnk\u00fc kazan\u0131n ya\u015fand\u0131\u011f\u0131 Bat\u0131 Java b\u00f6lgesindeki Bekasi kentinde hastaneye kald\u0131r\u0131lan yaral\u0131lar\u0131 ziyaret etti. &#013; Subianto, olaya ili\u015fkin soru\u015fturman\u0131n ivedilikle ba\u015flat\u0131laca\u011f\u0131n\u0131 a\u00e7\u0131klad\u0131. &#013; Yetkililer, kaza sonucu can kayb\u0131n\u0131n 14&#8217;e, yaral\u0131 say\u0131s\u0131n\u0131n da 84&#8217;e y\u00fckseldi\u011fini bildirdi. &#013; Bat\u0131 Java b\u00f6lgesindeki Bekasi \u015fehrinde &#8220;Argo Bromo Anggrek&#8221; uzun mesafe treni, [&hellip;]\" \/>\n<meta property=\"og:url\" content=\"https:\/\/haberkuzey.com\/index.php\/2026\/04\/28\/endonezyadaki-tren-kazasinda-olu-sayisi-14e-yukseldi\/\" \/>\n<meta property=\"og:site_name\" content=\"Haber Kuzey\" \/>\n<meta property=\"article:published_time\" content=\"2026-04-28T11:35:55+00:00\" \/>\n<meta property=\"og:image\" content=\"https:\/\/trthaberstatic.cdn.wp.trt.com.tr\/resimler\/1654000\/endonezya-ap-1654644.jpg\" \/>\n<meta name=\"author\" content=\"haberkuzey\" \/>\n<meta name=\"twitter:card\" content=\"summary_large_image\" \/>\n<meta name=\"twitter:label1\" content=\"Yazan:\" \/>\n\t<meta name=\"twitter:data1\" content=\"haberkuzey\" \/>\n<script type=\"application\/ld+json\" class=\"yoast-schema-graph\">{\"@context\":\"https:\\\/\\\/schema.org\",\"@graph\":[{\"@type\":\"Article\",\"@id\":\"https:\\\/\\\/haberkuzey.com\\\/index.php\\\/2026\\\/04\\\/28\\\/endonezyadaki-tren-kazasinda-olu-sayisi-14e-yukseldi\\\/#article\",\"isPartOf\":{\"@id\":\"https:\\\/\\\/haberkuzey.com\\\/index.php\\\/2026\\\/04\\\/28\\\/endonezyadaki-tren-kazasinda-olu-sayisi-14e-yukseldi\\\/\"},\"author\":{\"name\":\"haberkuzey\",\"@id\":\"https:\\\/\\\/haberkuzey.com\\\/#\\\/schema\\\/person\\\/3372109ec735f9333f4fa47ebb9605ca\"},\"headline\":\"Endonezya&#8217;daki tren kazas\u0131nda \u00f6l\u00fc say\u0131s\u0131 14&#8217;e y\u00fckseldi\",\"datePublished\":\"2026-04-28T11:35:55+00:00\",\"mainEntityOfPage\":{\"@id\":\"https:\\\/\\\/haberkuzey.com\\\/index.php\\\/2026\\\/04\\\/28\\\/endonezyadaki-tren-kazasinda-olu-sayisi-14e-yukseldi\\\/\"},\"wordCount\":112,\"commentCount\":0,\"image\":{\"@id\":\"https:\\\/\\\/haberkuzey.com\\\/index.php\\\/2026\\\/04\\\/28\\\/endonezyadaki-tren-kazasinda-olu-sayisi-14e-yukseldi\\\/#primaryimage\"},\"thumbnailUrl\":\"https:\\\/\\\/haberkuzey.com\\\/wp-content\\\/uploads\\\/2026\\\/04\\\/endonezya-ap-1654644.jpg\",\"articleSection\":[\"D\u00fcnya\"],\"inLanguage\":\"tr\",\"potentialAction\":[{\"@type\":\"CommentAction\",\"name\":\"Comment\",\"target\":[\"https:\\\/\\\/haberkuzey.com\\\/index.php\\\/2026\\\/04\\\/28\\\/endonezyadaki-tren-kazasinda-olu-sayisi-14e-yukseldi\\\/#respond\"]}]},{\"@type\":\"WebPage\",\"@id\":\"https:\\\/\\\/haberkuzey.com\\\/index.php\\\/2026\\\/04\\\/28\\\/endonezyadaki-tren-kazasinda-olu-sayisi-14e-yukseldi\\\/\",\"url\":\"https:\\\/\\\/haberkuzey.com\\\/index.php\\\/2026\\\/04\\\/28\\\/endonezyadaki-tren-kazasinda-olu-sayisi-14e-yukseldi\\\/\",\"name\":\"Endonezya'daki tren kazas\u0131nda \u00f6l\u00fc say\u0131s\u0131 14'e y\u00fckseldi - Haber Kuzey\",\"isPartOf\":{\"@id\":\"https:\\\/\\\/haberkuzey.com\\\/#website\"},\"primaryImageOfPage\":{\"@id\":\"https:\\\/\\\/haberkuzey.com\\\/index.php\\\/2026\\\/04\\\/28\\\/endonezyadaki-tren-kazasinda-olu-sayisi-14e-yukseldi\\\/#primaryimage\"},\"image\":{\"@id\":\"https:\\\/\\\/haberkuzey.com\\\/index.php\\\/2026\\\/04\\\/28\\\/endonezyadaki-tren-kazasinda-olu-sayisi-14e-yukseldi\\\/#primaryimage\"},\"thumbnailUrl\":\"https:\\\/\\\/haberkuzey.com\\\/wp-content\\\/uploads\\\/2026\\\/04\\\/endonezya-ap-1654644.jpg\",\"datePublished\":\"2026-04-28T11:35:55+00:00\",\"author\":{\"@id\":\"https:\\\/\\\/haberkuzey.com\\\/#\\\/schema\\\/person\\\/3372109ec735f9333f4fa47ebb9605ca\"},\"breadcrumb\":{\"@id\":\"https:\\\/\\\/haberkuzey.com\\\/index.php\\\/2026\\\/04\\\/28\\\/endonezyadaki-tren-kazasinda-olu-sayisi-14e-yukseldi\\\/#breadcrumb\"},\"inLanguage\":\"tr\",\"potentialAction\":[{\"@type\":\"ReadAction\",\"target\":[\"https:\\\/\\\/haberkuzey.com\\\/index.php\\\/2026\\\/04\\\/28\\\/endonezyadaki-tren-kazasinda-olu-sayisi-14e-yukseldi\\\/\"]}]},{\"@type\":\"ImageObject\",\"inLanguage\":\"tr\",\"@id\":\"https:\\\/\\\/haberkuzey.com\\\/index.php\\\/2026\\\/04\\\/28\\\/endonezyadaki-tren-kazasinda-olu-sayisi-14e-yukseldi\\\/#primaryimage\",\"url\":\"https:\\\/\\\/haberkuzey.com\\\/wp-content\\\/uploads\\\/2026\\\/04\\\/endonezya-ap-1654644.jpg\",\"contentUrl\":\"https:\\\/\\\/haberkuzey.com\\\/wp-content\\\/uploads\\\/2026\\\/04\\\/endonezya-ap-1654644.jpg\",\"width\":1280,\"height\":720},{\"@type\":\"BreadcrumbList\",\"@id\":\"https:\\\/\\\/haberkuzey.com\\\/index.php\\\/2026\\\/04\\\/28\\\/endonezyadaki-tren-kazasinda-olu-sayisi-14e-yukseldi\\\/#breadcrumb\",\"itemListElement\":[{\"@type\":\"ListItem\",\"position\":1,\"name\":\"Anasayfa\",\"item\":\"https:\\\/\\\/haberkuzey.com\\\/\"},{\"@type\":\"ListItem\",\"position\":2,\"name\":\"Endonezya&#8217;daki tren kazas\u0131nda \u00f6l\u00fc say\u0131s\u0131 14&#8217;e y\u00fckseldi\"}]},{\"@type\":\"WebSite\",\"@id\":\"https:\\\/\\\/haberkuzey.com\\\/#website\",\"url\":\"https:\\\/\\\/haberkuzey.com\\\/\",\"name\":\"Haber Kuzey\",\"description\":\"Do\u011fru Haberin Adresi\",\"potentialAction\":[{\"@type\":\"SearchAction\",\"target\":{\"@type\":\"EntryPoint\",\"urlTemplate\":\"https:\\\/\\\/haberkuzey.com\\\/?s={search_term_string}\"},\"query-input\":{\"@type\":\"PropertyValueSpecification\",\"valueRequired\":true,\"valueName\":\"search_term_string\"}}],\"inLanguage\":\"tr\"},{\"@type\":\"Person\",\"@id\":\"https:\\\/\\\/haberkuzey.com\\\/#\\\/schema\\\/person\\\/3372109ec735f9333f4fa47ebb9605ca\",\"name\":\"haberkuzey\",\"image\":{\"@type\":\"ImageObject\",\"inLanguage\":\"tr\",\"@id\":\"https:\\\/\\\/secure.gravatar.com\\\/avatar\\\/f5fc875574b1575324358c3b9e6a32b8227aa5b74f3fa22e3cadb63e26fcc39c?s=96&d=mm&r=g\",\"url\":\"https:\\\/\\\/secure.gravatar.com\\\/avatar\\\/f5fc875574b1575324358c3b9e6a32b8227aa5b74f3fa22e3cadb63e26fcc39c?s=96&d=mm&r=g\",\"contentUrl\":\"https:\\\/\\\/secure.gravatar.com\\\/avatar\\\/f5fc875574b1575324358c3b9e6a32b8227aa5b74f3fa22e3cadb63e26fcc39c?s=96&d=mm&r=g\",\"caption\":\"haberkuzey\"},\"sameAs\":[\"https:\\\/\\\/haberkuzey.com\"],\"url\":\"https:\\\/\\\/haberkuzey.com\\\/index.php\\\/author\\\/haberkuzey\\\/\"}]}<\/script>\n<!-- \/ Yoast SEO plugin. -->","yoast_head_json":{"title":"Endonezya'daki tren kazas\u0131nda \u00f6l\u00fc say\u0131s\u0131 14'e y\u00fckseldi - Haber Kuzey","robots":{"index":"index","follow":"follow","max-snippet":"max-snippet:-1","max-image-preview":"max-image-preview:large","max-video-preview":"max-video-preview:-1"},"canonical":"https:\/\/haberkuzey.com\/index.php\/2026\/04\/28\/endonezyadaki-tren-kazasinda-olu-sayisi-14e-yukseldi\/","og_locale":"tr_TR","og_type":"article","og_title":"Endonezya'daki tren kazas\u0131nda \u00f6l\u00fc say\u0131s\u0131 14'e y\u00fckseldi - Haber Kuzey","og_description":"&#13; Antara News&#8217;in haberine g\u00f6re, Endonezya Cumhurba\u015fkan\u0131 Prabowo Subianto, d\u00fcnk\u00fc kazan\u0131n ya\u015fand\u0131\u011f\u0131 Bat\u0131 Java b\u00f6lgesindeki Bekasi kentinde hastaneye kald\u0131r\u0131lan yaral\u0131lar\u0131 ziyaret etti. &#13; Subianto, olaya ili\u015fkin soru\u015fturman\u0131n ivedilikle ba\u015flat\u0131laca\u011f\u0131n\u0131 a\u00e7\u0131klad\u0131. &#13; Yetkililer, kaza sonucu can kayb\u0131n\u0131n 14&#8217;e, yaral\u0131 say\u0131s\u0131n\u0131n da 84&#8217;e y\u00fckseldi\u011fini bildirdi. &#13; Bat\u0131 Java b\u00f6lgesindeki Bekasi \u015fehrinde &#8220;Argo Bromo Anggrek&#8221; uzun mesafe treni, [&hellip;]","og_url":"https:\/\/haberkuzey.com\/index.php\/2026\/04\/28\/endonezyadaki-tren-kazasinda-olu-sayisi-14e-yukseldi\/","og_site_name":"Haber Kuzey","article_published_time":"2026-04-28T11:35:55+00:00","og_image":[{"url":"https:\/\/trthaberstatic.cdn.wp.trt.com.tr\/resimler\/1654000\/endonezya-ap-1654644.jpg","type":"","width":"","height":""}],"author":"haberkuzey","twitter_card":"summary_large_image","twitter_misc":{"Yazan:":"haberkuzey"},"schema":{"@context":"https:\/\/schema.org","@graph":[{"@type":"Article","@id":"https:\/\/haberkuzey.com\/index.php\/2026\/04\/28\/endonezyadaki-tren-kazasinda-olu-sayisi-14e-yukseldi\/#article","isPartOf":{"@id":"https:\/\/haberkuzey.com\/index.php\/2026\/04\/28\/endonezyadaki-tren-kazasinda-olu-sayisi-14e-yukseldi\/"},"author":{"name":"haberkuzey","@id":"https:\/\/haberkuzey.com\/#\/schema\/person\/3372109ec735f9333f4fa47ebb9605ca"},"headline":"Endonezya&#8217;daki tren kazas\u0131nda \u00f6l\u00fc say\u0131s\u0131 14&#8217;e y\u00fckseldi","datePublished":"2026-04-28T11:35:55+00:00","mainEntityOfPage":{"@id":"https:\/\/haberkuzey.com\/index.php\/2026\/04\/28\/endonezyadaki-tren-kazasinda-olu-sayisi-14e-yukseldi\/"},"wordCount":112,"commentCount":0,"image":{"@id":"https:\/\/haberkuzey.com\/index.php\/2026\/04\/28\/endonezyadaki-tren-kazasinda-olu-sayisi-14e-yukseldi\/#primaryimage"},"thumbnailUrl":"https:\/\/haberkuzey.com\/wp-content\/uploads\/2026\/04\/endonezya-ap-1654644.jpg","articleSection":["D\u00fcnya"],"inLanguage":"tr","potentialAction":[{"@type":"CommentAction","name":"Comment","target":["https:\/\/haberkuzey.com\/index.php\/2026\/04\/28\/endonezyadaki-tren-kazasinda-olu-sayisi-14e-yukseldi\/#respond"]}]},{"@type":"WebPage","@id":"https:\/\/haberkuzey.com\/index.php\/2026\/04\/28\/endonezyadaki-tren-kazasinda-olu-sayisi-14e-yukseldi\/","url":"https:\/\/haberkuzey.com\/index.php\/2026\/04\/28\/endonezyadaki-tren-kazasinda-olu-sayisi-14e-yukseldi\/","name":"Endonezya'daki tren kazas\u0131nda \u00f6l\u00fc say\u0131s\u0131 14'e y\u00fckseldi - Haber Kuzey","isPartOf":{"@id":"https:\/\/haberkuzey.com\/#website"},"primaryImageOfPage":{"@id":"https:\/\/haberkuzey.com\/index.php\/2026\/04\/28\/endonezyadaki-tren-kazasinda-olu-sayisi-14e-yukseldi\/#primaryimage"},"image":{"@id":"https:\/\/haberkuzey.com\/index.php\/2026\/04\/28\/endonezyadaki-tren-kazasinda-olu-sayisi-14e-yukseldi\/#primaryimage"},"thumbnailUrl":"https:\/\/haberkuzey.com\/wp-content\/uploads\/2026\/04\/endonezya-ap-1654644.jpg","datePublished":"2026-04-28T11:35:55+00:00","author":{"@id":"https:\/\/haberkuzey.com\/#\/schema\/person\/3372109ec735f9333f4fa47ebb9605ca"},"breadcrumb":{"@id":"https:\/\/haberkuzey.com\/index.php\/2026\/04\/28\/endonezyadaki-tren-kazasinda-olu-sayisi-14e-yukseldi\/#breadcrumb"},"inLanguage":"tr","potentialAction":[{"@type":"ReadAction","target":["https:\/\/haberkuzey.com\/index.php\/2026\/04\/28\/endonezyadaki-tren-kazasinda-olu-sayisi-14e-yukseldi\/"]}]},{"@type":"ImageObject","inLanguage":"tr","@id":"https:\/\/haberkuzey.com\/index.php\/2026\/04\/28\/endonezyadaki-tren-kazasinda-olu-sayisi-14e-yukseldi\/#primaryimage","url":"https:\/\/haberkuzey.com\/wp-content\/uploads\/2026\/04\/endonezya-ap-1654644.jpg","contentUrl":"https:\/\/haberkuzey.com\/wp-content\/uploads\/2026\/04\/endonezya-ap-1654644.jpg","width":1280,"height":720},{"@type":"BreadcrumbList","@id":"https:\/\/haberkuzey.com\/index.php\/2026\/04\/28\/endonezyadaki-tren-kazasinda-olu-sayisi-14e-yukseldi\/#breadcrumb","itemListElement":[{"@type":"ListItem","position":1,"name":"Anasayfa","item":"https:\/\/haberkuzey.com\/"},{"@type":"ListItem","position":2,"name":"Endonezya&#8217;daki tren kazas\u0131nda \u00f6l\u00fc say\u0131s\u0131 14&#8217;e y\u00fckseldi"}]},{"@type":"WebSite","@id":"https:\/\/haberkuzey.com\/#website","url":"https:\/\/haberkuzey.com\/","name":"Haber Kuzey","description":"Do\u011fru Haberin Adresi","potentialAction":[{"@type":"SearchAction","target":{"@type":"EntryPoint","urlTemplate":"https:\/\/haberkuzey.com\/?s={search_term_string}"},"query-input":{"@type":"PropertyValueSpecification","valueRequired":true,"valueName":"search_term_string"}}],"inLanguage":"tr"},{"@type":"Person","@id":"https:\/\/haberkuzey.com\/#\/schema\/person\/3372109ec735f9333f4fa47ebb9605ca","name":"haberkuzey","image":{"@type":"ImageObject","inLanguage":"tr","@id":"https:\/\/secure.gravatar.com\/avatar\/f5fc875574b1575324358c3b9e6a32b8227aa5b74f3fa22e3cadb63e26fcc39c?s=96&d=mm&r=g","url":"https:\/\/secure.gravatar.com\/avatar\/f5fc875574b1575324358c3b9e6a32b8227aa5b74f3fa22e3cadb63e26fcc39c?s=96&d=mm&r=g","contentUrl":"https:\/\/secure.gravatar.com\/avatar\/f5fc875574b1575324358c3b9e6a32b8227aa5b74f3fa22e3cadb63e26fcc39c?s=96&d=mm&r=g","caption":"haberkuzey"},"sameAs":["https:\/\/haberkuzey.com"],"url":"https:\/\/haberkuzey.com\/index.php\/author\/haberkuzey\/"}]}},"_links":{"self":[{"href":"https:\/\/haberkuzey.com\/index.php\/wp-json\/wp\/v2\/posts\/36612","targetHints":{"allow":["GET"]}}],"collection":[{"href":"https:\/\/haberkuzey.com\/index.php\/wp-json\/wp\/v2\/posts"}],"about":[{"href":"https:\/\/haberkuzey.com\/index.php\/wp-json\/wp\/v2\/types\/post"}],"author":[{"embeddable":true,"href":"https:\/\/haberkuzey.com\/index.php\/wp-json\/wp\/v2\/users\/1"}],"replies":[{"embeddable":true,"href":"https:\/\/haberkuzey.com\/index.php\/wp-json\/wp\/v2\/comments?post=36612"}],"version-history":[{"count":0,"href":"https:\/\/haberkuzey.com\/index.php\/wp-json\/wp\/v2\/posts\/36612\/revisions"}],"wp:featuredmedia":[{"embeddable":true,"href":"https:\/\/haberkuzey.com\/index.php\/wp-json\/wp\/v2\/media\/36613"}],"wp:attachment":[{"href":"https:\/\/haberkuzey.com\/index.php\/wp-json\/wp\/v2\/media?parent=36612"}],"wp:term":[{"taxonomy":"category","embeddable":true,"href":"https:\/\/haberkuzey.com\/index.php\/wp-json\/wp\/v2\/categories?post=36612"},{"taxonomy":"post_tag","embeddable":true,"href":"https:\/\/haberkuzey.com\/index.php\/wp-json\/wp\/v2\/tags?post=36612"}],"curies":[{"name":"wp","href":"https:\/\/api.w.org\/{rel}","templated":true}]}}