{"id":36609,"date":"2026-04-28T14:13:52","date_gmt":"2026-04-28T11:13:52","guid":{"rendered":"https:\/\/haberkuzey.com\/index.php\/2026\/04\/28\/ozturkler-fransa-somurgeci-gecmisiyle-kibris-turk-halkini-yok-sayamaz-2\/"},"modified":"2026-04-28T14:14:03","modified_gmt":"2026-04-28T11:14:03","slug":"ozturkler-fransa-somurgeci-gecmisiyle-kibris-turk-halkini-yok-sayamaz-2","status":"publish","type":"post","link":"https:\/\/haberkuzey.com\/index.php\/2026\/04\/28\/ozturkler-fransa-somurgeci-gecmisiyle-kibris-turk-halkini-yok-sayamaz-2\/","title":{"rendered":"\u00d6zt\u00fcrkler: Fransa s\u00f6m\u00fcrgeci ge\u00e7mi\u015fiyle K\u0131br\u0131s T\u00fcrk halk\u0131n\u0131 yok sayamaz"},"content":{"rendered":"<p style=\"font-weight: 300\"><span style=\"font-weight: 300 !important\">Cumhuriyet Meclisi Ba\u015fkan\u0131 Ziya \u00d6zt\u00fcrkler, \u201cFransa, s\u00f6m\u00fcrgeci ge\u00e7mi\u015fiyle K\u0131br\u0131s T\u00fcrk halk\u0131n\u0131 yok sayamaz\u201d dedi.<\/span><\/p>\n<p style=\"font-weight: 300\"><span style=\"font-weight: 300 !important\">Cumhuriyet Meclisi\u2019nden yap\u0131lan a\u00e7\u0131klamaya g\u00f6re \u00d6zt\u00fcrkler, bir kabul\u00fc s\u0131ras\u0131nda g\u00fcndemdeki son geli\u015fmeleri de\u011ferlendirdi.<\/span><\/p>\n<p style=\"font-weight: 300\"><span style=\"font-weight: 300 !important\">Fransa\u2019ya ve Fransa Cumhurba\u015fkan\u0131 Emmanuel Macron\u2019a tepki g\u00f6steren \u00d6zt\u00fcrkler, G\u00fcney K\u0131br\u0131s Rum Y\u00f6netimi Ba\u015fkan\u0131 Nikos Hristodulidis ile ger\u00e7ekle\u015ftirilen tatbikatlar ve imzalanmas\u0131 planlanan anla\u015fmalar\u0131n K\u0131br\u0131s T\u00fcrk halk\u0131n\u0131 asla y\u0131ld\u0131rmayaca\u011f\u0131n\u0131 vurgulad\u0131.<\/span><\/p>\n<p style=\"font-weight: 300\"><span style=\"font-weight: 300 !important\">-\u201cMacron bilsin ki, bu adada dengeyi Frans\u0131z askerleri de\u011fil, Anavatan T\u00fcrkiye\u2019nin varl\u0131\u011f\u0131 belirler\u201d<\/span><\/p>\n<p style=\"font-weight: 300\"><span style=\"font-weight: 300 !important\">\u00d6zt\u00fcrkler, \u201cMacron bilsin ki, bu adada dengeyi Frans\u0131z askerleri de\u011fil, Anavatan T\u00fcrkiye\u2019nin varl\u0131\u011f\u0131 belirler. S\u00f6m\u00fcrgeci ge\u00e7mi\u015finizin g\u00f6lgesinde yeni oyunlar kurmaya kalkmay\u0131n. K\u0131br\u0131s T\u00fcrk halk\u0131n\u0131n yan\u0131nda Anavatan T\u00fcrkiye vard\u0131r ve hi\u00e7bir tatbikat bu ger\u00e7e\u011fi de\u011fi\u015ftiremez\u201d dedi.<\/span><\/p>\n<p style=\"font-weight: 300\"><span style=\"font-weight: 300 !important\">Rum Milli Muhaf\u0131z Ordusu\u2019nun, Fransa ile yapt\u0131\u011f\u0131 askeri tatbikat\u0131 dikkatle izlediklerini belirten \u00d6zt\u00fcrkler, bu tatbikat\u0131n adadaki bar\u0131\u015f ve istikrar s\u00f6ylemleriyle ba\u011fda\u015fmad\u0131\u011f\u0131n\u0131, aksine b\u00f6lgedeki gerginli\u011fi art\u0131rd\u0131\u011f\u0131n\u0131 s\u00f6yledi.<\/span><\/p>\n<p style=\"font-weight: 300\"><span style=\"font-weight: 300 !important\">-\u201cBu t\u00fcr giri\u015fimlere kar\u015f\u0131 sessiz kalmayaca\u011f\u0131z\u201d<\/span><\/p>\n<p style=\"font-weight: 300\"><span style=\"font-weight: 300 !important\">Macron\u2019un, Rum lider Hristodulidis ile yapt\u0131\u011f\u0131 g\u00f6r\u00fc\u015fmenin ard\u0131ndan SOFA Anla\u015fmas\u0131n\u0131n haziran ay\u0131nda imzalanaca\u011f\u0131n\u0131 a\u00e7\u0131klad\u0131\u011f\u0131na da de\u011finen \u00d6zt\u00fcrkler, bunun adada yeni bir askeri yap\u0131lanman\u0131n habercisi oldu\u011funu ifade etti. Bu anla\u015fman\u0131n, K\u0131br\u0131s T\u00fcrk halk\u0131n\u0131n iradesini yok sayan bir yakla\u015f\u0131m\u0131n \u00fcr\u00fcn\u00fc oldu\u011funu kaydeden \u00d6zt\u00fcrkler, bu t\u00fcr giri\u015fimlere kar\u015f\u0131 sessiz kalmayacaklar\u0131n\u0131n alt\u0131n\u0131 \u00e7izdi.<\/span><\/p>\n<p style=\"font-weight: 300\"><span style=\"font-weight: 300 !important\">Rum Y\u00f6netimi\u2019nin, Yunanistan yerine \u0130srail\u2019den tank almay\u0131 planlamas\u0131n\u0131 da ayn\u0131 zihniyetin devam\u0131 olarak de\u011ferlendiren \u00d6zt\u00fcrkler, silahlanma yar\u0131\u015f\u0131na giren bir y\u00f6netimin bar\u0131\u015ftan s\u00f6z etmesinin inand\u0131r\u0131c\u0131 olmad\u0131\u011f\u0131n\u0131 s\u00f6yledi.<\/span><\/p>\n<p style=\"font-weight: 300\"><span style=\"font-weight: 300 !important\">-\u201cKKTC, T\u00fcrk topra\u011f\u0131d\u0131r\u201d<\/span><\/p>\n<p style=\"font-weight: 300\"><span style=\"font-weight: 300 !important\">Bu ad\u0131mlar\u0131n halklar\u0131n g\u00fcvenli\u011fine de\u011fil, siyasi hesaplara hizmet etti\u011fini dile getiren \u00d6zt\u00fcrkler, KKTC\u2019nin tart\u0131\u015fmaya kapal\u0131 bir ger\u00e7ek oldu\u011funu vurgulad\u0131. \u00d6zt\u00fcrkler, \u201cKKTC, T\u00fcrk topra\u011f\u0131d\u0131r. Bu hakikat, halk\u0131m\u0131z\u0131n iradesiyle, tarihimizle ve kimli\u011fimizle g\u00fc\u00e7lenmi\u015f bir ger\u00e7ekliktir. Hi\u00e7bir siyasi manevra bu ger\u00e7e\u011fi g\u00f6lgeleyemez\u201d dedi.<\/span><\/p>\n<p style=\"font-weight: 300\"><span style=\"font-weight: 300 !important\">Avrupa Birli\u011fi\u2019nin, g\u00fcneyde zirve d\u00fczenlemesine de de\u011finen \u00d6zt\u00fcrkler, kuzeyi yok saymalar\u0131n\u0131n b\u00fcy\u00fck bir \u00e7eli\u015fki oldu\u011funu ifade etti. \u201cAday\u0131 birle\u015ftirmek\u201d s\u00f6ylemi dile getirilirken, KKTC temsilcileriyle g\u00f6r\u00fc\u015f\u00fclmemesinin samimiyetsizli\u011fin en a\u00e7\u0131k g\u00f6stergesi oldu\u011funu belirten \u00d6zt\u00fcrkler, iki devlet politikas\u0131n\u0131n devam etti\u011fini s\u00f6yledi.<\/span><\/p>\n<p style=\"font-weight: 300\"><span style=\"font-weight: 300 !important\">-\u201cBar\u0131\u015f silahlanma ile de\u011fil sayg\u0131 ve e\u015fitlik temelinde sa\u011flanabilir\u201d<\/span><\/p>\n<p style=\"font-weight: 300\"><span style=\"font-weight: 300 !important\">Kar\u015f\u0131l\u0131kl\u0131 iyi ili\u015fkiler ve istikrardan yana olduklar\u0131n\u0131 vurgulayan \u00d6zt\u00fcrkler, bar\u0131\u015f\u0131n silahlanma ile de\u011fil, sayg\u0131 ve e\u015fitlik temelinde sa\u011flanabilece\u011fini s\u00f6yledi ve Rum Y\u00f6netimi ile destek\u00e7ilerinin bu ger\u00e7e\u011fi g\u00f6rmesi gerekti\u011fini ifade etti.<\/span><\/p>\n","protected":false},"excerpt":{"rendered":"<p>Cumhuriyet Meclisi Ba\u015fkan\u0131 Ziya \u00d6zt\u00fcrkler, \u201cFransa, s\u00f6m\u00fcrgeci ge\u00e7mi\u015fiyle K\u0131br\u0131s T\u00fcrk halk\u0131n\u0131 yok sayamaz\u201d dedi. Cumhuriyet Meclisi\u2019nden yap\u0131lan a\u00e7\u0131klamaya g\u00f6re \u00d6zt\u00fcrkler, bir kabul\u00fc s\u0131ras\u0131nda g\u00fcndemdeki son geli\u015fmeleri de\u011ferlendirdi. Fransa\u2019ya ve Fransa Cumhurba\u015fkan\u0131 Emmanuel Macron\u2019a tepki g\u00f6steren \u00d6zt\u00fcrkler, G\u00fcney K\u0131br\u0131s Rum Y\u00f6netimi Ba\u015fkan\u0131 Nikos Hristodulidis ile ger\u00e7ekle\u015ftirilen tatbikatlar ve imzalanmas\u0131 planlanan anla\u015fmalar\u0131n K\u0131br\u0131s T\u00fcrk halk\u0131n\u0131 asla y\u0131ld\u0131rmayaca\u011f\u0131n\u0131 [&hellip;]<\/p>\n","protected":false},"author":1,"featured_media":36610,"comment_status":"open","ping_status":"open","sticky":false,"template":"","format":"standard","meta":{"jnews-multi-image_gallery":[],"jnews_single_post":[],"jnews_primary_category":[],"footnotes":""},"categories":[1],"tags":[],"class_list":["post-36609","post","type-post","status-publish","format-standard","has-post-thumbnail","hentry","category-kibris"],"yoast_head":"<!-- This site is optimized with the Yoast SEO plugin v27.4 - https:\/\/yoast.com\/product\/yoast-seo-wordpress\/ -->\n<title>\u00d6zt\u00fcrkler: Fransa s\u00f6m\u00fcrgeci ge\u00e7mi\u015fiyle K\u0131br\u0131s T\u00fcrk halk\u0131n\u0131 yok sayamaz - Haber Kuzey<\/title>\n<meta name=\"robots\" content=\"index, follow, max-snippet:-1, max-image-preview:large, max-video-preview:-1\" \/>\n<link rel=\"canonical\" href=\"https:\/\/haberkuzey.com\/index.php\/2026\/04\/28\/ozturkler-fransa-somurgeci-gecmisiyle-kibris-turk-halkini-yok-sayamaz-2\/\" \/>\n<meta property=\"og:locale\" content=\"tr_TR\" \/>\n<meta property=\"og:type\" content=\"article\" \/>\n<meta property=\"og:title\" content=\"\u00d6zt\u00fcrkler: Fransa s\u00f6m\u00fcrgeci ge\u00e7mi\u015fiyle K\u0131br\u0131s T\u00fcrk halk\u0131n\u0131 yok sayamaz - Haber Kuzey\" \/>\n<meta property=\"og:description\" content=\"Cumhuriyet Meclisi Ba\u015fkan\u0131 Ziya \u00d6zt\u00fcrkler, \u201cFransa, s\u00f6m\u00fcrgeci ge\u00e7mi\u015fiyle K\u0131br\u0131s T\u00fcrk halk\u0131n\u0131 yok sayamaz\u201d dedi. Cumhuriyet Meclisi\u2019nden yap\u0131lan a\u00e7\u0131klamaya g\u00f6re \u00d6zt\u00fcrkler, bir kabul\u00fc s\u0131ras\u0131nda g\u00fcndemdeki son geli\u015fmeleri de\u011ferlendirdi. Fransa\u2019ya ve Fransa Cumhurba\u015fkan\u0131 Emmanuel Macron\u2019a tepki g\u00f6steren \u00d6zt\u00fcrkler, G\u00fcney K\u0131br\u0131s Rum Y\u00f6netimi Ba\u015fkan\u0131 Nikos Hristodulidis ile ger\u00e7ekle\u015ftirilen tatbikatlar ve imzalanmas\u0131 planlanan anla\u015fmalar\u0131n K\u0131br\u0131s T\u00fcrk halk\u0131n\u0131 asla y\u0131ld\u0131rmayaca\u011f\u0131n\u0131 [&hellip;]\" \/>\n<meta property=\"og:url\" content=\"https:\/\/haberkuzey.com\/index.php\/2026\/04\/28\/ozturkler-fransa-somurgeci-gecmisiyle-kibris-turk-halkini-yok-sayamaz-2\/\" \/>\n<meta property=\"og:site_name\" content=\"Haber Kuzey\" \/>\n<meta property=\"article:published_time\" content=\"2026-04-28T11:13:52+00:00\" \/>\n<meta property=\"article:modified_time\" content=\"2026-04-28T11:14:03+00:00\" \/>\n<meta property=\"og:image\" content=\"https:\/\/haberkuzey.com\/wp-content\/uploads\/2026\/04\/ziya.jpg\" \/>\n\t<meta property=\"og:image:width\" content=\"1600\" \/>\n\t<meta property=\"og:image:height\" content=\"1066\" \/>\n\t<meta property=\"og:image:type\" content=\"image\/jpeg\" \/>\n<meta name=\"author\" content=\"haberkuzey\" \/>\n<meta name=\"twitter:card\" content=\"summary_large_image\" \/>\n<meta name=\"twitter:label1\" content=\"Yazan:\" \/>\n\t<meta name=\"twitter:data1\" content=\"haberkuzey\" \/>\n\t<meta name=\"twitter:label2\" content=\"Tahmini okuma s\u00fcresi\" \/>\n\t<meta name=\"twitter:data2\" content=\"3 dakika\" \/>\n<script type=\"application\/ld+json\" class=\"yoast-schema-graph\">{\"@context\":\"https:\\\/\\\/schema.org\",\"@graph\":[{\"@type\":\"Article\",\"@id\":\"https:\\\/\\\/haberkuzey.com\\\/index.php\\\/2026\\\/04\\\/28\\\/ozturkler-fransa-somurgeci-gecmisiyle-kibris-turk-halkini-yok-sayamaz-2\\\/#article\",\"isPartOf\":{\"@id\":\"https:\\\/\\\/haberkuzey.com\\\/index.php\\\/2026\\\/04\\\/28\\\/ozturkler-fransa-somurgeci-gecmisiyle-kibris-turk-halkini-yok-sayamaz-2\\\/\"},\"author\":{\"name\":\"haberkuzey\",\"@id\":\"https:\\\/\\\/haberkuzey.com\\\/#\\\/schema\\\/person\\\/3372109ec735f9333f4fa47ebb9605ca\"},\"headline\":\"\u00d6zt\u00fcrkler: Fransa s\u00f6m\u00fcrgeci ge\u00e7mi\u015fiyle K\u0131br\u0131s T\u00fcrk halk\u0131n\u0131 yok sayamaz\",\"datePublished\":\"2026-04-28T11:13:52+00:00\",\"dateModified\":\"2026-04-28T11:14:03+00:00\",\"mainEntityOfPage\":{\"@id\":\"https:\\\/\\\/haberkuzey.com\\\/index.php\\\/2026\\\/04\\\/28\\\/ozturkler-fransa-somurgeci-gecmisiyle-kibris-turk-halkini-yok-sayamaz-2\\\/\"},\"wordCount\":559,\"commentCount\":0,\"image\":{\"@id\":\"https:\\\/\\\/haberkuzey.com\\\/index.php\\\/2026\\\/04\\\/28\\\/ozturkler-fransa-somurgeci-gecmisiyle-kibris-turk-halkini-yok-sayamaz-2\\\/#primaryimage\"},\"thumbnailUrl\":\"https:\\\/\\\/haberkuzey.com\\\/wp-content\\\/uploads\\\/2026\\\/04\\\/ziya.jpg\",\"articleSection\":[\"K\u0131br\u0131s\"],\"inLanguage\":\"tr\",\"potentialAction\":[{\"@type\":\"CommentAction\",\"name\":\"Comment\",\"target\":[\"https:\\\/\\\/haberkuzey.com\\\/index.php\\\/2026\\\/04\\\/28\\\/ozturkler-fransa-somurgeci-gecmisiyle-kibris-turk-halkini-yok-sayamaz-2\\\/#respond\"]}]},{\"@type\":\"WebPage\",\"@id\":\"https:\\\/\\\/haberkuzey.com\\\/index.php\\\/2026\\\/04\\\/28\\\/ozturkler-fransa-somurgeci-gecmisiyle-kibris-turk-halkini-yok-sayamaz-2\\\/\",\"url\":\"https:\\\/\\\/haberkuzey.com\\\/index.php\\\/2026\\\/04\\\/28\\\/ozturkler-fransa-somurgeci-gecmisiyle-kibris-turk-halkini-yok-sayamaz-2\\\/\",\"name\":\"\u00d6zt\u00fcrkler: Fransa s\u00f6m\u00fcrgeci ge\u00e7mi\u015fiyle K\u0131br\u0131s T\u00fcrk halk\u0131n\u0131 yok sayamaz - Haber Kuzey\",\"isPartOf\":{\"@id\":\"https:\\\/\\\/haberkuzey.com\\\/#website\"},\"primaryImageOfPage\":{\"@id\":\"https:\\\/\\\/haberkuzey.com\\\/index.php\\\/2026\\\/04\\\/28\\\/ozturkler-fransa-somurgeci-gecmisiyle-kibris-turk-halkini-yok-sayamaz-2\\\/#primaryimage\"},\"image\":{\"@id\":\"https:\\\/\\\/haberkuzey.com\\\/index.php\\\/2026\\\/04\\\/28\\\/ozturkler-fransa-somurgeci-gecmisiyle-kibris-turk-halkini-yok-sayamaz-2\\\/#primaryimage\"},\"thumbnailUrl\":\"https:\\\/\\\/haberkuzey.com\\\/wp-content\\\/uploads\\\/2026\\\/04\\\/ziya.jpg\",\"datePublished\":\"2026-04-28T11:13:52+00:00\",\"dateModified\":\"2026-04-28T11:14:03+00:00\",\"author\":{\"@id\":\"https:\\\/\\\/haberkuzey.com\\\/#\\\/schema\\\/person\\\/3372109ec735f9333f4fa47ebb9605ca\"},\"breadcrumb\":{\"@id\":\"https:\\\/\\\/haberkuzey.com\\\/index.php\\\/2026\\\/04\\\/28\\\/ozturkler-fransa-somurgeci-gecmisiyle-kibris-turk-halkini-yok-sayamaz-2\\\/#breadcrumb\"},\"inLanguage\":\"tr\",\"potentialAction\":[{\"@type\":\"ReadAction\",\"target\":[\"https:\\\/\\\/haberkuzey.com\\\/index.php\\\/2026\\\/04\\\/28\\\/ozturkler-fransa-somurgeci-gecmisiyle-kibris-turk-halkini-yok-sayamaz-2\\\/\"]}]},{\"@type\":\"ImageObject\",\"inLanguage\":\"tr\",\"@id\":\"https:\\\/\\\/haberkuzey.com\\\/index.php\\\/2026\\\/04\\\/28\\\/ozturkler-fransa-somurgeci-gecmisiyle-kibris-turk-halkini-yok-sayamaz-2\\\/#primaryimage\",\"url\":\"https:\\\/\\\/haberkuzey.com\\\/wp-content\\\/uploads\\\/2026\\\/04\\\/ziya.jpg\",\"contentUrl\":\"https:\\\/\\\/haberkuzey.com\\\/wp-content\\\/uploads\\\/2026\\\/04\\\/ziya.jpg\",\"width\":1600,\"height\":1066},{\"@type\":\"BreadcrumbList\",\"@id\":\"https:\\\/\\\/haberkuzey.com\\\/index.php\\\/2026\\\/04\\\/28\\\/ozturkler-fransa-somurgeci-gecmisiyle-kibris-turk-halkini-yok-sayamaz-2\\\/#breadcrumb\",\"itemListElement\":[{\"@type\":\"ListItem\",\"position\":1,\"name\":\"Anasayfa\",\"item\":\"https:\\\/\\\/haberkuzey.com\\\/\"},{\"@type\":\"ListItem\",\"position\":2,\"name\":\"\u00d6zt\u00fcrkler: Fransa s\u00f6m\u00fcrgeci ge\u00e7mi\u015fiyle K\u0131br\u0131s T\u00fcrk halk\u0131n\u0131 yok sayamaz\"}]},{\"@type\":\"WebSite\",\"@id\":\"https:\\\/\\\/haberkuzey.com\\\/#website\",\"url\":\"https:\\\/\\\/haberkuzey.com\\\/\",\"name\":\"Haber Kuzey\",\"description\":\"Do\u011fru Haberin Adresi\",\"potentialAction\":[{\"@type\":\"SearchAction\",\"target\":{\"@type\":\"EntryPoint\",\"urlTemplate\":\"https:\\\/\\\/haberkuzey.com\\\/?s={search_term_string}\"},\"query-input\":{\"@type\":\"PropertyValueSpecification\",\"valueRequired\":true,\"valueName\":\"search_term_string\"}}],\"inLanguage\":\"tr\"},{\"@type\":\"Person\",\"@id\":\"https:\\\/\\\/haberkuzey.com\\\/#\\\/schema\\\/person\\\/3372109ec735f9333f4fa47ebb9605ca\",\"name\":\"haberkuzey\",\"image\":{\"@type\":\"ImageObject\",\"inLanguage\":\"tr\",\"@id\":\"https:\\\/\\\/secure.gravatar.com\\\/avatar\\\/f5fc875574b1575324358c3b9e6a32b8227aa5b74f3fa22e3cadb63e26fcc39c?s=96&d=mm&r=g\",\"url\":\"https:\\\/\\\/secure.gravatar.com\\\/avatar\\\/f5fc875574b1575324358c3b9e6a32b8227aa5b74f3fa22e3cadb63e26fcc39c?s=96&d=mm&r=g\",\"contentUrl\":\"https:\\\/\\\/secure.gravatar.com\\\/avatar\\\/f5fc875574b1575324358c3b9e6a32b8227aa5b74f3fa22e3cadb63e26fcc39c?s=96&d=mm&r=g\",\"caption\":\"haberkuzey\"},\"sameAs\":[\"https:\\\/\\\/haberkuzey.com\"],\"url\":\"https:\\\/\\\/haberkuzey.com\\\/index.php\\\/author\\\/haberkuzey\\\/\"}]}<\/script>\n<!-- \/ Yoast SEO plugin. -->","yoast_head_json":{"title":"\u00d6zt\u00fcrkler: Fransa s\u00f6m\u00fcrgeci ge\u00e7mi\u015fiyle K\u0131br\u0131s T\u00fcrk halk\u0131n\u0131 yok sayamaz - Haber Kuzey","robots":{"index":"index","follow":"follow","max-snippet":"max-snippet:-1","max-image-preview":"max-image-preview:large","max-video-preview":"max-video-preview:-1"},"canonical":"https:\/\/haberkuzey.com\/index.php\/2026\/04\/28\/ozturkler-fransa-somurgeci-gecmisiyle-kibris-turk-halkini-yok-sayamaz-2\/","og_locale":"tr_TR","og_type":"article","og_title":"\u00d6zt\u00fcrkler: Fransa s\u00f6m\u00fcrgeci ge\u00e7mi\u015fiyle K\u0131br\u0131s T\u00fcrk halk\u0131n\u0131 yok sayamaz - Haber Kuzey","og_description":"Cumhuriyet Meclisi Ba\u015fkan\u0131 Ziya \u00d6zt\u00fcrkler, \u201cFransa, s\u00f6m\u00fcrgeci ge\u00e7mi\u015fiyle K\u0131br\u0131s T\u00fcrk halk\u0131n\u0131 yok sayamaz\u201d dedi. Cumhuriyet Meclisi\u2019nden yap\u0131lan a\u00e7\u0131klamaya g\u00f6re \u00d6zt\u00fcrkler, bir kabul\u00fc s\u0131ras\u0131nda g\u00fcndemdeki son geli\u015fmeleri de\u011ferlendirdi. Fransa\u2019ya ve Fransa Cumhurba\u015fkan\u0131 Emmanuel Macron\u2019a tepki g\u00f6steren \u00d6zt\u00fcrkler, G\u00fcney K\u0131br\u0131s Rum Y\u00f6netimi Ba\u015fkan\u0131 Nikos Hristodulidis ile ger\u00e7ekle\u015ftirilen tatbikatlar ve imzalanmas\u0131 planlanan anla\u015fmalar\u0131n K\u0131br\u0131s T\u00fcrk halk\u0131n\u0131 asla y\u0131ld\u0131rmayaca\u011f\u0131n\u0131 [&hellip;]","og_url":"https:\/\/haberkuzey.com\/index.php\/2026\/04\/28\/ozturkler-fransa-somurgeci-gecmisiyle-kibris-turk-halkini-yok-sayamaz-2\/","og_site_name":"Haber Kuzey","article_published_time":"2026-04-28T11:13:52+00:00","article_modified_time":"2026-04-28T11:14:03+00:00","og_image":[{"width":1600,"height":1066,"url":"https:\/\/haberkuzey.com\/wp-content\/uploads\/2026\/04\/ziya.jpg","type":"image\/jpeg"}],"author":"haberkuzey","twitter_card":"summary_large_image","twitter_misc":{"Yazan:":"haberkuzey","Tahmini okuma s\u00fcresi":"3 dakika"},"schema":{"@context":"https:\/\/schema.org","@graph":[{"@type":"Article","@id":"https:\/\/haberkuzey.com\/index.php\/2026\/04\/28\/ozturkler-fransa-somurgeci-gecmisiyle-kibris-turk-halkini-yok-sayamaz-2\/#article","isPartOf":{"@id":"https:\/\/haberkuzey.com\/index.php\/2026\/04\/28\/ozturkler-fransa-somurgeci-gecmisiyle-kibris-turk-halkini-yok-sayamaz-2\/"},"author":{"name":"haberkuzey","@id":"https:\/\/haberkuzey.com\/#\/schema\/person\/3372109ec735f9333f4fa47ebb9605ca"},"headline":"\u00d6zt\u00fcrkler: Fransa s\u00f6m\u00fcrgeci ge\u00e7mi\u015fiyle K\u0131br\u0131s T\u00fcrk halk\u0131n\u0131 yok sayamaz","datePublished":"2026-04-28T11:13:52+00:00","dateModified":"2026-04-28T11:14:03+00:00","mainEntityOfPage":{"@id":"https:\/\/haberkuzey.com\/index.php\/2026\/04\/28\/ozturkler-fransa-somurgeci-gecmisiyle-kibris-turk-halkini-yok-sayamaz-2\/"},"wordCount":559,"commentCount":0,"image":{"@id":"https:\/\/haberkuzey.com\/index.php\/2026\/04\/28\/ozturkler-fransa-somurgeci-gecmisiyle-kibris-turk-halkini-yok-sayamaz-2\/#primaryimage"},"thumbnailUrl":"https:\/\/haberkuzey.com\/wp-content\/uploads\/2026\/04\/ziya.jpg","articleSection":["K\u0131br\u0131s"],"inLanguage":"tr","potentialAction":[{"@type":"CommentAction","name":"Comment","target":["https:\/\/haberkuzey.com\/index.php\/2026\/04\/28\/ozturkler-fransa-somurgeci-gecmisiyle-kibris-turk-halkini-yok-sayamaz-2\/#respond"]}]},{"@type":"WebPage","@id":"https:\/\/haberkuzey.com\/index.php\/2026\/04\/28\/ozturkler-fransa-somurgeci-gecmisiyle-kibris-turk-halkini-yok-sayamaz-2\/","url":"https:\/\/haberkuzey.com\/index.php\/2026\/04\/28\/ozturkler-fransa-somurgeci-gecmisiyle-kibris-turk-halkini-yok-sayamaz-2\/","name":"\u00d6zt\u00fcrkler: Fransa s\u00f6m\u00fcrgeci ge\u00e7mi\u015fiyle K\u0131br\u0131s T\u00fcrk halk\u0131n\u0131 yok sayamaz - Haber Kuzey","isPartOf":{"@id":"https:\/\/haberkuzey.com\/#website"},"primaryImageOfPage":{"@id":"https:\/\/haberkuzey.com\/index.php\/2026\/04\/28\/ozturkler-fransa-somurgeci-gecmisiyle-kibris-turk-halkini-yok-sayamaz-2\/#primaryimage"},"image":{"@id":"https:\/\/haberkuzey.com\/index.php\/2026\/04\/28\/ozturkler-fransa-somurgeci-gecmisiyle-kibris-turk-halkini-yok-sayamaz-2\/#primaryimage"},"thumbnailUrl":"https:\/\/haberkuzey.com\/wp-content\/uploads\/2026\/04\/ziya.jpg","datePublished":"2026-04-28T11:13:52+00:00","dateModified":"2026-04-28T11:14:03+00:00","author":{"@id":"https:\/\/haberkuzey.com\/#\/schema\/person\/3372109ec735f9333f4fa47ebb9605ca"},"breadcrumb":{"@id":"https:\/\/haberkuzey.com\/index.php\/2026\/04\/28\/ozturkler-fransa-somurgeci-gecmisiyle-kibris-turk-halkini-yok-sayamaz-2\/#breadcrumb"},"inLanguage":"tr","potentialAction":[{"@type":"ReadAction","target":["https:\/\/haberkuzey.com\/index.php\/2026\/04\/28\/ozturkler-fransa-somurgeci-gecmisiyle-kibris-turk-halkini-yok-sayamaz-2\/"]}]},{"@type":"ImageObject","inLanguage":"tr","@id":"https:\/\/haberkuzey.com\/index.php\/2026\/04\/28\/ozturkler-fransa-somurgeci-gecmisiyle-kibris-turk-halkini-yok-sayamaz-2\/#primaryimage","url":"https:\/\/haberkuzey.com\/wp-content\/uploads\/2026\/04\/ziya.jpg","contentUrl":"https:\/\/haberkuzey.com\/wp-content\/uploads\/2026\/04\/ziya.jpg","width":1600,"height":1066},{"@type":"BreadcrumbList","@id":"https:\/\/haberkuzey.com\/index.php\/2026\/04\/28\/ozturkler-fransa-somurgeci-gecmisiyle-kibris-turk-halkini-yok-sayamaz-2\/#breadcrumb","itemListElement":[{"@type":"ListItem","position":1,"name":"Anasayfa","item":"https:\/\/haberkuzey.com\/"},{"@type":"ListItem","position":2,"name":"\u00d6zt\u00fcrkler: Fransa s\u00f6m\u00fcrgeci ge\u00e7mi\u015fiyle K\u0131br\u0131s T\u00fcrk halk\u0131n\u0131 yok sayamaz"}]},{"@type":"WebSite","@id":"https:\/\/haberkuzey.com\/#website","url":"https:\/\/haberkuzey.com\/","name":"Haber Kuzey","description":"Do\u011fru Haberin Adresi","potentialAction":[{"@type":"SearchAction","target":{"@type":"EntryPoint","urlTemplate":"https:\/\/haberkuzey.com\/?s={search_term_string}"},"query-input":{"@type":"PropertyValueSpecification","valueRequired":true,"valueName":"search_term_string"}}],"inLanguage":"tr"},{"@type":"Person","@id":"https:\/\/haberkuzey.com\/#\/schema\/person\/3372109ec735f9333f4fa47ebb9605ca","name":"haberkuzey","image":{"@type":"ImageObject","inLanguage":"tr","@id":"https:\/\/secure.gravatar.com\/avatar\/f5fc875574b1575324358c3b9e6a32b8227aa5b74f3fa22e3cadb63e26fcc39c?s=96&d=mm&r=g","url":"https:\/\/secure.gravatar.com\/avatar\/f5fc875574b1575324358c3b9e6a32b8227aa5b74f3fa22e3cadb63e26fcc39c?s=96&d=mm&r=g","contentUrl":"https:\/\/secure.gravatar.com\/avatar\/f5fc875574b1575324358c3b9e6a32b8227aa5b74f3fa22e3cadb63e26fcc39c?s=96&d=mm&r=g","caption":"haberkuzey"},"sameAs":["https:\/\/haberkuzey.com"],"url":"https:\/\/haberkuzey.com\/index.php\/author\/haberkuzey\/"}]}},"_links":{"self":[{"href":"https:\/\/haberkuzey.com\/index.php\/wp-json\/wp\/v2\/posts\/36609","targetHints":{"allow":["GET"]}}],"collection":[{"href":"https:\/\/haberkuzey.com\/index.php\/wp-json\/wp\/v2\/posts"}],"about":[{"href":"https:\/\/haberkuzey.com\/index.php\/wp-json\/wp\/v2\/types\/post"}],"author":[{"embeddable":true,"href":"https:\/\/haberkuzey.com\/index.php\/wp-json\/wp\/v2\/users\/1"}],"replies":[{"embeddable":true,"href":"https:\/\/haberkuzey.com\/index.php\/wp-json\/wp\/v2\/comments?post=36609"}],"version-history":[{"count":1,"href":"https:\/\/haberkuzey.com\/index.php\/wp-json\/wp\/v2\/posts\/36609\/revisions"}],"predecessor-version":[{"id":36611,"href":"https:\/\/haberkuzey.com\/index.php\/wp-json\/wp\/v2\/posts\/36609\/revisions\/36611"}],"wp:featuredmedia":[{"embeddable":true,"href":"https:\/\/haberkuzey.com\/index.php\/wp-json\/wp\/v2\/media\/36610"}],"wp:attachment":[{"href":"https:\/\/haberkuzey.com\/index.php\/wp-json\/wp\/v2\/media?parent=36609"}],"wp:term":[{"taxonomy":"category","embeddable":true,"href":"https:\/\/haberkuzey.com\/index.php\/wp-json\/wp\/v2\/categories?post=36609"},{"taxonomy":"post_tag","embeddable":true,"href":"https:\/\/haberkuzey.com\/index.php\/wp-json\/wp\/v2\/tags?post=36609"}],"curies":[{"name":"wp","href":"https:\/\/api.w.org\/{rel}","templated":true}]}}