{"id":36599,"date":"2026-04-28T13:02:03","date_gmt":"2026-04-28T10:02:03","guid":{"rendered":"https:\/\/haberkuzey.com\/index.php\/2026\/04\/28\/lefkosada-kaza-motosiklet-surucusu-yarali\/"},"modified":"2026-04-28T13:02:13","modified_gmt":"2026-04-28T10:02:13","slug":"lefkosada-kaza-motosiklet-surucusu-yarali","status":"publish","type":"post","link":"https:\/\/haberkuzey.com\/index.php\/2026\/04\/28\/lefkosada-kaza-motosiklet-surucusu-yarali\/","title":{"rendered":"Lefko\u015fa\u2019da kaza: Motosiklet s\u00fcr\u00fcc\u00fcs\u00fc yaral\u0131"},"content":{"rendered":"<p>Lefko\u015fa\u2019da, d\u00fcn meydana gelen trafik kazas\u0131nda motosiklet s\u00fcr\u00fcc\u00fcs\u00fc yaraland\u0131.<\/p>\n<p>Polisten verilen bilgiye g\u00f6re, Nihat Selvitopu (E-67), y\u00f6netimindeki RZ 153 plakal\u0131 kamyonetle dikkatsizce seyretti\u011fi s\u0131rada, 29 Ekim Sokak kav\u015fa\u011f\u0131na geldi\u011finde anayolda seyreden ara\u00e7lara \u00f6ncelik hakk\u0131 vermeden soka\u011fa giri\u015f yapt\u0131. Ara\u00e7, o esnada sokakta dikkatsizce tek y\u00f6n seyreden Ali Ezer (E-31) y\u00f6netimindeki UP 074 plakal\u0131 motosiklete \u00e7arpt\u0131.<\/p>\n<p>Kazada yaralanan motosiklet s\u00fcr\u00fcc\u00fcs\u00fc, sol baca\u011f\u0131nda k\u0131r\u0131k te\u015fhisiyle Lefko\u015fa Dr. Burhan Nalbanto\u011flu Devlet Hastanesi Ortopedi Servisi\u2019nde tedavi alt\u0131na al\u0131nd\u0131.<\/p>\n<p>Polisin kazayla ilgili soru\u015fturmas\u0131 s\u00fcr\u00fcyor.<\/p>\n","protected":false},"excerpt":{"rendered":"<p>Lefko\u015fa\u2019da, d\u00fcn meydana gelen trafik kazas\u0131nda motosiklet s\u00fcr\u00fcc\u00fcs\u00fc yaraland\u0131. Polisten verilen bilgiye g\u00f6re, Nihat Selvitopu (E-67), y\u00f6netimindeki RZ 153 plakal\u0131 kamyonetle dikkatsizce seyretti\u011fi s\u0131rada, 29 Ekim Sokak kav\u015fa\u011f\u0131na geldi\u011finde anayolda seyreden ara\u00e7lara \u00f6ncelik hakk\u0131 vermeden soka\u011fa giri\u015f yapt\u0131. Ara\u00e7, o esnada sokakta dikkatsizce tek y\u00f6n seyreden Ali Ezer (E-31) y\u00f6netimindeki UP 074 plakal\u0131 motosiklete \u00e7arpt\u0131. [&hellip;]<\/p>\n","protected":false},"author":1,"featured_media":36600,"comment_status":"open","ping_status":"open","sticky":false,"template":"","format":"standard","meta":{"jnews-multi-image_gallery":[],"jnews_single_post":[],"jnews_primary_category":[],"footnotes":""},"categories":[1],"tags":[],"class_list":["post-36599","post","type-post","status-publish","format-standard","has-post-thumbnail","hentry","category-kibris"],"yoast_head":"<!-- This site is optimized with the Yoast SEO plugin v27.4 - https:\/\/yoast.com\/product\/yoast-seo-wordpress\/ -->\n<title>Lefko\u015fa\u2019da kaza: Motosiklet s\u00fcr\u00fcc\u00fcs\u00fc yaral\u0131 - Haber Kuzey<\/title>\n<meta name=\"robots\" content=\"index, follow, max-snippet:-1, max-image-preview:large, max-video-preview:-1\" \/>\n<link rel=\"canonical\" href=\"https:\/\/haberkuzey.com\/index.php\/2026\/04\/28\/lefkosada-kaza-motosiklet-surucusu-yarali\/\" \/>\n<meta property=\"og:locale\" content=\"tr_TR\" \/>\n<meta property=\"og:type\" content=\"article\" \/>\n<meta property=\"og:title\" content=\"Lefko\u015fa\u2019da kaza: Motosiklet s\u00fcr\u00fcc\u00fcs\u00fc yaral\u0131 - Haber Kuzey\" \/>\n<meta property=\"og:description\" content=\"Lefko\u015fa\u2019da, d\u00fcn meydana gelen trafik kazas\u0131nda motosiklet s\u00fcr\u00fcc\u00fcs\u00fc yaraland\u0131. Polisten verilen bilgiye g\u00f6re, Nihat Selvitopu (E-67), y\u00f6netimindeki RZ 153 plakal\u0131 kamyonetle dikkatsizce seyretti\u011fi s\u0131rada, 29 Ekim Sokak kav\u015fa\u011f\u0131na geldi\u011finde anayolda seyreden ara\u00e7lara \u00f6ncelik hakk\u0131 vermeden soka\u011fa giri\u015f yapt\u0131. Ara\u00e7, o esnada sokakta dikkatsizce tek y\u00f6n seyreden Ali Ezer (E-31) y\u00f6netimindeki UP 074 plakal\u0131 motosiklete \u00e7arpt\u0131. [&hellip;]\" \/>\n<meta property=\"og:url\" content=\"https:\/\/haberkuzey.com\/index.php\/2026\/04\/28\/lefkosada-kaza-motosiklet-surucusu-yarali\/\" \/>\n<meta property=\"og:site_name\" content=\"Haber Kuzey\" \/>\n<meta property=\"article:published_time\" content=\"2026-04-28T10:02:03+00:00\" \/>\n<meta property=\"article:modified_time\" content=\"2026-04-28T10:02:13+00:00\" \/>\n<meta property=\"og:image\" content=\"https:\/\/haberkuzey.com\/wp-content\/uploads\/2026\/04\/trafikkazasi-gorsell.webp\" \/>\n\t<meta property=\"og:image:width\" content=\"1280\" \/>\n\t<meta property=\"og:image:height\" content=\"720\" \/>\n\t<meta property=\"og:image:type\" content=\"image\/webp\" \/>\n<meta name=\"author\" content=\"haberkuzey\" \/>\n<meta name=\"twitter:card\" content=\"summary_large_image\" \/>\n<meta name=\"twitter:label1\" content=\"Yazan:\" \/>\n\t<meta name=\"twitter:data1\" content=\"haberkuzey\" \/>\n\t<meta name=\"twitter:label2\" content=\"Tahmini okuma s\u00fcresi\" \/>\n\t<meta name=\"twitter:data2\" content=\"1 dakika\" \/>\n<script type=\"application\/ld+json\" class=\"yoast-schema-graph\">{\"@context\":\"https:\\\/\\\/schema.org\",\"@graph\":[{\"@type\":\"Article\",\"@id\":\"https:\\\/\\\/haberkuzey.com\\\/index.php\\\/2026\\\/04\\\/28\\\/lefkosada-kaza-motosiklet-surucusu-yarali\\\/#article\",\"isPartOf\":{\"@id\":\"https:\\\/\\\/haberkuzey.com\\\/index.php\\\/2026\\\/04\\\/28\\\/lefkosada-kaza-motosiklet-surucusu-yarali\\\/\"},\"author\":{\"name\":\"haberkuzey\",\"@id\":\"https:\\\/\\\/haberkuzey.com\\\/#\\\/schema\\\/person\\\/3372109ec735f9333f4fa47ebb9605ca\"},\"headline\":\"Lefko\u015fa\u2019da kaza: Motosiklet s\u00fcr\u00fcc\u00fcs\u00fc yaral\u0131\",\"datePublished\":\"2026-04-28T10:02:03+00:00\",\"dateModified\":\"2026-04-28T10:02:13+00:00\",\"mainEntityOfPage\":{\"@id\":\"https:\\\/\\\/haberkuzey.com\\\/index.php\\\/2026\\\/04\\\/28\\\/lefkosada-kaza-motosiklet-surucusu-yarali\\\/\"},\"wordCount\":119,\"commentCount\":0,\"image\":{\"@id\":\"https:\\\/\\\/haberkuzey.com\\\/index.php\\\/2026\\\/04\\\/28\\\/lefkosada-kaza-motosiklet-surucusu-yarali\\\/#primaryimage\"},\"thumbnailUrl\":\"https:\\\/\\\/haberkuzey.com\\\/wp-content\\\/uploads\\\/2026\\\/04\\\/trafikkazasi-gorsell.webp\",\"articleSection\":[\"K\u0131br\u0131s\"],\"inLanguage\":\"tr\",\"potentialAction\":[{\"@type\":\"CommentAction\",\"name\":\"Comment\",\"target\":[\"https:\\\/\\\/haberkuzey.com\\\/index.php\\\/2026\\\/04\\\/28\\\/lefkosada-kaza-motosiklet-surucusu-yarali\\\/#respond\"]}]},{\"@type\":\"WebPage\",\"@id\":\"https:\\\/\\\/haberkuzey.com\\\/index.php\\\/2026\\\/04\\\/28\\\/lefkosada-kaza-motosiklet-surucusu-yarali\\\/\",\"url\":\"https:\\\/\\\/haberkuzey.com\\\/index.php\\\/2026\\\/04\\\/28\\\/lefkosada-kaza-motosiklet-surucusu-yarali\\\/\",\"name\":\"Lefko\u015fa\u2019da kaza: Motosiklet s\u00fcr\u00fcc\u00fcs\u00fc yaral\u0131 - Haber Kuzey\",\"isPartOf\":{\"@id\":\"https:\\\/\\\/haberkuzey.com\\\/#website\"},\"primaryImageOfPage\":{\"@id\":\"https:\\\/\\\/haberkuzey.com\\\/index.php\\\/2026\\\/04\\\/28\\\/lefkosada-kaza-motosiklet-surucusu-yarali\\\/#primaryimage\"},\"image\":{\"@id\":\"https:\\\/\\\/haberkuzey.com\\\/index.php\\\/2026\\\/04\\\/28\\\/lefkosada-kaza-motosiklet-surucusu-yarali\\\/#primaryimage\"},\"thumbnailUrl\":\"https:\\\/\\\/haberkuzey.com\\\/wp-content\\\/uploads\\\/2026\\\/04\\\/trafikkazasi-gorsell.webp\",\"datePublished\":\"2026-04-28T10:02:03+00:00\",\"dateModified\":\"2026-04-28T10:02:13+00:00\",\"author\":{\"@id\":\"https:\\\/\\\/haberkuzey.com\\\/#\\\/schema\\\/person\\\/3372109ec735f9333f4fa47ebb9605ca\"},\"breadcrumb\":{\"@id\":\"https:\\\/\\\/haberkuzey.com\\\/index.php\\\/2026\\\/04\\\/28\\\/lefkosada-kaza-motosiklet-surucusu-yarali\\\/#breadcrumb\"},\"inLanguage\":\"tr\",\"potentialAction\":[{\"@type\":\"ReadAction\",\"target\":[\"https:\\\/\\\/haberkuzey.com\\\/index.php\\\/2026\\\/04\\\/28\\\/lefkosada-kaza-motosiklet-surucusu-yarali\\\/\"]}]},{\"@type\":\"ImageObject\",\"inLanguage\":\"tr\",\"@id\":\"https:\\\/\\\/haberkuzey.com\\\/index.php\\\/2026\\\/04\\\/28\\\/lefkosada-kaza-motosiklet-surucusu-yarali\\\/#primaryimage\",\"url\":\"https:\\\/\\\/haberkuzey.com\\\/wp-content\\\/uploads\\\/2026\\\/04\\\/trafikkazasi-gorsell.webp\",\"contentUrl\":\"https:\\\/\\\/haberkuzey.com\\\/wp-content\\\/uploads\\\/2026\\\/04\\\/trafikkazasi-gorsell.webp\",\"width\":1280,\"height\":720},{\"@type\":\"BreadcrumbList\",\"@id\":\"https:\\\/\\\/haberkuzey.com\\\/index.php\\\/2026\\\/04\\\/28\\\/lefkosada-kaza-motosiklet-surucusu-yarali\\\/#breadcrumb\",\"itemListElement\":[{\"@type\":\"ListItem\",\"position\":1,\"name\":\"Anasayfa\",\"item\":\"https:\\\/\\\/haberkuzey.com\\\/\"},{\"@type\":\"ListItem\",\"position\":2,\"name\":\"Lefko\u015fa\u2019da kaza: Motosiklet s\u00fcr\u00fcc\u00fcs\u00fc yaral\u0131\"}]},{\"@type\":\"WebSite\",\"@id\":\"https:\\\/\\\/haberkuzey.com\\\/#website\",\"url\":\"https:\\\/\\\/haberkuzey.com\\\/\",\"name\":\"Haber Kuzey\",\"description\":\"Do\u011fru Haberin Adresi\",\"potentialAction\":[{\"@type\":\"SearchAction\",\"target\":{\"@type\":\"EntryPoint\",\"urlTemplate\":\"https:\\\/\\\/haberkuzey.com\\\/?s={search_term_string}\"},\"query-input\":{\"@type\":\"PropertyValueSpecification\",\"valueRequired\":true,\"valueName\":\"search_term_string\"}}],\"inLanguage\":\"tr\"},{\"@type\":\"Person\",\"@id\":\"https:\\\/\\\/haberkuzey.com\\\/#\\\/schema\\\/person\\\/3372109ec735f9333f4fa47ebb9605ca\",\"name\":\"haberkuzey\",\"image\":{\"@type\":\"ImageObject\",\"inLanguage\":\"tr\",\"@id\":\"https:\\\/\\\/secure.gravatar.com\\\/avatar\\\/f5fc875574b1575324358c3b9e6a32b8227aa5b74f3fa22e3cadb63e26fcc39c?s=96&d=mm&r=g\",\"url\":\"https:\\\/\\\/secure.gravatar.com\\\/avatar\\\/f5fc875574b1575324358c3b9e6a32b8227aa5b74f3fa22e3cadb63e26fcc39c?s=96&d=mm&r=g\",\"contentUrl\":\"https:\\\/\\\/secure.gravatar.com\\\/avatar\\\/f5fc875574b1575324358c3b9e6a32b8227aa5b74f3fa22e3cadb63e26fcc39c?s=96&d=mm&r=g\",\"caption\":\"haberkuzey\"},\"sameAs\":[\"https:\\\/\\\/haberkuzey.com\"],\"url\":\"https:\\\/\\\/haberkuzey.com\\\/index.php\\\/author\\\/haberkuzey\\\/\"}]}<\/script>\n<!-- \/ Yoast SEO plugin. -->","yoast_head_json":{"title":"Lefko\u015fa\u2019da kaza: Motosiklet s\u00fcr\u00fcc\u00fcs\u00fc yaral\u0131 - Haber Kuzey","robots":{"index":"index","follow":"follow","max-snippet":"max-snippet:-1","max-image-preview":"max-image-preview:large","max-video-preview":"max-video-preview:-1"},"canonical":"https:\/\/haberkuzey.com\/index.php\/2026\/04\/28\/lefkosada-kaza-motosiklet-surucusu-yarali\/","og_locale":"tr_TR","og_type":"article","og_title":"Lefko\u015fa\u2019da kaza: Motosiklet s\u00fcr\u00fcc\u00fcs\u00fc yaral\u0131 - Haber Kuzey","og_description":"Lefko\u015fa\u2019da, d\u00fcn meydana gelen trafik kazas\u0131nda motosiklet s\u00fcr\u00fcc\u00fcs\u00fc yaraland\u0131. Polisten verilen bilgiye g\u00f6re, Nihat Selvitopu (E-67), y\u00f6netimindeki RZ 153 plakal\u0131 kamyonetle dikkatsizce seyretti\u011fi s\u0131rada, 29 Ekim Sokak kav\u015fa\u011f\u0131na geldi\u011finde anayolda seyreden ara\u00e7lara \u00f6ncelik hakk\u0131 vermeden soka\u011fa giri\u015f yapt\u0131. Ara\u00e7, o esnada sokakta dikkatsizce tek y\u00f6n seyreden Ali Ezer (E-31) y\u00f6netimindeki UP 074 plakal\u0131 motosiklete \u00e7arpt\u0131. [&hellip;]","og_url":"https:\/\/haberkuzey.com\/index.php\/2026\/04\/28\/lefkosada-kaza-motosiklet-surucusu-yarali\/","og_site_name":"Haber Kuzey","article_published_time":"2026-04-28T10:02:03+00:00","article_modified_time":"2026-04-28T10:02:13+00:00","og_image":[{"width":1280,"height":720,"url":"https:\/\/haberkuzey.com\/wp-content\/uploads\/2026\/04\/trafikkazasi-gorsell.webp","type":"image\/webp"}],"author":"haberkuzey","twitter_card":"summary_large_image","twitter_misc":{"Yazan:":"haberkuzey","Tahmini okuma s\u00fcresi":"1 dakika"},"schema":{"@context":"https:\/\/schema.org","@graph":[{"@type":"Article","@id":"https:\/\/haberkuzey.com\/index.php\/2026\/04\/28\/lefkosada-kaza-motosiklet-surucusu-yarali\/#article","isPartOf":{"@id":"https:\/\/haberkuzey.com\/index.php\/2026\/04\/28\/lefkosada-kaza-motosiklet-surucusu-yarali\/"},"author":{"name":"haberkuzey","@id":"https:\/\/haberkuzey.com\/#\/schema\/person\/3372109ec735f9333f4fa47ebb9605ca"},"headline":"Lefko\u015fa\u2019da kaza: Motosiklet s\u00fcr\u00fcc\u00fcs\u00fc yaral\u0131","datePublished":"2026-04-28T10:02:03+00:00","dateModified":"2026-04-28T10:02:13+00:00","mainEntityOfPage":{"@id":"https:\/\/haberkuzey.com\/index.php\/2026\/04\/28\/lefkosada-kaza-motosiklet-surucusu-yarali\/"},"wordCount":119,"commentCount":0,"image":{"@id":"https:\/\/haberkuzey.com\/index.php\/2026\/04\/28\/lefkosada-kaza-motosiklet-surucusu-yarali\/#primaryimage"},"thumbnailUrl":"https:\/\/haberkuzey.com\/wp-content\/uploads\/2026\/04\/trafikkazasi-gorsell.webp","articleSection":["K\u0131br\u0131s"],"inLanguage":"tr","potentialAction":[{"@type":"CommentAction","name":"Comment","target":["https:\/\/haberkuzey.com\/index.php\/2026\/04\/28\/lefkosada-kaza-motosiklet-surucusu-yarali\/#respond"]}]},{"@type":"WebPage","@id":"https:\/\/haberkuzey.com\/index.php\/2026\/04\/28\/lefkosada-kaza-motosiklet-surucusu-yarali\/","url":"https:\/\/haberkuzey.com\/index.php\/2026\/04\/28\/lefkosada-kaza-motosiklet-surucusu-yarali\/","name":"Lefko\u015fa\u2019da kaza: Motosiklet s\u00fcr\u00fcc\u00fcs\u00fc yaral\u0131 - Haber Kuzey","isPartOf":{"@id":"https:\/\/haberkuzey.com\/#website"},"primaryImageOfPage":{"@id":"https:\/\/haberkuzey.com\/index.php\/2026\/04\/28\/lefkosada-kaza-motosiklet-surucusu-yarali\/#primaryimage"},"image":{"@id":"https:\/\/haberkuzey.com\/index.php\/2026\/04\/28\/lefkosada-kaza-motosiklet-surucusu-yarali\/#primaryimage"},"thumbnailUrl":"https:\/\/haberkuzey.com\/wp-content\/uploads\/2026\/04\/trafikkazasi-gorsell.webp","datePublished":"2026-04-28T10:02:03+00:00","dateModified":"2026-04-28T10:02:13+00:00","author":{"@id":"https:\/\/haberkuzey.com\/#\/schema\/person\/3372109ec735f9333f4fa47ebb9605ca"},"breadcrumb":{"@id":"https:\/\/haberkuzey.com\/index.php\/2026\/04\/28\/lefkosada-kaza-motosiklet-surucusu-yarali\/#breadcrumb"},"inLanguage":"tr","potentialAction":[{"@type":"ReadAction","target":["https:\/\/haberkuzey.com\/index.php\/2026\/04\/28\/lefkosada-kaza-motosiklet-surucusu-yarali\/"]}]},{"@type":"ImageObject","inLanguage":"tr","@id":"https:\/\/haberkuzey.com\/index.php\/2026\/04\/28\/lefkosada-kaza-motosiklet-surucusu-yarali\/#primaryimage","url":"https:\/\/haberkuzey.com\/wp-content\/uploads\/2026\/04\/trafikkazasi-gorsell.webp","contentUrl":"https:\/\/haberkuzey.com\/wp-content\/uploads\/2026\/04\/trafikkazasi-gorsell.webp","width":1280,"height":720},{"@type":"BreadcrumbList","@id":"https:\/\/haberkuzey.com\/index.php\/2026\/04\/28\/lefkosada-kaza-motosiklet-surucusu-yarali\/#breadcrumb","itemListElement":[{"@type":"ListItem","position":1,"name":"Anasayfa","item":"https:\/\/haberkuzey.com\/"},{"@type":"ListItem","position":2,"name":"Lefko\u015fa\u2019da kaza: Motosiklet s\u00fcr\u00fcc\u00fcs\u00fc yaral\u0131"}]},{"@type":"WebSite","@id":"https:\/\/haberkuzey.com\/#website","url":"https:\/\/haberkuzey.com\/","name":"Haber Kuzey","description":"Do\u011fru Haberin Adresi","potentialAction":[{"@type":"SearchAction","target":{"@type":"EntryPoint","urlTemplate":"https:\/\/haberkuzey.com\/?s={search_term_string}"},"query-input":{"@type":"PropertyValueSpecification","valueRequired":true,"valueName":"search_term_string"}}],"inLanguage":"tr"},{"@type":"Person","@id":"https:\/\/haberkuzey.com\/#\/schema\/person\/3372109ec735f9333f4fa47ebb9605ca","name":"haberkuzey","image":{"@type":"ImageObject","inLanguage":"tr","@id":"https:\/\/secure.gravatar.com\/avatar\/f5fc875574b1575324358c3b9e6a32b8227aa5b74f3fa22e3cadb63e26fcc39c?s=96&d=mm&r=g","url":"https:\/\/secure.gravatar.com\/avatar\/f5fc875574b1575324358c3b9e6a32b8227aa5b74f3fa22e3cadb63e26fcc39c?s=96&d=mm&r=g","contentUrl":"https:\/\/secure.gravatar.com\/avatar\/f5fc875574b1575324358c3b9e6a32b8227aa5b74f3fa22e3cadb63e26fcc39c?s=96&d=mm&r=g","caption":"haberkuzey"},"sameAs":["https:\/\/haberkuzey.com"],"url":"https:\/\/haberkuzey.com\/index.php\/author\/haberkuzey\/"}]}},"_links":{"self":[{"href":"https:\/\/haberkuzey.com\/index.php\/wp-json\/wp\/v2\/posts\/36599","targetHints":{"allow":["GET"]}}],"collection":[{"href":"https:\/\/haberkuzey.com\/index.php\/wp-json\/wp\/v2\/posts"}],"about":[{"href":"https:\/\/haberkuzey.com\/index.php\/wp-json\/wp\/v2\/types\/post"}],"author":[{"embeddable":true,"href":"https:\/\/haberkuzey.com\/index.php\/wp-json\/wp\/v2\/users\/1"}],"replies":[{"embeddable":true,"href":"https:\/\/haberkuzey.com\/index.php\/wp-json\/wp\/v2\/comments?post=36599"}],"version-history":[{"count":1,"href":"https:\/\/haberkuzey.com\/index.php\/wp-json\/wp\/v2\/posts\/36599\/revisions"}],"predecessor-version":[{"id":36601,"href":"https:\/\/haberkuzey.com\/index.php\/wp-json\/wp\/v2\/posts\/36599\/revisions\/36601"}],"wp:featuredmedia":[{"embeddable":true,"href":"https:\/\/haberkuzey.com\/index.php\/wp-json\/wp\/v2\/media\/36600"}],"wp:attachment":[{"href":"https:\/\/haberkuzey.com\/index.php\/wp-json\/wp\/v2\/media?parent=36599"}],"wp:term":[{"taxonomy":"category","embeddable":true,"href":"https:\/\/haberkuzey.com\/index.php\/wp-json\/wp\/v2\/categories?post=36599"},{"taxonomy":"post_tag","embeddable":true,"href":"https:\/\/haberkuzey.com\/index.php\/wp-json\/wp\/v2\/tags?post=36599"}],"curies":[{"name":"wp","href":"https:\/\/api.w.org\/{rel}","templated":true}]}}