{"id":36592,"date":"2026-04-28T12:33:59","date_gmt":"2026-04-28T09:33:59","guid":{"rendered":"https:\/\/haberkuzey.com\/index.php\/2026\/04\/28\/almanya-basbakani-merz-abd-iran-liderligi-tarafindan-asagilaniyor\/"},"modified":"2026-04-28T12:33:59","modified_gmt":"2026-04-28T09:33:59","slug":"almanya-basbakani-merz-abd-iran-liderligi-tarafindan-asagilaniyor","status":"publish","type":"post","link":"https:\/\/haberkuzey.com\/index.php\/2026\/04\/28\/almanya-basbakani-merz-abd-iran-liderligi-tarafindan-asagilaniyor\/","title":{"rendered":"Almanya Ba\u015fbakan\u0131 Merz: ABD, \u0130ran liderli\u011fi taraf\u0131ndan a\u015fa\u011f\u0131lan\u0131yor"},"content":{"rendered":"<p><\/p>\n<div>\n<p>&#13;<br \/>\n\tBa\u015fbakan Merz, Kuzey Ren-Vestfalya eyaletindeki Marsberg&#8217;de bulunan Carolus-Magnus Lisesi&#8217;nde, Avrupa Birli\u011fi Proje G\u00fcn\u00fc \u00e7er\u00e7evesinde yap\u0131lan programda, \u00f6\u011frencilerle bir araya geldi.<\/p>\n<p>&#13;<br \/>\n\tABD&#8217;nin \u0130ran&#8217;daki sava\u015f\u0131 h\u0131zl\u0131 bir \u015fekilde sona erdirebilece\u011fine inanmad\u0131\u011f\u0131n\u0131 belirten Merz, &#8220;\u00c7\u00fcnk\u00fc \u0130ranl\u0131lar daha \u00f6nce d\u00fc\u015f\u00fcn\u00fcld\u00fc\u011f\u00fcnden \u00e7ok daha g\u00fc\u00e7l\u00fcler ve Amerikal\u0131lar\u0131n m\u00fczakerelerde ger\u00e7ekten ikna edici bir stratejisi yok.&#8221; diye konu\u015ftu.<\/p>\n<p>&#13;<br \/>\n\tMerz, &#8220;Bu t\u00fcr \u00e7at\u0131\u015fmalar\u0131n sorunu her zaman \u015fudur: Sadece i\u00e7eri girmek yetmez, ayn\u0131 zamanda tekrar \u00e7\u0131kmak da gerekir. Bunu Afganistan&#8217;da 20 y\u0131l boyunca \u00e7ok ac\u0131 bir \u015fekilde g\u00f6rd\u00fck. Irak&#8217;ta da g\u00f6rd\u00fck.&#8221; ifadelerini kulland\u0131.<\/p>\n<p>&#13;<br \/>\n\tMerz, ABD&#8217;lilerin, \u0130ran&#8217;daki bu sava\u015fa hi\u00e7bir planlar\u0131 olmadan girdiklerini ve bunun da \u00e7at\u0131\u015fmay\u0131 \u015fimdi sona erdirmeyi daha da zorla\u015ft\u0131rd\u0131\u011f\u0131n\u0131 savundu.<\/p>\n<p>&#13;<br \/>\n\t\u0130ranl\u0131lar\u0131n \u00e7ok iyi m\u00fczakereci olduklar\u0131n\u0131 ya da m\u00fczakere etmemekte \u00e7ok yetenekli olduklar\u0131n\u0131 belirten Merz, &#8220;B\u00fct\u00fcn bir ulus (ABD) \u0130ran liderli\u011fi taraf\u0131ndan a\u015fa\u011f\u0131lan\u0131yor.&#8221; dedi.<\/p>\n<\/p><\/div>\n","protected":false},"excerpt":{"rendered":"<p>&#13; Ba\u015fbakan Merz, Kuzey Ren-Vestfalya eyaletindeki Marsberg&#8217;de bulunan Carolus-Magnus Lisesi&#8217;nde, Avrupa Birli\u011fi Proje G\u00fcn\u00fc \u00e7er\u00e7evesinde yap\u0131lan programda, \u00f6\u011frencilerle bir araya geldi. &#13; ABD&#8217;nin \u0130ran&#8217;daki sava\u015f\u0131 h\u0131zl\u0131 bir \u015fekilde sona erdirebilece\u011fine inanmad\u0131\u011f\u0131n\u0131 belirten Merz, &#8220;\u00c7\u00fcnk\u00fc \u0130ranl\u0131lar daha \u00f6nce d\u00fc\u015f\u00fcn\u00fcld\u00fc\u011f\u00fcnden \u00e7ok daha g\u00fc\u00e7l\u00fcler ve Amerikal\u0131lar\u0131n m\u00fczakerelerde ger\u00e7ekten ikna edici bir stratejisi yok.&#8221; diye konu\u015ftu. &#13; Merz, &#8220;Bu [&hellip;]<\/p>\n","protected":false},"author":1,"featured_media":31108,"comment_status":"open","ping_status":"open","sticky":false,"template":"","format":"standard","meta":{"jnews-multi-image_gallery":[],"jnews_single_post":[],"jnews_primary_category":[],"footnotes":""},"categories":[2],"tags":[],"class_list":["post-36592","post","type-post","status-publish","format-standard","has-post-thumbnail","hentry","category-dunya"],"yoast_head":"<!-- This site is optimized with the Yoast SEO plugin v27.4 - https:\/\/yoast.com\/product\/yoast-seo-wordpress\/ -->\n<title>Almanya Ba\u015fbakan\u0131 Merz: ABD, \u0130ran liderli\u011fi taraf\u0131ndan a\u015fa\u011f\u0131lan\u0131yor - Haber Kuzey<\/title>\n<meta name=\"robots\" content=\"index, follow, max-snippet:-1, max-image-preview:large, max-video-preview:-1\" \/>\n<link rel=\"canonical\" href=\"https:\/\/haberkuzey.com\/index.php\/2026\/04\/28\/almanya-basbakani-merz-abd-iran-liderligi-tarafindan-asagilaniyor\/\" \/>\n<meta property=\"og:locale\" content=\"tr_TR\" \/>\n<meta property=\"og:type\" content=\"article\" \/>\n<meta property=\"og:title\" content=\"Almanya Ba\u015fbakan\u0131 Merz: ABD, \u0130ran liderli\u011fi taraf\u0131ndan a\u015fa\u011f\u0131lan\u0131yor - Haber Kuzey\" \/>\n<meta property=\"og:description\" content=\"&#013; Ba\u015fbakan Merz, Kuzey Ren-Vestfalya eyaletindeki Marsberg&#8217;de bulunan Carolus-Magnus Lisesi&#8217;nde, Avrupa Birli\u011fi Proje G\u00fcn\u00fc \u00e7er\u00e7evesinde yap\u0131lan programda, \u00f6\u011frencilerle bir araya geldi. &#013; ABD&#8217;nin \u0130ran&#8217;daki sava\u015f\u0131 h\u0131zl\u0131 bir \u015fekilde sona erdirebilece\u011fine inanmad\u0131\u011f\u0131n\u0131 belirten Merz, &#8220;\u00c7\u00fcnk\u00fc \u0130ranl\u0131lar daha \u00f6nce d\u00fc\u015f\u00fcn\u00fcld\u00fc\u011f\u00fcnden \u00e7ok daha g\u00fc\u00e7l\u00fcler ve Amerikal\u0131lar\u0131n m\u00fczakerelerde ger\u00e7ekten ikna edici bir stratejisi yok.&#8221; diye konu\u015ftu. &#013; Merz, &#8220;Bu [&hellip;]\" \/>\n<meta property=\"og:url\" content=\"https:\/\/haberkuzey.com\/index.php\/2026\/04\/28\/almanya-basbakani-merz-abd-iran-liderligi-tarafindan-asagilaniyor\/\" \/>\n<meta property=\"og:site_name\" content=\"Haber Kuzey\" \/>\n<meta property=\"article:published_time\" content=\"2026-04-28T09:33:59+00:00\" \/>\n<meta property=\"og:image\" content=\"https:\/\/trthaberstatic.cdn.wp.trt.com.tr\/resimler\/2364000\/friedrich-merz-2364198.jpg\" \/>\n<meta name=\"author\" content=\"haberkuzey\" \/>\n<meta name=\"twitter:card\" content=\"summary_large_image\" \/>\n<meta name=\"twitter:label1\" content=\"Yazan:\" \/>\n\t<meta name=\"twitter:data1\" content=\"haberkuzey\" \/>\n\t<meta name=\"twitter:label2\" content=\"Tahmini okuma s\u00fcresi\" \/>\n\t<meta name=\"twitter:data2\" content=\"1 dakika\" \/>\n<script type=\"application\/ld+json\" class=\"yoast-schema-graph\">{\"@context\":\"https:\\\/\\\/schema.org\",\"@graph\":[{\"@type\":\"Article\",\"@id\":\"https:\\\/\\\/haberkuzey.com\\\/index.php\\\/2026\\\/04\\\/28\\\/almanya-basbakani-merz-abd-iran-liderligi-tarafindan-asagilaniyor\\\/#article\",\"isPartOf\":{\"@id\":\"https:\\\/\\\/haberkuzey.com\\\/index.php\\\/2026\\\/04\\\/28\\\/almanya-basbakani-merz-abd-iran-liderligi-tarafindan-asagilaniyor\\\/\"},\"author\":{\"name\":\"haberkuzey\",\"@id\":\"https:\\\/\\\/haberkuzey.com\\\/#\\\/schema\\\/person\\\/3372109ec735f9333f4fa47ebb9605ca\"},\"headline\":\"Almanya Ba\u015fbakan\u0131 Merz: ABD, \u0130ran liderli\u011fi taraf\u0131ndan a\u015fa\u011f\u0131lan\u0131yor\",\"datePublished\":\"2026-04-28T09:33:59+00:00\",\"mainEntityOfPage\":{\"@id\":\"https:\\\/\\\/haberkuzey.com\\\/index.php\\\/2026\\\/04\\\/28\\\/almanya-basbakani-merz-abd-iran-liderligi-tarafindan-asagilaniyor\\\/\"},\"wordCount\":194,\"commentCount\":0,\"image\":{\"@id\":\"https:\\\/\\\/haberkuzey.com\\\/index.php\\\/2026\\\/04\\\/28\\\/almanya-basbakani-merz-abd-iran-liderligi-tarafindan-asagilaniyor\\\/#primaryimage\"},\"thumbnailUrl\":\"https:\\\/\\\/haberkuzey.com\\\/wp-content\\\/uploads\\\/2025\\\/10\\\/friedrich-merz-2364198.jpg\",\"articleSection\":[\"D\u00fcnya\"],\"inLanguage\":\"tr\",\"potentialAction\":[{\"@type\":\"CommentAction\",\"name\":\"Comment\",\"target\":[\"https:\\\/\\\/haberkuzey.com\\\/index.php\\\/2026\\\/04\\\/28\\\/almanya-basbakani-merz-abd-iran-liderligi-tarafindan-asagilaniyor\\\/#respond\"]}]},{\"@type\":\"WebPage\",\"@id\":\"https:\\\/\\\/haberkuzey.com\\\/index.php\\\/2026\\\/04\\\/28\\\/almanya-basbakani-merz-abd-iran-liderligi-tarafindan-asagilaniyor\\\/\",\"url\":\"https:\\\/\\\/haberkuzey.com\\\/index.php\\\/2026\\\/04\\\/28\\\/almanya-basbakani-merz-abd-iran-liderligi-tarafindan-asagilaniyor\\\/\",\"name\":\"Almanya Ba\u015fbakan\u0131 Merz: ABD, \u0130ran liderli\u011fi taraf\u0131ndan a\u015fa\u011f\u0131lan\u0131yor - Haber Kuzey\",\"isPartOf\":{\"@id\":\"https:\\\/\\\/haberkuzey.com\\\/#website\"},\"primaryImageOfPage\":{\"@id\":\"https:\\\/\\\/haberkuzey.com\\\/index.php\\\/2026\\\/04\\\/28\\\/almanya-basbakani-merz-abd-iran-liderligi-tarafindan-asagilaniyor\\\/#primaryimage\"},\"image\":{\"@id\":\"https:\\\/\\\/haberkuzey.com\\\/index.php\\\/2026\\\/04\\\/28\\\/almanya-basbakani-merz-abd-iran-liderligi-tarafindan-asagilaniyor\\\/#primaryimage\"},\"thumbnailUrl\":\"https:\\\/\\\/haberkuzey.com\\\/wp-content\\\/uploads\\\/2025\\\/10\\\/friedrich-merz-2364198.jpg\",\"datePublished\":\"2026-04-28T09:33:59+00:00\",\"author\":{\"@id\":\"https:\\\/\\\/haberkuzey.com\\\/#\\\/schema\\\/person\\\/3372109ec735f9333f4fa47ebb9605ca\"},\"breadcrumb\":{\"@id\":\"https:\\\/\\\/haberkuzey.com\\\/index.php\\\/2026\\\/04\\\/28\\\/almanya-basbakani-merz-abd-iran-liderligi-tarafindan-asagilaniyor\\\/#breadcrumb\"},\"inLanguage\":\"tr\",\"potentialAction\":[{\"@type\":\"ReadAction\",\"target\":[\"https:\\\/\\\/haberkuzey.com\\\/index.php\\\/2026\\\/04\\\/28\\\/almanya-basbakani-merz-abd-iran-liderligi-tarafindan-asagilaniyor\\\/\"]}]},{\"@type\":\"ImageObject\",\"inLanguage\":\"tr\",\"@id\":\"https:\\\/\\\/haberkuzey.com\\\/index.php\\\/2026\\\/04\\\/28\\\/almanya-basbakani-merz-abd-iran-liderligi-tarafindan-asagilaniyor\\\/#primaryimage\",\"url\":\"https:\\\/\\\/haberkuzey.com\\\/wp-content\\\/uploads\\\/2025\\\/10\\\/friedrich-merz-2364198.jpg\",\"contentUrl\":\"https:\\\/\\\/haberkuzey.com\\\/wp-content\\\/uploads\\\/2025\\\/10\\\/friedrich-merz-2364198.jpg\",\"width\":1280,\"height\":720},{\"@type\":\"BreadcrumbList\",\"@id\":\"https:\\\/\\\/haberkuzey.com\\\/index.php\\\/2026\\\/04\\\/28\\\/almanya-basbakani-merz-abd-iran-liderligi-tarafindan-asagilaniyor\\\/#breadcrumb\",\"itemListElement\":[{\"@type\":\"ListItem\",\"position\":1,\"name\":\"Anasayfa\",\"item\":\"https:\\\/\\\/haberkuzey.com\\\/\"},{\"@type\":\"ListItem\",\"position\":2,\"name\":\"Almanya Ba\u015fbakan\u0131 Merz: ABD, \u0130ran liderli\u011fi taraf\u0131ndan a\u015fa\u011f\u0131lan\u0131yor\"}]},{\"@type\":\"WebSite\",\"@id\":\"https:\\\/\\\/haberkuzey.com\\\/#website\",\"url\":\"https:\\\/\\\/haberkuzey.com\\\/\",\"name\":\"Haber Kuzey\",\"description\":\"Do\u011fru Haberin Adresi\",\"potentialAction\":[{\"@type\":\"SearchAction\",\"target\":{\"@type\":\"EntryPoint\",\"urlTemplate\":\"https:\\\/\\\/haberkuzey.com\\\/?s={search_term_string}\"},\"query-input\":{\"@type\":\"PropertyValueSpecification\",\"valueRequired\":true,\"valueName\":\"search_term_string\"}}],\"inLanguage\":\"tr\"},{\"@type\":\"Person\",\"@id\":\"https:\\\/\\\/haberkuzey.com\\\/#\\\/schema\\\/person\\\/3372109ec735f9333f4fa47ebb9605ca\",\"name\":\"haberkuzey\",\"image\":{\"@type\":\"ImageObject\",\"inLanguage\":\"tr\",\"@id\":\"https:\\\/\\\/secure.gravatar.com\\\/avatar\\\/f5fc875574b1575324358c3b9e6a32b8227aa5b74f3fa22e3cadb63e26fcc39c?s=96&d=mm&r=g\",\"url\":\"https:\\\/\\\/secure.gravatar.com\\\/avatar\\\/f5fc875574b1575324358c3b9e6a32b8227aa5b74f3fa22e3cadb63e26fcc39c?s=96&d=mm&r=g\",\"contentUrl\":\"https:\\\/\\\/secure.gravatar.com\\\/avatar\\\/f5fc875574b1575324358c3b9e6a32b8227aa5b74f3fa22e3cadb63e26fcc39c?s=96&d=mm&r=g\",\"caption\":\"haberkuzey\"},\"sameAs\":[\"https:\\\/\\\/haberkuzey.com\"],\"url\":\"https:\\\/\\\/haberkuzey.com\\\/index.php\\\/author\\\/haberkuzey\\\/\"}]}<\/script>\n<!-- \/ Yoast SEO plugin. -->","yoast_head_json":{"title":"Almanya Ba\u015fbakan\u0131 Merz: ABD, \u0130ran liderli\u011fi taraf\u0131ndan a\u015fa\u011f\u0131lan\u0131yor - Haber Kuzey","robots":{"index":"index","follow":"follow","max-snippet":"max-snippet:-1","max-image-preview":"max-image-preview:large","max-video-preview":"max-video-preview:-1"},"canonical":"https:\/\/haberkuzey.com\/index.php\/2026\/04\/28\/almanya-basbakani-merz-abd-iran-liderligi-tarafindan-asagilaniyor\/","og_locale":"tr_TR","og_type":"article","og_title":"Almanya Ba\u015fbakan\u0131 Merz: ABD, \u0130ran liderli\u011fi taraf\u0131ndan a\u015fa\u011f\u0131lan\u0131yor - Haber Kuzey","og_description":"&#13; Ba\u015fbakan Merz, Kuzey Ren-Vestfalya eyaletindeki Marsberg&#8217;de bulunan Carolus-Magnus Lisesi&#8217;nde, Avrupa Birli\u011fi Proje G\u00fcn\u00fc \u00e7er\u00e7evesinde yap\u0131lan programda, \u00f6\u011frencilerle bir araya geldi. &#13; ABD&#8217;nin \u0130ran&#8217;daki sava\u015f\u0131 h\u0131zl\u0131 bir \u015fekilde sona erdirebilece\u011fine inanmad\u0131\u011f\u0131n\u0131 belirten Merz, &#8220;\u00c7\u00fcnk\u00fc \u0130ranl\u0131lar daha \u00f6nce d\u00fc\u015f\u00fcn\u00fcld\u00fc\u011f\u00fcnden \u00e7ok daha g\u00fc\u00e7l\u00fcler ve Amerikal\u0131lar\u0131n m\u00fczakerelerde ger\u00e7ekten ikna edici bir stratejisi yok.&#8221; diye konu\u015ftu. &#13; Merz, &#8220;Bu [&hellip;]","og_url":"https:\/\/haberkuzey.com\/index.php\/2026\/04\/28\/almanya-basbakani-merz-abd-iran-liderligi-tarafindan-asagilaniyor\/","og_site_name":"Haber Kuzey","article_published_time":"2026-04-28T09:33:59+00:00","og_image":[{"url":"https:\/\/trthaberstatic.cdn.wp.trt.com.tr\/resimler\/2364000\/friedrich-merz-2364198.jpg","type":"","width":"","height":""}],"author":"haberkuzey","twitter_card":"summary_large_image","twitter_misc":{"Yazan:":"haberkuzey","Tahmini okuma s\u00fcresi":"1 dakika"},"schema":{"@context":"https:\/\/schema.org","@graph":[{"@type":"Article","@id":"https:\/\/haberkuzey.com\/index.php\/2026\/04\/28\/almanya-basbakani-merz-abd-iran-liderligi-tarafindan-asagilaniyor\/#article","isPartOf":{"@id":"https:\/\/haberkuzey.com\/index.php\/2026\/04\/28\/almanya-basbakani-merz-abd-iran-liderligi-tarafindan-asagilaniyor\/"},"author":{"name":"haberkuzey","@id":"https:\/\/haberkuzey.com\/#\/schema\/person\/3372109ec735f9333f4fa47ebb9605ca"},"headline":"Almanya Ba\u015fbakan\u0131 Merz: ABD, \u0130ran liderli\u011fi taraf\u0131ndan a\u015fa\u011f\u0131lan\u0131yor","datePublished":"2026-04-28T09:33:59+00:00","mainEntityOfPage":{"@id":"https:\/\/haberkuzey.com\/index.php\/2026\/04\/28\/almanya-basbakani-merz-abd-iran-liderligi-tarafindan-asagilaniyor\/"},"wordCount":194,"commentCount":0,"image":{"@id":"https:\/\/haberkuzey.com\/index.php\/2026\/04\/28\/almanya-basbakani-merz-abd-iran-liderligi-tarafindan-asagilaniyor\/#primaryimage"},"thumbnailUrl":"https:\/\/haberkuzey.com\/wp-content\/uploads\/2025\/10\/friedrich-merz-2364198.jpg","articleSection":["D\u00fcnya"],"inLanguage":"tr","potentialAction":[{"@type":"CommentAction","name":"Comment","target":["https:\/\/haberkuzey.com\/index.php\/2026\/04\/28\/almanya-basbakani-merz-abd-iran-liderligi-tarafindan-asagilaniyor\/#respond"]}]},{"@type":"WebPage","@id":"https:\/\/haberkuzey.com\/index.php\/2026\/04\/28\/almanya-basbakani-merz-abd-iran-liderligi-tarafindan-asagilaniyor\/","url":"https:\/\/haberkuzey.com\/index.php\/2026\/04\/28\/almanya-basbakani-merz-abd-iran-liderligi-tarafindan-asagilaniyor\/","name":"Almanya Ba\u015fbakan\u0131 Merz: ABD, \u0130ran liderli\u011fi taraf\u0131ndan a\u015fa\u011f\u0131lan\u0131yor - Haber Kuzey","isPartOf":{"@id":"https:\/\/haberkuzey.com\/#website"},"primaryImageOfPage":{"@id":"https:\/\/haberkuzey.com\/index.php\/2026\/04\/28\/almanya-basbakani-merz-abd-iran-liderligi-tarafindan-asagilaniyor\/#primaryimage"},"image":{"@id":"https:\/\/haberkuzey.com\/index.php\/2026\/04\/28\/almanya-basbakani-merz-abd-iran-liderligi-tarafindan-asagilaniyor\/#primaryimage"},"thumbnailUrl":"https:\/\/haberkuzey.com\/wp-content\/uploads\/2025\/10\/friedrich-merz-2364198.jpg","datePublished":"2026-04-28T09:33:59+00:00","author":{"@id":"https:\/\/haberkuzey.com\/#\/schema\/person\/3372109ec735f9333f4fa47ebb9605ca"},"breadcrumb":{"@id":"https:\/\/haberkuzey.com\/index.php\/2026\/04\/28\/almanya-basbakani-merz-abd-iran-liderligi-tarafindan-asagilaniyor\/#breadcrumb"},"inLanguage":"tr","potentialAction":[{"@type":"ReadAction","target":["https:\/\/haberkuzey.com\/index.php\/2026\/04\/28\/almanya-basbakani-merz-abd-iran-liderligi-tarafindan-asagilaniyor\/"]}]},{"@type":"ImageObject","inLanguage":"tr","@id":"https:\/\/haberkuzey.com\/index.php\/2026\/04\/28\/almanya-basbakani-merz-abd-iran-liderligi-tarafindan-asagilaniyor\/#primaryimage","url":"https:\/\/haberkuzey.com\/wp-content\/uploads\/2025\/10\/friedrich-merz-2364198.jpg","contentUrl":"https:\/\/haberkuzey.com\/wp-content\/uploads\/2025\/10\/friedrich-merz-2364198.jpg","width":1280,"height":720},{"@type":"BreadcrumbList","@id":"https:\/\/haberkuzey.com\/index.php\/2026\/04\/28\/almanya-basbakani-merz-abd-iran-liderligi-tarafindan-asagilaniyor\/#breadcrumb","itemListElement":[{"@type":"ListItem","position":1,"name":"Anasayfa","item":"https:\/\/haberkuzey.com\/"},{"@type":"ListItem","position":2,"name":"Almanya Ba\u015fbakan\u0131 Merz: ABD, \u0130ran liderli\u011fi taraf\u0131ndan a\u015fa\u011f\u0131lan\u0131yor"}]},{"@type":"WebSite","@id":"https:\/\/haberkuzey.com\/#website","url":"https:\/\/haberkuzey.com\/","name":"Haber Kuzey","description":"Do\u011fru Haberin Adresi","potentialAction":[{"@type":"SearchAction","target":{"@type":"EntryPoint","urlTemplate":"https:\/\/haberkuzey.com\/?s={search_term_string}"},"query-input":{"@type":"PropertyValueSpecification","valueRequired":true,"valueName":"search_term_string"}}],"inLanguage":"tr"},{"@type":"Person","@id":"https:\/\/haberkuzey.com\/#\/schema\/person\/3372109ec735f9333f4fa47ebb9605ca","name":"haberkuzey","image":{"@type":"ImageObject","inLanguage":"tr","@id":"https:\/\/secure.gravatar.com\/avatar\/f5fc875574b1575324358c3b9e6a32b8227aa5b74f3fa22e3cadb63e26fcc39c?s=96&d=mm&r=g","url":"https:\/\/secure.gravatar.com\/avatar\/f5fc875574b1575324358c3b9e6a32b8227aa5b74f3fa22e3cadb63e26fcc39c?s=96&d=mm&r=g","contentUrl":"https:\/\/secure.gravatar.com\/avatar\/f5fc875574b1575324358c3b9e6a32b8227aa5b74f3fa22e3cadb63e26fcc39c?s=96&d=mm&r=g","caption":"haberkuzey"},"sameAs":["https:\/\/haberkuzey.com"],"url":"https:\/\/haberkuzey.com\/index.php\/author\/haberkuzey\/"}]}},"_links":{"self":[{"href":"https:\/\/haberkuzey.com\/index.php\/wp-json\/wp\/v2\/posts\/36592","targetHints":{"allow":["GET"]}}],"collection":[{"href":"https:\/\/haberkuzey.com\/index.php\/wp-json\/wp\/v2\/posts"}],"about":[{"href":"https:\/\/haberkuzey.com\/index.php\/wp-json\/wp\/v2\/types\/post"}],"author":[{"embeddable":true,"href":"https:\/\/haberkuzey.com\/index.php\/wp-json\/wp\/v2\/users\/1"}],"replies":[{"embeddable":true,"href":"https:\/\/haberkuzey.com\/index.php\/wp-json\/wp\/v2\/comments?post=36592"}],"version-history":[{"count":0,"href":"https:\/\/haberkuzey.com\/index.php\/wp-json\/wp\/v2\/posts\/36592\/revisions"}],"wp:featuredmedia":[{"embeddable":true,"href":"https:\/\/haberkuzey.com\/index.php\/wp-json\/wp\/v2\/media\/31108"}],"wp:attachment":[{"href":"https:\/\/haberkuzey.com\/index.php\/wp-json\/wp\/v2\/media?parent=36592"}],"wp:term":[{"taxonomy":"category","embeddable":true,"href":"https:\/\/haberkuzey.com\/index.php\/wp-json\/wp\/v2\/categories?post=36592"},{"taxonomy":"post_tag","embeddable":true,"href":"https:\/\/haberkuzey.com\/index.php\/wp-json\/wp\/v2\/tags?post=36592"}],"curies":[{"name":"wp","href":"https:\/\/api.w.org\/{rel}","templated":true}]}}