{"id":36590,"date":"2026-04-28T12:16:54","date_gmt":"2026-04-28T09:16:54","guid":{"rendered":"https:\/\/haberkuzey.com\/index.php\/2026\/04\/28\/seyir-halindeki-tirin-dorsesinde-yangin\/"},"modified":"2026-04-28T12:17:04","modified_gmt":"2026-04-28T09:17:04","slug":"seyir-halindeki-tirin-dorsesinde-yangin","status":"publish","type":"post","link":"https:\/\/haberkuzey.com\/index.php\/2026\/04\/28\/seyir-halindeki-tirin-dorsesinde-yangin\/","title":{"rendered":"Seyir halindeki t\u0131r\u0131n dorsesinde yang\u0131n"},"content":{"rendered":"<p>Gazima\u011fusa-Lefko\u015fa ana yolu \u00fczerinde D\u00f6rtyol yak\u0131nlar\u0131nda seyir halinde bulunan bir t\u0131r\u0131n dorsesinde yang\u0131n meydana geldi.<\/p>\n<p>Yang\u0131n sonucunda dorse k\u00fcle d\u00f6nd\u00fc.<\/p>\n<p>Polisin soru\u015fturmas\u0131 devam ediyor&#8230;<\/p>\n<p style=\"text-align: right\"><em><strong>Foto\u011fraflar: G\u00fcndem K\u0131br\u0131s\/Canl\u0131 yay\u0131n<\/strong><\/em><\/p>\n","protected":false},"excerpt":{"rendered":"<p>Gazima\u011fusa-Lefko\u015fa ana yolu \u00fczerinde D\u00f6rtyol yak\u0131nlar\u0131nda seyir halinde bulunan bir t\u0131r\u0131n dorsesinde yang\u0131n meydana geldi. Yang\u0131n sonucunda dorse k\u00fcle d\u00f6nd\u00fc. Polisin soru\u015fturmas\u0131 devam ediyor&#8230; Foto\u011fraflar: G\u00fcndem K\u0131br\u0131s\/Canl\u0131 yay\u0131n<\/p>\n","protected":false},"author":1,"featured_media":36585,"comment_status":"open","ping_status":"open","sticky":false,"template":"","format":"standard","meta":{"jnews-multi-image_gallery":[],"jnews_single_post":[],"jnews_primary_category":[],"footnotes":""},"categories":[1],"tags":[],"class_list":["post-36590","post","type-post","status-publish","format-standard","has-post-thumbnail","hentry","category-kibris"],"yoast_head":"<!-- This site is optimized with the Yoast SEO plugin v27.4 - https:\/\/yoast.com\/product\/yoast-seo-wordpress\/ -->\n<title>Seyir halindeki t\u0131r\u0131n dorsesinde yang\u0131n - Haber Kuzey<\/title>\n<meta name=\"robots\" content=\"index, follow, max-snippet:-1, max-image-preview:large, max-video-preview:-1\" \/>\n<link rel=\"canonical\" href=\"https:\/\/haberkuzey.com\/index.php\/2026\/04\/28\/seyir-halindeki-tirin-dorsesinde-yangin\/\" \/>\n<meta property=\"og:locale\" content=\"tr_TR\" \/>\n<meta property=\"og:type\" content=\"article\" \/>\n<meta property=\"og:title\" content=\"Seyir halindeki t\u0131r\u0131n dorsesinde yang\u0131n - Haber Kuzey\" \/>\n<meta property=\"og:description\" content=\"Gazima\u011fusa-Lefko\u015fa ana yolu \u00fczerinde D\u00f6rtyol yak\u0131nlar\u0131nda seyir halinde bulunan bir t\u0131r\u0131n dorsesinde yang\u0131n meydana geldi. Yang\u0131n sonucunda dorse k\u00fcle d\u00f6nd\u00fc. Polisin soru\u015fturmas\u0131 devam ediyor&#8230; Foto\u011fraflar: G\u00fcndem K\u0131br\u0131s\/Canl\u0131 yay\u0131n\" \/>\n<meta property=\"og:url\" content=\"https:\/\/haberkuzey.com\/index.php\/2026\/04\/28\/seyir-halindeki-tirin-dorsesinde-yangin\/\" \/>\n<meta property=\"og:site_name\" content=\"Haber Kuzey\" \/>\n<meta property=\"article:published_time\" content=\"2026-04-28T09:16:54+00:00\" \/>\n<meta property=\"article:modified_time\" content=\"2026-04-28T09:17:04+00:00\" \/>\n<meta property=\"og:image\" content=\"https:\/\/haberkuzey.com\/wp-content\/uploads\/2026\/04\/Adsiz-971-x-551-piksel-1-1.jpg\" \/>\n\t<meta property=\"og:image:width\" content=\"971\" \/>\n\t<meta property=\"og:image:height\" content=\"551\" \/>\n\t<meta property=\"og:image:type\" content=\"image\/jpeg\" \/>\n<meta name=\"author\" content=\"haberkuzey\" \/>\n<meta name=\"twitter:card\" content=\"summary_large_image\" \/>\n<meta name=\"twitter:label1\" content=\"Yazan:\" \/>\n\t<meta name=\"twitter:data1\" content=\"haberkuzey\" \/>\n<script type=\"application\/ld+json\" class=\"yoast-schema-graph\">{\"@context\":\"https:\\\/\\\/schema.org\",\"@graph\":[{\"@type\":\"Article\",\"@id\":\"https:\\\/\\\/haberkuzey.com\\\/index.php\\\/2026\\\/04\\\/28\\\/seyir-halindeki-tirin-dorsesinde-yangin\\\/#article\",\"isPartOf\":{\"@id\":\"https:\\\/\\\/haberkuzey.com\\\/index.php\\\/2026\\\/04\\\/28\\\/seyir-halindeki-tirin-dorsesinde-yangin\\\/\"},\"author\":{\"name\":\"haberkuzey\",\"@id\":\"https:\\\/\\\/haberkuzey.com\\\/#\\\/schema\\\/person\\\/3372109ec735f9333f4fa47ebb9605ca\"},\"headline\":\"Seyir halindeki t\u0131r\u0131n dorsesinde yang\u0131n\",\"datePublished\":\"2026-04-28T09:16:54+00:00\",\"dateModified\":\"2026-04-28T09:17:04+00:00\",\"mainEntityOfPage\":{\"@id\":\"https:\\\/\\\/haberkuzey.com\\\/index.php\\\/2026\\\/04\\\/28\\\/seyir-halindeki-tirin-dorsesinde-yangin\\\/\"},\"wordCount\":54,\"commentCount\":0,\"image\":{\"@id\":\"https:\\\/\\\/haberkuzey.com\\\/index.php\\\/2026\\\/04\\\/28\\\/seyir-halindeki-tirin-dorsesinde-yangin\\\/#primaryimage\"},\"thumbnailUrl\":\"https:\\\/\\\/haberkuzey.com\\\/wp-content\\\/uploads\\\/2026\\\/04\\\/Adsiz-971-x-551-piksel-1-1.jpg\",\"articleSection\":[\"K\u0131br\u0131s\"],\"inLanguage\":\"tr\",\"potentialAction\":[{\"@type\":\"CommentAction\",\"name\":\"Comment\",\"target\":[\"https:\\\/\\\/haberkuzey.com\\\/index.php\\\/2026\\\/04\\\/28\\\/seyir-halindeki-tirin-dorsesinde-yangin\\\/#respond\"]}]},{\"@type\":\"WebPage\",\"@id\":\"https:\\\/\\\/haberkuzey.com\\\/index.php\\\/2026\\\/04\\\/28\\\/seyir-halindeki-tirin-dorsesinde-yangin\\\/\",\"url\":\"https:\\\/\\\/haberkuzey.com\\\/index.php\\\/2026\\\/04\\\/28\\\/seyir-halindeki-tirin-dorsesinde-yangin\\\/\",\"name\":\"Seyir halindeki t\u0131r\u0131n dorsesinde yang\u0131n - Haber Kuzey\",\"isPartOf\":{\"@id\":\"https:\\\/\\\/haberkuzey.com\\\/#website\"},\"primaryImageOfPage\":{\"@id\":\"https:\\\/\\\/haberkuzey.com\\\/index.php\\\/2026\\\/04\\\/28\\\/seyir-halindeki-tirin-dorsesinde-yangin\\\/#primaryimage\"},\"image\":{\"@id\":\"https:\\\/\\\/haberkuzey.com\\\/index.php\\\/2026\\\/04\\\/28\\\/seyir-halindeki-tirin-dorsesinde-yangin\\\/#primaryimage\"},\"thumbnailUrl\":\"https:\\\/\\\/haberkuzey.com\\\/wp-content\\\/uploads\\\/2026\\\/04\\\/Adsiz-971-x-551-piksel-1-1.jpg\",\"datePublished\":\"2026-04-28T09:16:54+00:00\",\"dateModified\":\"2026-04-28T09:17:04+00:00\",\"author\":{\"@id\":\"https:\\\/\\\/haberkuzey.com\\\/#\\\/schema\\\/person\\\/3372109ec735f9333f4fa47ebb9605ca\"},\"breadcrumb\":{\"@id\":\"https:\\\/\\\/haberkuzey.com\\\/index.php\\\/2026\\\/04\\\/28\\\/seyir-halindeki-tirin-dorsesinde-yangin\\\/#breadcrumb\"},\"inLanguage\":\"tr\",\"potentialAction\":[{\"@type\":\"ReadAction\",\"target\":[\"https:\\\/\\\/haberkuzey.com\\\/index.php\\\/2026\\\/04\\\/28\\\/seyir-halindeki-tirin-dorsesinde-yangin\\\/\"]}]},{\"@type\":\"ImageObject\",\"inLanguage\":\"tr\",\"@id\":\"https:\\\/\\\/haberkuzey.com\\\/index.php\\\/2026\\\/04\\\/28\\\/seyir-halindeki-tirin-dorsesinde-yangin\\\/#primaryimage\",\"url\":\"https:\\\/\\\/haberkuzey.com\\\/wp-content\\\/uploads\\\/2026\\\/04\\\/Adsiz-971-x-551-piksel-1-1.jpg\",\"contentUrl\":\"https:\\\/\\\/haberkuzey.com\\\/wp-content\\\/uploads\\\/2026\\\/04\\\/Adsiz-971-x-551-piksel-1-1.jpg\",\"width\":971,\"height\":551},{\"@type\":\"BreadcrumbList\",\"@id\":\"https:\\\/\\\/haberkuzey.com\\\/index.php\\\/2026\\\/04\\\/28\\\/seyir-halindeki-tirin-dorsesinde-yangin\\\/#breadcrumb\",\"itemListElement\":[{\"@type\":\"ListItem\",\"position\":1,\"name\":\"Anasayfa\",\"item\":\"https:\\\/\\\/haberkuzey.com\\\/\"},{\"@type\":\"ListItem\",\"position\":2,\"name\":\"Seyir halindeki t\u0131r\u0131n dorsesinde yang\u0131n\"}]},{\"@type\":\"WebSite\",\"@id\":\"https:\\\/\\\/haberkuzey.com\\\/#website\",\"url\":\"https:\\\/\\\/haberkuzey.com\\\/\",\"name\":\"Haber Kuzey\",\"description\":\"Do\u011fru Haberin Adresi\",\"potentialAction\":[{\"@type\":\"SearchAction\",\"target\":{\"@type\":\"EntryPoint\",\"urlTemplate\":\"https:\\\/\\\/haberkuzey.com\\\/?s={search_term_string}\"},\"query-input\":{\"@type\":\"PropertyValueSpecification\",\"valueRequired\":true,\"valueName\":\"search_term_string\"}}],\"inLanguage\":\"tr\"},{\"@type\":\"Person\",\"@id\":\"https:\\\/\\\/haberkuzey.com\\\/#\\\/schema\\\/person\\\/3372109ec735f9333f4fa47ebb9605ca\",\"name\":\"haberkuzey\",\"image\":{\"@type\":\"ImageObject\",\"inLanguage\":\"tr\",\"@id\":\"https:\\\/\\\/secure.gravatar.com\\\/avatar\\\/f5fc875574b1575324358c3b9e6a32b8227aa5b74f3fa22e3cadb63e26fcc39c?s=96&d=mm&r=g\",\"url\":\"https:\\\/\\\/secure.gravatar.com\\\/avatar\\\/f5fc875574b1575324358c3b9e6a32b8227aa5b74f3fa22e3cadb63e26fcc39c?s=96&d=mm&r=g\",\"contentUrl\":\"https:\\\/\\\/secure.gravatar.com\\\/avatar\\\/f5fc875574b1575324358c3b9e6a32b8227aa5b74f3fa22e3cadb63e26fcc39c?s=96&d=mm&r=g\",\"caption\":\"haberkuzey\"},\"sameAs\":[\"https:\\\/\\\/haberkuzey.com\"],\"url\":\"https:\\\/\\\/haberkuzey.com\\\/index.php\\\/author\\\/haberkuzey\\\/\"}]}<\/script>\n<!-- \/ Yoast SEO plugin. -->","yoast_head_json":{"title":"Seyir halindeki t\u0131r\u0131n dorsesinde yang\u0131n - Haber Kuzey","robots":{"index":"index","follow":"follow","max-snippet":"max-snippet:-1","max-image-preview":"max-image-preview:large","max-video-preview":"max-video-preview:-1"},"canonical":"https:\/\/haberkuzey.com\/index.php\/2026\/04\/28\/seyir-halindeki-tirin-dorsesinde-yangin\/","og_locale":"tr_TR","og_type":"article","og_title":"Seyir halindeki t\u0131r\u0131n dorsesinde yang\u0131n - Haber Kuzey","og_description":"Gazima\u011fusa-Lefko\u015fa ana yolu \u00fczerinde D\u00f6rtyol yak\u0131nlar\u0131nda seyir halinde bulunan bir t\u0131r\u0131n dorsesinde yang\u0131n meydana geldi. Yang\u0131n sonucunda dorse k\u00fcle d\u00f6nd\u00fc. Polisin soru\u015fturmas\u0131 devam ediyor&#8230; Foto\u011fraflar: G\u00fcndem K\u0131br\u0131s\/Canl\u0131 yay\u0131n","og_url":"https:\/\/haberkuzey.com\/index.php\/2026\/04\/28\/seyir-halindeki-tirin-dorsesinde-yangin\/","og_site_name":"Haber Kuzey","article_published_time":"2026-04-28T09:16:54+00:00","article_modified_time":"2026-04-28T09:17:04+00:00","og_image":[{"width":971,"height":551,"url":"https:\/\/haberkuzey.com\/wp-content\/uploads\/2026\/04\/Adsiz-971-x-551-piksel-1-1.jpg","type":"image\/jpeg"}],"author":"haberkuzey","twitter_card":"summary_large_image","twitter_misc":{"Yazan:":"haberkuzey"},"schema":{"@context":"https:\/\/schema.org","@graph":[{"@type":"Article","@id":"https:\/\/haberkuzey.com\/index.php\/2026\/04\/28\/seyir-halindeki-tirin-dorsesinde-yangin\/#article","isPartOf":{"@id":"https:\/\/haberkuzey.com\/index.php\/2026\/04\/28\/seyir-halindeki-tirin-dorsesinde-yangin\/"},"author":{"name":"haberkuzey","@id":"https:\/\/haberkuzey.com\/#\/schema\/person\/3372109ec735f9333f4fa47ebb9605ca"},"headline":"Seyir halindeki t\u0131r\u0131n dorsesinde yang\u0131n","datePublished":"2026-04-28T09:16:54+00:00","dateModified":"2026-04-28T09:17:04+00:00","mainEntityOfPage":{"@id":"https:\/\/haberkuzey.com\/index.php\/2026\/04\/28\/seyir-halindeki-tirin-dorsesinde-yangin\/"},"wordCount":54,"commentCount":0,"image":{"@id":"https:\/\/haberkuzey.com\/index.php\/2026\/04\/28\/seyir-halindeki-tirin-dorsesinde-yangin\/#primaryimage"},"thumbnailUrl":"https:\/\/haberkuzey.com\/wp-content\/uploads\/2026\/04\/Adsiz-971-x-551-piksel-1-1.jpg","articleSection":["K\u0131br\u0131s"],"inLanguage":"tr","potentialAction":[{"@type":"CommentAction","name":"Comment","target":["https:\/\/haberkuzey.com\/index.php\/2026\/04\/28\/seyir-halindeki-tirin-dorsesinde-yangin\/#respond"]}]},{"@type":"WebPage","@id":"https:\/\/haberkuzey.com\/index.php\/2026\/04\/28\/seyir-halindeki-tirin-dorsesinde-yangin\/","url":"https:\/\/haberkuzey.com\/index.php\/2026\/04\/28\/seyir-halindeki-tirin-dorsesinde-yangin\/","name":"Seyir halindeki t\u0131r\u0131n dorsesinde yang\u0131n - Haber Kuzey","isPartOf":{"@id":"https:\/\/haberkuzey.com\/#website"},"primaryImageOfPage":{"@id":"https:\/\/haberkuzey.com\/index.php\/2026\/04\/28\/seyir-halindeki-tirin-dorsesinde-yangin\/#primaryimage"},"image":{"@id":"https:\/\/haberkuzey.com\/index.php\/2026\/04\/28\/seyir-halindeki-tirin-dorsesinde-yangin\/#primaryimage"},"thumbnailUrl":"https:\/\/haberkuzey.com\/wp-content\/uploads\/2026\/04\/Adsiz-971-x-551-piksel-1-1.jpg","datePublished":"2026-04-28T09:16:54+00:00","dateModified":"2026-04-28T09:17:04+00:00","author":{"@id":"https:\/\/haberkuzey.com\/#\/schema\/person\/3372109ec735f9333f4fa47ebb9605ca"},"breadcrumb":{"@id":"https:\/\/haberkuzey.com\/index.php\/2026\/04\/28\/seyir-halindeki-tirin-dorsesinde-yangin\/#breadcrumb"},"inLanguage":"tr","potentialAction":[{"@type":"ReadAction","target":["https:\/\/haberkuzey.com\/index.php\/2026\/04\/28\/seyir-halindeki-tirin-dorsesinde-yangin\/"]}]},{"@type":"ImageObject","inLanguage":"tr","@id":"https:\/\/haberkuzey.com\/index.php\/2026\/04\/28\/seyir-halindeki-tirin-dorsesinde-yangin\/#primaryimage","url":"https:\/\/haberkuzey.com\/wp-content\/uploads\/2026\/04\/Adsiz-971-x-551-piksel-1-1.jpg","contentUrl":"https:\/\/haberkuzey.com\/wp-content\/uploads\/2026\/04\/Adsiz-971-x-551-piksel-1-1.jpg","width":971,"height":551},{"@type":"BreadcrumbList","@id":"https:\/\/haberkuzey.com\/index.php\/2026\/04\/28\/seyir-halindeki-tirin-dorsesinde-yangin\/#breadcrumb","itemListElement":[{"@type":"ListItem","position":1,"name":"Anasayfa","item":"https:\/\/haberkuzey.com\/"},{"@type":"ListItem","position":2,"name":"Seyir halindeki t\u0131r\u0131n dorsesinde yang\u0131n"}]},{"@type":"WebSite","@id":"https:\/\/haberkuzey.com\/#website","url":"https:\/\/haberkuzey.com\/","name":"Haber Kuzey","description":"Do\u011fru Haberin Adresi","potentialAction":[{"@type":"SearchAction","target":{"@type":"EntryPoint","urlTemplate":"https:\/\/haberkuzey.com\/?s={search_term_string}"},"query-input":{"@type":"PropertyValueSpecification","valueRequired":true,"valueName":"search_term_string"}}],"inLanguage":"tr"},{"@type":"Person","@id":"https:\/\/haberkuzey.com\/#\/schema\/person\/3372109ec735f9333f4fa47ebb9605ca","name":"haberkuzey","image":{"@type":"ImageObject","inLanguage":"tr","@id":"https:\/\/secure.gravatar.com\/avatar\/f5fc875574b1575324358c3b9e6a32b8227aa5b74f3fa22e3cadb63e26fcc39c?s=96&d=mm&r=g","url":"https:\/\/secure.gravatar.com\/avatar\/f5fc875574b1575324358c3b9e6a32b8227aa5b74f3fa22e3cadb63e26fcc39c?s=96&d=mm&r=g","contentUrl":"https:\/\/secure.gravatar.com\/avatar\/f5fc875574b1575324358c3b9e6a32b8227aa5b74f3fa22e3cadb63e26fcc39c?s=96&d=mm&r=g","caption":"haberkuzey"},"sameAs":["https:\/\/haberkuzey.com"],"url":"https:\/\/haberkuzey.com\/index.php\/author\/haberkuzey\/"}]}},"_links":{"self":[{"href":"https:\/\/haberkuzey.com\/index.php\/wp-json\/wp\/v2\/posts\/36590","targetHints":{"allow":["GET"]}}],"collection":[{"href":"https:\/\/haberkuzey.com\/index.php\/wp-json\/wp\/v2\/posts"}],"about":[{"href":"https:\/\/haberkuzey.com\/index.php\/wp-json\/wp\/v2\/types\/post"}],"author":[{"embeddable":true,"href":"https:\/\/haberkuzey.com\/index.php\/wp-json\/wp\/v2\/users\/1"}],"replies":[{"embeddable":true,"href":"https:\/\/haberkuzey.com\/index.php\/wp-json\/wp\/v2\/comments?post=36590"}],"version-history":[{"count":1,"href":"https:\/\/haberkuzey.com\/index.php\/wp-json\/wp\/v2\/posts\/36590\/revisions"}],"predecessor-version":[{"id":36591,"href":"https:\/\/haberkuzey.com\/index.php\/wp-json\/wp\/v2\/posts\/36590\/revisions\/36591"}],"wp:featuredmedia":[{"embeddable":true,"href":"https:\/\/haberkuzey.com\/index.php\/wp-json\/wp\/v2\/media\/36585"}],"wp:attachment":[{"href":"https:\/\/haberkuzey.com\/index.php\/wp-json\/wp\/v2\/media?parent=36590"}],"wp:term":[{"taxonomy":"category","embeddable":true,"href":"https:\/\/haberkuzey.com\/index.php\/wp-json\/wp\/v2\/categories?post=36590"},{"taxonomy":"post_tag","embeddable":true,"href":"https:\/\/haberkuzey.com\/index.php\/wp-json\/wp\/v2\/tags?post=36590"}],"curies":[{"name":"wp","href":"https:\/\/api.w.org\/{rel}","templated":true}]}}