{"id":36581,"date":"2026-04-28T11:53:48","date_gmt":"2026-04-28T08:53:48","guid":{"rendered":"https:\/\/haberkuzey.com\/index.php\/2026\/04\/28\/ozturklerden-cocuklara-gelecegin-sorumlu-bireyleri-sizler-olacaksiniz\/"},"modified":"2026-04-28T11:53:57","modified_gmt":"2026-04-28T08:53:57","slug":"ozturklerden-cocuklara-gelecegin-sorumlu-bireyleri-sizler-olacaksiniz","status":"publish","type":"post","link":"https:\/\/haberkuzey.com\/index.php\/2026\/04\/28\/ozturklerden-cocuklara-gelecegin-sorumlu-bireyleri-sizler-olacaksiniz\/","title":{"rendered":"\u00d6zt\u00fcrkler\u2019den \u00e7ocuklara: Gelece\u011fin sorumlu bireyleri sizler olacaks\u0131n\u0131z"},"content":{"rendered":"<p>Cumhuriyet Meclisi Ba\u015fkan\u0131 Ziya \u00d6zt\u00fcrkler, Okul M\u00fcd\u00fcr\u00fc Filiz Ustam ile birlikte G\u00fczelyurt Bar\u0131\u015f \u0130lkokulu \u00f6\u011frencilerini kabul etti.<\/p>\n<p>\u00d6\u011frencilerle samimi bir sohbet ger\u00e7ekle\u015ftiren \u00d6zt\u00fcrkler, kendisinin de bir \u00f6\u011fretmen oldu\u011funu hat\u0131rlatarak, Ulu \u00d6nder Mustafa Kemal Atat\u00fcrk\u2019\u00fcn \u201cYeni nesil, \u00f6\u011fretmenlerin eseri olacakt\u0131r\u201d s\u00f6z\u00fcn\u00fc an\u0131msatt\u0131.<\/p>\n<p>Yak\u0131n zamanda 23 Nisan Ulusal Egemenlik ve \u00c7ocuk Bayram\u0131\u2019n\u0131 kutlad\u0131klar\u0131n\u0131 belirten \u00d6zt\u00fcrkler, gen\u00e7lere derslerine iyi \u00e7al\u0131\u015fmalar\u0131n\u0131, yeti\u015fmi\u015f bireyler olarak gelecekte devletlerine ve bayraklar\u0131na sahip \u00e7\u0131kmalar\u0131n\u0131 istedi.<\/p>\n<p>Kendi sorumluluklar\u0131n\u0131n bilincinde olduklar\u0131n\u0131 dile getiren \u00d6zt\u00fcrkler, \u00f6\u011frencilerin de de\u011ferlerine sahip \u00e7\u0131karak yeti\u015fmesinin toplumun birlik ve beraberli\u011fini g\u00fc\u00e7lendirece\u011fini vurgulad\u0131.<\/p>\n<p>\u00d6zt\u00fcrkler, gen\u00e7lerin hayallerini ger\u00e7ekle\u015ftirebilmeleri i\u00e7in azimle \u00e7al\u0131\u015fmalar\u0131 gerekti\u011fini ifade ederek, e\u011fitim yoluyla elde edecekleri ba\u015far\u0131lar\u0131n \u00fclkenin geli\u015fimine katk\u0131 sa\u011flayaca\u011f\u0131n\u0131 s\u00f6yledi.<\/p>\n<p>Meclis Ba\u015fkan\u0131 \u00d6zt\u00fcrkler, gen\u00e7lerin Meclis\u2019e s\u0131k s\u0131k gelerek buradaki ortama al\u0131\u015fmalar\u0131n\u0131 ve kendilerini \u00f6zg\u00fcvenle ifade etmelerini istedi.<\/p>\n<p>Gen\u00e7lerin kar\u015f\u0131la\u015ft\u0131klar\u0131 zorluklar kar\u015f\u0131s\u0131nda y\u0131lmadan m\u00fccadele etmeleri gerekti\u011fini vurgulayan \u00d6zt\u00fcrkler, onlar\u0131n cesaret ve kararl\u0131l\u0131klar\u0131n\u0131 her zaman destekleyeceklerini belirtti.<\/p>\n<p>\u00d6zt\u00fcrkler, Cumhuriyet Meclis\u2019inin kap\u0131lar\u0131n\u0131n \u00f6\u011frencilere a\u00e7\u0131k oldu\u011funu vurgulayarak t\u00fcm salonlar\u0131n isteyen okullara tahsis edilebilece\u011fini s\u00f6yledi.<\/p>\n<p>Okul M\u00fcd\u00fcr\u00fc Filiz Ustam da, kabul\u00fcnden dolay\u0131 Ba\u015fkan \u00d6zt\u00fcrkler\u2019e te\u015fekk\u00fcr ederek G\u00fczelyurt Bar\u0131\u015f \u0130lkokulu\u2019nun faaliyetleri hakk\u0131nda bilgi verdi.<\/p>\n<p>Cumhuriyet Meclisi Ba\u015fkan\u0131 Ziya \u00d6zt\u00fcrkler, Okul M\u00fcd\u00fcr\u00fc Filiz Ustam ve G\u00fczelyurt Bar\u0131\u015f \u0130lkokulu \u00f6\u011frencileri daha sonra hep birlikte Cengiz Ratip K\u00fct\u00fcphanesi\u2019ni gezdi.<\/p>\n<p>Konu\u015fmalar\u0131n ard\u0131ndan kar\u015f\u0131l\u0131kl\u0131 hediye teatisinde bulunuldu, toplu foto\u011fraf \u00e7ekimi ger\u00e7ekle\u015ftirildi.<\/p>\n","protected":false},"excerpt":{"rendered":"<p>Cumhuriyet Meclisi Ba\u015fkan\u0131 Ziya \u00d6zt\u00fcrkler, Okul M\u00fcd\u00fcr\u00fc Filiz Ustam ile birlikte G\u00fczelyurt Bar\u0131\u015f \u0130lkokulu \u00f6\u011frencilerini kabul etti. \u00d6\u011frencilerle samimi bir sohbet ger\u00e7ekle\u015ftiren \u00d6zt\u00fcrkler, kendisinin de bir \u00f6\u011fretmen oldu\u011funu hat\u0131rlatarak, Ulu \u00d6nder Mustafa Kemal Atat\u00fcrk\u2019\u00fcn \u201cYeni nesil, \u00f6\u011fretmenlerin eseri olacakt\u0131r\u201d s\u00f6z\u00fcn\u00fc an\u0131msatt\u0131. Yak\u0131n zamanda 23 Nisan Ulusal Egemenlik ve \u00c7ocuk Bayram\u0131\u2019n\u0131 kutlad\u0131klar\u0131n\u0131 belirten \u00d6zt\u00fcrkler, gen\u00e7lere derslerine [&hellip;]<\/p>\n","protected":false},"author":1,"featured_media":36582,"comment_status":"open","ping_status":"open","sticky":false,"template":"","format":"standard","meta":{"jnews-multi-image_gallery":[],"jnews_single_post":[],"jnews_primary_category":[],"footnotes":""},"categories":[1],"tags":[],"class_list":["post-36581","post","type-post","status-publish","format-standard","has-post-thumbnail","hentry","category-kibris"],"yoast_head":"<!-- This site is optimized with the Yoast SEO plugin v27.4 - https:\/\/yoast.com\/product\/yoast-seo-wordpress\/ -->\n<title>\u00d6zt\u00fcrkler\u2019den \u00e7ocuklara: Gelece\u011fin sorumlu bireyleri sizler olacaks\u0131n\u0131z - Haber Kuzey<\/title>\n<meta name=\"robots\" content=\"index, follow, max-snippet:-1, max-image-preview:large, max-video-preview:-1\" \/>\n<link rel=\"canonical\" href=\"https:\/\/haberkuzey.com\/index.php\/2026\/04\/28\/ozturklerden-cocuklara-gelecegin-sorumlu-bireyleri-sizler-olacaksiniz\/\" \/>\n<meta property=\"og:locale\" content=\"tr_TR\" \/>\n<meta property=\"og:type\" content=\"article\" \/>\n<meta property=\"og:title\" content=\"\u00d6zt\u00fcrkler\u2019den \u00e7ocuklara: Gelece\u011fin sorumlu bireyleri sizler olacaks\u0131n\u0131z - Haber Kuzey\" \/>\n<meta property=\"og:description\" content=\"Cumhuriyet Meclisi Ba\u015fkan\u0131 Ziya \u00d6zt\u00fcrkler, Okul M\u00fcd\u00fcr\u00fc Filiz Ustam ile birlikte G\u00fczelyurt Bar\u0131\u015f \u0130lkokulu \u00f6\u011frencilerini kabul etti. \u00d6\u011frencilerle samimi bir sohbet ger\u00e7ekle\u015ftiren \u00d6zt\u00fcrkler, kendisinin de bir \u00f6\u011fretmen oldu\u011funu hat\u0131rlatarak, Ulu \u00d6nder Mustafa Kemal Atat\u00fcrk\u2019\u00fcn \u201cYeni nesil, \u00f6\u011fretmenlerin eseri olacakt\u0131r\u201d s\u00f6z\u00fcn\u00fc an\u0131msatt\u0131. Yak\u0131n zamanda 23 Nisan Ulusal Egemenlik ve \u00c7ocuk Bayram\u0131\u2019n\u0131 kutlad\u0131klar\u0131n\u0131 belirten \u00d6zt\u00fcrkler, gen\u00e7lere derslerine [&hellip;]\" \/>\n<meta property=\"og:url\" content=\"https:\/\/haberkuzey.com\/index.php\/2026\/04\/28\/ozturklerden-cocuklara-gelecegin-sorumlu-bireyleri-sizler-olacaksiniz\/\" \/>\n<meta property=\"og:site_name\" content=\"Haber Kuzey\" \/>\n<meta property=\"article:published_time\" content=\"2026-04-28T08:53:48+00:00\" \/>\n<meta property=\"article:modified_time\" content=\"2026-04-28T08:53:57+00:00\" \/>\n<meta property=\"og:image\" content=\"https:\/\/haberkuzey.com\/wp-content\/uploads\/2026\/04\/WhatsApp-Image-2026-04-28-at-11.45.07.jpeg\" \/>\n\t<meta property=\"og:image:width\" content=\"1600\" \/>\n\t<meta property=\"og:image:height\" content=\"1066\" \/>\n\t<meta property=\"og:image:type\" content=\"image\/jpeg\" \/>\n<meta name=\"author\" content=\"haberkuzey\" \/>\n<meta name=\"twitter:card\" content=\"summary_large_image\" \/>\n<meta name=\"twitter:label1\" content=\"Yazan:\" \/>\n\t<meta name=\"twitter:data1\" content=\"haberkuzey\" \/>\n\t<meta name=\"twitter:label2\" content=\"Tahmini okuma s\u00fcresi\" \/>\n\t<meta name=\"twitter:data2\" content=\"2 dakika\" \/>\n<script type=\"application\/ld+json\" class=\"yoast-schema-graph\">{\"@context\":\"https:\\\/\\\/schema.org\",\"@graph\":[{\"@type\":\"Article\",\"@id\":\"https:\\\/\\\/haberkuzey.com\\\/index.php\\\/2026\\\/04\\\/28\\\/ozturklerden-cocuklara-gelecegin-sorumlu-bireyleri-sizler-olacaksiniz\\\/#article\",\"isPartOf\":{\"@id\":\"https:\\\/\\\/haberkuzey.com\\\/index.php\\\/2026\\\/04\\\/28\\\/ozturklerden-cocuklara-gelecegin-sorumlu-bireyleri-sizler-olacaksiniz\\\/\"},\"author\":{\"name\":\"haberkuzey\",\"@id\":\"https:\\\/\\\/haberkuzey.com\\\/#\\\/schema\\\/person\\\/3372109ec735f9333f4fa47ebb9605ca\"},\"headline\":\"\u00d6zt\u00fcrkler\u2019den \u00e7ocuklara: Gelece\u011fin sorumlu bireyleri sizler olacaks\u0131n\u0131z\",\"datePublished\":\"2026-04-28T08:53:48+00:00\",\"dateModified\":\"2026-04-28T08:53:57+00:00\",\"mainEntityOfPage\":{\"@id\":\"https:\\\/\\\/haberkuzey.com\\\/index.php\\\/2026\\\/04\\\/28\\\/ozturklerden-cocuklara-gelecegin-sorumlu-bireyleri-sizler-olacaksiniz\\\/\"},\"wordCount\":329,\"commentCount\":0,\"image\":{\"@id\":\"https:\\\/\\\/haberkuzey.com\\\/index.php\\\/2026\\\/04\\\/28\\\/ozturklerden-cocuklara-gelecegin-sorumlu-bireyleri-sizler-olacaksiniz\\\/#primaryimage\"},\"thumbnailUrl\":\"https:\\\/\\\/haberkuzey.com\\\/wp-content\\\/uploads\\\/2026\\\/04\\\/WhatsApp-Image-2026-04-28-at-11.45.07.jpeg\",\"articleSection\":[\"K\u0131br\u0131s\"],\"inLanguage\":\"tr\",\"potentialAction\":[{\"@type\":\"CommentAction\",\"name\":\"Comment\",\"target\":[\"https:\\\/\\\/haberkuzey.com\\\/index.php\\\/2026\\\/04\\\/28\\\/ozturklerden-cocuklara-gelecegin-sorumlu-bireyleri-sizler-olacaksiniz\\\/#respond\"]}]},{\"@type\":\"WebPage\",\"@id\":\"https:\\\/\\\/haberkuzey.com\\\/index.php\\\/2026\\\/04\\\/28\\\/ozturklerden-cocuklara-gelecegin-sorumlu-bireyleri-sizler-olacaksiniz\\\/\",\"url\":\"https:\\\/\\\/haberkuzey.com\\\/index.php\\\/2026\\\/04\\\/28\\\/ozturklerden-cocuklara-gelecegin-sorumlu-bireyleri-sizler-olacaksiniz\\\/\",\"name\":\"\u00d6zt\u00fcrkler\u2019den \u00e7ocuklara: Gelece\u011fin sorumlu bireyleri sizler olacaks\u0131n\u0131z - Haber Kuzey\",\"isPartOf\":{\"@id\":\"https:\\\/\\\/haberkuzey.com\\\/#website\"},\"primaryImageOfPage\":{\"@id\":\"https:\\\/\\\/haberkuzey.com\\\/index.php\\\/2026\\\/04\\\/28\\\/ozturklerden-cocuklara-gelecegin-sorumlu-bireyleri-sizler-olacaksiniz\\\/#primaryimage\"},\"image\":{\"@id\":\"https:\\\/\\\/haberkuzey.com\\\/index.php\\\/2026\\\/04\\\/28\\\/ozturklerden-cocuklara-gelecegin-sorumlu-bireyleri-sizler-olacaksiniz\\\/#primaryimage\"},\"thumbnailUrl\":\"https:\\\/\\\/haberkuzey.com\\\/wp-content\\\/uploads\\\/2026\\\/04\\\/WhatsApp-Image-2026-04-28-at-11.45.07.jpeg\",\"datePublished\":\"2026-04-28T08:53:48+00:00\",\"dateModified\":\"2026-04-28T08:53:57+00:00\",\"author\":{\"@id\":\"https:\\\/\\\/haberkuzey.com\\\/#\\\/schema\\\/person\\\/3372109ec735f9333f4fa47ebb9605ca\"},\"breadcrumb\":{\"@id\":\"https:\\\/\\\/haberkuzey.com\\\/index.php\\\/2026\\\/04\\\/28\\\/ozturklerden-cocuklara-gelecegin-sorumlu-bireyleri-sizler-olacaksiniz\\\/#breadcrumb\"},\"inLanguage\":\"tr\",\"potentialAction\":[{\"@type\":\"ReadAction\",\"target\":[\"https:\\\/\\\/haberkuzey.com\\\/index.php\\\/2026\\\/04\\\/28\\\/ozturklerden-cocuklara-gelecegin-sorumlu-bireyleri-sizler-olacaksiniz\\\/\"]}]},{\"@type\":\"ImageObject\",\"inLanguage\":\"tr\",\"@id\":\"https:\\\/\\\/haberkuzey.com\\\/index.php\\\/2026\\\/04\\\/28\\\/ozturklerden-cocuklara-gelecegin-sorumlu-bireyleri-sizler-olacaksiniz\\\/#primaryimage\",\"url\":\"https:\\\/\\\/haberkuzey.com\\\/wp-content\\\/uploads\\\/2026\\\/04\\\/WhatsApp-Image-2026-04-28-at-11.45.07.jpeg\",\"contentUrl\":\"https:\\\/\\\/haberkuzey.com\\\/wp-content\\\/uploads\\\/2026\\\/04\\\/WhatsApp-Image-2026-04-28-at-11.45.07.jpeg\",\"width\":1600,\"height\":1066},{\"@type\":\"BreadcrumbList\",\"@id\":\"https:\\\/\\\/haberkuzey.com\\\/index.php\\\/2026\\\/04\\\/28\\\/ozturklerden-cocuklara-gelecegin-sorumlu-bireyleri-sizler-olacaksiniz\\\/#breadcrumb\",\"itemListElement\":[{\"@type\":\"ListItem\",\"position\":1,\"name\":\"Anasayfa\",\"item\":\"https:\\\/\\\/haberkuzey.com\\\/\"},{\"@type\":\"ListItem\",\"position\":2,\"name\":\"\u00d6zt\u00fcrkler\u2019den \u00e7ocuklara: Gelece\u011fin sorumlu bireyleri sizler olacaks\u0131n\u0131z\"}]},{\"@type\":\"WebSite\",\"@id\":\"https:\\\/\\\/haberkuzey.com\\\/#website\",\"url\":\"https:\\\/\\\/haberkuzey.com\\\/\",\"name\":\"Haber Kuzey\",\"description\":\"Do\u011fru Haberin Adresi\",\"potentialAction\":[{\"@type\":\"SearchAction\",\"target\":{\"@type\":\"EntryPoint\",\"urlTemplate\":\"https:\\\/\\\/haberkuzey.com\\\/?s={search_term_string}\"},\"query-input\":{\"@type\":\"PropertyValueSpecification\",\"valueRequired\":true,\"valueName\":\"search_term_string\"}}],\"inLanguage\":\"tr\"},{\"@type\":\"Person\",\"@id\":\"https:\\\/\\\/haberkuzey.com\\\/#\\\/schema\\\/person\\\/3372109ec735f9333f4fa47ebb9605ca\",\"name\":\"haberkuzey\",\"image\":{\"@type\":\"ImageObject\",\"inLanguage\":\"tr\",\"@id\":\"https:\\\/\\\/secure.gravatar.com\\\/avatar\\\/f5fc875574b1575324358c3b9e6a32b8227aa5b74f3fa22e3cadb63e26fcc39c?s=96&d=mm&r=g\",\"url\":\"https:\\\/\\\/secure.gravatar.com\\\/avatar\\\/f5fc875574b1575324358c3b9e6a32b8227aa5b74f3fa22e3cadb63e26fcc39c?s=96&d=mm&r=g\",\"contentUrl\":\"https:\\\/\\\/secure.gravatar.com\\\/avatar\\\/f5fc875574b1575324358c3b9e6a32b8227aa5b74f3fa22e3cadb63e26fcc39c?s=96&d=mm&r=g\",\"caption\":\"haberkuzey\"},\"sameAs\":[\"https:\\\/\\\/haberkuzey.com\"],\"url\":\"https:\\\/\\\/haberkuzey.com\\\/index.php\\\/author\\\/haberkuzey\\\/\"}]}<\/script>\n<!-- \/ Yoast SEO plugin. -->","yoast_head_json":{"title":"\u00d6zt\u00fcrkler\u2019den \u00e7ocuklara: Gelece\u011fin sorumlu bireyleri sizler olacaks\u0131n\u0131z - Haber Kuzey","robots":{"index":"index","follow":"follow","max-snippet":"max-snippet:-1","max-image-preview":"max-image-preview:large","max-video-preview":"max-video-preview:-1"},"canonical":"https:\/\/haberkuzey.com\/index.php\/2026\/04\/28\/ozturklerden-cocuklara-gelecegin-sorumlu-bireyleri-sizler-olacaksiniz\/","og_locale":"tr_TR","og_type":"article","og_title":"\u00d6zt\u00fcrkler\u2019den \u00e7ocuklara: Gelece\u011fin sorumlu bireyleri sizler olacaks\u0131n\u0131z - Haber Kuzey","og_description":"Cumhuriyet Meclisi Ba\u015fkan\u0131 Ziya \u00d6zt\u00fcrkler, Okul M\u00fcd\u00fcr\u00fc Filiz Ustam ile birlikte G\u00fczelyurt Bar\u0131\u015f \u0130lkokulu \u00f6\u011frencilerini kabul etti. \u00d6\u011frencilerle samimi bir sohbet ger\u00e7ekle\u015ftiren \u00d6zt\u00fcrkler, kendisinin de bir \u00f6\u011fretmen oldu\u011funu hat\u0131rlatarak, Ulu \u00d6nder Mustafa Kemal Atat\u00fcrk\u2019\u00fcn \u201cYeni nesil, \u00f6\u011fretmenlerin eseri olacakt\u0131r\u201d s\u00f6z\u00fcn\u00fc an\u0131msatt\u0131. Yak\u0131n zamanda 23 Nisan Ulusal Egemenlik ve \u00c7ocuk Bayram\u0131\u2019n\u0131 kutlad\u0131klar\u0131n\u0131 belirten \u00d6zt\u00fcrkler, gen\u00e7lere derslerine [&hellip;]","og_url":"https:\/\/haberkuzey.com\/index.php\/2026\/04\/28\/ozturklerden-cocuklara-gelecegin-sorumlu-bireyleri-sizler-olacaksiniz\/","og_site_name":"Haber Kuzey","article_published_time":"2026-04-28T08:53:48+00:00","article_modified_time":"2026-04-28T08:53:57+00:00","og_image":[{"width":1600,"height":1066,"url":"https:\/\/haberkuzey.com\/wp-content\/uploads\/2026\/04\/WhatsApp-Image-2026-04-28-at-11.45.07.jpeg","type":"image\/jpeg"}],"author":"haberkuzey","twitter_card":"summary_large_image","twitter_misc":{"Yazan:":"haberkuzey","Tahmini okuma s\u00fcresi":"2 dakika"},"schema":{"@context":"https:\/\/schema.org","@graph":[{"@type":"Article","@id":"https:\/\/haberkuzey.com\/index.php\/2026\/04\/28\/ozturklerden-cocuklara-gelecegin-sorumlu-bireyleri-sizler-olacaksiniz\/#article","isPartOf":{"@id":"https:\/\/haberkuzey.com\/index.php\/2026\/04\/28\/ozturklerden-cocuklara-gelecegin-sorumlu-bireyleri-sizler-olacaksiniz\/"},"author":{"name":"haberkuzey","@id":"https:\/\/haberkuzey.com\/#\/schema\/person\/3372109ec735f9333f4fa47ebb9605ca"},"headline":"\u00d6zt\u00fcrkler\u2019den \u00e7ocuklara: Gelece\u011fin sorumlu bireyleri sizler olacaks\u0131n\u0131z","datePublished":"2026-04-28T08:53:48+00:00","dateModified":"2026-04-28T08:53:57+00:00","mainEntityOfPage":{"@id":"https:\/\/haberkuzey.com\/index.php\/2026\/04\/28\/ozturklerden-cocuklara-gelecegin-sorumlu-bireyleri-sizler-olacaksiniz\/"},"wordCount":329,"commentCount":0,"image":{"@id":"https:\/\/haberkuzey.com\/index.php\/2026\/04\/28\/ozturklerden-cocuklara-gelecegin-sorumlu-bireyleri-sizler-olacaksiniz\/#primaryimage"},"thumbnailUrl":"https:\/\/haberkuzey.com\/wp-content\/uploads\/2026\/04\/WhatsApp-Image-2026-04-28-at-11.45.07.jpeg","articleSection":["K\u0131br\u0131s"],"inLanguage":"tr","potentialAction":[{"@type":"CommentAction","name":"Comment","target":["https:\/\/haberkuzey.com\/index.php\/2026\/04\/28\/ozturklerden-cocuklara-gelecegin-sorumlu-bireyleri-sizler-olacaksiniz\/#respond"]}]},{"@type":"WebPage","@id":"https:\/\/haberkuzey.com\/index.php\/2026\/04\/28\/ozturklerden-cocuklara-gelecegin-sorumlu-bireyleri-sizler-olacaksiniz\/","url":"https:\/\/haberkuzey.com\/index.php\/2026\/04\/28\/ozturklerden-cocuklara-gelecegin-sorumlu-bireyleri-sizler-olacaksiniz\/","name":"\u00d6zt\u00fcrkler\u2019den \u00e7ocuklara: Gelece\u011fin sorumlu bireyleri sizler olacaks\u0131n\u0131z - Haber Kuzey","isPartOf":{"@id":"https:\/\/haberkuzey.com\/#website"},"primaryImageOfPage":{"@id":"https:\/\/haberkuzey.com\/index.php\/2026\/04\/28\/ozturklerden-cocuklara-gelecegin-sorumlu-bireyleri-sizler-olacaksiniz\/#primaryimage"},"image":{"@id":"https:\/\/haberkuzey.com\/index.php\/2026\/04\/28\/ozturklerden-cocuklara-gelecegin-sorumlu-bireyleri-sizler-olacaksiniz\/#primaryimage"},"thumbnailUrl":"https:\/\/haberkuzey.com\/wp-content\/uploads\/2026\/04\/WhatsApp-Image-2026-04-28-at-11.45.07.jpeg","datePublished":"2026-04-28T08:53:48+00:00","dateModified":"2026-04-28T08:53:57+00:00","author":{"@id":"https:\/\/haberkuzey.com\/#\/schema\/person\/3372109ec735f9333f4fa47ebb9605ca"},"breadcrumb":{"@id":"https:\/\/haberkuzey.com\/index.php\/2026\/04\/28\/ozturklerden-cocuklara-gelecegin-sorumlu-bireyleri-sizler-olacaksiniz\/#breadcrumb"},"inLanguage":"tr","potentialAction":[{"@type":"ReadAction","target":["https:\/\/haberkuzey.com\/index.php\/2026\/04\/28\/ozturklerden-cocuklara-gelecegin-sorumlu-bireyleri-sizler-olacaksiniz\/"]}]},{"@type":"ImageObject","inLanguage":"tr","@id":"https:\/\/haberkuzey.com\/index.php\/2026\/04\/28\/ozturklerden-cocuklara-gelecegin-sorumlu-bireyleri-sizler-olacaksiniz\/#primaryimage","url":"https:\/\/haberkuzey.com\/wp-content\/uploads\/2026\/04\/WhatsApp-Image-2026-04-28-at-11.45.07.jpeg","contentUrl":"https:\/\/haberkuzey.com\/wp-content\/uploads\/2026\/04\/WhatsApp-Image-2026-04-28-at-11.45.07.jpeg","width":1600,"height":1066},{"@type":"BreadcrumbList","@id":"https:\/\/haberkuzey.com\/index.php\/2026\/04\/28\/ozturklerden-cocuklara-gelecegin-sorumlu-bireyleri-sizler-olacaksiniz\/#breadcrumb","itemListElement":[{"@type":"ListItem","position":1,"name":"Anasayfa","item":"https:\/\/haberkuzey.com\/"},{"@type":"ListItem","position":2,"name":"\u00d6zt\u00fcrkler\u2019den \u00e7ocuklara: Gelece\u011fin sorumlu bireyleri sizler olacaks\u0131n\u0131z"}]},{"@type":"WebSite","@id":"https:\/\/haberkuzey.com\/#website","url":"https:\/\/haberkuzey.com\/","name":"Haber Kuzey","description":"Do\u011fru Haberin Adresi","potentialAction":[{"@type":"SearchAction","target":{"@type":"EntryPoint","urlTemplate":"https:\/\/haberkuzey.com\/?s={search_term_string}"},"query-input":{"@type":"PropertyValueSpecification","valueRequired":true,"valueName":"search_term_string"}}],"inLanguage":"tr"},{"@type":"Person","@id":"https:\/\/haberkuzey.com\/#\/schema\/person\/3372109ec735f9333f4fa47ebb9605ca","name":"haberkuzey","image":{"@type":"ImageObject","inLanguage":"tr","@id":"https:\/\/secure.gravatar.com\/avatar\/f5fc875574b1575324358c3b9e6a32b8227aa5b74f3fa22e3cadb63e26fcc39c?s=96&d=mm&r=g","url":"https:\/\/secure.gravatar.com\/avatar\/f5fc875574b1575324358c3b9e6a32b8227aa5b74f3fa22e3cadb63e26fcc39c?s=96&d=mm&r=g","contentUrl":"https:\/\/secure.gravatar.com\/avatar\/f5fc875574b1575324358c3b9e6a32b8227aa5b74f3fa22e3cadb63e26fcc39c?s=96&d=mm&r=g","caption":"haberkuzey"},"sameAs":["https:\/\/haberkuzey.com"],"url":"https:\/\/haberkuzey.com\/index.php\/author\/haberkuzey\/"}]}},"_links":{"self":[{"href":"https:\/\/haberkuzey.com\/index.php\/wp-json\/wp\/v2\/posts\/36581","targetHints":{"allow":["GET"]}}],"collection":[{"href":"https:\/\/haberkuzey.com\/index.php\/wp-json\/wp\/v2\/posts"}],"about":[{"href":"https:\/\/haberkuzey.com\/index.php\/wp-json\/wp\/v2\/types\/post"}],"author":[{"embeddable":true,"href":"https:\/\/haberkuzey.com\/index.php\/wp-json\/wp\/v2\/users\/1"}],"replies":[{"embeddable":true,"href":"https:\/\/haberkuzey.com\/index.php\/wp-json\/wp\/v2\/comments?post=36581"}],"version-history":[{"count":1,"href":"https:\/\/haberkuzey.com\/index.php\/wp-json\/wp\/v2\/posts\/36581\/revisions"}],"predecessor-version":[{"id":36583,"href":"https:\/\/haberkuzey.com\/index.php\/wp-json\/wp\/v2\/posts\/36581\/revisions\/36583"}],"wp:featuredmedia":[{"embeddable":true,"href":"https:\/\/haberkuzey.com\/index.php\/wp-json\/wp\/v2\/media\/36582"}],"wp:attachment":[{"href":"https:\/\/haberkuzey.com\/index.php\/wp-json\/wp\/v2\/media?parent=36581"}],"wp:term":[{"taxonomy":"category","embeddable":true,"href":"https:\/\/haberkuzey.com\/index.php\/wp-json\/wp\/v2\/categories?post=36581"},{"taxonomy":"post_tag","embeddable":true,"href":"https:\/\/haberkuzey.com\/index.php\/wp-json\/wp\/v2\/tags?post=36581"}],"curies":[{"name":"wp","href":"https:\/\/api.w.org\/{rel}","templated":true}]}}