{"id":36564,"date":"2026-04-28T08:38:47","date_gmt":"2026-04-28T05:38:47","guid":{"rendered":"https:\/\/haberkuzey.com\/index.php\/2026\/04\/28\/bugunden-itibaren-yer-yer-saganak-bekleniyor\/"},"modified":"2026-04-28T08:39:00","modified_gmt":"2026-04-28T05:39:00","slug":"bugunden-itibaren-yer-yer-saganak-bekleniyor","status":"publish","type":"post","link":"https:\/\/haberkuzey.com\/index.php\/2026\/04\/28\/bugunden-itibaren-yer-yer-saganak-bekleniyor\/","title":{"rendered":"Bug\u00fcnden itibaren yer yer sa\u011fanak bekleniyor"},"content":{"rendered":"<p>Meteoroloji, bug\u00fcnden itibaren yer yer sa\u011fanak beklendi\u011fini duyurdu.<\/p>\n<p>30 dereceye kadar y\u00fckselecek hava s\u0131cakl\u0131\u011f\u0131 hafta sonuna do\u011fru 4 derece kadar d\u00fc\u015fecek, pazar g\u00fcn\u00fc de r\u00fczgar zaman zaman f\u0131rt\u0131nams\u0131 esecek.<\/p>\n<p><strong>Yar\u0131n, per\u015fembe, hafta sonu ve pazartesi ya\u011f\u0131\u015f beklentisi var<\/strong><\/p>\n<p>Meteoroloji Dairesi\u2019nin 28 Nisan \u2013 4 May\u0131s tarihlerini kapsayan hava tahmin raporuna g\u00f6re, b\u00f6lge genellikle al\u00e7ak bas\u0131n\u00e7 sistemiyle \u00fcst atmosferdeki serin ve nemli hava k\u00fctlesinin etkisinde kalacak.<\/p>\n<p>Buna g\u00f6re, bug\u00fcn yer yer sa\u011fanak veya g\u00f6k g\u00fcr\u00fclt\u00fcl\u00fc sa\u011fanak, per\u015fembe, hafta sonu ve pazartesi ise yer her hafif sa\u011fanak veya sa\u011fanak bekleniyor.\u00a0 Ya\u011f\u0131\u015fl\u0131 g\u00fcnlerin d\u0131\u015f\u0131nda hava genellikle par\u00e7al\u0131 bulutlu ge\u00e7ecek.<\/p>\n<p><strong>Hava s\u0131cakl\u0131\u011f\u0131 30 dereceye kadar y\u00fckselecek<\/strong><\/p>\n<p>En y\u00fcksek hava s\u0131cakl\u0131\u011f\u0131 periyodun ilk yar\u0131s\u0131nda 27 \u2013 30, ikinci yar\u0131s\u0131nda 23 \u2013 26, sahillerde 23\u2013 26 derece dolaylar\u0131nda olacak.<\/p>\n<p><strong>Pazar g\u00fcn f\u0131rt\u0131nams\u0131 r\u00fczgar bekleniyor<\/strong><\/p>\n<p>R\u00fczgar, genellikle G\u00fcney ve Bat\u0131 y\u00f6nlerden orta, ya\u011f\u0131\u015f an\u0131nda yer yer kuvvetli, pazar g\u00fcn\u00fc ise f\u0131rt\u0131nams\u0131 esecek.<\/p>\n","protected":false},"excerpt":{"rendered":"<p>Meteoroloji, bug\u00fcnden itibaren yer yer sa\u011fanak beklendi\u011fini duyurdu. 30 dereceye kadar y\u00fckselecek hava s\u0131cakl\u0131\u011f\u0131 hafta sonuna do\u011fru 4 derece kadar d\u00fc\u015fecek, pazar g\u00fcn\u00fc de r\u00fczgar zaman zaman f\u0131rt\u0131nams\u0131 esecek. Yar\u0131n, per\u015fembe, hafta sonu ve pazartesi ya\u011f\u0131\u015f beklentisi var Meteoroloji Dairesi\u2019nin 28 Nisan \u2013 4 May\u0131s tarihlerini kapsayan hava tahmin raporuna g\u00f6re, b\u00f6lge genellikle al\u00e7ak bas\u0131n\u00e7 [&hellip;]<\/p>\n","protected":false},"author":1,"featured_media":36565,"comment_status":"open","ping_status":"open","sticky":false,"template":"","format":"standard","meta":{"jnews-multi-image_gallery":[],"jnews_single_post":[],"jnews_primary_category":[],"footnotes":""},"categories":[1],"tags":[],"class_list":["post-36564","post","type-post","status-publish","format-standard","has-post-thumbnail","hentry","category-kibris"],"yoast_head":"<!-- This site is optimized with the Yoast SEO plugin v27.4 - https:\/\/yoast.com\/product\/yoast-seo-wordpress\/ -->\n<title>Bug\u00fcnden itibaren yer yer sa\u011fanak bekleniyor - Haber Kuzey<\/title>\n<meta name=\"robots\" content=\"index, follow, max-snippet:-1, max-image-preview:large, max-video-preview:-1\" \/>\n<link rel=\"canonical\" href=\"https:\/\/haberkuzey.com\/index.php\/2026\/04\/28\/bugunden-itibaren-yer-yer-saganak-bekleniyor\/\" \/>\n<meta property=\"og:locale\" content=\"tr_TR\" \/>\n<meta property=\"og:type\" content=\"article\" \/>\n<meta property=\"og:title\" content=\"Bug\u00fcnden itibaren yer yer sa\u011fanak bekleniyor - Haber Kuzey\" \/>\n<meta property=\"og:description\" content=\"Meteoroloji, bug\u00fcnden itibaren yer yer sa\u011fanak beklendi\u011fini duyurdu. 30 dereceye kadar y\u00fckselecek hava s\u0131cakl\u0131\u011f\u0131 hafta sonuna do\u011fru 4 derece kadar d\u00fc\u015fecek, pazar g\u00fcn\u00fc de r\u00fczgar zaman zaman f\u0131rt\u0131nams\u0131 esecek. Yar\u0131n, per\u015fembe, hafta sonu ve pazartesi ya\u011f\u0131\u015f beklentisi var Meteoroloji Dairesi\u2019nin 28 Nisan \u2013 4 May\u0131s tarihlerini kapsayan hava tahmin raporuna g\u00f6re, b\u00f6lge genellikle al\u00e7ak bas\u0131n\u00e7 [&hellip;]\" \/>\n<meta property=\"og:url\" content=\"https:\/\/haberkuzey.com\/index.php\/2026\/04\/28\/bugunden-itibaren-yer-yer-saganak-bekleniyor\/\" \/>\n<meta property=\"og:site_name\" content=\"Haber Kuzey\" \/>\n<meta property=\"article:published_time\" content=\"2026-04-28T05:38:47+00:00\" \/>\n<meta property=\"article:modified_time\" content=\"2026-04-28T05:39:00+00:00\" \/>\n<meta property=\"og:image\" content=\"https:\/\/haberkuzey.com\/wp-content\/uploads\/2026\/04\/thumbs-b-c-dc829af9e6d3ad4476e37fcc60a94c49.jpg\" \/>\n\t<meta property=\"og:image:width\" content=\"864\" \/>\n\t<meta property=\"og:image:height\" content=\"486\" \/>\n\t<meta property=\"og:image:type\" content=\"image\/jpeg\" \/>\n<meta name=\"author\" content=\"haberkuzey\" \/>\n<meta name=\"twitter:card\" content=\"summary_large_image\" \/>\n<meta name=\"twitter:label1\" content=\"Yazan:\" \/>\n\t<meta name=\"twitter:data1\" content=\"haberkuzey\" \/>\n\t<meta name=\"twitter:label2\" content=\"Tahmini okuma s\u00fcresi\" \/>\n\t<meta name=\"twitter:data2\" content=\"1 dakika\" \/>\n<script type=\"application\/ld+json\" class=\"yoast-schema-graph\">{\"@context\":\"https:\\\/\\\/schema.org\",\"@graph\":[{\"@type\":\"Article\",\"@id\":\"https:\\\/\\\/haberkuzey.com\\\/index.php\\\/2026\\\/04\\\/28\\\/bugunden-itibaren-yer-yer-saganak-bekleniyor\\\/#article\",\"isPartOf\":{\"@id\":\"https:\\\/\\\/haberkuzey.com\\\/index.php\\\/2026\\\/04\\\/28\\\/bugunden-itibaren-yer-yer-saganak-bekleniyor\\\/\"},\"author\":{\"name\":\"haberkuzey\",\"@id\":\"https:\\\/\\\/haberkuzey.com\\\/#\\\/schema\\\/person\\\/3372109ec735f9333f4fa47ebb9605ca\"},\"headline\":\"Bug\u00fcnden itibaren yer yer sa\u011fanak bekleniyor\",\"datePublished\":\"2026-04-28T05:38:47+00:00\",\"dateModified\":\"2026-04-28T05:39:00+00:00\",\"mainEntityOfPage\":{\"@id\":\"https:\\\/\\\/haberkuzey.com\\\/index.php\\\/2026\\\/04\\\/28\\\/bugunden-itibaren-yer-yer-saganak-bekleniyor\\\/\"},\"wordCount\":195,\"commentCount\":0,\"image\":{\"@id\":\"https:\\\/\\\/haberkuzey.com\\\/index.php\\\/2026\\\/04\\\/28\\\/bugunden-itibaren-yer-yer-saganak-bekleniyor\\\/#primaryimage\"},\"thumbnailUrl\":\"https:\\\/\\\/haberkuzey.com\\\/wp-content\\\/uploads\\\/2026\\\/04\\\/thumbs-b-c-dc829af9e6d3ad4476e37fcc60a94c49.jpg\",\"articleSection\":[\"K\u0131br\u0131s\"],\"inLanguage\":\"tr\",\"potentialAction\":[{\"@type\":\"CommentAction\",\"name\":\"Comment\",\"target\":[\"https:\\\/\\\/haberkuzey.com\\\/index.php\\\/2026\\\/04\\\/28\\\/bugunden-itibaren-yer-yer-saganak-bekleniyor\\\/#respond\"]}]},{\"@type\":\"WebPage\",\"@id\":\"https:\\\/\\\/haberkuzey.com\\\/index.php\\\/2026\\\/04\\\/28\\\/bugunden-itibaren-yer-yer-saganak-bekleniyor\\\/\",\"url\":\"https:\\\/\\\/haberkuzey.com\\\/index.php\\\/2026\\\/04\\\/28\\\/bugunden-itibaren-yer-yer-saganak-bekleniyor\\\/\",\"name\":\"Bug\u00fcnden itibaren yer yer sa\u011fanak bekleniyor - Haber Kuzey\",\"isPartOf\":{\"@id\":\"https:\\\/\\\/haberkuzey.com\\\/#website\"},\"primaryImageOfPage\":{\"@id\":\"https:\\\/\\\/haberkuzey.com\\\/index.php\\\/2026\\\/04\\\/28\\\/bugunden-itibaren-yer-yer-saganak-bekleniyor\\\/#primaryimage\"},\"image\":{\"@id\":\"https:\\\/\\\/haberkuzey.com\\\/index.php\\\/2026\\\/04\\\/28\\\/bugunden-itibaren-yer-yer-saganak-bekleniyor\\\/#primaryimage\"},\"thumbnailUrl\":\"https:\\\/\\\/haberkuzey.com\\\/wp-content\\\/uploads\\\/2026\\\/04\\\/thumbs-b-c-dc829af9e6d3ad4476e37fcc60a94c49.jpg\",\"datePublished\":\"2026-04-28T05:38:47+00:00\",\"dateModified\":\"2026-04-28T05:39:00+00:00\",\"author\":{\"@id\":\"https:\\\/\\\/haberkuzey.com\\\/#\\\/schema\\\/person\\\/3372109ec735f9333f4fa47ebb9605ca\"},\"breadcrumb\":{\"@id\":\"https:\\\/\\\/haberkuzey.com\\\/index.php\\\/2026\\\/04\\\/28\\\/bugunden-itibaren-yer-yer-saganak-bekleniyor\\\/#breadcrumb\"},\"inLanguage\":\"tr\",\"potentialAction\":[{\"@type\":\"ReadAction\",\"target\":[\"https:\\\/\\\/haberkuzey.com\\\/index.php\\\/2026\\\/04\\\/28\\\/bugunden-itibaren-yer-yer-saganak-bekleniyor\\\/\"]}]},{\"@type\":\"ImageObject\",\"inLanguage\":\"tr\",\"@id\":\"https:\\\/\\\/haberkuzey.com\\\/index.php\\\/2026\\\/04\\\/28\\\/bugunden-itibaren-yer-yer-saganak-bekleniyor\\\/#primaryimage\",\"url\":\"https:\\\/\\\/haberkuzey.com\\\/wp-content\\\/uploads\\\/2026\\\/04\\\/thumbs-b-c-dc829af9e6d3ad4476e37fcc60a94c49.jpg\",\"contentUrl\":\"https:\\\/\\\/haberkuzey.com\\\/wp-content\\\/uploads\\\/2026\\\/04\\\/thumbs-b-c-dc829af9e6d3ad4476e37fcc60a94c49.jpg\",\"width\":864,\"height\":486},{\"@type\":\"BreadcrumbList\",\"@id\":\"https:\\\/\\\/haberkuzey.com\\\/index.php\\\/2026\\\/04\\\/28\\\/bugunden-itibaren-yer-yer-saganak-bekleniyor\\\/#breadcrumb\",\"itemListElement\":[{\"@type\":\"ListItem\",\"position\":1,\"name\":\"Anasayfa\",\"item\":\"https:\\\/\\\/haberkuzey.com\\\/\"},{\"@type\":\"ListItem\",\"position\":2,\"name\":\"Bug\u00fcnden itibaren yer yer sa\u011fanak bekleniyor\"}]},{\"@type\":\"WebSite\",\"@id\":\"https:\\\/\\\/haberkuzey.com\\\/#website\",\"url\":\"https:\\\/\\\/haberkuzey.com\\\/\",\"name\":\"Haber Kuzey\",\"description\":\"Do\u011fru Haberin Adresi\",\"potentialAction\":[{\"@type\":\"SearchAction\",\"target\":{\"@type\":\"EntryPoint\",\"urlTemplate\":\"https:\\\/\\\/haberkuzey.com\\\/?s={search_term_string}\"},\"query-input\":{\"@type\":\"PropertyValueSpecification\",\"valueRequired\":true,\"valueName\":\"search_term_string\"}}],\"inLanguage\":\"tr\"},{\"@type\":\"Person\",\"@id\":\"https:\\\/\\\/haberkuzey.com\\\/#\\\/schema\\\/person\\\/3372109ec735f9333f4fa47ebb9605ca\",\"name\":\"haberkuzey\",\"image\":{\"@type\":\"ImageObject\",\"inLanguage\":\"tr\",\"@id\":\"https:\\\/\\\/secure.gravatar.com\\\/avatar\\\/f5fc875574b1575324358c3b9e6a32b8227aa5b74f3fa22e3cadb63e26fcc39c?s=96&d=mm&r=g\",\"url\":\"https:\\\/\\\/secure.gravatar.com\\\/avatar\\\/f5fc875574b1575324358c3b9e6a32b8227aa5b74f3fa22e3cadb63e26fcc39c?s=96&d=mm&r=g\",\"contentUrl\":\"https:\\\/\\\/secure.gravatar.com\\\/avatar\\\/f5fc875574b1575324358c3b9e6a32b8227aa5b74f3fa22e3cadb63e26fcc39c?s=96&d=mm&r=g\",\"caption\":\"haberkuzey\"},\"sameAs\":[\"https:\\\/\\\/haberkuzey.com\"],\"url\":\"https:\\\/\\\/haberkuzey.com\\\/index.php\\\/author\\\/haberkuzey\\\/\"}]}<\/script>\n<!-- \/ Yoast SEO plugin. -->","yoast_head_json":{"title":"Bug\u00fcnden itibaren yer yer sa\u011fanak bekleniyor - Haber Kuzey","robots":{"index":"index","follow":"follow","max-snippet":"max-snippet:-1","max-image-preview":"max-image-preview:large","max-video-preview":"max-video-preview:-1"},"canonical":"https:\/\/haberkuzey.com\/index.php\/2026\/04\/28\/bugunden-itibaren-yer-yer-saganak-bekleniyor\/","og_locale":"tr_TR","og_type":"article","og_title":"Bug\u00fcnden itibaren yer yer sa\u011fanak bekleniyor - Haber Kuzey","og_description":"Meteoroloji, bug\u00fcnden itibaren yer yer sa\u011fanak beklendi\u011fini duyurdu. 30 dereceye kadar y\u00fckselecek hava s\u0131cakl\u0131\u011f\u0131 hafta sonuna do\u011fru 4 derece kadar d\u00fc\u015fecek, pazar g\u00fcn\u00fc de r\u00fczgar zaman zaman f\u0131rt\u0131nams\u0131 esecek. Yar\u0131n, per\u015fembe, hafta sonu ve pazartesi ya\u011f\u0131\u015f beklentisi var Meteoroloji Dairesi\u2019nin 28 Nisan \u2013 4 May\u0131s tarihlerini kapsayan hava tahmin raporuna g\u00f6re, b\u00f6lge genellikle al\u00e7ak bas\u0131n\u00e7 [&hellip;]","og_url":"https:\/\/haberkuzey.com\/index.php\/2026\/04\/28\/bugunden-itibaren-yer-yer-saganak-bekleniyor\/","og_site_name":"Haber Kuzey","article_published_time":"2026-04-28T05:38:47+00:00","article_modified_time":"2026-04-28T05:39:00+00:00","og_image":[{"width":864,"height":486,"url":"https:\/\/haberkuzey.com\/wp-content\/uploads\/2026\/04\/thumbs-b-c-dc829af9e6d3ad4476e37fcc60a94c49.jpg","type":"image\/jpeg"}],"author":"haberkuzey","twitter_card":"summary_large_image","twitter_misc":{"Yazan:":"haberkuzey","Tahmini okuma s\u00fcresi":"1 dakika"},"schema":{"@context":"https:\/\/schema.org","@graph":[{"@type":"Article","@id":"https:\/\/haberkuzey.com\/index.php\/2026\/04\/28\/bugunden-itibaren-yer-yer-saganak-bekleniyor\/#article","isPartOf":{"@id":"https:\/\/haberkuzey.com\/index.php\/2026\/04\/28\/bugunden-itibaren-yer-yer-saganak-bekleniyor\/"},"author":{"name":"haberkuzey","@id":"https:\/\/haberkuzey.com\/#\/schema\/person\/3372109ec735f9333f4fa47ebb9605ca"},"headline":"Bug\u00fcnden itibaren yer yer sa\u011fanak bekleniyor","datePublished":"2026-04-28T05:38:47+00:00","dateModified":"2026-04-28T05:39:00+00:00","mainEntityOfPage":{"@id":"https:\/\/haberkuzey.com\/index.php\/2026\/04\/28\/bugunden-itibaren-yer-yer-saganak-bekleniyor\/"},"wordCount":195,"commentCount":0,"image":{"@id":"https:\/\/haberkuzey.com\/index.php\/2026\/04\/28\/bugunden-itibaren-yer-yer-saganak-bekleniyor\/#primaryimage"},"thumbnailUrl":"https:\/\/haberkuzey.com\/wp-content\/uploads\/2026\/04\/thumbs-b-c-dc829af9e6d3ad4476e37fcc60a94c49.jpg","articleSection":["K\u0131br\u0131s"],"inLanguage":"tr","potentialAction":[{"@type":"CommentAction","name":"Comment","target":["https:\/\/haberkuzey.com\/index.php\/2026\/04\/28\/bugunden-itibaren-yer-yer-saganak-bekleniyor\/#respond"]}]},{"@type":"WebPage","@id":"https:\/\/haberkuzey.com\/index.php\/2026\/04\/28\/bugunden-itibaren-yer-yer-saganak-bekleniyor\/","url":"https:\/\/haberkuzey.com\/index.php\/2026\/04\/28\/bugunden-itibaren-yer-yer-saganak-bekleniyor\/","name":"Bug\u00fcnden itibaren yer yer sa\u011fanak bekleniyor - Haber Kuzey","isPartOf":{"@id":"https:\/\/haberkuzey.com\/#website"},"primaryImageOfPage":{"@id":"https:\/\/haberkuzey.com\/index.php\/2026\/04\/28\/bugunden-itibaren-yer-yer-saganak-bekleniyor\/#primaryimage"},"image":{"@id":"https:\/\/haberkuzey.com\/index.php\/2026\/04\/28\/bugunden-itibaren-yer-yer-saganak-bekleniyor\/#primaryimage"},"thumbnailUrl":"https:\/\/haberkuzey.com\/wp-content\/uploads\/2026\/04\/thumbs-b-c-dc829af9e6d3ad4476e37fcc60a94c49.jpg","datePublished":"2026-04-28T05:38:47+00:00","dateModified":"2026-04-28T05:39:00+00:00","author":{"@id":"https:\/\/haberkuzey.com\/#\/schema\/person\/3372109ec735f9333f4fa47ebb9605ca"},"breadcrumb":{"@id":"https:\/\/haberkuzey.com\/index.php\/2026\/04\/28\/bugunden-itibaren-yer-yer-saganak-bekleniyor\/#breadcrumb"},"inLanguage":"tr","potentialAction":[{"@type":"ReadAction","target":["https:\/\/haberkuzey.com\/index.php\/2026\/04\/28\/bugunden-itibaren-yer-yer-saganak-bekleniyor\/"]}]},{"@type":"ImageObject","inLanguage":"tr","@id":"https:\/\/haberkuzey.com\/index.php\/2026\/04\/28\/bugunden-itibaren-yer-yer-saganak-bekleniyor\/#primaryimage","url":"https:\/\/haberkuzey.com\/wp-content\/uploads\/2026\/04\/thumbs-b-c-dc829af9e6d3ad4476e37fcc60a94c49.jpg","contentUrl":"https:\/\/haberkuzey.com\/wp-content\/uploads\/2026\/04\/thumbs-b-c-dc829af9e6d3ad4476e37fcc60a94c49.jpg","width":864,"height":486},{"@type":"BreadcrumbList","@id":"https:\/\/haberkuzey.com\/index.php\/2026\/04\/28\/bugunden-itibaren-yer-yer-saganak-bekleniyor\/#breadcrumb","itemListElement":[{"@type":"ListItem","position":1,"name":"Anasayfa","item":"https:\/\/haberkuzey.com\/"},{"@type":"ListItem","position":2,"name":"Bug\u00fcnden itibaren yer yer sa\u011fanak bekleniyor"}]},{"@type":"WebSite","@id":"https:\/\/haberkuzey.com\/#website","url":"https:\/\/haberkuzey.com\/","name":"Haber Kuzey","description":"Do\u011fru Haberin Adresi","potentialAction":[{"@type":"SearchAction","target":{"@type":"EntryPoint","urlTemplate":"https:\/\/haberkuzey.com\/?s={search_term_string}"},"query-input":{"@type":"PropertyValueSpecification","valueRequired":true,"valueName":"search_term_string"}}],"inLanguage":"tr"},{"@type":"Person","@id":"https:\/\/haberkuzey.com\/#\/schema\/person\/3372109ec735f9333f4fa47ebb9605ca","name":"haberkuzey","image":{"@type":"ImageObject","inLanguage":"tr","@id":"https:\/\/secure.gravatar.com\/avatar\/f5fc875574b1575324358c3b9e6a32b8227aa5b74f3fa22e3cadb63e26fcc39c?s=96&d=mm&r=g","url":"https:\/\/secure.gravatar.com\/avatar\/f5fc875574b1575324358c3b9e6a32b8227aa5b74f3fa22e3cadb63e26fcc39c?s=96&d=mm&r=g","contentUrl":"https:\/\/secure.gravatar.com\/avatar\/f5fc875574b1575324358c3b9e6a32b8227aa5b74f3fa22e3cadb63e26fcc39c?s=96&d=mm&r=g","caption":"haberkuzey"},"sameAs":["https:\/\/haberkuzey.com"],"url":"https:\/\/haberkuzey.com\/index.php\/author\/haberkuzey\/"}]}},"_links":{"self":[{"href":"https:\/\/haberkuzey.com\/index.php\/wp-json\/wp\/v2\/posts\/36564","targetHints":{"allow":["GET"]}}],"collection":[{"href":"https:\/\/haberkuzey.com\/index.php\/wp-json\/wp\/v2\/posts"}],"about":[{"href":"https:\/\/haberkuzey.com\/index.php\/wp-json\/wp\/v2\/types\/post"}],"author":[{"embeddable":true,"href":"https:\/\/haberkuzey.com\/index.php\/wp-json\/wp\/v2\/users\/1"}],"replies":[{"embeddable":true,"href":"https:\/\/haberkuzey.com\/index.php\/wp-json\/wp\/v2\/comments?post=36564"}],"version-history":[{"count":1,"href":"https:\/\/haberkuzey.com\/index.php\/wp-json\/wp\/v2\/posts\/36564\/revisions"}],"predecessor-version":[{"id":36566,"href":"https:\/\/haberkuzey.com\/index.php\/wp-json\/wp\/v2\/posts\/36564\/revisions\/36566"}],"wp:featuredmedia":[{"embeddable":true,"href":"https:\/\/haberkuzey.com\/index.php\/wp-json\/wp\/v2\/media\/36565"}],"wp:attachment":[{"href":"https:\/\/haberkuzey.com\/index.php\/wp-json\/wp\/v2\/media?parent=36564"}],"wp:term":[{"taxonomy":"category","embeddable":true,"href":"https:\/\/haberkuzey.com\/index.php\/wp-json\/wp\/v2\/categories?post=36564"},{"taxonomy":"post_tag","embeddable":true,"href":"https:\/\/haberkuzey.com\/index.php\/wp-json\/wp\/v2\/tags?post=36564"}],"curies":[{"name":"wp","href":"https:\/\/api.w.org\/{rel}","templated":true}]}}