{"id":36555,"date":"2026-04-28T07:29:00","date_gmt":"2026-04-28T04:29:00","guid":{"rendered":"https:\/\/haberkuzey.com\/index.php\/2026\/04\/28\/elon-musk-ve-sam-altman-karsi-karsiya-yapay-zekanin-gelecegi-mahkemede\/"},"modified":"2026-04-28T07:29:00","modified_gmt":"2026-04-28T04:29:00","slug":"elon-musk-ve-sam-altman-karsi-karsiya-yapay-zekanin-gelecegi-mahkemede","status":"publish","type":"post","link":"https:\/\/haberkuzey.com\/index.php\/2026\/04\/28\/elon-musk-ve-sam-altman-karsi-karsiya-yapay-zekanin-gelecegi-mahkemede\/","title":{"rendered":"Elon Musk ve Sam Altman kar\u015f\u0131 kar\u015f\u0131ya: Yapay zekan\u0131n gelece\u011fi mahkemede"},"content":{"rendered":"<p><\/p>\n<div>\n<p>&#13;<br \/>\n\tD\u00f6rt hafta s\u00fcrmesi planlanan davada Tesla CEO&#8217;su Musk ve OpenAI CEO&#8217;su Altman&#8217;\u0131n yan\u0131 s\u0131ra Microsoft CEO&#8217;su Satya Nadella gibi sekt\u00f6r\u00fcn en etkili isimlerinin tan\u0131k k\u00fcrs\u00fcs\u00fcne \u00e7\u0131kmas\u0131 bekleniyor.<\/p>\n<p>&#13;<br \/>\n\tAnla\u015fmazl\u0131\u011f\u0131n temelinde, 2015 y\u0131l\u0131nda kar amac\u0131 g\u00fctmeyen bir ara\u015ft\u0131rma merkezi olarak kurulan OpenAI&#8217;\u0131n, milyarlarca dolarl\u0131k yat\u0131r\u0131mla ticari bir deve d\u00f6n\u00fc\u015fmesi yer al\u0131yor.<\/p>\n<p>&#13;<br \/>\n\tMusk, Altman ve di\u011fer kurucular\u0131n kendisinden para, tavsiye ve zaman al\u0131rken &#8220;kamu yarar\u0131na \u00e7al\u0131\u015fan bir yap\u0131&#8221; s\u00f6z\u00fc verdiklerini, ancak daha sonra bu s\u00f6z\u00fc bozarak \u015firketi ki\u015fisel kazan\u00e7 kap\u0131s\u0131na d\u00f6n\u00fc\u015ft\u00fcrd\u00fcklerini savunuyor.<\/p>\n<h2>&#13;<br \/>\n\tDavan\u0131n temelinde neler var?<\/h2>\n<p>&#13;<br \/>\n\tMusk, OpenAI ve Microsoft&#8217;un elde etti\u011fi gelirin vak\u0131f aya\u011f\u0131na aktar\u0131lmas\u0131n\u0131, ayr\u0131ca Sam Altman ve Greg Brockman&#8217;\u0131n g\u00f6revden al\u0131nmas\u0131n\u0131 talep ediyor.<\/p>\n<p>&#13;<br \/>\n\tAltman cephesi ise Musk&#8217;\u0131n tarihi yeniden yazmaya \u00e7al\u0131\u015ft\u0131\u011f\u0131n\u0131 ileri s\u00fcr\u00fcyor. Musk&#8217;\u0131n 2018&#8217;de \u015firketten ayr\u0131ld\u0131\u011f\u0131n\u0131, taahh\u00fct etti\u011fi 1 milyar dolarl\u0131k deste\u011fi asla tam olarak vermedi\u011fini ve asl\u0131nda OpenAI&#8217;\u0131 kendi \u015firketi Tesla&#8217;n\u0131n b\u00fcnyesine katmak istedi\u011fini iddia ediyor.<\/p>\n<p>&#13;<br \/>\n\tDava, birbirine hem benzeyen hem de taban tabana z\u0131t olan iki ismin karakter sava\u015f\u0131n\u0131 da g\u00f6zler \u00f6n\u00fcne seriyor.<\/p>\n<p>&#13;<br \/>\n\t645 milyar dolarl\u0131k servetiyle d\u00fcnyan\u0131n en zengin ismi olan Musk, Teksas&#8217;ta ya\u015f\u0131yor ve siyasi olarak Cumhuriyet\u00e7i tarafa yak\u0131n duruyor.<\/p>\n<p>&#13;<br \/>\n\t41 ya\u015f\u0131ndaki Altman ise San Francisco&#8217;da kalarak \u015firketin ofislerini burada b\u00fcy\u00fctmeyi s\u00fcrd\u00fcr\u00fcyor.<\/p>\n<h2>&#13;<br \/>\n\t\u00a0OpenAI&#8217;\u0131n mevcut yap\u0131s\u0131 k\u00f6kten de\u011fi\u015febilir<\/h2>\n<p>&#13;<br \/>\n\t\u0130li\u015fkileri zaman zaman ki\u015fisel sata\u015fmalara kadar varan ikiliden Musk, X \u00fczerinden Altman&#8217;a y\u00fcklenirken, Altman da Musk&#8217;\u0131n y\u0131llard\u0131r teslim etmedi\u011fi Tesla Roadster arac\u0131 i\u00e7in verdi\u011fi depozitoyu geri isteyerek yan\u0131t veriyor.<\/p>\n<p>&#13;<br \/>\n\tMahkemenin Musk lehine karar vermesi durumunda OpenAI&#8217;\u0131n mevcut yap\u0131s\u0131 k\u00f6kten de\u011fi\u015febilir.<\/p>\n<p>&#13;<br \/>\n\tMusk, \u015firketin orijinal t\u00fcz\u00fc\u011f\u00fcne geri d\u00f6nmesini ve ticari faaliyetlerin durdurulmas\u0131n\u0131 talep ederken, bu durum \u015firketin en b\u00fcy\u00fck destek\u00e7isi olan Microsoft ile olan ili\u015fkisini de riske atabilir.<\/p>\n<p>&#13;<br \/>\n\tYarg\u0131\u00e7 Yvonne Gonzalez Rogers taraf\u0131ndan y\u00f6netilen davada, j\u00fcrinin karar\u0131 tavsiye niteli\u011finde olacak ve nihai karar\u0131 bizzat yarg\u0131\u00e7 verecek.<\/p>\n<p>&#13;<br \/>\n\tTeknoloji d\u00fcnyas\u0131, bu davadan \u00e7\u0131kacak sonucun yapay zeka g\u00fcvenli\u011fi, a\u00e7\u0131k kaynak kullan\u0131m\u0131 ve \u015firketlerin kamu yarar\u0131 s\u00f6zlerinin yasal ba\u011flay\u0131c\u0131l\u0131\u011f\u0131 konusunda emsal olu\u015fturmas\u0131n\u0131 bekliyor.<\/p>\n<\/p><\/div>\n","protected":false},"excerpt":{"rendered":"<p>&#13; D\u00f6rt hafta s\u00fcrmesi planlanan davada Tesla CEO&#8217;su Musk ve OpenAI CEO&#8217;su Altman&#8217;\u0131n yan\u0131 s\u0131ra Microsoft CEO&#8217;su Satya Nadella gibi sekt\u00f6r\u00fcn en etkili isimlerinin tan\u0131k k\u00fcrs\u00fcs\u00fcne \u00e7\u0131kmas\u0131 bekleniyor. &#13; Anla\u015fmazl\u0131\u011f\u0131n temelinde, 2015 y\u0131l\u0131nda kar amac\u0131 g\u00fctmeyen bir ara\u015ft\u0131rma merkezi olarak kurulan OpenAI&#8217;\u0131n, milyarlarca dolarl\u0131k yat\u0131r\u0131mla ticari bir deve d\u00f6n\u00fc\u015fmesi yer al\u0131yor. &#13; Musk, Altman ve [&hellip;]<\/p>\n","protected":false},"author":1,"featured_media":34231,"comment_status":"open","ping_status":"open","sticky":false,"template":"","format":"standard","meta":{"jnews-multi-image_gallery":[],"jnews_single_post":[],"jnews_primary_category":[],"footnotes":""},"categories":[2],"tags":[],"class_list":["post-36555","post","type-post","status-publish","format-standard","has-post-thumbnail","hentry","category-dunya"],"yoast_head":"<!-- This site is optimized with the Yoast SEO plugin v27.4 - https:\/\/yoast.com\/product\/yoast-seo-wordpress\/ -->\n<title>Elon Musk ve Sam Altman kar\u015f\u0131 kar\u015f\u0131ya: Yapay zekan\u0131n gelece\u011fi mahkemede - Haber Kuzey<\/title>\n<meta name=\"robots\" content=\"index, follow, max-snippet:-1, max-image-preview:large, max-video-preview:-1\" \/>\n<link rel=\"canonical\" href=\"https:\/\/haberkuzey.com\/index.php\/2026\/04\/28\/elon-musk-ve-sam-altman-karsi-karsiya-yapay-zekanin-gelecegi-mahkemede\/\" \/>\n<meta property=\"og:locale\" content=\"tr_TR\" \/>\n<meta property=\"og:type\" content=\"article\" \/>\n<meta property=\"og:title\" content=\"Elon Musk ve Sam Altman kar\u015f\u0131 kar\u015f\u0131ya: Yapay zekan\u0131n gelece\u011fi mahkemede - Haber Kuzey\" \/>\n<meta property=\"og:description\" content=\"&#013; D\u00f6rt hafta s\u00fcrmesi planlanan davada Tesla CEO&#8217;su Musk ve OpenAI CEO&#8217;su Altman&#8217;\u0131n yan\u0131 s\u0131ra Microsoft CEO&#8217;su Satya Nadella gibi sekt\u00f6r\u00fcn en etkili isimlerinin tan\u0131k k\u00fcrs\u00fcs\u00fcne \u00e7\u0131kmas\u0131 bekleniyor. &#013; Anla\u015fmazl\u0131\u011f\u0131n temelinde, 2015 y\u0131l\u0131nda kar amac\u0131 g\u00fctmeyen bir ara\u015ft\u0131rma merkezi olarak kurulan OpenAI&#8217;\u0131n, milyarlarca dolarl\u0131k yat\u0131r\u0131mla ticari bir deve d\u00f6n\u00fc\u015fmesi yer al\u0131yor. &#013; Musk, Altman ve [&hellip;]\" \/>\n<meta property=\"og:url\" content=\"https:\/\/haberkuzey.com\/index.php\/2026\/04\/28\/elon-musk-ve-sam-altman-karsi-karsiya-yapay-zekanin-gelecegi-mahkemede\/\" \/>\n<meta property=\"og:site_name\" content=\"Haber Kuzey\" \/>\n<meta property=\"article:published_time\" content=\"2026-04-28T04:29:00+00:00\" \/>\n<meta property=\"og:image\" content=\"https:\/\/trthaberstatic.cdn.wp.trt.com.tr\/resimler\/2430000\/yapay-zeka-2431565.jpg\" \/>\n<meta name=\"author\" content=\"haberkuzey\" \/>\n<meta name=\"twitter:card\" content=\"summary_large_image\" \/>\n<meta name=\"twitter:label1\" content=\"Yazan:\" \/>\n\t<meta name=\"twitter:data1\" content=\"haberkuzey\" \/>\n\t<meta name=\"twitter:label2\" content=\"Tahmini okuma s\u00fcresi\" \/>\n\t<meta name=\"twitter:data2\" content=\"2 dakika\" \/>\n<script type=\"application\/ld+json\" class=\"yoast-schema-graph\">{\"@context\":\"https:\\\/\\\/schema.org\",\"@graph\":[{\"@type\":\"Article\",\"@id\":\"https:\\\/\\\/haberkuzey.com\\\/index.php\\\/2026\\\/04\\\/28\\\/elon-musk-ve-sam-altman-karsi-karsiya-yapay-zekanin-gelecegi-mahkemede\\\/#article\",\"isPartOf\":{\"@id\":\"https:\\\/\\\/haberkuzey.com\\\/index.php\\\/2026\\\/04\\\/28\\\/elon-musk-ve-sam-altman-karsi-karsiya-yapay-zekanin-gelecegi-mahkemede\\\/\"},\"author\":{\"name\":\"haberkuzey\",\"@id\":\"https:\\\/\\\/haberkuzey.com\\\/#\\\/schema\\\/person\\\/3372109ec735f9333f4fa47ebb9605ca\"},\"headline\":\"Elon Musk ve Sam Altman kar\u015f\u0131 kar\u015f\u0131ya: Yapay zekan\u0131n gelece\u011fi mahkemede\",\"datePublished\":\"2026-04-28T04:29:00+00:00\",\"mainEntityOfPage\":{\"@id\":\"https:\\\/\\\/haberkuzey.com\\\/index.php\\\/2026\\\/04\\\/28\\\/elon-musk-ve-sam-altman-karsi-karsiya-yapay-zekanin-gelecegi-mahkemede\\\/\"},\"wordCount\":443,\"commentCount\":0,\"image\":{\"@id\":\"https:\\\/\\\/haberkuzey.com\\\/index.php\\\/2026\\\/04\\\/28\\\/elon-musk-ve-sam-altman-karsi-karsiya-yapay-zekanin-gelecegi-mahkemede\\\/#primaryimage\"},\"thumbnailUrl\":\"https:\\\/\\\/haberkuzey.com\\\/wp-content\\\/uploads\\\/2026\\\/01\\\/yapay-zeka-2431565.jpg\",\"articleSection\":[\"D\u00fcnya\"],\"inLanguage\":\"tr\",\"potentialAction\":[{\"@type\":\"CommentAction\",\"name\":\"Comment\",\"target\":[\"https:\\\/\\\/haberkuzey.com\\\/index.php\\\/2026\\\/04\\\/28\\\/elon-musk-ve-sam-altman-karsi-karsiya-yapay-zekanin-gelecegi-mahkemede\\\/#respond\"]}]},{\"@type\":\"WebPage\",\"@id\":\"https:\\\/\\\/haberkuzey.com\\\/index.php\\\/2026\\\/04\\\/28\\\/elon-musk-ve-sam-altman-karsi-karsiya-yapay-zekanin-gelecegi-mahkemede\\\/\",\"url\":\"https:\\\/\\\/haberkuzey.com\\\/index.php\\\/2026\\\/04\\\/28\\\/elon-musk-ve-sam-altman-karsi-karsiya-yapay-zekanin-gelecegi-mahkemede\\\/\",\"name\":\"Elon Musk ve Sam Altman kar\u015f\u0131 kar\u015f\u0131ya: Yapay zekan\u0131n gelece\u011fi mahkemede - Haber Kuzey\",\"isPartOf\":{\"@id\":\"https:\\\/\\\/haberkuzey.com\\\/#website\"},\"primaryImageOfPage\":{\"@id\":\"https:\\\/\\\/haberkuzey.com\\\/index.php\\\/2026\\\/04\\\/28\\\/elon-musk-ve-sam-altman-karsi-karsiya-yapay-zekanin-gelecegi-mahkemede\\\/#primaryimage\"},\"image\":{\"@id\":\"https:\\\/\\\/haberkuzey.com\\\/index.php\\\/2026\\\/04\\\/28\\\/elon-musk-ve-sam-altman-karsi-karsiya-yapay-zekanin-gelecegi-mahkemede\\\/#primaryimage\"},\"thumbnailUrl\":\"https:\\\/\\\/haberkuzey.com\\\/wp-content\\\/uploads\\\/2026\\\/01\\\/yapay-zeka-2431565.jpg\",\"datePublished\":\"2026-04-28T04:29:00+00:00\",\"author\":{\"@id\":\"https:\\\/\\\/haberkuzey.com\\\/#\\\/schema\\\/person\\\/3372109ec735f9333f4fa47ebb9605ca\"},\"breadcrumb\":{\"@id\":\"https:\\\/\\\/haberkuzey.com\\\/index.php\\\/2026\\\/04\\\/28\\\/elon-musk-ve-sam-altman-karsi-karsiya-yapay-zekanin-gelecegi-mahkemede\\\/#breadcrumb\"},\"inLanguage\":\"tr\",\"potentialAction\":[{\"@type\":\"ReadAction\",\"target\":[\"https:\\\/\\\/haberkuzey.com\\\/index.php\\\/2026\\\/04\\\/28\\\/elon-musk-ve-sam-altman-karsi-karsiya-yapay-zekanin-gelecegi-mahkemede\\\/\"]}]},{\"@type\":\"ImageObject\",\"inLanguage\":\"tr\",\"@id\":\"https:\\\/\\\/haberkuzey.com\\\/index.php\\\/2026\\\/04\\\/28\\\/elon-musk-ve-sam-altman-karsi-karsiya-yapay-zekanin-gelecegi-mahkemede\\\/#primaryimage\",\"url\":\"https:\\\/\\\/haberkuzey.com\\\/wp-content\\\/uploads\\\/2026\\\/01\\\/yapay-zeka-2431565.jpg\",\"contentUrl\":\"https:\\\/\\\/haberkuzey.com\\\/wp-content\\\/uploads\\\/2026\\\/01\\\/yapay-zeka-2431565.jpg\",\"width\":1280,\"height\":720},{\"@type\":\"BreadcrumbList\",\"@id\":\"https:\\\/\\\/haberkuzey.com\\\/index.php\\\/2026\\\/04\\\/28\\\/elon-musk-ve-sam-altman-karsi-karsiya-yapay-zekanin-gelecegi-mahkemede\\\/#breadcrumb\",\"itemListElement\":[{\"@type\":\"ListItem\",\"position\":1,\"name\":\"Anasayfa\",\"item\":\"https:\\\/\\\/haberkuzey.com\\\/\"},{\"@type\":\"ListItem\",\"position\":2,\"name\":\"Elon Musk ve Sam Altman kar\u015f\u0131 kar\u015f\u0131ya: Yapay zekan\u0131n gelece\u011fi mahkemede\"}]},{\"@type\":\"WebSite\",\"@id\":\"https:\\\/\\\/haberkuzey.com\\\/#website\",\"url\":\"https:\\\/\\\/haberkuzey.com\\\/\",\"name\":\"Haber Kuzey\",\"description\":\"Do\u011fru Haberin Adresi\",\"potentialAction\":[{\"@type\":\"SearchAction\",\"target\":{\"@type\":\"EntryPoint\",\"urlTemplate\":\"https:\\\/\\\/haberkuzey.com\\\/?s={search_term_string}\"},\"query-input\":{\"@type\":\"PropertyValueSpecification\",\"valueRequired\":true,\"valueName\":\"search_term_string\"}}],\"inLanguage\":\"tr\"},{\"@type\":\"Person\",\"@id\":\"https:\\\/\\\/haberkuzey.com\\\/#\\\/schema\\\/person\\\/3372109ec735f9333f4fa47ebb9605ca\",\"name\":\"haberkuzey\",\"image\":{\"@type\":\"ImageObject\",\"inLanguage\":\"tr\",\"@id\":\"https:\\\/\\\/secure.gravatar.com\\\/avatar\\\/f5fc875574b1575324358c3b9e6a32b8227aa5b74f3fa22e3cadb63e26fcc39c?s=96&d=mm&r=g\",\"url\":\"https:\\\/\\\/secure.gravatar.com\\\/avatar\\\/f5fc875574b1575324358c3b9e6a32b8227aa5b74f3fa22e3cadb63e26fcc39c?s=96&d=mm&r=g\",\"contentUrl\":\"https:\\\/\\\/secure.gravatar.com\\\/avatar\\\/f5fc875574b1575324358c3b9e6a32b8227aa5b74f3fa22e3cadb63e26fcc39c?s=96&d=mm&r=g\",\"caption\":\"haberkuzey\"},\"sameAs\":[\"https:\\\/\\\/haberkuzey.com\"],\"url\":\"https:\\\/\\\/haberkuzey.com\\\/index.php\\\/author\\\/haberkuzey\\\/\"}]}<\/script>\n<!-- \/ Yoast SEO plugin. -->","yoast_head_json":{"title":"Elon Musk ve Sam Altman kar\u015f\u0131 kar\u015f\u0131ya: Yapay zekan\u0131n gelece\u011fi mahkemede - Haber Kuzey","robots":{"index":"index","follow":"follow","max-snippet":"max-snippet:-1","max-image-preview":"max-image-preview:large","max-video-preview":"max-video-preview:-1"},"canonical":"https:\/\/haberkuzey.com\/index.php\/2026\/04\/28\/elon-musk-ve-sam-altman-karsi-karsiya-yapay-zekanin-gelecegi-mahkemede\/","og_locale":"tr_TR","og_type":"article","og_title":"Elon Musk ve Sam Altman kar\u015f\u0131 kar\u015f\u0131ya: Yapay zekan\u0131n gelece\u011fi mahkemede - Haber Kuzey","og_description":"&#13; D\u00f6rt hafta s\u00fcrmesi planlanan davada Tesla CEO&#8217;su Musk ve OpenAI CEO&#8217;su Altman&#8217;\u0131n yan\u0131 s\u0131ra Microsoft CEO&#8217;su Satya Nadella gibi sekt\u00f6r\u00fcn en etkili isimlerinin tan\u0131k k\u00fcrs\u00fcs\u00fcne \u00e7\u0131kmas\u0131 bekleniyor. &#13; Anla\u015fmazl\u0131\u011f\u0131n temelinde, 2015 y\u0131l\u0131nda kar amac\u0131 g\u00fctmeyen bir ara\u015ft\u0131rma merkezi olarak kurulan OpenAI&#8217;\u0131n, milyarlarca dolarl\u0131k yat\u0131r\u0131mla ticari bir deve d\u00f6n\u00fc\u015fmesi yer al\u0131yor. &#13; Musk, Altman ve [&hellip;]","og_url":"https:\/\/haberkuzey.com\/index.php\/2026\/04\/28\/elon-musk-ve-sam-altman-karsi-karsiya-yapay-zekanin-gelecegi-mahkemede\/","og_site_name":"Haber Kuzey","article_published_time":"2026-04-28T04:29:00+00:00","og_image":[{"url":"https:\/\/trthaberstatic.cdn.wp.trt.com.tr\/resimler\/2430000\/yapay-zeka-2431565.jpg","type":"","width":"","height":""}],"author":"haberkuzey","twitter_card":"summary_large_image","twitter_misc":{"Yazan:":"haberkuzey","Tahmini okuma s\u00fcresi":"2 dakika"},"schema":{"@context":"https:\/\/schema.org","@graph":[{"@type":"Article","@id":"https:\/\/haberkuzey.com\/index.php\/2026\/04\/28\/elon-musk-ve-sam-altman-karsi-karsiya-yapay-zekanin-gelecegi-mahkemede\/#article","isPartOf":{"@id":"https:\/\/haberkuzey.com\/index.php\/2026\/04\/28\/elon-musk-ve-sam-altman-karsi-karsiya-yapay-zekanin-gelecegi-mahkemede\/"},"author":{"name":"haberkuzey","@id":"https:\/\/haberkuzey.com\/#\/schema\/person\/3372109ec735f9333f4fa47ebb9605ca"},"headline":"Elon Musk ve Sam Altman kar\u015f\u0131 kar\u015f\u0131ya: Yapay zekan\u0131n gelece\u011fi mahkemede","datePublished":"2026-04-28T04:29:00+00:00","mainEntityOfPage":{"@id":"https:\/\/haberkuzey.com\/index.php\/2026\/04\/28\/elon-musk-ve-sam-altman-karsi-karsiya-yapay-zekanin-gelecegi-mahkemede\/"},"wordCount":443,"commentCount":0,"image":{"@id":"https:\/\/haberkuzey.com\/index.php\/2026\/04\/28\/elon-musk-ve-sam-altman-karsi-karsiya-yapay-zekanin-gelecegi-mahkemede\/#primaryimage"},"thumbnailUrl":"https:\/\/haberkuzey.com\/wp-content\/uploads\/2026\/01\/yapay-zeka-2431565.jpg","articleSection":["D\u00fcnya"],"inLanguage":"tr","potentialAction":[{"@type":"CommentAction","name":"Comment","target":["https:\/\/haberkuzey.com\/index.php\/2026\/04\/28\/elon-musk-ve-sam-altman-karsi-karsiya-yapay-zekanin-gelecegi-mahkemede\/#respond"]}]},{"@type":"WebPage","@id":"https:\/\/haberkuzey.com\/index.php\/2026\/04\/28\/elon-musk-ve-sam-altman-karsi-karsiya-yapay-zekanin-gelecegi-mahkemede\/","url":"https:\/\/haberkuzey.com\/index.php\/2026\/04\/28\/elon-musk-ve-sam-altman-karsi-karsiya-yapay-zekanin-gelecegi-mahkemede\/","name":"Elon Musk ve Sam Altman kar\u015f\u0131 kar\u015f\u0131ya: Yapay zekan\u0131n gelece\u011fi mahkemede - Haber Kuzey","isPartOf":{"@id":"https:\/\/haberkuzey.com\/#website"},"primaryImageOfPage":{"@id":"https:\/\/haberkuzey.com\/index.php\/2026\/04\/28\/elon-musk-ve-sam-altman-karsi-karsiya-yapay-zekanin-gelecegi-mahkemede\/#primaryimage"},"image":{"@id":"https:\/\/haberkuzey.com\/index.php\/2026\/04\/28\/elon-musk-ve-sam-altman-karsi-karsiya-yapay-zekanin-gelecegi-mahkemede\/#primaryimage"},"thumbnailUrl":"https:\/\/haberkuzey.com\/wp-content\/uploads\/2026\/01\/yapay-zeka-2431565.jpg","datePublished":"2026-04-28T04:29:00+00:00","author":{"@id":"https:\/\/haberkuzey.com\/#\/schema\/person\/3372109ec735f9333f4fa47ebb9605ca"},"breadcrumb":{"@id":"https:\/\/haberkuzey.com\/index.php\/2026\/04\/28\/elon-musk-ve-sam-altman-karsi-karsiya-yapay-zekanin-gelecegi-mahkemede\/#breadcrumb"},"inLanguage":"tr","potentialAction":[{"@type":"ReadAction","target":["https:\/\/haberkuzey.com\/index.php\/2026\/04\/28\/elon-musk-ve-sam-altman-karsi-karsiya-yapay-zekanin-gelecegi-mahkemede\/"]}]},{"@type":"ImageObject","inLanguage":"tr","@id":"https:\/\/haberkuzey.com\/index.php\/2026\/04\/28\/elon-musk-ve-sam-altman-karsi-karsiya-yapay-zekanin-gelecegi-mahkemede\/#primaryimage","url":"https:\/\/haberkuzey.com\/wp-content\/uploads\/2026\/01\/yapay-zeka-2431565.jpg","contentUrl":"https:\/\/haberkuzey.com\/wp-content\/uploads\/2026\/01\/yapay-zeka-2431565.jpg","width":1280,"height":720},{"@type":"BreadcrumbList","@id":"https:\/\/haberkuzey.com\/index.php\/2026\/04\/28\/elon-musk-ve-sam-altman-karsi-karsiya-yapay-zekanin-gelecegi-mahkemede\/#breadcrumb","itemListElement":[{"@type":"ListItem","position":1,"name":"Anasayfa","item":"https:\/\/haberkuzey.com\/"},{"@type":"ListItem","position":2,"name":"Elon Musk ve Sam Altman kar\u015f\u0131 kar\u015f\u0131ya: Yapay zekan\u0131n gelece\u011fi mahkemede"}]},{"@type":"WebSite","@id":"https:\/\/haberkuzey.com\/#website","url":"https:\/\/haberkuzey.com\/","name":"Haber Kuzey","description":"Do\u011fru Haberin Adresi","potentialAction":[{"@type":"SearchAction","target":{"@type":"EntryPoint","urlTemplate":"https:\/\/haberkuzey.com\/?s={search_term_string}"},"query-input":{"@type":"PropertyValueSpecification","valueRequired":true,"valueName":"search_term_string"}}],"inLanguage":"tr"},{"@type":"Person","@id":"https:\/\/haberkuzey.com\/#\/schema\/person\/3372109ec735f9333f4fa47ebb9605ca","name":"haberkuzey","image":{"@type":"ImageObject","inLanguage":"tr","@id":"https:\/\/secure.gravatar.com\/avatar\/f5fc875574b1575324358c3b9e6a32b8227aa5b74f3fa22e3cadb63e26fcc39c?s=96&d=mm&r=g","url":"https:\/\/secure.gravatar.com\/avatar\/f5fc875574b1575324358c3b9e6a32b8227aa5b74f3fa22e3cadb63e26fcc39c?s=96&d=mm&r=g","contentUrl":"https:\/\/secure.gravatar.com\/avatar\/f5fc875574b1575324358c3b9e6a32b8227aa5b74f3fa22e3cadb63e26fcc39c?s=96&d=mm&r=g","caption":"haberkuzey"},"sameAs":["https:\/\/haberkuzey.com"],"url":"https:\/\/haberkuzey.com\/index.php\/author\/haberkuzey\/"}]}},"_links":{"self":[{"href":"https:\/\/haberkuzey.com\/index.php\/wp-json\/wp\/v2\/posts\/36555","targetHints":{"allow":["GET"]}}],"collection":[{"href":"https:\/\/haberkuzey.com\/index.php\/wp-json\/wp\/v2\/posts"}],"about":[{"href":"https:\/\/haberkuzey.com\/index.php\/wp-json\/wp\/v2\/types\/post"}],"author":[{"embeddable":true,"href":"https:\/\/haberkuzey.com\/index.php\/wp-json\/wp\/v2\/users\/1"}],"replies":[{"embeddable":true,"href":"https:\/\/haberkuzey.com\/index.php\/wp-json\/wp\/v2\/comments?post=36555"}],"version-history":[{"count":0,"href":"https:\/\/haberkuzey.com\/index.php\/wp-json\/wp\/v2\/posts\/36555\/revisions"}],"wp:featuredmedia":[{"embeddable":true,"href":"https:\/\/haberkuzey.com\/index.php\/wp-json\/wp\/v2\/media\/34231"}],"wp:attachment":[{"href":"https:\/\/haberkuzey.com\/index.php\/wp-json\/wp\/v2\/media?parent=36555"}],"wp:term":[{"taxonomy":"category","embeddable":true,"href":"https:\/\/haberkuzey.com\/index.php\/wp-json\/wp\/v2\/categories?post=36555"},{"taxonomy":"post_tag","embeddable":true,"href":"https:\/\/haberkuzey.com\/index.php\/wp-json\/wp\/v2\/tags?post=36555"}],"curies":[{"name":"wp","href":"https:\/\/api.w.org\/{rel}","templated":true}]}}