{"id":36553,"date":"2026-04-28T06:27:58","date_gmt":"2026-04-28T03:27:58","guid":{"rendered":"https:\/\/haberkuzey.com\/index.php\/2026\/04\/28\/iranin-abdye-yeni-teklifinde-neler-var\/"},"modified":"2026-04-28T06:27:58","modified_gmt":"2026-04-28T03:27:58","slug":"iranin-abdye-yeni-teklifinde-neler-var","status":"publish","type":"post","link":"https:\/\/haberkuzey.com\/index.php\/2026\/04\/28\/iranin-abdye-yeni-teklifinde-neler-var\/","title":{"rendered":"\u0130ran&#8217;\u0131n ABD&#8217;ye yeni teklifinde neler var?"},"content":{"rendered":"<p><\/p>\n<div>\n<p>&#13;<br \/>\n\tPazartesi g\u00fcn\u00fc St. Petersburg&#8217;da Rusya Devlet Ba\u015fkan\u0131 Vladimir Putin ile bir araya gelen Arak\u00e7i, bu g\u00f6r\u00fc\u015fme \u00f6ncesinde iki g\u00fcn i\u00e7inde \u0130slamabad&#8217;a iki ziyaret ger\u00e7ekle\u015ftirdi ve bu ziyaretlerin aras\u0131nda Umman&#8217;\u0131n ba\u015fkenti Muskat&#8217;ta bir g\u00f6r\u00fc\u015fme yapt\u0131.<\/p>\n<p>&#13;<br \/>\n\tMuskat&#8217;taki temaslarda n\u00fckleer konular bir kenara b\u0131rak\u0131larak H\u00fcrm\u00fcz Bo\u011faz\u0131, b\u00f6lgesel g\u00fcvenlik garantileri ve olas\u0131 bir \u00e7\u00f6z\u00fcm \u00e7er\u00e7evesine odaklan\u0131lacak.<\/p>\n<h2>&#13;<br \/>\n\tPakistan g\u00f6r\u00fc\u015fmelerin merkezinde<\/h2>\n<p>&#13;<br \/>\n\t\u0130ran, ABD ile sava\u015f\u0131 sona erdirmeye y\u00f6nelik son \u00f6nerisini Pakistan&#8217;a sundu. \u0130slamabad, 11 Nisan&#8217;da do\u011frudan yap\u0131lan g\u00f6r\u00fc\u015fmelerden sonu\u00e7 al\u0131namamas\u0131n\u0131n ard\u0131ndan Tahran ile Washington aras\u0131nda mesaj iletimini s\u00fcrd\u00fcrecek.<\/p>\n<p>&#13;<br \/>\n\tBeyaz Saray S\u00f6zc\u00fcs\u00fc Olivia Wales, \u00f6nerinin i\u00e7eri\u011fine dair bir do\u011frulama yapmazken, ABD&#8217;nin &#8220;bas\u0131n \u00fczerinden m\u00fczakere yapmayaca\u011f\u0131n\u0131&#8221; ve ancak \u0130ran&#8217;\u0131n n\u00fckleer silah sahibi olmas\u0131n\u0131 engelleyen, Amerikan halk\u0131n\u0131n \u00f6nceliklerini g\u00f6zeten bir anla\u015fmay\u0131 kabul edece\u011fini belirtti.<\/p>\n<p>&#13;<br \/>\n\tABD Ba\u015fkan\u0131 Donald Trump ise n\u00fckleer m\u00fczakerelerin ertelenmesi teklifine s\u0131cak bakmad\u0131\u011f\u0131n\u0131n sinyalini vererek, n\u00fckleer silah \u015fart\u0131 yerine getirilmedi\u011fi s\u00fcrece g\u00f6r\u00fc\u015fmenin bir anlam\u0131 olmayaca\u011f\u0131n\u0131 ifade etti.<\/p>\n<h2>&#13;<br \/>\n\tDiplomatik giri\u015fimler zamanla yar\u0131\u015facak<\/h2>\n<p>&#13;<br \/>\n\tTrump, 1973 tarihli Sava\u015f Yetkileri Yasas\u0131 uyar\u0131nca, dokuzuncu haftas\u0131na giren \u0130ran askeri operasyonlar\u0131na devam etmek i\u00e7in 1 May\u0131s&#8217;a kadar kongre onay\u0131 almak zorunda kalacak. Cumhuriyet\u00e7i isimlerin b\u00fcy\u00fck k\u0131sm\u0131 \u015fu ana kadar Trump&#8217;a destek verse de, baz\u0131 \u00fcyeler bu deste\u011fin 60 g\u00fcnl\u00fck s\u00fcrenin \u00f6tesine ge\u00e7meyece\u011fini dile getirdi.<\/p>\n<p>&#13;<br \/>\n\tArak\u00e7i, \u0130slamabad&#8217;da Pakistan Ba\u015fbakan\u0131 \u015eahbaz \u015eerif, Ba\u015fbakan Yard\u0131mc\u0131s\u0131 \u0130shak Dar ve Ordu Komutan\u0131 As\u0131m M\u00fcnir ile g\u00f6r\u00fc\u015ft\u00fc.<\/p>\n<p>&#13;<br \/>\n\t\u0130ranl\u0131 Bakan, Pakistan&#8217;\u0131n m\u00fczakerelerde \u00f6nemli bir kolayla\u015ft\u0131r\u0131c\u0131 rol oynad\u0131\u011f\u0131n\u0131 belirtirken, \u00f6nceki turda ilerleme kaydedilememesini ABD&#8217;nin &#8220;a\u015f\u0131r\u0131 taleplerine&#8221; ba\u011flad\u0131.<\/p>\n<h2>&#13;<br \/>\n\tGeni\u015fleyen diplomasi halkas\u0131<\/h2>\n<p>&#13;<br \/>\n\tD\u0131\u015fi\u015fleri Bakan\u0131 Arak\u00e7i, son \u00fc\u00e7 g\u00fcn i\u00e7inde Katar, Suudi Arabistan, M\u0131s\u0131r ve Fransa d\u0131\u015fi\u015fleri bakanlar\u0131yla da telefon g\u00f6r\u00fc\u015fmeleri ger\u00e7ekle\u015ftirdi.<\/p>\n<p>&#13;<br \/>\n\tKatar Ba\u015fbakan\u0131 \u015eeyh Muhammed bin Abdurrahman bin Casim Al Sani, deniz yollar\u0131n\u0131n bir pazarl\u0131k kozu veya bask\u0131 arac\u0131 olarak kullan\u0131lmamas\u0131 gerekti\u011fi uyar\u0131s\u0131nda bulundu.<\/p>\n<p>&#13;<br \/>\n\tK\u00f6rfez \u00fclkeleri, H\u00fcrm\u00fcz Bo\u011faz\u0131&#8217;n\u0131n kapal\u0131 olmas\u0131 nedeniyle enerji ihracat\u0131nda b\u00fcy\u00fck darbe al\u0131rken, \u00f6nceliklerini deniz g\u00fcvenli\u011fi ve H\u00fcrm\u00fcz Bo\u011faz\u0131&#8217;n\u0131n a\u00e7\u0131lmas\u0131 olarak belirleyecek.<\/p>\n<p>&#13;<br \/>\n\tUzmanlar, Tahran&#8217;\u0131n bu diplomatik ata\u011f\u0131n\u0131n, 2015 n\u00fckleer anla\u015fmas\u0131n\u0131n (JCPOA) \u00e7\u00f6k\u00fc\u015f\u00fcnden al\u0131nan derslerle ilgili oldu\u011funu ve \u0130ran&#8217;\u0131n b\u00f6lgesel destek arayarak diplomatik bir yal\u0131t\u0131m olu\u015fturmaya \u00e7al\u0131\u015ft\u0131\u011f\u0131n\u0131 vurgulad\u0131.<\/p>\n<h2>&#13;<br \/>\n\tRusya&#8217;n\u0131n rol\u00fc ve kritik tarihler<\/h2>\n<p>&#13;<br \/>\n\tRusya&#8217;n\u0131n m\u00fczakerelerdeki varl\u0131\u011f\u0131, n\u00fckleer anla\u015fmadaki teknik rol\u00fc ve Birle\u015fmi\u015f Milletler G\u00fcvenlik Konseyi&#8217;ndeki veto yetkisi nedeniyle \u00f6nem ta\u015f\u0131yacak.<\/p>\n<p>&#13;<br \/>\n\tG\u00f6r\u00fc\u015fmelerde \u0130ran&#8217;\u0131n zenginle\u015ftirilmi\u015f uranyum stoklar\u0131n\u0131n Rusya&#8217;ya devredilmesi gibi konular\u0131n da g\u00fcndeme geldi\u011fi belirtildi.<\/p>\n<p>&#13;<br \/>\n\tB\u00f6lgede 1 May\u0131s son tarihi, Trump&#8217;\u0131n May\u0131s ortas\u0131ndaki \u00c7in ziyareti ve yakla\u015fan Hac mevsimi gibi kritik s\u00fcre\u00e7ler yakla\u015f\u0131rken, m\u00fczakerelerin b\u00fcy\u00fck k\u0131sm\u0131n\u0131n kamuoyundan uzak \u015fekilde y\u00fcr\u00fct\u00fclmesi beklenecek.<\/p>\n<\/p><\/div>\n","protected":false},"excerpt":{"rendered":"<p>&#13; Pazartesi g\u00fcn\u00fc St. Petersburg&#8217;da Rusya Devlet Ba\u015fkan\u0131 Vladimir Putin ile bir araya gelen Arak\u00e7i, bu g\u00f6r\u00fc\u015fme \u00f6ncesinde iki g\u00fcn i\u00e7inde \u0130slamabad&#8217;a iki ziyaret ger\u00e7ekle\u015ftirdi ve bu ziyaretlerin aras\u0131nda Umman&#8217;\u0131n ba\u015fkenti Muskat&#8217;ta bir g\u00f6r\u00fc\u015fme yapt\u0131. &#13; Muskat&#8217;taki temaslarda n\u00fckleer konular bir kenara b\u0131rak\u0131larak H\u00fcrm\u00fcz Bo\u011faz\u0131, b\u00f6lgesel g\u00fcvenlik garantileri ve olas\u0131 bir \u00e7\u00f6z\u00fcm \u00e7er\u00e7evesine odaklan\u0131lacak. &#13; [&hellip;]<\/p>\n","protected":false},"author":1,"featured_media":36554,"comment_status":"open","ping_status":"open","sticky":false,"template":"","format":"standard","meta":{"jnews-multi-image_gallery":[],"jnews_single_post":[],"jnews_primary_category":[],"footnotes":""},"categories":[2],"tags":[],"class_list":["post-36553","post","type-post","status-publish","format-standard","has-post-thumbnail","hentry","category-dunya"],"yoast_head":"<!-- This site is optimized with the Yoast SEO plugin v27.4 - https:\/\/yoast.com\/product\/yoast-seo-wordpress\/ -->\n<title>\u0130ran&#039;\u0131n ABD&#039;ye yeni teklifinde neler var? - Haber Kuzey<\/title>\n<meta name=\"robots\" content=\"index, follow, max-snippet:-1, max-image-preview:large, max-video-preview:-1\" \/>\n<link rel=\"canonical\" href=\"https:\/\/haberkuzey.com\/index.php\/2026\/04\/28\/iranin-abdye-yeni-teklifinde-neler-var\/\" \/>\n<meta property=\"og:locale\" content=\"tr_TR\" \/>\n<meta property=\"og:type\" content=\"article\" \/>\n<meta property=\"og:title\" content=\"\u0130ran&#039;\u0131n ABD&#039;ye yeni teklifinde neler var? - Haber Kuzey\" \/>\n<meta property=\"og:description\" content=\"&#013; Pazartesi g\u00fcn\u00fc St. Petersburg&#8217;da Rusya Devlet Ba\u015fkan\u0131 Vladimir Putin ile bir araya gelen Arak\u00e7i, bu g\u00f6r\u00fc\u015fme \u00f6ncesinde iki g\u00fcn i\u00e7inde \u0130slamabad&#8217;a iki ziyaret ger\u00e7ekle\u015ftirdi ve bu ziyaretlerin aras\u0131nda Umman&#8217;\u0131n ba\u015fkenti Muskat&#8217;ta bir g\u00f6r\u00fc\u015fme yapt\u0131. &#013; Muskat&#8217;taki temaslarda n\u00fckleer konular bir kenara b\u0131rak\u0131larak H\u00fcrm\u00fcz Bo\u011faz\u0131, b\u00f6lgesel g\u00fcvenlik garantileri ve olas\u0131 bir \u00e7\u00f6z\u00fcm \u00e7er\u00e7evesine odaklan\u0131lacak. &#013; [&hellip;]\" \/>\n<meta property=\"og:url\" content=\"https:\/\/haberkuzey.com\/index.php\/2026\/04\/28\/iranin-abdye-yeni-teklifinde-neler-var\/\" \/>\n<meta property=\"og:site_name\" content=\"Haber Kuzey\" \/>\n<meta property=\"article:published_time\" content=\"2026-04-28T03:27:58+00:00\" \/>\n<meta property=\"og:image\" content=\"https:\/\/trthaberstatic.cdn.wp.trt.com.tr\/resimler\/2442000\/2442139.jpg\" \/>\n<meta name=\"author\" content=\"haberkuzey\" \/>\n<meta name=\"twitter:card\" content=\"summary_large_image\" \/>\n<meta name=\"twitter:label1\" content=\"Yazan:\" \/>\n\t<meta name=\"twitter:data1\" content=\"haberkuzey\" \/>\n\t<meta name=\"twitter:label2\" content=\"Tahmini okuma s\u00fcresi\" \/>\n\t<meta name=\"twitter:data2\" content=\"3 dakika\" \/>\n<script type=\"application\/ld+json\" class=\"yoast-schema-graph\">{\"@context\":\"https:\\\/\\\/schema.org\",\"@graph\":[{\"@type\":\"Article\",\"@id\":\"https:\\\/\\\/haberkuzey.com\\\/index.php\\\/2026\\\/04\\\/28\\\/iranin-abdye-yeni-teklifinde-neler-var\\\/#article\",\"isPartOf\":{\"@id\":\"https:\\\/\\\/haberkuzey.com\\\/index.php\\\/2026\\\/04\\\/28\\\/iranin-abdye-yeni-teklifinde-neler-var\\\/\"},\"author\":{\"name\":\"haberkuzey\",\"@id\":\"https:\\\/\\\/haberkuzey.com\\\/#\\\/schema\\\/person\\\/3372109ec735f9333f4fa47ebb9605ca\"},\"headline\":\"\u0130ran&#8217;\u0131n ABD&#8217;ye yeni teklifinde neler var?\",\"datePublished\":\"2026-04-28T03:27:58+00:00\",\"mainEntityOfPage\":{\"@id\":\"https:\\\/\\\/haberkuzey.com\\\/index.php\\\/2026\\\/04\\\/28\\\/iranin-abdye-yeni-teklifinde-neler-var\\\/\"},\"wordCount\":587,\"commentCount\":0,\"image\":{\"@id\":\"https:\\\/\\\/haberkuzey.com\\\/index.php\\\/2026\\\/04\\\/28\\\/iranin-abdye-yeni-teklifinde-neler-var\\\/#primaryimage\"},\"thumbnailUrl\":\"https:\\\/\\\/haberkuzey.com\\\/wp-content\\\/uploads\\\/2026\\\/04\\\/2442139.jpg\",\"articleSection\":[\"D\u00fcnya\"],\"inLanguage\":\"tr\",\"potentialAction\":[{\"@type\":\"CommentAction\",\"name\":\"Comment\",\"target\":[\"https:\\\/\\\/haberkuzey.com\\\/index.php\\\/2026\\\/04\\\/28\\\/iranin-abdye-yeni-teklifinde-neler-var\\\/#respond\"]}]},{\"@type\":\"WebPage\",\"@id\":\"https:\\\/\\\/haberkuzey.com\\\/index.php\\\/2026\\\/04\\\/28\\\/iranin-abdye-yeni-teklifinde-neler-var\\\/\",\"url\":\"https:\\\/\\\/haberkuzey.com\\\/index.php\\\/2026\\\/04\\\/28\\\/iranin-abdye-yeni-teklifinde-neler-var\\\/\",\"name\":\"\u0130ran'\u0131n ABD'ye yeni teklifinde neler var? - Haber Kuzey\",\"isPartOf\":{\"@id\":\"https:\\\/\\\/haberkuzey.com\\\/#website\"},\"primaryImageOfPage\":{\"@id\":\"https:\\\/\\\/haberkuzey.com\\\/index.php\\\/2026\\\/04\\\/28\\\/iranin-abdye-yeni-teklifinde-neler-var\\\/#primaryimage\"},\"image\":{\"@id\":\"https:\\\/\\\/haberkuzey.com\\\/index.php\\\/2026\\\/04\\\/28\\\/iranin-abdye-yeni-teklifinde-neler-var\\\/#primaryimage\"},\"thumbnailUrl\":\"https:\\\/\\\/haberkuzey.com\\\/wp-content\\\/uploads\\\/2026\\\/04\\\/2442139.jpg\",\"datePublished\":\"2026-04-28T03:27:58+00:00\",\"author\":{\"@id\":\"https:\\\/\\\/haberkuzey.com\\\/#\\\/schema\\\/person\\\/3372109ec735f9333f4fa47ebb9605ca\"},\"breadcrumb\":{\"@id\":\"https:\\\/\\\/haberkuzey.com\\\/index.php\\\/2026\\\/04\\\/28\\\/iranin-abdye-yeni-teklifinde-neler-var\\\/#breadcrumb\"},\"inLanguage\":\"tr\",\"potentialAction\":[{\"@type\":\"ReadAction\",\"target\":[\"https:\\\/\\\/haberkuzey.com\\\/index.php\\\/2026\\\/04\\\/28\\\/iranin-abdye-yeni-teklifinde-neler-var\\\/\"]}]},{\"@type\":\"ImageObject\",\"inLanguage\":\"tr\",\"@id\":\"https:\\\/\\\/haberkuzey.com\\\/index.php\\\/2026\\\/04\\\/28\\\/iranin-abdye-yeni-teklifinde-neler-var\\\/#primaryimage\",\"url\":\"https:\\\/\\\/haberkuzey.com\\\/wp-content\\\/uploads\\\/2026\\\/04\\\/2442139.jpg\",\"contentUrl\":\"https:\\\/\\\/haberkuzey.com\\\/wp-content\\\/uploads\\\/2026\\\/04\\\/2442139.jpg\",\"width\":1280,\"height\":720},{\"@type\":\"BreadcrumbList\",\"@id\":\"https:\\\/\\\/haberkuzey.com\\\/index.php\\\/2026\\\/04\\\/28\\\/iranin-abdye-yeni-teklifinde-neler-var\\\/#breadcrumb\",\"itemListElement\":[{\"@type\":\"ListItem\",\"position\":1,\"name\":\"Anasayfa\",\"item\":\"https:\\\/\\\/haberkuzey.com\\\/\"},{\"@type\":\"ListItem\",\"position\":2,\"name\":\"\u0130ran&#8217;\u0131n ABD&#8217;ye yeni teklifinde neler var?\"}]},{\"@type\":\"WebSite\",\"@id\":\"https:\\\/\\\/haberkuzey.com\\\/#website\",\"url\":\"https:\\\/\\\/haberkuzey.com\\\/\",\"name\":\"Haber Kuzey\",\"description\":\"Do\u011fru Haberin Adresi\",\"potentialAction\":[{\"@type\":\"SearchAction\",\"target\":{\"@type\":\"EntryPoint\",\"urlTemplate\":\"https:\\\/\\\/haberkuzey.com\\\/?s={search_term_string}\"},\"query-input\":{\"@type\":\"PropertyValueSpecification\",\"valueRequired\":true,\"valueName\":\"search_term_string\"}}],\"inLanguage\":\"tr\"},{\"@type\":\"Person\",\"@id\":\"https:\\\/\\\/haberkuzey.com\\\/#\\\/schema\\\/person\\\/3372109ec735f9333f4fa47ebb9605ca\",\"name\":\"haberkuzey\",\"image\":{\"@type\":\"ImageObject\",\"inLanguage\":\"tr\",\"@id\":\"https:\\\/\\\/secure.gravatar.com\\\/avatar\\\/f5fc875574b1575324358c3b9e6a32b8227aa5b74f3fa22e3cadb63e26fcc39c?s=96&d=mm&r=g\",\"url\":\"https:\\\/\\\/secure.gravatar.com\\\/avatar\\\/f5fc875574b1575324358c3b9e6a32b8227aa5b74f3fa22e3cadb63e26fcc39c?s=96&d=mm&r=g\",\"contentUrl\":\"https:\\\/\\\/secure.gravatar.com\\\/avatar\\\/f5fc875574b1575324358c3b9e6a32b8227aa5b74f3fa22e3cadb63e26fcc39c?s=96&d=mm&r=g\",\"caption\":\"haberkuzey\"},\"sameAs\":[\"https:\\\/\\\/haberkuzey.com\"],\"url\":\"https:\\\/\\\/haberkuzey.com\\\/index.php\\\/author\\\/haberkuzey\\\/\"}]}<\/script>\n<!-- \/ Yoast SEO plugin. -->","yoast_head_json":{"title":"\u0130ran'\u0131n ABD'ye yeni teklifinde neler var? - Haber Kuzey","robots":{"index":"index","follow":"follow","max-snippet":"max-snippet:-1","max-image-preview":"max-image-preview:large","max-video-preview":"max-video-preview:-1"},"canonical":"https:\/\/haberkuzey.com\/index.php\/2026\/04\/28\/iranin-abdye-yeni-teklifinde-neler-var\/","og_locale":"tr_TR","og_type":"article","og_title":"\u0130ran'\u0131n ABD'ye yeni teklifinde neler var? - Haber Kuzey","og_description":"&#13; Pazartesi g\u00fcn\u00fc St. Petersburg&#8217;da Rusya Devlet Ba\u015fkan\u0131 Vladimir Putin ile bir araya gelen Arak\u00e7i, bu g\u00f6r\u00fc\u015fme \u00f6ncesinde iki g\u00fcn i\u00e7inde \u0130slamabad&#8217;a iki ziyaret ger\u00e7ekle\u015ftirdi ve bu ziyaretlerin aras\u0131nda Umman&#8217;\u0131n ba\u015fkenti Muskat&#8217;ta bir g\u00f6r\u00fc\u015fme yapt\u0131. &#13; Muskat&#8217;taki temaslarda n\u00fckleer konular bir kenara b\u0131rak\u0131larak H\u00fcrm\u00fcz Bo\u011faz\u0131, b\u00f6lgesel g\u00fcvenlik garantileri ve olas\u0131 bir \u00e7\u00f6z\u00fcm \u00e7er\u00e7evesine odaklan\u0131lacak. &#13; [&hellip;]","og_url":"https:\/\/haberkuzey.com\/index.php\/2026\/04\/28\/iranin-abdye-yeni-teklifinde-neler-var\/","og_site_name":"Haber Kuzey","article_published_time":"2026-04-28T03:27:58+00:00","og_image":[{"url":"https:\/\/trthaberstatic.cdn.wp.trt.com.tr\/resimler\/2442000\/2442139.jpg","type":"","width":"","height":""}],"author":"haberkuzey","twitter_card":"summary_large_image","twitter_misc":{"Yazan:":"haberkuzey","Tahmini okuma s\u00fcresi":"3 dakika"},"schema":{"@context":"https:\/\/schema.org","@graph":[{"@type":"Article","@id":"https:\/\/haberkuzey.com\/index.php\/2026\/04\/28\/iranin-abdye-yeni-teklifinde-neler-var\/#article","isPartOf":{"@id":"https:\/\/haberkuzey.com\/index.php\/2026\/04\/28\/iranin-abdye-yeni-teklifinde-neler-var\/"},"author":{"name":"haberkuzey","@id":"https:\/\/haberkuzey.com\/#\/schema\/person\/3372109ec735f9333f4fa47ebb9605ca"},"headline":"\u0130ran&#8217;\u0131n ABD&#8217;ye yeni teklifinde neler var?","datePublished":"2026-04-28T03:27:58+00:00","mainEntityOfPage":{"@id":"https:\/\/haberkuzey.com\/index.php\/2026\/04\/28\/iranin-abdye-yeni-teklifinde-neler-var\/"},"wordCount":587,"commentCount":0,"image":{"@id":"https:\/\/haberkuzey.com\/index.php\/2026\/04\/28\/iranin-abdye-yeni-teklifinde-neler-var\/#primaryimage"},"thumbnailUrl":"https:\/\/haberkuzey.com\/wp-content\/uploads\/2026\/04\/2442139.jpg","articleSection":["D\u00fcnya"],"inLanguage":"tr","potentialAction":[{"@type":"CommentAction","name":"Comment","target":["https:\/\/haberkuzey.com\/index.php\/2026\/04\/28\/iranin-abdye-yeni-teklifinde-neler-var\/#respond"]}]},{"@type":"WebPage","@id":"https:\/\/haberkuzey.com\/index.php\/2026\/04\/28\/iranin-abdye-yeni-teklifinde-neler-var\/","url":"https:\/\/haberkuzey.com\/index.php\/2026\/04\/28\/iranin-abdye-yeni-teklifinde-neler-var\/","name":"\u0130ran'\u0131n ABD'ye yeni teklifinde neler var? - Haber Kuzey","isPartOf":{"@id":"https:\/\/haberkuzey.com\/#website"},"primaryImageOfPage":{"@id":"https:\/\/haberkuzey.com\/index.php\/2026\/04\/28\/iranin-abdye-yeni-teklifinde-neler-var\/#primaryimage"},"image":{"@id":"https:\/\/haberkuzey.com\/index.php\/2026\/04\/28\/iranin-abdye-yeni-teklifinde-neler-var\/#primaryimage"},"thumbnailUrl":"https:\/\/haberkuzey.com\/wp-content\/uploads\/2026\/04\/2442139.jpg","datePublished":"2026-04-28T03:27:58+00:00","author":{"@id":"https:\/\/haberkuzey.com\/#\/schema\/person\/3372109ec735f9333f4fa47ebb9605ca"},"breadcrumb":{"@id":"https:\/\/haberkuzey.com\/index.php\/2026\/04\/28\/iranin-abdye-yeni-teklifinde-neler-var\/#breadcrumb"},"inLanguage":"tr","potentialAction":[{"@type":"ReadAction","target":["https:\/\/haberkuzey.com\/index.php\/2026\/04\/28\/iranin-abdye-yeni-teklifinde-neler-var\/"]}]},{"@type":"ImageObject","inLanguage":"tr","@id":"https:\/\/haberkuzey.com\/index.php\/2026\/04\/28\/iranin-abdye-yeni-teklifinde-neler-var\/#primaryimage","url":"https:\/\/haberkuzey.com\/wp-content\/uploads\/2026\/04\/2442139.jpg","contentUrl":"https:\/\/haberkuzey.com\/wp-content\/uploads\/2026\/04\/2442139.jpg","width":1280,"height":720},{"@type":"BreadcrumbList","@id":"https:\/\/haberkuzey.com\/index.php\/2026\/04\/28\/iranin-abdye-yeni-teklifinde-neler-var\/#breadcrumb","itemListElement":[{"@type":"ListItem","position":1,"name":"Anasayfa","item":"https:\/\/haberkuzey.com\/"},{"@type":"ListItem","position":2,"name":"\u0130ran&#8217;\u0131n ABD&#8217;ye yeni teklifinde neler var?"}]},{"@type":"WebSite","@id":"https:\/\/haberkuzey.com\/#website","url":"https:\/\/haberkuzey.com\/","name":"Haber Kuzey","description":"Do\u011fru Haberin Adresi","potentialAction":[{"@type":"SearchAction","target":{"@type":"EntryPoint","urlTemplate":"https:\/\/haberkuzey.com\/?s={search_term_string}"},"query-input":{"@type":"PropertyValueSpecification","valueRequired":true,"valueName":"search_term_string"}}],"inLanguage":"tr"},{"@type":"Person","@id":"https:\/\/haberkuzey.com\/#\/schema\/person\/3372109ec735f9333f4fa47ebb9605ca","name":"haberkuzey","image":{"@type":"ImageObject","inLanguage":"tr","@id":"https:\/\/secure.gravatar.com\/avatar\/f5fc875574b1575324358c3b9e6a32b8227aa5b74f3fa22e3cadb63e26fcc39c?s=96&d=mm&r=g","url":"https:\/\/secure.gravatar.com\/avatar\/f5fc875574b1575324358c3b9e6a32b8227aa5b74f3fa22e3cadb63e26fcc39c?s=96&d=mm&r=g","contentUrl":"https:\/\/secure.gravatar.com\/avatar\/f5fc875574b1575324358c3b9e6a32b8227aa5b74f3fa22e3cadb63e26fcc39c?s=96&d=mm&r=g","caption":"haberkuzey"},"sameAs":["https:\/\/haberkuzey.com"],"url":"https:\/\/haberkuzey.com\/index.php\/author\/haberkuzey\/"}]}},"_links":{"self":[{"href":"https:\/\/haberkuzey.com\/index.php\/wp-json\/wp\/v2\/posts\/36553","targetHints":{"allow":["GET"]}}],"collection":[{"href":"https:\/\/haberkuzey.com\/index.php\/wp-json\/wp\/v2\/posts"}],"about":[{"href":"https:\/\/haberkuzey.com\/index.php\/wp-json\/wp\/v2\/types\/post"}],"author":[{"embeddable":true,"href":"https:\/\/haberkuzey.com\/index.php\/wp-json\/wp\/v2\/users\/1"}],"replies":[{"embeddable":true,"href":"https:\/\/haberkuzey.com\/index.php\/wp-json\/wp\/v2\/comments?post=36553"}],"version-history":[{"count":0,"href":"https:\/\/haberkuzey.com\/index.php\/wp-json\/wp\/v2\/posts\/36553\/revisions"}],"wp:featuredmedia":[{"embeddable":true,"href":"https:\/\/haberkuzey.com\/index.php\/wp-json\/wp\/v2\/media\/36554"}],"wp:attachment":[{"href":"https:\/\/haberkuzey.com\/index.php\/wp-json\/wp\/v2\/media?parent=36553"}],"wp:term":[{"taxonomy":"category","embeddable":true,"href":"https:\/\/haberkuzey.com\/index.php\/wp-json\/wp\/v2\/categories?post=36553"},{"taxonomy":"post_tag","embeddable":true,"href":"https:\/\/haberkuzey.com\/index.php\/wp-json\/wp\/v2\/tags?post=36553"}],"curies":[{"name":"wp","href":"https:\/\/api.w.org\/{rel}","templated":true}]}}