{"id":36544,"date":"2026-04-27T22:21:08","date_gmt":"2026-04-27T19:21:08","guid":{"rendered":"https:\/\/haberkuzey.com\/index.php\/2026\/04\/27\/fenerbahcede-tedesco-donemi-sona-erdi\/"},"modified":"2026-04-27T22:21:08","modified_gmt":"2026-04-27T19:21:08","slug":"fenerbahcede-tedesco-donemi-sona-erdi","status":"publish","type":"post","link":"https:\/\/haberkuzey.com\/index.php\/2026\/04\/27\/fenerbahcede-tedesco-donemi-sona-erdi\/","title":{"rendered":"Fenerbah\u00e7e&#8217;de Tedesco d\u00f6nemi sona erdi"},"content":{"rendered":"<p><\/p>\n<div>\n<p>&#13;<br \/>\n\tKul\u00fcpten yap\u0131lan a\u00e7\u0131klamada, Trendyol S\u00fcper Lig&#8217;in 31. haftas\u0131nda Galatasaray&#8217;a 3-0 yenilerek zirve yar\u0131\u015f\u0131na veda eden sar\u0131-lacivertlilerde teknik direkt\u00f6r Tedesco ve sportif direkt\u00f6r \u00d6zek ile yollar\u0131n ayr\u0131ld\u0131\u011f\u0131, kalan 3 haftada tak\u0131m\u0131n ba\u015f\u0131nda yard\u0131mc\u0131 antren\u00f6r Zeki Murat G\u00f6le&#8217;nin yer alaca\u011f\u0131 belirtildi.<\/p>\n<p>&#13;<br \/>\n\tA\u00e7\u0131klamada, \u015fu ifadelere yer verildi:<\/p>\n<p>&#13;<br \/>\n\t&#8220;Y\u00f6netim kurulumuzun yapm\u0131\u015f oldu\u011fu toplant\u0131da al\u0131nan kararlar do\u011frultusunda teknik direkt\u00f6r Domenico Tedesco ve teknik heyeti ile yollar\u0131m\u0131z ayr\u0131lm\u0131\u015ft\u0131r. Sportif direkt\u00f6r\u00fcm\u00fcz Devin \u00d6zek ve futbol koordinat\u00f6r\u00fcm\u00fcz Berke \u00c7elebi ile de yollar\u0131m\u0131z\u0131n ayr\u0131lmas\u0131 kararla\u015ft\u0131r\u0131lm\u0131\u015ft\u0131r. Kendilerine kul\u00fcb\u00fcm\u00fcze yapt\u0131klar\u0131 katk\u0131lardan dolay\u0131 te\u015fekk\u00fcr eder; bundan sonraki kariyerlerinde ba\u015far\u0131lar dileriz. Yard\u0131mc\u0131 antren\u00f6r\u00fcm\u00fcz Zeki Murat G\u00f6le, sezonun kalan ma\u00e7lar\u0131nda tak\u0131m\u0131m\u0131z\u0131n ba\u015f\u0131nda sahaya \u00e7\u0131kacakt\u0131r.&#8221;<\/p>\n<\/p><\/div>\n","protected":false},"excerpt":{"rendered":"<p>&#13; Kul\u00fcpten yap\u0131lan a\u00e7\u0131klamada, Trendyol S\u00fcper Lig&#8217;in 31. haftas\u0131nda Galatasaray&#8217;a 3-0 yenilerek zirve yar\u0131\u015f\u0131na veda eden sar\u0131-lacivertlilerde teknik direkt\u00f6r Tedesco ve sportif direkt\u00f6r \u00d6zek ile yollar\u0131n ayr\u0131ld\u0131\u011f\u0131, kalan 3 haftada tak\u0131m\u0131n ba\u015f\u0131nda yard\u0131mc\u0131 antren\u00f6r Zeki Murat G\u00f6le&#8217;nin yer alaca\u011f\u0131 belirtildi. &#13; A\u00e7\u0131klamada, \u015fu ifadelere yer verildi: &#13; &#8220;Y\u00f6netim kurulumuzun yapm\u0131\u015f oldu\u011fu toplant\u0131da al\u0131nan kararlar do\u011frultusunda [&hellip;]<\/p>\n","protected":false},"author":1,"featured_media":36545,"comment_status":"open","ping_status":"open","sticky":false,"template":"","format":"standard","meta":{"jnews-multi-image_gallery":[],"jnews_single_post":[],"jnews_primary_category":[],"footnotes":""},"categories":[4],"tags":[],"class_list":["post-36544","post","type-post","status-publish","format-standard","has-post-thumbnail","hentry","category-spor"],"yoast_head":"<!-- This site is optimized with the Yoast SEO plugin v27.4 - https:\/\/yoast.com\/product\/yoast-seo-wordpress\/ -->\n<title>Fenerbah\u00e7e&#039;de Tedesco d\u00f6nemi sona erdi - Haber Kuzey<\/title>\n<meta name=\"robots\" content=\"index, follow, max-snippet:-1, max-image-preview:large, max-video-preview:-1\" \/>\n<link rel=\"canonical\" href=\"https:\/\/haberkuzey.com\/index.php\/2026\/04\/27\/fenerbahcede-tedesco-donemi-sona-erdi\/\" \/>\n<meta property=\"og:locale\" content=\"tr_TR\" \/>\n<meta property=\"og:type\" content=\"article\" \/>\n<meta property=\"og:title\" content=\"Fenerbah\u00e7e&#039;de Tedesco d\u00f6nemi sona erdi - Haber Kuzey\" \/>\n<meta property=\"og:description\" content=\"&#013; Kul\u00fcpten yap\u0131lan a\u00e7\u0131klamada, Trendyol S\u00fcper Lig&#8217;in 31. haftas\u0131nda Galatasaray&#8217;a 3-0 yenilerek zirve yar\u0131\u015f\u0131na veda eden sar\u0131-lacivertlilerde teknik direkt\u00f6r Tedesco ve sportif direkt\u00f6r \u00d6zek ile yollar\u0131n ayr\u0131ld\u0131\u011f\u0131, kalan 3 haftada tak\u0131m\u0131n ba\u015f\u0131nda yard\u0131mc\u0131 antren\u00f6r Zeki Murat G\u00f6le&#8217;nin yer alaca\u011f\u0131 belirtildi. &#013; A\u00e7\u0131klamada, \u015fu ifadelere yer verildi: &#013; &#8220;Y\u00f6netim kurulumuzun yapm\u0131\u015f oldu\u011fu toplant\u0131da al\u0131nan kararlar do\u011frultusunda [&hellip;]\" \/>\n<meta property=\"og:url\" content=\"https:\/\/haberkuzey.com\/index.php\/2026\/04\/27\/fenerbahcede-tedesco-donemi-sona-erdi\/\" \/>\n<meta property=\"og:site_name\" content=\"Haber Kuzey\" \/>\n<meta property=\"article:published_time\" content=\"2026-04-27T19:21:08+00:00\" \/>\n<meta property=\"og:image\" content=\"https:\/\/trthaberstatic.cdn.wp.trt.com.tr\/resimler\/2456000\/tedescoaa-2456920.jpg\" \/>\n<meta name=\"author\" content=\"haberkuzey\" \/>\n<meta name=\"twitter:card\" content=\"summary_large_image\" \/>\n<meta name=\"twitter:label1\" content=\"Yazan:\" \/>\n\t<meta name=\"twitter:data1\" content=\"haberkuzey\" \/>\n\t<meta name=\"twitter:label2\" content=\"Tahmini okuma s\u00fcresi\" \/>\n\t<meta name=\"twitter:data2\" content=\"1 dakika\" \/>\n<script type=\"application\/ld+json\" class=\"yoast-schema-graph\">{\"@context\":\"https:\\\/\\\/schema.org\",\"@graph\":[{\"@type\":\"Article\",\"@id\":\"https:\\\/\\\/haberkuzey.com\\\/index.php\\\/2026\\\/04\\\/27\\\/fenerbahcede-tedesco-donemi-sona-erdi\\\/#article\",\"isPartOf\":{\"@id\":\"https:\\\/\\\/haberkuzey.com\\\/index.php\\\/2026\\\/04\\\/27\\\/fenerbahcede-tedesco-donemi-sona-erdi\\\/\"},\"author\":{\"name\":\"haberkuzey\",\"@id\":\"https:\\\/\\\/haberkuzey.com\\\/#\\\/schema\\\/person\\\/3372109ec735f9333f4fa47ebb9605ca\"},\"headline\":\"Fenerbah\u00e7e&#8217;de Tedesco d\u00f6nemi sona erdi\",\"datePublished\":\"2026-04-27T19:21:08+00:00\",\"mainEntityOfPage\":{\"@id\":\"https:\\\/\\\/haberkuzey.com\\\/index.php\\\/2026\\\/04\\\/27\\\/fenerbahcede-tedesco-donemi-sona-erdi\\\/\"},\"wordCount\":175,\"commentCount\":0,\"image\":{\"@id\":\"https:\\\/\\\/haberkuzey.com\\\/index.php\\\/2026\\\/04\\\/27\\\/fenerbahcede-tedesco-donemi-sona-erdi\\\/#primaryimage\"},\"thumbnailUrl\":\"https:\\\/\\\/haberkuzey.com\\\/wp-content\\\/uploads\\\/2026\\\/04\\\/tedescoaa-2456920.jpg\",\"articleSection\":[\"Spor\"],\"inLanguage\":\"tr\",\"potentialAction\":[{\"@type\":\"CommentAction\",\"name\":\"Comment\",\"target\":[\"https:\\\/\\\/haberkuzey.com\\\/index.php\\\/2026\\\/04\\\/27\\\/fenerbahcede-tedesco-donemi-sona-erdi\\\/#respond\"]}]},{\"@type\":\"WebPage\",\"@id\":\"https:\\\/\\\/haberkuzey.com\\\/index.php\\\/2026\\\/04\\\/27\\\/fenerbahcede-tedesco-donemi-sona-erdi\\\/\",\"url\":\"https:\\\/\\\/haberkuzey.com\\\/index.php\\\/2026\\\/04\\\/27\\\/fenerbahcede-tedesco-donemi-sona-erdi\\\/\",\"name\":\"Fenerbah\u00e7e'de Tedesco d\u00f6nemi sona erdi - Haber Kuzey\",\"isPartOf\":{\"@id\":\"https:\\\/\\\/haberkuzey.com\\\/#website\"},\"primaryImageOfPage\":{\"@id\":\"https:\\\/\\\/haberkuzey.com\\\/index.php\\\/2026\\\/04\\\/27\\\/fenerbahcede-tedesco-donemi-sona-erdi\\\/#primaryimage\"},\"image\":{\"@id\":\"https:\\\/\\\/haberkuzey.com\\\/index.php\\\/2026\\\/04\\\/27\\\/fenerbahcede-tedesco-donemi-sona-erdi\\\/#primaryimage\"},\"thumbnailUrl\":\"https:\\\/\\\/haberkuzey.com\\\/wp-content\\\/uploads\\\/2026\\\/04\\\/tedescoaa-2456920.jpg\",\"datePublished\":\"2026-04-27T19:21:08+00:00\",\"author\":{\"@id\":\"https:\\\/\\\/haberkuzey.com\\\/#\\\/schema\\\/person\\\/3372109ec735f9333f4fa47ebb9605ca\"},\"breadcrumb\":{\"@id\":\"https:\\\/\\\/haberkuzey.com\\\/index.php\\\/2026\\\/04\\\/27\\\/fenerbahcede-tedesco-donemi-sona-erdi\\\/#breadcrumb\"},\"inLanguage\":\"tr\",\"potentialAction\":[{\"@type\":\"ReadAction\",\"target\":[\"https:\\\/\\\/haberkuzey.com\\\/index.php\\\/2026\\\/04\\\/27\\\/fenerbahcede-tedesco-donemi-sona-erdi\\\/\"]}]},{\"@type\":\"ImageObject\",\"inLanguage\":\"tr\",\"@id\":\"https:\\\/\\\/haberkuzey.com\\\/index.php\\\/2026\\\/04\\\/27\\\/fenerbahcede-tedesco-donemi-sona-erdi\\\/#primaryimage\",\"url\":\"https:\\\/\\\/haberkuzey.com\\\/wp-content\\\/uploads\\\/2026\\\/04\\\/tedescoaa-2456920.jpg\",\"contentUrl\":\"https:\\\/\\\/haberkuzey.com\\\/wp-content\\\/uploads\\\/2026\\\/04\\\/tedescoaa-2456920.jpg\",\"width\":1280,\"height\":720},{\"@type\":\"BreadcrumbList\",\"@id\":\"https:\\\/\\\/haberkuzey.com\\\/index.php\\\/2026\\\/04\\\/27\\\/fenerbahcede-tedesco-donemi-sona-erdi\\\/#breadcrumb\",\"itemListElement\":[{\"@type\":\"ListItem\",\"position\":1,\"name\":\"Anasayfa\",\"item\":\"https:\\\/\\\/haberkuzey.com\\\/\"},{\"@type\":\"ListItem\",\"position\":2,\"name\":\"Fenerbah\u00e7e&#8217;de Tedesco d\u00f6nemi sona erdi\"}]},{\"@type\":\"WebSite\",\"@id\":\"https:\\\/\\\/haberkuzey.com\\\/#website\",\"url\":\"https:\\\/\\\/haberkuzey.com\\\/\",\"name\":\"Haber Kuzey\",\"description\":\"Do\u011fru Haberin Adresi\",\"potentialAction\":[{\"@type\":\"SearchAction\",\"target\":{\"@type\":\"EntryPoint\",\"urlTemplate\":\"https:\\\/\\\/haberkuzey.com\\\/?s={search_term_string}\"},\"query-input\":{\"@type\":\"PropertyValueSpecification\",\"valueRequired\":true,\"valueName\":\"search_term_string\"}}],\"inLanguage\":\"tr\"},{\"@type\":\"Person\",\"@id\":\"https:\\\/\\\/haberkuzey.com\\\/#\\\/schema\\\/person\\\/3372109ec735f9333f4fa47ebb9605ca\",\"name\":\"haberkuzey\",\"image\":{\"@type\":\"ImageObject\",\"inLanguage\":\"tr\",\"@id\":\"https:\\\/\\\/secure.gravatar.com\\\/avatar\\\/f5fc875574b1575324358c3b9e6a32b8227aa5b74f3fa22e3cadb63e26fcc39c?s=96&d=mm&r=g\",\"url\":\"https:\\\/\\\/secure.gravatar.com\\\/avatar\\\/f5fc875574b1575324358c3b9e6a32b8227aa5b74f3fa22e3cadb63e26fcc39c?s=96&d=mm&r=g\",\"contentUrl\":\"https:\\\/\\\/secure.gravatar.com\\\/avatar\\\/f5fc875574b1575324358c3b9e6a32b8227aa5b74f3fa22e3cadb63e26fcc39c?s=96&d=mm&r=g\",\"caption\":\"haberkuzey\"},\"sameAs\":[\"https:\\\/\\\/haberkuzey.com\"],\"url\":\"https:\\\/\\\/haberkuzey.com\\\/index.php\\\/author\\\/haberkuzey\\\/\"}]}<\/script>\n<!-- \/ Yoast SEO plugin. -->","yoast_head_json":{"title":"Fenerbah\u00e7e'de Tedesco d\u00f6nemi sona erdi - Haber Kuzey","robots":{"index":"index","follow":"follow","max-snippet":"max-snippet:-1","max-image-preview":"max-image-preview:large","max-video-preview":"max-video-preview:-1"},"canonical":"https:\/\/haberkuzey.com\/index.php\/2026\/04\/27\/fenerbahcede-tedesco-donemi-sona-erdi\/","og_locale":"tr_TR","og_type":"article","og_title":"Fenerbah\u00e7e'de Tedesco d\u00f6nemi sona erdi - Haber Kuzey","og_description":"&#13; Kul\u00fcpten yap\u0131lan a\u00e7\u0131klamada, Trendyol S\u00fcper Lig&#8217;in 31. haftas\u0131nda Galatasaray&#8217;a 3-0 yenilerek zirve yar\u0131\u015f\u0131na veda eden sar\u0131-lacivertlilerde teknik direkt\u00f6r Tedesco ve sportif direkt\u00f6r \u00d6zek ile yollar\u0131n ayr\u0131ld\u0131\u011f\u0131, kalan 3 haftada tak\u0131m\u0131n ba\u015f\u0131nda yard\u0131mc\u0131 antren\u00f6r Zeki Murat G\u00f6le&#8217;nin yer alaca\u011f\u0131 belirtildi. &#13; A\u00e7\u0131klamada, \u015fu ifadelere yer verildi: &#13; &#8220;Y\u00f6netim kurulumuzun yapm\u0131\u015f oldu\u011fu toplant\u0131da al\u0131nan kararlar do\u011frultusunda [&hellip;]","og_url":"https:\/\/haberkuzey.com\/index.php\/2026\/04\/27\/fenerbahcede-tedesco-donemi-sona-erdi\/","og_site_name":"Haber Kuzey","article_published_time":"2026-04-27T19:21:08+00:00","og_image":[{"url":"https:\/\/trthaberstatic.cdn.wp.trt.com.tr\/resimler\/2456000\/tedescoaa-2456920.jpg","type":"","width":"","height":""}],"author":"haberkuzey","twitter_card":"summary_large_image","twitter_misc":{"Yazan:":"haberkuzey","Tahmini okuma s\u00fcresi":"1 dakika"},"schema":{"@context":"https:\/\/schema.org","@graph":[{"@type":"Article","@id":"https:\/\/haberkuzey.com\/index.php\/2026\/04\/27\/fenerbahcede-tedesco-donemi-sona-erdi\/#article","isPartOf":{"@id":"https:\/\/haberkuzey.com\/index.php\/2026\/04\/27\/fenerbahcede-tedesco-donemi-sona-erdi\/"},"author":{"name":"haberkuzey","@id":"https:\/\/haberkuzey.com\/#\/schema\/person\/3372109ec735f9333f4fa47ebb9605ca"},"headline":"Fenerbah\u00e7e&#8217;de Tedesco d\u00f6nemi sona erdi","datePublished":"2026-04-27T19:21:08+00:00","mainEntityOfPage":{"@id":"https:\/\/haberkuzey.com\/index.php\/2026\/04\/27\/fenerbahcede-tedesco-donemi-sona-erdi\/"},"wordCount":175,"commentCount":0,"image":{"@id":"https:\/\/haberkuzey.com\/index.php\/2026\/04\/27\/fenerbahcede-tedesco-donemi-sona-erdi\/#primaryimage"},"thumbnailUrl":"https:\/\/haberkuzey.com\/wp-content\/uploads\/2026\/04\/tedescoaa-2456920.jpg","articleSection":["Spor"],"inLanguage":"tr","potentialAction":[{"@type":"CommentAction","name":"Comment","target":["https:\/\/haberkuzey.com\/index.php\/2026\/04\/27\/fenerbahcede-tedesco-donemi-sona-erdi\/#respond"]}]},{"@type":"WebPage","@id":"https:\/\/haberkuzey.com\/index.php\/2026\/04\/27\/fenerbahcede-tedesco-donemi-sona-erdi\/","url":"https:\/\/haberkuzey.com\/index.php\/2026\/04\/27\/fenerbahcede-tedesco-donemi-sona-erdi\/","name":"Fenerbah\u00e7e'de Tedesco d\u00f6nemi sona erdi - Haber Kuzey","isPartOf":{"@id":"https:\/\/haberkuzey.com\/#website"},"primaryImageOfPage":{"@id":"https:\/\/haberkuzey.com\/index.php\/2026\/04\/27\/fenerbahcede-tedesco-donemi-sona-erdi\/#primaryimage"},"image":{"@id":"https:\/\/haberkuzey.com\/index.php\/2026\/04\/27\/fenerbahcede-tedesco-donemi-sona-erdi\/#primaryimage"},"thumbnailUrl":"https:\/\/haberkuzey.com\/wp-content\/uploads\/2026\/04\/tedescoaa-2456920.jpg","datePublished":"2026-04-27T19:21:08+00:00","author":{"@id":"https:\/\/haberkuzey.com\/#\/schema\/person\/3372109ec735f9333f4fa47ebb9605ca"},"breadcrumb":{"@id":"https:\/\/haberkuzey.com\/index.php\/2026\/04\/27\/fenerbahcede-tedesco-donemi-sona-erdi\/#breadcrumb"},"inLanguage":"tr","potentialAction":[{"@type":"ReadAction","target":["https:\/\/haberkuzey.com\/index.php\/2026\/04\/27\/fenerbahcede-tedesco-donemi-sona-erdi\/"]}]},{"@type":"ImageObject","inLanguage":"tr","@id":"https:\/\/haberkuzey.com\/index.php\/2026\/04\/27\/fenerbahcede-tedesco-donemi-sona-erdi\/#primaryimage","url":"https:\/\/haberkuzey.com\/wp-content\/uploads\/2026\/04\/tedescoaa-2456920.jpg","contentUrl":"https:\/\/haberkuzey.com\/wp-content\/uploads\/2026\/04\/tedescoaa-2456920.jpg","width":1280,"height":720},{"@type":"BreadcrumbList","@id":"https:\/\/haberkuzey.com\/index.php\/2026\/04\/27\/fenerbahcede-tedesco-donemi-sona-erdi\/#breadcrumb","itemListElement":[{"@type":"ListItem","position":1,"name":"Anasayfa","item":"https:\/\/haberkuzey.com\/"},{"@type":"ListItem","position":2,"name":"Fenerbah\u00e7e&#8217;de Tedesco d\u00f6nemi sona erdi"}]},{"@type":"WebSite","@id":"https:\/\/haberkuzey.com\/#website","url":"https:\/\/haberkuzey.com\/","name":"Haber Kuzey","description":"Do\u011fru Haberin Adresi","potentialAction":[{"@type":"SearchAction","target":{"@type":"EntryPoint","urlTemplate":"https:\/\/haberkuzey.com\/?s={search_term_string}"},"query-input":{"@type":"PropertyValueSpecification","valueRequired":true,"valueName":"search_term_string"}}],"inLanguage":"tr"},{"@type":"Person","@id":"https:\/\/haberkuzey.com\/#\/schema\/person\/3372109ec735f9333f4fa47ebb9605ca","name":"haberkuzey","image":{"@type":"ImageObject","inLanguage":"tr","@id":"https:\/\/secure.gravatar.com\/avatar\/f5fc875574b1575324358c3b9e6a32b8227aa5b74f3fa22e3cadb63e26fcc39c?s=96&d=mm&r=g","url":"https:\/\/secure.gravatar.com\/avatar\/f5fc875574b1575324358c3b9e6a32b8227aa5b74f3fa22e3cadb63e26fcc39c?s=96&d=mm&r=g","contentUrl":"https:\/\/secure.gravatar.com\/avatar\/f5fc875574b1575324358c3b9e6a32b8227aa5b74f3fa22e3cadb63e26fcc39c?s=96&d=mm&r=g","caption":"haberkuzey"},"sameAs":["https:\/\/haberkuzey.com"],"url":"https:\/\/haberkuzey.com\/index.php\/author\/haberkuzey\/"}]}},"_links":{"self":[{"href":"https:\/\/haberkuzey.com\/index.php\/wp-json\/wp\/v2\/posts\/36544","targetHints":{"allow":["GET"]}}],"collection":[{"href":"https:\/\/haberkuzey.com\/index.php\/wp-json\/wp\/v2\/posts"}],"about":[{"href":"https:\/\/haberkuzey.com\/index.php\/wp-json\/wp\/v2\/types\/post"}],"author":[{"embeddable":true,"href":"https:\/\/haberkuzey.com\/index.php\/wp-json\/wp\/v2\/users\/1"}],"replies":[{"embeddable":true,"href":"https:\/\/haberkuzey.com\/index.php\/wp-json\/wp\/v2\/comments?post=36544"}],"version-history":[{"count":0,"href":"https:\/\/haberkuzey.com\/index.php\/wp-json\/wp\/v2\/posts\/36544\/revisions"}],"wp:featuredmedia":[{"embeddable":true,"href":"https:\/\/haberkuzey.com\/index.php\/wp-json\/wp\/v2\/media\/36545"}],"wp:attachment":[{"href":"https:\/\/haberkuzey.com\/index.php\/wp-json\/wp\/v2\/media?parent=36544"}],"wp:term":[{"taxonomy":"category","embeddable":true,"href":"https:\/\/haberkuzey.com\/index.php\/wp-json\/wp\/v2\/categories?post=36544"},{"taxonomy":"post_tag","embeddable":true,"href":"https:\/\/haberkuzey.com\/index.php\/wp-json\/wp\/v2\/tags?post=36544"}],"curies":[{"name":"wp","href":"https:\/\/api.w.org\/{rel}","templated":true}]}}