{"id":36543,"date":"2026-04-27T22:20:01","date_gmt":"2026-04-27T19:20:01","guid":{"rendered":"https:\/\/haberkuzey.com\/index.php\/2026\/04\/27\/abd-baskani-trump-iran-gundemiyle-ulusal-guvenlik-ekibini-topladi\/"},"modified":"2026-04-27T22:20:01","modified_gmt":"2026-04-27T19:20:01","slug":"abd-baskani-trump-iran-gundemiyle-ulusal-guvenlik-ekibini-topladi","status":"publish","type":"post","link":"https:\/\/haberkuzey.com\/index.php\/2026\/04\/27\/abd-baskani-trump-iran-gundemiyle-ulusal-guvenlik-ekibini-topladi\/","title":{"rendered":"ABD Ba\u015fkan\u0131 Trump, \u0130ran g\u00fcndemiyle ulusal g\u00fcvenlik ekibini toplad\u0131"},"content":{"rendered":"<p><\/p>\n<div>\n<p>&#13;<br \/>\n\tABD&#8217;li S\u00f6zc\u00fc, Beyaz Saray&#8217;da d\u00fczenledi\u011fi bas\u0131n brifinginde, ABD ile \u0130ran aras\u0131ndaki gerilime ili\u015fkin son durumu de\u011ferlendirdi.<\/p>\n<p>&#13;<br \/>\n\tLeavitt, bug\u00fcn Trump&#8217;\u0131n ulusal g\u00fcvenlik ekibini toplayarak \u0130ran&#8217;la ilgili g\u00fcncel durumu ele ald\u0131\u011f\u0131n\u0131 ancak toplant\u0131da konu\u015fulanlar ve g\u00f6r\u00fc\u015fmeden \u00e7\u0131kacak olas\u0131 sonu\u00e7lar konusunda Trump&#8217;tan \u00f6nce bir a\u00e7\u0131klama yapmayaca\u011f\u0131n\u0131 ifade etti.<\/p>\n<p>&#13;<br \/>\n\tBeyaz Saray S\u00f6zc\u00fcs\u00fc, \u0130ran&#8217;\u0131n &#8220;\u00d6nce H\u00fcrm\u00fcz Bo\u011faz\u0131 konusunu halledelim, n\u00fckleer m\u00fczakereleri sonraya b\u0131rakal\u0131m.&#8221; \u015feklinde bir \u00f6neriyi ABD&#8217;ye yapt\u0131\u011f\u0131 y\u00f6n\u00fcndeki haberlerle ilgili, &#8220;Vurgulamak istedi\u011fim nokta, Ba\u015fkan&#8217;\u0131n \u0130ran&#8217;a ili\u015fkin k\u0131rm\u0131z\u0131 \u00e7izgilerini sadece Amerikan halk\u0131na de\u011fil, herkese a\u00e7\u0131k bir \u015fekilde ifade ettik. Bu konuyu de\u011ferlendirdiklerini s\u00f6yleyemem. Sadece bu sabah bir g\u00f6r\u00fc\u015fme yap\u0131ld\u0131\u011f\u0131n\u0131 belirtmek isterim.&#8221; dedi.<\/p>\n<p>&#13;<br \/>\n\tABD&#8217;nin \u0130ran konusundaki k\u0131rm\u0131z\u0131 \u00e7izgilerinin \u00e7ok a\u00e7\u0131k oldu\u011funu ve Tahran&#8217;\u0131n n\u00fckleer silaha sahip olamayaca\u011f\u0131n\u0131 belirten Leavitt, bu husustaki g\u00fcncel a\u00e7\u0131klamay\u0131 bizzat Trump&#8217;\u0131n yapabilece\u011fini dile getirdi.<\/p>\n<p>&#13;<br \/>\n\tLeavitt ayr\u0131ca, H\u00fcrm\u00fcz Bo\u011faz\u0131&#8217;ndaki may\u0131nlar\u0131n ABD ordusu taraf\u0131ndan temizlenmeye ba\u015flanmas\u0131 konusundaki soruyu da Pentagon&#8217;a y\u00f6nlendirdi.<\/p>\n<p>&#13;<br \/>\n\t\u0130ngiltere Kral\u0131 3. Charles&#8217;\u0131 bug\u00fcn Beyaz Saray&#8217;da a\u011f\u0131rlayacak olan ABD Ba\u015fkan\u0131 Trump&#8217;\u0131n, bu g\u00f6r\u00fc\u015fme \u00f6ncesinde \u0130ran&#8217;la ilgili a\u00e7\u0131klama yapabilece\u011fi belirtiliyor.<\/p>\n<\/p><\/div>\n","protected":false},"excerpt":{"rendered":"<p>&#13; ABD&#8217;li S\u00f6zc\u00fc, Beyaz Saray&#8217;da d\u00fczenledi\u011fi bas\u0131n brifinginde, ABD ile \u0130ran aras\u0131ndaki gerilime ili\u015fkin son durumu de\u011ferlendirdi. &#13; Leavitt, bug\u00fcn Trump&#8217;\u0131n ulusal g\u00fcvenlik ekibini toplayarak \u0130ran&#8217;la ilgili g\u00fcncel durumu ele ald\u0131\u011f\u0131n\u0131 ancak toplant\u0131da konu\u015fulanlar ve g\u00f6r\u00fc\u015fmeden \u00e7\u0131kacak olas\u0131 sonu\u00e7lar konusunda Trump&#8217;tan \u00f6nce bir a\u00e7\u0131klama yapmayaca\u011f\u0131n\u0131 ifade etti. &#13; Beyaz Saray S\u00f6zc\u00fcs\u00fc, \u0130ran&#8217;\u0131n &#8220;\u00d6nce H\u00fcrm\u00fcz Bo\u011faz\u0131 [&hellip;]<\/p>\n","protected":false},"author":1,"featured_media":36341,"comment_status":"open","ping_status":"open","sticky":false,"template":"","format":"standard","meta":{"jnews-multi-image_gallery":[],"jnews_single_post":[],"jnews_primary_category":[],"footnotes":""},"categories":[2],"tags":[],"class_list":["post-36543","post","type-post","status-publish","format-standard","has-post-thumbnail","hentry","category-dunya"],"yoast_head":"<!-- This site is optimized with the Yoast SEO plugin v27.4 - https:\/\/yoast.com\/product\/yoast-seo-wordpress\/ -->\n<title>ABD Ba\u015fkan\u0131 Trump, \u0130ran g\u00fcndemiyle ulusal g\u00fcvenlik ekibini toplad\u0131 - Haber Kuzey<\/title>\n<meta name=\"robots\" content=\"index, follow, max-snippet:-1, max-image-preview:large, max-video-preview:-1\" \/>\n<link rel=\"canonical\" href=\"https:\/\/haberkuzey.com\/index.php\/2026\/04\/27\/abd-baskani-trump-iran-gundemiyle-ulusal-guvenlik-ekibini-topladi\/\" \/>\n<meta property=\"og:locale\" content=\"tr_TR\" \/>\n<meta property=\"og:type\" content=\"article\" \/>\n<meta property=\"og:title\" content=\"ABD Ba\u015fkan\u0131 Trump, \u0130ran g\u00fcndemiyle ulusal g\u00fcvenlik ekibini toplad\u0131 - Haber Kuzey\" \/>\n<meta property=\"og:description\" content=\"&#013; ABD&#8217;li S\u00f6zc\u00fc, Beyaz Saray&#8217;da d\u00fczenledi\u011fi bas\u0131n brifinginde, ABD ile \u0130ran aras\u0131ndaki gerilime ili\u015fkin son durumu de\u011ferlendirdi. &#013; Leavitt, bug\u00fcn Trump&#8217;\u0131n ulusal g\u00fcvenlik ekibini toplayarak \u0130ran&#8217;la ilgili g\u00fcncel durumu ele ald\u0131\u011f\u0131n\u0131 ancak toplant\u0131da konu\u015fulanlar ve g\u00f6r\u00fc\u015fmeden \u00e7\u0131kacak olas\u0131 sonu\u00e7lar konusunda Trump&#8217;tan \u00f6nce bir a\u00e7\u0131klama yapmayaca\u011f\u0131n\u0131 ifade etti. &#013; Beyaz Saray S\u00f6zc\u00fcs\u00fc, \u0130ran&#8217;\u0131n &#8220;\u00d6nce H\u00fcrm\u00fcz Bo\u011faz\u0131 [&hellip;]\" \/>\n<meta property=\"og:url\" content=\"https:\/\/haberkuzey.com\/index.php\/2026\/04\/27\/abd-baskani-trump-iran-gundemiyle-ulusal-guvenlik-ekibini-topladi\/\" \/>\n<meta property=\"og:site_name\" content=\"Haber Kuzey\" \/>\n<meta property=\"article:published_time\" content=\"2026-04-27T19:20:01+00:00\" \/>\n<meta property=\"og:image\" content=\"https:\/\/trthaberstatic.cdn.wp.trt.com.tr\/resimler\/2444000\/trump-reuters-2444577.jpg\" \/>\n<meta name=\"author\" content=\"haberkuzey\" \/>\n<meta name=\"twitter:card\" content=\"summary_large_image\" \/>\n<meta name=\"twitter:label1\" content=\"Yazan:\" \/>\n\t<meta name=\"twitter:data1\" content=\"haberkuzey\" \/>\n\t<meta name=\"twitter:label2\" content=\"Tahmini okuma s\u00fcresi\" \/>\n\t<meta name=\"twitter:data2\" content=\"1 dakika\" \/>\n<script type=\"application\/ld+json\" class=\"yoast-schema-graph\">{\"@context\":\"https:\\\/\\\/schema.org\",\"@graph\":[{\"@type\":\"Article\",\"@id\":\"https:\\\/\\\/haberkuzey.com\\\/index.php\\\/2026\\\/04\\\/27\\\/abd-baskani-trump-iran-gundemiyle-ulusal-guvenlik-ekibini-topladi\\\/#article\",\"isPartOf\":{\"@id\":\"https:\\\/\\\/haberkuzey.com\\\/index.php\\\/2026\\\/04\\\/27\\\/abd-baskani-trump-iran-gundemiyle-ulusal-guvenlik-ekibini-topladi\\\/\"},\"author\":{\"name\":\"haberkuzey\",\"@id\":\"https:\\\/\\\/haberkuzey.com\\\/#\\\/schema\\\/person\\\/3372109ec735f9333f4fa47ebb9605ca\"},\"headline\":\"ABD Ba\u015fkan\u0131 Trump, \u0130ran g\u00fcndemiyle ulusal g\u00fcvenlik ekibini toplad\u0131\",\"datePublished\":\"2026-04-27T19:20:01+00:00\",\"mainEntityOfPage\":{\"@id\":\"https:\\\/\\\/haberkuzey.com\\\/index.php\\\/2026\\\/04\\\/27\\\/abd-baskani-trump-iran-gundemiyle-ulusal-guvenlik-ekibini-topladi\\\/\"},\"wordCount\":253,\"commentCount\":0,\"image\":{\"@id\":\"https:\\\/\\\/haberkuzey.com\\\/index.php\\\/2026\\\/04\\\/27\\\/abd-baskani-trump-iran-gundemiyle-ulusal-guvenlik-ekibini-topladi\\\/#primaryimage\"},\"thumbnailUrl\":\"https:\\\/\\\/haberkuzey.com\\\/wp-content\\\/uploads\\\/2026\\\/04\\\/trump-reuters-2444577.jpg\",\"articleSection\":[\"D\u00fcnya\"],\"inLanguage\":\"tr\",\"potentialAction\":[{\"@type\":\"CommentAction\",\"name\":\"Comment\",\"target\":[\"https:\\\/\\\/haberkuzey.com\\\/index.php\\\/2026\\\/04\\\/27\\\/abd-baskani-trump-iran-gundemiyle-ulusal-guvenlik-ekibini-topladi\\\/#respond\"]}]},{\"@type\":\"WebPage\",\"@id\":\"https:\\\/\\\/haberkuzey.com\\\/index.php\\\/2026\\\/04\\\/27\\\/abd-baskani-trump-iran-gundemiyle-ulusal-guvenlik-ekibini-topladi\\\/\",\"url\":\"https:\\\/\\\/haberkuzey.com\\\/index.php\\\/2026\\\/04\\\/27\\\/abd-baskani-trump-iran-gundemiyle-ulusal-guvenlik-ekibini-topladi\\\/\",\"name\":\"ABD Ba\u015fkan\u0131 Trump, \u0130ran g\u00fcndemiyle ulusal g\u00fcvenlik ekibini toplad\u0131 - Haber Kuzey\",\"isPartOf\":{\"@id\":\"https:\\\/\\\/haberkuzey.com\\\/#website\"},\"primaryImageOfPage\":{\"@id\":\"https:\\\/\\\/haberkuzey.com\\\/index.php\\\/2026\\\/04\\\/27\\\/abd-baskani-trump-iran-gundemiyle-ulusal-guvenlik-ekibini-topladi\\\/#primaryimage\"},\"image\":{\"@id\":\"https:\\\/\\\/haberkuzey.com\\\/index.php\\\/2026\\\/04\\\/27\\\/abd-baskani-trump-iran-gundemiyle-ulusal-guvenlik-ekibini-topladi\\\/#primaryimage\"},\"thumbnailUrl\":\"https:\\\/\\\/haberkuzey.com\\\/wp-content\\\/uploads\\\/2026\\\/04\\\/trump-reuters-2444577.jpg\",\"datePublished\":\"2026-04-27T19:20:01+00:00\",\"author\":{\"@id\":\"https:\\\/\\\/haberkuzey.com\\\/#\\\/schema\\\/person\\\/3372109ec735f9333f4fa47ebb9605ca\"},\"breadcrumb\":{\"@id\":\"https:\\\/\\\/haberkuzey.com\\\/index.php\\\/2026\\\/04\\\/27\\\/abd-baskani-trump-iran-gundemiyle-ulusal-guvenlik-ekibini-topladi\\\/#breadcrumb\"},\"inLanguage\":\"tr\",\"potentialAction\":[{\"@type\":\"ReadAction\",\"target\":[\"https:\\\/\\\/haberkuzey.com\\\/index.php\\\/2026\\\/04\\\/27\\\/abd-baskani-trump-iran-gundemiyle-ulusal-guvenlik-ekibini-topladi\\\/\"]}]},{\"@type\":\"ImageObject\",\"inLanguage\":\"tr\",\"@id\":\"https:\\\/\\\/haberkuzey.com\\\/index.php\\\/2026\\\/04\\\/27\\\/abd-baskani-trump-iran-gundemiyle-ulusal-guvenlik-ekibini-topladi\\\/#primaryimage\",\"url\":\"https:\\\/\\\/haberkuzey.com\\\/wp-content\\\/uploads\\\/2026\\\/04\\\/trump-reuters-2444577.jpg\",\"contentUrl\":\"https:\\\/\\\/haberkuzey.com\\\/wp-content\\\/uploads\\\/2026\\\/04\\\/trump-reuters-2444577.jpg\",\"width\":1280,\"height\":720},{\"@type\":\"BreadcrumbList\",\"@id\":\"https:\\\/\\\/haberkuzey.com\\\/index.php\\\/2026\\\/04\\\/27\\\/abd-baskani-trump-iran-gundemiyle-ulusal-guvenlik-ekibini-topladi\\\/#breadcrumb\",\"itemListElement\":[{\"@type\":\"ListItem\",\"position\":1,\"name\":\"Anasayfa\",\"item\":\"https:\\\/\\\/haberkuzey.com\\\/\"},{\"@type\":\"ListItem\",\"position\":2,\"name\":\"ABD Ba\u015fkan\u0131 Trump, \u0130ran g\u00fcndemiyle ulusal g\u00fcvenlik ekibini toplad\u0131\"}]},{\"@type\":\"WebSite\",\"@id\":\"https:\\\/\\\/haberkuzey.com\\\/#website\",\"url\":\"https:\\\/\\\/haberkuzey.com\\\/\",\"name\":\"Haber Kuzey\",\"description\":\"Do\u011fru Haberin Adresi\",\"potentialAction\":[{\"@type\":\"SearchAction\",\"target\":{\"@type\":\"EntryPoint\",\"urlTemplate\":\"https:\\\/\\\/haberkuzey.com\\\/?s={search_term_string}\"},\"query-input\":{\"@type\":\"PropertyValueSpecification\",\"valueRequired\":true,\"valueName\":\"search_term_string\"}}],\"inLanguage\":\"tr\"},{\"@type\":\"Person\",\"@id\":\"https:\\\/\\\/haberkuzey.com\\\/#\\\/schema\\\/person\\\/3372109ec735f9333f4fa47ebb9605ca\",\"name\":\"haberkuzey\",\"image\":{\"@type\":\"ImageObject\",\"inLanguage\":\"tr\",\"@id\":\"https:\\\/\\\/secure.gravatar.com\\\/avatar\\\/f5fc875574b1575324358c3b9e6a32b8227aa5b74f3fa22e3cadb63e26fcc39c?s=96&d=mm&r=g\",\"url\":\"https:\\\/\\\/secure.gravatar.com\\\/avatar\\\/f5fc875574b1575324358c3b9e6a32b8227aa5b74f3fa22e3cadb63e26fcc39c?s=96&d=mm&r=g\",\"contentUrl\":\"https:\\\/\\\/secure.gravatar.com\\\/avatar\\\/f5fc875574b1575324358c3b9e6a32b8227aa5b74f3fa22e3cadb63e26fcc39c?s=96&d=mm&r=g\",\"caption\":\"haberkuzey\"},\"sameAs\":[\"https:\\\/\\\/haberkuzey.com\"],\"url\":\"https:\\\/\\\/haberkuzey.com\\\/index.php\\\/author\\\/haberkuzey\\\/\"}]}<\/script>\n<!-- \/ Yoast SEO plugin. -->","yoast_head_json":{"title":"ABD Ba\u015fkan\u0131 Trump, \u0130ran g\u00fcndemiyle ulusal g\u00fcvenlik ekibini toplad\u0131 - Haber Kuzey","robots":{"index":"index","follow":"follow","max-snippet":"max-snippet:-1","max-image-preview":"max-image-preview:large","max-video-preview":"max-video-preview:-1"},"canonical":"https:\/\/haberkuzey.com\/index.php\/2026\/04\/27\/abd-baskani-trump-iran-gundemiyle-ulusal-guvenlik-ekibini-topladi\/","og_locale":"tr_TR","og_type":"article","og_title":"ABD Ba\u015fkan\u0131 Trump, \u0130ran g\u00fcndemiyle ulusal g\u00fcvenlik ekibini toplad\u0131 - Haber Kuzey","og_description":"&#13; ABD&#8217;li S\u00f6zc\u00fc, Beyaz Saray&#8217;da d\u00fczenledi\u011fi bas\u0131n brifinginde, ABD ile \u0130ran aras\u0131ndaki gerilime ili\u015fkin son durumu de\u011ferlendirdi. &#13; Leavitt, bug\u00fcn Trump&#8217;\u0131n ulusal g\u00fcvenlik ekibini toplayarak \u0130ran&#8217;la ilgili g\u00fcncel durumu ele ald\u0131\u011f\u0131n\u0131 ancak toplant\u0131da konu\u015fulanlar ve g\u00f6r\u00fc\u015fmeden \u00e7\u0131kacak olas\u0131 sonu\u00e7lar konusunda Trump&#8217;tan \u00f6nce bir a\u00e7\u0131klama yapmayaca\u011f\u0131n\u0131 ifade etti. &#13; Beyaz Saray S\u00f6zc\u00fcs\u00fc, \u0130ran&#8217;\u0131n &#8220;\u00d6nce H\u00fcrm\u00fcz Bo\u011faz\u0131 [&hellip;]","og_url":"https:\/\/haberkuzey.com\/index.php\/2026\/04\/27\/abd-baskani-trump-iran-gundemiyle-ulusal-guvenlik-ekibini-topladi\/","og_site_name":"Haber Kuzey","article_published_time":"2026-04-27T19:20:01+00:00","og_image":[{"url":"https:\/\/trthaberstatic.cdn.wp.trt.com.tr\/resimler\/2444000\/trump-reuters-2444577.jpg","type":"","width":"","height":""}],"author":"haberkuzey","twitter_card":"summary_large_image","twitter_misc":{"Yazan:":"haberkuzey","Tahmini okuma s\u00fcresi":"1 dakika"},"schema":{"@context":"https:\/\/schema.org","@graph":[{"@type":"Article","@id":"https:\/\/haberkuzey.com\/index.php\/2026\/04\/27\/abd-baskani-trump-iran-gundemiyle-ulusal-guvenlik-ekibini-topladi\/#article","isPartOf":{"@id":"https:\/\/haberkuzey.com\/index.php\/2026\/04\/27\/abd-baskani-trump-iran-gundemiyle-ulusal-guvenlik-ekibini-topladi\/"},"author":{"name":"haberkuzey","@id":"https:\/\/haberkuzey.com\/#\/schema\/person\/3372109ec735f9333f4fa47ebb9605ca"},"headline":"ABD Ba\u015fkan\u0131 Trump, \u0130ran g\u00fcndemiyle ulusal g\u00fcvenlik ekibini toplad\u0131","datePublished":"2026-04-27T19:20:01+00:00","mainEntityOfPage":{"@id":"https:\/\/haberkuzey.com\/index.php\/2026\/04\/27\/abd-baskani-trump-iran-gundemiyle-ulusal-guvenlik-ekibini-topladi\/"},"wordCount":253,"commentCount":0,"image":{"@id":"https:\/\/haberkuzey.com\/index.php\/2026\/04\/27\/abd-baskani-trump-iran-gundemiyle-ulusal-guvenlik-ekibini-topladi\/#primaryimage"},"thumbnailUrl":"https:\/\/haberkuzey.com\/wp-content\/uploads\/2026\/04\/trump-reuters-2444577.jpg","articleSection":["D\u00fcnya"],"inLanguage":"tr","potentialAction":[{"@type":"CommentAction","name":"Comment","target":["https:\/\/haberkuzey.com\/index.php\/2026\/04\/27\/abd-baskani-trump-iran-gundemiyle-ulusal-guvenlik-ekibini-topladi\/#respond"]}]},{"@type":"WebPage","@id":"https:\/\/haberkuzey.com\/index.php\/2026\/04\/27\/abd-baskani-trump-iran-gundemiyle-ulusal-guvenlik-ekibini-topladi\/","url":"https:\/\/haberkuzey.com\/index.php\/2026\/04\/27\/abd-baskani-trump-iran-gundemiyle-ulusal-guvenlik-ekibini-topladi\/","name":"ABD Ba\u015fkan\u0131 Trump, \u0130ran g\u00fcndemiyle ulusal g\u00fcvenlik ekibini toplad\u0131 - Haber Kuzey","isPartOf":{"@id":"https:\/\/haberkuzey.com\/#website"},"primaryImageOfPage":{"@id":"https:\/\/haberkuzey.com\/index.php\/2026\/04\/27\/abd-baskani-trump-iran-gundemiyle-ulusal-guvenlik-ekibini-topladi\/#primaryimage"},"image":{"@id":"https:\/\/haberkuzey.com\/index.php\/2026\/04\/27\/abd-baskani-trump-iran-gundemiyle-ulusal-guvenlik-ekibini-topladi\/#primaryimage"},"thumbnailUrl":"https:\/\/haberkuzey.com\/wp-content\/uploads\/2026\/04\/trump-reuters-2444577.jpg","datePublished":"2026-04-27T19:20:01+00:00","author":{"@id":"https:\/\/haberkuzey.com\/#\/schema\/person\/3372109ec735f9333f4fa47ebb9605ca"},"breadcrumb":{"@id":"https:\/\/haberkuzey.com\/index.php\/2026\/04\/27\/abd-baskani-trump-iran-gundemiyle-ulusal-guvenlik-ekibini-topladi\/#breadcrumb"},"inLanguage":"tr","potentialAction":[{"@type":"ReadAction","target":["https:\/\/haberkuzey.com\/index.php\/2026\/04\/27\/abd-baskani-trump-iran-gundemiyle-ulusal-guvenlik-ekibini-topladi\/"]}]},{"@type":"ImageObject","inLanguage":"tr","@id":"https:\/\/haberkuzey.com\/index.php\/2026\/04\/27\/abd-baskani-trump-iran-gundemiyle-ulusal-guvenlik-ekibini-topladi\/#primaryimage","url":"https:\/\/haberkuzey.com\/wp-content\/uploads\/2026\/04\/trump-reuters-2444577.jpg","contentUrl":"https:\/\/haberkuzey.com\/wp-content\/uploads\/2026\/04\/trump-reuters-2444577.jpg","width":1280,"height":720},{"@type":"BreadcrumbList","@id":"https:\/\/haberkuzey.com\/index.php\/2026\/04\/27\/abd-baskani-trump-iran-gundemiyle-ulusal-guvenlik-ekibini-topladi\/#breadcrumb","itemListElement":[{"@type":"ListItem","position":1,"name":"Anasayfa","item":"https:\/\/haberkuzey.com\/"},{"@type":"ListItem","position":2,"name":"ABD Ba\u015fkan\u0131 Trump, \u0130ran g\u00fcndemiyle ulusal g\u00fcvenlik ekibini toplad\u0131"}]},{"@type":"WebSite","@id":"https:\/\/haberkuzey.com\/#website","url":"https:\/\/haberkuzey.com\/","name":"Haber Kuzey","description":"Do\u011fru Haberin Adresi","potentialAction":[{"@type":"SearchAction","target":{"@type":"EntryPoint","urlTemplate":"https:\/\/haberkuzey.com\/?s={search_term_string}"},"query-input":{"@type":"PropertyValueSpecification","valueRequired":true,"valueName":"search_term_string"}}],"inLanguage":"tr"},{"@type":"Person","@id":"https:\/\/haberkuzey.com\/#\/schema\/person\/3372109ec735f9333f4fa47ebb9605ca","name":"haberkuzey","image":{"@type":"ImageObject","inLanguage":"tr","@id":"https:\/\/secure.gravatar.com\/avatar\/f5fc875574b1575324358c3b9e6a32b8227aa5b74f3fa22e3cadb63e26fcc39c?s=96&d=mm&r=g","url":"https:\/\/secure.gravatar.com\/avatar\/f5fc875574b1575324358c3b9e6a32b8227aa5b74f3fa22e3cadb63e26fcc39c?s=96&d=mm&r=g","contentUrl":"https:\/\/secure.gravatar.com\/avatar\/f5fc875574b1575324358c3b9e6a32b8227aa5b74f3fa22e3cadb63e26fcc39c?s=96&d=mm&r=g","caption":"haberkuzey"},"sameAs":["https:\/\/haberkuzey.com"],"url":"https:\/\/haberkuzey.com\/index.php\/author\/haberkuzey\/"}]}},"_links":{"self":[{"href":"https:\/\/haberkuzey.com\/index.php\/wp-json\/wp\/v2\/posts\/36543","targetHints":{"allow":["GET"]}}],"collection":[{"href":"https:\/\/haberkuzey.com\/index.php\/wp-json\/wp\/v2\/posts"}],"about":[{"href":"https:\/\/haberkuzey.com\/index.php\/wp-json\/wp\/v2\/types\/post"}],"author":[{"embeddable":true,"href":"https:\/\/haberkuzey.com\/index.php\/wp-json\/wp\/v2\/users\/1"}],"replies":[{"embeddable":true,"href":"https:\/\/haberkuzey.com\/index.php\/wp-json\/wp\/v2\/comments?post=36543"}],"version-history":[{"count":0,"href":"https:\/\/haberkuzey.com\/index.php\/wp-json\/wp\/v2\/posts\/36543\/revisions"}],"wp:featuredmedia":[{"embeddable":true,"href":"https:\/\/haberkuzey.com\/index.php\/wp-json\/wp\/v2\/media\/36341"}],"wp:attachment":[{"href":"https:\/\/haberkuzey.com\/index.php\/wp-json\/wp\/v2\/media?parent=36543"}],"wp:term":[{"taxonomy":"category","embeddable":true,"href":"https:\/\/haberkuzey.com\/index.php\/wp-json\/wp\/v2\/categories?post=36543"},{"taxonomy":"post_tag","embeddable":true,"href":"https:\/\/haberkuzey.com\/index.php\/wp-json\/wp\/v2\/tags?post=36543"}],"curies":[{"name":"wp","href":"https:\/\/api.w.org\/{rel}","templated":true}]}}