{"id":36530,"date":"2026-04-27T17:31:46","date_gmt":"2026-04-27T14:31:46","guid":{"rendered":"https:\/\/haberkuzey.com\/index.php\/2026\/04\/27\/acapulco-2-sanat-calistayi-akdenizin-sessiz-tanigi-zeytin-temasiyla-basladi\/"},"modified":"2026-04-27T17:31:54","modified_gmt":"2026-04-27T14:31:54","slug":"acapulco-2-sanat-calistayi-akdenizin-sessiz-tanigi-zeytin-temasiyla-basladi","status":"publish","type":"post","link":"https:\/\/haberkuzey.com\/index.php\/2026\/04\/27\/acapulco-2-sanat-calistayi-akdenizin-sessiz-tanigi-zeytin-temasiyla-basladi\/","title":{"rendered":"Acapulco 2. Sanat \u00c7al\u0131\u015ftay\u0131, \u201cAkdeniz\u2019in Sessiz Tan\u0131\u011f\u0131; Zeytin\u201d temas\u0131yla ba\u015flad\u0131"},"content":{"rendered":"<p style=\"font-weight: 300\">Acapulco Sanat \u00c7al\u0131\u015ftay\u0131, Ayhatun Ate\u015fin k\u00fcrat\u00f6rl\u00fc\u011f\u00fcnde ve Alashia Terracotta Sanat Toplulu\u011fu i\u015f birli\u011fiyle bu y\u0131l \u201cAkdeniz\u2019in Sessiz Tan\u0131\u011f\u0131; Zeytin\u201d temas\u0131yla ba\u015flad\u0131.<\/p>\n<p style=\"font-weight: 300\">Alashia Terra Cotta Sanat Toplulu\u011fu\u2019ndan verilen bilgiye g\u00f6re, resim, heykel ve seramik alan\u0131nda \u00fcretim yapan uluslararas\u0131 sanat\u00e7\u0131lar\u0131 bir araya getiren \u00e7al\u0131\u015ftay, zeytin a\u011fac\u0131n\u0131n bar\u0131\u015f, diren\u00e7 ve s\u00fcreklilik anlamlar\u0131n\u0131 sanatsal \u00fcretimle yeniden yorumlamay\u0131 ama\u00e7lad\u0131\u011f\u0131 kaydedildi.<\/p>\n<p style=\"font-weight: 300\">A\u00e7\u0131klamaya g\u00f6re, \u00e7al\u0131\u015ftay s\u00fcrecinde ortaya \u00e7\u0131kacak eserler, K\u0131br\u0131s\u2019ta bir ilk olan cam galeri uygulamas\u0131yla\u00a0 sanatseverlerle bulu\u015facak.<\/p>\n<p style=\"font-weight: 300\">\u0130zleyiciyi s\u00fcrece dahil ederek ya\u015fayan bir sanat deneyimi sunmay\u0131 hedefleyen \u00e7al\u0131\u015ftayda, kat\u0131l\u0131mc\u0131lar \u00fcretim s\u00fcre\u00e7lerini payla\u015farak kolektif bir sanat ortam\u0131 yarat\u0131rken, izleyiciye de s\u00fcrecin bir par\u00e7as\u0131 olma imk\u00e2n\u0131 sunacak.<\/p>\n<p style=\"font-weight: 300\">\u00c7al\u0131\u015ftay kapsam\u0131nda \u00fcretilen eserler, \u00e7ar\u015famba ak\u015fam\u0131 d\u00fczenlenecek sergiyle sanatseverlerin be\u011fenisine sunulacak. Sergi, hem bireysel \u00fcretimlerin hem de ortak belle\u011fin yans\u0131mas\u0131 niteli\u011fi ta\u015f\u0131yacak.<\/p>\n<p style=\"font-weight: 300\">Kat\u0131l\u0131mc\u0131 sanat\u00e7\u0131lar\u0131n listesi \u015f\u00f6yle:<\/p>\n<p style=\"font-weight: 300\">\u201cAsl\u0131han Bayrak Kaplan, Bahad\u0131r Cem Erdem, Bu\u011fra \u00d6zer, \u00c7i\u011fdem Canduran, Diclehan \u00d6z, Eser Ke\u00e7eci, Esin Ok, Evrim Erg\u00fcn, Ezgi Yemenicio\u011flu Negir, Fahimeh Haydari, G\u00fcliz Baydemir Katkar, Hanim Taghiyeva,\u00a0 \u0130brahim Y\u0131ld\u0131zba\u015f, Kaan Canduran, Kadir Sel\u00e7uk Ya\u015fa, Kadir Sevim, Kemal Beh\u00e7et Caymaz, Korhan Aybaytogan, Mert K\u0131l\u0131n\u00e7, Mert \u015eardu, Mine Okur, Nurseren Tor, Ozan Bebek, \u00d6znur Eren, Raif K\u0131z\u0131l, Sena G\u00f6k\u00e7eo\u011flu, Sel\u00e7uk Yaloval\u0131, Sinem Ak\u0131n K\u0131l\u0131n\u00e7, Tu\u011fbanur Alptekin,Umut Germe\u00e7, Vedia Okutan Gaydeler, Vafaollah Almasi.\u201d<\/p>\n","protected":false},"excerpt":{"rendered":"<p>Acapulco Sanat \u00c7al\u0131\u015ftay\u0131, Ayhatun Ate\u015fin k\u00fcrat\u00f6rl\u00fc\u011f\u00fcnde ve Alashia Terracotta Sanat Toplulu\u011fu i\u015f birli\u011fiyle bu y\u0131l \u201cAkdeniz\u2019in Sessiz Tan\u0131\u011f\u0131; Zeytin\u201d temas\u0131yla ba\u015flad\u0131. Alashia Terra Cotta Sanat Toplulu\u011fu\u2019ndan verilen bilgiye g\u00f6re, resim, heykel ve seramik alan\u0131nda \u00fcretim yapan uluslararas\u0131 sanat\u00e7\u0131lar\u0131 bir araya getiren \u00e7al\u0131\u015ftay, zeytin a\u011fac\u0131n\u0131n bar\u0131\u015f, diren\u00e7 ve s\u00fcreklilik anlamlar\u0131n\u0131 sanatsal \u00fcretimle yeniden yorumlamay\u0131 ama\u00e7lad\u0131\u011f\u0131 kaydedildi. [&hellip;]<\/p>\n","protected":false},"author":1,"featured_media":36531,"comment_status":"open","ping_status":"open","sticky":false,"template":"","format":"standard","meta":{"jnews-multi-image_gallery":[],"jnews_single_post":[],"jnews_primary_category":[],"footnotes":""},"categories":[1],"tags":[],"class_list":["post-36530","post","type-post","status-publish","format-standard","has-post-thumbnail","hentry","category-kibris"],"yoast_head":"<!-- This site is optimized with the Yoast SEO plugin v27.4 - https:\/\/yoast.com\/product\/yoast-seo-wordpress\/ -->\n<title>Acapulco 2. Sanat \u00c7al\u0131\u015ftay\u0131, \u201cAkdeniz\u2019in Sessiz Tan\u0131\u011f\u0131; Zeytin\u201d temas\u0131yla ba\u015flad\u0131 - Haber Kuzey<\/title>\n<meta name=\"robots\" content=\"index, follow, max-snippet:-1, max-image-preview:large, max-video-preview:-1\" \/>\n<link rel=\"canonical\" href=\"https:\/\/haberkuzey.com\/index.php\/2026\/04\/27\/acapulco-2-sanat-calistayi-akdenizin-sessiz-tanigi-zeytin-temasiyla-basladi\/\" \/>\n<meta property=\"og:locale\" content=\"tr_TR\" \/>\n<meta property=\"og:type\" content=\"article\" \/>\n<meta property=\"og:title\" content=\"Acapulco 2. Sanat \u00c7al\u0131\u015ftay\u0131, \u201cAkdeniz\u2019in Sessiz Tan\u0131\u011f\u0131; Zeytin\u201d temas\u0131yla ba\u015flad\u0131 - Haber Kuzey\" \/>\n<meta property=\"og:description\" content=\"Acapulco Sanat \u00c7al\u0131\u015ftay\u0131, Ayhatun Ate\u015fin k\u00fcrat\u00f6rl\u00fc\u011f\u00fcnde ve Alashia Terracotta Sanat Toplulu\u011fu i\u015f birli\u011fiyle bu y\u0131l \u201cAkdeniz\u2019in Sessiz Tan\u0131\u011f\u0131; Zeytin\u201d temas\u0131yla ba\u015flad\u0131. Alashia Terra Cotta Sanat Toplulu\u011fu\u2019ndan verilen bilgiye g\u00f6re, resim, heykel ve seramik alan\u0131nda \u00fcretim yapan uluslararas\u0131 sanat\u00e7\u0131lar\u0131 bir araya getiren \u00e7al\u0131\u015ftay, zeytin a\u011fac\u0131n\u0131n bar\u0131\u015f, diren\u00e7 ve s\u00fcreklilik anlamlar\u0131n\u0131 sanatsal \u00fcretimle yeniden yorumlamay\u0131 ama\u00e7lad\u0131\u011f\u0131 kaydedildi. [&hellip;]\" \/>\n<meta property=\"og:url\" content=\"https:\/\/haberkuzey.com\/index.php\/2026\/04\/27\/acapulco-2-sanat-calistayi-akdenizin-sessiz-tanigi-zeytin-temasiyla-basladi\/\" \/>\n<meta property=\"og:site_name\" content=\"Haber Kuzey\" \/>\n<meta property=\"article:published_time\" content=\"2026-04-27T14:31:46+00:00\" \/>\n<meta property=\"article:modified_time\" content=\"2026-04-27T14:31:54+00:00\" \/>\n<meta property=\"og:image\" content=\"https:\/\/haberkuzey.com\/wp-content\/uploads\/2026\/04\/1777297088094ACAPULCO-SANAT-CALISTAYI-4.jpeg\" \/>\n\t<meta property=\"og:image:width\" content=\"1600\" \/>\n\t<meta property=\"og:image:height\" content=\"1200\" \/>\n\t<meta property=\"og:image:type\" content=\"image\/jpeg\" \/>\n<meta name=\"author\" content=\"haberkuzey\" \/>\n<meta name=\"twitter:card\" content=\"summary_large_image\" \/>\n<meta name=\"twitter:label1\" content=\"Yazan:\" \/>\n\t<meta name=\"twitter:data1\" content=\"haberkuzey\" \/>\n\t<meta name=\"twitter:label2\" content=\"Tahmini okuma s\u00fcresi\" \/>\n\t<meta name=\"twitter:data2\" content=\"1 dakika\" \/>\n<script type=\"application\/ld+json\" class=\"yoast-schema-graph\">{\"@context\":\"https:\\\/\\\/schema.org\",\"@graph\":[{\"@type\":\"Article\",\"@id\":\"https:\\\/\\\/haberkuzey.com\\\/index.php\\\/2026\\\/04\\\/27\\\/acapulco-2-sanat-calistayi-akdenizin-sessiz-tanigi-zeytin-temasiyla-basladi\\\/#article\",\"isPartOf\":{\"@id\":\"https:\\\/\\\/haberkuzey.com\\\/index.php\\\/2026\\\/04\\\/27\\\/acapulco-2-sanat-calistayi-akdenizin-sessiz-tanigi-zeytin-temasiyla-basladi\\\/\"},\"author\":{\"name\":\"haberkuzey\",\"@id\":\"https:\\\/\\\/haberkuzey.com\\\/#\\\/schema\\\/person\\\/3372109ec735f9333f4fa47ebb9605ca\"},\"headline\":\"Acapulco 2. Sanat \u00c7al\u0131\u015ftay\u0131, \u201cAkdeniz\u2019in Sessiz Tan\u0131\u011f\u0131; Zeytin\u201d temas\u0131yla ba\u015flad\u0131\",\"datePublished\":\"2026-04-27T14:31:46+00:00\",\"dateModified\":\"2026-04-27T14:31:54+00:00\",\"mainEntityOfPage\":{\"@id\":\"https:\\\/\\\/haberkuzey.com\\\/index.php\\\/2026\\\/04\\\/27\\\/acapulco-2-sanat-calistayi-akdenizin-sessiz-tanigi-zeytin-temasiyla-basladi\\\/\"},\"wordCount\":294,\"commentCount\":0,\"image\":{\"@id\":\"https:\\\/\\\/haberkuzey.com\\\/index.php\\\/2026\\\/04\\\/27\\\/acapulco-2-sanat-calistayi-akdenizin-sessiz-tanigi-zeytin-temasiyla-basladi\\\/#primaryimage\"},\"thumbnailUrl\":\"https:\\\/\\\/haberkuzey.com\\\/wp-content\\\/uploads\\\/2026\\\/04\\\/1777297088094ACAPULCO-SANAT-CALISTAYI-4.jpeg\",\"articleSection\":[\"K\u0131br\u0131s\"],\"inLanguage\":\"tr\",\"potentialAction\":[{\"@type\":\"CommentAction\",\"name\":\"Comment\",\"target\":[\"https:\\\/\\\/haberkuzey.com\\\/index.php\\\/2026\\\/04\\\/27\\\/acapulco-2-sanat-calistayi-akdenizin-sessiz-tanigi-zeytin-temasiyla-basladi\\\/#respond\"]}]},{\"@type\":\"WebPage\",\"@id\":\"https:\\\/\\\/haberkuzey.com\\\/index.php\\\/2026\\\/04\\\/27\\\/acapulco-2-sanat-calistayi-akdenizin-sessiz-tanigi-zeytin-temasiyla-basladi\\\/\",\"url\":\"https:\\\/\\\/haberkuzey.com\\\/index.php\\\/2026\\\/04\\\/27\\\/acapulco-2-sanat-calistayi-akdenizin-sessiz-tanigi-zeytin-temasiyla-basladi\\\/\",\"name\":\"Acapulco 2. Sanat \u00c7al\u0131\u015ftay\u0131, \u201cAkdeniz\u2019in Sessiz Tan\u0131\u011f\u0131; Zeytin\u201d temas\u0131yla ba\u015flad\u0131 - Haber Kuzey\",\"isPartOf\":{\"@id\":\"https:\\\/\\\/haberkuzey.com\\\/#website\"},\"primaryImageOfPage\":{\"@id\":\"https:\\\/\\\/haberkuzey.com\\\/index.php\\\/2026\\\/04\\\/27\\\/acapulco-2-sanat-calistayi-akdenizin-sessiz-tanigi-zeytin-temasiyla-basladi\\\/#primaryimage\"},\"image\":{\"@id\":\"https:\\\/\\\/haberkuzey.com\\\/index.php\\\/2026\\\/04\\\/27\\\/acapulco-2-sanat-calistayi-akdenizin-sessiz-tanigi-zeytin-temasiyla-basladi\\\/#primaryimage\"},\"thumbnailUrl\":\"https:\\\/\\\/haberkuzey.com\\\/wp-content\\\/uploads\\\/2026\\\/04\\\/1777297088094ACAPULCO-SANAT-CALISTAYI-4.jpeg\",\"datePublished\":\"2026-04-27T14:31:46+00:00\",\"dateModified\":\"2026-04-27T14:31:54+00:00\",\"author\":{\"@id\":\"https:\\\/\\\/haberkuzey.com\\\/#\\\/schema\\\/person\\\/3372109ec735f9333f4fa47ebb9605ca\"},\"breadcrumb\":{\"@id\":\"https:\\\/\\\/haberkuzey.com\\\/index.php\\\/2026\\\/04\\\/27\\\/acapulco-2-sanat-calistayi-akdenizin-sessiz-tanigi-zeytin-temasiyla-basladi\\\/#breadcrumb\"},\"inLanguage\":\"tr\",\"potentialAction\":[{\"@type\":\"ReadAction\",\"target\":[\"https:\\\/\\\/haberkuzey.com\\\/index.php\\\/2026\\\/04\\\/27\\\/acapulco-2-sanat-calistayi-akdenizin-sessiz-tanigi-zeytin-temasiyla-basladi\\\/\"]}]},{\"@type\":\"ImageObject\",\"inLanguage\":\"tr\",\"@id\":\"https:\\\/\\\/haberkuzey.com\\\/index.php\\\/2026\\\/04\\\/27\\\/acapulco-2-sanat-calistayi-akdenizin-sessiz-tanigi-zeytin-temasiyla-basladi\\\/#primaryimage\",\"url\":\"https:\\\/\\\/haberkuzey.com\\\/wp-content\\\/uploads\\\/2026\\\/04\\\/1777297088094ACAPULCO-SANAT-CALISTAYI-4.jpeg\",\"contentUrl\":\"https:\\\/\\\/haberkuzey.com\\\/wp-content\\\/uploads\\\/2026\\\/04\\\/1777297088094ACAPULCO-SANAT-CALISTAYI-4.jpeg\",\"width\":1600,\"height\":1200},{\"@type\":\"BreadcrumbList\",\"@id\":\"https:\\\/\\\/haberkuzey.com\\\/index.php\\\/2026\\\/04\\\/27\\\/acapulco-2-sanat-calistayi-akdenizin-sessiz-tanigi-zeytin-temasiyla-basladi\\\/#breadcrumb\",\"itemListElement\":[{\"@type\":\"ListItem\",\"position\":1,\"name\":\"Anasayfa\",\"item\":\"https:\\\/\\\/haberkuzey.com\\\/\"},{\"@type\":\"ListItem\",\"position\":2,\"name\":\"Acapulco 2. Sanat \u00c7al\u0131\u015ftay\u0131, \u201cAkdeniz\u2019in Sessiz Tan\u0131\u011f\u0131; Zeytin\u201d temas\u0131yla ba\u015flad\u0131\"}]},{\"@type\":\"WebSite\",\"@id\":\"https:\\\/\\\/haberkuzey.com\\\/#website\",\"url\":\"https:\\\/\\\/haberkuzey.com\\\/\",\"name\":\"Haber Kuzey\",\"description\":\"Do\u011fru Haberin Adresi\",\"potentialAction\":[{\"@type\":\"SearchAction\",\"target\":{\"@type\":\"EntryPoint\",\"urlTemplate\":\"https:\\\/\\\/haberkuzey.com\\\/?s={search_term_string}\"},\"query-input\":{\"@type\":\"PropertyValueSpecification\",\"valueRequired\":true,\"valueName\":\"search_term_string\"}}],\"inLanguage\":\"tr\"},{\"@type\":\"Person\",\"@id\":\"https:\\\/\\\/haberkuzey.com\\\/#\\\/schema\\\/person\\\/3372109ec735f9333f4fa47ebb9605ca\",\"name\":\"haberkuzey\",\"image\":{\"@type\":\"ImageObject\",\"inLanguage\":\"tr\",\"@id\":\"https:\\\/\\\/secure.gravatar.com\\\/avatar\\\/f5fc875574b1575324358c3b9e6a32b8227aa5b74f3fa22e3cadb63e26fcc39c?s=96&d=mm&r=g\",\"url\":\"https:\\\/\\\/secure.gravatar.com\\\/avatar\\\/f5fc875574b1575324358c3b9e6a32b8227aa5b74f3fa22e3cadb63e26fcc39c?s=96&d=mm&r=g\",\"contentUrl\":\"https:\\\/\\\/secure.gravatar.com\\\/avatar\\\/f5fc875574b1575324358c3b9e6a32b8227aa5b74f3fa22e3cadb63e26fcc39c?s=96&d=mm&r=g\",\"caption\":\"haberkuzey\"},\"sameAs\":[\"https:\\\/\\\/haberkuzey.com\"],\"url\":\"https:\\\/\\\/haberkuzey.com\\\/index.php\\\/author\\\/haberkuzey\\\/\"}]}<\/script>\n<!-- \/ Yoast SEO plugin. -->","yoast_head_json":{"title":"Acapulco 2. Sanat \u00c7al\u0131\u015ftay\u0131, \u201cAkdeniz\u2019in Sessiz Tan\u0131\u011f\u0131; Zeytin\u201d temas\u0131yla ba\u015flad\u0131 - Haber Kuzey","robots":{"index":"index","follow":"follow","max-snippet":"max-snippet:-1","max-image-preview":"max-image-preview:large","max-video-preview":"max-video-preview:-1"},"canonical":"https:\/\/haberkuzey.com\/index.php\/2026\/04\/27\/acapulco-2-sanat-calistayi-akdenizin-sessiz-tanigi-zeytin-temasiyla-basladi\/","og_locale":"tr_TR","og_type":"article","og_title":"Acapulco 2. Sanat \u00c7al\u0131\u015ftay\u0131, \u201cAkdeniz\u2019in Sessiz Tan\u0131\u011f\u0131; Zeytin\u201d temas\u0131yla ba\u015flad\u0131 - Haber Kuzey","og_description":"Acapulco Sanat \u00c7al\u0131\u015ftay\u0131, Ayhatun Ate\u015fin k\u00fcrat\u00f6rl\u00fc\u011f\u00fcnde ve Alashia Terracotta Sanat Toplulu\u011fu i\u015f birli\u011fiyle bu y\u0131l \u201cAkdeniz\u2019in Sessiz Tan\u0131\u011f\u0131; Zeytin\u201d temas\u0131yla ba\u015flad\u0131. Alashia Terra Cotta Sanat Toplulu\u011fu\u2019ndan verilen bilgiye g\u00f6re, resim, heykel ve seramik alan\u0131nda \u00fcretim yapan uluslararas\u0131 sanat\u00e7\u0131lar\u0131 bir araya getiren \u00e7al\u0131\u015ftay, zeytin a\u011fac\u0131n\u0131n bar\u0131\u015f, diren\u00e7 ve s\u00fcreklilik anlamlar\u0131n\u0131 sanatsal \u00fcretimle yeniden yorumlamay\u0131 ama\u00e7lad\u0131\u011f\u0131 kaydedildi. [&hellip;]","og_url":"https:\/\/haberkuzey.com\/index.php\/2026\/04\/27\/acapulco-2-sanat-calistayi-akdenizin-sessiz-tanigi-zeytin-temasiyla-basladi\/","og_site_name":"Haber Kuzey","article_published_time":"2026-04-27T14:31:46+00:00","article_modified_time":"2026-04-27T14:31:54+00:00","og_image":[{"width":1600,"height":1200,"url":"https:\/\/haberkuzey.com\/wp-content\/uploads\/2026\/04\/1777297088094ACAPULCO-SANAT-CALISTAYI-4.jpeg","type":"image\/jpeg"}],"author":"haberkuzey","twitter_card":"summary_large_image","twitter_misc":{"Yazan:":"haberkuzey","Tahmini okuma s\u00fcresi":"1 dakika"},"schema":{"@context":"https:\/\/schema.org","@graph":[{"@type":"Article","@id":"https:\/\/haberkuzey.com\/index.php\/2026\/04\/27\/acapulco-2-sanat-calistayi-akdenizin-sessiz-tanigi-zeytin-temasiyla-basladi\/#article","isPartOf":{"@id":"https:\/\/haberkuzey.com\/index.php\/2026\/04\/27\/acapulco-2-sanat-calistayi-akdenizin-sessiz-tanigi-zeytin-temasiyla-basladi\/"},"author":{"name":"haberkuzey","@id":"https:\/\/haberkuzey.com\/#\/schema\/person\/3372109ec735f9333f4fa47ebb9605ca"},"headline":"Acapulco 2. Sanat \u00c7al\u0131\u015ftay\u0131, \u201cAkdeniz\u2019in Sessiz Tan\u0131\u011f\u0131; Zeytin\u201d temas\u0131yla ba\u015flad\u0131","datePublished":"2026-04-27T14:31:46+00:00","dateModified":"2026-04-27T14:31:54+00:00","mainEntityOfPage":{"@id":"https:\/\/haberkuzey.com\/index.php\/2026\/04\/27\/acapulco-2-sanat-calistayi-akdenizin-sessiz-tanigi-zeytin-temasiyla-basladi\/"},"wordCount":294,"commentCount":0,"image":{"@id":"https:\/\/haberkuzey.com\/index.php\/2026\/04\/27\/acapulco-2-sanat-calistayi-akdenizin-sessiz-tanigi-zeytin-temasiyla-basladi\/#primaryimage"},"thumbnailUrl":"https:\/\/haberkuzey.com\/wp-content\/uploads\/2026\/04\/1777297088094ACAPULCO-SANAT-CALISTAYI-4.jpeg","articleSection":["K\u0131br\u0131s"],"inLanguage":"tr","potentialAction":[{"@type":"CommentAction","name":"Comment","target":["https:\/\/haberkuzey.com\/index.php\/2026\/04\/27\/acapulco-2-sanat-calistayi-akdenizin-sessiz-tanigi-zeytin-temasiyla-basladi\/#respond"]}]},{"@type":"WebPage","@id":"https:\/\/haberkuzey.com\/index.php\/2026\/04\/27\/acapulco-2-sanat-calistayi-akdenizin-sessiz-tanigi-zeytin-temasiyla-basladi\/","url":"https:\/\/haberkuzey.com\/index.php\/2026\/04\/27\/acapulco-2-sanat-calistayi-akdenizin-sessiz-tanigi-zeytin-temasiyla-basladi\/","name":"Acapulco 2. Sanat \u00c7al\u0131\u015ftay\u0131, \u201cAkdeniz\u2019in Sessiz Tan\u0131\u011f\u0131; Zeytin\u201d temas\u0131yla ba\u015flad\u0131 - Haber Kuzey","isPartOf":{"@id":"https:\/\/haberkuzey.com\/#website"},"primaryImageOfPage":{"@id":"https:\/\/haberkuzey.com\/index.php\/2026\/04\/27\/acapulco-2-sanat-calistayi-akdenizin-sessiz-tanigi-zeytin-temasiyla-basladi\/#primaryimage"},"image":{"@id":"https:\/\/haberkuzey.com\/index.php\/2026\/04\/27\/acapulco-2-sanat-calistayi-akdenizin-sessiz-tanigi-zeytin-temasiyla-basladi\/#primaryimage"},"thumbnailUrl":"https:\/\/haberkuzey.com\/wp-content\/uploads\/2026\/04\/1777297088094ACAPULCO-SANAT-CALISTAYI-4.jpeg","datePublished":"2026-04-27T14:31:46+00:00","dateModified":"2026-04-27T14:31:54+00:00","author":{"@id":"https:\/\/haberkuzey.com\/#\/schema\/person\/3372109ec735f9333f4fa47ebb9605ca"},"breadcrumb":{"@id":"https:\/\/haberkuzey.com\/index.php\/2026\/04\/27\/acapulco-2-sanat-calistayi-akdenizin-sessiz-tanigi-zeytin-temasiyla-basladi\/#breadcrumb"},"inLanguage":"tr","potentialAction":[{"@type":"ReadAction","target":["https:\/\/haberkuzey.com\/index.php\/2026\/04\/27\/acapulco-2-sanat-calistayi-akdenizin-sessiz-tanigi-zeytin-temasiyla-basladi\/"]}]},{"@type":"ImageObject","inLanguage":"tr","@id":"https:\/\/haberkuzey.com\/index.php\/2026\/04\/27\/acapulco-2-sanat-calistayi-akdenizin-sessiz-tanigi-zeytin-temasiyla-basladi\/#primaryimage","url":"https:\/\/haberkuzey.com\/wp-content\/uploads\/2026\/04\/1777297088094ACAPULCO-SANAT-CALISTAYI-4.jpeg","contentUrl":"https:\/\/haberkuzey.com\/wp-content\/uploads\/2026\/04\/1777297088094ACAPULCO-SANAT-CALISTAYI-4.jpeg","width":1600,"height":1200},{"@type":"BreadcrumbList","@id":"https:\/\/haberkuzey.com\/index.php\/2026\/04\/27\/acapulco-2-sanat-calistayi-akdenizin-sessiz-tanigi-zeytin-temasiyla-basladi\/#breadcrumb","itemListElement":[{"@type":"ListItem","position":1,"name":"Anasayfa","item":"https:\/\/haberkuzey.com\/"},{"@type":"ListItem","position":2,"name":"Acapulco 2. Sanat \u00c7al\u0131\u015ftay\u0131, \u201cAkdeniz\u2019in Sessiz Tan\u0131\u011f\u0131; Zeytin\u201d temas\u0131yla ba\u015flad\u0131"}]},{"@type":"WebSite","@id":"https:\/\/haberkuzey.com\/#website","url":"https:\/\/haberkuzey.com\/","name":"Haber Kuzey","description":"Do\u011fru Haberin Adresi","potentialAction":[{"@type":"SearchAction","target":{"@type":"EntryPoint","urlTemplate":"https:\/\/haberkuzey.com\/?s={search_term_string}"},"query-input":{"@type":"PropertyValueSpecification","valueRequired":true,"valueName":"search_term_string"}}],"inLanguage":"tr"},{"@type":"Person","@id":"https:\/\/haberkuzey.com\/#\/schema\/person\/3372109ec735f9333f4fa47ebb9605ca","name":"haberkuzey","image":{"@type":"ImageObject","inLanguage":"tr","@id":"https:\/\/secure.gravatar.com\/avatar\/f5fc875574b1575324358c3b9e6a32b8227aa5b74f3fa22e3cadb63e26fcc39c?s=96&d=mm&r=g","url":"https:\/\/secure.gravatar.com\/avatar\/f5fc875574b1575324358c3b9e6a32b8227aa5b74f3fa22e3cadb63e26fcc39c?s=96&d=mm&r=g","contentUrl":"https:\/\/secure.gravatar.com\/avatar\/f5fc875574b1575324358c3b9e6a32b8227aa5b74f3fa22e3cadb63e26fcc39c?s=96&d=mm&r=g","caption":"haberkuzey"},"sameAs":["https:\/\/haberkuzey.com"],"url":"https:\/\/haberkuzey.com\/index.php\/author\/haberkuzey\/"}]}},"_links":{"self":[{"href":"https:\/\/haberkuzey.com\/index.php\/wp-json\/wp\/v2\/posts\/36530","targetHints":{"allow":["GET"]}}],"collection":[{"href":"https:\/\/haberkuzey.com\/index.php\/wp-json\/wp\/v2\/posts"}],"about":[{"href":"https:\/\/haberkuzey.com\/index.php\/wp-json\/wp\/v2\/types\/post"}],"author":[{"embeddable":true,"href":"https:\/\/haberkuzey.com\/index.php\/wp-json\/wp\/v2\/users\/1"}],"replies":[{"embeddable":true,"href":"https:\/\/haberkuzey.com\/index.php\/wp-json\/wp\/v2\/comments?post=36530"}],"version-history":[{"count":1,"href":"https:\/\/haberkuzey.com\/index.php\/wp-json\/wp\/v2\/posts\/36530\/revisions"}],"predecessor-version":[{"id":36532,"href":"https:\/\/haberkuzey.com\/index.php\/wp-json\/wp\/v2\/posts\/36530\/revisions\/36532"}],"wp:featuredmedia":[{"embeddable":true,"href":"https:\/\/haberkuzey.com\/index.php\/wp-json\/wp\/v2\/media\/36531"}],"wp:attachment":[{"href":"https:\/\/haberkuzey.com\/index.php\/wp-json\/wp\/v2\/media?parent=36530"}],"wp:term":[{"taxonomy":"category","embeddable":true,"href":"https:\/\/haberkuzey.com\/index.php\/wp-json\/wp\/v2\/categories?post=36530"},{"taxonomy":"post_tag","embeddable":true,"href":"https:\/\/haberkuzey.com\/index.php\/wp-json\/wp\/v2\/tags?post=36530"}],"curies":[{"name":"wp","href":"https:\/\/api.w.org\/{rel}","templated":true}]}}