{"id":36478,"date":"2026-04-27T13:19:53","date_gmt":"2026-04-27T10:19:53","guid":{"rendered":"https:\/\/haberkuzey.com\/index.php\/2026\/04\/27\/ustelden-hristodulidise-fransiz-askeri-tepkisi-guney-kibrisi-yabanci-guclerin-ussune-donusturuyorsunuz\/"},"modified":"2026-04-27T13:20:02","modified_gmt":"2026-04-27T10:20:02","slug":"ustelden-hristodulidise-fransiz-askeri-tepkisi-guney-kibrisi-yabanci-guclerin-ussune-donusturuyorsunuz","status":"publish","type":"post","link":"https:\/\/haberkuzey.com\/index.php\/2026\/04\/27\/ustelden-hristodulidise-fransiz-askeri-tepkisi-guney-kibrisi-yabanci-guclerin-ussune-donusturuyorsunuz\/","title":{"rendered":"\u00dcstel\u2019den Hristodulidis\u2019e Frans\u0131z askeri tepkisi: G\u00fcney K\u0131br\u0131s\u2019\u0131 yabanc\u0131 g\u00fc\u00e7lerin \u00fcss\u00fcne d\u00f6n\u00fc\u015ft\u00fcr\u00fcyorsunuz"},"content":{"rendered":"<p>Ba\u015fbakan \u00dcnal \u00dcstel, G\u00fcney K\u0131br\u0131s Rum Y\u00f6netimi lideri Nikos Hristodulidis\u2019in Frans\u0131z askerlerinin G\u00fcney K\u0131br\u0131s\u2019a konu\u015fland\u0131r\u0131laca\u011f\u0131 y\u00f6n\u00fcndeki a\u00e7\u0131klamas\u0131na ili\u015fkin de\u011ferlendirmede bulundu.<\/p>\n<p>Ba\u015fbakan \u00dcnal \u00dcstel\u2019in a\u00e7\u0131klamas\u0131 \u015f\u00f6yle:<\/p>\n<p>\u2018\u2018G\u00fcney K\u0131br\u0131s Rum Y\u00f6netimi lideri Nikos Hristodilidis\u2019in, Fransa Cumhurba\u015fkan\u0131 Emmanuel Macron ile yapt\u0131\u011f\u0131 g\u00f6r\u00fc\u015fmenin ard\u0131ndan yapt\u0131\u011f\u0131 a\u00e7\u0131klamalar, Ada\u2019daki bar\u0131\u015f ve huzur ortam\u0131na ciddi zararlar verecek niteliktedir.<\/p>\n<p>&nbsp;<\/p>\n<p>Hristodilidis\u2019in \u2018Frans\u0131z askerlerinin G\u00fcney K\u0131br\u0131s\u2019a konu\u015fland\u0131r\u0131laca\u011f\u0131n\u0131\u2019 a\u00e7\u0131klamas\u0131 son derece tehlikeli, provokatif ve kabul edilemez bir ad\u0131md\u0131r.<\/p>\n<p>&nbsp;<\/p>\n<p>Bir yandan yeni bir m\u00fczakere s\u00fcrecinden bahseden Hristodilidis ve zihniyeti, di\u011fer yandan K\u0131br\u0131s T\u00fcrk Halk\u0131\u2019n\u0131 yok saymakta ve g\u00f6rmezden gelmektedir. Bu \u00e7eli\u015fkili tutum, onun ger\u00e7ek niyetini a\u00e7\u0131k\u00e7a ortaya koymaktad\u0131r.<\/p>\n<p>&nbsp;<\/p>\n<p>K\u0131br\u0131s\u2019ta herhangi bir askeri varl\u0131k veya asker\u00ee ad\u0131m at\u0131labilmesi i\u00e7in \u00f6ncelikle K\u0131br\u0131s T\u00fcrk Halk\u0131\u2019n\u0131n r\u0131zas\u0131 ve onay\u0131 zorunludur. Bu onay al\u0131nmadan at\u0131lacak her t\u00fcrl\u00fc ad\u0131m, uluslararas\u0131 hukuk a\u00e7\u0131s\u0131ndan yok h\u00fckm\u00fcndedir.<\/p>\n<p>&nbsp;<\/p>\n<p>\u00d6te yandan Fransa Cumhurba\u015fkan\u0131 Emmanuel Macron\u2019un k\u00fcstah\u00e7a a\u00e7\u0131klamalar\u0131 ve tav\u0131rlar\u0131 da dikkat \u00e7ekicidir. Girdi\u011fi hemen her \u00fclkeyi s\u00f6m\u00fcrme anlay\u0131\u015f\u0131yla bilinen Fransa\u2019n\u0131n K\u0131br\u0131s Rumlar\u0131na sunabilece\u011fi tek \u015fey, uzun vadede b\u00fcy\u00fck bir hayal k\u0131r\u0131kl\u0131\u011f\u0131 olacakt\u0131r.<\/p>\n<p>&nbsp;<\/p>\n<p>K\u0131br\u0131s\u2019ta adil ve kal\u0131c\u0131 bir \u00e7\u00f6z\u00fcm\u00fcn \u00f6n\u00fcndeki en b\u00fcy\u00fck engellerden biri olan AB \u00fcyesi Fransa\u2019n\u0131n, adaya asker konu\u015fland\u0131rma giri\u015fimleri, ayn\u0131 zamanda Avrupa Birli\u011fi\u2019nin ikiy\u00fczl\u00fc politikas\u0131n\u0131n da a\u00e7\u0131k bir g\u00f6stergesidir.<\/p>\n<p>&nbsp;<\/p>\n<p>Avrupa Birli\u011fininin hi\u00e7bir \u00fcyesi, KKTC\u2019nin egemenlik haklar\u0131n\u0131 ve g\u00fcvenli\u011fini g\u00f6z ard\u0131 edecek kararlar alamaz ve eylemler i\u00e7erisinde bulunamaz.<\/p>\n<p>&nbsp;<\/p>\n<p>K\u0131br\u0131s T\u00fcrk halk\u0131, bar\u0131\u015f, g\u00fcvenlik ve adalet temelinde kendi devletinin kurumlar\u0131n\u0131 i\u015fletmeye devam ederken,uluslararas\u0131 hukukun da i\u00e7inde kalmaya devam edecektir.<\/p>\n<p>&nbsp;<\/p>\n<p>Macron ve AB\u2019den beklenen, K\u0131br\u0131s meselesine s\u00f6m\u00fcrgeci zihniyetle yakla\u015fmaktan vazge\u00e7meleri ve adil bir tutum benimsemeleridir.<\/p>\n<p>&nbsp;<\/p>\n<p>K\u0131br\u0131s T\u00fcrk\u00fc\u2019n\u00fc yok sayarak at\u0131lan ve at\u0131lmak istenen ad\u0131mlar, mutlaka gereken kar\u015f\u0131l\u0131\u011f\u0131 g\u00f6recektir. Rum lideri Nikos Hristodilidis\u2019e buradan a\u00e7\u0131k bir uyar\u0131da bulunuyorum: G\u00fcney K\u0131br\u0131s\u2019\u0131 yabanc\u0131 askerlerin \u00fcss\u00fcne ve yabanc\u0131 g\u00fc\u00e7lerin etki alan\u0131na d\u00f6n\u00fc\u015ft\u00fcr\u00fcyorsunuz. Bu politikan\u0131n sonu\u00e7lar\u0131 ne size ne de K\u0131br\u0131s Rum halk\u0131na herhangi bir yarar sa\u011flamayacakt\u0131r.<\/p>\n<p>&nbsp;<\/p>\n<p>Tavsiyem, gelece\u011fini karartacak bu tehlikeli ad\u0131mlardan bir an \u00f6nce vazge\u00e7menizdir. Aksi takdirde kaybeden yine siz olacaks\u0131n\u0131z.\u2019\u2019<\/p>\n<p>&nbsp;<\/p>\n<p>&nbsp;<\/p>\n<p>&nbsp;<\/p>\n","protected":false},"excerpt":{"rendered":"<p>Ba\u015fbakan \u00dcnal \u00dcstel, G\u00fcney K\u0131br\u0131s Rum Y\u00f6netimi lideri Nikos Hristodulidis\u2019in Frans\u0131z askerlerinin G\u00fcney K\u0131br\u0131s\u2019a konu\u015fland\u0131r\u0131laca\u011f\u0131 y\u00f6n\u00fcndeki a\u00e7\u0131klamas\u0131na ili\u015fkin de\u011ferlendirmede bulundu. Ba\u015fbakan \u00dcnal \u00dcstel\u2019in a\u00e7\u0131klamas\u0131 \u015f\u00f6yle: \u2018\u2018G\u00fcney K\u0131br\u0131s Rum Y\u00f6netimi lideri Nikos Hristodilidis\u2019in, Fransa Cumhurba\u015fkan\u0131 Emmanuel Macron ile yapt\u0131\u011f\u0131 g\u00f6r\u00fc\u015fmenin ard\u0131ndan yapt\u0131\u011f\u0131 a\u00e7\u0131klamalar, Ada\u2019daki bar\u0131\u015f ve huzur ortam\u0131na ciddi zararlar verecek niteliktedir. &nbsp; Hristodilidis\u2019in \u2018Frans\u0131z askerlerinin [&hellip;]<\/p>\n","protected":false},"author":1,"featured_media":36479,"comment_status":"open","ping_status":"open","sticky":false,"template":"","format":"standard","meta":{"jnews-multi-image_gallery":[],"jnews_single_post":[],"jnews_primary_category":[],"footnotes":""},"categories":[1],"tags":[],"class_list":["post-36478","post","type-post","status-publish","format-standard","has-post-thumbnail","hentry","category-kibris"],"yoast_head":"<!-- This site is optimized with the Yoast SEO plugin v27.4 - https:\/\/yoast.com\/product\/yoast-seo-wordpress\/ -->\n<title>\u00dcstel\u2019den Hristodulidis\u2019e Frans\u0131z askeri tepkisi: G\u00fcney K\u0131br\u0131s\u2019\u0131 yabanc\u0131 g\u00fc\u00e7lerin \u00fcss\u00fcne d\u00f6n\u00fc\u015ft\u00fcr\u00fcyorsunuz - Haber Kuzey<\/title>\n<meta name=\"robots\" content=\"index, follow, max-snippet:-1, max-image-preview:large, max-video-preview:-1\" \/>\n<link rel=\"canonical\" href=\"https:\/\/haberkuzey.com\/index.php\/2026\/04\/27\/ustelden-hristodulidise-fransiz-askeri-tepkisi-guney-kibrisi-yabanci-guclerin-ussune-donusturuyorsunuz\/\" \/>\n<meta property=\"og:locale\" content=\"tr_TR\" \/>\n<meta property=\"og:type\" content=\"article\" \/>\n<meta property=\"og:title\" content=\"\u00dcstel\u2019den Hristodulidis\u2019e Frans\u0131z askeri tepkisi: G\u00fcney K\u0131br\u0131s\u2019\u0131 yabanc\u0131 g\u00fc\u00e7lerin \u00fcss\u00fcne d\u00f6n\u00fc\u015ft\u00fcr\u00fcyorsunuz - Haber Kuzey\" \/>\n<meta property=\"og:description\" content=\"Ba\u015fbakan \u00dcnal \u00dcstel, G\u00fcney K\u0131br\u0131s Rum Y\u00f6netimi lideri Nikos Hristodulidis\u2019in Frans\u0131z askerlerinin G\u00fcney K\u0131br\u0131s\u2019a konu\u015fland\u0131r\u0131laca\u011f\u0131 y\u00f6n\u00fcndeki a\u00e7\u0131klamas\u0131na ili\u015fkin de\u011ferlendirmede bulundu. Ba\u015fbakan \u00dcnal \u00dcstel\u2019in a\u00e7\u0131klamas\u0131 \u015f\u00f6yle: \u2018\u2018G\u00fcney K\u0131br\u0131s Rum Y\u00f6netimi lideri Nikos Hristodilidis\u2019in, Fransa Cumhurba\u015fkan\u0131 Emmanuel Macron ile yapt\u0131\u011f\u0131 g\u00f6r\u00fc\u015fmenin ard\u0131ndan yapt\u0131\u011f\u0131 a\u00e7\u0131klamalar, Ada\u2019daki bar\u0131\u015f ve huzur ortam\u0131na ciddi zararlar verecek niteliktedir. &nbsp; Hristodilidis\u2019in \u2018Frans\u0131z askerlerinin [&hellip;]\" \/>\n<meta property=\"og:url\" content=\"https:\/\/haberkuzey.com\/index.php\/2026\/04\/27\/ustelden-hristodulidise-fransiz-askeri-tepkisi-guney-kibrisi-yabanci-guclerin-ussune-donusturuyorsunuz\/\" \/>\n<meta property=\"og:site_name\" content=\"Haber Kuzey\" \/>\n<meta property=\"article:published_time\" content=\"2026-04-27T10:19:53+00:00\" \/>\n<meta property=\"article:modified_time\" content=\"2026-04-27T10:20:02+00:00\" \/>\n<meta property=\"og:image\" content=\"https:\/\/haberkuzey.com\/wp-content\/uploads\/2026\/04\/unal-ustel-sagilik-calisanlari-ve-burokratlara-belgelerini-verdi-1-ero-1.jpg\" \/>\n\t<meta property=\"og:image:width\" content=\"1280\" \/>\n\t<meta property=\"og:image:height\" content=\"720\" \/>\n\t<meta property=\"og:image:type\" content=\"image\/jpeg\" \/>\n<meta name=\"author\" content=\"haberkuzey\" \/>\n<meta name=\"twitter:card\" content=\"summary_large_image\" \/>\n<meta name=\"twitter:label1\" content=\"Yazan:\" \/>\n\t<meta name=\"twitter:data1\" content=\"haberkuzey\" \/>\n\t<meta name=\"twitter:label2\" content=\"Tahmini okuma s\u00fcresi\" \/>\n\t<meta name=\"twitter:data2\" content=\"2 dakika\" \/>\n<script type=\"application\/ld+json\" class=\"yoast-schema-graph\">{\"@context\":\"https:\\\/\\\/schema.org\",\"@graph\":[{\"@type\":\"Article\",\"@id\":\"https:\\\/\\\/haberkuzey.com\\\/index.php\\\/2026\\\/04\\\/27\\\/ustelden-hristodulidise-fransiz-askeri-tepkisi-guney-kibrisi-yabanci-guclerin-ussune-donusturuyorsunuz\\\/#article\",\"isPartOf\":{\"@id\":\"https:\\\/\\\/haberkuzey.com\\\/index.php\\\/2026\\\/04\\\/27\\\/ustelden-hristodulidise-fransiz-askeri-tepkisi-guney-kibrisi-yabanci-guclerin-ussune-donusturuyorsunuz\\\/\"},\"author\":{\"name\":\"haberkuzey\",\"@id\":\"https:\\\/\\\/haberkuzey.com\\\/#\\\/schema\\\/person\\\/3372109ec735f9333f4fa47ebb9605ca\"},\"headline\":\"\u00dcstel\u2019den Hristodulidis\u2019e Frans\u0131z askeri tepkisi: G\u00fcney K\u0131br\u0131s\u2019\u0131 yabanc\u0131 g\u00fc\u00e7lerin \u00fcss\u00fcne d\u00f6n\u00fc\u015ft\u00fcr\u00fcyorsunuz\",\"datePublished\":\"2026-04-27T10:19:53+00:00\",\"dateModified\":\"2026-04-27T10:20:02+00:00\",\"mainEntityOfPage\":{\"@id\":\"https:\\\/\\\/haberkuzey.com\\\/index.php\\\/2026\\\/04\\\/27\\\/ustelden-hristodulidise-fransiz-askeri-tepkisi-guney-kibrisi-yabanci-guclerin-ussune-donusturuyorsunuz\\\/\"},\"wordCount\":521,\"commentCount\":0,\"image\":{\"@id\":\"https:\\\/\\\/haberkuzey.com\\\/index.php\\\/2026\\\/04\\\/27\\\/ustelden-hristodulidise-fransiz-askeri-tepkisi-guney-kibrisi-yabanci-guclerin-ussune-donusturuyorsunuz\\\/#primaryimage\"},\"thumbnailUrl\":\"https:\\\/\\\/haberkuzey.com\\\/wp-content\\\/uploads\\\/2026\\\/04\\\/unal-ustel-sagilik-calisanlari-ve-burokratlara-belgelerini-verdi-1-ero-1.jpg\",\"articleSection\":[\"K\u0131br\u0131s\"],\"inLanguage\":\"tr\",\"potentialAction\":[{\"@type\":\"CommentAction\",\"name\":\"Comment\",\"target\":[\"https:\\\/\\\/haberkuzey.com\\\/index.php\\\/2026\\\/04\\\/27\\\/ustelden-hristodulidise-fransiz-askeri-tepkisi-guney-kibrisi-yabanci-guclerin-ussune-donusturuyorsunuz\\\/#respond\"]}]},{\"@type\":\"WebPage\",\"@id\":\"https:\\\/\\\/haberkuzey.com\\\/index.php\\\/2026\\\/04\\\/27\\\/ustelden-hristodulidise-fransiz-askeri-tepkisi-guney-kibrisi-yabanci-guclerin-ussune-donusturuyorsunuz\\\/\",\"url\":\"https:\\\/\\\/haberkuzey.com\\\/index.php\\\/2026\\\/04\\\/27\\\/ustelden-hristodulidise-fransiz-askeri-tepkisi-guney-kibrisi-yabanci-guclerin-ussune-donusturuyorsunuz\\\/\",\"name\":\"\u00dcstel\u2019den Hristodulidis\u2019e Frans\u0131z askeri tepkisi: G\u00fcney K\u0131br\u0131s\u2019\u0131 yabanc\u0131 g\u00fc\u00e7lerin \u00fcss\u00fcne d\u00f6n\u00fc\u015ft\u00fcr\u00fcyorsunuz - Haber Kuzey\",\"isPartOf\":{\"@id\":\"https:\\\/\\\/haberkuzey.com\\\/#website\"},\"primaryImageOfPage\":{\"@id\":\"https:\\\/\\\/haberkuzey.com\\\/index.php\\\/2026\\\/04\\\/27\\\/ustelden-hristodulidise-fransiz-askeri-tepkisi-guney-kibrisi-yabanci-guclerin-ussune-donusturuyorsunuz\\\/#primaryimage\"},\"image\":{\"@id\":\"https:\\\/\\\/haberkuzey.com\\\/index.php\\\/2026\\\/04\\\/27\\\/ustelden-hristodulidise-fransiz-askeri-tepkisi-guney-kibrisi-yabanci-guclerin-ussune-donusturuyorsunuz\\\/#primaryimage\"},\"thumbnailUrl\":\"https:\\\/\\\/haberkuzey.com\\\/wp-content\\\/uploads\\\/2026\\\/04\\\/unal-ustel-sagilik-calisanlari-ve-burokratlara-belgelerini-verdi-1-ero-1.jpg\",\"datePublished\":\"2026-04-27T10:19:53+00:00\",\"dateModified\":\"2026-04-27T10:20:02+00:00\",\"author\":{\"@id\":\"https:\\\/\\\/haberkuzey.com\\\/#\\\/schema\\\/person\\\/3372109ec735f9333f4fa47ebb9605ca\"},\"breadcrumb\":{\"@id\":\"https:\\\/\\\/haberkuzey.com\\\/index.php\\\/2026\\\/04\\\/27\\\/ustelden-hristodulidise-fransiz-askeri-tepkisi-guney-kibrisi-yabanci-guclerin-ussune-donusturuyorsunuz\\\/#breadcrumb\"},\"inLanguage\":\"tr\",\"potentialAction\":[{\"@type\":\"ReadAction\",\"target\":[\"https:\\\/\\\/haberkuzey.com\\\/index.php\\\/2026\\\/04\\\/27\\\/ustelden-hristodulidise-fransiz-askeri-tepkisi-guney-kibrisi-yabanci-guclerin-ussune-donusturuyorsunuz\\\/\"]}]},{\"@type\":\"ImageObject\",\"inLanguage\":\"tr\",\"@id\":\"https:\\\/\\\/haberkuzey.com\\\/index.php\\\/2026\\\/04\\\/27\\\/ustelden-hristodulidise-fransiz-askeri-tepkisi-guney-kibrisi-yabanci-guclerin-ussune-donusturuyorsunuz\\\/#primaryimage\",\"url\":\"https:\\\/\\\/haberkuzey.com\\\/wp-content\\\/uploads\\\/2026\\\/04\\\/unal-ustel-sagilik-calisanlari-ve-burokratlara-belgelerini-verdi-1-ero-1.jpg\",\"contentUrl\":\"https:\\\/\\\/haberkuzey.com\\\/wp-content\\\/uploads\\\/2026\\\/04\\\/unal-ustel-sagilik-calisanlari-ve-burokratlara-belgelerini-verdi-1-ero-1.jpg\",\"width\":1280,\"height\":720},{\"@type\":\"BreadcrumbList\",\"@id\":\"https:\\\/\\\/haberkuzey.com\\\/index.php\\\/2026\\\/04\\\/27\\\/ustelden-hristodulidise-fransiz-askeri-tepkisi-guney-kibrisi-yabanci-guclerin-ussune-donusturuyorsunuz\\\/#breadcrumb\",\"itemListElement\":[{\"@type\":\"ListItem\",\"position\":1,\"name\":\"Anasayfa\",\"item\":\"https:\\\/\\\/haberkuzey.com\\\/\"},{\"@type\":\"ListItem\",\"position\":2,\"name\":\"\u00dcstel\u2019den Hristodulidis\u2019e Frans\u0131z askeri tepkisi: G\u00fcney K\u0131br\u0131s\u2019\u0131 yabanc\u0131 g\u00fc\u00e7lerin \u00fcss\u00fcne d\u00f6n\u00fc\u015ft\u00fcr\u00fcyorsunuz\"}]},{\"@type\":\"WebSite\",\"@id\":\"https:\\\/\\\/haberkuzey.com\\\/#website\",\"url\":\"https:\\\/\\\/haberkuzey.com\\\/\",\"name\":\"Haber Kuzey\",\"description\":\"Do\u011fru Haberin Adresi\",\"potentialAction\":[{\"@type\":\"SearchAction\",\"target\":{\"@type\":\"EntryPoint\",\"urlTemplate\":\"https:\\\/\\\/haberkuzey.com\\\/?s={search_term_string}\"},\"query-input\":{\"@type\":\"PropertyValueSpecification\",\"valueRequired\":true,\"valueName\":\"search_term_string\"}}],\"inLanguage\":\"tr\"},{\"@type\":\"Person\",\"@id\":\"https:\\\/\\\/haberkuzey.com\\\/#\\\/schema\\\/person\\\/3372109ec735f9333f4fa47ebb9605ca\",\"name\":\"haberkuzey\",\"image\":{\"@type\":\"ImageObject\",\"inLanguage\":\"tr\",\"@id\":\"https:\\\/\\\/secure.gravatar.com\\\/avatar\\\/f5fc875574b1575324358c3b9e6a32b8227aa5b74f3fa22e3cadb63e26fcc39c?s=96&d=mm&r=g\",\"url\":\"https:\\\/\\\/secure.gravatar.com\\\/avatar\\\/f5fc875574b1575324358c3b9e6a32b8227aa5b74f3fa22e3cadb63e26fcc39c?s=96&d=mm&r=g\",\"contentUrl\":\"https:\\\/\\\/secure.gravatar.com\\\/avatar\\\/f5fc875574b1575324358c3b9e6a32b8227aa5b74f3fa22e3cadb63e26fcc39c?s=96&d=mm&r=g\",\"caption\":\"haberkuzey\"},\"sameAs\":[\"https:\\\/\\\/haberkuzey.com\"],\"url\":\"https:\\\/\\\/haberkuzey.com\\\/index.php\\\/author\\\/haberkuzey\\\/\"}]}<\/script>\n<!-- \/ Yoast SEO plugin. -->","yoast_head_json":{"title":"\u00dcstel\u2019den Hristodulidis\u2019e Frans\u0131z askeri tepkisi: G\u00fcney K\u0131br\u0131s\u2019\u0131 yabanc\u0131 g\u00fc\u00e7lerin \u00fcss\u00fcne d\u00f6n\u00fc\u015ft\u00fcr\u00fcyorsunuz - Haber Kuzey","robots":{"index":"index","follow":"follow","max-snippet":"max-snippet:-1","max-image-preview":"max-image-preview:large","max-video-preview":"max-video-preview:-1"},"canonical":"https:\/\/haberkuzey.com\/index.php\/2026\/04\/27\/ustelden-hristodulidise-fransiz-askeri-tepkisi-guney-kibrisi-yabanci-guclerin-ussune-donusturuyorsunuz\/","og_locale":"tr_TR","og_type":"article","og_title":"\u00dcstel\u2019den Hristodulidis\u2019e Frans\u0131z askeri tepkisi: G\u00fcney K\u0131br\u0131s\u2019\u0131 yabanc\u0131 g\u00fc\u00e7lerin \u00fcss\u00fcne d\u00f6n\u00fc\u015ft\u00fcr\u00fcyorsunuz - Haber Kuzey","og_description":"Ba\u015fbakan \u00dcnal \u00dcstel, G\u00fcney K\u0131br\u0131s Rum Y\u00f6netimi lideri Nikos Hristodulidis\u2019in Frans\u0131z askerlerinin G\u00fcney K\u0131br\u0131s\u2019a konu\u015fland\u0131r\u0131laca\u011f\u0131 y\u00f6n\u00fcndeki a\u00e7\u0131klamas\u0131na ili\u015fkin de\u011ferlendirmede bulundu. Ba\u015fbakan \u00dcnal \u00dcstel\u2019in a\u00e7\u0131klamas\u0131 \u015f\u00f6yle: \u2018\u2018G\u00fcney K\u0131br\u0131s Rum Y\u00f6netimi lideri Nikos Hristodilidis\u2019in, Fransa Cumhurba\u015fkan\u0131 Emmanuel Macron ile yapt\u0131\u011f\u0131 g\u00f6r\u00fc\u015fmenin ard\u0131ndan yapt\u0131\u011f\u0131 a\u00e7\u0131klamalar, Ada\u2019daki bar\u0131\u015f ve huzur ortam\u0131na ciddi zararlar verecek niteliktedir. &nbsp; Hristodilidis\u2019in \u2018Frans\u0131z askerlerinin [&hellip;]","og_url":"https:\/\/haberkuzey.com\/index.php\/2026\/04\/27\/ustelden-hristodulidise-fransiz-askeri-tepkisi-guney-kibrisi-yabanci-guclerin-ussune-donusturuyorsunuz\/","og_site_name":"Haber Kuzey","article_published_time":"2026-04-27T10:19:53+00:00","article_modified_time":"2026-04-27T10:20:02+00:00","og_image":[{"width":1280,"height":720,"url":"https:\/\/haberkuzey.com\/wp-content\/uploads\/2026\/04\/unal-ustel-sagilik-calisanlari-ve-burokratlara-belgelerini-verdi-1-ero-1.jpg","type":"image\/jpeg"}],"author":"haberkuzey","twitter_card":"summary_large_image","twitter_misc":{"Yazan:":"haberkuzey","Tahmini okuma s\u00fcresi":"2 dakika"},"schema":{"@context":"https:\/\/schema.org","@graph":[{"@type":"Article","@id":"https:\/\/haberkuzey.com\/index.php\/2026\/04\/27\/ustelden-hristodulidise-fransiz-askeri-tepkisi-guney-kibrisi-yabanci-guclerin-ussune-donusturuyorsunuz\/#article","isPartOf":{"@id":"https:\/\/haberkuzey.com\/index.php\/2026\/04\/27\/ustelden-hristodulidise-fransiz-askeri-tepkisi-guney-kibrisi-yabanci-guclerin-ussune-donusturuyorsunuz\/"},"author":{"name":"haberkuzey","@id":"https:\/\/haberkuzey.com\/#\/schema\/person\/3372109ec735f9333f4fa47ebb9605ca"},"headline":"\u00dcstel\u2019den Hristodulidis\u2019e Frans\u0131z askeri tepkisi: G\u00fcney K\u0131br\u0131s\u2019\u0131 yabanc\u0131 g\u00fc\u00e7lerin \u00fcss\u00fcne d\u00f6n\u00fc\u015ft\u00fcr\u00fcyorsunuz","datePublished":"2026-04-27T10:19:53+00:00","dateModified":"2026-04-27T10:20:02+00:00","mainEntityOfPage":{"@id":"https:\/\/haberkuzey.com\/index.php\/2026\/04\/27\/ustelden-hristodulidise-fransiz-askeri-tepkisi-guney-kibrisi-yabanci-guclerin-ussune-donusturuyorsunuz\/"},"wordCount":521,"commentCount":0,"image":{"@id":"https:\/\/haberkuzey.com\/index.php\/2026\/04\/27\/ustelden-hristodulidise-fransiz-askeri-tepkisi-guney-kibrisi-yabanci-guclerin-ussune-donusturuyorsunuz\/#primaryimage"},"thumbnailUrl":"https:\/\/haberkuzey.com\/wp-content\/uploads\/2026\/04\/unal-ustel-sagilik-calisanlari-ve-burokratlara-belgelerini-verdi-1-ero-1.jpg","articleSection":["K\u0131br\u0131s"],"inLanguage":"tr","potentialAction":[{"@type":"CommentAction","name":"Comment","target":["https:\/\/haberkuzey.com\/index.php\/2026\/04\/27\/ustelden-hristodulidise-fransiz-askeri-tepkisi-guney-kibrisi-yabanci-guclerin-ussune-donusturuyorsunuz\/#respond"]}]},{"@type":"WebPage","@id":"https:\/\/haberkuzey.com\/index.php\/2026\/04\/27\/ustelden-hristodulidise-fransiz-askeri-tepkisi-guney-kibrisi-yabanci-guclerin-ussune-donusturuyorsunuz\/","url":"https:\/\/haberkuzey.com\/index.php\/2026\/04\/27\/ustelden-hristodulidise-fransiz-askeri-tepkisi-guney-kibrisi-yabanci-guclerin-ussune-donusturuyorsunuz\/","name":"\u00dcstel\u2019den Hristodulidis\u2019e Frans\u0131z askeri tepkisi: G\u00fcney K\u0131br\u0131s\u2019\u0131 yabanc\u0131 g\u00fc\u00e7lerin \u00fcss\u00fcne d\u00f6n\u00fc\u015ft\u00fcr\u00fcyorsunuz - Haber Kuzey","isPartOf":{"@id":"https:\/\/haberkuzey.com\/#website"},"primaryImageOfPage":{"@id":"https:\/\/haberkuzey.com\/index.php\/2026\/04\/27\/ustelden-hristodulidise-fransiz-askeri-tepkisi-guney-kibrisi-yabanci-guclerin-ussune-donusturuyorsunuz\/#primaryimage"},"image":{"@id":"https:\/\/haberkuzey.com\/index.php\/2026\/04\/27\/ustelden-hristodulidise-fransiz-askeri-tepkisi-guney-kibrisi-yabanci-guclerin-ussune-donusturuyorsunuz\/#primaryimage"},"thumbnailUrl":"https:\/\/haberkuzey.com\/wp-content\/uploads\/2026\/04\/unal-ustel-sagilik-calisanlari-ve-burokratlara-belgelerini-verdi-1-ero-1.jpg","datePublished":"2026-04-27T10:19:53+00:00","dateModified":"2026-04-27T10:20:02+00:00","author":{"@id":"https:\/\/haberkuzey.com\/#\/schema\/person\/3372109ec735f9333f4fa47ebb9605ca"},"breadcrumb":{"@id":"https:\/\/haberkuzey.com\/index.php\/2026\/04\/27\/ustelden-hristodulidise-fransiz-askeri-tepkisi-guney-kibrisi-yabanci-guclerin-ussune-donusturuyorsunuz\/#breadcrumb"},"inLanguage":"tr","potentialAction":[{"@type":"ReadAction","target":["https:\/\/haberkuzey.com\/index.php\/2026\/04\/27\/ustelden-hristodulidise-fransiz-askeri-tepkisi-guney-kibrisi-yabanci-guclerin-ussune-donusturuyorsunuz\/"]}]},{"@type":"ImageObject","inLanguage":"tr","@id":"https:\/\/haberkuzey.com\/index.php\/2026\/04\/27\/ustelden-hristodulidise-fransiz-askeri-tepkisi-guney-kibrisi-yabanci-guclerin-ussune-donusturuyorsunuz\/#primaryimage","url":"https:\/\/haberkuzey.com\/wp-content\/uploads\/2026\/04\/unal-ustel-sagilik-calisanlari-ve-burokratlara-belgelerini-verdi-1-ero-1.jpg","contentUrl":"https:\/\/haberkuzey.com\/wp-content\/uploads\/2026\/04\/unal-ustel-sagilik-calisanlari-ve-burokratlara-belgelerini-verdi-1-ero-1.jpg","width":1280,"height":720},{"@type":"BreadcrumbList","@id":"https:\/\/haberkuzey.com\/index.php\/2026\/04\/27\/ustelden-hristodulidise-fransiz-askeri-tepkisi-guney-kibrisi-yabanci-guclerin-ussune-donusturuyorsunuz\/#breadcrumb","itemListElement":[{"@type":"ListItem","position":1,"name":"Anasayfa","item":"https:\/\/haberkuzey.com\/"},{"@type":"ListItem","position":2,"name":"\u00dcstel\u2019den Hristodulidis\u2019e Frans\u0131z askeri tepkisi: G\u00fcney K\u0131br\u0131s\u2019\u0131 yabanc\u0131 g\u00fc\u00e7lerin \u00fcss\u00fcne d\u00f6n\u00fc\u015ft\u00fcr\u00fcyorsunuz"}]},{"@type":"WebSite","@id":"https:\/\/haberkuzey.com\/#website","url":"https:\/\/haberkuzey.com\/","name":"Haber Kuzey","description":"Do\u011fru Haberin Adresi","potentialAction":[{"@type":"SearchAction","target":{"@type":"EntryPoint","urlTemplate":"https:\/\/haberkuzey.com\/?s={search_term_string}"},"query-input":{"@type":"PropertyValueSpecification","valueRequired":true,"valueName":"search_term_string"}}],"inLanguage":"tr"},{"@type":"Person","@id":"https:\/\/haberkuzey.com\/#\/schema\/person\/3372109ec735f9333f4fa47ebb9605ca","name":"haberkuzey","image":{"@type":"ImageObject","inLanguage":"tr","@id":"https:\/\/secure.gravatar.com\/avatar\/f5fc875574b1575324358c3b9e6a32b8227aa5b74f3fa22e3cadb63e26fcc39c?s=96&d=mm&r=g","url":"https:\/\/secure.gravatar.com\/avatar\/f5fc875574b1575324358c3b9e6a32b8227aa5b74f3fa22e3cadb63e26fcc39c?s=96&d=mm&r=g","contentUrl":"https:\/\/secure.gravatar.com\/avatar\/f5fc875574b1575324358c3b9e6a32b8227aa5b74f3fa22e3cadb63e26fcc39c?s=96&d=mm&r=g","caption":"haberkuzey"},"sameAs":["https:\/\/haberkuzey.com"],"url":"https:\/\/haberkuzey.com\/index.php\/author\/haberkuzey\/"}]}},"_links":{"self":[{"href":"https:\/\/haberkuzey.com\/index.php\/wp-json\/wp\/v2\/posts\/36478","targetHints":{"allow":["GET"]}}],"collection":[{"href":"https:\/\/haberkuzey.com\/index.php\/wp-json\/wp\/v2\/posts"}],"about":[{"href":"https:\/\/haberkuzey.com\/index.php\/wp-json\/wp\/v2\/types\/post"}],"author":[{"embeddable":true,"href":"https:\/\/haberkuzey.com\/index.php\/wp-json\/wp\/v2\/users\/1"}],"replies":[{"embeddable":true,"href":"https:\/\/haberkuzey.com\/index.php\/wp-json\/wp\/v2\/comments?post=36478"}],"version-history":[{"count":1,"href":"https:\/\/haberkuzey.com\/index.php\/wp-json\/wp\/v2\/posts\/36478\/revisions"}],"predecessor-version":[{"id":36480,"href":"https:\/\/haberkuzey.com\/index.php\/wp-json\/wp\/v2\/posts\/36478\/revisions\/36480"}],"wp:featuredmedia":[{"embeddable":true,"href":"https:\/\/haberkuzey.com\/index.php\/wp-json\/wp\/v2\/media\/36479"}],"wp:attachment":[{"href":"https:\/\/haberkuzey.com\/index.php\/wp-json\/wp\/v2\/media?parent=36478"}],"wp:term":[{"taxonomy":"category","embeddable":true,"href":"https:\/\/haberkuzey.com\/index.php\/wp-json\/wp\/v2\/categories?post=36478"},{"taxonomy":"post_tag","embeddable":true,"href":"https:\/\/haberkuzey.com\/index.php\/wp-json\/wp\/v2\/tags?post=36478"}],"curies":[{"name":"wp","href":"https:\/\/api.w.org\/{rel}","templated":true}]}}