{"id":36452,"date":"2026-04-27T10:57:04","date_gmt":"2026-04-27T07:57:04","guid":{"rendered":"https:\/\/haberkuzey.com\/index.php\/2026\/04\/27\/basbakan-ustel-uretmek-isteyen-her-gencin-yanindayiz\/"},"modified":"2026-04-27T10:57:13","modified_gmt":"2026-04-27T07:57:13","slug":"basbakan-ustel-uretmek-isteyen-her-gencin-yanindayiz","status":"publish","type":"post","link":"https:\/\/haberkuzey.com\/index.php\/2026\/04\/27\/basbakan-ustel-uretmek-isteyen-her-gencin-yanindayiz\/","title":{"rendered":"Ba\u015fbakan \u00dcstel: \u00dcretmek isteyen her gencin yan\u0131nday\u0131z"},"content":{"rendered":"<p style=\"font-weight: 300\"><span style=\"font-weight: 300 !important\">Ba\u015fbakan \u00dcnal \u00dcstel, Narin \u00dcnl\u00fc Mamulleri\u2019nin \u0130ncirli b\u00f6lgesindeki \u00fcretim merkezini ziyaret ederek, incelemelerde bulundu. Ziyaret kapsam\u0131nda \u00fcretim alanlar\u0131n\u0131 gezen Ba\u015fbakan \u00dcstel, yerli \u00fcretimin g\u00fc\u00e7lenmesi, gen\u00e7 giri\u015fimcilerin desteklenmesi ve istihdam\u0131n art\u0131r\u0131lmas\u0131n\u0131n h\u00fck\u00fcmetin temel \u00f6ncelikleri aras\u0131nda yer ald\u0131\u011f\u0131n\u0131 ifade etti.<\/span><\/p>\n<p style=\"font-weight: 300\"><span style=\"font-weight: 300 !important\">Ba\u015fbakanl\u0131ktan yap\u0131lan a\u00e7\u0131klamaya g\u00f6re, \u00dcstel\u2019e ziyaret s\u0131ras\u0131nda, Narin \u00dcnl\u00fc Mamulleri Direkt\u00f6r\u00fc, gen\u00e7 \u00fcretici ve giri\u015fimci Hulus Hulusio\u011flu e\u015flik etti.<\/span><\/p>\n<p style=\"font-weight: 300\"><strong>\u201c\u00dcretmek isteyen her gencin yan\u0131nda olmaya devam edece\u011fiz\u201d<\/strong><\/p>\n<p style=\"font-weight: 300\"><span style=\"font-weight: 300 !important\">\u00dcretim s\u00fcre\u00e7leri hakk\u0131nda bilgi alan \u00dcstel, gen\u00e7 giri\u015fimcilerin ortaya koydu\u011fu emek, vizyon ve \u00fcretim g\u00fcc\u00fcn\u00fcn \u00fclke ekonomisine \u00f6nemli katk\u0131lar sa\u011flad\u0131\u011f\u0131n\u0131 vurgulad\u0131.<\/span><\/p>\n<p style=\"font-weight: 300\"><span style=\"font-weight: 300 !important\">\u00dcretim yapan, yat\u0131r\u0131m ger\u00e7ekle\u015ftiren, istihdam olu\u015fturan ve kendi markas\u0131n\u0131 geli\u015ftiren gen\u00e7lerin \u00fclkenin gelece\u011fine de\u011fer katt\u0131\u011f\u0131n\u0131 belirten Ba\u015fbakan \u00dcstel, kalk\u0131nan bir ekonominin yolunun g\u00fc\u00e7l\u00fc giri\u015fimcilikten, \u00fcretimden ve yerli markalardan ge\u00e7ti\u011fini kaydetti.<\/span><\/p>\n<p style=\"font-weight: 300\"><span style=\"font-weight: 300 !important\">H\u00fck\u00fcmet olarak gen\u00e7lerin \u00f6n\u00fcn\u00fc a\u00e7maya devam ettiklerini ifade eden \u00dcstel, \u00fcretmek isteyen her gencin yan\u0131nda olmaya kararl\u0131l\u0131kla devam edeceklerini s\u00f6yledi.<\/span><\/p>\n<p style=\"font-weight: 300\"><strong>\u201cAyl\u0131k 260 milyon TL\u2019yi a\u015fan tarihi bir kaynak ayr\u0131ld\u0131\u201d<\/strong><\/p>\n<p style=\"font-weight: 300\"><span style=\"font-weight: 300 !important\">Ba\u015fbakan \u00dcstel, \u00e7al\u0131\u015fanlara ve i\u015f d\u00fcnyas\u0131na y\u00f6nelik desteklerin de s\u00fcrd\u00fc\u011f\u00fcn\u00fc belirterek, hayata ge\u00e7irilen 12 bin TL\u2019lik asgari \u00fccret deste\u011finden yakla\u015f\u0131k 19 bin vatanda\u015f\u0131n yararland\u0131\u011f\u0131n\u0131 a\u00e7\u0131klad\u0131.<\/span><\/p>\n<p style=\"font-weight: 300\"><span style=\"font-weight: 300 !important\">Yeni destek paketi kapsam\u0131nda ise yakla\u015f\u0131k 75 bin \u00e7al\u0131\u015fan i\u00e7in prim deste\u011fi sa\u011fland\u0131\u011f\u0131n\u0131, ayl\u0131k 260 milyon TL\u2019yi a\u015fan tarihi bir kaynak ayr\u0131ld\u0131\u011f\u0131n\u0131 ifade eden \u00dcstel, KKTC vatanda\u015f\u0131 kad\u0131n \u00e7al\u0131\u015fanlara y\u00fczde 80, erkek \u00e7al\u0131\u015fanlara ise y\u00fczde 60 oran\u0131nda prim deste\u011fi verildi\u011fini kaydetti.<\/span><\/p>\n<p style=\"font-weight: 300\"><strong>\u0130lk kez istihdam ve engelli vatanda\u015flara \u00f6zel destek<\/strong><\/p>\n<p style=\"font-weight: 300\"><span style=\"font-weight: 300 !important\">\u0130lk kez istihdam edilecek KKTC vatanda\u015flar\u0131 i\u00e7in y\u00fczde 100 prim deste\u011fi ile ayl\u0131k 20 bin TL maa\u015f katk\u0131s\u0131 sa\u011fland\u0131\u011f\u0131n\u0131 da belirten \u00dcstel, engelli vatanda\u015flar\u0131n istihdam\u0131na y\u00f6nelik olarak 48 ay boyunca y\u00fczde 100 sosyal g\u00fcvenlik prim deste\u011fi ve asgari \u00fccretin y\u00fczde 50\u2019si oran\u0131nda maa\u015f deste\u011fi sunuldu\u011funu s\u00f6yledi.<\/span><\/p>\n<p style=\"font-weight: 300\"><span style=\"font-weight: 300 !important\">Ayr\u0131ca engelli bireyleri istihdam eden i\u015fverenlerin primlerinin tamam\u0131n\u0131n devlet taraf\u0131ndan kar\u015f\u0131land\u0131\u011f\u0131n\u0131 ifade eden \u00dcstel, h\u00fck\u00fcmetin \u00fcretimi, istihdam\u0131 ve sosyal adaleti esas alan politikalarla yoluna devam etti\u011fini vurgulad\u0131.<\/span><\/p>\n","protected":false},"excerpt":{"rendered":"<p>Ba\u015fbakan \u00dcnal \u00dcstel, Narin \u00dcnl\u00fc Mamulleri\u2019nin \u0130ncirli b\u00f6lgesindeki \u00fcretim merkezini ziyaret ederek, incelemelerde bulundu. Ziyaret kapsam\u0131nda \u00fcretim alanlar\u0131n\u0131 gezen Ba\u015fbakan \u00dcstel, yerli \u00fcretimin g\u00fc\u00e7lenmesi, gen\u00e7 giri\u015fimcilerin desteklenmesi ve istihdam\u0131n art\u0131r\u0131lmas\u0131n\u0131n h\u00fck\u00fcmetin temel \u00f6ncelikleri aras\u0131nda yer ald\u0131\u011f\u0131n\u0131 ifade etti. Ba\u015fbakanl\u0131ktan yap\u0131lan a\u00e7\u0131klamaya g\u00f6re, \u00dcstel\u2019e ziyaret s\u0131ras\u0131nda, Narin \u00dcnl\u00fc Mamulleri Direkt\u00f6r\u00fc, gen\u00e7 \u00fcretici ve giri\u015fimci Hulus Hulusio\u011flu [&hellip;]<\/p>\n","protected":false},"author":1,"featured_media":36453,"comment_status":"open","ping_status":"open","sticky":false,"template":"","format":"standard","meta":{"jnews-multi-image_gallery":[],"jnews_single_post":[],"jnews_primary_category":[],"footnotes":""},"categories":[1],"tags":[],"class_list":["post-36452","post","type-post","status-publish","format-standard","has-post-thumbnail","hentry","category-kibris"],"yoast_head":"<!-- This site is optimized with the Yoast SEO plugin v27.4 - https:\/\/yoast.com\/product\/yoast-seo-wordpress\/ -->\n<title>Ba\u015fbakan \u00dcstel: \u00dcretmek isteyen her gencin yan\u0131nday\u0131z - Haber Kuzey<\/title>\n<meta name=\"robots\" content=\"index, follow, max-snippet:-1, max-image-preview:large, max-video-preview:-1\" \/>\n<link rel=\"canonical\" href=\"https:\/\/haberkuzey.com\/index.php\/2026\/04\/27\/basbakan-ustel-uretmek-isteyen-her-gencin-yanindayiz\/\" \/>\n<meta property=\"og:locale\" content=\"tr_TR\" \/>\n<meta property=\"og:type\" content=\"article\" \/>\n<meta property=\"og:title\" content=\"Ba\u015fbakan \u00dcstel: \u00dcretmek isteyen her gencin yan\u0131nday\u0131z - Haber Kuzey\" \/>\n<meta property=\"og:description\" content=\"Ba\u015fbakan \u00dcnal \u00dcstel, Narin \u00dcnl\u00fc Mamulleri\u2019nin \u0130ncirli b\u00f6lgesindeki \u00fcretim merkezini ziyaret ederek, incelemelerde bulundu. Ziyaret kapsam\u0131nda \u00fcretim alanlar\u0131n\u0131 gezen Ba\u015fbakan \u00dcstel, yerli \u00fcretimin g\u00fc\u00e7lenmesi, gen\u00e7 giri\u015fimcilerin desteklenmesi ve istihdam\u0131n art\u0131r\u0131lmas\u0131n\u0131n h\u00fck\u00fcmetin temel \u00f6ncelikleri aras\u0131nda yer ald\u0131\u011f\u0131n\u0131 ifade etti. Ba\u015fbakanl\u0131ktan yap\u0131lan a\u00e7\u0131klamaya g\u00f6re, \u00dcstel\u2019e ziyaret s\u0131ras\u0131nda, Narin \u00dcnl\u00fc Mamulleri Direkt\u00f6r\u00fc, gen\u00e7 \u00fcretici ve giri\u015fimci Hulus Hulusio\u011flu [&hellip;]\" \/>\n<meta property=\"og:url\" content=\"https:\/\/haberkuzey.com\/index.php\/2026\/04\/27\/basbakan-ustel-uretmek-isteyen-her-gencin-yanindayiz\/\" \/>\n<meta property=\"og:site_name\" content=\"Haber Kuzey\" \/>\n<meta property=\"article:published_time\" content=\"2026-04-27T07:57:04+00:00\" \/>\n<meta property=\"article:modified_time\" content=\"2026-04-27T07:57:13+00:00\" \/>\n<meta property=\"og:image\" content=\"https:\/\/haberkuzey.com\/wp-content\/uploads\/2026\/04\/1777275840608Basbakan-Ustel-Narin-ziyaret-2.jpeg\" \/>\n\t<meta property=\"og:image:width\" content=\"1276\" \/>\n\t<meta property=\"og:image:height\" content=\"957\" \/>\n\t<meta property=\"og:image:type\" content=\"image\/jpeg\" \/>\n<meta name=\"author\" content=\"haberkuzey\" \/>\n<meta name=\"twitter:card\" content=\"summary_large_image\" \/>\n<meta name=\"twitter:label1\" content=\"Yazan:\" \/>\n\t<meta name=\"twitter:data1\" content=\"haberkuzey\" \/>\n\t<meta name=\"twitter:label2\" content=\"Tahmini okuma s\u00fcresi\" \/>\n\t<meta name=\"twitter:data2\" content=\"2 dakika\" \/>\n<script type=\"application\/ld+json\" class=\"yoast-schema-graph\">{\"@context\":\"https:\\\/\\\/schema.org\",\"@graph\":[{\"@type\":\"Article\",\"@id\":\"https:\\\/\\\/haberkuzey.com\\\/index.php\\\/2026\\\/04\\\/27\\\/basbakan-ustel-uretmek-isteyen-her-gencin-yanindayiz\\\/#article\",\"isPartOf\":{\"@id\":\"https:\\\/\\\/haberkuzey.com\\\/index.php\\\/2026\\\/04\\\/27\\\/basbakan-ustel-uretmek-isteyen-her-gencin-yanindayiz\\\/\"},\"author\":{\"name\":\"haberkuzey\",\"@id\":\"https:\\\/\\\/haberkuzey.com\\\/#\\\/schema\\\/person\\\/3372109ec735f9333f4fa47ebb9605ca\"},\"headline\":\"Ba\u015fbakan \u00dcstel: \u00dcretmek isteyen her gencin yan\u0131nday\u0131z\",\"datePublished\":\"2026-04-27T07:57:04+00:00\",\"dateModified\":\"2026-04-27T07:57:13+00:00\",\"mainEntityOfPage\":{\"@id\":\"https:\\\/\\\/haberkuzey.com\\\/index.php\\\/2026\\\/04\\\/27\\\/basbakan-ustel-uretmek-isteyen-her-gencin-yanindayiz\\\/\"},\"wordCount\":428,\"commentCount\":0,\"image\":{\"@id\":\"https:\\\/\\\/haberkuzey.com\\\/index.php\\\/2026\\\/04\\\/27\\\/basbakan-ustel-uretmek-isteyen-her-gencin-yanindayiz\\\/#primaryimage\"},\"thumbnailUrl\":\"https:\\\/\\\/haberkuzey.com\\\/wp-content\\\/uploads\\\/2026\\\/04\\\/1777275840608Basbakan-Ustel-Narin-ziyaret-2.jpeg\",\"articleSection\":[\"K\u0131br\u0131s\"],\"inLanguage\":\"tr\",\"potentialAction\":[{\"@type\":\"CommentAction\",\"name\":\"Comment\",\"target\":[\"https:\\\/\\\/haberkuzey.com\\\/index.php\\\/2026\\\/04\\\/27\\\/basbakan-ustel-uretmek-isteyen-her-gencin-yanindayiz\\\/#respond\"]}]},{\"@type\":\"WebPage\",\"@id\":\"https:\\\/\\\/haberkuzey.com\\\/index.php\\\/2026\\\/04\\\/27\\\/basbakan-ustel-uretmek-isteyen-her-gencin-yanindayiz\\\/\",\"url\":\"https:\\\/\\\/haberkuzey.com\\\/index.php\\\/2026\\\/04\\\/27\\\/basbakan-ustel-uretmek-isteyen-her-gencin-yanindayiz\\\/\",\"name\":\"Ba\u015fbakan \u00dcstel: \u00dcretmek isteyen her gencin yan\u0131nday\u0131z - Haber Kuzey\",\"isPartOf\":{\"@id\":\"https:\\\/\\\/haberkuzey.com\\\/#website\"},\"primaryImageOfPage\":{\"@id\":\"https:\\\/\\\/haberkuzey.com\\\/index.php\\\/2026\\\/04\\\/27\\\/basbakan-ustel-uretmek-isteyen-her-gencin-yanindayiz\\\/#primaryimage\"},\"image\":{\"@id\":\"https:\\\/\\\/haberkuzey.com\\\/index.php\\\/2026\\\/04\\\/27\\\/basbakan-ustel-uretmek-isteyen-her-gencin-yanindayiz\\\/#primaryimage\"},\"thumbnailUrl\":\"https:\\\/\\\/haberkuzey.com\\\/wp-content\\\/uploads\\\/2026\\\/04\\\/1777275840608Basbakan-Ustel-Narin-ziyaret-2.jpeg\",\"datePublished\":\"2026-04-27T07:57:04+00:00\",\"dateModified\":\"2026-04-27T07:57:13+00:00\",\"author\":{\"@id\":\"https:\\\/\\\/haberkuzey.com\\\/#\\\/schema\\\/person\\\/3372109ec735f9333f4fa47ebb9605ca\"},\"breadcrumb\":{\"@id\":\"https:\\\/\\\/haberkuzey.com\\\/index.php\\\/2026\\\/04\\\/27\\\/basbakan-ustel-uretmek-isteyen-her-gencin-yanindayiz\\\/#breadcrumb\"},\"inLanguage\":\"tr\",\"potentialAction\":[{\"@type\":\"ReadAction\",\"target\":[\"https:\\\/\\\/haberkuzey.com\\\/index.php\\\/2026\\\/04\\\/27\\\/basbakan-ustel-uretmek-isteyen-her-gencin-yanindayiz\\\/\"]}]},{\"@type\":\"ImageObject\",\"inLanguage\":\"tr\",\"@id\":\"https:\\\/\\\/haberkuzey.com\\\/index.php\\\/2026\\\/04\\\/27\\\/basbakan-ustel-uretmek-isteyen-her-gencin-yanindayiz\\\/#primaryimage\",\"url\":\"https:\\\/\\\/haberkuzey.com\\\/wp-content\\\/uploads\\\/2026\\\/04\\\/1777275840608Basbakan-Ustel-Narin-ziyaret-2.jpeg\",\"contentUrl\":\"https:\\\/\\\/haberkuzey.com\\\/wp-content\\\/uploads\\\/2026\\\/04\\\/1777275840608Basbakan-Ustel-Narin-ziyaret-2.jpeg\",\"width\":1276,\"height\":957},{\"@type\":\"BreadcrumbList\",\"@id\":\"https:\\\/\\\/haberkuzey.com\\\/index.php\\\/2026\\\/04\\\/27\\\/basbakan-ustel-uretmek-isteyen-her-gencin-yanindayiz\\\/#breadcrumb\",\"itemListElement\":[{\"@type\":\"ListItem\",\"position\":1,\"name\":\"Anasayfa\",\"item\":\"https:\\\/\\\/haberkuzey.com\\\/\"},{\"@type\":\"ListItem\",\"position\":2,\"name\":\"Ba\u015fbakan \u00dcstel: \u00dcretmek isteyen her gencin yan\u0131nday\u0131z\"}]},{\"@type\":\"WebSite\",\"@id\":\"https:\\\/\\\/haberkuzey.com\\\/#website\",\"url\":\"https:\\\/\\\/haberkuzey.com\\\/\",\"name\":\"Haber Kuzey\",\"description\":\"Do\u011fru Haberin Adresi\",\"potentialAction\":[{\"@type\":\"SearchAction\",\"target\":{\"@type\":\"EntryPoint\",\"urlTemplate\":\"https:\\\/\\\/haberkuzey.com\\\/?s={search_term_string}\"},\"query-input\":{\"@type\":\"PropertyValueSpecification\",\"valueRequired\":true,\"valueName\":\"search_term_string\"}}],\"inLanguage\":\"tr\"},{\"@type\":\"Person\",\"@id\":\"https:\\\/\\\/haberkuzey.com\\\/#\\\/schema\\\/person\\\/3372109ec735f9333f4fa47ebb9605ca\",\"name\":\"haberkuzey\",\"image\":{\"@type\":\"ImageObject\",\"inLanguage\":\"tr\",\"@id\":\"https:\\\/\\\/secure.gravatar.com\\\/avatar\\\/f5fc875574b1575324358c3b9e6a32b8227aa5b74f3fa22e3cadb63e26fcc39c?s=96&d=mm&r=g\",\"url\":\"https:\\\/\\\/secure.gravatar.com\\\/avatar\\\/f5fc875574b1575324358c3b9e6a32b8227aa5b74f3fa22e3cadb63e26fcc39c?s=96&d=mm&r=g\",\"contentUrl\":\"https:\\\/\\\/secure.gravatar.com\\\/avatar\\\/f5fc875574b1575324358c3b9e6a32b8227aa5b74f3fa22e3cadb63e26fcc39c?s=96&d=mm&r=g\",\"caption\":\"haberkuzey\"},\"sameAs\":[\"https:\\\/\\\/haberkuzey.com\"],\"url\":\"https:\\\/\\\/haberkuzey.com\\\/index.php\\\/author\\\/haberkuzey\\\/\"}]}<\/script>\n<!-- \/ Yoast SEO plugin. -->","yoast_head_json":{"title":"Ba\u015fbakan \u00dcstel: \u00dcretmek isteyen her gencin yan\u0131nday\u0131z - Haber Kuzey","robots":{"index":"index","follow":"follow","max-snippet":"max-snippet:-1","max-image-preview":"max-image-preview:large","max-video-preview":"max-video-preview:-1"},"canonical":"https:\/\/haberkuzey.com\/index.php\/2026\/04\/27\/basbakan-ustel-uretmek-isteyen-her-gencin-yanindayiz\/","og_locale":"tr_TR","og_type":"article","og_title":"Ba\u015fbakan \u00dcstel: \u00dcretmek isteyen her gencin yan\u0131nday\u0131z - Haber Kuzey","og_description":"Ba\u015fbakan \u00dcnal \u00dcstel, Narin \u00dcnl\u00fc Mamulleri\u2019nin \u0130ncirli b\u00f6lgesindeki \u00fcretim merkezini ziyaret ederek, incelemelerde bulundu. Ziyaret kapsam\u0131nda \u00fcretim alanlar\u0131n\u0131 gezen Ba\u015fbakan \u00dcstel, yerli \u00fcretimin g\u00fc\u00e7lenmesi, gen\u00e7 giri\u015fimcilerin desteklenmesi ve istihdam\u0131n art\u0131r\u0131lmas\u0131n\u0131n h\u00fck\u00fcmetin temel \u00f6ncelikleri aras\u0131nda yer ald\u0131\u011f\u0131n\u0131 ifade etti. Ba\u015fbakanl\u0131ktan yap\u0131lan a\u00e7\u0131klamaya g\u00f6re, \u00dcstel\u2019e ziyaret s\u0131ras\u0131nda, Narin \u00dcnl\u00fc Mamulleri Direkt\u00f6r\u00fc, gen\u00e7 \u00fcretici ve giri\u015fimci Hulus Hulusio\u011flu [&hellip;]","og_url":"https:\/\/haberkuzey.com\/index.php\/2026\/04\/27\/basbakan-ustel-uretmek-isteyen-her-gencin-yanindayiz\/","og_site_name":"Haber Kuzey","article_published_time":"2026-04-27T07:57:04+00:00","article_modified_time":"2026-04-27T07:57:13+00:00","og_image":[{"width":1276,"height":957,"url":"https:\/\/haberkuzey.com\/wp-content\/uploads\/2026\/04\/1777275840608Basbakan-Ustel-Narin-ziyaret-2.jpeg","type":"image\/jpeg"}],"author":"haberkuzey","twitter_card":"summary_large_image","twitter_misc":{"Yazan:":"haberkuzey","Tahmini okuma s\u00fcresi":"2 dakika"},"schema":{"@context":"https:\/\/schema.org","@graph":[{"@type":"Article","@id":"https:\/\/haberkuzey.com\/index.php\/2026\/04\/27\/basbakan-ustel-uretmek-isteyen-her-gencin-yanindayiz\/#article","isPartOf":{"@id":"https:\/\/haberkuzey.com\/index.php\/2026\/04\/27\/basbakan-ustel-uretmek-isteyen-her-gencin-yanindayiz\/"},"author":{"name":"haberkuzey","@id":"https:\/\/haberkuzey.com\/#\/schema\/person\/3372109ec735f9333f4fa47ebb9605ca"},"headline":"Ba\u015fbakan \u00dcstel: \u00dcretmek isteyen her gencin yan\u0131nday\u0131z","datePublished":"2026-04-27T07:57:04+00:00","dateModified":"2026-04-27T07:57:13+00:00","mainEntityOfPage":{"@id":"https:\/\/haberkuzey.com\/index.php\/2026\/04\/27\/basbakan-ustel-uretmek-isteyen-her-gencin-yanindayiz\/"},"wordCount":428,"commentCount":0,"image":{"@id":"https:\/\/haberkuzey.com\/index.php\/2026\/04\/27\/basbakan-ustel-uretmek-isteyen-her-gencin-yanindayiz\/#primaryimage"},"thumbnailUrl":"https:\/\/haberkuzey.com\/wp-content\/uploads\/2026\/04\/1777275840608Basbakan-Ustel-Narin-ziyaret-2.jpeg","articleSection":["K\u0131br\u0131s"],"inLanguage":"tr","potentialAction":[{"@type":"CommentAction","name":"Comment","target":["https:\/\/haberkuzey.com\/index.php\/2026\/04\/27\/basbakan-ustel-uretmek-isteyen-her-gencin-yanindayiz\/#respond"]}]},{"@type":"WebPage","@id":"https:\/\/haberkuzey.com\/index.php\/2026\/04\/27\/basbakan-ustel-uretmek-isteyen-her-gencin-yanindayiz\/","url":"https:\/\/haberkuzey.com\/index.php\/2026\/04\/27\/basbakan-ustel-uretmek-isteyen-her-gencin-yanindayiz\/","name":"Ba\u015fbakan \u00dcstel: \u00dcretmek isteyen her gencin yan\u0131nday\u0131z - Haber Kuzey","isPartOf":{"@id":"https:\/\/haberkuzey.com\/#website"},"primaryImageOfPage":{"@id":"https:\/\/haberkuzey.com\/index.php\/2026\/04\/27\/basbakan-ustel-uretmek-isteyen-her-gencin-yanindayiz\/#primaryimage"},"image":{"@id":"https:\/\/haberkuzey.com\/index.php\/2026\/04\/27\/basbakan-ustel-uretmek-isteyen-her-gencin-yanindayiz\/#primaryimage"},"thumbnailUrl":"https:\/\/haberkuzey.com\/wp-content\/uploads\/2026\/04\/1777275840608Basbakan-Ustel-Narin-ziyaret-2.jpeg","datePublished":"2026-04-27T07:57:04+00:00","dateModified":"2026-04-27T07:57:13+00:00","author":{"@id":"https:\/\/haberkuzey.com\/#\/schema\/person\/3372109ec735f9333f4fa47ebb9605ca"},"breadcrumb":{"@id":"https:\/\/haberkuzey.com\/index.php\/2026\/04\/27\/basbakan-ustel-uretmek-isteyen-her-gencin-yanindayiz\/#breadcrumb"},"inLanguage":"tr","potentialAction":[{"@type":"ReadAction","target":["https:\/\/haberkuzey.com\/index.php\/2026\/04\/27\/basbakan-ustel-uretmek-isteyen-her-gencin-yanindayiz\/"]}]},{"@type":"ImageObject","inLanguage":"tr","@id":"https:\/\/haberkuzey.com\/index.php\/2026\/04\/27\/basbakan-ustel-uretmek-isteyen-her-gencin-yanindayiz\/#primaryimage","url":"https:\/\/haberkuzey.com\/wp-content\/uploads\/2026\/04\/1777275840608Basbakan-Ustel-Narin-ziyaret-2.jpeg","contentUrl":"https:\/\/haberkuzey.com\/wp-content\/uploads\/2026\/04\/1777275840608Basbakan-Ustel-Narin-ziyaret-2.jpeg","width":1276,"height":957},{"@type":"BreadcrumbList","@id":"https:\/\/haberkuzey.com\/index.php\/2026\/04\/27\/basbakan-ustel-uretmek-isteyen-her-gencin-yanindayiz\/#breadcrumb","itemListElement":[{"@type":"ListItem","position":1,"name":"Anasayfa","item":"https:\/\/haberkuzey.com\/"},{"@type":"ListItem","position":2,"name":"Ba\u015fbakan \u00dcstel: \u00dcretmek isteyen her gencin yan\u0131nday\u0131z"}]},{"@type":"WebSite","@id":"https:\/\/haberkuzey.com\/#website","url":"https:\/\/haberkuzey.com\/","name":"Haber Kuzey","description":"Do\u011fru Haberin Adresi","potentialAction":[{"@type":"SearchAction","target":{"@type":"EntryPoint","urlTemplate":"https:\/\/haberkuzey.com\/?s={search_term_string}"},"query-input":{"@type":"PropertyValueSpecification","valueRequired":true,"valueName":"search_term_string"}}],"inLanguage":"tr"},{"@type":"Person","@id":"https:\/\/haberkuzey.com\/#\/schema\/person\/3372109ec735f9333f4fa47ebb9605ca","name":"haberkuzey","image":{"@type":"ImageObject","inLanguage":"tr","@id":"https:\/\/secure.gravatar.com\/avatar\/f5fc875574b1575324358c3b9e6a32b8227aa5b74f3fa22e3cadb63e26fcc39c?s=96&d=mm&r=g","url":"https:\/\/secure.gravatar.com\/avatar\/f5fc875574b1575324358c3b9e6a32b8227aa5b74f3fa22e3cadb63e26fcc39c?s=96&d=mm&r=g","contentUrl":"https:\/\/secure.gravatar.com\/avatar\/f5fc875574b1575324358c3b9e6a32b8227aa5b74f3fa22e3cadb63e26fcc39c?s=96&d=mm&r=g","caption":"haberkuzey"},"sameAs":["https:\/\/haberkuzey.com"],"url":"https:\/\/haberkuzey.com\/index.php\/author\/haberkuzey\/"}]}},"_links":{"self":[{"href":"https:\/\/haberkuzey.com\/index.php\/wp-json\/wp\/v2\/posts\/36452","targetHints":{"allow":["GET"]}}],"collection":[{"href":"https:\/\/haberkuzey.com\/index.php\/wp-json\/wp\/v2\/posts"}],"about":[{"href":"https:\/\/haberkuzey.com\/index.php\/wp-json\/wp\/v2\/types\/post"}],"author":[{"embeddable":true,"href":"https:\/\/haberkuzey.com\/index.php\/wp-json\/wp\/v2\/users\/1"}],"replies":[{"embeddable":true,"href":"https:\/\/haberkuzey.com\/index.php\/wp-json\/wp\/v2\/comments?post=36452"}],"version-history":[{"count":1,"href":"https:\/\/haberkuzey.com\/index.php\/wp-json\/wp\/v2\/posts\/36452\/revisions"}],"predecessor-version":[{"id":36454,"href":"https:\/\/haberkuzey.com\/index.php\/wp-json\/wp\/v2\/posts\/36452\/revisions\/36454"}],"wp:featuredmedia":[{"embeddable":true,"href":"https:\/\/haberkuzey.com\/index.php\/wp-json\/wp\/v2\/media\/36453"}],"wp:attachment":[{"href":"https:\/\/haberkuzey.com\/index.php\/wp-json\/wp\/v2\/media?parent=36452"}],"wp:term":[{"taxonomy":"category","embeddable":true,"href":"https:\/\/haberkuzey.com\/index.php\/wp-json\/wp\/v2\/categories?post=36452"},{"taxonomy":"post_tag","embeddable":true,"href":"https:\/\/haberkuzey.com\/index.php\/wp-json\/wp\/v2\/tags?post=36452"}],"curies":[{"name":"wp","href":"https:\/\/api.w.org\/{rel}","templated":true}]}}