{"id":36427,"date":"2026-04-26T19:54:56","date_gmt":"2026-04-26T16:54:56","guid":{"rendered":"https:\/\/haberkuzey.com\/index.php\/2026\/04\/26\/iran-disisleri-bakani-arakci-ummanin-ardindan-tekrar-pakistana-gitti\/"},"modified":"2026-04-26T19:54:56","modified_gmt":"2026-04-26T16:54:56","slug":"iran-disisleri-bakani-arakci-ummanin-ardindan-tekrar-pakistana-gitti","status":"publish","type":"post","link":"https:\/\/haberkuzey.com\/index.php\/2026\/04\/26\/iran-disisleri-bakani-arakci-ummanin-ardindan-tekrar-pakistana-gitti\/","title":{"rendered":"\u0130ran D\u0131\u015fi\u015fleri Bakan\u0131 Arak\u00e7i, Umman\u2019\u0131n ard\u0131ndan tekrar Pakistan\u2019a gitti"},"content":{"rendered":"<p><\/p>\n<div>\n<p>&#13;<br \/>\n\t\u0130ran bas\u0131n\u0131na g\u00f6re, Arak\u00e7i Umman\u2019da ger\u00e7ekle\u015ftirdi\u011fi \u00fcst d\u00fczey g\u00f6r\u00fc\u015fmelerin ard\u0131ndan tekrar Pakistan\u2019a d\u00f6nd\u00fc.\u200b\u200b\u200b\u200b\u200b\u200b\u200b<\/p>\n<p>&#13;<br \/>\n\tArak\u00e7i, Pakistan, Umman ve Rusya\u2019y\u0131 kapsayan turunun ilk dura\u011f\u0131 i\u00e7in \u0130slamabad\u2019a gitmi\u015f ard\u0131ndan Umman\u2019\u0131 ziyaret etmi\u015fti.<\/p>\n<p>&#13;<br \/>\n\t\u00d6te yandan \u0130ran&#8217;\u0131n yar\u0131 resmi Tesnim Haber Ajans\u0131, Arak\u00e7i\u2019nin Pakistan&#8217;da k\u0131sa bir s\u00fcre kal\u0131p ard\u0131ndan Rusya&#8217;ya gidece\u011fini duyurdu.<\/p>\n<h2>&#13;<br \/>\n\t\u0130ran bas\u0131n\u0131: Pakistan&#8217;a d\u00f6n\u00fc\u015f\u00fcn n\u00fckleer m\u00fczakerelerle ilgisi yok<\/h2>\n<p>&#13;<br \/>\n\t\u0130ran&#8217;\u0131n yar\u0131 resmi Tesnim Haber Ajans\u0131, Arak\u00e7i\u2019nin Pakistan ziyaretinin \u00f6nceki g\u00f6r\u00fc\u015fmelerin devam\u0131 niteli\u011fi ta\u015f\u0131d\u0131\u011f\u0131n\u0131 belirtti.<\/p>\n<p>&#13;<br \/>\n\tBuna g\u00f6re Pakistan\u2019daki g\u00f6r\u00fc\u015fmelerde, \u0130ran\u2019\u0131n sava\u015f\u0131n sona erdirilmesine ili\u015fkin ko\u015fullar\u0131, H\u00fcrm\u00fcz Bo\u011faz\u0131\u2019nda yeni yasal rejimin uygulanmas\u0131, deniz ablukas\u0131n\u0131n kald\u0131r\u0131lmas\u0131 ve sava\u015f tazminat\u0131 talebi gibi konular\u0131n g\u00fcndeme gelmesi bekleniyor.\u200b\u200b\u200b\u200b\u200b\u200b\u200b<\/p>\n<\/p><\/div>\n","protected":false},"excerpt":{"rendered":"<p>&#13; \u0130ran bas\u0131n\u0131na g\u00f6re, Arak\u00e7i Umman\u2019da ger\u00e7ekle\u015ftirdi\u011fi \u00fcst d\u00fczey g\u00f6r\u00fc\u015fmelerin ard\u0131ndan tekrar Pakistan\u2019a d\u00f6nd\u00fc.\u200b\u200b\u200b\u200b\u200b\u200b\u200b &#13; Arak\u00e7i, Pakistan, Umman ve Rusya\u2019y\u0131 kapsayan turunun ilk dura\u011f\u0131 i\u00e7in \u0130slamabad\u2019a gitmi\u015f ard\u0131ndan Umman\u2019\u0131 ziyaret etmi\u015fti. &#13; \u00d6te yandan \u0130ran&#8217;\u0131n yar\u0131 resmi Tesnim Haber Ajans\u0131, Arak\u00e7i\u2019nin Pakistan&#8217;da k\u0131sa bir s\u00fcre kal\u0131p ard\u0131ndan Rusya&#8217;ya gidece\u011fini duyurdu. &#13; \u0130ran bas\u0131n\u0131: Pakistan&#8217;a d\u00f6n\u00fc\u015f\u00fcn [&hellip;]<\/p>\n","protected":false},"author":1,"featured_media":36221,"comment_status":"open","ping_status":"open","sticky":false,"template":"","format":"standard","meta":{"jnews-multi-image_gallery":[],"jnews_single_post":[],"jnews_primary_category":[],"footnotes":""},"categories":[2],"tags":[],"class_list":["post-36427","post","type-post","status-publish","format-standard","has-post-thumbnail","hentry","category-dunya"],"yoast_head":"<!-- This site is optimized with the Yoast SEO plugin v27.4 - https:\/\/yoast.com\/product\/yoast-seo-wordpress\/ -->\n<title>\u0130ran D\u0131\u015fi\u015fleri Bakan\u0131 Arak\u00e7i, Umman\u2019\u0131n ard\u0131ndan tekrar Pakistan\u2019a gitti - Haber Kuzey<\/title>\n<meta name=\"robots\" content=\"index, follow, max-snippet:-1, max-image-preview:large, max-video-preview:-1\" \/>\n<link rel=\"canonical\" href=\"https:\/\/haberkuzey.com\/index.php\/2026\/04\/26\/iran-disisleri-bakani-arakci-ummanin-ardindan-tekrar-pakistana-gitti\/\" \/>\n<meta property=\"og:locale\" content=\"tr_TR\" \/>\n<meta property=\"og:type\" content=\"article\" \/>\n<meta property=\"og:title\" content=\"\u0130ran D\u0131\u015fi\u015fleri Bakan\u0131 Arak\u00e7i, Umman\u2019\u0131n ard\u0131ndan tekrar Pakistan\u2019a gitti - Haber Kuzey\" \/>\n<meta property=\"og:description\" content=\"&#013; \u0130ran bas\u0131n\u0131na g\u00f6re, Arak\u00e7i Umman\u2019da ger\u00e7ekle\u015ftirdi\u011fi \u00fcst d\u00fczey g\u00f6r\u00fc\u015fmelerin ard\u0131ndan tekrar Pakistan\u2019a d\u00f6nd\u00fc.\u200b\u200b\u200b\u200b\u200b\u200b\u200b &#013; Arak\u00e7i, Pakistan, Umman ve Rusya\u2019y\u0131 kapsayan turunun ilk dura\u011f\u0131 i\u00e7in \u0130slamabad\u2019a gitmi\u015f ard\u0131ndan Umman\u2019\u0131 ziyaret etmi\u015fti. &#013; \u00d6te yandan \u0130ran&#8217;\u0131n yar\u0131 resmi Tesnim Haber Ajans\u0131, Arak\u00e7i\u2019nin Pakistan&#8217;da k\u0131sa bir s\u00fcre kal\u0131p ard\u0131ndan Rusya&#8217;ya gidece\u011fini duyurdu. &#013; \u0130ran bas\u0131n\u0131: Pakistan&#8217;a d\u00f6n\u00fc\u015f\u00fcn [&hellip;]\" \/>\n<meta property=\"og:url\" content=\"https:\/\/haberkuzey.com\/index.php\/2026\/04\/26\/iran-disisleri-bakani-arakci-ummanin-ardindan-tekrar-pakistana-gitti\/\" \/>\n<meta property=\"og:site_name\" content=\"Haber Kuzey\" \/>\n<meta property=\"article:published_time\" content=\"2026-04-26T16:54:56+00:00\" \/>\n<meta property=\"og:image\" content=\"https:\/\/trthaberstatic.cdn.wp.trt.com.tr\/resimler\/2446000\/abbas-erakciaa-2446525.jpg\" \/>\n<meta name=\"author\" content=\"haberkuzey\" \/>\n<meta name=\"twitter:card\" content=\"summary_large_image\" \/>\n<meta name=\"twitter:label1\" content=\"Yazan:\" \/>\n\t<meta name=\"twitter:data1\" content=\"haberkuzey\" \/>\n\t<meta name=\"twitter:label2\" content=\"Tahmini okuma s\u00fcresi\" \/>\n\t<meta name=\"twitter:data2\" content=\"1 dakika\" \/>\n<script type=\"application\/ld+json\" class=\"yoast-schema-graph\">{\"@context\":\"https:\\\/\\\/schema.org\",\"@graph\":[{\"@type\":\"Article\",\"@id\":\"https:\\\/\\\/haberkuzey.com\\\/index.php\\\/2026\\\/04\\\/26\\\/iran-disisleri-bakani-arakci-ummanin-ardindan-tekrar-pakistana-gitti\\\/#article\",\"isPartOf\":{\"@id\":\"https:\\\/\\\/haberkuzey.com\\\/index.php\\\/2026\\\/04\\\/26\\\/iran-disisleri-bakani-arakci-ummanin-ardindan-tekrar-pakistana-gitti\\\/\"},\"author\":{\"name\":\"haberkuzey\",\"@id\":\"https:\\\/\\\/haberkuzey.com\\\/#\\\/schema\\\/person\\\/3372109ec735f9333f4fa47ebb9605ca\"},\"headline\":\"\u0130ran D\u0131\u015fi\u015fleri Bakan\u0131 Arak\u00e7i, Umman\u2019\u0131n ard\u0131ndan tekrar Pakistan\u2019a gitti\",\"datePublished\":\"2026-04-26T16:54:56+00:00\",\"mainEntityOfPage\":{\"@id\":\"https:\\\/\\\/haberkuzey.com\\\/index.php\\\/2026\\\/04\\\/26\\\/iran-disisleri-bakani-arakci-ummanin-ardindan-tekrar-pakistana-gitti\\\/\"},\"wordCount\":175,\"commentCount\":0,\"image\":{\"@id\":\"https:\\\/\\\/haberkuzey.com\\\/index.php\\\/2026\\\/04\\\/26\\\/iran-disisleri-bakani-arakci-ummanin-ardindan-tekrar-pakistana-gitti\\\/#primaryimage\"},\"thumbnailUrl\":\"https:\\\/\\\/haberkuzey.com\\\/wp-content\\\/uploads\\\/2026\\\/04\\\/abbas-erakciaa-2446525.jpg\",\"articleSection\":[\"D\u00fcnya\"],\"inLanguage\":\"tr\",\"potentialAction\":[{\"@type\":\"CommentAction\",\"name\":\"Comment\",\"target\":[\"https:\\\/\\\/haberkuzey.com\\\/index.php\\\/2026\\\/04\\\/26\\\/iran-disisleri-bakani-arakci-ummanin-ardindan-tekrar-pakistana-gitti\\\/#respond\"]}]},{\"@type\":\"WebPage\",\"@id\":\"https:\\\/\\\/haberkuzey.com\\\/index.php\\\/2026\\\/04\\\/26\\\/iran-disisleri-bakani-arakci-ummanin-ardindan-tekrar-pakistana-gitti\\\/\",\"url\":\"https:\\\/\\\/haberkuzey.com\\\/index.php\\\/2026\\\/04\\\/26\\\/iran-disisleri-bakani-arakci-ummanin-ardindan-tekrar-pakistana-gitti\\\/\",\"name\":\"\u0130ran D\u0131\u015fi\u015fleri Bakan\u0131 Arak\u00e7i, Umman\u2019\u0131n ard\u0131ndan tekrar Pakistan\u2019a gitti - Haber Kuzey\",\"isPartOf\":{\"@id\":\"https:\\\/\\\/haberkuzey.com\\\/#website\"},\"primaryImageOfPage\":{\"@id\":\"https:\\\/\\\/haberkuzey.com\\\/index.php\\\/2026\\\/04\\\/26\\\/iran-disisleri-bakani-arakci-ummanin-ardindan-tekrar-pakistana-gitti\\\/#primaryimage\"},\"image\":{\"@id\":\"https:\\\/\\\/haberkuzey.com\\\/index.php\\\/2026\\\/04\\\/26\\\/iran-disisleri-bakani-arakci-ummanin-ardindan-tekrar-pakistana-gitti\\\/#primaryimage\"},\"thumbnailUrl\":\"https:\\\/\\\/haberkuzey.com\\\/wp-content\\\/uploads\\\/2026\\\/04\\\/abbas-erakciaa-2446525.jpg\",\"datePublished\":\"2026-04-26T16:54:56+00:00\",\"author\":{\"@id\":\"https:\\\/\\\/haberkuzey.com\\\/#\\\/schema\\\/person\\\/3372109ec735f9333f4fa47ebb9605ca\"},\"breadcrumb\":{\"@id\":\"https:\\\/\\\/haberkuzey.com\\\/index.php\\\/2026\\\/04\\\/26\\\/iran-disisleri-bakani-arakci-ummanin-ardindan-tekrar-pakistana-gitti\\\/#breadcrumb\"},\"inLanguage\":\"tr\",\"potentialAction\":[{\"@type\":\"ReadAction\",\"target\":[\"https:\\\/\\\/haberkuzey.com\\\/index.php\\\/2026\\\/04\\\/26\\\/iran-disisleri-bakani-arakci-ummanin-ardindan-tekrar-pakistana-gitti\\\/\"]}]},{\"@type\":\"ImageObject\",\"inLanguage\":\"tr\",\"@id\":\"https:\\\/\\\/haberkuzey.com\\\/index.php\\\/2026\\\/04\\\/26\\\/iran-disisleri-bakani-arakci-ummanin-ardindan-tekrar-pakistana-gitti\\\/#primaryimage\",\"url\":\"https:\\\/\\\/haberkuzey.com\\\/wp-content\\\/uploads\\\/2026\\\/04\\\/abbas-erakciaa-2446525.jpg\",\"contentUrl\":\"https:\\\/\\\/haberkuzey.com\\\/wp-content\\\/uploads\\\/2026\\\/04\\\/abbas-erakciaa-2446525.jpg\",\"width\":1280,\"height\":720},{\"@type\":\"BreadcrumbList\",\"@id\":\"https:\\\/\\\/haberkuzey.com\\\/index.php\\\/2026\\\/04\\\/26\\\/iran-disisleri-bakani-arakci-ummanin-ardindan-tekrar-pakistana-gitti\\\/#breadcrumb\",\"itemListElement\":[{\"@type\":\"ListItem\",\"position\":1,\"name\":\"Anasayfa\",\"item\":\"https:\\\/\\\/haberkuzey.com\\\/\"},{\"@type\":\"ListItem\",\"position\":2,\"name\":\"\u0130ran D\u0131\u015fi\u015fleri Bakan\u0131 Arak\u00e7i, Umman\u2019\u0131n ard\u0131ndan tekrar Pakistan\u2019a gitti\"}]},{\"@type\":\"WebSite\",\"@id\":\"https:\\\/\\\/haberkuzey.com\\\/#website\",\"url\":\"https:\\\/\\\/haberkuzey.com\\\/\",\"name\":\"Haber Kuzey\",\"description\":\"Do\u011fru Haberin Adresi\",\"potentialAction\":[{\"@type\":\"SearchAction\",\"target\":{\"@type\":\"EntryPoint\",\"urlTemplate\":\"https:\\\/\\\/haberkuzey.com\\\/?s={search_term_string}\"},\"query-input\":{\"@type\":\"PropertyValueSpecification\",\"valueRequired\":true,\"valueName\":\"search_term_string\"}}],\"inLanguage\":\"tr\"},{\"@type\":\"Person\",\"@id\":\"https:\\\/\\\/haberkuzey.com\\\/#\\\/schema\\\/person\\\/3372109ec735f9333f4fa47ebb9605ca\",\"name\":\"haberkuzey\",\"image\":{\"@type\":\"ImageObject\",\"inLanguage\":\"tr\",\"@id\":\"https:\\\/\\\/secure.gravatar.com\\\/avatar\\\/f5fc875574b1575324358c3b9e6a32b8227aa5b74f3fa22e3cadb63e26fcc39c?s=96&d=mm&r=g\",\"url\":\"https:\\\/\\\/secure.gravatar.com\\\/avatar\\\/f5fc875574b1575324358c3b9e6a32b8227aa5b74f3fa22e3cadb63e26fcc39c?s=96&d=mm&r=g\",\"contentUrl\":\"https:\\\/\\\/secure.gravatar.com\\\/avatar\\\/f5fc875574b1575324358c3b9e6a32b8227aa5b74f3fa22e3cadb63e26fcc39c?s=96&d=mm&r=g\",\"caption\":\"haberkuzey\"},\"sameAs\":[\"https:\\\/\\\/haberkuzey.com\"],\"url\":\"https:\\\/\\\/haberkuzey.com\\\/index.php\\\/author\\\/haberkuzey\\\/\"}]}<\/script>\n<!-- \/ Yoast SEO plugin. -->","yoast_head_json":{"title":"\u0130ran D\u0131\u015fi\u015fleri Bakan\u0131 Arak\u00e7i, Umman\u2019\u0131n ard\u0131ndan tekrar Pakistan\u2019a gitti - Haber Kuzey","robots":{"index":"index","follow":"follow","max-snippet":"max-snippet:-1","max-image-preview":"max-image-preview:large","max-video-preview":"max-video-preview:-1"},"canonical":"https:\/\/haberkuzey.com\/index.php\/2026\/04\/26\/iran-disisleri-bakani-arakci-ummanin-ardindan-tekrar-pakistana-gitti\/","og_locale":"tr_TR","og_type":"article","og_title":"\u0130ran D\u0131\u015fi\u015fleri Bakan\u0131 Arak\u00e7i, Umman\u2019\u0131n ard\u0131ndan tekrar Pakistan\u2019a gitti - Haber Kuzey","og_description":"&#13; \u0130ran bas\u0131n\u0131na g\u00f6re, Arak\u00e7i Umman\u2019da ger\u00e7ekle\u015ftirdi\u011fi \u00fcst d\u00fczey g\u00f6r\u00fc\u015fmelerin ard\u0131ndan tekrar Pakistan\u2019a d\u00f6nd\u00fc.\u200b\u200b\u200b\u200b\u200b\u200b\u200b &#13; Arak\u00e7i, Pakistan, Umman ve Rusya\u2019y\u0131 kapsayan turunun ilk dura\u011f\u0131 i\u00e7in \u0130slamabad\u2019a gitmi\u015f ard\u0131ndan Umman\u2019\u0131 ziyaret etmi\u015fti. &#13; \u00d6te yandan \u0130ran&#8217;\u0131n yar\u0131 resmi Tesnim Haber Ajans\u0131, Arak\u00e7i\u2019nin Pakistan&#8217;da k\u0131sa bir s\u00fcre kal\u0131p ard\u0131ndan Rusya&#8217;ya gidece\u011fini duyurdu. &#13; \u0130ran bas\u0131n\u0131: Pakistan&#8217;a d\u00f6n\u00fc\u015f\u00fcn [&hellip;]","og_url":"https:\/\/haberkuzey.com\/index.php\/2026\/04\/26\/iran-disisleri-bakani-arakci-ummanin-ardindan-tekrar-pakistana-gitti\/","og_site_name":"Haber Kuzey","article_published_time":"2026-04-26T16:54:56+00:00","og_image":[{"url":"https:\/\/trthaberstatic.cdn.wp.trt.com.tr\/resimler\/2446000\/abbas-erakciaa-2446525.jpg","type":"","width":"","height":""}],"author":"haberkuzey","twitter_card":"summary_large_image","twitter_misc":{"Yazan:":"haberkuzey","Tahmini okuma s\u00fcresi":"1 dakika"},"schema":{"@context":"https:\/\/schema.org","@graph":[{"@type":"Article","@id":"https:\/\/haberkuzey.com\/index.php\/2026\/04\/26\/iran-disisleri-bakani-arakci-ummanin-ardindan-tekrar-pakistana-gitti\/#article","isPartOf":{"@id":"https:\/\/haberkuzey.com\/index.php\/2026\/04\/26\/iran-disisleri-bakani-arakci-ummanin-ardindan-tekrar-pakistana-gitti\/"},"author":{"name":"haberkuzey","@id":"https:\/\/haberkuzey.com\/#\/schema\/person\/3372109ec735f9333f4fa47ebb9605ca"},"headline":"\u0130ran D\u0131\u015fi\u015fleri Bakan\u0131 Arak\u00e7i, Umman\u2019\u0131n ard\u0131ndan tekrar Pakistan\u2019a gitti","datePublished":"2026-04-26T16:54:56+00:00","mainEntityOfPage":{"@id":"https:\/\/haberkuzey.com\/index.php\/2026\/04\/26\/iran-disisleri-bakani-arakci-ummanin-ardindan-tekrar-pakistana-gitti\/"},"wordCount":175,"commentCount":0,"image":{"@id":"https:\/\/haberkuzey.com\/index.php\/2026\/04\/26\/iran-disisleri-bakani-arakci-ummanin-ardindan-tekrar-pakistana-gitti\/#primaryimage"},"thumbnailUrl":"https:\/\/haberkuzey.com\/wp-content\/uploads\/2026\/04\/abbas-erakciaa-2446525.jpg","articleSection":["D\u00fcnya"],"inLanguage":"tr","potentialAction":[{"@type":"CommentAction","name":"Comment","target":["https:\/\/haberkuzey.com\/index.php\/2026\/04\/26\/iran-disisleri-bakani-arakci-ummanin-ardindan-tekrar-pakistana-gitti\/#respond"]}]},{"@type":"WebPage","@id":"https:\/\/haberkuzey.com\/index.php\/2026\/04\/26\/iran-disisleri-bakani-arakci-ummanin-ardindan-tekrar-pakistana-gitti\/","url":"https:\/\/haberkuzey.com\/index.php\/2026\/04\/26\/iran-disisleri-bakani-arakci-ummanin-ardindan-tekrar-pakistana-gitti\/","name":"\u0130ran D\u0131\u015fi\u015fleri Bakan\u0131 Arak\u00e7i, Umman\u2019\u0131n ard\u0131ndan tekrar Pakistan\u2019a gitti - Haber Kuzey","isPartOf":{"@id":"https:\/\/haberkuzey.com\/#website"},"primaryImageOfPage":{"@id":"https:\/\/haberkuzey.com\/index.php\/2026\/04\/26\/iran-disisleri-bakani-arakci-ummanin-ardindan-tekrar-pakistana-gitti\/#primaryimage"},"image":{"@id":"https:\/\/haberkuzey.com\/index.php\/2026\/04\/26\/iran-disisleri-bakani-arakci-ummanin-ardindan-tekrar-pakistana-gitti\/#primaryimage"},"thumbnailUrl":"https:\/\/haberkuzey.com\/wp-content\/uploads\/2026\/04\/abbas-erakciaa-2446525.jpg","datePublished":"2026-04-26T16:54:56+00:00","author":{"@id":"https:\/\/haberkuzey.com\/#\/schema\/person\/3372109ec735f9333f4fa47ebb9605ca"},"breadcrumb":{"@id":"https:\/\/haberkuzey.com\/index.php\/2026\/04\/26\/iran-disisleri-bakani-arakci-ummanin-ardindan-tekrar-pakistana-gitti\/#breadcrumb"},"inLanguage":"tr","potentialAction":[{"@type":"ReadAction","target":["https:\/\/haberkuzey.com\/index.php\/2026\/04\/26\/iran-disisleri-bakani-arakci-ummanin-ardindan-tekrar-pakistana-gitti\/"]}]},{"@type":"ImageObject","inLanguage":"tr","@id":"https:\/\/haberkuzey.com\/index.php\/2026\/04\/26\/iran-disisleri-bakani-arakci-ummanin-ardindan-tekrar-pakistana-gitti\/#primaryimage","url":"https:\/\/haberkuzey.com\/wp-content\/uploads\/2026\/04\/abbas-erakciaa-2446525.jpg","contentUrl":"https:\/\/haberkuzey.com\/wp-content\/uploads\/2026\/04\/abbas-erakciaa-2446525.jpg","width":1280,"height":720},{"@type":"BreadcrumbList","@id":"https:\/\/haberkuzey.com\/index.php\/2026\/04\/26\/iran-disisleri-bakani-arakci-ummanin-ardindan-tekrar-pakistana-gitti\/#breadcrumb","itemListElement":[{"@type":"ListItem","position":1,"name":"Anasayfa","item":"https:\/\/haberkuzey.com\/"},{"@type":"ListItem","position":2,"name":"\u0130ran D\u0131\u015fi\u015fleri Bakan\u0131 Arak\u00e7i, Umman\u2019\u0131n ard\u0131ndan tekrar Pakistan\u2019a gitti"}]},{"@type":"WebSite","@id":"https:\/\/haberkuzey.com\/#website","url":"https:\/\/haberkuzey.com\/","name":"Haber Kuzey","description":"Do\u011fru Haberin Adresi","potentialAction":[{"@type":"SearchAction","target":{"@type":"EntryPoint","urlTemplate":"https:\/\/haberkuzey.com\/?s={search_term_string}"},"query-input":{"@type":"PropertyValueSpecification","valueRequired":true,"valueName":"search_term_string"}}],"inLanguage":"tr"},{"@type":"Person","@id":"https:\/\/haberkuzey.com\/#\/schema\/person\/3372109ec735f9333f4fa47ebb9605ca","name":"haberkuzey","image":{"@type":"ImageObject","inLanguage":"tr","@id":"https:\/\/secure.gravatar.com\/avatar\/f5fc875574b1575324358c3b9e6a32b8227aa5b74f3fa22e3cadb63e26fcc39c?s=96&d=mm&r=g","url":"https:\/\/secure.gravatar.com\/avatar\/f5fc875574b1575324358c3b9e6a32b8227aa5b74f3fa22e3cadb63e26fcc39c?s=96&d=mm&r=g","contentUrl":"https:\/\/secure.gravatar.com\/avatar\/f5fc875574b1575324358c3b9e6a32b8227aa5b74f3fa22e3cadb63e26fcc39c?s=96&d=mm&r=g","caption":"haberkuzey"},"sameAs":["https:\/\/haberkuzey.com"],"url":"https:\/\/haberkuzey.com\/index.php\/author\/haberkuzey\/"}]}},"_links":{"self":[{"href":"https:\/\/haberkuzey.com\/index.php\/wp-json\/wp\/v2\/posts\/36427","targetHints":{"allow":["GET"]}}],"collection":[{"href":"https:\/\/haberkuzey.com\/index.php\/wp-json\/wp\/v2\/posts"}],"about":[{"href":"https:\/\/haberkuzey.com\/index.php\/wp-json\/wp\/v2\/types\/post"}],"author":[{"embeddable":true,"href":"https:\/\/haberkuzey.com\/index.php\/wp-json\/wp\/v2\/users\/1"}],"replies":[{"embeddable":true,"href":"https:\/\/haberkuzey.com\/index.php\/wp-json\/wp\/v2\/comments?post=36427"}],"version-history":[{"count":0,"href":"https:\/\/haberkuzey.com\/index.php\/wp-json\/wp\/v2\/posts\/36427\/revisions"}],"wp:featuredmedia":[{"embeddable":true,"href":"https:\/\/haberkuzey.com\/index.php\/wp-json\/wp\/v2\/media\/36221"}],"wp:attachment":[{"href":"https:\/\/haberkuzey.com\/index.php\/wp-json\/wp\/v2\/media?parent=36427"}],"wp:term":[{"taxonomy":"category","embeddable":true,"href":"https:\/\/haberkuzey.com\/index.php\/wp-json\/wp\/v2\/categories?post=36427"},{"taxonomy":"post_tag","embeddable":true,"href":"https:\/\/haberkuzey.com\/index.php\/wp-json\/wp\/v2\/tags?post=36427"}],"curies":[{"name":"wp","href":"https:\/\/api.w.org\/{rel}","templated":true}]}}