{"id":36385,"date":"2026-04-26T11:49:52","date_gmt":"2026-04-26T08:49:52","guid":{"rendered":"https:\/\/haberkuzey.com\/index.php\/2026\/04\/26\/tacoy-ve-candan-akpa-baskani-petra-bayr-ile-gorustu\/"},"modified":"2026-04-26T11:50:00","modified_gmt":"2026-04-26T08:50:00","slug":"tacoy-ve-candan-akpa-baskani-petra-bayr-ile-gorustu","status":"publish","type":"post","link":"https:\/\/haberkuzey.com\/index.php\/2026\/04\/26\/tacoy-ve-candan-akpa-baskani-petra-bayr-ile-gorustu\/","title":{"rendered":"Ta\u00e7oy ve Candan, AKPA Ba\u015fkan\u0131 Petra Bayr ile g\u00f6r\u00fc\u015ft\u00fc"},"content":{"rendered":"<p style=\"font-weight: 300\">Avrupa Konseyi Parlamenter Asamblesi (AKPA) Genel Kurulu\u2019na kat\u0131lan Cumhuriyet Meclisi heyeti g\u00f6reve yeni se\u00e7ilen AKPA Ba\u015fkan\u0131 Petra Bayr ile g\u00f6r\u00fc\u015ft\u00fc. \u0130kili g\u00f6r\u00fc\u015fmeler de ger\u00e7ekle\u015ftiren heyet ayr\u0131ca Almanya, \u0130talya ve \u0130svi\u00e7re AKPA ulusal heyetleri ile de isti\u015farelerde bulundu.<\/p>\n<p style=\"font-weight: 300\">Cumhuriyet Meclisi\u2019nden verilen bilgiye g\u00f6re, Cumhuriyet Meclisi heyeti 20-24 Nisan tarihlerinde Strazburg\u2019ta bulunan Avrupa Konseyi Parlamenter Asamblesi (AKPA) Genel Kurulu\u2019na kat\u0131larak, temaslar ger\u00e7ekle\u015ftirdi.<\/p>\n<p style=\"font-weight: 300\">Heyette yer alan UBP Milletvekili Hasan Ta\u00e7oy ve CTP Milletvekili Arma\u011fan Candan, \u00e7e\u015fitli oturumlarda s\u00f6z alarak K\u0131br\u0131s meselesini g\u00fcndeme ta\u015f\u0131d\u0131.<\/p>\n<p style=\"font-weight: 300\">Heyet AKPA Genel Kurulu oturumlar\u0131n\u0131n yan\u0131 s\u0131ra \u00e7e\u015fitli komite toplant\u0131lar\u0131na da kat\u0131ld\u0131, ikili g\u00f6r\u00fc\u015fmeler yapt\u0131.<\/p>\n<p style=\"font-weight: 300\">Heyet \u00fcyeleri, \u201cAvrupa&#8217;da dine dayal\u0131 ayr\u0131mc\u0131l\u0131kla m\u00fccadele ve din veya inan\u00e7 \u00f6zg\u00fcrl\u00fc\u011f\u00fcn\u00fcn korunmas\u0131\u201d, \u201cOrta Do\u011fu&#8217;da uluslararas\u0131 hukuka sayg\u0131, bar\u0131\u015f ve istikrar\u0131n gereklili\u011fi\u201d ve serbest g\u00fcndemli oturumlarda konu\u015ftu.<\/p>\n<p style=\"font-weight: 300\"><span style=\"font-weight: 300 !important\">-Heyet, Almanya, \u0130talya ve \u0130svi\u00e7re AKPA ulusal heyetleriyle isti\u015fare etti<\/span><\/p>\n<p style=\"font-weight: 300\">G\u00f6reve yeni se\u00e7ilen AKPA Ba\u015fkan\u0131 Petra Bayr ile de bir araya gelen heyet, ayr\u0131ca Almanya, \u0130talya ve \u0130svi\u00e7re AKPA ulusal heyetleri ile isti\u015farelerde bulundu.<\/p>\n<p style=\"font-weight: 300\">G\u00f6r\u00fc\u015fmelerde, m\u00fclkiyet, Ta\u015f\u0131nmaz Mal Komisyonu\u2019nun (TMK) i\u015fleyi\u015fi,\u00a0 siyasi ve hukuki boyutu konular\u0131nda bilgi payla\u015f\u0131ld\u0131, genel olarak adadaki siyasi durumu aktar\u0131ld\u0131.<\/p>\n<p style=\"font-weight: 300\">AKPA Kurallar, Etik ve Dokunulmazl\u0131klar Komitesi\u2019nin daveti \u00fczerine etik standartlar konulu panelde birer konu\u015fma yapan heyet, \u00a0AKPA\u2019da yirmi y\u0131l\u0131 a\u015fk\u0131nd\u0131r devam eden kat\u0131l\u0131mlar\u0131na ili\u015fkin bilgi verdi, Cumhuriyet Meclisi&#8217;nde \u00fcyelerin uymas\u0131 gereken etik kurallar ve K\u0131br\u0131sl\u0131 T\u00fcrk milletvekillerinin AKPA&#8217;daki stat\u00fcs\u00fcne ili\u015fkin unsurlar\u0131 g\u00fcndeme getirdi.<\/p>\n<p style=\"font-weight: 300\">Heyet ayr\u0131ca Avrupa Konseyi Genel Sekreteri\u2019nin kabinesi ve Konsey Sekretaryas\u0131 \u0130nsan Haklar\u0131 ve Hukukun \u00dcst\u00fcnl\u00fc\u011f\u00fc Genel M\u00fcd\u00fcrl\u00fc\u011f\u00fc ve Gen\u00e7lik Departman\u0131 ile \u00e7e\u015fitli g\u00f6r\u00fc\u015fmeler yaparak, adadaki siyasi geli\u015fmeler ve m\u00fclkiyet konusunda bilgi verdi.<\/p>\n<p style=\"font-weight: 300\">Heyet, son olarak T\u00fcrkiye Daimi Temsilcisi B\u00fcy\u00fckel\u00e7i Nurdan Bayraktar\u2019\u0131n T\u00fcrkiye ve KKTC AKPA heyetleri onuruna verdi\u011fi yeme\u011fe de kat\u0131ld\u0131.<\/p>\n","protected":false},"excerpt":{"rendered":"<p>Avrupa Konseyi Parlamenter Asamblesi (AKPA) Genel Kurulu\u2019na kat\u0131lan Cumhuriyet Meclisi heyeti g\u00f6reve yeni se\u00e7ilen AKPA Ba\u015fkan\u0131 Petra Bayr ile g\u00f6r\u00fc\u015ft\u00fc. \u0130kili g\u00f6r\u00fc\u015fmeler de ger\u00e7ekle\u015ftiren heyet ayr\u0131ca Almanya, \u0130talya ve \u0130svi\u00e7re AKPA ulusal heyetleri ile de isti\u015farelerde bulundu. Cumhuriyet Meclisi\u2019nden verilen bilgiye g\u00f6re, Cumhuriyet Meclisi heyeti 20-24 Nisan tarihlerinde Strazburg\u2019ta bulunan Avrupa Konseyi Parlamenter Asamblesi (AKPA) [&hellip;]<\/p>\n","protected":false},"author":1,"featured_media":36386,"comment_status":"open","ping_status":"open","sticky":false,"template":"","format":"standard","meta":{"jnews-multi-image_gallery":[],"jnews_single_post":[],"jnews_primary_category":[],"footnotes":""},"categories":[1],"tags":[],"class_list":["post-36385","post","type-post","status-publish","format-standard","has-post-thumbnail","hentry","category-kibris"],"yoast_head":"<!-- This site is optimized with the Yoast SEO plugin v27.4 - https:\/\/yoast.com\/product\/yoast-seo-wordpress\/ -->\n<title>Ta\u00e7oy ve Candan, AKPA Ba\u015fkan\u0131 Petra Bayr ile g\u00f6r\u00fc\u015ft\u00fc - Haber Kuzey<\/title>\n<meta name=\"robots\" content=\"index, follow, max-snippet:-1, max-image-preview:large, max-video-preview:-1\" \/>\n<link rel=\"canonical\" href=\"https:\/\/haberkuzey.com\/index.php\/2026\/04\/26\/tacoy-ve-candan-akpa-baskani-petra-bayr-ile-gorustu\/\" \/>\n<meta property=\"og:locale\" content=\"tr_TR\" \/>\n<meta property=\"og:type\" content=\"article\" \/>\n<meta property=\"og:title\" content=\"Ta\u00e7oy ve Candan, AKPA Ba\u015fkan\u0131 Petra Bayr ile g\u00f6r\u00fc\u015ft\u00fc - Haber Kuzey\" \/>\n<meta property=\"og:description\" content=\"Avrupa Konseyi Parlamenter Asamblesi (AKPA) Genel Kurulu\u2019na kat\u0131lan Cumhuriyet Meclisi heyeti g\u00f6reve yeni se\u00e7ilen AKPA Ba\u015fkan\u0131 Petra Bayr ile g\u00f6r\u00fc\u015ft\u00fc. \u0130kili g\u00f6r\u00fc\u015fmeler de ger\u00e7ekle\u015ftiren heyet ayr\u0131ca Almanya, \u0130talya ve \u0130svi\u00e7re AKPA ulusal heyetleri ile de isti\u015farelerde bulundu. Cumhuriyet Meclisi\u2019nden verilen bilgiye g\u00f6re, Cumhuriyet Meclisi heyeti 20-24 Nisan tarihlerinde Strazburg\u2019ta bulunan Avrupa Konseyi Parlamenter Asamblesi (AKPA) [&hellip;]\" \/>\n<meta property=\"og:url\" content=\"https:\/\/haberkuzey.com\/index.php\/2026\/04\/26\/tacoy-ve-candan-akpa-baskani-petra-bayr-ile-gorustu\/\" \/>\n<meta property=\"og:site_name\" content=\"Haber Kuzey\" \/>\n<meta property=\"article:published_time\" content=\"2026-04-26T08:49:52+00:00\" \/>\n<meta property=\"article:modified_time\" content=\"2026-04-26T08:50:00+00:00\" \/>\n<meta property=\"og:image\" content=\"https:\/\/haberkuzey.com\/wp-content\/uploads\/2026\/04\/1777190320534Tacoy-ve-Candan-AKPA.jpeg\" \/>\n\t<meta property=\"og:image:width\" content=\"1600\" \/>\n\t<meta property=\"og:image:height\" content=\"1110\" \/>\n\t<meta property=\"og:image:type\" content=\"image\/jpeg\" \/>\n<meta name=\"author\" content=\"haberkuzey\" \/>\n<meta name=\"twitter:card\" content=\"summary_large_image\" \/>\n<meta name=\"twitter:label1\" content=\"Yazan:\" \/>\n\t<meta name=\"twitter:data1\" content=\"haberkuzey\" \/>\n\t<meta name=\"twitter:label2\" content=\"Tahmini okuma s\u00fcresi\" \/>\n\t<meta name=\"twitter:data2\" content=\"2 dakika\" \/>\n<script type=\"application\/ld+json\" class=\"yoast-schema-graph\">{\"@context\":\"https:\\\/\\\/schema.org\",\"@graph\":[{\"@type\":\"Article\",\"@id\":\"https:\\\/\\\/haberkuzey.com\\\/index.php\\\/2026\\\/04\\\/26\\\/tacoy-ve-candan-akpa-baskani-petra-bayr-ile-gorustu\\\/#article\",\"isPartOf\":{\"@id\":\"https:\\\/\\\/haberkuzey.com\\\/index.php\\\/2026\\\/04\\\/26\\\/tacoy-ve-candan-akpa-baskani-petra-bayr-ile-gorustu\\\/\"},\"author\":{\"name\":\"haberkuzey\",\"@id\":\"https:\\\/\\\/haberkuzey.com\\\/#\\\/schema\\\/person\\\/3372109ec735f9333f4fa47ebb9605ca\"},\"headline\":\"Ta\u00e7oy ve Candan, AKPA Ba\u015fkan\u0131 Petra Bayr ile g\u00f6r\u00fc\u015ft\u00fc\",\"datePublished\":\"2026-04-26T08:49:52+00:00\",\"dateModified\":\"2026-04-26T08:50:00+00:00\",\"mainEntityOfPage\":{\"@id\":\"https:\\\/\\\/haberkuzey.com\\\/index.php\\\/2026\\\/04\\\/26\\\/tacoy-ve-candan-akpa-baskani-petra-bayr-ile-gorustu\\\/\"},\"wordCount\":394,\"commentCount\":0,\"image\":{\"@id\":\"https:\\\/\\\/haberkuzey.com\\\/index.php\\\/2026\\\/04\\\/26\\\/tacoy-ve-candan-akpa-baskani-petra-bayr-ile-gorustu\\\/#primaryimage\"},\"thumbnailUrl\":\"https:\\\/\\\/haberkuzey.com\\\/wp-content\\\/uploads\\\/2026\\\/04\\\/1777190320534Tacoy-ve-Candan-AKPA.jpeg\",\"articleSection\":[\"K\u0131br\u0131s\"],\"inLanguage\":\"tr\",\"potentialAction\":[{\"@type\":\"CommentAction\",\"name\":\"Comment\",\"target\":[\"https:\\\/\\\/haberkuzey.com\\\/index.php\\\/2026\\\/04\\\/26\\\/tacoy-ve-candan-akpa-baskani-petra-bayr-ile-gorustu\\\/#respond\"]}]},{\"@type\":\"WebPage\",\"@id\":\"https:\\\/\\\/haberkuzey.com\\\/index.php\\\/2026\\\/04\\\/26\\\/tacoy-ve-candan-akpa-baskani-petra-bayr-ile-gorustu\\\/\",\"url\":\"https:\\\/\\\/haberkuzey.com\\\/index.php\\\/2026\\\/04\\\/26\\\/tacoy-ve-candan-akpa-baskani-petra-bayr-ile-gorustu\\\/\",\"name\":\"Ta\u00e7oy ve Candan, AKPA Ba\u015fkan\u0131 Petra Bayr ile g\u00f6r\u00fc\u015ft\u00fc - Haber Kuzey\",\"isPartOf\":{\"@id\":\"https:\\\/\\\/haberkuzey.com\\\/#website\"},\"primaryImageOfPage\":{\"@id\":\"https:\\\/\\\/haberkuzey.com\\\/index.php\\\/2026\\\/04\\\/26\\\/tacoy-ve-candan-akpa-baskani-petra-bayr-ile-gorustu\\\/#primaryimage\"},\"image\":{\"@id\":\"https:\\\/\\\/haberkuzey.com\\\/index.php\\\/2026\\\/04\\\/26\\\/tacoy-ve-candan-akpa-baskani-petra-bayr-ile-gorustu\\\/#primaryimage\"},\"thumbnailUrl\":\"https:\\\/\\\/haberkuzey.com\\\/wp-content\\\/uploads\\\/2026\\\/04\\\/1777190320534Tacoy-ve-Candan-AKPA.jpeg\",\"datePublished\":\"2026-04-26T08:49:52+00:00\",\"dateModified\":\"2026-04-26T08:50:00+00:00\",\"author\":{\"@id\":\"https:\\\/\\\/haberkuzey.com\\\/#\\\/schema\\\/person\\\/3372109ec735f9333f4fa47ebb9605ca\"},\"breadcrumb\":{\"@id\":\"https:\\\/\\\/haberkuzey.com\\\/index.php\\\/2026\\\/04\\\/26\\\/tacoy-ve-candan-akpa-baskani-petra-bayr-ile-gorustu\\\/#breadcrumb\"},\"inLanguage\":\"tr\",\"potentialAction\":[{\"@type\":\"ReadAction\",\"target\":[\"https:\\\/\\\/haberkuzey.com\\\/index.php\\\/2026\\\/04\\\/26\\\/tacoy-ve-candan-akpa-baskani-petra-bayr-ile-gorustu\\\/\"]}]},{\"@type\":\"ImageObject\",\"inLanguage\":\"tr\",\"@id\":\"https:\\\/\\\/haberkuzey.com\\\/index.php\\\/2026\\\/04\\\/26\\\/tacoy-ve-candan-akpa-baskani-petra-bayr-ile-gorustu\\\/#primaryimage\",\"url\":\"https:\\\/\\\/haberkuzey.com\\\/wp-content\\\/uploads\\\/2026\\\/04\\\/1777190320534Tacoy-ve-Candan-AKPA.jpeg\",\"contentUrl\":\"https:\\\/\\\/haberkuzey.com\\\/wp-content\\\/uploads\\\/2026\\\/04\\\/1777190320534Tacoy-ve-Candan-AKPA.jpeg\",\"width\":1600,\"height\":1110},{\"@type\":\"BreadcrumbList\",\"@id\":\"https:\\\/\\\/haberkuzey.com\\\/index.php\\\/2026\\\/04\\\/26\\\/tacoy-ve-candan-akpa-baskani-petra-bayr-ile-gorustu\\\/#breadcrumb\",\"itemListElement\":[{\"@type\":\"ListItem\",\"position\":1,\"name\":\"Anasayfa\",\"item\":\"https:\\\/\\\/haberkuzey.com\\\/\"},{\"@type\":\"ListItem\",\"position\":2,\"name\":\"Ta\u00e7oy ve Candan, AKPA Ba\u015fkan\u0131 Petra Bayr ile g\u00f6r\u00fc\u015ft\u00fc\"}]},{\"@type\":\"WebSite\",\"@id\":\"https:\\\/\\\/haberkuzey.com\\\/#website\",\"url\":\"https:\\\/\\\/haberkuzey.com\\\/\",\"name\":\"Haber Kuzey\",\"description\":\"Do\u011fru Haberin Adresi\",\"potentialAction\":[{\"@type\":\"SearchAction\",\"target\":{\"@type\":\"EntryPoint\",\"urlTemplate\":\"https:\\\/\\\/haberkuzey.com\\\/?s={search_term_string}\"},\"query-input\":{\"@type\":\"PropertyValueSpecification\",\"valueRequired\":true,\"valueName\":\"search_term_string\"}}],\"inLanguage\":\"tr\"},{\"@type\":\"Person\",\"@id\":\"https:\\\/\\\/haberkuzey.com\\\/#\\\/schema\\\/person\\\/3372109ec735f9333f4fa47ebb9605ca\",\"name\":\"haberkuzey\",\"image\":{\"@type\":\"ImageObject\",\"inLanguage\":\"tr\",\"@id\":\"https:\\\/\\\/secure.gravatar.com\\\/avatar\\\/f5fc875574b1575324358c3b9e6a32b8227aa5b74f3fa22e3cadb63e26fcc39c?s=96&d=mm&r=g\",\"url\":\"https:\\\/\\\/secure.gravatar.com\\\/avatar\\\/f5fc875574b1575324358c3b9e6a32b8227aa5b74f3fa22e3cadb63e26fcc39c?s=96&d=mm&r=g\",\"contentUrl\":\"https:\\\/\\\/secure.gravatar.com\\\/avatar\\\/f5fc875574b1575324358c3b9e6a32b8227aa5b74f3fa22e3cadb63e26fcc39c?s=96&d=mm&r=g\",\"caption\":\"haberkuzey\"},\"sameAs\":[\"https:\\\/\\\/haberkuzey.com\"],\"url\":\"https:\\\/\\\/haberkuzey.com\\\/index.php\\\/author\\\/haberkuzey\\\/\"}]}<\/script>\n<!-- \/ Yoast SEO plugin. -->","yoast_head_json":{"title":"Ta\u00e7oy ve Candan, AKPA Ba\u015fkan\u0131 Petra Bayr ile g\u00f6r\u00fc\u015ft\u00fc - Haber Kuzey","robots":{"index":"index","follow":"follow","max-snippet":"max-snippet:-1","max-image-preview":"max-image-preview:large","max-video-preview":"max-video-preview:-1"},"canonical":"https:\/\/haberkuzey.com\/index.php\/2026\/04\/26\/tacoy-ve-candan-akpa-baskani-petra-bayr-ile-gorustu\/","og_locale":"tr_TR","og_type":"article","og_title":"Ta\u00e7oy ve Candan, AKPA Ba\u015fkan\u0131 Petra Bayr ile g\u00f6r\u00fc\u015ft\u00fc - Haber Kuzey","og_description":"Avrupa Konseyi Parlamenter Asamblesi (AKPA) Genel Kurulu\u2019na kat\u0131lan Cumhuriyet Meclisi heyeti g\u00f6reve yeni se\u00e7ilen AKPA Ba\u015fkan\u0131 Petra Bayr ile g\u00f6r\u00fc\u015ft\u00fc. \u0130kili g\u00f6r\u00fc\u015fmeler de ger\u00e7ekle\u015ftiren heyet ayr\u0131ca Almanya, \u0130talya ve \u0130svi\u00e7re AKPA ulusal heyetleri ile de isti\u015farelerde bulundu. Cumhuriyet Meclisi\u2019nden verilen bilgiye g\u00f6re, Cumhuriyet Meclisi heyeti 20-24 Nisan tarihlerinde Strazburg\u2019ta bulunan Avrupa Konseyi Parlamenter Asamblesi (AKPA) [&hellip;]","og_url":"https:\/\/haberkuzey.com\/index.php\/2026\/04\/26\/tacoy-ve-candan-akpa-baskani-petra-bayr-ile-gorustu\/","og_site_name":"Haber Kuzey","article_published_time":"2026-04-26T08:49:52+00:00","article_modified_time":"2026-04-26T08:50:00+00:00","og_image":[{"width":1600,"height":1110,"url":"https:\/\/haberkuzey.com\/wp-content\/uploads\/2026\/04\/1777190320534Tacoy-ve-Candan-AKPA.jpeg","type":"image\/jpeg"}],"author":"haberkuzey","twitter_card":"summary_large_image","twitter_misc":{"Yazan:":"haberkuzey","Tahmini okuma s\u00fcresi":"2 dakika"},"schema":{"@context":"https:\/\/schema.org","@graph":[{"@type":"Article","@id":"https:\/\/haberkuzey.com\/index.php\/2026\/04\/26\/tacoy-ve-candan-akpa-baskani-petra-bayr-ile-gorustu\/#article","isPartOf":{"@id":"https:\/\/haberkuzey.com\/index.php\/2026\/04\/26\/tacoy-ve-candan-akpa-baskani-petra-bayr-ile-gorustu\/"},"author":{"name":"haberkuzey","@id":"https:\/\/haberkuzey.com\/#\/schema\/person\/3372109ec735f9333f4fa47ebb9605ca"},"headline":"Ta\u00e7oy ve Candan, AKPA Ba\u015fkan\u0131 Petra Bayr ile g\u00f6r\u00fc\u015ft\u00fc","datePublished":"2026-04-26T08:49:52+00:00","dateModified":"2026-04-26T08:50:00+00:00","mainEntityOfPage":{"@id":"https:\/\/haberkuzey.com\/index.php\/2026\/04\/26\/tacoy-ve-candan-akpa-baskani-petra-bayr-ile-gorustu\/"},"wordCount":394,"commentCount":0,"image":{"@id":"https:\/\/haberkuzey.com\/index.php\/2026\/04\/26\/tacoy-ve-candan-akpa-baskani-petra-bayr-ile-gorustu\/#primaryimage"},"thumbnailUrl":"https:\/\/haberkuzey.com\/wp-content\/uploads\/2026\/04\/1777190320534Tacoy-ve-Candan-AKPA.jpeg","articleSection":["K\u0131br\u0131s"],"inLanguage":"tr","potentialAction":[{"@type":"CommentAction","name":"Comment","target":["https:\/\/haberkuzey.com\/index.php\/2026\/04\/26\/tacoy-ve-candan-akpa-baskani-petra-bayr-ile-gorustu\/#respond"]}]},{"@type":"WebPage","@id":"https:\/\/haberkuzey.com\/index.php\/2026\/04\/26\/tacoy-ve-candan-akpa-baskani-petra-bayr-ile-gorustu\/","url":"https:\/\/haberkuzey.com\/index.php\/2026\/04\/26\/tacoy-ve-candan-akpa-baskani-petra-bayr-ile-gorustu\/","name":"Ta\u00e7oy ve Candan, AKPA Ba\u015fkan\u0131 Petra Bayr ile g\u00f6r\u00fc\u015ft\u00fc - Haber Kuzey","isPartOf":{"@id":"https:\/\/haberkuzey.com\/#website"},"primaryImageOfPage":{"@id":"https:\/\/haberkuzey.com\/index.php\/2026\/04\/26\/tacoy-ve-candan-akpa-baskani-petra-bayr-ile-gorustu\/#primaryimage"},"image":{"@id":"https:\/\/haberkuzey.com\/index.php\/2026\/04\/26\/tacoy-ve-candan-akpa-baskani-petra-bayr-ile-gorustu\/#primaryimage"},"thumbnailUrl":"https:\/\/haberkuzey.com\/wp-content\/uploads\/2026\/04\/1777190320534Tacoy-ve-Candan-AKPA.jpeg","datePublished":"2026-04-26T08:49:52+00:00","dateModified":"2026-04-26T08:50:00+00:00","author":{"@id":"https:\/\/haberkuzey.com\/#\/schema\/person\/3372109ec735f9333f4fa47ebb9605ca"},"breadcrumb":{"@id":"https:\/\/haberkuzey.com\/index.php\/2026\/04\/26\/tacoy-ve-candan-akpa-baskani-petra-bayr-ile-gorustu\/#breadcrumb"},"inLanguage":"tr","potentialAction":[{"@type":"ReadAction","target":["https:\/\/haberkuzey.com\/index.php\/2026\/04\/26\/tacoy-ve-candan-akpa-baskani-petra-bayr-ile-gorustu\/"]}]},{"@type":"ImageObject","inLanguage":"tr","@id":"https:\/\/haberkuzey.com\/index.php\/2026\/04\/26\/tacoy-ve-candan-akpa-baskani-petra-bayr-ile-gorustu\/#primaryimage","url":"https:\/\/haberkuzey.com\/wp-content\/uploads\/2026\/04\/1777190320534Tacoy-ve-Candan-AKPA.jpeg","contentUrl":"https:\/\/haberkuzey.com\/wp-content\/uploads\/2026\/04\/1777190320534Tacoy-ve-Candan-AKPA.jpeg","width":1600,"height":1110},{"@type":"BreadcrumbList","@id":"https:\/\/haberkuzey.com\/index.php\/2026\/04\/26\/tacoy-ve-candan-akpa-baskani-petra-bayr-ile-gorustu\/#breadcrumb","itemListElement":[{"@type":"ListItem","position":1,"name":"Anasayfa","item":"https:\/\/haberkuzey.com\/"},{"@type":"ListItem","position":2,"name":"Ta\u00e7oy ve Candan, AKPA Ba\u015fkan\u0131 Petra Bayr ile g\u00f6r\u00fc\u015ft\u00fc"}]},{"@type":"WebSite","@id":"https:\/\/haberkuzey.com\/#website","url":"https:\/\/haberkuzey.com\/","name":"Haber Kuzey","description":"Do\u011fru Haberin Adresi","potentialAction":[{"@type":"SearchAction","target":{"@type":"EntryPoint","urlTemplate":"https:\/\/haberkuzey.com\/?s={search_term_string}"},"query-input":{"@type":"PropertyValueSpecification","valueRequired":true,"valueName":"search_term_string"}}],"inLanguage":"tr"},{"@type":"Person","@id":"https:\/\/haberkuzey.com\/#\/schema\/person\/3372109ec735f9333f4fa47ebb9605ca","name":"haberkuzey","image":{"@type":"ImageObject","inLanguage":"tr","@id":"https:\/\/secure.gravatar.com\/avatar\/f5fc875574b1575324358c3b9e6a32b8227aa5b74f3fa22e3cadb63e26fcc39c?s=96&d=mm&r=g","url":"https:\/\/secure.gravatar.com\/avatar\/f5fc875574b1575324358c3b9e6a32b8227aa5b74f3fa22e3cadb63e26fcc39c?s=96&d=mm&r=g","contentUrl":"https:\/\/secure.gravatar.com\/avatar\/f5fc875574b1575324358c3b9e6a32b8227aa5b74f3fa22e3cadb63e26fcc39c?s=96&d=mm&r=g","caption":"haberkuzey"},"sameAs":["https:\/\/haberkuzey.com"],"url":"https:\/\/haberkuzey.com\/index.php\/author\/haberkuzey\/"}]}},"_links":{"self":[{"href":"https:\/\/haberkuzey.com\/index.php\/wp-json\/wp\/v2\/posts\/36385","targetHints":{"allow":["GET"]}}],"collection":[{"href":"https:\/\/haberkuzey.com\/index.php\/wp-json\/wp\/v2\/posts"}],"about":[{"href":"https:\/\/haberkuzey.com\/index.php\/wp-json\/wp\/v2\/types\/post"}],"author":[{"embeddable":true,"href":"https:\/\/haberkuzey.com\/index.php\/wp-json\/wp\/v2\/users\/1"}],"replies":[{"embeddable":true,"href":"https:\/\/haberkuzey.com\/index.php\/wp-json\/wp\/v2\/comments?post=36385"}],"version-history":[{"count":1,"href":"https:\/\/haberkuzey.com\/index.php\/wp-json\/wp\/v2\/posts\/36385\/revisions"}],"predecessor-version":[{"id":36387,"href":"https:\/\/haberkuzey.com\/index.php\/wp-json\/wp\/v2\/posts\/36385\/revisions\/36387"}],"wp:featuredmedia":[{"embeddable":true,"href":"https:\/\/haberkuzey.com\/index.php\/wp-json\/wp\/v2\/media\/36386"}],"wp:attachment":[{"href":"https:\/\/haberkuzey.com\/index.php\/wp-json\/wp\/v2\/media?parent=36385"}],"wp:term":[{"taxonomy":"category","embeddable":true,"href":"https:\/\/haberkuzey.com\/index.php\/wp-json\/wp\/v2\/categories?post=36385"},{"taxonomy":"post_tag","embeddable":true,"href":"https:\/\/haberkuzey.com\/index.php\/wp-json\/wp\/v2\/tags?post=36385"}],"curies":[{"name":"wp","href":"https:\/\/api.w.org\/{rel}","templated":true}]}}