{"id":36375,"date":"2026-04-26T11:31:36","date_gmt":"2026-04-26T08:31:36","guid":{"rendered":"https:\/\/haberkuzey.com\/index.php\/2026\/04\/26\/ustel-30-yilda-yapilmayani-4-yilda-tamamladik\/"},"modified":"2026-04-26T11:31:46","modified_gmt":"2026-04-26T08:31:46","slug":"ustel-30-yilda-yapilmayani-4-yilda-tamamladik","status":"publish","type":"post","link":"https:\/\/haberkuzey.com\/index.php\/2026\/04\/26\/ustel-30-yilda-yapilmayani-4-yilda-tamamladik\/","title":{"rendered":"\u00dcstel: 30 y\u0131lda yap\u0131lmayan\u0131 4 y\u0131lda tamamlad\u0131k"},"content":{"rendered":"<p>Ulusal Birlik Partisi Genel Ba\u015fkan\u0131, Ba\u015fbakan \u00dcnal \u00dcstel, k\u0131rsal kesim arsas\u0131 hak sahibi vatanda\u015flara y\u00f6nelik ger\u00e7ekle\u015ftirilen kura \u00e7ekimi sonras\u0131 arsa da\u011f\u0131t\u0131m t\u00f6renlerine kat\u0131ld\u0131. Mormenek\u015fe ve Beyarmudu b\u00f6lgelerinde d\u00fczenlenen t\u00f6renlerde, hak sahiplerine belgeleri teslim edildi.<br \/>\nDa\u011f\u0131t\u0131m kapsam\u0131nda Mormenek\u015fe\u2019ye 153, Akova\u2019ya 54, \u0130ncirli\u2019ye 21, \u0130n\u00f6n\u00fc\u2019ye 20, \u00c7ay\u00f6n\u00fc\u2019ne 43 ve T\u00fcrkmenk\u00f6y\u2019e 54 ki\u015fiye k\u0131rsal kesim arsas\u0131 verildi.<\/p>\n<p>\u201cH\u00dcK\u00dcMET OLARAK S\u00d6ZLER\u0130M\u0130Z\u0130 YER\u0130NE GET\u0130R\u0130YORUZ\u201d<br \/>\nBa\u015fbakan \u00dcnal \u00dcstel, g\u00f6reve geldikleri g\u00fcnden itibaren verdikleri t\u00fcm s\u00f6zleri yerine getirmenin gururunu ya\u015fad\u0131klar\u0131n\u0131 belirtti.<br \/>\n\u00dcstel, \u201cKKTC\u2019nin her k\u00f6\u015fesinde ya\u015fayan insan\u0131m\u0131za ne s\u00f6z verdiysek hepsini yerine getirmenin onurunu ya\u015f\u0131yoruz. 30 y\u0131lda yap\u0131lmayan projeleri 4 y\u0131lda tamamlad\u0131k\u201d dedi.<br \/>\nH\u00fck\u00fcmetin sa\u011fl\u0131k, turizm, tar\u0131m ve ekonomi ba\u015fta olmak \u00fczere bir\u00e7ok alanda \u00f6nemli projeleri hayata ge\u00e7irdi\u011fini ifade eden \u00dcstel, 2026 y\u0131l\u0131n\u0131n \u201cSa\u011fl\u0131k Y\u0131l\u0131\u201d ilan edildi\u011fini hat\u0131rlatt\u0131.<br \/>\nAltyap\u0131 yat\u0131r\u0131mlar\u0131n\u0131n h\u0131z kesmeden s\u00fcrd\u00fc\u011f\u00fcn\u00fc vurgulayan \u00dcstel, yol projelerinde de \u00f6nemli ilerlemeler kaydedildi\u011fini belirtti.<\/p>\n<p>GEN\u00c7LERE \u00d6NCEL\u0130K, GELECE\u011eE YATIRIM<br \/>\nGen\u00e7lerin b\u00f6lgelerinde kalmas\u0131 ve topraklar\u0131na k\u00f6k salmalar\u0131 i\u00e7in k\u0131rsal kesim arsas\u0131 ve sosyal konut projelerine \u00f6ncelik verdiklerini dile getiren \u00dcstel, d\u00fc\u015f\u00fck faizli kredi imkanlar\u0131n\u0131n da sunuldu\u011funu s\u00f6yledi.<br \/>\nAnavatan T\u00fcrkiye Cumhuriyeti ile y\u00fcr\u00fct\u00fclen i\u015f birli\u011fi ve mali protokoller sayesinde su ve altyap\u0131 yat\u0131r\u0131mlar\u0131n\u0131n g\u00fc\u00e7lendirildi\u011fini belirten \u00dcstel, \u00fclkenin d\u00f6rt bir yan\u0131nda kalk\u0131nma hamlesinin s\u00fcrd\u00fc\u011f\u00fcn\u00fc ifade etti.<br \/>\nK\u0131rsal kesimde ya\u015fayan vatanda\u015flar\u0131n ya\u015fam standartlar\u0131n\u0131 y\u00fckseltmenin h\u00fck\u00fcmetin \u00f6ncelikleri aras\u0131nda oldu\u011funu vurgulayan \u00dcstel, g\u00fc\u00e7l\u00fc bir \u00fclkenin k\u00f6yleriyle birlikte b\u00fcy\u00fcyece\u011fini ifade etti.<br \/>\nK\u0131rsal kesim projelerinin en \u00f6nemli hedeflerinden birinin gen\u00e7leri k\u00f6ylerinde tutmak oldu\u011funu belirten \u00dcstel, \u201cGen\u00e7lerimizin kendi topraklar\u0131nda ya\u015fam kurmas\u0131n\u0131, \u00fcretmesini ve gelece\u011fe g\u00fcvenle bakmas\u0131n\u0131 istiyoruz\u201d dedi.<br \/>\nG\u00f6\u00e7 veren de\u011fil, b\u00fcy\u00fcyen ve g\u00fc\u00e7lenen bir k\u0131rsal yap\u0131 hedeflediklerini vurgulayan \u00dcstel, \u00f6n\u00fcm\u00fczdeki d\u00f6nemde bu projelerin daha da geni\u015fletilece\u011fini s\u00f6yledi.<\/p>\n<p>\u201cH\u0130\u00c7 K\u0130MSEY\u0130 GER\u0130DE BIRAKMAYACA\u011eIZ\u201d<br \/>\nKonu\u015fmas\u0131n\u0131n sonunda arsa sahibi olan vatanda\u015flar\u0131 tebrik eden \u00dcstel, \u201cVatanda\u015f\u0131m\u0131za verdi\u011fimiz her s\u00f6z bizim i\u00e7in namustur. Kimseyi geride b\u0131rakmadan \u00fclkemizin her k\u00f6\u015fesine hizmet g\u00f6t\u00fcrmeye devam edece\u011fiz\u201d ifadelerini kulland\u0131.<\/p>\n","protected":false},"excerpt":{"rendered":"<p>Ulusal Birlik Partisi Genel Ba\u015fkan\u0131, Ba\u015fbakan \u00dcnal \u00dcstel, k\u0131rsal kesim arsas\u0131 hak sahibi vatanda\u015flara y\u00f6nelik ger\u00e7ekle\u015ftirilen kura \u00e7ekimi sonras\u0131 arsa da\u011f\u0131t\u0131m t\u00f6renlerine kat\u0131ld\u0131. Mormenek\u015fe ve Beyarmudu b\u00f6lgelerinde d\u00fczenlenen t\u00f6renlerde, hak sahiplerine belgeleri teslim edildi. Da\u011f\u0131t\u0131m kapsam\u0131nda Mormenek\u015fe\u2019ye 153, Akova\u2019ya 54, \u0130ncirli\u2019ye 21, \u0130n\u00f6n\u00fc\u2019ye 20, \u00c7ay\u00f6n\u00fc\u2019ne 43 ve T\u00fcrkmenk\u00f6y\u2019e 54 ki\u015fiye k\u0131rsal kesim arsas\u0131 verildi. \u201cH\u00dcK\u00dcMET [&hellip;]<\/p>\n","protected":false},"author":1,"featured_media":36376,"comment_status":"open","ping_status":"open","sticky":false,"template":"","format":"standard","meta":{"jnews-multi-image_gallery":[],"jnews_single_post":[],"jnews_primary_category":[],"footnotes":""},"categories":[1],"tags":[],"class_list":["post-36375","post","type-post","status-publish","format-standard","has-post-thumbnail","hentry","category-kibris"],"yoast_head":"<!-- This site is optimized with the Yoast SEO plugin v27.4 - https:\/\/yoast.com\/product\/yoast-seo-wordpress\/ -->\n<title>\u00dcstel: 30 y\u0131lda yap\u0131lmayan\u0131 4 y\u0131lda tamamlad\u0131k - Haber Kuzey<\/title>\n<meta name=\"robots\" content=\"index, follow, max-snippet:-1, max-image-preview:large, max-video-preview:-1\" \/>\n<link rel=\"canonical\" href=\"https:\/\/haberkuzey.com\/index.php\/2026\/04\/26\/ustel-30-yilda-yapilmayani-4-yilda-tamamladik\/\" \/>\n<meta property=\"og:locale\" content=\"tr_TR\" \/>\n<meta property=\"og:type\" content=\"article\" \/>\n<meta property=\"og:title\" content=\"\u00dcstel: 30 y\u0131lda yap\u0131lmayan\u0131 4 y\u0131lda tamamlad\u0131k - Haber Kuzey\" \/>\n<meta property=\"og:description\" content=\"Ulusal Birlik Partisi Genel Ba\u015fkan\u0131, Ba\u015fbakan \u00dcnal \u00dcstel, k\u0131rsal kesim arsas\u0131 hak sahibi vatanda\u015flara y\u00f6nelik ger\u00e7ekle\u015ftirilen kura \u00e7ekimi sonras\u0131 arsa da\u011f\u0131t\u0131m t\u00f6renlerine kat\u0131ld\u0131. Mormenek\u015fe ve Beyarmudu b\u00f6lgelerinde d\u00fczenlenen t\u00f6renlerde, hak sahiplerine belgeleri teslim edildi. Da\u011f\u0131t\u0131m kapsam\u0131nda Mormenek\u015fe\u2019ye 153, Akova\u2019ya 54, \u0130ncirli\u2019ye 21, \u0130n\u00f6n\u00fc\u2019ye 20, \u00c7ay\u00f6n\u00fc\u2019ne 43 ve T\u00fcrkmenk\u00f6y\u2019e 54 ki\u015fiye k\u0131rsal kesim arsas\u0131 verildi. \u201cH\u00dcK\u00dcMET [&hellip;]\" \/>\n<meta property=\"og:url\" content=\"https:\/\/haberkuzey.com\/index.php\/2026\/04\/26\/ustel-30-yilda-yapilmayani-4-yilda-tamamladik\/\" \/>\n<meta property=\"og:site_name\" content=\"Haber Kuzey\" \/>\n<meta property=\"article:published_time\" content=\"2026-04-26T08:31:36+00:00\" \/>\n<meta property=\"article:modified_time\" content=\"2026-04-26T08:31:46+00:00\" \/>\n<meta property=\"og:image\" content=\"https:\/\/haberkuzey.com\/wp-content\/uploads\/2026\/04\/WhatsApp-Image-2026-04-26-at-11.25.35.jpeg\" \/>\n\t<meta property=\"og:image:width\" content=\"1600\" \/>\n\t<meta property=\"og:image:height\" content=\"1066\" \/>\n\t<meta property=\"og:image:type\" content=\"image\/jpeg\" \/>\n<meta name=\"author\" content=\"haberkuzey\" \/>\n<meta name=\"twitter:card\" content=\"summary_large_image\" \/>\n<meta name=\"twitter:label1\" content=\"Yazan:\" \/>\n\t<meta name=\"twitter:data1\" content=\"haberkuzey\" \/>\n\t<meta name=\"twitter:label2\" content=\"Tahmini okuma s\u00fcresi\" \/>\n\t<meta name=\"twitter:data2\" content=\"2 dakika\" \/>\n<script type=\"application\/ld+json\" class=\"yoast-schema-graph\">{\"@context\":\"https:\\\/\\\/schema.org\",\"@graph\":[{\"@type\":\"Article\",\"@id\":\"https:\\\/\\\/haberkuzey.com\\\/index.php\\\/2026\\\/04\\\/26\\\/ustel-30-yilda-yapilmayani-4-yilda-tamamladik\\\/#article\",\"isPartOf\":{\"@id\":\"https:\\\/\\\/haberkuzey.com\\\/index.php\\\/2026\\\/04\\\/26\\\/ustel-30-yilda-yapilmayani-4-yilda-tamamladik\\\/\"},\"author\":{\"name\":\"haberkuzey\",\"@id\":\"https:\\\/\\\/haberkuzey.com\\\/#\\\/schema\\\/person\\\/3372109ec735f9333f4fa47ebb9605ca\"},\"headline\":\"\u00dcstel: 30 y\u0131lda yap\u0131lmayan\u0131 4 y\u0131lda tamamlad\u0131k\",\"datePublished\":\"2026-04-26T08:31:36+00:00\",\"dateModified\":\"2026-04-26T08:31:46+00:00\",\"mainEntityOfPage\":{\"@id\":\"https:\\\/\\\/haberkuzey.com\\\/index.php\\\/2026\\\/04\\\/26\\\/ustel-30-yilda-yapilmayani-4-yilda-tamamladik\\\/\"},\"wordCount\":459,\"commentCount\":0,\"image\":{\"@id\":\"https:\\\/\\\/haberkuzey.com\\\/index.php\\\/2026\\\/04\\\/26\\\/ustel-30-yilda-yapilmayani-4-yilda-tamamladik\\\/#primaryimage\"},\"thumbnailUrl\":\"https:\\\/\\\/haberkuzey.com\\\/wp-content\\\/uploads\\\/2026\\\/04\\\/WhatsApp-Image-2026-04-26-at-11.25.35.jpeg\",\"articleSection\":[\"K\u0131br\u0131s\"],\"inLanguage\":\"tr\",\"potentialAction\":[{\"@type\":\"CommentAction\",\"name\":\"Comment\",\"target\":[\"https:\\\/\\\/haberkuzey.com\\\/index.php\\\/2026\\\/04\\\/26\\\/ustel-30-yilda-yapilmayani-4-yilda-tamamladik\\\/#respond\"]}]},{\"@type\":\"WebPage\",\"@id\":\"https:\\\/\\\/haberkuzey.com\\\/index.php\\\/2026\\\/04\\\/26\\\/ustel-30-yilda-yapilmayani-4-yilda-tamamladik\\\/\",\"url\":\"https:\\\/\\\/haberkuzey.com\\\/index.php\\\/2026\\\/04\\\/26\\\/ustel-30-yilda-yapilmayani-4-yilda-tamamladik\\\/\",\"name\":\"\u00dcstel: 30 y\u0131lda yap\u0131lmayan\u0131 4 y\u0131lda tamamlad\u0131k - Haber Kuzey\",\"isPartOf\":{\"@id\":\"https:\\\/\\\/haberkuzey.com\\\/#website\"},\"primaryImageOfPage\":{\"@id\":\"https:\\\/\\\/haberkuzey.com\\\/index.php\\\/2026\\\/04\\\/26\\\/ustel-30-yilda-yapilmayani-4-yilda-tamamladik\\\/#primaryimage\"},\"image\":{\"@id\":\"https:\\\/\\\/haberkuzey.com\\\/index.php\\\/2026\\\/04\\\/26\\\/ustel-30-yilda-yapilmayani-4-yilda-tamamladik\\\/#primaryimage\"},\"thumbnailUrl\":\"https:\\\/\\\/haberkuzey.com\\\/wp-content\\\/uploads\\\/2026\\\/04\\\/WhatsApp-Image-2026-04-26-at-11.25.35.jpeg\",\"datePublished\":\"2026-04-26T08:31:36+00:00\",\"dateModified\":\"2026-04-26T08:31:46+00:00\",\"author\":{\"@id\":\"https:\\\/\\\/haberkuzey.com\\\/#\\\/schema\\\/person\\\/3372109ec735f9333f4fa47ebb9605ca\"},\"breadcrumb\":{\"@id\":\"https:\\\/\\\/haberkuzey.com\\\/index.php\\\/2026\\\/04\\\/26\\\/ustel-30-yilda-yapilmayani-4-yilda-tamamladik\\\/#breadcrumb\"},\"inLanguage\":\"tr\",\"potentialAction\":[{\"@type\":\"ReadAction\",\"target\":[\"https:\\\/\\\/haberkuzey.com\\\/index.php\\\/2026\\\/04\\\/26\\\/ustel-30-yilda-yapilmayani-4-yilda-tamamladik\\\/\"]}]},{\"@type\":\"ImageObject\",\"inLanguage\":\"tr\",\"@id\":\"https:\\\/\\\/haberkuzey.com\\\/index.php\\\/2026\\\/04\\\/26\\\/ustel-30-yilda-yapilmayani-4-yilda-tamamladik\\\/#primaryimage\",\"url\":\"https:\\\/\\\/haberkuzey.com\\\/wp-content\\\/uploads\\\/2026\\\/04\\\/WhatsApp-Image-2026-04-26-at-11.25.35.jpeg\",\"contentUrl\":\"https:\\\/\\\/haberkuzey.com\\\/wp-content\\\/uploads\\\/2026\\\/04\\\/WhatsApp-Image-2026-04-26-at-11.25.35.jpeg\",\"width\":1600,\"height\":1066},{\"@type\":\"BreadcrumbList\",\"@id\":\"https:\\\/\\\/haberkuzey.com\\\/index.php\\\/2026\\\/04\\\/26\\\/ustel-30-yilda-yapilmayani-4-yilda-tamamladik\\\/#breadcrumb\",\"itemListElement\":[{\"@type\":\"ListItem\",\"position\":1,\"name\":\"Anasayfa\",\"item\":\"https:\\\/\\\/haberkuzey.com\\\/\"},{\"@type\":\"ListItem\",\"position\":2,\"name\":\"\u00dcstel: 30 y\u0131lda yap\u0131lmayan\u0131 4 y\u0131lda tamamlad\u0131k\"}]},{\"@type\":\"WebSite\",\"@id\":\"https:\\\/\\\/haberkuzey.com\\\/#website\",\"url\":\"https:\\\/\\\/haberkuzey.com\\\/\",\"name\":\"Haber Kuzey\",\"description\":\"Do\u011fru Haberin Adresi\",\"potentialAction\":[{\"@type\":\"SearchAction\",\"target\":{\"@type\":\"EntryPoint\",\"urlTemplate\":\"https:\\\/\\\/haberkuzey.com\\\/?s={search_term_string}\"},\"query-input\":{\"@type\":\"PropertyValueSpecification\",\"valueRequired\":true,\"valueName\":\"search_term_string\"}}],\"inLanguage\":\"tr\"},{\"@type\":\"Person\",\"@id\":\"https:\\\/\\\/haberkuzey.com\\\/#\\\/schema\\\/person\\\/3372109ec735f9333f4fa47ebb9605ca\",\"name\":\"haberkuzey\",\"image\":{\"@type\":\"ImageObject\",\"inLanguage\":\"tr\",\"@id\":\"https:\\\/\\\/secure.gravatar.com\\\/avatar\\\/f5fc875574b1575324358c3b9e6a32b8227aa5b74f3fa22e3cadb63e26fcc39c?s=96&d=mm&r=g\",\"url\":\"https:\\\/\\\/secure.gravatar.com\\\/avatar\\\/f5fc875574b1575324358c3b9e6a32b8227aa5b74f3fa22e3cadb63e26fcc39c?s=96&d=mm&r=g\",\"contentUrl\":\"https:\\\/\\\/secure.gravatar.com\\\/avatar\\\/f5fc875574b1575324358c3b9e6a32b8227aa5b74f3fa22e3cadb63e26fcc39c?s=96&d=mm&r=g\",\"caption\":\"haberkuzey\"},\"sameAs\":[\"https:\\\/\\\/haberkuzey.com\"],\"url\":\"https:\\\/\\\/haberkuzey.com\\\/index.php\\\/author\\\/haberkuzey\\\/\"}]}<\/script>\n<!-- \/ Yoast SEO plugin. -->","yoast_head_json":{"title":"\u00dcstel: 30 y\u0131lda yap\u0131lmayan\u0131 4 y\u0131lda tamamlad\u0131k - Haber Kuzey","robots":{"index":"index","follow":"follow","max-snippet":"max-snippet:-1","max-image-preview":"max-image-preview:large","max-video-preview":"max-video-preview:-1"},"canonical":"https:\/\/haberkuzey.com\/index.php\/2026\/04\/26\/ustel-30-yilda-yapilmayani-4-yilda-tamamladik\/","og_locale":"tr_TR","og_type":"article","og_title":"\u00dcstel: 30 y\u0131lda yap\u0131lmayan\u0131 4 y\u0131lda tamamlad\u0131k - Haber Kuzey","og_description":"Ulusal Birlik Partisi Genel Ba\u015fkan\u0131, Ba\u015fbakan \u00dcnal \u00dcstel, k\u0131rsal kesim arsas\u0131 hak sahibi vatanda\u015flara y\u00f6nelik ger\u00e7ekle\u015ftirilen kura \u00e7ekimi sonras\u0131 arsa da\u011f\u0131t\u0131m t\u00f6renlerine kat\u0131ld\u0131. Mormenek\u015fe ve Beyarmudu b\u00f6lgelerinde d\u00fczenlenen t\u00f6renlerde, hak sahiplerine belgeleri teslim edildi. Da\u011f\u0131t\u0131m kapsam\u0131nda Mormenek\u015fe\u2019ye 153, Akova\u2019ya 54, \u0130ncirli\u2019ye 21, \u0130n\u00f6n\u00fc\u2019ye 20, \u00c7ay\u00f6n\u00fc\u2019ne 43 ve T\u00fcrkmenk\u00f6y\u2019e 54 ki\u015fiye k\u0131rsal kesim arsas\u0131 verildi. \u201cH\u00dcK\u00dcMET [&hellip;]","og_url":"https:\/\/haberkuzey.com\/index.php\/2026\/04\/26\/ustel-30-yilda-yapilmayani-4-yilda-tamamladik\/","og_site_name":"Haber Kuzey","article_published_time":"2026-04-26T08:31:36+00:00","article_modified_time":"2026-04-26T08:31:46+00:00","og_image":[{"width":1600,"height":1066,"url":"https:\/\/haberkuzey.com\/wp-content\/uploads\/2026\/04\/WhatsApp-Image-2026-04-26-at-11.25.35.jpeg","type":"image\/jpeg"}],"author":"haberkuzey","twitter_card":"summary_large_image","twitter_misc":{"Yazan:":"haberkuzey","Tahmini okuma s\u00fcresi":"2 dakika"},"schema":{"@context":"https:\/\/schema.org","@graph":[{"@type":"Article","@id":"https:\/\/haberkuzey.com\/index.php\/2026\/04\/26\/ustel-30-yilda-yapilmayani-4-yilda-tamamladik\/#article","isPartOf":{"@id":"https:\/\/haberkuzey.com\/index.php\/2026\/04\/26\/ustel-30-yilda-yapilmayani-4-yilda-tamamladik\/"},"author":{"name":"haberkuzey","@id":"https:\/\/haberkuzey.com\/#\/schema\/person\/3372109ec735f9333f4fa47ebb9605ca"},"headline":"\u00dcstel: 30 y\u0131lda yap\u0131lmayan\u0131 4 y\u0131lda tamamlad\u0131k","datePublished":"2026-04-26T08:31:36+00:00","dateModified":"2026-04-26T08:31:46+00:00","mainEntityOfPage":{"@id":"https:\/\/haberkuzey.com\/index.php\/2026\/04\/26\/ustel-30-yilda-yapilmayani-4-yilda-tamamladik\/"},"wordCount":459,"commentCount":0,"image":{"@id":"https:\/\/haberkuzey.com\/index.php\/2026\/04\/26\/ustel-30-yilda-yapilmayani-4-yilda-tamamladik\/#primaryimage"},"thumbnailUrl":"https:\/\/haberkuzey.com\/wp-content\/uploads\/2026\/04\/WhatsApp-Image-2026-04-26-at-11.25.35.jpeg","articleSection":["K\u0131br\u0131s"],"inLanguage":"tr","potentialAction":[{"@type":"CommentAction","name":"Comment","target":["https:\/\/haberkuzey.com\/index.php\/2026\/04\/26\/ustel-30-yilda-yapilmayani-4-yilda-tamamladik\/#respond"]}]},{"@type":"WebPage","@id":"https:\/\/haberkuzey.com\/index.php\/2026\/04\/26\/ustel-30-yilda-yapilmayani-4-yilda-tamamladik\/","url":"https:\/\/haberkuzey.com\/index.php\/2026\/04\/26\/ustel-30-yilda-yapilmayani-4-yilda-tamamladik\/","name":"\u00dcstel: 30 y\u0131lda yap\u0131lmayan\u0131 4 y\u0131lda tamamlad\u0131k - Haber Kuzey","isPartOf":{"@id":"https:\/\/haberkuzey.com\/#website"},"primaryImageOfPage":{"@id":"https:\/\/haberkuzey.com\/index.php\/2026\/04\/26\/ustel-30-yilda-yapilmayani-4-yilda-tamamladik\/#primaryimage"},"image":{"@id":"https:\/\/haberkuzey.com\/index.php\/2026\/04\/26\/ustel-30-yilda-yapilmayani-4-yilda-tamamladik\/#primaryimage"},"thumbnailUrl":"https:\/\/haberkuzey.com\/wp-content\/uploads\/2026\/04\/WhatsApp-Image-2026-04-26-at-11.25.35.jpeg","datePublished":"2026-04-26T08:31:36+00:00","dateModified":"2026-04-26T08:31:46+00:00","author":{"@id":"https:\/\/haberkuzey.com\/#\/schema\/person\/3372109ec735f9333f4fa47ebb9605ca"},"breadcrumb":{"@id":"https:\/\/haberkuzey.com\/index.php\/2026\/04\/26\/ustel-30-yilda-yapilmayani-4-yilda-tamamladik\/#breadcrumb"},"inLanguage":"tr","potentialAction":[{"@type":"ReadAction","target":["https:\/\/haberkuzey.com\/index.php\/2026\/04\/26\/ustel-30-yilda-yapilmayani-4-yilda-tamamladik\/"]}]},{"@type":"ImageObject","inLanguage":"tr","@id":"https:\/\/haberkuzey.com\/index.php\/2026\/04\/26\/ustel-30-yilda-yapilmayani-4-yilda-tamamladik\/#primaryimage","url":"https:\/\/haberkuzey.com\/wp-content\/uploads\/2026\/04\/WhatsApp-Image-2026-04-26-at-11.25.35.jpeg","contentUrl":"https:\/\/haberkuzey.com\/wp-content\/uploads\/2026\/04\/WhatsApp-Image-2026-04-26-at-11.25.35.jpeg","width":1600,"height":1066},{"@type":"BreadcrumbList","@id":"https:\/\/haberkuzey.com\/index.php\/2026\/04\/26\/ustel-30-yilda-yapilmayani-4-yilda-tamamladik\/#breadcrumb","itemListElement":[{"@type":"ListItem","position":1,"name":"Anasayfa","item":"https:\/\/haberkuzey.com\/"},{"@type":"ListItem","position":2,"name":"\u00dcstel: 30 y\u0131lda yap\u0131lmayan\u0131 4 y\u0131lda tamamlad\u0131k"}]},{"@type":"WebSite","@id":"https:\/\/haberkuzey.com\/#website","url":"https:\/\/haberkuzey.com\/","name":"Haber Kuzey","description":"Do\u011fru Haberin Adresi","potentialAction":[{"@type":"SearchAction","target":{"@type":"EntryPoint","urlTemplate":"https:\/\/haberkuzey.com\/?s={search_term_string}"},"query-input":{"@type":"PropertyValueSpecification","valueRequired":true,"valueName":"search_term_string"}}],"inLanguage":"tr"},{"@type":"Person","@id":"https:\/\/haberkuzey.com\/#\/schema\/person\/3372109ec735f9333f4fa47ebb9605ca","name":"haberkuzey","image":{"@type":"ImageObject","inLanguage":"tr","@id":"https:\/\/secure.gravatar.com\/avatar\/f5fc875574b1575324358c3b9e6a32b8227aa5b74f3fa22e3cadb63e26fcc39c?s=96&d=mm&r=g","url":"https:\/\/secure.gravatar.com\/avatar\/f5fc875574b1575324358c3b9e6a32b8227aa5b74f3fa22e3cadb63e26fcc39c?s=96&d=mm&r=g","contentUrl":"https:\/\/secure.gravatar.com\/avatar\/f5fc875574b1575324358c3b9e6a32b8227aa5b74f3fa22e3cadb63e26fcc39c?s=96&d=mm&r=g","caption":"haberkuzey"},"sameAs":["https:\/\/haberkuzey.com"],"url":"https:\/\/haberkuzey.com\/index.php\/author\/haberkuzey\/"}]}},"_links":{"self":[{"href":"https:\/\/haberkuzey.com\/index.php\/wp-json\/wp\/v2\/posts\/36375","targetHints":{"allow":["GET"]}}],"collection":[{"href":"https:\/\/haberkuzey.com\/index.php\/wp-json\/wp\/v2\/posts"}],"about":[{"href":"https:\/\/haberkuzey.com\/index.php\/wp-json\/wp\/v2\/types\/post"}],"author":[{"embeddable":true,"href":"https:\/\/haberkuzey.com\/index.php\/wp-json\/wp\/v2\/users\/1"}],"replies":[{"embeddable":true,"href":"https:\/\/haberkuzey.com\/index.php\/wp-json\/wp\/v2\/comments?post=36375"}],"version-history":[{"count":1,"href":"https:\/\/haberkuzey.com\/index.php\/wp-json\/wp\/v2\/posts\/36375\/revisions"}],"predecessor-version":[{"id":36377,"href":"https:\/\/haberkuzey.com\/index.php\/wp-json\/wp\/v2\/posts\/36375\/revisions\/36377"}],"wp:featuredmedia":[{"embeddable":true,"href":"https:\/\/haberkuzey.com\/index.php\/wp-json\/wp\/v2\/media\/36376"}],"wp:attachment":[{"href":"https:\/\/haberkuzey.com\/index.php\/wp-json\/wp\/v2\/media?parent=36375"}],"wp:term":[{"taxonomy":"category","embeddable":true,"href":"https:\/\/haberkuzey.com\/index.php\/wp-json\/wp\/v2\/categories?post=36375"},{"taxonomy":"post_tag","embeddable":true,"href":"https:\/\/haberkuzey.com\/index.php\/wp-json\/wp\/v2\/tags?post=36375"}],"curies":[{"name":"wp","href":"https:\/\/api.w.org\/{rel}","templated":true}]}}