{"id":36371,"date":"2026-04-26T10:41:02","date_gmt":"2026-04-26T07:41:02","guid":{"rendered":"https:\/\/haberkuzey.com\/index.php\/2026\/04\/26\/meclis-genel-kurulu-yarin-toplanacak-11\/"},"modified":"2026-04-26T10:41:12","modified_gmt":"2026-04-26T07:41:12","slug":"meclis-genel-kurulu-yarin-toplanacak-11","status":"publish","type":"post","link":"https:\/\/haberkuzey.com\/index.php\/2026\/04\/26\/meclis-genel-kurulu-yarin-toplanacak-11\/","title":{"rendered":"Meclis Genel Kurulu yar\u0131n toplanacak"},"content":{"rendered":"<p style=\"font-weight: 300\"><span style=\"font-weight: 300 !important\">Cumhuriyet Meclisi Genel Kurulu yar\u0131n yasama g\u00f6reviyle toplanacak.\u00a0<\/span><\/p>\n<p style=\"font-weight: 300\"><span style=\"font-weight: 300 !important\">Meclis Ba\u015fkan\u0131 Ziya \u00d6zt\u00fcrkler ba\u015fkanl\u0131\u011f\u0131ndaki 41\u2019inci birle\u015fimin saat 10.00\u2019da yap\u0131lmas\u0131 bekleniyor.<\/span><\/p>\n<p style=\"font-weight: 300\"><span style=\"font-weight: 300 !important\">Genel Kurul&#8217;un g\u00fcndeminde,<\/span>\u00a0<span style=\"font-weight: 300 !important\">Kuzey K\u0131br\u0131s T\u00fcrk Cumhuriyeti H\u00fck\u00fcmeti ile T\u00fcrkiye Cumhuriyeti H\u00fck\u00fcmeti Aras\u0131nda Ulusal S\u00fcr\u00fcc\u00fc Belgelerinin\/S\u00fcr\u00fc\u015f Ehliyetlerinin Kar\u015f\u0131l\u0131kl\u0131 Olarak Tan\u0131nmas\u0131 ve De\u011fi\u015fimi Anla\u015fmas\u0131nda De\u011fi\u015fiklik Yap\u0131lmas\u0131na Dair Anla\u015fma (Onay) Yasa Tasar\u0131s\u0131 yer al\u0131yor.<\/span><\/p>\n<p style=\"font-weight: 300\"><span style=\"font-weight: 300 !important\">Bunun yan\u0131nda, Say\u0131\u015ftay Komitesi\u2019nin, Devlet \u00dcretme \u00c7iftliklerinde Yasa ve T\u00fcz\u00fcklere Uyulup Uyulmad\u0131\u011f\u0131 Konusunda Say\u0131\u015ftay Denetim Raporu g\u00f6r\u00fc\u015f\u00fclecek.<\/span><\/p>\n<p style=\"font-weight: 300\"><span style=\"font-weight: 300 !important\">Genel Kurul\u2019da, Mahkemeler (De\u011fi\u015fiklik) Yasa Tasar\u0131s\u0131\u2019n\u0131n \u00fc\u00e7\u00fcnc\u00fc g\u00f6r\u00fc\u015fmesi de yap\u0131lacak.<\/span><\/p>\n","protected":false},"excerpt":{"rendered":"<p>Cumhuriyet Meclisi Genel Kurulu yar\u0131n yasama g\u00f6reviyle toplanacak.\u00a0 Meclis Ba\u015fkan\u0131 Ziya \u00d6zt\u00fcrkler ba\u015fkanl\u0131\u011f\u0131ndaki 41\u2019inci birle\u015fimin saat 10.00\u2019da yap\u0131lmas\u0131 bekleniyor. Genel Kurul&#8217;un g\u00fcndeminde,\u00a0Kuzey K\u0131br\u0131s T\u00fcrk Cumhuriyeti H\u00fck\u00fcmeti ile T\u00fcrkiye Cumhuriyeti H\u00fck\u00fcmeti Aras\u0131nda Ulusal S\u00fcr\u00fcc\u00fc Belgelerinin\/S\u00fcr\u00fc\u015f Ehliyetlerinin Kar\u015f\u0131l\u0131kl\u0131 Olarak Tan\u0131nmas\u0131 ve De\u011fi\u015fimi Anla\u015fmas\u0131nda De\u011fi\u015fiklik Yap\u0131lmas\u0131na Dair Anla\u015fma (Onay) Yasa Tasar\u0131s\u0131 yer al\u0131yor. Bunun yan\u0131nda, Say\u0131\u015ftay Komitesi\u2019nin, Devlet [&hellip;]<\/p>\n","protected":false},"author":1,"featured_media":36372,"comment_status":"open","ping_status":"open","sticky":false,"template":"","format":"standard","meta":{"jnews-multi-image_gallery":[],"jnews_single_post":[],"jnews_primary_category":[],"footnotes":""},"categories":[1],"tags":[],"class_list":["post-36371","post","type-post","status-publish","format-standard","has-post-thumbnail","hentry","category-kibris"],"yoast_head":"<!-- This site is optimized with the Yoast SEO plugin v27.4 - https:\/\/yoast.com\/product\/yoast-seo-wordpress\/ -->\n<title>Meclis Genel Kurulu yar\u0131n toplanacak - Haber Kuzey<\/title>\n<meta name=\"robots\" content=\"index, follow, max-snippet:-1, max-image-preview:large, max-video-preview:-1\" \/>\n<link rel=\"canonical\" href=\"https:\/\/haberkuzey.com\/index.php\/2026\/04\/26\/meclis-genel-kurulu-yarin-toplanacak-11\/\" \/>\n<meta property=\"og:locale\" content=\"tr_TR\" \/>\n<meta property=\"og:type\" content=\"article\" \/>\n<meta property=\"og:title\" content=\"Meclis Genel Kurulu yar\u0131n toplanacak - Haber Kuzey\" \/>\n<meta property=\"og:description\" content=\"Cumhuriyet Meclisi Genel Kurulu yar\u0131n yasama g\u00f6reviyle toplanacak.\u00a0 Meclis Ba\u015fkan\u0131 Ziya \u00d6zt\u00fcrkler ba\u015fkanl\u0131\u011f\u0131ndaki 41\u2019inci birle\u015fimin saat 10.00\u2019da yap\u0131lmas\u0131 bekleniyor. Genel Kurul&#8217;un g\u00fcndeminde,\u00a0Kuzey K\u0131br\u0131s T\u00fcrk Cumhuriyeti H\u00fck\u00fcmeti ile T\u00fcrkiye Cumhuriyeti H\u00fck\u00fcmeti Aras\u0131nda Ulusal S\u00fcr\u00fcc\u00fc Belgelerinin\/S\u00fcr\u00fc\u015f Ehliyetlerinin Kar\u015f\u0131l\u0131kl\u0131 Olarak Tan\u0131nmas\u0131 ve De\u011fi\u015fimi Anla\u015fmas\u0131nda De\u011fi\u015fiklik Yap\u0131lmas\u0131na Dair Anla\u015fma (Onay) Yasa Tasar\u0131s\u0131 yer al\u0131yor. Bunun yan\u0131nda, Say\u0131\u015ftay Komitesi\u2019nin, Devlet [&hellip;]\" \/>\n<meta property=\"og:url\" content=\"https:\/\/haberkuzey.com\/index.php\/2026\/04\/26\/meclis-genel-kurulu-yarin-toplanacak-11\/\" \/>\n<meta property=\"og:site_name\" content=\"Haber Kuzey\" \/>\n<meta property=\"article:published_time\" content=\"2026-04-26T07:41:02+00:00\" \/>\n<meta property=\"article:modified_time\" content=\"2026-04-26T07:41:12+00:00\" \/>\n<meta property=\"og:image\" content=\"https:\/\/haberkuzey.com\/wp-content\/uploads\/2026\/04\/1767519873327yeni-meclis-genis-goruntu.jpg\" \/>\n\t<meta property=\"og:image:width\" content=\"1574\" \/>\n\t<meta property=\"og:image:height\" content=\"1005\" \/>\n\t<meta property=\"og:image:type\" content=\"image\/jpeg\" \/>\n<meta name=\"author\" content=\"haberkuzey\" \/>\n<meta name=\"twitter:card\" content=\"summary_large_image\" \/>\n<meta name=\"twitter:label1\" content=\"Yazan:\" \/>\n\t<meta name=\"twitter:data1\" content=\"haberkuzey\" \/>\n\t<meta name=\"twitter:label2\" content=\"Tahmini okuma s\u00fcresi\" \/>\n\t<meta name=\"twitter:data2\" content=\"1 dakika\" \/>\n<script type=\"application\/ld+json\" class=\"yoast-schema-graph\">{\"@context\":\"https:\\\/\\\/schema.org\",\"@graph\":[{\"@type\":\"Article\",\"@id\":\"https:\\\/\\\/haberkuzey.com\\\/index.php\\\/2026\\\/04\\\/26\\\/meclis-genel-kurulu-yarin-toplanacak-11\\\/#article\",\"isPartOf\":{\"@id\":\"https:\\\/\\\/haberkuzey.com\\\/index.php\\\/2026\\\/04\\\/26\\\/meclis-genel-kurulu-yarin-toplanacak-11\\\/\"},\"author\":{\"name\":\"haberkuzey\",\"@id\":\"https:\\\/\\\/haberkuzey.com\\\/#\\\/schema\\\/person\\\/3372109ec735f9333f4fa47ebb9605ca\"},\"headline\":\"Meclis Genel Kurulu yar\u0131n toplanacak\",\"datePublished\":\"2026-04-26T07:41:02+00:00\",\"dateModified\":\"2026-04-26T07:41:12+00:00\",\"mainEntityOfPage\":{\"@id\":\"https:\\\/\\\/haberkuzey.com\\\/index.php\\\/2026\\\/04\\\/26\\\/meclis-genel-kurulu-yarin-toplanacak-11\\\/\"},\"wordCount\":138,\"commentCount\":0,\"image\":{\"@id\":\"https:\\\/\\\/haberkuzey.com\\\/index.php\\\/2026\\\/04\\\/26\\\/meclis-genel-kurulu-yarin-toplanacak-11\\\/#primaryimage\"},\"thumbnailUrl\":\"https:\\\/\\\/haberkuzey.com\\\/wp-content\\\/uploads\\\/2026\\\/04\\\/1767519873327yeni-meclis-genis-goruntu.jpg\",\"articleSection\":[\"K\u0131br\u0131s\"],\"inLanguage\":\"tr\",\"potentialAction\":[{\"@type\":\"CommentAction\",\"name\":\"Comment\",\"target\":[\"https:\\\/\\\/haberkuzey.com\\\/index.php\\\/2026\\\/04\\\/26\\\/meclis-genel-kurulu-yarin-toplanacak-11\\\/#respond\"]}]},{\"@type\":\"WebPage\",\"@id\":\"https:\\\/\\\/haberkuzey.com\\\/index.php\\\/2026\\\/04\\\/26\\\/meclis-genel-kurulu-yarin-toplanacak-11\\\/\",\"url\":\"https:\\\/\\\/haberkuzey.com\\\/index.php\\\/2026\\\/04\\\/26\\\/meclis-genel-kurulu-yarin-toplanacak-11\\\/\",\"name\":\"Meclis Genel Kurulu yar\u0131n toplanacak - Haber Kuzey\",\"isPartOf\":{\"@id\":\"https:\\\/\\\/haberkuzey.com\\\/#website\"},\"primaryImageOfPage\":{\"@id\":\"https:\\\/\\\/haberkuzey.com\\\/index.php\\\/2026\\\/04\\\/26\\\/meclis-genel-kurulu-yarin-toplanacak-11\\\/#primaryimage\"},\"image\":{\"@id\":\"https:\\\/\\\/haberkuzey.com\\\/index.php\\\/2026\\\/04\\\/26\\\/meclis-genel-kurulu-yarin-toplanacak-11\\\/#primaryimage\"},\"thumbnailUrl\":\"https:\\\/\\\/haberkuzey.com\\\/wp-content\\\/uploads\\\/2026\\\/04\\\/1767519873327yeni-meclis-genis-goruntu.jpg\",\"datePublished\":\"2026-04-26T07:41:02+00:00\",\"dateModified\":\"2026-04-26T07:41:12+00:00\",\"author\":{\"@id\":\"https:\\\/\\\/haberkuzey.com\\\/#\\\/schema\\\/person\\\/3372109ec735f9333f4fa47ebb9605ca\"},\"breadcrumb\":{\"@id\":\"https:\\\/\\\/haberkuzey.com\\\/index.php\\\/2026\\\/04\\\/26\\\/meclis-genel-kurulu-yarin-toplanacak-11\\\/#breadcrumb\"},\"inLanguage\":\"tr\",\"potentialAction\":[{\"@type\":\"ReadAction\",\"target\":[\"https:\\\/\\\/haberkuzey.com\\\/index.php\\\/2026\\\/04\\\/26\\\/meclis-genel-kurulu-yarin-toplanacak-11\\\/\"]}]},{\"@type\":\"ImageObject\",\"inLanguage\":\"tr\",\"@id\":\"https:\\\/\\\/haberkuzey.com\\\/index.php\\\/2026\\\/04\\\/26\\\/meclis-genel-kurulu-yarin-toplanacak-11\\\/#primaryimage\",\"url\":\"https:\\\/\\\/haberkuzey.com\\\/wp-content\\\/uploads\\\/2026\\\/04\\\/1767519873327yeni-meclis-genis-goruntu.jpg\",\"contentUrl\":\"https:\\\/\\\/haberkuzey.com\\\/wp-content\\\/uploads\\\/2026\\\/04\\\/1767519873327yeni-meclis-genis-goruntu.jpg\",\"width\":1574,\"height\":1005},{\"@type\":\"BreadcrumbList\",\"@id\":\"https:\\\/\\\/haberkuzey.com\\\/index.php\\\/2026\\\/04\\\/26\\\/meclis-genel-kurulu-yarin-toplanacak-11\\\/#breadcrumb\",\"itemListElement\":[{\"@type\":\"ListItem\",\"position\":1,\"name\":\"Anasayfa\",\"item\":\"https:\\\/\\\/haberkuzey.com\\\/\"},{\"@type\":\"ListItem\",\"position\":2,\"name\":\"Meclis Genel Kurulu yar\u0131n toplanacak\"}]},{\"@type\":\"WebSite\",\"@id\":\"https:\\\/\\\/haberkuzey.com\\\/#website\",\"url\":\"https:\\\/\\\/haberkuzey.com\\\/\",\"name\":\"Haber Kuzey\",\"description\":\"Do\u011fru Haberin Adresi\",\"potentialAction\":[{\"@type\":\"SearchAction\",\"target\":{\"@type\":\"EntryPoint\",\"urlTemplate\":\"https:\\\/\\\/haberkuzey.com\\\/?s={search_term_string}\"},\"query-input\":{\"@type\":\"PropertyValueSpecification\",\"valueRequired\":true,\"valueName\":\"search_term_string\"}}],\"inLanguage\":\"tr\"},{\"@type\":\"Person\",\"@id\":\"https:\\\/\\\/haberkuzey.com\\\/#\\\/schema\\\/person\\\/3372109ec735f9333f4fa47ebb9605ca\",\"name\":\"haberkuzey\",\"image\":{\"@type\":\"ImageObject\",\"inLanguage\":\"tr\",\"@id\":\"https:\\\/\\\/secure.gravatar.com\\\/avatar\\\/f5fc875574b1575324358c3b9e6a32b8227aa5b74f3fa22e3cadb63e26fcc39c?s=96&d=mm&r=g\",\"url\":\"https:\\\/\\\/secure.gravatar.com\\\/avatar\\\/f5fc875574b1575324358c3b9e6a32b8227aa5b74f3fa22e3cadb63e26fcc39c?s=96&d=mm&r=g\",\"contentUrl\":\"https:\\\/\\\/secure.gravatar.com\\\/avatar\\\/f5fc875574b1575324358c3b9e6a32b8227aa5b74f3fa22e3cadb63e26fcc39c?s=96&d=mm&r=g\",\"caption\":\"haberkuzey\"},\"sameAs\":[\"https:\\\/\\\/haberkuzey.com\"],\"url\":\"https:\\\/\\\/haberkuzey.com\\\/index.php\\\/author\\\/haberkuzey\\\/\"}]}<\/script>\n<!-- \/ Yoast SEO plugin. -->","yoast_head_json":{"title":"Meclis Genel Kurulu yar\u0131n toplanacak - Haber Kuzey","robots":{"index":"index","follow":"follow","max-snippet":"max-snippet:-1","max-image-preview":"max-image-preview:large","max-video-preview":"max-video-preview:-1"},"canonical":"https:\/\/haberkuzey.com\/index.php\/2026\/04\/26\/meclis-genel-kurulu-yarin-toplanacak-11\/","og_locale":"tr_TR","og_type":"article","og_title":"Meclis Genel Kurulu yar\u0131n toplanacak - Haber Kuzey","og_description":"Cumhuriyet Meclisi Genel Kurulu yar\u0131n yasama g\u00f6reviyle toplanacak.\u00a0 Meclis Ba\u015fkan\u0131 Ziya \u00d6zt\u00fcrkler ba\u015fkanl\u0131\u011f\u0131ndaki 41\u2019inci birle\u015fimin saat 10.00\u2019da yap\u0131lmas\u0131 bekleniyor. Genel Kurul&#8217;un g\u00fcndeminde,\u00a0Kuzey K\u0131br\u0131s T\u00fcrk Cumhuriyeti H\u00fck\u00fcmeti ile T\u00fcrkiye Cumhuriyeti H\u00fck\u00fcmeti Aras\u0131nda Ulusal S\u00fcr\u00fcc\u00fc Belgelerinin\/S\u00fcr\u00fc\u015f Ehliyetlerinin Kar\u015f\u0131l\u0131kl\u0131 Olarak Tan\u0131nmas\u0131 ve De\u011fi\u015fimi Anla\u015fmas\u0131nda De\u011fi\u015fiklik Yap\u0131lmas\u0131na Dair Anla\u015fma (Onay) Yasa Tasar\u0131s\u0131 yer al\u0131yor. Bunun yan\u0131nda, Say\u0131\u015ftay Komitesi\u2019nin, Devlet [&hellip;]","og_url":"https:\/\/haberkuzey.com\/index.php\/2026\/04\/26\/meclis-genel-kurulu-yarin-toplanacak-11\/","og_site_name":"Haber Kuzey","article_published_time":"2026-04-26T07:41:02+00:00","article_modified_time":"2026-04-26T07:41:12+00:00","og_image":[{"width":1574,"height":1005,"url":"https:\/\/haberkuzey.com\/wp-content\/uploads\/2026\/04\/1767519873327yeni-meclis-genis-goruntu.jpg","type":"image\/jpeg"}],"author":"haberkuzey","twitter_card":"summary_large_image","twitter_misc":{"Yazan:":"haberkuzey","Tahmini okuma s\u00fcresi":"1 dakika"},"schema":{"@context":"https:\/\/schema.org","@graph":[{"@type":"Article","@id":"https:\/\/haberkuzey.com\/index.php\/2026\/04\/26\/meclis-genel-kurulu-yarin-toplanacak-11\/#article","isPartOf":{"@id":"https:\/\/haberkuzey.com\/index.php\/2026\/04\/26\/meclis-genel-kurulu-yarin-toplanacak-11\/"},"author":{"name":"haberkuzey","@id":"https:\/\/haberkuzey.com\/#\/schema\/person\/3372109ec735f9333f4fa47ebb9605ca"},"headline":"Meclis Genel Kurulu yar\u0131n toplanacak","datePublished":"2026-04-26T07:41:02+00:00","dateModified":"2026-04-26T07:41:12+00:00","mainEntityOfPage":{"@id":"https:\/\/haberkuzey.com\/index.php\/2026\/04\/26\/meclis-genel-kurulu-yarin-toplanacak-11\/"},"wordCount":138,"commentCount":0,"image":{"@id":"https:\/\/haberkuzey.com\/index.php\/2026\/04\/26\/meclis-genel-kurulu-yarin-toplanacak-11\/#primaryimage"},"thumbnailUrl":"https:\/\/haberkuzey.com\/wp-content\/uploads\/2026\/04\/1767519873327yeni-meclis-genis-goruntu.jpg","articleSection":["K\u0131br\u0131s"],"inLanguage":"tr","potentialAction":[{"@type":"CommentAction","name":"Comment","target":["https:\/\/haberkuzey.com\/index.php\/2026\/04\/26\/meclis-genel-kurulu-yarin-toplanacak-11\/#respond"]}]},{"@type":"WebPage","@id":"https:\/\/haberkuzey.com\/index.php\/2026\/04\/26\/meclis-genel-kurulu-yarin-toplanacak-11\/","url":"https:\/\/haberkuzey.com\/index.php\/2026\/04\/26\/meclis-genel-kurulu-yarin-toplanacak-11\/","name":"Meclis Genel Kurulu yar\u0131n toplanacak - Haber Kuzey","isPartOf":{"@id":"https:\/\/haberkuzey.com\/#website"},"primaryImageOfPage":{"@id":"https:\/\/haberkuzey.com\/index.php\/2026\/04\/26\/meclis-genel-kurulu-yarin-toplanacak-11\/#primaryimage"},"image":{"@id":"https:\/\/haberkuzey.com\/index.php\/2026\/04\/26\/meclis-genel-kurulu-yarin-toplanacak-11\/#primaryimage"},"thumbnailUrl":"https:\/\/haberkuzey.com\/wp-content\/uploads\/2026\/04\/1767519873327yeni-meclis-genis-goruntu.jpg","datePublished":"2026-04-26T07:41:02+00:00","dateModified":"2026-04-26T07:41:12+00:00","author":{"@id":"https:\/\/haberkuzey.com\/#\/schema\/person\/3372109ec735f9333f4fa47ebb9605ca"},"breadcrumb":{"@id":"https:\/\/haberkuzey.com\/index.php\/2026\/04\/26\/meclis-genel-kurulu-yarin-toplanacak-11\/#breadcrumb"},"inLanguage":"tr","potentialAction":[{"@type":"ReadAction","target":["https:\/\/haberkuzey.com\/index.php\/2026\/04\/26\/meclis-genel-kurulu-yarin-toplanacak-11\/"]}]},{"@type":"ImageObject","inLanguage":"tr","@id":"https:\/\/haberkuzey.com\/index.php\/2026\/04\/26\/meclis-genel-kurulu-yarin-toplanacak-11\/#primaryimage","url":"https:\/\/haberkuzey.com\/wp-content\/uploads\/2026\/04\/1767519873327yeni-meclis-genis-goruntu.jpg","contentUrl":"https:\/\/haberkuzey.com\/wp-content\/uploads\/2026\/04\/1767519873327yeni-meclis-genis-goruntu.jpg","width":1574,"height":1005},{"@type":"BreadcrumbList","@id":"https:\/\/haberkuzey.com\/index.php\/2026\/04\/26\/meclis-genel-kurulu-yarin-toplanacak-11\/#breadcrumb","itemListElement":[{"@type":"ListItem","position":1,"name":"Anasayfa","item":"https:\/\/haberkuzey.com\/"},{"@type":"ListItem","position":2,"name":"Meclis Genel Kurulu yar\u0131n toplanacak"}]},{"@type":"WebSite","@id":"https:\/\/haberkuzey.com\/#website","url":"https:\/\/haberkuzey.com\/","name":"Haber Kuzey","description":"Do\u011fru Haberin Adresi","potentialAction":[{"@type":"SearchAction","target":{"@type":"EntryPoint","urlTemplate":"https:\/\/haberkuzey.com\/?s={search_term_string}"},"query-input":{"@type":"PropertyValueSpecification","valueRequired":true,"valueName":"search_term_string"}}],"inLanguage":"tr"},{"@type":"Person","@id":"https:\/\/haberkuzey.com\/#\/schema\/person\/3372109ec735f9333f4fa47ebb9605ca","name":"haberkuzey","image":{"@type":"ImageObject","inLanguage":"tr","@id":"https:\/\/secure.gravatar.com\/avatar\/f5fc875574b1575324358c3b9e6a32b8227aa5b74f3fa22e3cadb63e26fcc39c?s=96&d=mm&r=g","url":"https:\/\/secure.gravatar.com\/avatar\/f5fc875574b1575324358c3b9e6a32b8227aa5b74f3fa22e3cadb63e26fcc39c?s=96&d=mm&r=g","contentUrl":"https:\/\/secure.gravatar.com\/avatar\/f5fc875574b1575324358c3b9e6a32b8227aa5b74f3fa22e3cadb63e26fcc39c?s=96&d=mm&r=g","caption":"haberkuzey"},"sameAs":["https:\/\/haberkuzey.com"],"url":"https:\/\/haberkuzey.com\/index.php\/author\/haberkuzey\/"}]}},"_links":{"self":[{"href":"https:\/\/haberkuzey.com\/index.php\/wp-json\/wp\/v2\/posts\/36371","targetHints":{"allow":["GET"]}}],"collection":[{"href":"https:\/\/haberkuzey.com\/index.php\/wp-json\/wp\/v2\/posts"}],"about":[{"href":"https:\/\/haberkuzey.com\/index.php\/wp-json\/wp\/v2\/types\/post"}],"author":[{"embeddable":true,"href":"https:\/\/haberkuzey.com\/index.php\/wp-json\/wp\/v2\/users\/1"}],"replies":[{"embeddable":true,"href":"https:\/\/haberkuzey.com\/index.php\/wp-json\/wp\/v2\/comments?post=36371"}],"version-history":[{"count":1,"href":"https:\/\/haberkuzey.com\/index.php\/wp-json\/wp\/v2\/posts\/36371\/revisions"}],"predecessor-version":[{"id":36373,"href":"https:\/\/haberkuzey.com\/index.php\/wp-json\/wp\/v2\/posts\/36371\/revisions\/36373"}],"wp:featuredmedia":[{"embeddable":true,"href":"https:\/\/haberkuzey.com\/index.php\/wp-json\/wp\/v2\/media\/36372"}],"wp:attachment":[{"href":"https:\/\/haberkuzey.com\/index.php\/wp-json\/wp\/v2\/media?parent=36371"}],"wp:term":[{"taxonomy":"category","embeddable":true,"href":"https:\/\/haberkuzey.com\/index.php\/wp-json\/wp\/v2\/categories?post=36371"},{"taxonomy":"post_tag","embeddable":true,"href":"https:\/\/haberkuzey.com\/index.php\/wp-json\/wp\/v2\/tags?post=36371"}],"curies":[{"name":"wp","href":"https:\/\/api.w.org\/{rel}","templated":true}]}}