{"id":36366,"date":"2026-04-26T05:39:43","date_gmt":"2026-04-26T02:39:43","guid":{"rendered":"https:\/\/haberkuzey.com\/index.php\/2026\/04\/26\/kolombiyada-bombali-saldirida-14-kisi-oldu-38-kisi-yaralandi\/"},"modified":"2026-04-26T05:39:43","modified_gmt":"2026-04-26T02:39:43","slug":"kolombiyada-bombali-saldirida-14-kisi-oldu-38-kisi-yaralandi","status":"publish","type":"post","link":"https:\/\/haberkuzey.com\/index.php\/2026\/04\/26\/kolombiyada-bombali-saldirida-14-kisi-oldu-38-kisi-yaralandi\/","title":{"rendered":"Kolombiya&#8217;da bombal\u0131 sald\u0131r\u0131da 14 ki\u015fi \u00f6ld\u00fc, 38 ki\u015fi yaraland\u0131"},"content":{"rendered":"<p><\/p>\n<div>\n<p>&#13;<br \/>\n\tCauca y\u00f6netim b\u00f6lgesine ba\u011fl\u0131 Cajibio kasabas\u0131ndaki Pan-Amerikan kara yolunda menfeze yerle\u015ftirilen patlay\u0131c\u0131, ara\u00e7lar\u0131n ge\u00e7i\u015fi s\u0131ras\u0131nda infilak ettirildi.<\/p>\n<p>&#13;<br \/>\n\tB\u00f6lgeye \u00e7ok say\u0131da g\u00fcvenlik g\u00fcc\u00fc sevk edildi.<\/p>\n<p>&#13;<br \/>\n\tG\u00f6rg\u00fc tan\u0131klar\u0131n\u0131n aktard\u0131\u011f\u0131na g\u00f6re patlama, ara\u00e7 trafi\u011finin yo\u011fun oldu\u011fu s\u0131rada meydana geldi.<\/p>\n<p>&#13;<br \/>\n\tSald\u0131r\u0131da, b\u00f6lgede &#8220;chiva&#8221; olarak bilinen geleneksel bir k\u00f6y otob\u00fcs\u00fc patlaman\u0131n etkisiyle kullan\u0131lmaz hale geldi.<\/p>\n<p>&#13;<br \/>\n\tPatlaman\u0131n \u015fiddeti \u00e7evredeki di\u011fer ara\u00e7lar\u0131 da tahrip ederken, kara yolunda devasa bir \u00e7ukur olu\u015ftu.<\/p>\n<p>&#13;<br \/>\n\tKolombiya Cumhurba\u015fkan\u0131 Gustavo Petro, sosyal medya platformundaki hesab\u0131ndan yapt\u0131\u011f\u0131 payla\u015f\u0131mda, sald\u0131r\u0131dan FARC&#8217;\u0131n \u00e7at\u0131 \u00f6rg\u00fct\u00fc Estado Mayor Central&#8217;in (EMC) lideri Ivan Mordisco&#8217;yu sorumlu tuttu.<\/p>\n<p>&#13;<br \/>\n\tPetro, silahl\u0131 kuvvetlerden operasyonlar\u0131n yo\u011funla\u015ft\u0131rmas\u0131n\u0131 isteyerek, &#8220;Cajibio&#8217;daki sivilleri \u00f6ld\u00fcren ve yaralayanlar ter\u00f6risttir, fa\u015fisttir ve uyu\u015fturucu ka\u00e7ak\u00e7\u0131s\u0131d\u0131r. Bu narko-ter\u00f6rist gruba kar\u015f\u0131 d\u00fcnya \u00e7ap\u0131nda en \u00fcst d\u00fczeyde takip ba\u015flat\u0131lmas\u0131n\u0131 istiyorum.&#8221; ifadesini kulland\u0131.<\/p>\n<p>&#13;<br \/>\n\t\u00d6te yandan \u00fclkenin Cali kentinde bir askeri \u00fcs yak\u0131n\u0131nda bomba y\u00fckl\u00fc bir otob\u00fcsle d\u00fczenlenen sald\u0131r\u0131da ise 2 ki\u015fi yaraland\u0131.<\/p>\n<h2>&#13;<br \/>\n\tCauca Valisi Guzman&#8217;dan a\u00e7\u0131klama<\/h2>\n<p>&#13;<br \/>\n\tCauca Valisi Octavio Guzman, sosyal medya platformundaki payla\u015f\u0131m\u0131nda, bombal\u0131 sald\u0131r\u0131 sonucu can kayb\u0131n\u0131n artt\u0131\u011f\u0131n\u0131 belirterek, &#8220;\u015eu an itibar\u0131yla aralar\u0131nda 5 \u00e7ocu\u011fun da bulundu\u011fu 14 ki\u015finin hayat\u0131n\u0131 kaybetti\u011fini ve 38&#8217;den fazla ki\u015finin de yaraland\u0131\u011f\u0131n\u0131 bildiriyoruz. Bu, halk\u0131m\u0131z\u0131 derin bir yasa bo\u011fan ve b\u00fcy\u00fck bir ac\u0131ya sevk eden bir trajedidir.&#8221; ifadelerini kulland\u0131.<\/p>\n<p>&#13;<br \/>\n\tYerel bas\u0131nda yer alan habere g\u00f6re, silahl\u0131 ki\u015filer patlay\u0131c\u0131 y\u00fckl\u00fc t\u00fcp\u00fc bir otob\u00fcs\u00fcn \u00fczerine att\u0131, ard\u0131ndan meydana gelen patlamada seyir halindeki di\u011fer ara\u00e7lar da hasar g\u00f6rd\u00fc.<\/p>\n<\/p><\/div>\n","protected":false},"excerpt":{"rendered":"<p>&#13; Cauca y\u00f6netim b\u00f6lgesine ba\u011fl\u0131 Cajibio kasabas\u0131ndaki Pan-Amerikan kara yolunda menfeze yerle\u015ftirilen patlay\u0131c\u0131, ara\u00e7lar\u0131n ge\u00e7i\u015fi s\u0131ras\u0131nda infilak ettirildi. &#13; B\u00f6lgeye \u00e7ok say\u0131da g\u00fcvenlik g\u00fcc\u00fc sevk edildi. &#13; G\u00f6rg\u00fc tan\u0131klar\u0131n\u0131n aktard\u0131\u011f\u0131na g\u00f6re patlama, ara\u00e7 trafi\u011finin yo\u011fun oldu\u011fu s\u0131rada meydana geldi. &#13; Sald\u0131r\u0131da, b\u00f6lgede &#8220;chiva&#8221; olarak bilinen geleneksel bir k\u00f6y otob\u00fcs\u00fc patlaman\u0131n etkisiyle kullan\u0131lmaz hale geldi. &#13; [&hellip;]<\/p>\n","protected":false},"author":1,"featured_media":36367,"comment_status":"open","ping_status":"open","sticky":false,"template":"","format":"standard","meta":{"jnews-multi-image_gallery":[],"jnews_single_post":[],"jnews_primary_category":[],"footnotes":""},"categories":[2],"tags":[],"class_list":["post-36366","post","type-post","status-publish","format-standard","has-post-thumbnail","hentry","category-dunya"],"yoast_head":"<!-- This site is optimized with the Yoast SEO plugin v27.4 - https:\/\/yoast.com\/product\/yoast-seo-wordpress\/ -->\n<title>Kolombiya&#039;da bombal\u0131 sald\u0131r\u0131da 14 ki\u015fi \u00f6ld\u00fc, 38 ki\u015fi yaraland\u0131 - Haber Kuzey<\/title>\n<meta name=\"robots\" content=\"index, follow, max-snippet:-1, max-image-preview:large, max-video-preview:-1\" \/>\n<link rel=\"canonical\" href=\"https:\/\/haberkuzey.com\/index.php\/2026\/04\/26\/kolombiyada-bombali-saldirida-14-kisi-oldu-38-kisi-yaralandi\/\" \/>\n<meta property=\"og:locale\" content=\"tr_TR\" \/>\n<meta property=\"og:type\" content=\"article\" \/>\n<meta property=\"og:title\" content=\"Kolombiya&#039;da bombal\u0131 sald\u0131r\u0131da 14 ki\u015fi \u00f6ld\u00fc, 38 ki\u015fi yaraland\u0131 - Haber Kuzey\" \/>\n<meta property=\"og:description\" content=\"&#013; Cauca y\u00f6netim b\u00f6lgesine ba\u011fl\u0131 Cajibio kasabas\u0131ndaki Pan-Amerikan kara yolunda menfeze yerle\u015ftirilen patlay\u0131c\u0131, ara\u00e7lar\u0131n ge\u00e7i\u015fi s\u0131ras\u0131nda infilak ettirildi. &#013; B\u00f6lgeye \u00e7ok say\u0131da g\u00fcvenlik g\u00fcc\u00fc sevk edildi. &#013; G\u00f6rg\u00fc tan\u0131klar\u0131n\u0131n aktard\u0131\u011f\u0131na g\u00f6re patlama, ara\u00e7 trafi\u011finin yo\u011fun oldu\u011fu s\u0131rada meydana geldi. &#013; Sald\u0131r\u0131da, b\u00f6lgede &#8220;chiva&#8221; olarak bilinen geleneksel bir k\u00f6y otob\u00fcs\u00fc patlaman\u0131n etkisiyle kullan\u0131lmaz hale geldi. &#013; [&hellip;]\" \/>\n<meta property=\"og:url\" content=\"https:\/\/haberkuzey.com\/index.php\/2026\/04\/26\/kolombiyada-bombali-saldirida-14-kisi-oldu-38-kisi-yaralandi\/\" \/>\n<meta property=\"og:site_name\" content=\"Haber Kuzey\" \/>\n<meta property=\"article:published_time\" content=\"2026-04-26T02:39:43+00:00\" \/>\n<meta property=\"og:image\" content=\"https:\/\/trthaberstatic.cdn.wp.trt.com.tr\/resimler\/2368000\/kolombiya-hastane-reu-2368623.jpg\" \/>\n<meta name=\"author\" content=\"haberkuzey\" \/>\n<meta name=\"twitter:card\" content=\"summary_large_image\" \/>\n<meta name=\"twitter:label1\" content=\"Yazan:\" \/>\n\t<meta name=\"twitter:data1\" content=\"haberkuzey\" \/>\n\t<meta name=\"twitter:label2\" content=\"Tahmini okuma s\u00fcresi\" \/>\n\t<meta name=\"twitter:data2\" content=\"2 dakika\" \/>\n<script type=\"application\/ld+json\" class=\"yoast-schema-graph\">{\"@context\":\"https:\\\/\\\/schema.org\",\"@graph\":[{\"@type\":\"Article\",\"@id\":\"https:\\\/\\\/haberkuzey.com\\\/index.php\\\/2026\\\/04\\\/26\\\/kolombiyada-bombali-saldirida-14-kisi-oldu-38-kisi-yaralandi\\\/#article\",\"isPartOf\":{\"@id\":\"https:\\\/\\\/haberkuzey.com\\\/index.php\\\/2026\\\/04\\\/26\\\/kolombiyada-bombali-saldirida-14-kisi-oldu-38-kisi-yaralandi\\\/\"},\"author\":{\"name\":\"haberkuzey\",\"@id\":\"https:\\\/\\\/haberkuzey.com\\\/#\\\/schema\\\/person\\\/3372109ec735f9333f4fa47ebb9605ca\"},\"headline\":\"Kolombiya&#8217;da bombal\u0131 sald\u0131r\u0131da 14 ki\u015fi \u00f6ld\u00fc, 38 ki\u015fi yaraland\u0131\",\"datePublished\":\"2026-04-26T02:39:43+00:00\",\"mainEntityOfPage\":{\"@id\":\"https:\\\/\\\/haberkuzey.com\\\/index.php\\\/2026\\\/04\\\/26\\\/kolombiyada-bombali-saldirida-14-kisi-oldu-38-kisi-yaralandi\\\/\"},\"wordCount\":335,\"commentCount\":0,\"image\":{\"@id\":\"https:\\\/\\\/haberkuzey.com\\\/index.php\\\/2026\\\/04\\\/26\\\/kolombiyada-bombali-saldirida-14-kisi-oldu-38-kisi-yaralandi\\\/#primaryimage\"},\"thumbnailUrl\":\"https:\\\/\\\/haberkuzey.com\\\/wp-content\\\/uploads\\\/2026\\\/04\\\/kolombiya-hastane-reu-2368623.jpg\",\"articleSection\":[\"D\u00fcnya\"],\"inLanguage\":\"tr\",\"potentialAction\":[{\"@type\":\"CommentAction\",\"name\":\"Comment\",\"target\":[\"https:\\\/\\\/haberkuzey.com\\\/index.php\\\/2026\\\/04\\\/26\\\/kolombiyada-bombali-saldirida-14-kisi-oldu-38-kisi-yaralandi\\\/#respond\"]}]},{\"@type\":\"WebPage\",\"@id\":\"https:\\\/\\\/haberkuzey.com\\\/index.php\\\/2026\\\/04\\\/26\\\/kolombiyada-bombali-saldirida-14-kisi-oldu-38-kisi-yaralandi\\\/\",\"url\":\"https:\\\/\\\/haberkuzey.com\\\/index.php\\\/2026\\\/04\\\/26\\\/kolombiyada-bombali-saldirida-14-kisi-oldu-38-kisi-yaralandi\\\/\",\"name\":\"Kolombiya'da bombal\u0131 sald\u0131r\u0131da 14 ki\u015fi \u00f6ld\u00fc, 38 ki\u015fi yaraland\u0131 - Haber Kuzey\",\"isPartOf\":{\"@id\":\"https:\\\/\\\/haberkuzey.com\\\/#website\"},\"primaryImageOfPage\":{\"@id\":\"https:\\\/\\\/haberkuzey.com\\\/index.php\\\/2026\\\/04\\\/26\\\/kolombiyada-bombali-saldirida-14-kisi-oldu-38-kisi-yaralandi\\\/#primaryimage\"},\"image\":{\"@id\":\"https:\\\/\\\/haberkuzey.com\\\/index.php\\\/2026\\\/04\\\/26\\\/kolombiyada-bombali-saldirida-14-kisi-oldu-38-kisi-yaralandi\\\/#primaryimage\"},\"thumbnailUrl\":\"https:\\\/\\\/haberkuzey.com\\\/wp-content\\\/uploads\\\/2026\\\/04\\\/kolombiya-hastane-reu-2368623.jpg\",\"datePublished\":\"2026-04-26T02:39:43+00:00\",\"author\":{\"@id\":\"https:\\\/\\\/haberkuzey.com\\\/#\\\/schema\\\/person\\\/3372109ec735f9333f4fa47ebb9605ca\"},\"breadcrumb\":{\"@id\":\"https:\\\/\\\/haberkuzey.com\\\/index.php\\\/2026\\\/04\\\/26\\\/kolombiyada-bombali-saldirida-14-kisi-oldu-38-kisi-yaralandi\\\/#breadcrumb\"},\"inLanguage\":\"tr\",\"potentialAction\":[{\"@type\":\"ReadAction\",\"target\":[\"https:\\\/\\\/haberkuzey.com\\\/index.php\\\/2026\\\/04\\\/26\\\/kolombiyada-bombali-saldirida-14-kisi-oldu-38-kisi-yaralandi\\\/\"]}]},{\"@type\":\"ImageObject\",\"inLanguage\":\"tr\",\"@id\":\"https:\\\/\\\/haberkuzey.com\\\/index.php\\\/2026\\\/04\\\/26\\\/kolombiyada-bombali-saldirida-14-kisi-oldu-38-kisi-yaralandi\\\/#primaryimage\",\"url\":\"https:\\\/\\\/haberkuzey.com\\\/wp-content\\\/uploads\\\/2026\\\/04\\\/kolombiya-hastane-reu-2368623.jpg\",\"contentUrl\":\"https:\\\/\\\/haberkuzey.com\\\/wp-content\\\/uploads\\\/2026\\\/04\\\/kolombiya-hastane-reu-2368623.jpg\",\"width\":1280,\"height\":720},{\"@type\":\"BreadcrumbList\",\"@id\":\"https:\\\/\\\/haberkuzey.com\\\/index.php\\\/2026\\\/04\\\/26\\\/kolombiyada-bombali-saldirida-14-kisi-oldu-38-kisi-yaralandi\\\/#breadcrumb\",\"itemListElement\":[{\"@type\":\"ListItem\",\"position\":1,\"name\":\"Anasayfa\",\"item\":\"https:\\\/\\\/haberkuzey.com\\\/\"},{\"@type\":\"ListItem\",\"position\":2,\"name\":\"Kolombiya&#8217;da bombal\u0131 sald\u0131r\u0131da 14 ki\u015fi \u00f6ld\u00fc, 38 ki\u015fi yaraland\u0131\"}]},{\"@type\":\"WebSite\",\"@id\":\"https:\\\/\\\/haberkuzey.com\\\/#website\",\"url\":\"https:\\\/\\\/haberkuzey.com\\\/\",\"name\":\"Haber Kuzey\",\"description\":\"Do\u011fru Haberin Adresi\",\"potentialAction\":[{\"@type\":\"SearchAction\",\"target\":{\"@type\":\"EntryPoint\",\"urlTemplate\":\"https:\\\/\\\/haberkuzey.com\\\/?s={search_term_string}\"},\"query-input\":{\"@type\":\"PropertyValueSpecification\",\"valueRequired\":true,\"valueName\":\"search_term_string\"}}],\"inLanguage\":\"tr\"},{\"@type\":\"Person\",\"@id\":\"https:\\\/\\\/haberkuzey.com\\\/#\\\/schema\\\/person\\\/3372109ec735f9333f4fa47ebb9605ca\",\"name\":\"haberkuzey\",\"image\":{\"@type\":\"ImageObject\",\"inLanguage\":\"tr\",\"@id\":\"https:\\\/\\\/secure.gravatar.com\\\/avatar\\\/f5fc875574b1575324358c3b9e6a32b8227aa5b74f3fa22e3cadb63e26fcc39c?s=96&d=mm&r=g\",\"url\":\"https:\\\/\\\/secure.gravatar.com\\\/avatar\\\/f5fc875574b1575324358c3b9e6a32b8227aa5b74f3fa22e3cadb63e26fcc39c?s=96&d=mm&r=g\",\"contentUrl\":\"https:\\\/\\\/secure.gravatar.com\\\/avatar\\\/f5fc875574b1575324358c3b9e6a32b8227aa5b74f3fa22e3cadb63e26fcc39c?s=96&d=mm&r=g\",\"caption\":\"haberkuzey\"},\"sameAs\":[\"https:\\\/\\\/haberkuzey.com\"],\"url\":\"https:\\\/\\\/haberkuzey.com\\\/index.php\\\/author\\\/haberkuzey\\\/\"}]}<\/script>\n<!-- \/ Yoast SEO plugin. -->","yoast_head_json":{"title":"Kolombiya'da bombal\u0131 sald\u0131r\u0131da 14 ki\u015fi \u00f6ld\u00fc, 38 ki\u015fi yaraland\u0131 - Haber Kuzey","robots":{"index":"index","follow":"follow","max-snippet":"max-snippet:-1","max-image-preview":"max-image-preview:large","max-video-preview":"max-video-preview:-1"},"canonical":"https:\/\/haberkuzey.com\/index.php\/2026\/04\/26\/kolombiyada-bombali-saldirida-14-kisi-oldu-38-kisi-yaralandi\/","og_locale":"tr_TR","og_type":"article","og_title":"Kolombiya'da bombal\u0131 sald\u0131r\u0131da 14 ki\u015fi \u00f6ld\u00fc, 38 ki\u015fi yaraland\u0131 - Haber Kuzey","og_description":"&#13; Cauca y\u00f6netim b\u00f6lgesine ba\u011fl\u0131 Cajibio kasabas\u0131ndaki Pan-Amerikan kara yolunda menfeze yerle\u015ftirilen patlay\u0131c\u0131, ara\u00e7lar\u0131n ge\u00e7i\u015fi s\u0131ras\u0131nda infilak ettirildi. &#13; B\u00f6lgeye \u00e7ok say\u0131da g\u00fcvenlik g\u00fcc\u00fc sevk edildi. &#13; G\u00f6rg\u00fc tan\u0131klar\u0131n\u0131n aktard\u0131\u011f\u0131na g\u00f6re patlama, ara\u00e7 trafi\u011finin yo\u011fun oldu\u011fu s\u0131rada meydana geldi. &#13; Sald\u0131r\u0131da, b\u00f6lgede &#8220;chiva&#8221; olarak bilinen geleneksel bir k\u00f6y otob\u00fcs\u00fc patlaman\u0131n etkisiyle kullan\u0131lmaz hale geldi. &#13; [&hellip;]","og_url":"https:\/\/haberkuzey.com\/index.php\/2026\/04\/26\/kolombiyada-bombali-saldirida-14-kisi-oldu-38-kisi-yaralandi\/","og_site_name":"Haber Kuzey","article_published_time":"2026-04-26T02:39:43+00:00","og_image":[{"url":"https:\/\/trthaberstatic.cdn.wp.trt.com.tr\/resimler\/2368000\/kolombiya-hastane-reu-2368623.jpg","type":"","width":"","height":""}],"author":"haberkuzey","twitter_card":"summary_large_image","twitter_misc":{"Yazan:":"haberkuzey","Tahmini okuma s\u00fcresi":"2 dakika"},"schema":{"@context":"https:\/\/schema.org","@graph":[{"@type":"Article","@id":"https:\/\/haberkuzey.com\/index.php\/2026\/04\/26\/kolombiyada-bombali-saldirida-14-kisi-oldu-38-kisi-yaralandi\/#article","isPartOf":{"@id":"https:\/\/haberkuzey.com\/index.php\/2026\/04\/26\/kolombiyada-bombali-saldirida-14-kisi-oldu-38-kisi-yaralandi\/"},"author":{"name":"haberkuzey","@id":"https:\/\/haberkuzey.com\/#\/schema\/person\/3372109ec735f9333f4fa47ebb9605ca"},"headline":"Kolombiya&#8217;da bombal\u0131 sald\u0131r\u0131da 14 ki\u015fi \u00f6ld\u00fc, 38 ki\u015fi yaraland\u0131","datePublished":"2026-04-26T02:39:43+00:00","mainEntityOfPage":{"@id":"https:\/\/haberkuzey.com\/index.php\/2026\/04\/26\/kolombiyada-bombali-saldirida-14-kisi-oldu-38-kisi-yaralandi\/"},"wordCount":335,"commentCount":0,"image":{"@id":"https:\/\/haberkuzey.com\/index.php\/2026\/04\/26\/kolombiyada-bombali-saldirida-14-kisi-oldu-38-kisi-yaralandi\/#primaryimage"},"thumbnailUrl":"https:\/\/haberkuzey.com\/wp-content\/uploads\/2026\/04\/kolombiya-hastane-reu-2368623.jpg","articleSection":["D\u00fcnya"],"inLanguage":"tr","potentialAction":[{"@type":"CommentAction","name":"Comment","target":["https:\/\/haberkuzey.com\/index.php\/2026\/04\/26\/kolombiyada-bombali-saldirida-14-kisi-oldu-38-kisi-yaralandi\/#respond"]}]},{"@type":"WebPage","@id":"https:\/\/haberkuzey.com\/index.php\/2026\/04\/26\/kolombiyada-bombali-saldirida-14-kisi-oldu-38-kisi-yaralandi\/","url":"https:\/\/haberkuzey.com\/index.php\/2026\/04\/26\/kolombiyada-bombali-saldirida-14-kisi-oldu-38-kisi-yaralandi\/","name":"Kolombiya'da bombal\u0131 sald\u0131r\u0131da 14 ki\u015fi \u00f6ld\u00fc, 38 ki\u015fi yaraland\u0131 - Haber Kuzey","isPartOf":{"@id":"https:\/\/haberkuzey.com\/#website"},"primaryImageOfPage":{"@id":"https:\/\/haberkuzey.com\/index.php\/2026\/04\/26\/kolombiyada-bombali-saldirida-14-kisi-oldu-38-kisi-yaralandi\/#primaryimage"},"image":{"@id":"https:\/\/haberkuzey.com\/index.php\/2026\/04\/26\/kolombiyada-bombali-saldirida-14-kisi-oldu-38-kisi-yaralandi\/#primaryimage"},"thumbnailUrl":"https:\/\/haberkuzey.com\/wp-content\/uploads\/2026\/04\/kolombiya-hastane-reu-2368623.jpg","datePublished":"2026-04-26T02:39:43+00:00","author":{"@id":"https:\/\/haberkuzey.com\/#\/schema\/person\/3372109ec735f9333f4fa47ebb9605ca"},"breadcrumb":{"@id":"https:\/\/haberkuzey.com\/index.php\/2026\/04\/26\/kolombiyada-bombali-saldirida-14-kisi-oldu-38-kisi-yaralandi\/#breadcrumb"},"inLanguage":"tr","potentialAction":[{"@type":"ReadAction","target":["https:\/\/haberkuzey.com\/index.php\/2026\/04\/26\/kolombiyada-bombali-saldirida-14-kisi-oldu-38-kisi-yaralandi\/"]}]},{"@type":"ImageObject","inLanguage":"tr","@id":"https:\/\/haberkuzey.com\/index.php\/2026\/04\/26\/kolombiyada-bombali-saldirida-14-kisi-oldu-38-kisi-yaralandi\/#primaryimage","url":"https:\/\/haberkuzey.com\/wp-content\/uploads\/2026\/04\/kolombiya-hastane-reu-2368623.jpg","contentUrl":"https:\/\/haberkuzey.com\/wp-content\/uploads\/2026\/04\/kolombiya-hastane-reu-2368623.jpg","width":1280,"height":720},{"@type":"BreadcrumbList","@id":"https:\/\/haberkuzey.com\/index.php\/2026\/04\/26\/kolombiyada-bombali-saldirida-14-kisi-oldu-38-kisi-yaralandi\/#breadcrumb","itemListElement":[{"@type":"ListItem","position":1,"name":"Anasayfa","item":"https:\/\/haberkuzey.com\/"},{"@type":"ListItem","position":2,"name":"Kolombiya&#8217;da bombal\u0131 sald\u0131r\u0131da 14 ki\u015fi \u00f6ld\u00fc, 38 ki\u015fi yaraland\u0131"}]},{"@type":"WebSite","@id":"https:\/\/haberkuzey.com\/#website","url":"https:\/\/haberkuzey.com\/","name":"Haber Kuzey","description":"Do\u011fru Haberin Adresi","potentialAction":[{"@type":"SearchAction","target":{"@type":"EntryPoint","urlTemplate":"https:\/\/haberkuzey.com\/?s={search_term_string}"},"query-input":{"@type":"PropertyValueSpecification","valueRequired":true,"valueName":"search_term_string"}}],"inLanguage":"tr"},{"@type":"Person","@id":"https:\/\/haberkuzey.com\/#\/schema\/person\/3372109ec735f9333f4fa47ebb9605ca","name":"haberkuzey","image":{"@type":"ImageObject","inLanguage":"tr","@id":"https:\/\/secure.gravatar.com\/avatar\/f5fc875574b1575324358c3b9e6a32b8227aa5b74f3fa22e3cadb63e26fcc39c?s=96&d=mm&r=g","url":"https:\/\/secure.gravatar.com\/avatar\/f5fc875574b1575324358c3b9e6a32b8227aa5b74f3fa22e3cadb63e26fcc39c?s=96&d=mm&r=g","contentUrl":"https:\/\/secure.gravatar.com\/avatar\/f5fc875574b1575324358c3b9e6a32b8227aa5b74f3fa22e3cadb63e26fcc39c?s=96&d=mm&r=g","caption":"haberkuzey"},"sameAs":["https:\/\/haberkuzey.com"],"url":"https:\/\/haberkuzey.com\/index.php\/author\/haberkuzey\/"}]}},"_links":{"self":[{"href":"https:\/\/haberkuzey.com\/index.php\/wp-json\/wp\/v2\/posts\/36366","targetHints":{"allow":["GET"]}}],"collection":[{"href":"https:\/\/haberkuzey.com\/index.php\/wp-json\/wp\/v2\/posts"}],"about":[{"href":"https:\/\/haberkuzey.com\/index.php\/wp-json\/wp\/v2\/types\/post"}],"author":[{"embeddable":true,"href":"https:\/\/haberkuzey.com\/index.php\/wp-json\/wp\/v2\/users\/1"}],"replies":[{"embeddable":true,"href":"https:\/\/haberkuzey.com\/index.php\/wp-json\/wp\/v2\/comments?post=36366"}],"version-history":[{"count":0,"href":"https:\/\/haberkuzey.com\/index.php\/wp-json\/wp\/v2\/posts\/36366\/revisions"}],"wp:featuredmedia":[{"embeddable":true,"href":"https:\/\/haberkuzey.com\/index.php\/wp-json\/wp\/v2\/media\/36367"}],"wp:attachment":[{"href":"https:\/\/haberkuzey.com\/index.php\/wp-json\/wp\/v2\/media?parent=36366"}],"wp:term":[{"taxonomy":"category","embeddable":true,"href":"https:\/\/haberkuzey.com\/index.php\/wp-json\/wp\/v2\/categories?post=36366"},{"taxonomy":"post_tag","embeddable":true,"href":"https:\/\/haberkuzey.com\/index.php\/wp-json\/wp\/v2\/tags?post=36366"}],"curies":[{"name":"wp","href":"https:\/\/api.w.org\/{rel}","templated":true}]}}