{"id":36365,"date":"2026-04-26T04:38:56","date_gmt":"2026-04-26T01:38:56","guid":{"rendered":"https:\/\/haberkuzey.com\/index.php\/2026\/04\/26\/trumpin-katildigi-programda-olay-cikti\/"},"modified":"2026-04-26T04:38:56","modified_gmt":"2026-04-26T01:38:56","slug":"trumpin-katildigi-programda-olay-cikti","status":"publish","type":"post","link":"https:\/\/haberkuzey.com\/index.php\/2026\/04\/26\/trumpin-katildigi-programda-olay-cikti\/","title":{"rendered":"Trump&#8217;\u0131n kat\u0131ld\u0131\u011f\u0131 programda olay \u00e7\u0131kt\u0131"},"content":{"rendered":"<p><\/p>\n<div>\n<p>&#13;<br \/>\n\tABD Ba\u015fkan\u0131 Donald Trump, Beyaz Saray Muhabirler Yeme\u011fi\u2019ne kat\u0131ld\u0131.<\/p>\n<p>&#13;<br \/>\n\tYemek s\u0131ras\u0131nda ya\u015fanan bir g\u00fcvenlik tehlikesi sebebiyle Trump ve e\u015fi salondan \u00e7\u0131kart\u0131ld\u0131.<\/p>\n<p>&#13;<br \/>\n\t\u00a0<\/p>\n<blockquote class=\"twitter-tweet\"><p>&#13;<\/p>\n<p dir=\"ltr\" lang=\"tr\">&#13;<br \/>\n\t\tABD Ba\u015fkan\u0131 Donald Trump, Beyaz Saray Muhabirleri Derne\u011finin d\u00fczenledi\u011fi programa kat\u0131ld\u0131. Trump programda ger\u00e7ekle\u015fen protesto nedeniyle g\u00fcvenlik gerek\u00e7esiyle salondan \u00e7\u0131kar\u0131ld\u0131.https:\/\/t.co\/48CxQP34o5 <a href=\"https:\/\/t.co\/gipO3StQ3g\">pic.twitter.com\/gipO3StQ3g<\/a><\/p>\n<p>&#13;<br \/>\n\t\u2014 TRT Haber Canl\u0131 (@trthabercanli) <a href=\"https:\/\/twitter.com\/trthabercanli\/status\/2048209326603448431?ref_src=twsrc%5Etfw\">April 26, 2026<\/a><\/p><\/blockquote>\n<p>&#13;<br \/>\n\tBir anda salona silahl\u0131 g\u00fcvenlik g\u00fc\u00e7lerinin girdi\u011fi g\u00f6r\u00fcld\u00fc. Donald Trump\u2019\u0131n, g\u00fcvenlik ekibi taraf\u0131ndan tahliye edildi\u011fi bildirildi.<\/p>\n<p>&#13;<br \/>\n\tTahliyenin sebebi hen\u00fcz a\u00e7\u0131klanmad\u0131.<\/p>\n<\/p><\/div>\n<p><script async src=\"\/\/platform.twitter.com\/widgets.js\" charset=\"utf-8\"><\/script><\/p>\n","protected":false},"excerpt":{"rendered":"<p>&#13; ABD Ba\u015fkan\u0131 Donald Trump, Beyaz Saray Muhabirler Yeme\u011fi\u2019ne kat\u0131ld\u0131. &#13; Yemek s\u0131ras\u0131nda ya\u015fanan bir g\u00fcvenlik tehlikesi sebebiyle Trump ve e\u015fi salondan \u00e7\u0131kart\u0131ld\u0131. &#13; \u00a0 &#13; &#13; ABD Ba\u015fkan\u0131 Donald Trump, Beyaz Saray Muhabirleri Derne\u011finin d\u00fczenledi\u011fi programa kat\u0131ld\u0131. Trump programda ger\u00e7ekle\u015fen protesto nedeniyle g\u00fcvenlik gerek\u00e7esiyle salondan \u00e7\u0131kar\u0131ld\u0131.https:\/\/t.co\/48CxQP34o5 pic.twitter.com\/gipO3StQ3g &#13; \u2014 TRT Haber Canl\u0131 (@trthabercanli) April [&hellip;]<\/p>\n","protected":false},"author":1,"featured_media":1540,"comment_status":"open","ping_status":"open","sticky":false,"template":"","format":"standard","meta":{"jnews-multi-image_gallery":[],"jnews_single_post":[],"jnews_primary_category":[],"footnotes":""},"categories":[2],"tags":[],"class_list":["post-36365","post","type-post","status-publish","format-standard","has-post-thumbnail","hentry","category-dunya"],"yoast_head":"<!-- This site is optimized with the Yoast SEO plugin v27.4 - https:\/\/yoast.com\/product\/yoast-seo-wordpress\/ -->\n<title>Trump&#039;\u0131n kat\u0131ld\u0131\u011f\u0131 programda olay \u00e7\u0131kt\u0131 - Haber Kuzey<\/title>\n<meta name=\"robots\" content=\"index, follow, max-snippet:-1, max-image-preview:large, max-video-preview:-1\" \/>\n<link rel=\"canonical\" href=\"https:\/\/haberkuzey.com\/index.php\/2026\/04\/26\/trumpin-katildigi-programda-olay-cikti\/\" \/>\n<meta property=\"og:locale\" content=\"tr_TR\" \/>\n<meta property=\"og:type\" content=\"article\" \/>\n<meta property=\"og:title\" content=\"Trump&#039;\u0131n kat\u0131ld\u0131\u011f\u0131 programda olay \u00e7\u0131kt\u0131 - Haber Kuzey\" \/>\n<meta property=\"og:description\" content=\"&#013; ABD Ba\u015fkan\u0131 Donald Trump, Beyaz Saray Muhabirler Yeme\u011fi\u2019ne kat\u0131ld\u0131. &#013; Yemek s\u0131ras\u0131nda ya\u015fanan bir g\u00fcvenlik tehlikesi sebebiyle Trump ve e\u015fi salondan \u00e7\u0131kart\u0131ld\u0131. &#013; \u00a0 &#013; &#013; ABD Ba\u015fkan\u0131 Donald Trump, Beyaz Saray Muhabirleri Derne\u011finin d\u00fczenledi\u011fi programa kat\u0131ld\u0131. Trump programda ger\u00e7ekle\u015fen protesto nedeniyle g\u00fcvenlik gerek\u00e7esiyle salondan \u00e7\u0131kar\u0131ld\u0131.https:\/\/t.co\/48CxQP34o5 pic.twitter.com\/gipO3StQ3g &#013; \u2014 TRT Haber Canl\u0131 (@trthabercanli) April [&hellip;]\" \/>\n<meta property=\"og:url\" content=\"https:\/\/haberkuzey.com\/index.php\/2026\/04\/26\/trumpin-katildigi-programda-olay-cikti\/\" \/>\n<meta property=\"og:site_name\" content=\"Haber Kuzey\" \/>\n<meta property=\"article:published_time\" content=\"2026-04-26T01:38:56+00:00\" \/>\n<meta property=\"og:image\" content=\"https:\/\/trthaberstatic.cdn.wp.trt.com.tr\/resimler\/2026000\/son-dakika-dakika-son-dakika-2026652.jpg\" \/>\n<meta name=\"author\" content=\"haberkuzey\" \/>\n<meta name=\"twitter:card\" content=\"summary_large_image\" \/>\n<meta name=\"twitter:label1\" content=\"Yazan:\" \/>\n\t<meta name=\"twitter:data1\" content=\"haberkuzey\" \/>\n\t<meta name=\"twitter:label2\" content=\"Tahmini okuma s\u00fcresi\" \/>\n\t<meta name=\"twitter:data2\" content=\"1 dakika\" \/>\n<script type=\"application\/ld+json\" class=\"yoast-schema-graph\">{\"@context\":\"https:\\\/\\\/schema.org\",\"@graph\":[{\"@type\":\"Article\",\"@id\":\"https:\\\/\\\/haberkuzey.com\\\/index.php\\\/2026\\\/04\\\/26\\\/trumpin-katildigi-programda-olay-cikti\\\/#article\",\"isPartOf\":{\"@id\":\"https:\\\/\\\/haberkuzey.com\\\/index.php\\\/2026\\\/04\\\/26\\\/trumpin-katildigi-programda-olay-cikti\\\/\"},\"author\":{\"name\":\"haberkuzey\",\"@id\":\"https:\\\/\\\/haberkuzey.com\\\/#\\\/schema\\\/person\\\/3372109ec735f9333f4fa47ebb9605ca\"},\"headline\":\"Trump&#8217;\u0131n kat\u0131ld\u0131\u011f\u0131 programda olay \u00e7\u0131kt\u0131\",\"datePublished\":\"2026-04-26T01:38:56+00:00\",\"mainEntityOfPage\":{\"@id\":\"https:\\\/\\\/haberkuzey.com\\\/index.php\\\/2026\\\/04\\\/26\\\/trumpin-katildigi-programda-olay-cikti\\\/\"},\"wordCount\":115,\"commentCount\":0,\"image\":{\"@id\":\"https:\\\/\\\/haberkuzey.com\\\/index.php\\\/2026\\\/04\\\/26\\\/trumpin-katildigi-programda-olay-cikti\\\/#primaryimage\"},\"thumbnailUrl\":\"https:\\\/\\\/haberkuzey.com\\\/wp-content\\\/uploads\\\/2024\\\/05\\\/son-dakika-dakika-son-dakika-2026652.jpg\",\"articleSection\":[\"D\u00fcnya\"],\"inLanguage\":\"tr\",\"potentialAction\":[{\"@type\":\"CommentAction\",\"name\":\"Comment\",\"target\":[\"https:\\\/\\\/haberkuzey.com\\\/index.php\\\/2026\\\/04\\\/26\\\/trumpin-katildigi-programda-olay-cikti\\\/#respond\"]}]},{\"@type\":\"WebPage\",\"@id\":\"https:\\\/\\\/haberkuzey.com\\\/index.php\\\/2026\\\/04\\\/26\\\/trumpin-katildigi-programda-olay-cikti\\\/\",\"url\":\"https:\\\/\\\/haberkuzey.com\\\/index.php\\\/2026\\\/04\\\/26\\\/trumpin-katildigi-programda-olay-cikti\\\/\",\"name\":\"Trump'\u0131n kat\u0131ld\u0131\u011f\u0131 programda olay \u00e7\u0131kt\u0131 - Haber Kuzey\",\"isPartOf\":{\"@id\":\"https:\\\/\\\/haberkuzey.com\\\/#website\"},\"primaryImageOfPage\":{\"@id\":\"https:\\\/\\\/haberkuzey.com\\\/index.php\\\/2026\\\/04\\\/26\\\/trumpin-katildigi-programda-olay-cikti\\\/#primaryimage\"},\"image\":{\"@id\":\"https:\\\/\\\/haberkuzey.com\\\/index.php\\\/2026\\\/04\\\/26\\\/trumpin-katildigi-programda-olay-cikti\\\/#primaryimage\"},\"thumbnailUrl\":\"https:\\\/\\\/haberkuzey.com\\\/wp-content\\\/uploads\\\/2024\\\/05\\\/son-dakika-dakika-son-dakika-2026652.jpg\",\"datePublished\":\"2026-04-26T01:38:56+00:00\",\"author\":{\"@id\":\"https:\\\/\\\/haberkuzey.com\\\/#\\\/schema\\\/person\\\/3372109ec735f9333f4fa47ebb9605ca\"},\"breadcrumb\":{\"@id\":\"https:\\\/\\\/haberkuzey.com\\\/index.php\\\/2026\\\/04\\\/26\\\/trumpin-katildigi-programda-olay-cikti\\\/#breadcrumb\"},\"inLanguage\":\"tr\",\"potentialAction\":[{\"@type\":\"ReadAction\",\"target\":[\"https:\\\/\\\/haberkuzey.com\\\/index.php\\\/2026\\\/04\\\/26\\\/trumpin-katildigi-programda-olay-cikti\\\/\"]}]},{\"@type\":\"ImageObject\",\"inLanguage\":\"tr\",\"@id\":\"https:\\\/\\\/haberkuzey.com\\\/index.php\\\/2026\\\/04\\\/26\\\/trumpin-katildigi-programda-olay-cikti\\\/#primaryimage\",\"url\":\"https:\\\/\\\/haberkuzey.com\\\/wp-content\\\/uploads\\\/2024\\\/05\\\/son-dakika-dakika-son-dakika-2026652.jpg\",\"contentUrl\":\"https:\\\/\\\/haberkuzey.com\\\/wp-content\\\/uploads\\\/2024\\\/05\\\/son-dakika-dakika-son-dakika-2026652.jpg\",\"width\":1280,\"height\":720},{\"@type\":\"BreadcrumbList\",\"@id\":\"https:\\\/\\\/haberkuzey.com\\\/index.php\\\/2026\\\/04\\\/26\\\/trumpin-katildigi-programda-olay-cikti\\\/#breadcrumb\",\"itemListElement\":[{\"@type\":\"ListItem\",\"position\":1,\"name\":\"Anasayfa\",\"item\":\"https:\\\/\\\/haberkuzey.com\\\/\"},{\"@type\":\"ListItem\",\"position\":2,\"name\":\"Trump&#8217;\u0131n kat\u0131ld\u0131\u011f\u0131 programda olay \u00e7\u0131kt\u0131\"}]},{\"@type\":\"WebSite\",\"@id\":\"https:\\\/\\\/haberkuzey.com\\\/#website\",\"url\":\"https:\\\/\\\/haberkuzey.com\\\/\",\"name\":\"Haber Kuzey\",\"description\":\"Do\u011fru Haberin Adresi\",\"potentialAction\":[{\"@type\":\"SearchAction\",\"target\":{\"@type\":\"EntryPoint\",\"urlTemplate\":\"https:\\\/\\\/haberkuzey.com\\\/?s={search_term_string}\"},\"query-input\":{\"@type\":\"PropertyValueSpecification\",\"valueRequired\":true,\"valueName\":\"search_term_string\"}}],\"inLanguage\":\"tr\"},{\"@type\":\"Person\",\"@id\":\"https:\\\/\\\/haberkuzey.com\\\/#\\\/schema\\\/person\\\/3372109ec735f9333f4fa47ebb9605ca\",\"name\":\"haberkuzey\",\"image\":{\"@type\":\"ImageObject\",\"inLanguage\":\"tr\",\"@id\":\"https:\\\/\\\/secure.gravatar.com\\\/avatar\\\/f5fc875574b1575324358c3b9e6a32b8227aa5b74f3fa22e3cadb63e26fcc39c?s=96&d=mm&r=g\",\"url\":\"https:\\\/\\\/secure.gravatar.com\\\/avatar\\\/f5fc875574b1575324358c3b9e6a32b8227aa5b74f3fa22e3cadb63e26fcc39c?s=96&d=mm&r=g\",\"contentUrl\":\"https:\\\/\\\/secure.gravatar.com\\\/avatar\\\/f5fc875574b1575324358c3b9e6a32b8227aa5b74f3fa22e3cadb63e26fcc39c?s=96&d=mm&r=g\",\"caption\":\"haberkuzey\"},\"sameAs\":[\"https:\\\/\\\/haberkuzey.com\"],\"url\":\"https:\\\/\\\/haberkuzey.com\\\/index.php\\\/author\\\/haberkuzey\\\/\"}]}<\/script>\n<!-- \/ Yoast SEO plugin. -->","yoast_head_json":{"title":"Trump'\u0131n kat\u0131ld\u0131\u011f\u0131 programda olay \u00e7\u0131kt\u0131 - Haber Kuzey","robots":{"index":"index","follow":"follow","max-snippet":"max-snippet:-1","max-image-preview":"max-image-preview:large","max-video-preview":"max-video-preview:-1"},"canonical":"https:\/\/haberkuzey.com\/index.php\/2026\/04\/26\/trumpin-katildigi-programda-olay-cikti\/","og_locale":"tr_TR","og_type":"article","og_title":"Trump'\u0131n kat\u0131ld\u0131\u011f\u0131 programda olay \u00e7\u0131kt\u0131 - Haber Kuzey","og_description":"&#13; ABD Ba\u015fkan\u0131 Donald Trump, Beyaz Saray Muhabirler Yeme\u011fi\u2019ne kat\u0131ld\u0131. &#13; Yemek s\u0131ras\u0131nda ya\u015fanan bir g\u00fcvenlik tehlikesi sebebiyle Trump ve e\u015fi salondan \u00e7\u0131kart\u0131ld\u0131. &#13; \u00a0 &#13; &#13; ABD Ba\u015fkan\u0131 Donald Trump, Beyaz Saray Muhabirleri Derne\u011finin d\u00fczenledi\u011fi programa kat\u0131ld\u0131. Trump programda ger\u00e7ekle\u015fen protesto nedeniyle g\u00fcvenlik gerek\u00e7esiyle salondan \u00e7\u0131kar\u0131ld\u0131.https:\/\/t.co\/48CxQP34o5 pic.twitter.com\/gipO3StQ3g &#13; \u2014 TRT Haber Canl\u0131 (@trthabercanli) April [&hellip;]","og_url":"https:\/\/haberkuzey.com\/index.php\/2026\/04\/26\/trumpin-katildigi-programda-olay-cikti\/","og_site_name":"Haber Kuzey","article_published_time":"2026-04-26T01:38:56+00:00","og_image":[{"url":"https:\/\/trthaberstatic.cdn.wp.trt.com.tr\/resimler\/2026000\/son-dakika-dakika-son-dakika-2026652.jpg","type":"","width":"","height":""}],"author":"haberkuzey","twitter_card":"summary_large_image","twitter_misc":{"Yazan:":"haberkuzey","Tahmini okuma s\u00fcresi":"1 dakika"},"schema":{"@context":"https:\/\/schema.org","@graph":[{"@type":"Article","@id":"https:\/\/haberkuzey.com\/index.php\/2026\/04\/26\/trumpin-katildigi-programda-olay-cikti\/#article","isPartOf":{"@id":"https:\/\/haberkuzey.com\/index.php\/2026\/04\/26\/trumpin-katildigi-programda-olay-cikti\/"},"author":{"name":"haberkuzey","@id":"https:\/\/haberkuzey.com\/#\/schema\/person\/3372109ec735f9333f4fa47ebb9605ca"},"headline":"Trump&#8217;\u0131n kat\u0131ld\u0131\u011f\u0131 programda olay \u00e7\u0131kt\u0131","datePublished":"2026-04-26T01:38:56+00:00","mainEntityOfPage":{"@id":"https:\/\/haberkuzey.com\/index.php\/2026\/04\/26\/trumpin-katildigi-programda-olay-cikti\/"},"wordCount":115,"commentCount":0,"image":{"@id":"https:\/\/haberkuzey.com\/index.php\/2026\/04\/26\/trumpin-katildigi-programda-olay-cikti\/#primaryimage"},"thumbnailUrl":"https:\/\/haberkuzey.com\/wp-content\/uploads\/2024\/05\/son-dakika-dakika-son-dakika-2026652.jpg","articleSection":["D\u00fcnya"],"inLanguage":"tr","potentialAction":[{"@type":"CommentAction","name":"Comment","target":["https:\/\/haberkuzey.com\/index.php\/2026\/04\/26\/trumpin-katildigi-programda-olay-cikti\/#respond"]}]},{"@type":"WebPage","@id":"https:\/\/haberkuzey.com\/index.php\/2026\/04\/26\/trumpin-katildigi-programda-olay-cikti\/","url":"https:\/\/haberkuzey.com\/index.php\/2026\/04\/26\/trumpin-katildigi-programda-olay-cikti\/","name":"Trump'\u0131n kat\u0131ld\u0131\u011f\u0131 programda olay \u00e7\u0131kt\u0131 - Haber Kuzey","isPartOf":{"@id":"https:\/\/haberkuzey.com\/#website"},"primaryImageOfPage":{"@id":"https:\/\/haberkuzey.com\/index.php\/2026\/04\/26\/trumpin-katildigi-programda-olay-cikti\/#primaryimage"},"image":{"@id":"https:\/\/haberkuzey.com\/index.php\/2026\/04\/26\/trumpin-katildigi-programda-olay-cikti\/#primaryimage"},"thumbnailUrl":"https:\/\/haberkuzey.com\/wp-content\/uploads\/2024\/05\/son-dakika-dakika-son-dakika-2026652.jpg","datePublished":"2026-04-26T01:38:56+00:00","author":{"@id":"https:\/\/haberkuzey.com\/#\/schema\/person\/3372109ec735f9333f4fa47ebb9605ca"},"breadcrumb":{"@id":"https:\/\/haberkuzey.com\/index.php\/2026\/04\/26\/trumpin-katildigi-programda-olay-cikti\/#breadcrumb"},"inLanguage":"tr","potentialAction":[{"@type":"ReadAction","target":["https:\/\/haberkuzey.com\/index.php\/2026\/04\/26\/trumpin-katildigi-programda-olay-cikti\/"]}]},{"@type":"ImageObject","inLanguage":"tr","@id":"https:\/\/haberkuzey.com\/index.php\/2026\/04\/26\/trumpin-katildigi-programda-olay-cikti\/#primaryimage","url":"https:\/\/haberkuzey.com\/wp-content\/uploads\/2024\/05\/son-dakika-dakika-son-dakika-2026652.jpg","contentUrl":"https:\/\/haberkuzey.com\/wp-content\/uploads\/2024\/05\/son-dakika-dakika-son-dakika-2026652.jpg","width":1280,"height":720},{"@type":"BreadcrumbList","@id":"https:\/\/haberkuzey.com\/index.php\/2026\/04\/26\/trumpin-katildigi-programda-olay-cikti\/#breadcrumb","itemListElement":[{"@type":"ListItem","position":1,"name":"Anasayfa","item":"https:\/\/haberkuzey.com\/"},{"@type":"ListItem","position":2,"name":"Trump&#8217;\u0131n kat\u0131ld\u0131\u011f\u0131 programda olay \u00e7\u0131kt\u0131"}]},{"@type":"WebSite","@id":"https:\/\/haberkuzey.com\/#website","url":"https:\/\/haberkuzey.com\/","name":"Haber Kuzey","description":"Do\u011fru Haberin Adresi","potentialAction":[{"@type":"SearchAction","target":{"@type":"EntryPoint","urlTemplate":"https:\/\/haberkuzey.com\/?s={search_term_string}"},"query-input":{"@type":"PropertyValueSpecification","valueRequired":true,"valueName":"search_term_string"}}],"inLanguage":"tr"},{"@type":"Person","@id":"https:\/\/haberkuzey.com\/#\/schema\/person\/3372109ec735f9333f4fa47ebb9605ca","name":"haberkuzey","image":{"@type":"ImageObject","inLanguage":"tr","@id":"https:\/\/secure.gravatar.com\/avatar\/f5fc875574b1575324358c3b9e6a32b8227aa5b74f3fa22e3cadb63e26fcc39c?s=96&d=mm&r=g","url":"https:\/\/secure.gravatar.com\/avatar\/f5fc875574b1575324358c3b9e6a32b8227aa5b74f3fa22e3cadb63e26fcc39c?s=96&d=mm&r=g","contentUrl":"https:\/\/secure.gravatar.com\/avatar\/f5fc875574b1575324358c3b9e6a32b8227aa5b74f3fa22e3cadb63e26fcc39c?s=96&d=mm&r=g","caption":"haberkuzey"},"sameAs":["https:\/\/haberkuzey.com"],"url":"https:\/\/haberkuzey.com\/index.php\/author\/haberkuzey\/"}]}},"_links":{"self":[{"href":"https:\/\/haberkuzey.com\/index.php\/wp-json\/wp\/v2\/posts\/36365","targetHints":{"allow":["GET"]}}],"collection":[{"href":"https:\/\/haberkuzey.com\/index.php\/wp-json\/wp\/v2\/posts"}],"about":[{"href":"https:\/\/haberkuzey.com\/index.php\/wp-json\/wp\/v2\/types\/post"}],"author":[{"embeddable":true,"href":"https:\/\/haberkuzey.com\/index.php\/wp-json\/wp\/v2\/users\/1"}],"replies":[{"embeddable":true,"href":"https:\/\/haberkuzey.com\/index.php\/wp-json\/wp\/v2\/comments?post=36365"}],"version-history":[{"count":0,"href":"https:\/\/haberkuzey.com\/index.php\/wp-json\/wp\/v2\/posts\/36365\/revisions"}],"wp:featuredmedia":[{"embeddable":true,"href":"https:\/\/haberkuzey.com\/index.php\/wp-json\/wp\/v2\/media\/1540"}],"wp:attachment":[{"href":"https:\/\/haberkuzey.com\/index.php\/wp-json\/wp\/v2\/media?parent=36365"}],"wp:term":[{"taxonomy":"category","embeddable":true,"href":"https:\/\/haberkuzey.com\/index.php\/wp-json\/wp\/v2\/categories?post=36365"},{"taxonomy":"post_tag","embeddable":true,"href":"https:\/\/haberkuzey.com\/index.php\/wp-json\/wp\/v2\/tags?post=36365"}],"curies":[{"name":"wp","href":"https:\/\/api.w.org\/{rel}","templated":true}]}}