{"id":36351,"date":"2026-04-25T20:00:22","date_gmt":"2026-04-25T17:00:22","guid":{"rendered":"https:\/\/haberkuzey.com\/index.php\/2026\/04\/25\/cumhurbaskani-erhurman-14-mormenekse-enginar-festivaline-katildi\/"},"modified":"2026-04-25T20:00:31","modified_gmt":"2026-04-25T17:00:31","slug":"cumhurbaskani-erhurman-14-mormenekse-enginar-festivaline-katildi","status":"publish","type":"post","link":"https:\/\/haberkuzey.com\/index.php\/2026\/04\/25\/cumhurbaskani-erhurman-14-mormenekse-enginar-festivaline-katildi\/","title":{"rendered":"Cumhurba\u015fkan\u0131 Erh\u00fcrman, 14. Mormenek\u015fe Enginar Festivali\u2019ne kat\u0131ld\u0131"},"content":{"rendered":"<p>Cumhurba\u015fkan\u0131 Tufan Erh\u00fcrman, Mormenek\u015fe Enginar Festivali Komitesi ile Mormenek\u015fe Kad\u0131nlar Birli\u011fi taraf\u0131ndan &#8220;Bahar\u0131n en asil hali\u201d slogan\u0131yla d\u00fczenlenen Mormenek\u015fe Enginar Festivali&#8217;ne kat\u0131ld\u0131.<\/p>\n<p>Cumhurba\u015fkan\u0131 Erh\u00fcrman festivalde stantlar\u0131 gezdi, etkinlikleri izledi ve yurtta\u015flarla sohbet etti.<\/p>\n<p>Festivale kat\u0131lan yurtta\u015flar Cumhurba\u015fkan\u0131 Tufan Erh\u00fcrman&#8217;a yo\u011fun ilgi g\u00f6sterdi.<\/p>\n","protected":false},"excerpt":{"rendered":"<p>Cumhurba\u015fkan\u0131 Tufan Erh\u00fcrman, Mormenek\u015fe Enginar Festivali Komitesi ile Mormenek\u015fe Kad\u0131nlar Birli\u011fi taraf\u0131ndan &#8220;Bahar\u0131n en asil hali\u201d slogan\u0131yla d\u00fczenlenen Mormenek\u015fe Enginar Festivali&#8217;ne kat\u0131ld\u0131. Cumhurba\u015fkan\u0131 Erh\u00fcrman festivalde stantlar\u0131 gezdi, etkinlikleri izledi ve yurtta\u015flarla sohbet etti. Festivale kat\u0131lan yurtta\u015flar Cumhurba\u015fkan\u0131 Tufan Erh\u00fcrman&#8217;a yo\u011fun ilgi g\u00f6sterdi.<\/p>\n","protected":false},"author":1,"featured_media":36352,"comment_status":"open","ping_status":"open","sticky":false,"template":"","format":"standard","meta":{"jnews-multi-image_gallery":[],"jnews_single_post":[],"jnews_primary_category":[],"footnotes":""},"categories":[1],"tags":[],"class_list":["post-36351","post","type-post","status-publish","format-standard","has-post-thumbnail","hentry","category-kibris"],"yoast_head":"<!-- This site is optimized with the Yoast SEO plugin v27.4 - https:\/\/yoast.com\/product\/yoast-seo-wordpress\/ -->\n<title>Cumhurba\u015fkan\u0131 Erh\u00fcrman, 14. Mormenek\u015fe Enginar Festivali\u2019ne kat\u0131ld\u0131 - Haber Kuzey<\/title>\n<meta name=\"robots\" content=\"index, follow, max-snippet:-1, max-image-preview:large, max-video-preview:-1\" \/>\n<link rel=\"canonical\" href=\"https:\/\/haberkuzey.com\/index.php\/2026\/04\/25\/cumhurbaskani-erhurman-14-mormenekse-enginar-festivaline-katildi\/\" \/>\n<meta property=\"og:locale\" content=\"tr_TR\" \/>\n<meta property=\"og:type\" content=\"article\" \/>\n<meta property=\"og:title\" content=\"Cumhurba\u015fkan\u0131 Erh\u00fcrman, 14. Mormenek\u015fe Enginar Festivali\u2019ne kat\u0131ld\u0131 - Haber Kuzey\" \/>\n<meta property=\"og:description\" content=\"Cumhurba\u015fkan\u0131 Tufan Erh\u00fcrman, Mormenek\u015fe Enginar Festivali Komitesi ile Mormenek\u015fe Kad\u0131nlar Birli\u011fi taraf\u0131ndan &#8220;Bahar\u0131n en asil hali\u201d slogan\u0131yla d\u00fczenlenen Mormenek\u015fe Enginar Festivali&#8217;ne kat\u0131ld\u0131. Cumhurba\u015fkan\u0131 Erh\u00fcrman festivalde stantlar\u0131 gezdi, etkinlikleri izledi ve yurtta\u015flarla sohbet etti. Festivale kat\u0131lan yurtta\u015flar Cumhurba\u015fkan\u0131 Tufan Erh\u00fcrman&#8217;a yo\u011fun ilgi g\u00f6sterdi.\" \/>\n<meta property=\"og:url\" content=\"https:\/\/haberkuzey.com\/index.php\/2026\/04\/25\/cumhurbaskani-erhurman-14-mormenekse-enginar-festivaline-katildi\/\" \/>\n<meta property=\"og:site_name\" content=\"Haber Kuzey\" \/>\n<meta property=\"article:published_time\" content=\"2026-04-25T17:00:22+00:00\" \/>\n<meta property=\"article:modified_time\" content=\"2026-04-25T17:00:31+00:00\" \/>\n<meta property=\"og:image\" content=\"https:\/\/haberkuzey.com\/wp-content\/uploads\/2026\/04\/WhatsApp-Image-2026-04-25-at-19.35.37-2.jpeg\" \/>\n\t<meta property=\"og:image:width\" content=\"1600\" \/>\n\t<meta property=\"og:image:height\" content=\"1064\" \/>\n\t<meta property=\"og:image:type\" content=\"image\/jpeg\" \/>\n<meta name=\"author\" content=\"haberkuzey\" \/>\n<meta name=\"twitter:card\" content=\"summary_large_image\" \/>\n<meta name=\"twitter:label1\" content=\"Yazan:\" \/>\n\t<meta name=\"twitter:data1\" content=\"haberkuzey\" \/>\n<script type=\"application\/ld+json\" class=\"yoast-schema-graph\">{\"@context\":\"https:\\\/\\\/schema.org\",\"@graph\":[{\"@type\":\"Article\",\"@id\":\"https:\\\/\\\/haberkuzey.com\\\/index.php\\\/2026\\\/04\\\/25\\\/cumhurbaskani-erhurman-14-mormenekse-enginar-festivaline-katildi\\\/#article\",\"isPartOf\":{\"@id\":\"https:\\\/\\\/haberkuzey.com\\\/index.php\\\/2026\\\/04\\\/25\\\/cumhurbaskani-erhurman-14-mormenekse-enginar-festivaline-katildi\\\/\"},\"author\":{\"name\":\"haberkuzey\",\"@id\":\"https:\\\/\\\/haberkuzey.com\\\/#\\\/schema\\\/person\\\/3372109ec735f9333f4fa47ebb9605ca\"},\"headline\":\"Cumhurba\u015fkan\u0131 Erh\u00fcrman, 14. Mormenek\u015fe Enginar Festivali\u2019ne kat\u0131ld\u0131\",\"datePublished\":\"2026-04-25T17:00:22+00:00\",\"dateModified\":\"2026-04-25T17:00:31+00:00\",\"mainEntityOfPage\":{\"@id\":\"https:\\\/\\\/haberkuzey.com\\\/index.php\\\/2026\\\/04\\\/25\\\/cumhurbaskani-erhurman-14-mormenekse-enginar-festivaline-katildi\\\/\"},\"wordCount\":76,\"commentCount\":0,\"image\":{\"@id\":\"https:\\\/\\\/haberkuzey.com\\\/index.php\\\/2026\\\/04\\\/25\\\/cumhurbaskani-erhurman-14-mormenekse-enginar-festivaline-katildi\\\/#primaryimage\"},\"thumbnailUrl\":\"https:\\\/\\\/haberkuzey.com\\\/wp-content\\\/uploads\\\/2026\\\/04\\\/WhatsApp-Image-2026-04-25-at-19.35.37-2.jpeg\",\"articleSection\":[\"K\u0131br\u0131s\"],\"inLanguage\":\"tr\",\"potentialAction\":[{\"@type\":\"CommentAction\",\"name\":\"Comment\",\"target\":[\"https:\\\/\\\/haberkuzey.com\\\/index.php\\\/2026\\\/04\\\/25\\\/cumhurbaskani-erhurman-14-mormenekse-enginar-festivaline-katildi\\\/#respond\"]}]},{\"@type\":\"WebPage\",\"@id\":\"https:\\\/\\\/haberkuzey.com\\\/index.php\\\/2026\\\/04\\\/25\\\/cumhurbaskani-erhurman-14-mormenekse-enginar-festivaline-katildi\\\/\",\"url\":\"https:\\\/\\\/haberkuzey.com\\\/index.php\\\/2026\\\/04\\\/25\\\/cumhurbaskani-erhurman-14-mormenekse-enginar-festivaline-katildi\\\/\",\"name\":\"Cumhurba\u015fkan\u0131 Erh\u00fcrman, 14. Mormenek\u015fe Enginar Festivali\u2019ne kat\u0131ld\u0131 - Haber Kuzey\",\"isPartOf\":{\"@id\":\"https:\\\/\\\/haberkuzey.com\\\/#website\"},\"primaryImageOfPage\":{\"@id\":\"https:\\\/\\\/haberkuzey.com\\\/index.php\\\/2026\\\/04\\\/25\\\/cumhurbaskani-erhurman-14-mormenekse-enginar-festivaline-katildi\\\/#primaryimage\"},\"image\":{\"@id\":\"https:\\\/\\\/haberkuzey.com\\\/index.php\\\/2026\\\/04\\\/25\\\/cumhurbaskani-erhurman-14-mormenekse-enginar-festivaline-katildi\\\/#primaryimage\"},\"thumbnailUrl\":\"https:\\\/\\\/haberkuzey.com\\\/wp-content\\\/uploads\\\/2026\\\/04\\\/WhatsApp-Image-2026-04-25-at-19.35.37-2.jpeg\",\"datePublished\":\"2026-04-25T17:00:22+00:00\",\"dateModified\":\"2026-04-25T17:00:31+00:00\",\"author\":{\"@id\":\"https:\\\/\\\/haberkuzey.com\\\/#\\\/schema\\\/person\\\/3372109ec735f9333f4fa47ebb9605ca\"},\"breadcrumb\":{\"@id\":\"https:\\\/\\\/haberkuzey.com\\\/index.php\\\/2026\\\/04\\\/25\\\/cumhurbaskani-erhurman-14-mormenekse-enginar-festivaline-katildi\\\/#breadcrumb\"},\"inLanguage\":\"tr\",\"potentialAction\":[{\"@type\":\"ReadAction\",\"target\":[\"https:\\\/\\\/haberkuzey.com\\\/index.php\\\/2026\\\/04\\\/25\\\/cumhurbaskani-erhurman-14-mormenekse-enginar-festivaline-katildi\\\/\"]}]},{\"@type\":\"ImageObject\",\"inLanguage\":\"tr\",\"@id\":\"https:\\\/\\\/haberkuzey.com\\\/index.php\\\/2026\\\/04\\\/25\\\/cumhurbaskani-erhurman-14-mormenekse-enginar-festivaline-katildi\\\/#primaryimage\",\"url\":\"https:\\\/\\\/haberkuzey.com\\\/wp-content\\\/uploads\\\/2026\\\/04\\\/WhatsApp-Image-2026-04-25-at-19.35.37-2.jpeg\",\"contentUrl\":\"https:\\\/\\\/haberkuzey.com\\\/wp-content\\\/uploads\\\/2026\\\/04\\\/WhatsApp-Image-2026-04-25-at-19.35.37-2.jpeg\",\"width\":1600,\"height\":1064},{\"@type\":\"BreadcrumbList\",\"@id\":\"https:\\\/\\\/haberkuzey.com\\\/index.php\\\/2026\\\/04\\\/25\\\/cumhurbaskani-erhurman-14-mormenekse-enginar-festivaline-katildi\\\/#breadcrumb\",\"itemListElement\":[{\"@type\":\"ListItem\",\"position\":1,\"name\":\"Anasayfa\",\"item\":\"https:\\\/\\\/haberkuzey.com\\\/\"},{\"@type\":\"ListItem\",\"position\":2,\"name\":\"Cumhurba\u015fkan\u0131 Erh\u00fcrman, 14. Mormenek\u015fe Enginar Festivali\u2019ne kat\u0131ld\u0131\"}]},{\"@type\":\"WebSite\",\"@id\":\"https:\\\/\\\/haberkuzey.com\\\/#website\",\"url\":\"https:\\\/\\\/haberkuzey.com\\\/\",\"name\":\"Haber Kuzey\",\"description\":\"Do\u011fru Haberin Adresi\",\"potentialAction\":[{\"@type\":\"SearchAction\",\"target\":{\"@type\":\"EntryPoint\",\"urlTemplate\":\"https:\\\/\\\/haberkuzey.com\\\/?s={search_term_string}\"},\"query-input\":{\"@type\":\"PropertyValueSpecification\",\"valueRequired\":true,\"valueName\":\"search_term_string\"}}],\"inLanguage\":\"tr\"},{\"@type\":\"Person\",\"@id\":\"https:\\\/\\\/haberkuzey.com\\\/#\\\/schema\\\/person\\\/3372109ec735f9333f4fa47ebb9605ca\",\"name\":\"haberkuzey\",\"image\":{\"@type\":\"ImageObject\",\"inLanguage\":\"tr\",\"@id\":\"https:\\\/\\\/secure.gravatar.com\\\/avatar\\\/f5fc875574b1575324358c3b9e6a32b8227aa5b74f3fa22e3cadb63e26fcc39c?s=96&d=mm&r=g\",\"url\":\"https:\\\/\\\/secure.gravatar.com\\\/avatar\\\/f5fc875574b1575324358c3b9e6a32b8227aa5b74f3fa22e3cadb63e26fcc39c?s=96&d=mm&r=g\",\"contentUrl\":\"https:\\\/\\\/secure.gravatar.com\\\/avatar\\\/f5fc875574b1575324358c3b9e6a32b8227aa5b74f3fa22e3cadb63e26fcc39c?s=96&d=mm&r=g\",\"caption\":\"haberkuzey\"},\"sameAs\":[\"https:\\\/\\\/haberkuzey.com\"],\"url\":\"https:\\\/\\\/haberkuzey.com\\\/index.php\\\/author\\\/haberkuzey\\\/\"}]}<\/script>\n<!-- \/ Yoast SEO plugin. -->","yoast_head_json":{"title":"Cumhurba\u015fkan\u0131 Erh\u00fcrman, 14. Mormenek\u015fe Enginar Festivali\u2019ne kat\u0131ld\u0131 - Haber Kuzey","robots":{"index":"index","follow":"follow","max-snippet":"max-snippet:-1","max-image-preview":"max-image-preview:large","max-video-preview":"max-video-preview:-1"},"canonical":"https:\/\/haberkuzey.com\/index.php\/2026\/04\/25\/cumhurbaskani-erhurman-14-mormenekse-enginar-festivaline-katildi\/","og_locale":"tr_TR","og_type":"article","og_title":"Cumhurba\u015fkan\u0131 Erh\u00fcrman, 14. Mormenek\u015fe Enginar Festivali\u2019ne kat\u0131ld\u0131 - Haber Kuzey","og_description":"Cumhurba\u015fkan\u0131 Tufan Erh\u00fcrman, Mormenek\u015fe Enginar Festivali Komitesi ile Mormenek\u015fe Kad\u0131nlar Birli\u011fi taraf\u0131ndan &#8220;Bahar\u0131n en asil hali\u201d slogan\u0131yla d\u00fczenlenen Mormenek\u015fe Enginar Festivali&#8217;ne kat\u0131ld\u0131. Cumhurba\u015fkan\u0131 Erh\u00fcrman festivalde stantlar\u0131 gezdi, etkinlikleri izledi ve yurtta\u015flarla sohbet etti. Festivale kat\u0131lan yurtta\u015flar Cumhurba\u015fkan\u0131 Tufan Erh\u00fcrman&#8217;a yo\u011fun ilgi g\u00f6sterdi.","og_url":"https:\/\/haberkuzey.com\/index.php\/2026\/04\/25\/cumhurbaskani-erhurman-14-mormenekse-enginar-festivaline-katildi\/","og_site_name":"Haber Kuzey","article_published_time":"2026-04-25T17:00:22+00:00","article_modified_time":"2026-04-25T17:00:31+00:00","og_image":[{"width":1600,"height":1064,"url":"https:\/\/haberkuzey.com\/wp-content\/uploads\/2026\/04\/WhatsApp-Image-2026-04-25-at-19.35.37-2.jpeg","type":"image\/jpeg"}],"author":"haberkuzey","twitter_card":"summary_large_image","twitter_misc":{"Yazan:":"haberkuzey"},"schema":{"@context":"https:\/\/schema.org","@graph":[{"@type":"Article","@id":"https:\/\/haberkuzey.com\/index.php\/2026\/04\/25\/cumhurbaskani-erhurman-14-mormenekse-enginar-festivaline-katildi\/#article","isPartOf":{"@id":"https:\/\/haberkuzey.com\/index.php\/2026\/04\/25\/cumhurbaskani-erhurman-14-mormenekse-enginar-festivaline-katildi\/"},"author":{"name":"haberkuzey","@id":"https:\/\/haberkuzey.com\/#\/schema\/person\/3372109ec735f9333f4fa47ebb9605ca"},"headline":"Cumhurba\u015fkan\u0131 Erh\u00fcrman, 14. Mormenek\u015fe Enginar Festivali\u2019ne kat\u0131ld\u0131","datePublished":"2026-04-25T17:00:22+00:00","dateModified":"2026-04-25T17:00:31+00:00","mainEntityOfPage":{"@id":"https:\/\/haberkuzey.com\/index.php\/2026\/04\/25\/cumhurbaskani-erhurman-14-mormenekse-enginar-festivaline-katildi\/"},"wordCount":76,"commentCount":0,"image":{"@id":"https:\/\/haberkuzey.com\/index.php\/2026\/04\/25\/cumhurbaskani-erhurman-14-mormenekse-enginar-festivaline-katildi\/#primaryimage"},"thumbnailUrl":"https:\/\/haberkuzey.com\/wp-content\/uploads\/2026\/04\/WhatsApp-Image-2026-04-25-at-19.35.37-2.jpeg","articleSection":["K\u0131br\u0131s"],"inLanguage":"tr","potentialAction":[{"@type":"CommentAction","name":"Comment","target":["https:\/\/haberkuzey.com\/index.php\/2026\/04\/25\/cumhurbaskani-erhurman-14-mormenekse-enginar-festivaline-katildi\/#respond"]}]},{"@type":"WebPage","@id":"https:\/\/haberkuzey.com\/index.php\/2026\/04\/25\/cumhurbaskani-erhurman-14-mormenekse-enginar-festivaline-katildi\/","url":"https:\/\/haberkuzey.com\/index.php\/2026\/04\/25\/cumhurbaskani-erhurman-14-mormenekse-enginar-festivaline-katildi\/","name":"Cumhurba\u015fkan\u0131 Erh\u00fcrman, 14. Mormenek\u015fe Enginar Festivali\u2019ne kat\u0131ld\u0131 - Haber Kuzey","isPartOf":{"@id":"https:\/\/haberkuzey.com\/#website"},"primaryImageOfPage":{"@id":"https:\/\/haberkuzey.com\/index.php\/2026\/04\/25\/cumhurbaskani-erhurman-14-mormenekse-enginar-festivaline-katildi\/#primaryimage"},"image":{"@id":"https:\/\/haberkuzey.com\/index.php\/2026\/04\/25\/cumhurbaskani-erhurman-14-mormenekse-enginar-festivaline-katildi\/#primaryimage"},"thumbnailUrl":"https:\/\/haberkuzey.com\/wp-content\/uploads\/2026\/04\/WhatsApp-Image-2026-04-25-at-19.35.37-2.jpeg","datePublished":"2026-04-25T17:00:22+00:00","dateModified":"2026-04-25T17:00:31+00:00","author":{"@id":"https:\/\/haberkuzey.com\/#\/schema\/person\/3372109ec735f9333f4fa47ebb9605ca"},"breadcrumb":{"@id":"https:\/\/haberkuzey.com\/index.php\/2026\/04\/25\/cumhurbaskani-erhurman-14-mormenekse-enginar-festivaline-katildi\/#breadcrumb"},"inLanguage":"tr","potentialAction":[{"@type":"ReadAction","target":["https:\/\/haberkuzey.com\/index.php\/2026\/04\/25\/cumhurbaskani-erhurman-14-mormenekse-enginar-festivaline-katildi\/"]}]},{"@type":"ImageObject","inLanguage":"tr","@id":"https:\/\/haberkuzey.com\/index.php\/2026\/04\/25\/cumhurbaskani-erhurman-14-mormenekse-enginar-festivaline-katildi\/#primaryimage","url":"https:\/\/haberkuzey.com\/wp-content\/uploads\/2026\/04\/WhatsApp-Image-2026-04-25-at-19.35.37-2.jpeg","contentUrl":"https:\/\/haberkuzey.com\/wp-content\/uploads\/2026\/04\/WhatsApp-Image-2026-04-25-at-19.35.37-2.jpeg","width":1600,"height":1064},{"@type":"BreadcrumbList","@id":"https:\/\/haberkuzey.com\/index.php\/2026\/04\/25\/cumhurbaskani-erhurman-14-mormenekse-enginar-festivaline-katildi\/#breadcrumb","itemListElement":[{"@type":"ListItem","position":1,"name":"Anasayfa","item":"https:\/\/haberkuzey.com\/"},{"@type":"ListItem","position":2,"name":"Cumhurba\u015fkan\u0131 Erh\u00fcrman, 14. Mormenek\u015fe Enginar Festivali\u2019ne kat\u0131ld\u0131"}]},{"@type":"WebSite","@id":"https:\/\/haberkuzey.com\/#website","url":"https:\/\/haberkuzey.com\/","name":"Haber Kuzey","description":"Do\u011fru Haberin Adresi","potentialAction":[{"@type":"SearchAction","target":{"@type":"EntryPoint","urlTemplate":"https:\/\/haberkuzey.com\/?s={search_term_string}"},"query-input":{"@type":"PropertyValueSpecification","valueRequired":true,"valueName":"search_term_string"}}],"inLanguage":"tr"},{"@type":"Person","@id":"https:\/\/haberkuzey.com\/#\/schema\/person\/3372109ec735f9333f4fa47ebb9605ca","name":"haberkuzey","image":{"@type":"ImageObject","inLanguage":"tr","@id":"https:\/\/secure.gravatar.com\/avatar\/f5fc875574b1575324358c3b9e6a32b8227aa5b74f3fa22e3cadb63e26fcc39c?s=96&d=mm&r=g","url":"https:\/\/secure.gravatar.com\/avatar\/f5fc875574b1575324358c3b9e6a32b8227aa5b74f3fa22e3cadb63e26fcc39c?s=96&d=mm&r=g","contentUrl":"https:\/\/secure.gravatar.com\/avatar\/f5fc875574b1575324358c3b9e6a32b8227aa5b74f3fa22e3cadb63e26fcc39c?s=96&d=mm&r=g","caption":"haberkuzey"},"sameAs":["https:\/\/haberkuzey.com"],"url":"https:\/\/haberkuzey.com\/index.php\/author\/haberkuzey\/"}]}},"_links":{"self":[{"href":"https:\/\/haberkuzey.com\/index.php\/wp-json\/wp\/v2\/posts\/36351","targetHints":{"allow":["GET"]}}],"collection":[{"href":"https:\/\/haberkuzey.com\/index.php\/wp-json\/wp\/v2\/posts"}],"about":[{"href":"https:\/\/haberkuzey.com\/index.php\/wp-json\/wp\/v2\/types\/post"}],"author":[{"embeddable":true,"href":"https:\/\/haberkuzey.com\/index.php\/wp-json\/wp\/v2\/users\/1"}],"replies":[{"embeddable":true,"href":"https:\/\/haberkuzey.com\/index.php\/wp-json\/wp\/v2\/comments?post=36351"}],"version-history":[{"count":1,"href":"https:\/\/haberkuzey.com\/index.php\/wp-json\/wp\/v2\/posts\/36351\/revisions"}],"predecessor-version":[{"id":36353,"href":"https:\/\/haberkuzey.com\/index.php\/wp-json\/wp\/v2\/posts\/36351\/revisions\/36353"}],"wp:featuredmedia":[{"embeddable":true,"href":"https:\/\/haberkuzey.com\/index.php\/wp-json\/wp\/v2\/media\/36352"}],"wp:attachment":[{"href":"https:\/\/haberkuzey.com\/index.php\/wp-json\/wp\/v2\/media?parent=36351"}],"wp:term":[{"taxonomy":"category","embeddable":true,"href":"https:\/\/haberkuzey.com\/index.php\/wp-json\/wp\/v2\/categories?post=36351"},{"taxonomy":"post_tag","embeddable":true,"href":"https:\/\/haberkuzey.com\/index.php\/wp-json\/wp\/v2\/tags?post=36351"}],"curies":[{"name":"wp","href":"https:\/\/api.w.org\/{rel}","templated":true}]}}