{"id":36291,"date":"2026-04-25T08:17:41","date_gmt":"2026-04-25T05:17:41","guid":{"rendered":"https:\/\/haberkuzey.com\/index.php\/2026\/04\/25\/meta-yapay-zeka-butcesi-nedeniyle-8-bin-kisiyi-isten-cikaracak\/"},"modified":"2026-04-25T08:17:41","modified_gmt":"2026-04-25T05:17:41","slug":"meta-yapay-zeka-butcesi-nedeniyle-8-bin-kisiyi-isten-cikaracak","status":"publish","type":"post","link":"https:\/\/haberkuzey.com\/index.php\/2026\/04\/25\/meta-yapay-zeka-butcesi-nedeniyle-8-bin-kisiyi-isten-cikaracak\/","title":{"rendered":"Meta, yapay zeka b\u00fct\u00e7esi nedeniyle 8 bin ki\u015fiyi i\u015ften \u00e7\u0131karacak"},"content":{"rendered":"<p><\/p>\n<div>\n<p>&#13;<br \/>\n\t\u015eirket per\u015fembe g\u00fcn\u00fc \u00e7al\u0131\u015fanlar\u0131na g\u00f6nderdi\u011fi bilgi notunda, i\u015f g\u00fcc\u00fcn\u00fcn y\u00fczde 10&#8217;una tekab\u00fcl eden yakla\u015f\u0131k 8 bin ki\u015fiyi i\u015ften \u00e7\u0131karmay\u0131 planlad\u0131\u011f\u0131n\u0131 bildirdi.<\/p>\n<p>&#13;<br \/>\n\tAyr\u0131ca, i\u015fe al\u0131m s\u00fcrecindeki binlerce bo\u015f pozisyonun da doldurulmayaca\u011f\u0131 a\u00e7\u0131kland\u0131.<\/p>\n<h2>&#13;<br \/>\n\tYapay zeka b\u00fct\u00e7esi katlan\u0131yor<\/h2>\n<p>&#13;<br \/>\n\t\u0130\u015ften \u00e7\u0131karmalar\u0131n temel nedeni olarak Meta&#8217;n\u0131n yapay zeka dahil olmak \u00fczere di\u011fer alanlardaki harcamalar\u0131n\u0131 art\u0131rmas\u0131 g\u00f6sterildi.<\/p>\n<p>&#13;<br \/>\n\t\u015eirketin bu y\u0131l yapay zeka i\u00e7in 135 milyar dolar harcayaca\u011f\u0131 ifade edildi.<\/p>\n<p>&#13;<br \/>\n\tBu rakam\u0131n, Meta&#8217;n\u0131n son \u00fc\u00e7 y\u0131lda yapay zekaya yapt\u0131\u011f\u0131 toplam harcamaya e\u015f de\u011fer oldu\u011fu belirtildi. Meta s\u00f6zc\u00fcs\u00fc planlanan i\u015ften \u00e7\u0131karmalar\u0131 do\u011frularken, konuyla ilgili daha fazla a\u00e7\u0131klama yapmaktan ka\u00e7\u0131nd\u0131.<\/p>\n<h2>&#13;<br \/>\n\tZuckerberg verimlili\u011fe i\u015faret etti<\/h2>\n<p>&#13;<br \/>\n\tMeta CEO&#8217;su Mark Zuckerberg, ocak ay\u0131nda yapt\u0131\u011f\u0131 a\u00e7\u0131klamalarda bu y\u0131l yeniden i\u015ften \u00e7\u0131karmalar yap\u0131laca\u011f\u0131n\u0131n sinyallerini vermi\u015fti.<\/p>\n<p>&#13;<br \/>\n\tYapay zeka ara\u00e7lar\u0131n\u0131 yo\u011fun olarak kullanan \u00e7al\u0131\u015fanlar\u0131n \u00e7ok daha verimli hale geldi\u011fini g\u00f6zlemledi\u011fini belirten Zuckerberg, daha \u00f6nce b\u00fcy\u00fck ekipler gerektiren projelerin art\u0131k tek bir ki\u015fi taraf\u0131ndan tamamlanabildi\u011fine dikkat \u00e7ekti.<\/p>\n<p>&#13;<br \/>\n\tZuckerberg, &#8220;2026 y\u0131l\u0131n\u0131n, yapay zekan\u0131n \u00e7al\u0131\u015fma \u015feklimizi k\u00f6kten de\u011fi\u015ftirmeye ba\u015flad\u0131\u011f\u0131 y\u0131l olaca\u011f\u0131n\u0131 d\u00fc\u015f\u00fcn\u00fcyorum&#8221; dedi.<\/p>\n<h2>&#13;<br \/>\n\tSekt\u00f6r genelinde i\u015ften \u00e7\u0131karma dalgas\u0131<\/h2>\n<p>&#13;<br \/>\n\tYapay zeka yat\u0131r\u0131mlar\u0131na a\u011f\u0131rl\u0131k veren di\u011fer teknoloji devleri de benzer kararlar al\u0131yor.<\/p>\n<p>&#13;<br \/>\n\tBu y\u0131l Amazon 30 binden fazla, Oracle ise 10 binden fazla \u00e7al\u0131\u015fan\u0131n\u0131 i\u015ften \u00e7\u0131kard\u0131. Microsoft da per\u015fembe g\u00fcn\u00fc k\u0131demli \u00e7al\u0131\u015fanlar\u0131na g\u00f6n\u00fcll\u00fc i\u015ften ayr\u0131lma paketleri sunaca\u011f\u0131n\u0131 duyurdu.<\/p>\n<p>&#13;<br \/>\n\tTeknoloji d\u00fcnyas\u0131ndaki bu k\u00fc\u00e7\u00fclme dalgas\u0131nda, \u015firketlerin artan yapay zeka kabiliyetlerini ve bu teknolojiye y\u00f6nelik devasa yat\u0131r\u0131mlar\u0131n\u0131 gerek\u00e7e g\u00f6sterdikleri g\u00f6r\u00fcl\u00fcyor.<\/p>\n<\/p><\/div>\n","protected":false},"excerpt":{"rendered":"<p>&#13; \u015eirket per\u015fembe g\u00fcn\u00fc \u00e7al\u0131\u015fanlar\u0131na g\u00f6nderdi\u011fi bilgi notunda, i\u015f g\u00fcc\u00fcn\u00fcn y\u00fczde 10&#8217;una tekab\u00fcl eden yakla\u015f\u0131k 8 bin ki\u015fiyi i\u015ften \u00e7\u0131karmay\u0131 planlad\u0131\u011f\u0131n\u0131 bildirdi. &#13; Ayr\u0131ca, i\u015fe al\u0131m s\u00fcrecindeki binlerce bo\u015f pozisyonun da doldurulmayaca\u011f\u0131 a\u00e7\u0131kland\u0131. &#13; Yapay zeka b\u00fct\u00e7esi katlan\u0131yor &#13; \u0130\u015ften \u00e7\u0131karmalar\u0131n temel nedeni olarak Meta&#8217;n\u0131n yapay zeka dahil olmak \u00fczere di\u011fer alanlardaki harcamalar\u0131n\u0131 art\u0131rmas\u0131 g\u00f6sterildi. [&hellip;]<\/p>\n","protected":false},"author":1,"featured_media":30458,"comment_status":"open","ping_status":"open","sticky":false,"template":"","format":"standard","meta":{"jnews-multi-image_gallery":[],"jnews_single_post":[],"jnews_primary_category":[],"footnotes":""},"categories":[2],"tags":[],"class_list":["post-36291","post","type-post","status-publish","format-standard","has-post-thumbnail","hentry","category-dunya"],"yoast_head":"<!-- This site is optimized with the Yoast SEO plugin v27.4 - https:\/\/yoast.com\/product\/yoast-seo-wordpress\/ -->\n<title>Meta, yapay zeka b\u00fct\u00e7esi nedeniyle 8 bin ki\u015fiyi i\u015ften \u00e7\u0131karacak - Haber Kuzey<\/title>\n<meta name=\"robots\" content=\"index, follow, max-snippet:-1, max-image-preview:large, max-video-preview:-1\" \/>\n<link rel=\"canonical\" href=\"https:\/\/haberkuzey.com\/index.php\/2026\/04\/25\/meta-yapay-zeka-butcesi-nedeniyle-8-bin-kisiyi-isten-cikaracak\/\" \/>\n<meta property=\"og:locale\" content=\"tr_TR\" \/>\n<meta property=\"og:type\" content=\"article\" \/>\n<meta property=\"og:title\" content=\"Meta, yapay zeka b\u00fct\u00e7esi nedeniyle 8 bin ki\u015fiyi i\u015ften \u00e7\u0131karacak - Haber Kuzey\" \/>\n<meta property=\"og:description\" content=\"&#013; \u015eirket per\u015fembe g\u00fcn\u00fc \u00e7al\u0131\u015fanlar\u0131na g\u00f6nderdi\u011fi bilgi notunda, i\u015f g\u00fcc\u00fcn\u00fcn y\u00fczde 10&#8217;una tekab\u00fcl eden yakla\u015f\u0131k 8 bin ki\u015fiyi i\u015ften \u00e7\u0131karmay\u0131 planlad\u0131\u011f\u0131n\u0131 bildirdi. &#013; Ayr\u0131ca, i\u015fe al\u0131m s\u00fcrecindeki binlerce bo\u015f pozisyonun da doldurulmayaca\u011f\u0131 a\u00e7\u0131kland\u0131. &#013; Yapay zeka b\u00fct\u00e7esi katlan\u0131yor &#013; \u0130\u015ften \u00e7\u0131karmalar\u0131n temel nedeni olarak Meta&#8217;n\u0131n yapay zeka dahil olmak \u00fczere di\u011fer alanlardaki harcamalar\u0131n\u0131 art\u0131rmas\u0131 g\u00f6sterildi. [&hellip;]\" \/>\n<meta property=\"og:url\" content=\"https:\/\/haberkuzey.com\/index.php\/2026\/04\/25\/meta-yapay-zeka-butcesi-nedeniyle-8-bin-kisiyi-isten-cikaracak\/\" \/>\n<meta property=\"og:site_name\" content=\"Haber Kuzey\" \/>\n<meta property=\"article:published_time\" content=\"2026-04-25T05:17:41+00:00\" \/>\n<meta property=\"og:image\" content=\"https:\/\/trthaberstatic.cdn.wp.trt.com.tr\/resimler\/2168000\/meta-reu-2168000.jpg\" \/>\n<meta name=\"author\" content=\"haberkuzey\" \/>\n<meta name=\"twitter:card\" content=\"summary_large_image\" \/>\n<meta name=\"twitter:label1\" content=\"Yazan:\" \/>\n\t<meta name=\"twitter:data1\" content=\"haberkuzey\" \/>\n\t<meta name=\"twitter:label2\" content=\"Tahmini okuma s\u00fcresi\" \/>\n\t<meta name=\"twitter:data2\" content=\"2 dakika\" \/>\n<script type=\"application\/ld+json\" class=\"yoast-schema-graph\">{\"@context\":\"https:\\\/\\\/schema.org\",\"@graph\":[{\"@type\":\"Article\",\"@id\":\"https:\\\/\\\/haberkuzey.com\\\/index.php\\\/2026\\\/04\\\/25\\\/meta-yapay-zeka-butcesi-nedeniyle-8-bin-kisiyi-isten-cikaracak\\\/#article\",\"isPartOf\":{\"@id\":\"https:\\\/\\\/haberkuzey.com\\\/index.php\\\/2026\\\/04\\\/25\\\/meta-yapay-zeka-butcesi-nedeniyle-8-bin-kisiyi-isten-cikaracak\\\/\"},\"author\":{\"name\":\"haberkuzey\",\"@id\":\"https:\\\/\\\/haberkuzey.com\\\/#\\\/schema\\\/person\\\/3372109ec735f9333f4fa47ebb9605ca\"},\"headline\":\"Meta, yapay zeka b\u00fct\u00e7esi nedeniyle 8 bin ki\u015fiyi i\u015ften \u00e7\u0131karacak\",\"datePublished\":\"2026-04-25T05:17:41+00:00\",\"mainEntityOfPage\":{\"@id\":\"https:\\\/\\\/haberkuzey.com\\\/index.php\\\/2026\\\/04\\\/25\\\/meta-yapay-zeka-butcesi-nedeniyle-8-bin-kisiyi-isten-cikaracak\\\/\"},\"wordCount\":341,\"commentCount\":0,\"image\":{\"@id\":\"https:\\\/\\\/haberkuzey.com\\\/index.php\\\/2026\\\/04\\\/25\\\/meta-yapay-zeka-butcesi-nedeniyle-8-bin-kisiyi-isten-cikaracak\\\/#primaryimage\"},\"thumbnailUrl\":\"https:\\\/\\\/haberkuzey.com\\\/wp-content\\\/uploads\\\/2025\\\/10\\\/meta-reu-2168000.jpg\",\"articleSection\":[\"D\u00fcnya\"],\"inLanguage\":\"tr\",\"potentialAction\":[{\"@type\":\"CommentAction\",\"name\":\"Comment\",\"target\":[\"https:\\\/\\\/haberkuzey.com\\\/index.php\\\/2026\\\/04\\\/25\\\/meta-yapay-zeka-butcesi-nedeniyle-8-bin-kisiyi-isten-cikaracak\\\/#respond\"]}]},{\"@type\":\"WebPage\",\"@id\":\"https:\\\/\\\/haberkuzey.com\\\/index.php\\\/2026\\\/04\\\/25\\\/meta-yapay-zeka-butcesi-nedeniyle-8-bin-kisiyi-isten-cikaracak\\\/\",\"url\":\"https:\\\/\\\/haberkuzey.com\\\/index.php\\\/2026\\\/04\\\/25\\\/meta-yapay-zeka-butcesi-nedeniyle-8-bin-kisiyi-isten-cikaracak\\\/\",\"name\":\"Meta, yapay zeka b\u00fct\u00e7esi nedeniyle 8 bin ki\u015fiyi i\u015ften \u00e7\u0131karacak - Haber Kuzey\",\"isPartOf\":{\"@id\":\"https:\\\/\\\/haberkuzey.com\\\/#website\"},\"primaryImageOfPage\":{\"@id\":\"https:\\\/\\\/haberkuzey.com\\\/index.php\\\/2026\\\/04\\\/25\\\/meta-yapay-zeka-butcesi-nedeniyle-8-bin-kisiyi-isten-cikaracak\\\/#primaryimage\"},\"image\":{\"@id\":\"https:\\\/\\\/haberkuzey.com\\\/index.php\\\/2026\\\/04\\\/25\\\/meta-yapay-zeka-butcesi-nedeniyle-8-bin-kisiyi-isten-cikaracak\\\/#primaryimage\"},\"thumbnailUrl\":\"https:\\\/\\\/haberkuzey.com\\\/wp-content\\\/uploads\\\/2025\\\/10\\\/meta-reu-2168000.jpg\",\"datePublished\":\"2026-04-25T05:17:41+00:00\",\"author\":{\"@id\":\"https:\\\/\\\/haberkuzey.com\\\/#\\\/schema\\\/person\\\/3372109ec735f9333f4fa47ebb9605ca\"},\"breadcrumb\":{\"@id\":\"https:\\\/\\\/haberkuzey.com\\\/index.php\\\/2026\\\/04\\\/25\\\/meta-yapay-zeka-butcesi-nedeniyle-8-bin-kisiyi-isten-cikaracak\\\/#breadcrumb\"},\"inLanguage\":\"tr\",\"potentialAction\":[{\"@type\":\"ReadAction\",\"target\":[\"https:\\\/\\\/haberkuzey.com\\\/index.php\\\/2026\\\/04\\\/25\\\/meta-yapay-zeka-butcesi-nedeniyle-8-bin-kisiyi-isten-cikaracak\\\/\"]}]},{\"@type\":\"ImageObject\",\"inLanguage\":\"tr\",\"@id\":\"https:\\\/\\\/haberkuzey.com\\\/index.php\\\/2026\\\/04\\\/25\\\/meta-yapay-zeka-butcesi-nedeniyle-8-bin-kisiyi-isten-cikaracak\\\/#primaryimage\",\"url\":\"https:\\\/\\\/haberkuzey.com\\\/wp-content\\\/uploads\\\/2025\\\/10\\\/meta-reu-2168000.jpg\",\"contentUrl\":\"https:\\\/\\\/haberkuzey.com\\\/wp-content\\\/uploads\\\/2025\\\/10\\\/meta-reu-2168000.jpg\",\"width\":1280,\"height\":720},{\"@type\":\"BreadcrumbList\",\"@id\":\"https:\\\/\\\/haberkuzey.com\\\/index.php\\\/2026\\\/04\\\/25\\\/meta-yapay-zeka-butcesi-nedeniyle-8-bin-kisiyi-isten-cikaracak\\\/#breadcrumb\",\"itemListElement\":[{\"@type\":\"ListItem\",\"position\":1,\"name\":\"Anasayfa\",\"item\":\"https:\\\/\\\/haberkuzey.com\\\/\"},{\"@type\":\"ListItem\",\"position\":2,\"name\":\"Meta, yapay zeka b\u00fct\u00e7esi nedeniyle 8 bin ki\u015fiyi i\u015ften \u00e7\u0131karacak\"}]},{\"@type\":\"WebSite\",\"@id\":\"https:\\\/\\\/haberkuzey.com\\\/#website\",\"url\":\"https:\\\/\\\/haberkuzey.com\\\/\",\"name\":\"Haber Kuzey\",\"description\":\"Do\u011fru Haberin Adresi\",\"potentialAction\":[{\"@type\":\"SearchAction\",\"target\":{\"@type\":\"EntryPoint\",\"urlTemplate\":\"https:\\\/\\\/haberkuzey.com\\\/?s={search_term_string}\"},\"query-input\":{\"@type\":\"PropertyValueSpecification\",\"valueRequired\":true,\"valueName\":\"search_term_string\"}}],\"inLanguage\":\"tr\"},{\"@type\":\"Person\",\"@id\":\"https:\\\/\\\/haberkuzey.com\\\/#\\\/schema\\\/person\\\/3372109ec735f9333f4fa47ebb9605ca\",\"name\":\"haberkuzey\",\"image\":{\"@type\":\"ImageObject\",\"inLanguage\":\"tr\",\"@id\":\"https:\\\/\\\/secure.gravatar.com\\\/avatar\\\/f5fc875574b1575324358c3b9e6a32b8227aa5b74f3fa22e3cadb63e26fcc39c?s=96&d=mm&r=g\",\"url\":\"https:\\\/\\\/secure.gravatar.com\\\/avatar\\\/f5fc875574b1575324358c3b9e6a32b8227aa5b74f3fa22e3cadb63e26fcc39c?s=96&d=mm&r=g\",\"contentUrl\":\"https:\\\/\\\/secure.gravatar.com\\\/avatar\\\/f5fc875574b1575324358c3b9e6a32b8227aa5b74f3fa22e3cadb63e26fcc39c?s=96&d=mm&r=g\",\"caption\":\"haberkuzey\"},\"sameAs\":[\"https:\\\/\\\/haberkuzey.com\"],\"url\":\"https:\\\/\\\/haberkuzey.com\\\/index.php\\\/author\\\/haberkuzey\\\/\"}]}<\/script>\n<!-- \/ Yoast SEO plugin. -->","yoast_head_json":{"title":"Meta, yapay zeka b\u00fct\u00e7esi nedeniyle 8 bin ki\u015fiyi i\u015ften \u00e7\u0131karacak - Haber Kuzey","robots":{"index":"index","follow":"follow","max-snippet":"max-snippet:-1","max-image-preview":"max-image-preview:large","max-video-preview":"max-video-preview:-1"},"canonical":"https:\/\/haberkuzey.com\/index.php\/2026\/04\/25\/meta-yapay-zeka-butcesi-nedeniyle-8-bin-kisiyi-isten-cikaracak\/","og_locale":"tr_TR","og_type":"article","og_title":"Meta, yapay zeka b\u00fct\u00e7esi nedeniyle 8 bin ki\u015fiyi i\u015ften \u00e7\u0131karacak - Haber Kuzey","og_description":"&#13; \u015eirket per\u015fembe g\u00fcn\u00fc \u00e7al\u0131\u015fanlar\u0131na g\u00f6nderdi\u011fi bilgi notunda, i\u015f g\u00fcc\u00fcn\u00fcn y\u00fczde 10&#8217;una tekab\u00fcl eden yakla\u015f\u0131k 8 bin ki\u015fiyi i\u015ften \u00e7\u0131karmay\u0131 planlad\u0131\u011f\u0131n\u0131 bildirdi. &#13; Ayr\u0131ca, i\u015fe al\u0131m s\u00fcrecindeki binlerce bo\u015f pozisyonun da doldurulmayaca\u011f\u0131 a\u00e7\u0131kland\u0131. &#13; Yapay zeka b\u00fct\u00e7esi katlan\u0131yor &#13; \u0130\u015ften \u00e7\u0131karmalar\u0131n temel nedeni olarak Meta&#8217;n\u0131n yapay zeka dahil olmak \u00fczere di\u011fer alanlardaki harcamalar\u0131n\u0131 art\u0131rmas\u0131 g\u00f6sterildi. [&hellip;]","og_url":"https:\/\/haberkuzey.com\/index.php\/2026\/04\/25\/meta-yapay-zeka-butcesi-nedeniyle-8-bin-kisiyi-isten-cikaracak\/","og_site_name":"Haber Kuzey","article_published_time":"2026-04-25T05:17:41+00:00","og_image":[{"url":"https:\/\/trthaberstatic.cdn.wp.trt.com.tr\/resimler\/2168000\/meta-reu-2168000.jpg","type":"","width":"","height":""}],"author":"haberkuzey","twitter_card":"summary_large_image","twitter_misc":{"Yazan:":"haberkuzey","Tahmini okuma s\u00fcresi":"2 dakika"},"schema":{"@context":"https:\/\/schema.org","@graph":[{"@type":"Article","@id":"https:\/\/haberkuzey.com\/index.php\/2026\/04\/25\/meta-yapay-zeka-butcesi-nedeniyle-8-bin-kisiyi-isten-cikaracak\/#article","isPartOf":{"@id":"https:\/\/haberkuzey.com\/index.php\/2026\/04\/25\/meta-yapay-zeka-butcesi-nedeniyle-8-bin-kisiyi-isten-cikaracak\/"},"author":{"name":"haberkuzey","@id":"https:\/\/haberkuzey.com\/#\/schema\/person\/3372109ec735f9333f4fa47ebb9605ca"},"headline":"Meta, yapay zeka b\u00fct\u00e7esi nedeniyle 8 bin ki\u015fiyi i\u015ften \u00e7\u0131karacak","datePublished":"2026-04-25T05:17:41+00:00","mainEntityOfPage":{"@id":"https:\/\/haberkuzey.com\/index.php\/2026\/04\/25\/meta-yapay-zeka-butcesi-nedeniyle-8-bin-kisiyi-isten-cikaracak\/"},"wordCount":341,"commentCount":0,"image":{"@id":"https:\/\/haberkuzey.com\/index.php\/2026\/04\/25\/meta-yapay-zeka-butcesi-nedeniyle-8-bin-kisiyi-isten-cikaracak\/#primaryimage"},"thumbnailUrl":"https:\/\/haberkuzey.com\/wp-content\/uploads\/2025\/10\/meta-reu-2168000.jpg","articleSection":["D\u00fcnya"],"inLanguage":"tr","potentialAction":[{"@type":"CommentAction","name":"Comment","target":["https:\/\/haberkuzey.com\/index.php\/2026\/04\/25\/meta-yapay-zeka-butcesi-nedeniyle-8-bin-kisiyi-isten-cikaracak\/#respond"]}]},{"@type":"WebPage","@id":"https:\/\/haberkuzey.com\/index.php\/2026\/04\/25\/meta-yapay-zeka-butcesi-nedeniyle-8-bin-kisiyi-isten-cikaracak\/","url":"https:\/\/haberkuzey.com\/index.php\/2026\/04\/25\/meta-yapay-zeka-butcesi-nedeniyle-8-bin-kisiyi-isten-cikaracak\/","name":"Meta, yapay zeka b\u00fct\u00e7esi nedeniyle 8 bin ki\u015fiyi i\u015ften \u00e7\u0131karacak - Haber Kuzey","isPartOf":{"@id":"https:\/\/haberkuzey.com\/#website"},"primaryImageOfPage":{"@id":"https:\/\/haberkuzey.com\/index.php\/2026\/04\/25\/meta-yapay-zeka-butcesi-nedeniyle-8-bin-kisiyi-isten-cikaracak\/#primaryimage"},"image":{"@id":"https:\/\/haberkuzey.com\/index.php\/2026\/04\/25\/meta-yapay-zeka-butcesi-nedeniyle-8-bin-kisiyi-isten-cikaracak\/#primaryimage"},"thumbnailUrl":"https:\/\/haberkuzey.com\/wp-content\/uploads\/2025\/10\/meta-reu-2168000.jpg","datePublished":"2026-04-25T05:17:41+00:00","author":{"@id":"https:\/\/haberkuzey.com\/#\/schema\/person\/3372109ec735f9333f4fa47ebb9605ca"},"breadcrumb":{"@id":"https:\/\/haberkuzey.com\/index.php\/2026\/04\/25\/meta-yapay-zeka-butcesi-nedeniyle-8-bin-kisiyi-isten-cikaracak\/#breadcrumb"},"inLanguage":"tr","potentialAction":[{"@type":"ReadAction","target":["https:\/\/haberkuzey.com\/index.php\/2026\/04\/25\/meta-yapay-zeka-butcesi-nedeniyle-8-bin-kisiyi-isten-cikaracak\/"]}]},{"@type":"ImageObject","inLanguage":"tr","@id":"https:\/\/haberkuzey.com\/index.php\/2026\/04\/25\/meta-yapay-zeka-butcesi-nedeniyle-8-bin-kisiyi-isten-cikaracak\/#primaryimage","url":"https:\/\/haberkuzey.com\/wp-content\/uploads\/2025\/10\/meta-reu-2168000.jpg","contentUrl":"https:\/\/haberkuzey.com\/wp-content\/uploads\/2025\/10\/meta-reu-2168000.jpg","width":1280,"height":720},{"@type":"BreadcrumbList","@id":"https:\/\/haberkuzey.com\/index.php\/2026\/04\/25\/meta-yapay-zeka-butcesi-nedeniyle-8-bin-kisiyi-isten-cikaracak\/#breadcrumb","itemListElement":[{"@type":"ListItem","position":1,"name":"Anasayfa","item":"https:\/\/haberkuzey.com\/"},{"@type":"ListItem","position":2,"name":"Meta, yapay zeka b\u00fct\u00e7esi nedeniyle 8 bin ki\u015fiyi i\u015ften \u00e7\u0131karacak"}]},{"@type":"WebSite","@id":"https:\/\/haberkuzey.com\/#website","url":"https:\/\/haberkuzey.com\/","name":"Haber Kuzey","description":"Do\u011fru Haberin Adresi","potentialAction":[{"@type":"SearchAction","target":{"@type":"EntryPoint","urlTemplate":"https:\/\/haberkuzey.com\/?s={search_term_string}"},"query-input":{"@type":"PropertyValueSpecification","valueRequired":true,"valueName":"search_term_string"}}],"inLanguage":"tr"},{"@type":"Person","@id":"https:\/\/haberkuzey.com\/#\/schema\/person\/3372109ec735f9333f4fa47ebb9605ca","name":"haberkuzey","image":{"@type":"ImageObject","inLanguage":"tr","@id":"https:\/\/secure.gravatar.com\/avatar\/f5fc875574b1575324358c3b9e6a32b8227aa5b74f3fa22e3cadb63e26fcc39c?s=96&d=mm&r=g","url":"https:\/\/secure.gravatar.com\/avatar\/f5fc875574b1575324358c3b9e6a32b8227aa5b74f3fa22e3cadb63e26fcc39c?s=96&d=mm&r=g","contentUrl":"https:\/\/secure.gravatar.com\/avatar\/f5fc875574b1575324358c3b9e6a32b8227aa5b74f3fa22e3cadb63e26fcc39c?s=96&d=mm&r=g","caption":"haberkuzey"},"sameAs":["https:\/\/haberkuzey.com"],"url":"https:\/\/haberkuzey.com\/index.php\/author\/haberkuzey\/"}]}},"_links":{"self":[{"href":"https:\/\/haberkuzey.com\/index.php\/wp-json\/wp\/v2\/posts\/36291","targetHints":{"allow":["GET"]}}],"collection":[{"href":"https:\/\/haberkuzey.com\/index.php\/wp-json\/wp\/v2\/posts"}],"about":[{"href":"https:\/\/haberkuzey.com\/index.php\/wp-json\/wp\/v2\/types\/post"}],"author":[{"embeddable":true,"href":"https:\/\/haberkuzey.com\/index.php\/wp-json\/wp\/v2\/users\/1"}],"replies":[{"embeddable":true,"href":"https:\/\/haberkuzey.com\/index.php\/wp-json\/wp\/v2\/comments?post=36291"}],"version-history":[{"count":0,"href":"https:\/\/haberkuzey.com\/index.php\/wp-json\/wp\/v2\/posts\/36291\/revisions"}],"wp:featuredmedia":[{"embeddable":true,"href":"https:\/\/haberkuzey.com\/index.php\/wp-json\/wp\/v2\/media\/30458"}],"wp:attachment":[{"href":"https:\/\/haberkuzey.com\/index.php\/wp-json\/wp\/v2\/media?parent=36291"}],"wp:term":[{"taxonomy":"category","embeddable":true,"href":"https:\/\/haberkuzey.com\/index.php\/wp-json\/wp\/v2\/categories?post=36291"},{"taxonomy":"post_tag","embeddable":true,"href":"https:\/\/haberkuzey.com\/index.php\/wp-json\/wp\/v2\/tags?post=36291"}],"curies":[{"name":"wp","href":"https:\/\/api.w.org\/{rel}","templated":true}]}}