{"id":36168,"date":"2026-04-24T09:21:52","date_gmt":"2026-04-24T06:21:52","guid":{"rendered":"https:\/\/haberkuzey.com\/index.php\/2026\/04\/24\/dortyolda-insaattan-dusen-isci-hayatini-kaybetti\/"},"modified":"2026-04-24T09:22:00","modified_gmt":"2026-04-24T06:22:00","slug":"dortyolda-insaattan-dusen-isci-hayatini-kaybetti","status":"publish","type":"post","link":"https:\/\/haberkuzey.com\/index.php\/2026\/04\/24\/dortyolda-insaattan-dusen-isci-hayatini-kaybetti\/","title":{"rendered":"D\u00f6rtyol\u2019da in\u015faattan d\u00fc\u015fen i\u015f\u00e7i hayat\u0131n\u0131 kaybetti"},"content":{"rendered":"<p data-start=\"55\" data-end=\"134\">D\u00f6rtyol\u2019da yap\u0131m\u0131 s\u00fcren bir in\u015faatta meydana gelen i\u015f kazas\u0131 \u00f6l\u00fcmle sonu\u00e7land\u0131.<\/p>\n<p data-start=\"136\" data-end=\"369\">Polisten verilen bilgiye g\u00f6re, 23 Nisan 2026 tarihinde saat 14.15 s\u0131ralar\u0131nda, in\u015faat\u0131n alt\u0131nc\u0131 kat\u0131ndaki balkonda bulunan kimli\u011fi hen\u00fcz tespit edilemeyen erkek \u015fah\u0131s, dengesini kaybederek yakla\u015f\u0131k 19 metre y\u00fckseklikten zemine d\u00fc\u015ft\u00fc.<\/p>\n<p data-start=\"371\" data-end=\"510\">A\u011f\u0131r yaralanan \u015fah\u0131s, kald\u0131r\u0131ld\u0131\u011f\u0131 Gazima\u011fusa Devlet Hastanesi\u2019nde doktorlar\u0131n t\u00fcm m\u00fcdahalelerine ra\u011fmen kurtar\u0131lamayarak ya\u015fam\u0131n\u0131 yitirdi.<\/p>\n<p data-start=\"512\" data-end=\"559\" data-is-last-node=\"\" data-is-only-node=\"\">Olayla ilgili soru\u015fturman\u0131n s\u00fcrd\u00fc\u011f\u00fc bildirildi.<\/p>\n","protected":false},"excerpt":{"rendered":"<p>D\u00f6rtyol\u2019da yap\u0131m\u0131 s\u00fcren bir in\u015faatta meydana gelen i\u015f kazas\u0131 \u00f6l\u00fcmle sonu\u00e7land\u0131. Polisten verilen bilgiye g\u00f6re, 23 Nisan 2026 tarihinde saat 14.15 s\u0131ralar\u0131nda, in\u015faat\u0131n alt\u0131nc\u0131 kat\u0131ndaki balkonda bulunan kimli\u011fi hen\u00fcz tespit edilemeyen erkek \u015fah\u0131s, dengesini kaybederek yakla\u015f\u0131k 19 metre y\u00fckseklikten zemine d\u00fc\u015ft\u00fc. A\u011f\u0131r yaralanan \u015fah\u0131s, kald\u0131r\u0131ld\u0131\u011f\u0131 Gazima\u011fusa Devlet Hastanesi\u2019nde doktorlar\u0131n t\u00fcm m\u00fcdahalelerine ra\u011fmen kurtar\u0131lamayarak ya\u015fam\u0131n\u0131 yitirdi. [&hellip;]<\/p>\n","protected":false},"author":1,"featured_media":36169,"comment_status":"open","ping_status":"open","sticky":false,"template":"","format":"standard","meta":{"jnews-multi-image_gallery":[],"jnews_single_post":[],"jnews_primary_category":[],"footnotes":""},"categories":[1],"tags":[],"class_list":["post-36168","post","type-post","status-publish","format-standard","has-post-thumbnail","hentry","category-kibris"],"yoast_head":"<!-- This site is optimized with the Yoast SEO plugin v27.4 - https:\/\/yoast.com\/product\/yoast-seo-wordpress\/ -->\n<title>D\u00f6rtyol\u2019da in\u015faattan d\u00fc\u015fen i\u015f\u00e7i hayat\u0131n\u0131 kaybetti - Haber Kuzey<\/title>\n<meta name=\"robots\" content=\"index, follow, max-snippet:-1, max-image-preview:large, max-video-preview:-1\" \/>\n<link rel=\"canonical\" href=\"https:\/\/haberkuzey.com\/index.php\/2026\/04\/24\/dortyolda-insaattan-dusen-isci-hayatini-kaybetti\/\" \/>\n<meta property=\"og:locale\" content=\"tr_TR\" \/>\n<meta property=\"og:type\" content=\"article\" \/>\n<meta property=\"og:title\" content=\"D\u00f6rtyol\u2019da in\u015faattan d\u00fc\u015fen i\u015f\u00e7i hayat\u0131n\u0131 kaybetti - Haber Kuzey\" \/>\n<meta property=\"og:description\" content=\"D\u00f6rtyol\u2019da yap\u0131m\u0131 s\u00fcren bir in\u015faatta meydana gelen i\u015f kazas\u0131 \u00f6l\u00fcmle sonu\u00e7land\u0131. Polisten verilen bilgiye g\u00f6re, 23 Nisan 2026 tarihinde saat 14.15 s\u0131ralar\u0131nda, in\u015faat\u0131n alt\u0131nc\u0131 kat\u0131ndaki balkonda bulunan kimli\u011fi hen\u00fcz tespit edilemeyen erkek \u015fah\u0131s, dengesini kaybederek yakla\u015f\u0131k 19 metre y\u00fckseklikten zemine d\u00fc\u015ft\u00fc. A\u011f\u0131r yaralanan \u015fah\u0131s, kald\u0131r\u0131ld\u0131\u011f\u0131 Gazima\u011fusa Devlet Hastanesi\u2019nde doktorlar\u0131n t\u00fcm m\u00fcdahalelerine ra\u011fmen kurtar\u0131lamayarak ya\u015fam\u0131n\u0131 yitirdi. [&hellip;]\" \/>\n<meta property=\"og:url\" content=\"https:\/\/haberkuzey.com\/index.php\/2026\/04\/24\/dortyolda-insaattan-dusen-isci-hayatini-kaybetti\/\" \/>\n<meta property=\"og:site_name\" content=\"Haber Kuzey\" \/>\n<meta property=\"article:published_time\" content=\"2026-04-24T06:21:52+00:00\" \/>\n<meta property=\"article:modified_time\" content=\"2026-04-24T06:22:00+00:00\" \/>\n<meta property=\"og:image\" content=\"https:\/\/haberkuzey.com\/wp-content\/uploads\/2026\/04\/yuksekten-dusme.jpg\" \/>\n\t<meta property=\"og:image:width\" content=\"720\" \/>\n\t<meta property=\"og:image:height\" content=\"405\" \/>\n\t<meta property=\"og:image:type\" content=\"image\/jpeg\" \/>\n<meta name=\"author\" content=\"haberkuzey\" \/>\n<meta name=\"twitter:card\" content=\"summary_large_image\" \/>\n<meta name=\"twitter:label1\" content=\"Yazan:\" \/>\n\t<meta name=\"twitter:data1\" content=\"haberkuzey\" \/>\n<script type=\"application\/ld+json\" class=\"yoast-schema-graph\">{\"@context\":\"https:\\\/\\\/schema.org\",\"@graph\":[{\"@type\":\"Article\",\"@id\":\"https:\\\/\\\/haberkuzey.com\\\/index.php\\\/2026\\\/04\\\/24\\\/dortyolda-insaattan-dusen-isci-hayatini-kaybetti\\\/#article\",\"isPartOf\":{\"@id\":\"https:\\\/\\\/haberkuzey.com\\\/index.php\\\/2026\\\/04\\\/24\\\/dortyolda-insaattan-dusen-isci-hayatini-kaybetti\\\/\"},\"author\":{\"name\":\"haberkuzey\",\"@id\":\"https:\\\/\\\/haberkuzey.com\\\/#\\\/schema\\\/person\\\/3372109ec735f9333f4fa47ebb9605ca\"},\"headline\":\"D\u00f6rtyol\u2019da in\u015faattan d\u00fc\u015fen i\u015f\u00e7i hayat\u0131n\u0131 kaybetti\",\"datePublished\":\"2026-04-24T06:21:52+00:00\",\"dateModified\":\"2026-04-24T06:22:00+00:00\",\"mainEntityOfPage\":{\"@id\":\"https:\\\/\\\/haberkuzey.com\\\/index.php\\\/2026\\\/04\\\/24\\\/dortyolda-insaattan-dusen-isci-hayatini-kaybetti\\\/\"},\"wordCount\":104,\"commentCount\":0,\"image\":{\"@id\":\"https:\\\/\\\/haberkuzey.com\\\/index.php\\\/2026\\\/04\\\/24\\\/dortyolda-insaattan-dusen-isci-hayatini-kaybetti\\\/#primaryimage\"},\"thumbnailUrl\":\"https:\\\/\\\/haberkuzey.com\\\/wp-content\\\/uploads\\\/2026\\\/04\\\/yuksekten-dusme.jpg\",\"articleSection\":[\"K\u0131br\u0131s\"],\"inLanguage\":\"tr\",\"potentialAction\":[{\"@type\":\"CommentAction\",\"name\":\"Comment\",\"target\":[\"https:\\\/\\\/haberkuzey.com\\\/index.php\\\/2026\\\/04\\\/24\\\/dortyolda-insaattan-dusen-isci-hayatini-kaybetti\\\/#respond\"]}]},{\"@type\":\"WebPage\",\"@id\":\"https:\\\/\\\/haberkuzey.com\\\/index.php\\\/2026\\\/04\\\/24\\\/dortyolda-insaattan-dusen-isci-hayatini-kaybetti\\\/\",\"url\":\"https:\\\/\\\/haberkuzey.com\\\/index.php\\\/2026\\\/04\\\/24\\\/dortyolda-insaattan-dusen-isci-hayatini-kaybetti\\\/\",\"name\":\"D\u00f6rtyol\u2019da in\u015faattan d\u00fc\u015fen i\u015f\u00e7i hayat\u0131n\u0131 kaybetti - Haber Kuzey\",\"isPartOf\":{\"@id\":\"https:\\\/\\\/haberkuzey.com\\\/#website\"},\"primaryImageOfPage\":{\"@id\":\"https:\\\/\\\/haberkuzey.com\\\/index.php\\\/2026\\\/04\\\/24\\\/dortyolda-insaattan-dusen-isci-hayatini-kaybetti\\\/#primaryimage\"},\"image\":{\"@id\":\"https:\\\/\\\/haberkuzey.com\\\/index.php\\\/2026\\\/04\\\/24\\\/dortyolda-insaattan-dusen-isci-hayatini-kaybetti\\\/#primaryimage\"},\"thumbnailUrl\":\"https:\\\/\\\/haberkuzey.com\\\/wp-content\\\/uploads\\\/2026\\\/04\\\/yuksekten-dusme.jpg\",\"datePublished\":\"2026-04-24T06:21:52+00:00\",\"dateModified\":\"2026-04-24T06:22:00+00:00\",\"author\":{\"@id\":\"https:\\\/\\\/haberkuzey.com\\\/#\\\/schema\\\/person\\\/3372109ec735f9333f4fa47ebb9605ca\"},\"breadcrumb\":{\"@id\":\"https:\\\/\\\/haberkuzey.com\\\/index.php\\\/2026\\\/04\\\/24\\\/dortyolda-insaattan-dusen-isci-hayatini-kaybetti\\\/#breadcrumb\"},\"inLanguage\":\"tr\",\"potentialAction\":[{\"@type\":\"ReadAction\",\"target\":[\"https:\\\/\\\/haberkuzey.com\\\/index.php\\\/2026\\\/04\\\/24\\\/dortyolda-insaattan-dusen-isci-hayatini-kaybetti\\\/\"]}]},{\"@type\":\"ImageObject\",\"inLanguage\":\"tr\",\"@id\":\"https:\\\/\\\/haberkuzey.com\\\/index.php\\\/2026\\\/04\\\/24\\\/dortyolda-insaattan-dusen-isci-hayatini-kaybetti\\\/#primaryimage\",\"url\":\"https:\\\/\\\/haberkuzey.com\\\/wp-content\\\/uploads\\\/2026\\\/04\\\/yuksekten-dusme.jpg\",\"contentUrl\":\"https:\\\/\\\/haberkuzey.com\\\/wp-content\\\/uploads\\\/2026\\\/04\\\/yuksekten-dusme.jpg\",\"width\":720,\"height\":405},{\"@type\":\"BreadcrumbList\",\"@id\":\"https:\\\/\\\/haberkuzey.com\\\/index.php\\\/2026\\\/04\\\/24\\\/dortyolda-insaattan-dusen-isci-hayatini-kaybetti\\\/#breadcrumb\",\"itemListElement\":[{\"@type\":\"ListItem\",\"position\":1,\"name\":\"Anasayfa\",\"item\":\"https:\\\/\\\/haberkuzey.com\\\/\"},{\"@type\":\"ListItem\",\"position\":2,\"name\":\"D\u00f6rtyol\u2019da in\u015faattan d\u00fc\u015fen i\u015f\u00e7i hayat\u0131n\u0131 kaybetti\"}]},{\"@type\":\"WebSite\",\"@id\":\"https:\\\/\\\/haberkuzey.com\\\/#website\",\"url\":\"https:\\\/\\\/haberkuzey.com\\\/\",\"name\":\"Haber Kuzey\",\"description\":\"Do\u011fru Haberin Adresi\",\"potentialAction\":[{\"@type\":\"SearchAction\",\"target\":{\"@type\":\"EntryPoint\",\"urlTemplate\":\"https:\\\/\\\/haberkuzey.com\\\/?s={search_term_string}\"},\"query-input\":{\"@type\":\"PropertyValueSpecification\",\"valueRequired\":true,\"valueName\":\"search_term_string\"}}],\"inLanguage\":\"tr\"},{\"@type\":\"Person\",\"@id\":\"https:\\\/\\\/haberkuzey.com\\\/#\\\/schema\\\/person\\\/3372109ec735f9333f4fa47ebb9605ca\",\"name\":\"haberkuzey\",\"image\":{\"@type\":\"ImageObject\",\"inLanguage\":\"tr\",\"@id\":\"https:\\\/\\\/secure.gravatar.com\\\/avatar\\\/f5fc875574b1575324358c3b9e6a32b8227aa5b74f3fa22e3cadb63e26fcc39c?s=96&d=mm&r=g\",\"url\":\"https:\\\/\\\/secure.gravatar.com\\\/avatar\\\/f5fc875574b1575324358c3b9e6a32b8227aa5b74f3fa22e3cadb63e26fcc39c?s=96&d=mm&r=g\",\"contentUrl\":\"https:\\\/\\\/secure.gravatar.com\\\/avatar\\\/f5fc875574b1575324358c3b9e6a32b8227aa5b74f3fa22e3cadb63e26fcc39c?s=96&d=mm&r=g\",\"caption\":\"haberkuzey\"},\"sameAs\":[\"https:\\\/\\\/haberkuzey.com\"],\"url\":\"https:\\\/\\\/haberkuzey.com\\\/index.php\\\/author\\\/haberkuzey\\\/\"}]}<\/script>\n<!-- \/ Yoast SEO plugin. -->","yoast_head_json":{"title":"D\u00f6rtyol\u2019da in\u015faattan d\u00fc\u015fen i\u015f\u00e7i hayat\u0131n\u0131 kaybetti - Haber Kuzey","robots":{"index":"index","follow":"follow","max-snippet":"max-snippet:-1","max-image-preview":"max-image-preview:large","max-video-preview":"max-video-preview:-1"},"canonical":"https:\/\/haberkuzey.com\/index.php\/2026\/04\/24\/dortyolda-insaattan-dusen-isci-hayatini-kaybetti\/","og_locale":"tr_TR","og_type":"article","og_title":"D\u00f6rtyol\u2019da in\u015faattan d\u00fc\u015fen i\u015f\u00e7i hayat\u0131n\u0131 kaybetti - Haber Kuzey","og_description":"D\u00f6rtyol\u2019da yap\u0131m\u0131 s\u00fcren bir in\u015faatta meydana gelen i\u015f kazas\u0131 \u00f6l\u00fcmle sonu\u00e7land\u0131. Polisten verilen bilgiye g\u00f6re, 23 Nisan 2026 tarihinde saat 14.15 s\u0131ralar\u0131nda, in\u015faat\u0131n alt\u0131nc\u0131 kat\u0131ndaki balkonda bulunan kimli\u011fi hen\u00fcz tespit edilemeyen erkek \u015fah\u0131s, dengesini kaybederek yakla\u015f\u0131k 19 metre y\u00fckseklikten zemine d\u00fc\u015ft\u00fc. A\u011f\u0131r yaralanan \u015fah\u0131s, kald\u0131r\u0131ld\u0131\u011f\u0131 Gazima\u011fusa Devlet Hastanesi\u2019nde doktorlar\u0131n t\u00fcm m\u00fcdahalelerine ra\u011fmen kurtar\u0131lamayarak ya\u015fam\u0131n\u0131 yitirdi. [&hellip;]","og_url":"https:\/\/haberkuzey.com\/index.php\/2026\/04\/24\/dortyolda-insaattan-dusen-isci-hayatini-kaybetti\/","og_site_name":"Haber Kuzey","article_published_time":"2026-04-24T06:21:52+00:00","article_modified_time":"2026-04-24T06:22:00+00:00","og_image":[{"width":720,"height":405,"url":"https:\/\/haberkuzey.com\/wp-content\/uploads\/2026\/04\/yuksekten-dusme.jpg","type":"image\/jpeg"}],"author":"haberkuzey","twitter_card":"summary_large_image","twitter_misc":{"Yazan:":"haberkuzey"},"schema":{"@context":"https:\/\/schema.org","@graph":[{"@type":"Article","@id":"https:\/\/haberkuzey.com\/index.php\/2026\/04\/24\/dortyolda-insaattan-dusen-isci-hayatini-kaybetti\/#article","isPartOf":{"@id":"https:\/\/haberkuzey.com\/index.php\/2026\/04\/24\/dortyolda-insaattan-dusen-isci-hayatini-kaybetti\/"},"author":{"name":"haberkuzey","@id":"https:\/\/haberkuzey.com\/#\/schema\/person\/3372109ec735f9333f4fa47ebb9605ca"},"headline":"D\u00f6rtyol\u2019da in\u015faattan d\u00fc\u015fen i\u015f\u00e7i hayat\u0131n\u0131 kaybetti","datePublished":"2026-04-24T06:21:52+00:00","dateModified":"2026-04-24T06:22:00+00:00","mainEntityOfPage":{"@id":"https:\/\/haberkuzey.com\/index.php\/2026\/04\/24\/dortyolda-insaattan-dusen-isci-hayatini-kaybetti\/"},"wordCount":104,"commentCount":0,"image":{"@id":"https:\/\/haberkuzey.com\/index.php\/2026\/04\/24\/dortyolda-insaattan-dusen-isci-hayatini-kaybetti\/#primaryimage"},"thumbnailUrl":"https:\/\/haberkuzey.com\/wp-content\/uploads\/2026\/04\/yuksekten-dusme.jpg","articleSection":["K\u0131br\u0131s"],"inLanguage":"tr","potentialAction":[{"@type":"CommentAction","name":"Comment","target":["https:\/\/haberkuzey.com\/index.php\/2026\/04\/24\/dortyolda-insaattan-dusen-isci-hayatini-kaybetti\/#respond"]}]},{"@type":"WebPage","@id":"https:\/\/haberkuzey.com\/index.php\/2026\/04\/24\/dortyolda-insaattan-dusen-isci-hayatini-kaybetti\/","url":"https:\/\/haberkuzey.com\/index.php\/2026\/04\/24\/dortyolda-insaattan-dusen-isci-hayatini-kaybetti\/","name":"D\u00f6rtyol\u2019da in\u015faattan d\u00fc\u015fen i\u015f\u00e7i hayat\u0131n\u0131 kaybetti - Haber Kuzey","isPartOf":{"@id":"https:\/\/haberkuzey.com\/#website"},"primaryImageOfPage":{"@id":"https:\/\/haberkuzey.com\/index.php\/2026\/04\/24\/dortyolda-insaattan-dusen-isci-hayatini-kaybetti\/#primaryimage"},"image":{"@id":"https:\/\/haberkuzey.com\/index.php\/2026\/04\/24\/dortyolda-insaattan-dusen-isci-hayatini-kaybetti\/#primaryimage"},"thumbnailUrl":"https:\/\/haberkuzey.com\/wp-content\/uploads\/2026\/04\/yuksekten-dusme.jpg","datePublished":"2026-04-24T06:21:52+00:00","dateModified":"2026-04-24T06:22:00+00:00","author":{"@id":"https:\/\/haberkuzey.com\/#\/schema\/person\/3372109ec735f9333f4fa47ebb9605ca"},"breadcrumb":{"@id":"https:\/\/haberkuzey.com\/index.php\/2026\/04\/24\/dortyolda-insaattan-dusen-isci-hayatini-kaybetti\/#breadcrumb"},"inLanguage":"tr","potentialAction":[{"@type":"ReadAction","target":["https:\/\/haberkuzey.com\/index.php\/2026\/04\/24\/dortyolda-insaattan-dusen-isci-hayatini-kaybetti\/"]}]},{"@type":"ImageObject","inLanguage":"tr","@id":"https:\/\/haberkuzey.com\/index.php\/2026\/04\/24\/dortyolda-insaattan-dusen-isci-hayatini-kaybetti\/#primaryimage","url":"https:\/\/haberkuzey.com\/wp-content\/uploads\/2026\/04\/yuksekten-dusme.jpg","contentUrl":"https:\/\/haberkuzey.com\/wp-content\/uploads\/2026\/04\/yuksekten-dusme.jpg","width":720,"height":405},{"@type":"BreadcrumbList","@id":"https:\/\/haberkuzey.com\/index.php\/2026\/04\/24\/dortyolda-insaattan-dusen-isci-hayatini-kaybetti\/#breadcrumb","itemListElement":[{"@type":"ListItem","position":1,"name":"Anasayfa","item":"https:\/\/haberkuzey.com\/"},{"@type":"ListItem","position":2,"name":"D\u00f6rtyol\u2019da in\u015faattan d\u00fc\u015fen i\u015f\u00e7i hayat\u0131n\u0131 kaybetti"}]},{"@type":"WebSite","@id":"https:\/\/haberkuzey.com\/#website","url":"https:\/\/haberkuzey.com\/","name":"Haber Kuzey","description":"Do\u011fru Haberin Adresi","potentialAction":[{"@type":"SearchAction","target":{"@type":"EntryPoint","urlTemplate":"https:\/\/haberkuzey.com\/?s={search_term_string}"},"query-input":{"@type":"PropertyValueSpecification","valueRequired":true,"valueName":"search_term_string"}}],"inLanguage":"tr"},{"@type":"Person","@id":"https:\/\/haberkuzey.com\/#\/schema\/person\/3372109ec735f9333f4fa47ebb9605ca","name":"haberkuzey","image":{"@type":"ImageObject","inLanguage":"tr","@id":"https:\/\/secure.gravatar.com\/avatar\/f5fc875574b1575324358c3b9e6a32b8227aa5b74f3fa22e3cadb63e26fcc39c?s=96&d=mm&r=g","url":"https:\/\/secure.gravatar.com\/avatar\/f5fc875574b1575324358c3b9e6a32b8227aa5b74f3fa22e3cadb63e26fcc39c?s=96&d=mm&r=g","contentUrl":"https:\/\/secure.gravatar.com\/avatar\/f5fc875574b1575324358c3b9e6a32b8227aa5b74f3fa22e3cadb63e26fcc39c?s=96&d=mm&r=g","caption":"haberkuzey"},"sameAs":["https:\/\/haberkuzey.com"],"url":"https:\/\/haberkuzey.com\/index.php\/author\/haberkuzey\/"}]}},"_links":{"self":[{"href":"https:\/\/haberkuzey.com\/index.php\/wp-json\/wp\/v2\/posts\/36168","targetHints":{"allow":["GET"]}}],"collection":[{"href":"https:\/\/haberkuzey.com\/index.php\/wp-json\/wp\/v2\/posts"}],"about":[{"href":"https:\/\/haberkuzey.com\/index.php\/wp-json\/wp\/v2\/types\/post"}],"author":[{"embeddable":true,"href":"https:\/\/haberkuzey.com\/index.php\/wp-json\/wp\/v2\/users\/1"}],"replies":[{"embeddable":true,"href":"https:\/\/haberkuzey.com\/index.php\/wp-json\/wp\/v2\/comments?post=36168"}],"version-history":[{"count":1,"href":"https:\/\/haberkuzey.com\/index.php\/wp-json\/wp\/v2\/posts\/36168\/revisions"}],"predecessor-version":[{"id":36170,"href":"https:\/\/haberkuzey.com\/index.php\/wp-json\/wp\/v2\/posts\/36168\/revisions\/36170"}],"wp:featuredmedia":[{"embeddable":true,"href":"https:\/\/haberkuzey.com\/index.php\/wp-json\/wp\/v2\/media\/36169"}],"wp:attachment":[{"href":"https:\/\/haberkuzey.com\/index.php\/wp-json\/wp\/v2\/media?parent=36168"}],"wp:term":[{"taxonomy":"category","embeddable":true,"href":"https:\/\/haberkuzey.com\/index.php\/wp-json\/wp\/v2\/categories?post=36168"},{"taxonomy":"post_tag","embeddable":true,"href":"https:\/\/haberkuzey.com\/index.php\/wp-json\/wp\/v2\/tags?post=36168"}],"curies":[{"name":"wp","href":"https:\/\/api.w.org\/{rel}","templated":true}]}}