{"id":36165,"date":"2026-04-24T09:15:42","date_gmt":"2026-04-24T06:15:42","guid":{"rendered":"https:\/\/haberkuzey.com\/index.php\/2026\/04\/24\/candan-akpa-genel-kurulunda-konustu\/"},"modified":"2026-04-24T09:15:50","modified_gmt":"2026-04-24T06:15:50","slug":"candan-akpa-genel-kurulunda-konustu","status":"publish","type":"post","link":"https:\/\/haberkuzey.com\/index.php\/2026\/04\/24\/candan-akpa-genel-kurulunda-konustu\/","title":{"rendered":"Candan AKPA Genel Kurulu\u2019nda konu\u015ftu"},"content":{"rendered":"<div>Cumhuriyet Meclisi Avrupa Konseyi Parlamenterler Asamblesi (AKPA) Temsilcisi ve Cumhuriyet\u00e7i T\u00fcrk Partisi\u00a0 Milletvekili Arma\u011fan\u00a0 Candan, AKPA Genel Kurulu\u2019nda bug\u00fcn yapt\u0131\u011f\u0131 konu\u015fmada, Orta Do\u011fu\u2019daki geli\u015fmelerin uluslararas\u0131 hukuk, bar\u0131\u015f ve istikrar a\u00e7\u0131s\u0131ndan ciddi riskler do\u011furdu\u011funu belirtti.<\/div>\n<div>Meclisten verilen bilgiye g\u00f6re, Candan, Orta Do\u011fu\u2019nun farkl\u0131 k\u00fclt\u00fcr ve medeniyetlerin i\u00e7 i\u00e7e ge\u00e7ti\u011fi; bununla beraber derin ve karma\u015f\u0131k sorunlara sahne olan bir b\u00f6lge oldu\u011funu ifade etti. \u0130srail\u2019in Gazze\u2019de yol a\u00e7t\u0131\u011f\u0131 y\u0131k\u0131m\u0131n uluslararas\u0131 hukuka sayg\u0131 ihtiyac\u0131n\u0131 a\u00e7\u0131k\u00e7a ortaya koydu\u011funu vurgulayan Candan, ABD ve \u0130srail\u2019in \u0130ran\u2019a y\u00f6nelik sald\u0131r\u0131lar\u0131n\u0131n ise \u00e7at\u0131\u015fmalar\u0131n art\u0131k b\u00f6lgesel olmaktan \u00e7\u0131kt\u0131\u011f\u0131n\u0131 g\u00f6sterdi\u011fini s\u00f6yledi.<\/div>\n<div>Bu geli\u015fmelerin k\u00fcresel etkilerine dikkat \u00e7eken Candan, Orta Do\u011fu\u2019daki sava\u015flar\u0131n Avrupa\u2019y\u0131 da do\u011frudan etkiledi\u011fini ve Avrupa\u2019n\u0131n s\u00fcrece daha aktif \u015fekilde dahil olmas\u0131 gerekti\u011fini dile getirdi.<\/div>\n<div>B\u00f6lgenin geneline bak\u0131ld\u0131\u011f\u0131 zaman Do\u011fu Akdeniz\u2019de aciliyet arz eden daha farkl\u0131 ve daha geni\u015f kapsaml\u0131 zorluklar\u0131n da bulundu\u011funu, y\u0131llard\u0131r \u00e7\u00f6z\u00fcms\u00fcz kalan K\u0131br\u0131s meselesinin de bunlardan biri oldu\u011funu belirten Candan, bu sorunun b\u00f6lgesel k\u0131r\u0131lganl\u0131\u011f\u0131n bir yans\u0131mas\u0131 oldu\u011funu kaydett.<\/div>\n<div>Candan dolay\u0131s\u0131yla Orta Do\u011fu\u2019daki son geli\u015fmelerin K\u0131br\u0131s meselesinin art\u0131k daha geni\u015f bir jeopolitik \u00e7er\u00e7evede ele al\u0131nmas\u0131n\u0131 zorunlu hale getirdi\u011fini ifade etti.<\/div>\n<div>Ge\u00e7ti\u011fimiz Mart ay\u0131nda K\u0131br\u0131s\u2019taki \u0130ngiliz Egemen \u00dcs B\u00f6lgesi\u2019ne y\u00f6nelik insans\u0131z hava arac\u0131 sald\u0131r\u0131s\u0131n\u0131 hat\u0131rlatan Candan, Avrupa\u2019n\u0131n Orta Do\u011fu\u2019daki \u00e7at\u0131\u015fmalardan muaf olmad\u0131\u011f\u0131n\u0131 vurgulad\u0131.<\/div>\n<div>Arma\u011fan Candan, enerji kaynaklar\u0131, deniz yetki alanlar\u0131, g\u00fcvenlik dengeleri, g\u00f6\u00e7 ve jeopolitik rekabet gibi ba\u015fl\u0131klar\u0131n kural temelli uluslararas\u0131 d\u00fczenin \u00f6nemini art\u0131rd\u0131\u011f\u0131n\u0131 belirterek, Avrupa Birli\u011fi liderlerinin K\u0131br\u0131s\u2019ta bir araya gelerek \u0130ran ve Orta Do\u011fu\u2019daki geli\u015fmeleri ele almas\u0131n\u0131n da bu risklerin ciddiyetini ortaya koydu\u011funu s\u00f6yledi.<\/div>\n<div>Candan, K\u0131br\u0131s\u2019\u0131n Avrupa Birli\u011fi i\u00e7inde bir gerilim noktas\u0131 de\u011fil; i\u015f birli\u011fi, diyalog ve istikrar merkezi olmas\u0131 gerekti\u011fini ifade ederek, T\u00fcrkiye ile Yunanistan aras\u0131ndaki ili\u015fkilerin de bu do\u011frultuda ilerlemesinin \u00f6nemine i\u015faret etti.<\/div>\n<div>Konu\u015fmas\u0131n\u0131n sonunda Candan, Orta Do\u011fu, Do\u011fu Akdeniz ve Avrupa\u2019daki t\u00fcm liderlere ve payda\u015flara bar\u0131\u015f ve istikrar i\u00e7in ortak hareket etme \u00e7a\u011fr\u0131s\u0131nda bulundu.<\/div>\n","protected":false},"excerpt":{"rendered":"<p>Cumhuriyet Meclisi Avrupa Konseyi Parlamenterler Asamblesi (AKPA) Temsilcisi ve Cumhuriyet\u00e7i T\u00fcrk Partisi\u00a0 Milletvekili Arma\u011fan\u00a0 Candan, AKPA Genel Kurulu\u2019nda bug\u00fcn yapt\u0131\u011f\u0131 konu\u015fmada, Orta Do\u011fu\u2019daki geli\u015fmelerin uluslararas\u0131 hukuk, bar\u0131\u015f ve istikrar a\u00e7\u0131s\u0131ndan ciddi riskler do\u011furdu\u011funu belirtti. Meclisten verilen bilgiye g\u00f6re, Candan, Orta Do\u011fu\u2019nun farkl\u0131 k\u00fclt\u00fcr ve medeniyetlerin i\u00e7 i\u00e7e ge\u00e7ti\u011fi; bununla beraber derin ve karma\u015f\u0131k sorunlara sahne [&hellip;]<\/p>\n","protected":false},"author":1,"featured_media":36166,"comment_status":"open","ping_status":"open","sticky":false,"template":"","format":"standard","meta":{"jnews-multi-image_gallery":[],"jnews_single_post":[],"jnews_primary_category":[],"footnotes":""},"categories":[1],"tags":[],"class_list":["post-36165","post","type-post","status-publish","format-standard","has-post-thumbnail","hentry","category-kibris"],"yoast_head":"<!-- This site is optimized with the Yoast SEO plugin v27.4 - https:\/\/yoast.com\/product\/yoast-seo-wordpress\/ -->\n<title>Candan AKPA Genel Kurulu\u2019nda konu\u015ftu - Haber Kuzey<\/title>\n<meta name=\"robots\" content=\"index, follow, max-snippet:-1, max-image-preview:large, max-video-preview:-1\" \/>\n<link rel=\"canonical\" href=\"https:\/\/haberkuzey.com\/index.php\/2026\/04\/24\/candan-akpa-genel-kurulunda-konustu\/\" \/>\n<meta property=\"og:locale\" content=\"tr_TR\" \/>\n<meta property=\"og:type\" content=\"article\" \/>\n<meta property=\"og:title\" content=\"Candan AKPA Genel Kurulu\u2019nda konu\u015ftu - Haber Kuzey\" \/>\n<meta property=\"og:description\" content=\"Cumhuriyet Meclisi Avrupa Konseyi Parlamenterler Asamblesi (AKPA) Temsilcisi ve Cumhuriyet\u00e7i T\u00fcrk Partisi\u00a0 Milletvekili Arma\u011fan\u00a0 Candan, AKPA Genel Kurulu\u2019nda bug\u00fcn yapt\u0131\u011f\u0131 konu\u015fmada, Orta Do\u011fu\u2019daki geli\u015fmelerin uluslararas\u0131 hukuk, bar\u0131\u015f ve istikrar a\u00e7\u0131s\u0131ndan ciddi riskler do\u011furdu\u011funu belirtti. Meclisten verilen bilgiye g\u00f6re, Candan, Orta Do\u011fu\u2019nun farkl\u0131 k\u00fclt\u00fcr ve medeniyetlerin i\u00e7 i\u00e7e ge\u00e7ti\u011fi; bununla beraber derin ve karma\u015f\u0131k sorunlara sahne [&hellip;]\" \/>\n<meta property=\"og:url\" content=\"https:\/\/haberkuzey.com\/index.php\/2026\/04\/24\/candan-akpa-genel-kurulunda-konustu\/\" \/>\n<meta property=\"og:site_name\" content=\"Haber Kuzey\" \/>\n<meta property=\"article:published_time\" content=\"2026-04-24T06:15:42+00:00\" \/>\n<meta property=\"article:modified_time\" content=\"2026-04-24T06:15:50+00:00\" \/>\n<meta property=\"og:image\" content=\"https:\/\/haberkuzey.com\/wp-content\/uploads\/2026\/04\/1776952623937IMG-20260423-WA00581.jpg\" \/>\n\t<meta property=\"og:image:width\" content=\"1600\" \/>\n\t<meta property=\"og:image:height\" content=\"900\" \/>\n\t<meta property=\"og:image:type\" content=\"image\/jpeg\" \/>\n<meta name=\"author\" content=\"haberkuzey\" \/>\n<meta name=\"twitter:card\" content=\"summary_large_image\" \/>\n<meta name=\"twitter:label1\" content=\"Yazan:\" \/>\n\t<meta name=\"twitter:data1\" content=\"haberkuzey\" \/>\n\t<meta name=\"twitter:label2\" content=\"Tahmini okuma s\u00fcresi\" \/>\n\t<meta name=\"twitter:data2\" content=\"2 dakika\" \/>\n<script type=\"application\/ld+json\" class=\"yoast-schema-graph\">{\"@context\":\"https:\\\/\\\/schema.org\",\"@graph\":[{\"@type\":\"Article\",\"@id\":\"https:\\\/\\\/haberkuzey.com\\\/index.php\\\/2026\\\/04\\\/24\\\/candan-akpa-genel-kurulunda-konustu\\\/#article\",\"isPartOf\":{\"@id\":\"https:\\\/\\\/haberkuzey.com\\\/index.php\\\/2026\\\/04\\\/24\\\/candan-akpa-genel-kurulunda-konustu\\\/\"},\"author\":{\"name\":\"haberkuzey\",\"@id\":\"https:\\\/\\\/haberkuzey.com\\\/#\\\/schema\\\/person\\\/3372109ec735f9333f4fa47ebb9605ca\"},\"headline\":\"Candan AKPA Genel Kurulu\u2019nda konu\u015ftu\",\"datePublished\":\"2026-04-24T06:15:42+00:00\",\"dateModified\":\"2026-04-24T06:15:50+00:00\",\"mainEntityOfPage\":{\"@id\":\"https:\\\/\\\/haberkuzey.com\\\/index.php\\\/2026\\\/04\\\/24\\\/candan-akpa-genel-kurulunda-konustu\\\/\"},\"wordCount\":454,\"commentCount\":0,\"image\":{\"@id\":\"https:\\\/\\\/haberkuzey.com\\\/index.php\\\/2026\\\/04\\\/24\\\/candan-akpa-genel-kurulunda-konustu\\\/#primaryimage\"},\"thumbnailUrl\":\"https:\\\/\\\/haberkuzey.com\\\/wp-content\\\/uploads\\\/2026\\\/04\\\/1776952623937IMG-20260423-WA00581.jpg\",\"articleSection\":[\"K\u0131br\u0131s\"],\"inLanguage\":\"tr\",\"potentialAction\":[{\"@type\":\"CommentAction\",\"name\":\"Comment\",\"target\":[\"https:\\\/\\\/haberkuzey.com\\\/index.php\\\/2026\\\/04\\\/24\\\/candan-akpa-genel-kurulunda-konustu\\\/#respond\"]}]},{\"@type\":\"WebPage\",\"@id\":\"https:\\\/\\\/haberkuzey.com\\\/index.php\\\/2026\\\/04\\\/24\\\/candan-akpa-genel-kurulunda-konustu\\\/\",\"url\":\"https:\\\/\\\/haberkuzey.com\\\/index.php\\\/2026\\\/04\\\/24\\\/candan-akpa-genel-kurulunda-konustu\\\/\",\"name\":\"Candan AKPA Genel Kurulu\u2019nda konu\u015ftu - Haber Kuzey\",\"isPartOf\":{\"@id\":\"https:\\\/\\\/haberkuzey.com\\\/#website\"},\"primaryImageOfPage\":{\"@id\":\"https:\\\/\\\/haberkuzey.com\\\/index.php\\\/2026\\\/04\\\/24\\\/candan-akpa-genel-kurulunda-konustu\\\/#primaryimage\"},\"image\":{\"@id\":\"https:\\\/\\\/haberkuzey.com\\\/index.php\\\/2026\\\/04\\\/24\\\/candan-akpa-genel-kurulunda-konustu\\\/#primaryimage\"},\"thumbnailUrl\":\"https:\\\/\\\/haberkuzey.com\\\/wp-content\\\/uploads\\\/2026\\\/04\\\/1776952623937IMG-20260423-WA00581.jpg\",\"datePublished\":\"2026-04-24T06:15:42+00:00\",\"dateModified\":\"2026-04-24T06:15:50+00:00\",\"author\":{\"@id\":\"https:\\\/\\\/haberkuzey.com\\\/#\\\/schema\\\/person\\\/3372109ec735f9333f4fa47ebb9605ca\"},\"breadcrumb\":{\"@id\":\"https:\\\/\\\/haberkuzey.com\\\/index.php\\\/2026\\\/04\\\/24\\\/candan-akpa-genel-kurulunda-konustu\\\/#breadcrumb\"},\"inLanguage\":\"tr\",\"potentialAction\":[{\"@type\":\"ReadAction\",\"target\":[\"https:\\\/\\\/haberkuzey.com\\\/index.php\\\/2026\\\/04\\\/24\\\/candan-akpa-genel-kurulunda-konustu\\\/\"]}]},{\"@type\":\"ImageObject\",\"inLanguage\":\"tr\",\"@id\":\"https:\\\/\\\/haberkuzey.com\\\/index.php\\\/2026\\\/04\\\/24\\\/candan-akpa-genel-kurulunda-konustu\\\/#primaryimage\",\"url\":\"https:\\\/\\\/haberkuzey.com\\\/wp-content\\\/uploads\\\/2026\\\/04\\\/1776952623937IMG-20260423-WA00581.jpg\",\"contentUrl\":\"https:\\\/\\\/haberkuzey.com\\\/wp-content\\\/uploads\\\/2026\\\/04\\\/1776952623937IMG-20260423-WA00581.jpg\",\"width\":1600,\"height\":900},{\"@type\":\"BreadcrumbList\",\"@id\":\"https:\\\/\\\/haberkuzey.com\\\/index.php\\\/2026\\\/04\\\/24\\\/candan-akpa-genel-kurulunda-konustu\\\/#breadcrumb\",\"itemListElement\":[{\"@type\":\"ListItem\",\"position\":1,\"name\":\"Anasayfa\",\"item\":\"https:\\\/\\\/haberkuzey.com\\\/\"},{\"@type\":\"ListItem\",\"position\":2,\"name\":\"Candan AKPA Genel Kurulu\u2019nda konu\u015ftu\"}]},{\"@type\":\"WebSite\",\"@id\":\"https:\\\/\\\/haberkuzey.com\\\/#website\",\"url\":\"https:\\\/\\\/haberkuzey.com\\\/\",\"name\":\"Haber Kuzey\",\"description\":\"Do\u011fru Haberin Adresi\",\"potentialAction\":[{\"@type\":\"SearchAction\",\"target\":{\"@type\":\"EntryPoint\",\"urlTemplate\":\"https:\\\/\\\/haberkuzey.com\\\/?s={search_term_string}\"},\"query-input\":{\"@type\":\"PropertyValueSpecification\",\"valueRequired\":true,\"valueName\":\"search_term_string\"}}],\"inLanguage\":\"tr\"},{\"@type\":\"Person\",\"@id\":\"https:\\\/\\\/haberkuzey.com\\\/#\\\/schema\\\/person\\\/3372109ec735f9333f4fa47ebb9605ca\",\"name\":\"haberkuzey\",\"image\":{\"@type\":\"ImageObject\",\"inLanguage\":\"tr\",\"@id\":\"https:\\\/\\\/secure.gravatar.com\\\/avatar\\\/f5fc875574b1575324358c3b9e6a32b8227aa5b74f3fa22e3cadb63e26fcc39c?s=96&d=mm&r=g\",\"url\":\"https:\\\/\\\/secure.gravatar.com\\\/avatar\\\/f5fc875574b1575324358c3b9e6a32b8227aa5b74f3fa22e3cadb63e26fcc39c?s=96&d=mm&r=g\",\"contentUrl\":\"https:\\\/\\\/secure.gravatar.com\\\/avatar\\\/f5fc875574b1575324358c3b9e6a32b8227aa5b74f3fa22e3cadb63e26fcc39c?s=96&d=mm&r=g\",\"caption\":\"haberkuzey\"},\"sameAs\":[\"https:\\\/\\\/haberkuzey.com\"],\"url\":\"https:\\\/\\\/haberkuzey.com\\\/index.php\\\/author\\\/haberkuzey\\\/\"}]}<\/script>\n<!-- \/ Yoast SEO plugin. -->","yoast_head_json":{"title":"Candan AKPA Genel Kurulu\u2019nda konu\u015ftu - Haber Kuzey","robots":{"index":"index","follow":"follow","max-snippet":"max-snippet:-1","max-image-preview":"max-image-preview:large","max-video-preview":"max-video-preview:-1"},"canonical":"https:\/\/haberkuzey.com\/index.php\/2026\/04\/24\/candan-akpa-genel-kurulunda-konustu\/","og_locale":"tr_TR","og_type":"article","og_title":"Candan AKPA Genel Kurulu\u2019nda konu\u015ftu - Haber Kuzey","og_description":"Cumhuriyet Meclisi Avrupa Konseyi Parlamenterler Asamblesi (AKPA) Temsilcisi ve Cumhuriyet\u00e7i T\u00fcrk Partisi\u00a0 Milletvekili Arma\u011fan\u00a0 Candan, AKPA Genel Kurulu\u2019nda bug\u00fcn yapt\u0131\u011f\u0131 konu\u015fmada, Orta Do\u011fu\u2019daki geli\u015fmelerin uluslararas\u0131 hukuk, bar\u0131\u015f ve istikrar a\u00e7\u0131s\u0131ndan ciddi riskler do\u011furdu\u011funu belirtti. Meclisten verilen bilgiye g\u00f6re, Candan, Orta Do\u011fu\u2019nun farkl\u0131 k\u00fclt\u00fcr ve medeniyetlerin i\u00e7 i\u00e7e ge\u00e7ti\u011fi; bununla beraber derin ve karma\u015f\u0131k sorunlara sahne [&hellip;]","og_url":"https:\/\/haberkuzey.com\/index.php\/2026\/04\/24\/candan-akpa-genel-kurulunda-konustu\/","og_site_name":"Haber Kuzey","article_published_time":"2026-04-24T06:15:42+00:00","article_modified_time":"2026-04-24T06:15:50+00:00","og_image":[{"width":1600,"height":900,"url":"https:\/\/haberkuzey.com\/wp-content\/uploads\/2026\/04\/1776952623937IMG-20260423-WA00581.jpg","type":"image\/jpeg"}],"author":"haberkuzey","twitter_card":"summary_large_image","twitter_misc":{"Yazan:":"haberkuzey","Tahmini okuma s\u00fcresi":"2 dakika"},"schema":{"@context":"https:\/\/schema.org","@graph":[{"@type":"Article","@id":"https:\/\/haberkuzey.com\/index.php\/2026\/04\/24\/candan-akpa-genel-kurulunda-konustu\/#article","isPartOf":{"@id":"https:\/\/haberkuzey.com\/index.php\/2026\/04\/24\/candan-akpa-genel-kurulunda-konustu\/"},"author":{"name":"haberkuzey","@id":"https:\/\/haberkuzey.com\/#\/schema\/person\/3372109ec735f9333f4fa47ebb9605ca"},"headline":"Candan AKPA Genel Kurulu\u2019nda konu\u015ftu","datePublished":"2026-04-24T06:15:42+00:00","dateModified":"2026-04-24T06:15:50+00:00","mainEntityOfPage":{"@id":"https:\/\/haberkuzey.com\/index.php\/2026\/04\/24\/candan-akpa-genel-kurulunda-konustu\/"},"wordCount":454,"commentCount":0,"image":{"@id":"https:\/\/haberkuzey.com\/index.php\/2026\/04\/24\/candan-akpa-genel-kurulunda-konustu\/#primaryimage"},"thumbnailUrl":"https:\/\/haberkuzey.com\/wp-content\/uploads\/2026\/04\/1776952623937IMG-20260423-WA00581.jpg","articleSection":["K\u0131br\u0131s"],"inLanguage":"tr","potentialAction":[{"@type":"CommentAction","name":"Comment","target":["https:\/\/haberkuzey.com\/index.php\/2026\/04\/24\/candan-akpa-genel-kurulunda-konustu\/#respond"]}]},{"@type":"WebPage","@id":"https:\/\/haberkuzey.com\/index.php\/2026\/04\/24\/candan-akpa-genel-kurulunda-konustu\/","url":"https:\/\/haberkuzey.com\/index.php\/2026\/04\/24\/candan-akpa-genel-kurulunda-konustu\/","name":"Candan AKPA Genel Kurulu\u2019nda konu\u015ftu - Haber Kuzey","isPartOf":{"@id":"https:\/\/haberkuzey.com\/#website"},"primaryImageOfPage":{"@id":"https:\/\/haberkuzey.com\/index.php\/2026\/04\/24\/candan-akpa-genel-kurulunda-konustu\/#primaryimage"},"image":{"@id":"https:\/\/haberkuzey.com\/index.php\/2026\/04\/24\/candan-akpa-genel-kurulunda-konustu\/#primaryimage"},"thumbnailUrl":"https:\/\/haberkuzey.com\/wp-content\/uploads\/2026\/04\/1776952623937IMG-20260423-WA00581.jpg","datePublished":"2026-04-24T06:15:42+00:00","dateModified":"2026-04-24T06:15:50+00:00","author":{"@id":"https:\/\/haberkuzey.com\/#\/schema\/person\/3372109ec735f9333f4fa47ebb9605ca"},"breadcrumb":{"@id":"https:\/\/haberkuzey.com\/index.php\/2026\/04\/24\/candan-akpa-genel-kurulunda-konustu\/#breadcrumb"},"inLanguage":"tr","potentialAction":[{"@type":"ReadAction","target":["https:\/\/haberkuzey.com\/index.php\/2026\/04\/24\/candan-akpa-genel-kurulunda-konustu\/"]}]},{"@type":"ImageObject","inLanguage":"tr","@id":"https:\/\/haberkuzey.com\/index.php\/2026\/04\/24\/candan-akpa-genel-kurulunda-konustu\/#primaryimage","url":"https:\/\/haberkuzey.com\/wp-content\/uploads\/2026\/04\/1776952623937IMG-20260423-WA00581.jpg","contentUrl":"https:\/\/haberkuzey.com\/wp-content\/uploads\/2026\/04\/1776952623937IMG-20260423-WA00581.jpg","width":1600,"height":900},{"@type":"BreadcrumbList","@id":"https:\/\/haberkuzey.com\/index.php\/2026\/04\/24\/candan-akpa-genel-kurulunda-konustu\/#breadcrumb","itemListElement":[{"@type":"ListItem","position":1,"name":"Anasayfa","item":"https:\/\/haberkuzey.com\/"},{"@type":"ListItem","position":2,"name":"Candan AKPA Genel Kurulu\u2019nda konu\u015ftu"}]},{"@type":"WebSite","@id":"https:\/\/haberkuzey.com\/#website","url":"https:\/\/haberkuzey.com\/","name":"Haber Kuzey","description":"Do\u011fru Haberin Adresi","potentialAction":[{"@type":"SearchAction","target":{"@type":"EntryPoint","urlTemplate":"https:\/\/haberkuzey.com\/?s={search_term_string}"},"query-input":{"@type":"PropertyValueSpecification","valueRequired":true,"valueName":"search_term_string"}}],"inLanguage":"tr"},{"@type":"Person","@id":"https:\/\/haberkuzey.com\/#\/schema\/person\/3372109ec735f9333f4fa47ebb9605ca","name":"haberkuzey","image":{"@type":"ImageObject","inLanguage":"tr","@id":"https:\/\/secure.gravatar.com\/avatar\/f5fc875574b1575324358c3b9e6a32b8227aa5b74f3fa22e3cadb63e26fcc39c?s=96&d=mm&r=g","url":"https:\/\/secure.gravatar.com\/avatar\/f5fc875574b1575324358c3b9e6a32b8227aa5b74f3fa22e3cadb63e26fcc39c?s=96&d=mm&r=g","contentUrl":"https:\/\/secure.gravatar.com\/avatar\/f5fc875574b1575324358c3b9e6a32b8227aa5b74f3fa22e3cadb63e26fcc39c?s=96&d=mm&r=g","caption":"haberkuzey"},"sameAs":["https:\/\/haberkuzey.com"],"url":"https:\/\/haberkuzey.com\/index.php\/author\/haberkuzey\/"}]}},"_links":{"self":[{"href":"https:\/\/haberkuzey.com\/index.php\/wp-json\/wp\/v2\/posts\/36165","targetHints":{"allow":["GET"]}}],"collection":[{"href":"https:\/\/haberkuzey.com\/index.php\/wp-json\/wp\/v2\/posts"}],"about":[{"href":"https:\/\/haberkuzey.com\/index.php\/wp-json\/wp\/v2\/types\/post"}],"author":[{"embeddable":true,"href":"https:\/\/haberkuzey.com\/index.php\/wp-json\/wp\/v2\/users\/1"}],"replies":[{"embeddable":true,"href":"https:\/\/haberkuzey.com\/index.php\/wp-json\/wp\/v2\/comments?post=36165"}],"version-history":[{"count":1,"href":"https:\/\/haberkuzey.com\/index.php\/wp-json\/wp\/v2\/posts\/36165\/revisions"}],"predecessor-version":[{"id":36167,"href":"https:\/\/haberkuzey.com\/index.php\/wp-json\/wp\/v2\/posts\/36165\/revisions\/36167"}],"wp:featuredmedia":[{"embeddable":true,"href":"https:\/\/haberkuzey.com\/index.php\/wp-json\/wp\/v2\/media\/36166"}],"wp:attachment":[{"href":"https:\/\/haberkuzey.com\/index.php\/wp-json\/wp\/v2\/media?parent=36165"}],"wp:term":[{"taxonomy":"category","embeddable":true,"href":"https:\/\/haberkuzey.com\/index.php\/wp-json\/wp\/v2\/categories?post=36165"},{"taxonomy":"post_tag","embeddable":true,"href":"https:\/\/haberkuzey.com\/index.php\/wp-json\/wp\/v2\/tags?post=36165"}],"curies":[{"name":"wp","href":"https:\/\/api.w.org\/{rel}","templated":true}]}}