{"id":36162,"date":"2026-04-24T09:09:41","date_gmt":"2026-04-24T06:09:41","guid":{"rendered":"https:\/\/haberkuzey.com\/index.php\/2026\/04\/24\/alagadide-23-nisan-ulusal-egemenlik-ve-cocuk-bayrami-senligi-duzenlendi\/"},"modified":"2026-04-24T09:09:50","modified_gmt":"2026-04-24T06:09:50","slug":"alagadide-23-nisan-ulusal-egemenlik-ve-cocuk-bayrami-senligi-duzenlendi","status":"publish","type":"post","link":"https:\/\/haberkuzey.com\/index.php\/2026\/04\/24\/alagadide-23-nisan-ulusal-egemenlik-ve-cocuk-bayrami-senligi-duzenlendi\/","title":{"rendered":"Alagadi\u2019de 23 Nisan Ulusal Egemenlik ve \u00c7ocuk Bayram\u0131 \u015fenli\u011fi d\u00fczenlendi"},"content":{"rendered":"<div>\u00c7atalk\u00f6y-Esentepe Belediyesi taraf\u0131ndan bu y\u0131l d\u00f6rd\u00fcnc\u00fcs\u00fc d\u00fczenlenen 23 Nisan Ulusal Egemenlik ve \u00c7ocuk Bayram\u0131 \u015eenli\u011fi, Alagadi\u2019de yap\u0131ld\u0131.<\/div>\n<div>Belediye&#8217;den verilen bilgiye g\u00f6re, \u015fenli\u011fe,\u00a0 Cumhuriyet Meclisi Ba\u015fkan\u0131 Yard\u0131mc\u0131s\u0131 ve CTP Milletvekili Fazilet \u00d6zdenefe, CTP Milletvekili Sami \u00d6zuslu, Belediye Ba\u015fkan\u0131 Ceyhun K\u0131rok, Meclis \u00fcyeleri, muhtarlar ve aileler ile \u00e7ocuklar\u00a0 kat\u0131ld\u0131.<\/div>\n<div>\u00c7atalk\u00f6y-Esentepe Belediyesi yetkilileri, \u00e7ocuklar\u0131n mutlulu\u011funu merkeze alan bu t\u00fcr organizasyonlar\u0131n devam edece\u011fini belirterek, 23 Nisan\u2019\u0131n anlam ve \u00f6nemine yak\u0131\u015f\u0131r etkinlikler d\u00fczenlemeyi s\u00fcrd\u00fcreceklerini ifade etti.<\/div>\n<div>Etkinlik boyunca \u00e7ocuklara \u00fccretsiz yiyecek ve i\u00e7ecek ikram\u0131nda bulunuldu.<\/div>\n","protected":false},"excerpt":{"rendered":"<p>\u00c7atalk\u00f6y-Esentepe Belediyesi taraf\u0131ndan bu y\u0131l d\u00f6rd\u00fcnc\u00fcs\u00fc d\u00fczenlenen 23 Nisan Ulusal Egemenlik ve \u00c7ocuk Bayram\u0131 \u015eenli\u011fi, Alagadi\u2019de yap\u0131ld\u0131. Belediye&#8217;den verilen bilgiye g\u00f6re, \u015fenli\u011fe,\u00a0 Cumhuriyet Meclisi Ba\u015fkan\u0131 Yard\u0131mc\u0131s\u0131 ve CTP Milletvekili Fazilet \u00d6zdenefe, CTP Milletvekili Sami \u00d6zuslu, Belediye Ba\u015fkan\u0131 Ceyhun K\u0131rok, Meclis \u00fcyeleri, muhtarlar ve aileler ile \u00e7ocuklar\u00a0 kat\u0131ld\u0131. \u00c7atalk\u00f6y-Esentepe Belediyesi yetkilileri, \u00e7ocuklar\u0131n mutlulu\u011funu merkeze alan bu [&hellip;]<\/p>\n","protected":false},"author":1,"featured_media":36163,"comment_status":"open","ping_status":"open","sticky":false,"template":"","format":"standard","meta":{"jnews-multi-image_gallery":[],"jnews_single_post":[],"jnews_primary_category":[],"footnotes":""},"categories":[1],"tags":[],"class_list":["post-36162","post","type-post","status-publish","format-standard","has-post-thumbnail","hentry","category-kibris"],"yoast_head":"<!-- This site is optimized with the Yoast SEO plugin v27.4 - https:\/\/yoast.com\/product\/yoast-seo-wordpress\/ -->\n<title>Alagadi\u2019de 23 Nisan Ulusal Egemenlik ve \u00c7ocuk Bayram\u0131 \u015fenli\u011fi d\u00fczenlendi - Haber Kuzey<\/title>\n<meta name=\"robots\" content=\"index, follow, max-snippet:-1, max-image-preview:large, max-video-preview:-1\" \/>\n<link rel=\"canonical\" href=\"https:\/\/haberkuzey.com\/index.php\/2026\/04\/24\/alagadide-23-nisan-ulusal-egemenlik-ve-cocuk-bayrami-senligi-duzenlendi\/\" \/>\n<meta property=\"og:locale\" content=\"tr_TR\" \/>\n<meta property=\"og:type\" content=\"article\" \/>\n<meta property=\"og:title\" content=\"Alagadi\u2019de 23 Nisan Ulusal Egemenlik ve \u00c7ocuk Bayram\u0131 \u015fenli\u011fi d\u00fczenlendi - Haber Kuzey\" \/>\n<meta property=\"og:description\" content=\"\u00c7atalk\u00f6y-Esentepe Belediyesi taraf\u0131ndan bu y\u0131l d\u00f6rd\u00fcnc\u00fcs\u00fc d\u00fczenlenen 23 Nisan Ulusal Egemenlik ve \u00c7ocuk Bayram\u0131 \u015eenli\u011fi, Alagadi\u2019de yap\u0131ld\u0131. Belediye&#8217;den verilen bilgiye g\u00f6re, \u015fenli\u011fe,\u00a0 Cumhuriyet Meclisi Ba\u015fkan\u0131 Yard\u0131mc\u0131s\u0131 ve CTP Milletvekili Fazilet \u00d6zdenefe, CTP Milletvekili Sami \u00d6zuslu, Belediye Ba\u015fkan\u0131 Ceyhun K\u0131rok, Meclis \u00fcyeleri, muhtarlar ve aileler ile \u00e7ocuklar\u00a0 kat\u0131ld\u0131. \u00c7atalk\u00f6y-Esentepe Belediyesi yetkilileri, \u00e7ocuklar\u0131n mutlulu\u011funu merkeze alan bu [&hellip;]\" \/>\n<meta property=\"og:url\" content=\"https:\/\/haberkuzey.com\/index.php\/2026\/04\/24\/alagadide-23-nisan-ulusal-egemenlik-ve-cocuk-bayrami-senligi-duzenlendi\/\" \/>\n<meta property=\"og:site_name\" content=\"Haber Kuzey\" \/>\n<meta property=\"article:published_time\" content=\"2026-04-24T06:09:41+00:00\" \/>\n<meta property=\"article:modified_time\" content=\"2026-04-24T06:09:50+00:00\" \/>\n<meta property=\"og:image\" content=\"https:\/\/haberkuzey.com\/wp-content\/uploads\/2026\/04\/177695325266237b32080-c808-443c-9bb8-bbb140bc42fe.jpg\" \/>\n\t<meta property=\"og:image:width\" content=\"1600\" \/>\n\t<meta property=\"og:image:height\" content=\"1200\" \/>\n\t<meta property=\"og:image:type\" content=\"image\/jpeg\" \/>\n<meta name=\"author\" content=\"haberkuzey\" \/>\n<meta name=\"twitter:card\" content=\"summary_large_image\" \/>\n<meta name=\"twitter:label1\" content=\"Yazan:\" \/>\n\t<meta name=\"twitter:data1\" content=\"haberkuzey\" \/>\n\t<meta name=\"twitter:label2\" content=\"Tahmini okuma s\u00fcresi\" \/>\n\t<meta name=\"twitter:data2\" content=\"1 dakika\" \/>\n<script type=\"application\/ld+json\" class=\"yoast-schema-graph\">{\"@context\":\"https:\\\/\\\/schema.org\",\"@graph\":[{\"@type\":\"Article\",\"@id\":\"https:\\\/\\\/haberkuzey.com\\\/index.php\\\/2026\\\/04\\\/24\\\/alagadide-23-nisan-ulusal-egemenlik-ve-cocuk-bayrami-senligi-duzenlendi\\\/#article\",\"isPartOf\":{\"@id\":\"https:\\\/\\\/haberkuzey.com\\\/index.php\\\/2026\\\/04\\\/24\\\/alagadide-23-nisan-ulusal-egemenlik-ve-cocuk-bayrami-senligi-duzenlendi\\\/\"},\"author\":{\"name\":\"haberkuzey\",\"@id\":\"https:\\\/\\\/haberkuzey.com\\\/#\\\/schema\\\/person\\\/3372109ec735f9333f4fa47ebb9605ca\"},\"headline\":\"Alagadi\u2019de 23 Nisan Ulusal Egemenlik ve \u00c7ocuk Bayram\u0131 \u015fenli\u011fi d\u00fczenlendi\",\"datePublished\":\"2026-04-24T06:09:41+00:00\",\"dateModified\":\"2026-04-24T06:09:50+00:00\",\"mainEntityOfPage\":{\"@id\":\"https:\\\/\\\/haberkuzey.com\\\/index.php\\\/2026\\\/04\\\/24\\\/alagadide-23-nisan-ulusal-egemenlik-ve-cocuk-bayrami-senligi-duzenlendi\\\/\"},\"wordCount\":122,\"commentCount\":0,\"image\":{\"@id\":\"https:\\\/\\\/haberkuzey.com\\\/index.php\\\/2026\\\/04\\\/24\\\/alagadide-23-nisan-ulusal-egemenlik-ve-cocuk-bayrami-senligi-duzenlendi\\\/#primaryimage\"},\"thumbnailUrl\":\"https:\\\/\\\/haberkuzey.com\\\/wp-content\\\/uploads\\\/2026\\\/04\\\/177695325266237b32080-c808-443c-9bb8-bbb140bc42fe.jpg\",\"articleSection\":[\"K\u0131br\u0131s\"],\"inLanguage\":\"tr\",\"potentialAction\":[{\"@type\":\"CommentAction\",\"name\":\"Comment\",\"target\":[\"https:\\\/\\\/haberkuzey.com\\\/index.php\\\/2026\\\/04\\\/24\\\/alagadide-23-nisan-ulusal-egemenlik-ve-cocuk-bayrami-senligi-duzenlendi\\\/#respond\"]}]},{\"@type\":\"WebPage\",\"@id\":\"https:\\\/\\\/haberkuzey.com\\\/index.php\\\/2026\\\/04\\\/24\\\/alagadide-23-nisan-ulusal-egemenlik-ve-cocuk-bayrami-senligi-duzenlendi\\\/\",\"url\":\"https:\\\/\\\/haberkuzey.com\\\/index.php\\\/2026\\\/04\\\/24\\\/alagadide-23-nisan-ulusal-egemenlik-ve-cocuk-bayrami-senligi-duzenlendi\\\/\",\"name\":\"Alagadi\u2019de 23 Nisan Ulusal Egemenlik ve \u00c7ocuk Bayram\u0131 \u015fenli\u011fi d\u00fczenlendi - Haber Kuzey\",\"isPartOf\":{\"@id\":\"https:\\\/\\\/haberkuzey.com\\\/#website\"},\"primaryImageOfPage\":{\"@id\":\"https:\\\/\\\/haberkuzey.com\\\/index.php\\\/2026\\\/04\\\/24\\\/alagadide-23-nisan-ulusal-egemenlik-ve-cocuk-bayrami-senligi-duzenlendi\\\/#primaryimage\"},\"image\":{\"@id\":\"https:\\\/\\\/haberkuzey.com\\\/index.php\\\/2026\\\/04\\\/24\\\/alagadide-23-nisan-ulusal-egemenlik-ve-cocuk-bayrami-senligi-duzenlendi\\\/#primaryimage\"},\"thumbnailUrl\":\"https:\\\/\\\/haberkuzey.com\\\/wp-content\\\/uploads\\\/2026\\\/04\\\/177695325266237b32080-c808-443c-9bb8-bbb140bc42fe.jpg\",\"datePublished\":\"2026-04-24T06:09:41+00:00\",\"dateModified\":\"2026-04-24T06:09:50+00:00\",\"author\":{\"@id\":\"https:\\\/\\\/haberkuzey.com\\\/#\\\/schema\\\/person\\\/3372109ec735f9333f4fa47ebb9605ca\"},\"breadcrumb\":{\"@id\":\"https:\\\/\\\/haberkuzey.com\\\/index.php\\\/2026\\\/04\\\/24\\\/alagadide-23-nisan-ulusal-egemenlik-ve-cocuk-bayrami-senligi-duzenlendi\\\/#breadcrumb\"},\"inLanguage\":\"tr\",\"potentialAction\":[{\"@type\":\"ReadAction\",\"target\":[\"https:\\\/\\\/haberkuzey.com\\\/index.php\\\/2026\\\/04\\\/24\\\/alagadide-23-nisan-ulusal-egemenlik-ve-cocuk-bayrami-senligi-duzenlendi\\\/\"]}]},{\"@type\":\"ImageObject\",\"inLanguage\":\"tr\",\"@id\":\"https:\\\/\\\/haberkuzey.com\\\/index.php\\\/2026\\\/04\\\/24\\\/alagadide-23-nisan-ulusal-egemenlik-ve-cocuk-bayrami-senligi-duzenlendi\\\/#primaryimage\",\"url\":\"https:\\\/\\\/haberkuzey.com\\\/wp-content\\\/uploads\\\/2026\\\/04\\\/177695325266237b32080-c808-443c-9bb8-bbb140bc42fe.jpg\",\"contentUrl\":\"https:\\\/\\\/haberkuzey.com\\\/wp-content\\\/uploads\\\/2026\\\/04\\\/177695325266237b32080-c808-443c-9bb8-bbb140bc42fe.jpg\",\"width\":1600,\"height\":1200},{\"@type\":\"BreadcrumbList\",\"@id\":\"https:\\\/\\\/haberkuzey.com\\\/index.php\\\/2026\\\/04\\\/24\\\/alagadide-23-nisan-ulusal-egemenlik-ve-cocuk-bayrami-senligi-duzenlendi\\\/#breadcrumb\",\"itemListElement\":[{\"@type\":\"ListItem\",\"position\":1,\"name\":\"Anasayfa\",\"item\":\"https:\\\/\\\/haberkuzey.com\\\/\"},{\"@type\":\"ListItem\",\"position\":2,\"name\":\"Alagadi\u2019de 23 Nisan Ulusal Egemenlik ve \u00c7ocuk Bayram\u0131 \u015fenli\u011fi d\u00fczenlendi\"}]},{\"@type\":\"WebSite\",\"@id\":\"https:\\\/\\\/haberkuzey.com\\\/#website\",\"url\":\"https:\\\/\\\/haberkuzey.com\\\/\",\"name\":\"Haber Kuzey\",\"description\":\"Do\u011fru Haberin Adresi\",\"potentialAction\":[{\"@type\":\"SearchAction\",\"target\":{\"@type\":\"EntryPoint\",\"urlTemplate\":\"https:\\\/\\\/haberkuzey.com\\\/?s={search_term_string}\"},\"query-input\":{\"@type\":\"PropertyValueSpecification\",\"valueRequired\":true,\"valueName\":\"search_term_string\"}}],\"inLanguage\":\"tr\"},{\"@type\":\"Person\",\"@id\":\"https:\\\/\\\/haberkuzey.com\\\/#\\\/schema\\\/person\\\/3372109ec735f9333f4fa47ebb9605ca\",\"name\":\"haberkuzey\",\"image\":{\"@type\":\"ImageObject\",\"inLanguage\":\"tr\",\"@id\":\"https:\\\/\\\/secure.gravatar.com\\\/avatar\\\/f5fc875574b1575324358c3b9e6a32b8227aa5b74f3fa22e3cadb63e26fcc39c?s=96&d=mm&r=g\",\"url\":\"https:\\\/\\\/secure.gravatar.com\\\/avatar\\\/f5fc875574b1575324358c3b9e6a32b8227aa5b74f3fa22e3cadb63e26fcc39c?s=96&d=mm&r=g\",\"contentUrl\":\"https:\\\/\\\/secure.gravatar.com\\\/avatar\\\/f5fc875574b1575324358c3b9e6a32b8227aa5b74f3fa22e3cadb63e26fcc39c?s=96&d=mm&r=g\",\"caption\":\"haberkuzey\"},\"sameAs\":[\"https:\\\/\\\/haberkuzey.com\"],\"url\":\"https:\\\/\\\/haberkuzey.com\\\/index.php\\\/author\\\/haberkuzey\\\/\"}]}<\/script>\n<!-- \/ Yoast SEO plugin. -->","yoast_head_json":{"title":"Alagadi\u2019de 23 Nisan Ulusal Egemenlik ve \u00c7ocuk Bayram\u0131 \u015fenli\u011fi d\u00fczenlendi - Haber Kuzey","robots":{"index":"index","follow":"follow","max-snippet":"max-snippet:-1","max-image-preview":"max-image-preview:large","max-video-preview":"max-video-preview:-1"},"canonical":"https:\/\/haberkuzey.com\/index.php\/2026\/04\/24\/alagadide-23-nisan-ulusal-egemenlik-ve-cocuk-bayrami-senligi-duzenlendi\/","og_locale":"tr_TR","og_type":"article","og_title":"Alagadi\u2019de 23 Nisan Ulusal Egemenlik ve \u00c7ocuk Bayram\u0131 \u015fenli\u011fi d\u00fczenlendi - Haber Kuzey","og_description":"\u00c7atalk\u00f6y-Esentepe Belediyesi taraf\u0131ndan bu y\u0131l d\u00f6rd\u00fcnc\u00fcs\u00fc d\u00fczenlenen 23 Nisan Ulusal Egemenlik ve \u00c7ocuk Bayram\u0131 \u015eenli\u011fi, Alagadi\u2019de yap\u0131ld\u0131. Belediye&#8217;den verilen bilgiye g\u00f6re, \u015fenli\u011fe,\u00a0 Cumhuriyet Meclisi Ba\u015fkan\u0131 Yard\u0131mc\u0131s\u0131 ve CTP Milletvekili Fazilet \u00d6zdenefe, CTP Milletvekili Sami \u00d6zuslu, Belediye Ba\u015fkan\u0131 Ceyhun K\u0131rok, Meclis \u00fcyeleri, muhtarlar ve aileler ile \u00e7ocuklar\u00a0 kat\u0131ld\u0131. \u00c7atalk\u00f6y-Esentepe Belediyesi yetkilileri, \u00e7ocuklar\u0131n mutlulu\u011funu merkeze alan bu [&hellip;]","og_url":"https:\/\/haberkuzey.com\/index.php\/2026\/04\/24\/alagadide-23-nisan-ulusal-egemenlik-ve-cocuk-bayrami-senligi-duzenlendi\/","og_site_name":"Haber Kuzey","article_published_time":"2026-04-24T06:09:41+00:00","article_modified_time":"2026-04-24T06:09:50+00:00","og_image":[{"width":1600,"height":1200,"url":"https:\/\/haberkuzey.com\/wp-content\/uploads\/2026\/04\/177695325266237b32080-c808-443c-9bb8-bbb140bc42fe.jpg","type":"image\/jpeg"}],"author":"haberkuzey","twitter_card":"summary_large_image","twitter_misc":{"Yazan:":"haberkuzey","Tahmini okuma s\u00fcresi":"1 dakika"},"schema":{"@context":"https:\/\/schema.org","@graph":[{"@type":"Article","@id":"https:\/\/haberkuzey.com\/index.php\/2026\/04\/24\/alagadide-23-nisan-ulusal-egemenlik-ve-cocuk-bayrami-senligi-duzenlendi\/#article","isPartOf":{"@id":"https:\/\/haberkuzey.com\/index.php\/2026\/04\/24\/alagadide-23-nisan-ulusal-egemenlik-ve-cocuk-bayrami-senligi-duzenlendi\/"},"author":{"name":"haberkuzey","@id":"https:\/\/haberkuzey.com\/#\/schema\/person\/3372109ec735f9333f4fa47ebb9605ca"},"headline":"Alagadi\u2019de 23 Nisan Ulusal Egemenlik ve \u00c7ocuk Bayram\u0131 \u015fenli\u011fi d\u00fczenlendi","datePublished":"2026-04-24T06:09:41+00:00","dateModified":"2026-04-24T06:09:50+00:00","mainEntityOfPage":{"@id":"https:\/\/haberkuzey.com\/index.php\/2026\/04\/24\/alagadide-23-nisan-ulusal-egemenlik-ve-cocuk-bayrami-senligi-duzenlendi\/"},"wordCount":122,"commentCount":0,"image":{"@id":"https:\/\/haberkuzey.com\/index.php\/2026\/04\/24\/alagadide-23-nisan-ulusal-egemenlik-ve-cocuk-bayrami-senligi-duzenlendi\/#primaryimage"},"thumbnailUrl":"https:\/\/haberkuzey.com\/wp-content\/uploads\/2026\/04\/177695325266237b32080-c808-443c-9bb8-bbb140bc42fe.jpg","articleSection":["K\u0131br\u0131s"],"inLanguage":"tr","potentialAction":[{"@type":"CommentAction","name":"Comment","target":["https:\/\/haberkuzey.com\/index.php\/2026\/04\/24\/alagadide-23-nisan-ulusal-egemenlik-ve-cocuk-bayrami-senligi-duzenlendi\/#respond"]}]},{"@type":"WebPage","@id":"https:\/\/haberkuzey.com\/index.php\/2026\/04\/24\/alagadide-23-nisan-ulusal-egemenlik-ve-cocuk-bayrami-senligi-duzenlendi\/","url":"https:\/\/haberkuzey.com\/index.php\/2026\/04\/24\/alagadide-23-nisan-ulusal-egemenlik-ve-cocuk-bayrami-senligi-duzenlendi\/","name":"Alagadi\u2019de 23 Nisan Ulusal Egemenlik ve \u00c7ocuk Bayram\u0131 \u015fenli\u011fi d\u00fczenlendi - Haber Kuzey","isPartOf":{"@id":"https:\/\/haberkuzey.com\/#website"},"primaryImageOfPage":{"@id":"https:\/\/haberkuzey.com\/index.php\/2026\/04\/24\/alagadide-23-nisan-ulusal-egemenlik-ve-cocuk-bayrami-senligi-duzenlendi\/#primaryimage"},"image":{"@id":"https:\/\/haberkuzey.com\/index.php\/2026\/04\/24\/alagadide-23-nisan-ulusal-egemenlik-ve-cocuk-bayrami-senligi-duzenlendi\/#primaryimage"},"thumbnailUrl":"https:\/\/haberkuzey.com\/wp-content\/uploads\/2026\/04\/177695325266237b32080-c808-443c-9bb8-bbb140bc42fe.jpg","datePublished":"2026-04-24T06:09:41+00:00","dateModified":"2026-04-24T06:09:50+00:00","author":{"@id":"https:\/\/haberkuzey.com\/#\/schema\/person\/3372109ec735f9333f4fa47ebb9605ca"},"breadcrumb":{"@id":"https:\/\/haberkuzey.com\/index.php\/2026\/04\/24\/alagadide-23-nisan-ulusal-egemenlik-ve-cocuk-bayrami-senligi-duzenlendi\/#breadcrumb"},"inLanguage":"tr","potentialAction":[{"@type":"ReadAction","target":["https:\/\/haberkuzey.com\/index.php\/2026\/04\/24\/alagadide-23-nisan-ulusal-egemenlik-ve-cocuk-bayrami-senligi-duzenlendi\/"]}]},{"@type":"ImageObject","inLanguage":"tr","@id":"https:\/\/haberkuzey.com\/index.php\/2026\/04\/24\/alagadide-23-nisan-ulusal-egemenlik-ve-cocuk-bayrami-senligi-duzenlendi\/#primaryimage","url":"https:\/\/haberkuzey.com\/wp-content\/uploads\/2026\/04\/177695325266237b32080-c808-443c-9bb8-bbb140bc42fe.jpg","contentUrl":"https:\/\/haberkuzey.com\/wp-content\/uploads\/2026\/04\/177695325266237b32080-c808-443c-9bb8-bbb140bc42fe.jpg","width":1600,"height":1200},{"@type":"BreadcrumbList","@id":"https:\/\/haberkuzey.com\/index.php\/2026\/04\/24\/alagadide-23-nisan-ulusal-egemenlik-ve-cocuk-bayrami-senligi-duzenlendi\/#breadcrumb","itemListElement":[{"@type":"ListItem","position":1,"name":"Anasayfa","item":"https:\/\/haberkuzey.com\/"},{"@type":"ListItem","position":2,"name":"Alagadi\u2019de 23 Nisan Ulusal Egemenlik ve \u00c7ocuk Bayram\u0131 \u015fenli\u011fi d\u00fczenlendi"}]},{"@type":"WebSite","@id":"https:\/\/haberkuzey.com\/#website","url":"https:\/\/haberkuzey.com\/","name":"Haber Kuzey","description":"Do\u011fru Haberin Adresi","potentialAction":[{"@type":"SearchAction","target":{"@type":"EntryPoint","urlTemplate":"https:\/\/haberkuzey.com\/?s={search_term_string}"},"query-input":{"@type":"PropertyValueSpecification","valueRequired":true,"valueName":"search_term_string"}}],"inLanguage":"tr"},{"@type":"Person","@id":"https:\/\/haberkuzey.com\/#\/schema\/person\/3372109ec735f9333f4fa47ebb9605ca","name":"haberkuzey","image":{"@type":"ImageObject","inLanguage":"tr","@id":"https:\/\/secure.gravatar.com\/avatar\/f5fc875574b1575324358c3b9e6a32b8227aa5b74f3fa22e3cadb63e26fcc39c?s=96&d=mm&r=g","url":"https:\/\/secure.gravatar.com\/avatar\/f5fc875574b1575324358c3b9e6a32b8227aa5b74f3fa22e3cadb63e26fcc39c?s=96&d=mm&r=g","contentUrl":"https:\/\/secure.gravatar.com\/avatar\/f5fc875574b1575324358c3b9e6a32b8227aa5b74f3fa22e3cadb63e26fcc39c?s=96&d=mm&r=g","caption":"haberkuzey"},"sameAs":["https:\/\/haberkuzey.com"],"url":"https:\/\/haberkuzey.com\/index.php\/author\/haberkuzey\/"}]}},"_links":{"self":[{"href":"https:\/\/haberkuzey.com\/index.php\/wp-json\/wp\/v2\/posts\/36162","targetHints":{"allow":["GET"]}}],"collection":[{"href":"https:\/\/haberkuzey.com\/index.php\/wp-json\/wp\/v2\/posts"}],"about":[{"href":"https:\/\/haberkuzey.com\/index.php\/wp-json\/wp\/v2\/types\/post"}],"author":[{"embeddable":true,"href":"https:\/\/haberkuzey.com\/index.php\/wp-json\/wp\/v2\/users\/1"}],"replies":[{"embeddable":true,"href":"https:\/\/haberkuzey.com\/index.php\/wp-json\/wp\/v2\/comments?post=36162"}],"version-history":[{"count":1,"href":"https:\/\/haberkuzey.com\/index.php\/wp-json\/wp\/v2\/posts\/36162\/revisions"}],"predecessor-version":[{"id":36164,"href":"https:\/\/haberkuzey.com\/index.php\/wp-json\/wp\/v2\/posts\/36162\/revisions\/36164"}],"wp:featuredmedia":[{"embeddable":true,"href":"https:\/\/haberkuzey.com\/index.php\/wp-json\/wp\/v2\/media\/36163"}],"wp:attachment":[{"href":"https:\/\/haberkuzey.com\/index.php\/wp-json\/wp\/v2\/media?parent=36162"}],"wp:term":[{"taxonomy":"category","embeddable":true,"href":"https:\/\/haberkuzey.com\/index.php\/wp-json\/wp\/v2\/categories?post=36162"},{"taxonomy":"post_tag","embeddable":true,"href":"https:\/\/haberkuzey.com\/index.php\/wp-json\/wp\/v2\/tags?post=36162"}],"curies":[{"name":"wp","href":"https:\/\/api.w.org\/{rel}","templated":true}]}}