{"id":35354,"date":"2026-03-15T16:37:07","date_gmt":"2026-03-15T14:37:07","guid":{"rendered":"https:\/\/haberkuzey.com\/index.php\/2026\/03\/15\/kibris-turk-halki-gormezden-gelinerek-kalici-barisa-ve-istikrara-ulasilamaz\/"},"modified":"2026-03-15T16:37:07","modified_gmt":"2026-03-15T14:37:07","slug":"kibris-turk-halki-gormezden-gelinerek-kalici-barisa-ve-istikrara-ulasilamaz","status":"publish","type":"post","link":"https:\/\/haberkuzey.com\/index.php\/2026\/03\/15\/kibris-turk-halki-gormezden-gelinerek-kalici-barisa-ve-istikrara-ulasilamaz\/","title":{"rendered":"K\u0131br\u0131s T\u00fcrk halk\u0131 g\u00f6rmezden gelinerek kal\u0131c\u0131 bar\u0131\u015fa ve istikrara ula\u015f\u0131lamaz"},"content":{"rendered":"<p style=\"font-weight: 300\">-&#8220;T\u00fcrkiye&#8217;ye kar\u015f\u0131 askeri ittifakla denge \u00e7abas\u0131 ger\u00e7ek\u00e7i de\u011fil&#8221;<\/p>\n<p style=\"font-weight: 300\">Cumhurba\u015fkanl\u0131\u011f\u0131ndan yap\u0131lan a\u00e7\u0131klamaya g\u00f6re Cumhurba\u015fkan\u0131 Erh\u00fcrman yapt\u0131\u011f\u0131 a\u00e7\u0131klamada, \u201cG\u00fcney\u2019de h\u00fck\u00fcmetin kurdu\u011fu askeri ittifaklar\u0131n ve bu konuda yapt\u0131\u011f\u0131 anla\u015fmalar\u0131n T\u00fcrkiye&#8217;ye kar\u015f\u0131 denge olu\u015fturma \u00e7abas\u0131na y\u00f6nelik oldu\u011funu\u201d belirterek, bu \u00e7abalar\u0131n \u201cger\u00e7ek\u00e7i\u201d olmad\u0131\u011f\u0131n\u0131 ifade etti.<\/p>\n<p style=\"font-weight: 300\">Erh\u00fcrman, \u201cBu \u00e7abalar, Ada&#8217;n\u0131n ve Ada&#8217;da ya\u015fayanlar\u0131n g\u00fcvenli\u011fini riske etmektedir ve bu risk Ada&#8217;n\u0131n iki e\u015fit kurucu orta\u011f\u0131ndan biri olan K\u0131br\u0131s T\u00fcrk halk\u0131n\u0131n iradesi olmaks\u0131z\u0131n ortaya \u00e7\u0131km\u0131\u015f olmas\u0131na kar\u015f\u0131n, bizi de kapsama alan\u0131na almaktad\u0131r.\u201d diyerek, \u201cBu durum, ne Ada&#8217;daki stat\u00fcye uygundur, ne de adildir.\u201d ifadesini kulland\u0131.<\/p>\n<p style=\"font-weight: 300\">Erhr\u00fcman, \u0130ngiliz \u00fcslerinin varl\u0131\u011f\u0131 ve bunlara ili\u015fkin tart\u0131\u015fmalar\u0131n yan\u0131nda, Baf&#8217;taki Andreas Papandreu Hava \u00dcss\u00fc, buna ili\u015fkin anla\u015fmalar ve etkileri konusunda spek\u00fclasyona girmeyece\u011fini de s\u00f6yledi.<\/p>\n<p style=\"font-weight: 300\">&#8211; \u201cG\u00fcvenli\u011fin riske edilmesi, ka\u00e7\u0131n\u0131lmaz olarak \u00f6zelde turizmi genelde ekonomiyi de riske eder\u201d<\/p>\n<p style=\"font-weight: 300\">\u201cK\u0131br\u0131s adas\u0131n\u0131n g\u00fcneyinin de kuzeyinin de ana gelir kaynaklar\u0131n\u0131n belli oldu\u011funu ve turizmin bunlar\u0131n i\u00e7erisinde en \u00f6nde geldi\u011fini\u201d belirten Erh\u00fcrman, \u201cG\u00fcvenli\u011fin riske edilmesi, ka\u00e7\u0131n\u0131lmaz olarak \u00f6zelde turizmi genelde ekonomiyi de riske eder.\u201d dedi.<\/p>\n<p style=\"font-weight: 300\">Son birka\u00e7 g\u00fcnd\u00fcr G\u00fcney&#8217;deki bas\u0131nda, ya\u015fananlar\u0131n turizm \u00fczerindeki olumsuz etkilerinin tart\u0131\u015f\u0131ld\u0131\u011f\u0131n\u0131 g\u00f6rd\u00fc\u011f\u00fcn\u00fc belirten Erhr\u00fcman, \u201cH\u00fckumet ad\u0131na yap\u0131lan konuyla ilgili a\u00e7\u0131klamalarda, d\u0131\u015f bas\u0131nda Ada&#8217;n\u0131n g\u00fcvensiz bir yer olarak lanse edilmesi temel kaynak olarak g\u00f6steriliyor. Oysa an itibar\u0131yla G\u00fcney&#8217;de Birle\u015fik Krall\u0131k yan\u0131nda, Yunanistan&#8217;\u0131n, Fransa&#8217;n\u0131n, \u0130talya&#8217;n\u0131n, \u0130spanya&#8217;n\u0131n ve Hollanda&#8217;n\u0131n askeri enstr\u00fcmanlar\u0131 var. Bunlara dair G\u00fcney&#8217;deki h\u00fckumet taraf\u0131ndan yap\u0131lan a\u00e7\u0131klamalar, kar\u015f\u0131lama t\u00f6renleri bilinmeyen \u015feyler de\u011fil. Bu \u015fartlarda d\u0131\u015f bas\u0131n\u0131n konuyla ilgili haberler yapmas\u0131 ne kadar ele\u015ftirilebilirdir emin de\u011filim do\u011frusu!\u201d ifadelerini kulland\u0131.<\/p>\n<p style=\"font-weight: 300\">Erhr\u00fcman, \u201cYan\u0131 ba\u015f\u0131m\u0131zda, \u00e7ocuklar\u0131n, insanlar\u0131n \u00f6ld\u00fcr\u00fcld\u00fc\u011f\u00fc, t\u00fcm b\u00f6lgeyi, hatta d\u00fcnyay\u0131 riske sokan bir sava\u015f ya\u015fan\u0131rken ekonomi ve turizmi \u00f6nceleyecek de\u011filim elbette. Ama G\u00fcney&#8217;deki bas\u0131nda konunun yo\u011fun olarak tart\u0131\u015f\u0131ld\u0131\u011f\u0131n\u0131 ve hatta h\u00fckumet taraf\u0131ndan K\u0131br\u0131s&#8217;\u0131n g\u00fcvenli bir yer oldu\u011funu anlatan bir ileti\u015fim stratejisi geli\u015ftirilmesi i\u00e7in \u00e7al\u0131\u015f\u0131ld\u0131\u011f\u0131n\u0131 g\u00f6r\u00fcnce, konuya de\u011finmek ihtiyac\u0131 hissettim.\u201d diye ekledi.<\/p>\n<p style=\"font-weight: 300\">&#8211; \u201cK\u0131br\u0131s T\u00fcrk halk\u0131 olarak, dahlimiz olmayan hatalar\u0131n bedelini \u00f6demek istemiyoruz\u201d<\/p>\n<p style=\"font-weight: 300\">Cumhurba\u015fkan\u0131 Tufan Erh\u00fcrman, a\u00e7\u0131klamas\u0131nda devamla \u015funlar\u0131 kaydetti:<\/p>\n<p style=\"font-weight: 300\">\u201cSevgili Niyazi K\u0131z\u0131ly\u00fcrek, bug\u00fcn Yenid\u00fczen&#8217;de yay\u0131mlanan makalesinde, Yunanistan&#8217;\u0131n eski ba\u015fbakanlar\u0131ndan Samaras&#8217;\u0131n Yunan Parlamentosu&#8217;nda yapt\u0131\u011f\u0131 bir konu\u015fmada, \u2018E\u011fer Annan Plan\u0131 uygulansayd\u0131, d\u00f6n\u00fc\u015f\u00fcml\u00fc ba\u015fkanl\u0131k sistemi sonucunda cumhurba\u015fkanl\u0131\u011f\u0131 koltu\u011funda bir K\u0131br\u0131sl\u0131 T\u00fcrk oturacakt\u0131 ve Yunanistan&#8217;\u0131n Ada&#8217;ya sava\u015f gemisi ve u\u00e7ak g\u00f6ndermesi imkans\u0131z olacakt\u0131\u2019 dedi\u011finden s\u00f6z ediyor.<\/p>\n<p style=\"font-weight: 300\">Ne kadar ilgin\u00e7! \u0130\u00e7inden ge\u00e7ti\u011fimiz ko\u015fullar hem ac\u0131 verici, hem d\u00fc\u015f\u00fcnd\u00fcr\u00fcc\u00fc, hem de tabii ki \u00f6\u011fretici!<\/p>\n<p style=\"font-weight: 300\">\u0130\u015fin \u00f6zeti \u015fu: Bu ada k\u00fc\u00e7\u00fck. Bu ada riskli bir b\u00f6lgede. Biz K\u0131br\u0131s T\u00fcrk halk\u0131 olarak, haks\u0131z yere g\u00f6rmezden gelindi\u011fimiz, irademizin gayrime\u015fru bi\u00e7imde yok say\u0131ld\u0131\u011f\u0131 ko\u015fullarda, dahlimiz olmayan hatalar\u0131n bedelini \u00f6demek istemiyoruz.<\/p>\n<p style=\"font-weight: 300\">Bu sava\u015f, umar ve dilerim ki en erken zamanda bitecek. Umar ve dilerim ki daha fazla \u00e7ocu\u011fun, insan\u0131n \u00f6lmedi\u011fi ko\u015fullar ortaya \u00e7\u0131kacak. Bunlara ek olarak umar ve dilerim ki sava\u015f bittikten sonra, b\u00f6lgede kal\u0131c\u0131 bar\u0131\u015f ve istikrar\u0131n bu Ada&#8217;da kal\u0131c\u0131 bar\u0131\u015f ve istikrar ile ba\u011flant\u0131s\u0131 da herkes taraf\u0131ndan daha iyi anla\u015f\u0131lacak.<\/p>\n<p style=\"font-weight: 300\">Bunlar romantik dilekler olarak okunabilir ancak tam tersine \u2018ger\u00e7ek\u2019 bu. Ve ger\u00e7ek; K\u0131br\u0131s T\u00fcrk halk\u0131 g\u00f6rmezden gelinerek, e\u015fitli\u011fi reddedilerek, iradesi yok say\u0131larak kal\u0131c\u0131 bar\u0131\u015f ve istikrara ula\u015f\u0131lamayaca\u011f\u0131, bu Ada&#8217;n\u0131n g\u00fcvenli\u011finin ve K\u0131br\u0131sl\u0131 T\u00fcrkler ve K\u0131br\u0131sl\u0131 Rumlar\u0131n s\u00fcrd\u00fcr\u00fclebilir refah\u0131n\u0131n sa\u011flanamayaca\u011f\u0131d\u0131r.\u201d<\/p>\n<p>K\u0131br\u0131s T\u00fcrk halk\u0131 g\u00f6rmezden gelinerek kal\u0131c\u0131 bar\u0131\u015fa ve istikrara ula\u015f\u0131lamaz yaz\u0131s\u0131 ilk \u00f6nce K\u0131br\u0131s Hakikat \u00fczerinde ortaya \u00e7\u0131kt\u0131.<\/p>\n","protected":false},"excerpt":{"rendered":"<p>-&#8220;T\u00fcrkiye&#8217;ye kar\u015f\u0131 askeri ittifakla denge \u00e7abas\u0131 ger\u00e7ek\u00e7i de\u011fil&#8221; Cumhurba\u015fkanl\u0131\u011f\u0131ndan yap\u0131lan a\u00e7\u0131klamaya g\u00f6re Cumhurba\u015fkan\u0131 Erh\u00fcrman yapt\u0131\u011f\u0131 a\u00e7\u0131klamada, \u201cG\u00fcney\u2019de h\u00fck\u00fcmetin kurdu\u011fu askeri ittifaklar\u0131n ve bu konuda yapt\u0131\u011f\u0131 anla\u015fmalar\u0131n T\u00fcrkiye&#8217;ye kar\u015f\u0131 denge olu\u015fturma \u00e7abas\u0131na y\u00f6nelik oldu\u011funu\u201d belirterek, bu \u00e7abalar\u0131n \u201cger\u00e7ek\u00e7i\u201d olmad\u0131\u011f\u0131n\u0131 ifade etti. Erh\u00fcrman, \u201cBu \u00e7abalar, Ada&#8217;n\u0131n ve Ada&#8217;da ya\u015fayanlar\u0131n g\u00fcvenli\u011fini riske etmektedir ve bu risk Ada&#8217;n\u0131n iki [&hellip;]<\/p>\n","protected":false},"author":1,"featured_media":35355,"comment_status":"open","ping_status":"open","sticky":false,"template":"","format":"standard","meta":{"jnews-multi-image_gallery":[],"jnews_single_post":[],"jnews_primary_category":[],"footnotes":""},"categories":[1],"tags":[],"class_list":["post-35354","post","type-post","status-publish","format-standard","has-post-thumbnail","hentry","category-kibris"],"yoast_head":"<!-- This site is optimized with the Yoast SEO plugin v27.5 - https:\/\/yoast.com\/product\/yoast-seo-wordpress\/ -->\n<title>K\u0131br\u0131s T\u00fcrk halk\u0131 g\u00f6rmezden gelinerek kal\u0131c\u0131 bar\u0131\u015fa ve istikrara ula\u015f\u0131lamaz - Haber Kuzey<\/title>\n<meta name=\"robots\" content=\"index, follow, max-snippet:-1, max-image-preview:large, max-video-preview:-1\" \/>\n<link rel=\"canonical\" href=\"https:\/\/haberkuzey.com\/index.php\/2026\/03\/15\/kibris-turk-halki-gormezden-gelinerek-kalici-barisa-ve-istikrara-ulasilamaz\/\" \/>\n<meta property=\"og:locale\" content=\"tr_TR\" \/>\n<meta property=\"og:type\" content=\"article\" \/>\n<meta property=\"og:title\" content=\"K\u0131br\u0131s T\u00fcrk halk\u0131 g\u00f6rmezden gelinerek kal\u0131c\u0131 bar\u0131\u015fa ve istikrara ula\u015f\u0131lamaz - Haber Kuzey\" \/>\n<meta property=\"og:description\" content=\"-&#8220;T\u00fcrkiye&#8217;ye kar\u015f\u0131 askeri ittifakla denge \u00e7abas\u0131 ger\u00e7ek\u00e7i de\u011fil&#8221; Cumhurba\u015fkanl\u0131\u011f\u0131ndan yap\u0131lan a\u00e7\u0131klamaya g\u00f6re Cumhurba\u015fkan\u0131 Erh\u00fcrman yapt\u0131\u011f\u0131 a\u00e7\u0131klamada, \u201cG\u00fcney\u2019de h\u00fck\u00fcmetin kurdu\u011fu askeri ittifaklar\u0131n ve bu konuda yapt\u0131\u011f\u0131 anla\u015fmalar\u0131n T\u00fcrkiye&#8217;ye kar\u015f\u0131 denge olu\u015fturma \u00e7abas\u0131na y\u00f6nelik oldu\u011funu\u201d belirterek, bu \u00e7abalar\u0131n \u201cger\u00e7ek\u00e7i\u201d olmad\u0131\u011f\u0131n\u0131 ifade etti. Erh\u00fcrman, \u201cBu \u00e7abalar, Ada&#8217;n\u0131n ve Ada&#8217;da ya\u015fayanlar\u0131n g\u00fcvenli\u011fini riske etmektedir ve bu risk Ada&#8217;n\u0131n iki [&hellip;]\" \/>\n<meta property=\"og:url\" content=\"https:\/\/haberkuzey.com\/index.php\/2026\/03\/15\/kibris-turk-halki-gormezden-gelinerek-kalici-barisa-ve-istikrara-ulasilamaz\/\" \/>\n<meta property=\"og:site_name\" content=\"Haber Kuzey\" \/>\n<meta property=\"article:published_time\" content=\"2026-03-15T14:37:07+00:00\" \/>\n<meta name=\"author\" content=\"haberkuzey\" \/>\n<meta name=\"twitter:card\" content=\"summary_large_image\" \/>\n<meta name=\"twitter:label1\" content=\"Yazan:\" \/>\n\t<meta name=\"twitter:data1\" content=\"haberkuzey\" \/>\n\t<meta name=\"twitter:label2\" content=\"Tahmini okuma s\u00fcresi\" \/>\n\t<meta name=\"twitter:data2\" content=\"4 dakika\" \/>\n<script type=\"application\/ld+json\" class=\"yoast-schema-graph\">{\"@context\":\"https:\\\/\\\/schema.org\",\"@graph\":[{\"@type\":\"Article\",\"@id\":\"https:\\\/\\\/haberkuzey.com\\\/index.php\\\/2026\\\/03\\\/15\\\/kibris-turk-halki-gormezden-gelinerek-kalici-barisa-ve-istikrara-ulasilamaz\\\/#article\",\"isPartOf\":{\"@id\":\"https:\\\/\\\/haberkuzey.com\\\/index.php\\\/2026\\\/03\\\/15\\\/kibris-turk-halki-gormezden-gelinerek-kalici-barisa-ve-istikrara-ulasilamaz\\\/\"},\"author\":{\"name\":\"haberkuzey\",\"@id\":\"https:\\\/\\\/haberkuzey.com\\\/#\\\/schema\\\/person\\\/3372109ec735f9333f4fa47ebb9605ca\"},\"headline\":\"K\u0131br\u0131s T\u00fcrk halk\u0131 g\u00f6rmezden gelinerek kal\u0131c\u0131 bar\u0131\u015fa ve istikrara ula\u015f\u0131lamaz\",\"datePublished\":\"2026-03-15T14:37:07+00:00\",\"mainEntityOfPage\":{\"@id\":\"https:\\\/\\\/haberkuzey.com\\\/index.php\\\/2026\\\/03\\\/15\\\/kibris-turk-halki-gormezden-gelinerek-kalici-barisa-ve-istikrara-ulasilamaz\\\/\"},\"wordCount\":798,\"commentCount\":0,\"image\":{\"@id\":\"https:\\\/\\\/haberkuzey.com\\\/index.php\\\/2026\\\/03\\\/15\\\/kibris-turk-halki-gormezden-gelinerek-kalici-barisa-ve-istikrara-ulasilamaz\\\/#primaryimage\"},\"thumbnailUrl\":\"https:\\\/\\\/haberkuzey.com\\\/wp-content\\\/uploads\\\/2026\\\/03\\\/1773580420935CB_ERHURMAN.jpg\",\"articleSection\":[\"K\u0131br\u0131s\"],\"inLanguage\":\"tr\",\"potentialAction\":[{\"@type\":\"CommentAction\",\"name\":\"Comment\",\"target\":[\"https:\\\/\\\/haberkuzey.com\\\/index.php\\\/2026\\\/03\\\/15\\\/kibris-turk-halki-gormezden-gelinerek-kalici-barisa-ve-istikrara-ulasilamaz\\\/#respond\"]}]},{\"@type\":\"WebPage\",\"@id\":\"https:\\\/\\\/haberkuzey.com\\\/index.php\\\/2026\\\/03\\\/15\\\/kibris-turk-halki-gormezden-gelinerek-kalici-barisa-ve-istikrara-ulasilamaz\\\/\",\"url\":\"https:\\\/\\\/haberkuzey.com\\\/index.php\\\/2026\\\/03\\\/15\\\/kibris-turk-halki-gormezden-gelinerek-kalici-barisa-ve-istikrara-ulasilamaz\\\/\",\"name\":\"K\u0131br\u0131s T\u00fcrk halk\u0131 g\u00f6rmezden gelinerek kal\u0131c\u0131 bar\u0131\u015fa ve istikrara ula\u015f\u0131lamaz - Haber Kuzey\",\"isPartOf\":{\"@id\":\"https:\\\/\\\/haberkuzey.com\\\/#website\"},\"primaryImageOfPage\":{\"@id\":\"https:\\\/\\\/haberkuzey.com\\\/index.php\\\/2026\\\/03\\\/15\\\/kibris-turk-halki-gormezden-gelinerek-kalici-barisa-ve-istikrara-ulasilamaz\\\/#primaryimage\"},\"image\":{\"@id\":\"https:\\\/\\\/haberkuzey.com\\\/index.php\\\/2026\\\/03\\\/15\\\/kibris-turk-halki-gormezden-gelinerek-kalici-barisa-ve-istikrara-ulasilamaz\\\/#primaryimage\"},\"thumbnailUrl\":\"https:\\\/\\\/haberkuzey.com\\\/wp-content\\\/uploads\\\/2026\\\/03\\\/1773580420935CB_ERHURMAN.jpg\",\"datePublished\":\"2026-03-15T14:37:07+00:00\",\"author\":{\"@id\":\"https:\\\/\\\/haberkuzey.com\\\/#\\\/schema\\\/person\\\/3372109ec735f9333f4fa47ebb9605ca\"},\"breadcrumb\":{\"@id\":\"https:\\\/\\\/haberkuzey.com\\\/index.php\\\/2026\\\/03\\\/15\\\/kibris-turk-halki-gormezden-gelinerek-kalici-barisa-ve-istikrara-ulasilamaz\\\/#breadcrumb\"},\"inLanguage\":\"tr\",\"potentialAction\":[{\"@type\":\"ReadAction\",\"target\":[\"https:\\\/\\\/haberkuzey.com\\\/index.php\\\/2026\\\/03\\\/15\\\/kibris-turk-halki-gormezden-gelinerek-kalici-barisa-ve-istikrara-ulasilamaz\\\/\"]}]},{\"@type\":\"ImageObject\",\"inLanguage\":\"tr\",\"@id\":\"https:\\\/\\\/haberkuzey.com\\\/index.php\\\/2026\\\/03\\\/15\\\/kibris-turk-halki-gormezden-gelinerek-kalici-barisa-ve-istikrara-ulasilamaz\\\/#primaryimage\",\"url\":\"https:\\\/\\\/haberkuzey.com\\\/wp-content\\\/uploads\\\/2026\\\/03\\\/1773580420935CB_ERHURMAN.jpg\",\"contentUrl\":\"https:\\\/\\\/haberkuzey.com\\\/wp-content\\\/uploads\\\/2026\\\/03\\\/1773580420935CB_ERHURMAN.jpg\",\"width\":1600,\"height\":1066},{\"@type\":\"BreadcrumbList\",\"@id\":\"https:\\\/\\\/haberkuzey.com\\\/index.php\\\/2026\\\/03\\\/15\\\/kibris-turk-halki-gormezden-gelinerek-kalici-barisa-ve-istikrara-ulasilamaz\\\/#breadcrumb\",\"itemListElement\":[{\"@type\":\"ListItem\",\"position\":1,\"name\":\"Anasayfa\",\"item\":\"https:\\\/\\\/haberkuzey.com\\\/\"},{\"@type\":\"ListItem\",\"position\":2,\"name\":\"K\u0131br\u0131s T\u00fcrk halk\u0131 g\u00f6rmezden gelinerek kal\u0131c\u0131 bar\u0131\u015fa ve istikrara ula\u015f\u0131lamaz\"}]},{\"@type\":\"WebSite\",\"@id\":\"https:\\\/\\\/haberkuzey.com\\\/#website\",\"url\":\"https:\\\/\\\/haberkuzey.com\\\/\",\"name\":\"Haber Kuzey\",\"description\":\"Do\u011fru Haberin Adresi\",\"potentialAction\":[{\"@type\":\"SearchAction\",\"target\":{\"@type\":\"EntryPoint\",\"urlTemplate\":\"https:\\\/\\\/haberkuzey.com\\\/?s={search_term_string}\"},\"query-input\":{\"@type\":\"PropertyValueSpecification\",\"valueRequired\":true,\"valueName\":\"search_term_string\"}}],\"inLanguage\":\"tr\"},{\"@type\":\"Person\",\"@id\":\"https:\\\/\\\/haberkuzey.com\\\/#\\\/schema\\\/person\\\/3372109ec735f9333f4fa47ebb9605ca\",\"name\":\"haberkuzey\",\"image\":{\"@type\":\"ImageObject\",\"inLanguage\":\"tr\",\"@id\":\"https:\\\/\\\/secure.gravatar.com\\\/avatar\\\/f5fc875574b1575324358c3b9e6a32b8227aa5b74f3fa22e3cadb63e26fcc39c?s=96&d=mm&r=g\",\"url\":\"https:\\\/\\\/secure.gravatar.com\\\/avatar\\\/f5fc875574b1575324358c3b9e6a32b8227aa5b74f3fa22e3cadb63e26fcc39c?s=96&d=mm&r=g\",\"contentUrl\":\"https:\\\/\\\/secure.gravatar.com\\\/avatar\\\/f5fc875574b1575324358c3b9e6a32b8227aa5b74f3fa22e3cadb63e26fcc39c?s=96&d=mm&r=g\",\"caption\":\"haberkuzey\"},\"sameAs\":[\"https:\\\/\\\/haberkuzey.com\"],\"url\":\"https:\\\/\\\/haberkuzey.com\\\/index.php\\\/author\\\/haberkuzey\\\/\"}]}<\/script>\n<!-- \/ Yoast SEO plugin. -->","yoast_head_json":{"title":"K\u0131br\u0131s T\u00fcrk halk\u0131 g\u00f6rmezden gelinerek kal\u0131c\u0131 bar\u0131\u015fa ve istikrara ula\u015f\u0131lamaz - Haber Kuzey","robots":{"index":"index","follow":"follow","max-snippet":"max-snippet:-1","max-image-preview":"max-image-preview:large","max-video-preview":"max-video-preview:-1"},"canonical":"https:\/\/haberkuzey.com\/index.php\/2026\/03\/15\/kibris-turk-halki-gormezden-gelinerek-kalici-barisa-ve-istikrara-ulasilamaz\/","og_locale":"tr_TR","og_type":"article","og_title":"K\u0131br\u0131s T\u00fcrk halk\u0131 g\u00f6rmezden gelinerek kal\u0131c\u0131 bar\u0131\u015fa ve istikrara ula\u015f\u0131lamaz - Haber Kuzey","og_description":"-&#8220;T\u00fcrkiye&#8217;ye kar\u015f\u0131 askeri ittifakla denge \u00e7abas\u0131 ger\u00e7ek\u00e7i de\u011fil&#8221; Cumhurba\u015fkanl\u0131\u011f\u0131ndan yap\u0131lan a\u00e7\u0131klamaya g\u00f6re Cumhurba\u015fkan\u0131 Erh\u00fcrman yapt\u0131\u011f\u0131 a\u00e7\u0131klamada, \u201cG\u00fcney\u2019de h\u00fck\u00fcmetin kurdu\u011fu askeri ittifaklar\u0131n ve bu konuda yapt\u0131\u011f\u0131 anla\u015fmalar\u0131n T\u00fcrkiye&#8217;ye kar\u015f\u0131 denge olu\u015fturma \u00e7abas\u0131na y\u00f6nelik oldu\u011funu\u201d belirterek, bu \u00e7abalar\u0131n \u201cger\u00e7ek\u00e7i\u201d olmad\u0131\u011f\u0131n\u0131 ifade etti. Erh\u00fcrman, \u201cBu \u00e7abalar, Ada&#8217;n\u0131n ve Ada&#8217;da ya\u015fayanlar\u0131n g\u00fcvenli\u011fini riske etmektedir ve bu risk Ada&#8217;n\u0131n iki [&hellip;]","og_url":"https:\/\/haberkuzey.com\/index.php\/2026\/03\/15\/kibris-turk-halki-gormezden-gelinerek-kalici-barisa-ve-istikrara-ulasilamaz\/","og_site_name":"Haber Kuzey","article_published_time":"2026-03-15T14:37:07+00:00","author":"haberkuzey","twitter_card":"summary_large_image","twitter_misc":{"Yazan:":"haberkuzey","Tahmini okuma s\u00fcresi":"4 dakika"},"schema":{"@context":"https:\/\/schema.org","@graph":[{"@type":"Article","@id":"https:\/\/haberkuzey.com\/index.php\/2026\/03\/15\/kibris-turk-halki-gormezden-gelinerek-kalici-barisa-ve-istikrara-ulasilamaz\/#article","isPartOf":{"@id":"https:\/\/haberkuzey.com\/index.php\/2026\/03\/15\/kibris-turk-halki-gormezden-gelinerek-kalici-barisa-ve-istikrara-ulasilamaz\/"},"author":{"name":"haberkuzey","@id":"https:\/\/haberkuzey.com\/#\/schema\/person\/3372109ec735f9333f4fa47ebb9605ca"},"headline":"K\u0131br\u0131s T\u00fcrk halk\u0131 g\u00f6rmezden gelinerek kal\u0131c\u0131 bar\u0131\u015fa ve istikrara ula\u015f\u0131lamaz","datePublished":"2026-03-15T14:37:07+00:00","mainEntityOfPage":{"@id":"https:\/\/haberkuzey.com\/index.php\/2026\/03\/15\/kibris-turk-halki-gormezden-gelinerek-kalici-barisa-ve-istikrara-ulasilamaz\/"},"wordCount":798,"commentCount":0,"image":{"@id":"https:\/\/haberkuzey.com\/index.php\/2026\/03\/15\/kibris-turk-halki-gormezden-gelinerek-kalici-barisa-ve-istikrara-ulasilamaz\/#primaryimage"},"thumbnailUrl":"https:\/\/haberkuzey.com\/wp-content\/uploads\/2026\/03\/1773580420935CB_ERHURMAN.jpg","articleSection":["K\u0131br\u0131s"],"inLanguage":"tr","potentialAction":[{"@type":"CommentAction","name":"Comment","target":["https:\/\/haberkuzey.com\/index.php\/2026\/03\/15\/kibris-turk-halki-gormezden-gelinerek-kalici-barisa-ve-istikrara-ulasilamaz\/#respond"]}]},{"@type":"WebPage","@id":"https:\/\/haberkuzey.com\/index.php\/2026\/03\/15\/kibris-turk-halki-gormezden-gelinerek-kalici-barisa-ve-istikrara-ulasilamaz\/","url":"https:\/\/haberkuzey.com\/index.php\/2026\/03\/15\/kibris-turk-halki-gormezden-gelinerek-kalici-barisa-ve-istikrara-ulasilamaz\/","name":"K\u0131br\u0131s T\u00fcrk halk\u0131 g\u00f6rmezden gelinerek kal\u0131c\u0131 bar\u0131\u015fa ve istikrara ula\u015f\u0131lamaz - Haber Kuzey","isPartOf":{"@id":"https:\/\/haberkuzey.com\/#website"},"primaryImageOfPage":{"@id":"https:\/\/haberkuzey.com\/index.php\/2026\/03\/15\/kibris-turk-halki-gormezden-gelinerek-kalici-barisa-ve-istikrara-ulasilamaz\/#primaryimage"},"image":{"@id":"https:\/\/haberkuzey.com\/index.php\/2026\/03\/15\/kibris-turk-halki-gormezden-gelinerek-kalici-barisa-ve-istikrara-ulasilamaz\/#primaryimage"},"thumbnailUrl":"https:\/\/haberkuzey.com\/wp-content\/uploads\/2026\/03\/1773580420935CB_ERHURMAN.jpg","datePublished":"2026-03-15T14:37:07+00:00","author":{"@id":"https:\/\/haberkuzey.com\/#\/schema\/person\/3372109ec735f9333f4fa47ebb9605ca"},"breadcrumb":{"@id":"https:\/\/haberkuzey.com\/index.php\/2026\/03\/15\/kibris-turk-halki-gormezden-gelinerek-kalici-barisa-ve-istikrara-ulasilamaz\/#breadcrumb"},"inLanguage":"tr","potentialAction":[{"@type":"ReadAction","target":["https:\/\/haberkuzey.com\/index.php\/2026\/03\/15\/kibris-turk-halki-gormezden-gelinerek-kalici-barisa-ve-istikrara-ulasilamaz\/"]}]},{"@type":"ImageObject","inLanguage":"tr","@id":"https:\/\/haberkuzey.com\/index.php\/2026\/03\/15\/kibris-turk-halki-gormezden-gelinerek-kalici-barisa-ve-istikrara-ulasilamaz\/#primaryimage","url":"https:\/\/haberkuzey.com\/wp-content\/uploads\/2026\/03\/1773580420935CB_ERHURMAN.jpg","contentUrl":"https:\/\/haberkuzey.com\/wp-content\/uploads\/2026\/03\/1773580420935CB_ERHURMAN.jpg","width":1600,"height":1066},{"@type":"BreadcrumbList","@id":"https:\/\/haberkuzey.com\/index.php\/2026\/03\/15\/kibris-turk-halki-gormezden-gelinerek-kalici-barisa-ve-istikrara-ulasilamaz\/#breadcrumb","itemListElement":[{"@type":"ListItem","position":1,"name":"Anasayfa","item":"https:\/\/haberkuzey.com\/"},{"@type":"ListItem","position":2,"name":"K\u0131br\u0131s T\u00fcrk halk\u0131 g\u00f6rmezden gelinerek kal\u0131c\u0131 bar\u0131\u015fa ve istikrara ula\u015f\u0131lamaz"}]},{"@type":"WebSite","@id":"https:\/\/haberkuzey.com\/#website","url":"https:\/\/haberkuzey.com\/","name":"Haber Kuzey","description":"Do\u011fru Haberin Adresi","potentialAction":[{"@type":"SearchAction","target":{"@type":"EntryPoint","urlTemplate":"https:\/\/haberkuzey.com\/?s={search_term_string}"},"query-input":{"@type":"PropertyValueSpecification","valueRequired":true,"valueName":"search_term_string"}}],"inLanguage":"tr"},{"@type":"Person","@id":"https:\/\/haberkuzey.com\/#\/schema\/person\/3372109ec735f9333f4fa47ebb9605ca","name":"haberkuzey","image":{"@type":"ImageObject","inLanguage":"tr","@id":"https:\/\/secure.gravatar.com\/avatar\/f5fc875574b1575324358c3b9e6a32b8227aa5b74f3fa22e3cadb63e26fcc39c?s=96&d=mm&r=g","url":"https:\/\/secure.gravatar.com\/avatar\/f5fc875574b1575324358c3b9e6a32b8227aa5b74f3fa22e3cadb63e26fcc39c?s=96&d=mm&r=g","contentUrl":"https:\/\/secure.gravatar.com\/avatar\/f5fc875574b1575324358c3b9e6a32b8227aa5b74f3fa22e3cadb63e26fcc39c?s=96&d=mm&r=g","caption":"haberkuzey"},"sameAs":["https:\/\/haberkuzey.com"],"url":"https:\/\/haberkuzey.com\/index.php\/author\/haberkuzey\/"}]}},"_links":{"self":[{"href":"https:\/\/haberkuzey.com\/index.php\/wp-json\/wp\/v2\/posts\/35354","targetHints":{"allow":["GET"]}}],"collection":[{"href":"https:\/\/haberkuzey.com\/index.php\/wp-json\/wp\/v2\/posts"}],"about":[{"href":"https:\/\/haberkuzey.com\/index.php\/wp-json\/wp\/v2\/types\/post"}],"author":[{"embeddable":true,"href":"https:\/\/haberkuzey.com\/index.php\/wp-json\/wp\/v2\/users\/1"}],"replies":[{"embeddable":true,"href":"https:\/\/haberkuzey.com\/index.php\/wp-json\/wp\/v2\/comments?post=35354"}],"version-history":[{"count":0,"href":"https:\/\/haberkuzey.com\/index.php\/wp-json\/wp\/v2\/posts\/35354\/revisions"}],"wp:featuredmedia":[{"embeddable":true,"href":"https:\/\/haberkuzey.com\/index.php\/wp-json\/wp\/v2\/media\/35355"}],"wp:attachment":[{"href":"https:\/\/haberkuzey.com\/index.php\/wp-json\/wp\/v2\/media?parent=35354"}],"wp:term":[{"taxonomy":"category","embeddable":true,"href":"https:\/\/haberkuzey.com\/index.php\/wp-json\/wp\/v2\/categories?post=35354"},{"taxonomy":"post_tag","embeddable":true,"href":"https:\/\/haberkuzey.com\/index.php\/wp-json\/wp\/v2\/tags?post=35354"}],"curies":[{"name":"wp","href":"https:\/\/api.w.org\/{rel}","templated":true}]}}