{"id":35348,"date":"2026-03-15T15:23:50","date_gmt":"2026-03-15T13:23:50","guid":{"rendered":"https:\/\/haberkuzey.com\/index.php\/2026\/03\/15\/guney-kibrisin-askeri-ittifaklari-adanin-guvenligini-ekonomisini-olumsuz-etkiliyor\/"},"modified":"2026-03-15T15:23:50","modified_gmt":"2026-03-15T13:23:50","slug":"guney-kibrisin-askeri-ittifaklari-adanin-guvenligini-ekonomisini-olumsuz-etkiliyor","status":"publish","type":"post","link":"https:\/\/haberkuzey.com\/index.php\/2026\/03\/15\/guney-kibrisin-askeri-ittifaklari-adanin-guvenligini-ekonomisini-olumsuz-etkiliyor\/","title":{"rendered":"G\u00fcney K\u0131br\u0131s\u2019\u0131n askeri ittifaklar\u0131 adan\u0131n g\u00fcvenli\u011fini, ekonomisini olumsuz etkiliyor"},"content":{"rendered":"<p>\u201cY\u0131llard\u0131r hep s\u00f6yledik. G\u00fcney&#8217;de h\u00fckumetin kurdu\u011fu askeri ittifaklar, bu konuda yap\u0131lan anla\u015fmalar T\u00fcrkiye&#8217;ye kar\u015f\u0131 denge olu\u015fturma \u00e7abas\u0131na y\u00f6neliktir ve herkes biliyor ki bu \u00e7aba hi\u00e7bir bi\u00e7imde ger\u00e7ek\u00e7i de\u011fildir.<\/p>\n<p>Bu \u00e7abalar, adan\u0131n ve adada ya\u015fayanlar\u0131n g\u00fcvenli\u011fini riske etmektedir ve bu risk adan\u0131n iki e\u015fit kurucu orta\u011f\u0131ndan biri olan K\u0131br\u0131s T\u00fcrk halk\u0131n\u0131n iradesi olmaks\u0131z\u0131n ortaya \u00e7\u0131km\u0131\u015f olmas\u0131na kar\u015f\u0131n, bizi de kapsama alan\u0131na almaktad\u0131r. A\u00e7\u0131kt\u0131r ki bu durum, ne adadaki stat\u00fcye uygundur, ne de adildir.<\/p>\n<p>\u0130ngiliz \u00fcslerinin varl\u0131\u011f\u0131 ve bunlara ili\u015fkin tart\u0131\u015fmalar yan\u0131nda, Baf&#8217;taki Andreas Papandreu Hava \u00dcss\u00fc ve ona ili\u015fkin anla\u015fmalar, bunlar\u0131n etkileri konusunda spek\u00fclasyona girmeyece\u011fim.<\/p>\n<p>K\u0131br\u0131s adas\u0131n\u0131n g\u00fcneyinin de kuzeyinin de ana gelir kaynaklar\u0131 bellidir ve turizm bunlar\u0131n i\u00e7erisinde en \u00f6nde gelmektedir. G\u00fcvenli\u011fin riske edilmesi, ka\u00e7\u0131n\u0131lmaz olarak \u00f6zelde turizmi genelde ekonomiyi de riske eder.<\/p>\n<p>Birka\u00e7 g\u00fcnd\u00fcr g\u00fcneydeki bas\u0131nda, ya\u015fananlar\u0131n turizm \u00fczerindeki olumsuz etkilerinin tart\u0131\u015f\u0131ld\u0131\u011f\u0131n\u0131 g\u00f6r\u00fcyorum. H\u00fckumet ad\u0131na yap\u0131lan konuyla ilgili a\u00e7\u0131klamalarda, d\u0131\u015f bas\u0131nda adan\u0131n g\u00fcvensiz bir yer olarak lanse edilmesi temel kaynak olarak g\u00f6steriliyor.<\/p>\n<p>Oysa an itibar\u0131yla g\u00fcneyde Birle\u015fik Krall\u0131k yan\u0131nda, Yunanistan&#8217;\u0131n, Fransa&#8217;n\u0131n, \u0130talya&#8217;n\u0131n, \u0130spanya&#8217;n\u0131n ve Hollanda&#8217;n\u0131n askeri enstr\u00fcmanlar\u0131 var. Bunlara dair g\u00fcneydeki h\u00fckumet taraf\u0131ndan yap\u0131lan a\u00e7\u0131klamalar, kar\u015f\u0131lama t\u00f6renleri bilinmeyen \u015feyler de\u011fil. Bu \u015fartlarda d\u0131\u015f bas\u0131n\u0131n konuyla ilgili haberler yapmas\u0131 ne kadar ele\u015ftirilebilirdir emin de\u011filim do\u011frusu!<\/p>\n<p>Yan\u0131 ba\u015f\u0131m\u0131zda, \u00e7ocuklar\u0131n, insanlar\u0131n \u00f6ld\u00fcr\u00fcld\u00fc\u011f\u00fc, t\u00fcm b\u00f6lgeyi, hatta d\u00fcnyay\u0131 riske sokan bir sava\u015f ya\u015fan\u0131rken ekonomi ve turizmi \u00f6nceleyecek de\u011filim elbette. Ama g\u00fcneydeki bas\u0131nda konunun yo\u011fun olarak tart\u0131\u015f\u0131ld\u0131\u011f\u0131n\u0131 ve hatta h\u00fckumet taraf\u0131ndan K\u0131br\u0131s&#8217;\u0131n g\u00fcvenli bir yer oldu\u011funu anlatan bir ileti\u015fim stratejisi geli\u015ftirilmesi i\u00e7in \u00e7al\u0131\u015f\u0131ld\u0131\u011f\u0131n\u0131 g\u00f6r\u00fcnce, konuya de\u011finmek ihtiyac\u0131 hissettim.<\/p>\n<p>Sevgili Niyazi K\u0131z\u0131ly\u00fcrek, bug\u00fcn Yenid\u00fczen&#8217;de yay\u0131mlanan makalesinde, Yunanistan&#8217;\u0131n eski ba\u015fbakanlar\u0131ndan Samaras&#8217;\u0131n Yunan Parlamentosu&#8217;nda yapt\u0131\u011f\u0131 bir konu\u015fmada, \u2018E\u011fer Annan Plan\u0131 uygulansayd\u0131, d\u00f6n\u00fc\u015f\u00fcml\u00fc ba\u015fkanl\u0131k sistemi sonucunda cumhurba\u015fkanl\u0131\u011f\u0131 koltu\u011funda bir K\u0131br\u0131sl\u0131 T\u00fcrk oturacakt\u0131 ve Yunanistan&#8217;\u0131n adaya sava\u015f gemisi ve u\u00e7ak g\u00f6ndermesi imkans\u0131z olacakt\u0131\u2019 dedi\u011finden s\u00f6z ediyor.<\/p>\n<p>Ne kadar ilgin\u00e7! \u0130\u00e7inden ge\u00e7ti\u011fimiz ko\u015fullar hem ac\u0131 verici, hem d\u00fc\u015f\u00fcnd\u00fcr\u00fcc\u00fc, hem de tabii ki \u00f6\u011fretici!<\/p>\n<p>\u0130\u015fin \u00f6zeti \u015fu: Bu ada k\u00fc\u00e7\u00fck. Bu ada riskli bir b\u00f6lgede. Biz K\u0131br\u0131s T\u00fcrk halk\u0131 olarak, haks\u0131z yere g\u00f6rmezden gelindi\u011fimiz, irademizin gayrime\u015fru bi\u00e7imde yok say\u0131ld\u0131\u011f\u0131 ko\u015fullarda, dahlimiz olmayan hatalar\u0131n bedelini \u00f6demek istemiyoruz.<\/p>\n<p>Bu sava\u015f, umar ve dilerim ki en erken zamanda bitecek. Umar ve dilerim ki daha fazla \u00e7ocu\u011fun, insan\u0131n \u00f6lmedi\u011fi ko\u015fullar ortaya \u00e7\u0131kacak. Bunlara ek olarak umar ve dilerim ki sava\u015f bittikten sonra, b\u00f6lgede kal\u0131c\u0131 bar\u0131\u015f ve istikrar\u0131n bu adada kal\u0131c\u0131 bar\u0131\u015f ve istikrar ile ba\u011flant\u0131s\u0131 da herkes taraf\u0131ndan daha iyi anla\u015f\u0131lacak.<\/p>\n<p>Bunlar romantik dilekler olarak okunabilir ancak tam tersine \u2018ger\u00e7ek\u2019 bu. Ve ger\u00e7ek, K\u0131br\u0131s T\u00fcrk halk\u0131 g\u00f6rmezden gelinerek, e\u015fitli\u011fi reddedilerek, iradesi yok say\u0131larak kal\u0131c\u0131 bar\u0131\u015f ve istikrara ula\u015f\u0131lamayaca\u011f\u0131, bu adan\u0131n g\u00fcvenli\u011finin ve K\u0131br\u0131sl\u0131 T\u00fcrkler ve K\u0131br\u0131sl\u0131 Rumlar\u0131n s\u00fcrd\u00fcr\u00fclebilir refah\u0131n\u0131n sa\u011flanamayaca\u011f\u0131d\u0131r.\u201d<\/p>\n<p>G\u00fcney K\u0131br\u0131s\u2019\u0131n askeri ittifaklar\u0131 adan\u0131n g\u00fcvenli\u011fini, ekonomisini olumsuz etkiliyor yaz\u0131s\u0131 ilk \u00f6nce K\u0131br\u0131s Hakikat \u00fczerinde ortaya \u00e7\u0131kt\u0131.<\/p>\n","protected":false},"excerpt":{"rendered":"<p>\u201cY\u0131llard\u0131r hep s\u00f6yledik. G\u00fcney&#8217;de h\u00fckumetin kurdu\u011fu askeri ittifaklar, bu konuda yap\u0131lan anla\u015fmalar T\u00fcrkiye&#8217;ye kar\u015f\u0131 denge olu\u015fturma \u00e7abas\u0131na y\u00f6neliktir ve herkes biliyor ki bu \u00e7aba hi\u00e7bir bi\u00e7imde ger\u00e7ek\u00e7i de\u011fildir. Bu \u00e7abalar, adan\u0131n ve adada ya\u015fayanlar\u0131n g\u00fcvenli\u011fini riske etmektedir ve bu risk adan\u0131n iki e\u015fit kurucu orta\u011f\u0131ndan biri olan K\u0131br\u0131s T\u00fcrk halk\u0131n\u0131n iradesi olmaks\u0131z\u0131n ortaya \u00e7\u0131km\u0131\u015f olmas\u0131na [&hellip;]<\/p>\n","protected":false},"author":1,"featured_media":35349,"comment_status":"open","ping_status":"open","sticky":false,"template":"","format":"standard","meta":{"jnews-multi-image_gallery":[],"jnews_single_post":[],"jnews_primary_category":[],"footnotes":""},"categories":[1],"tags":[],"class_list":["post-35348","post","type-post","status-publish","format-standard","has-post-thumbnail","hentry","category-kibris"],"yoast_head":"<!-- This site is optimized with the Yoast SEO plugin v27.5 - https:\/\/yoast.com\/product\/yoast-seo-wordpress\/ -->\n<title>G\u00fcney K\u0131br\u0131s\u2019\u0131n askeri ittifaklar\u0131 adan\u0131n g\u00fcvenli\u011fini, ekonomisini olumsuz etkiliyor - Haber Kuzey<\/title>\n<meta name=\"robots\" content=\"index, follow, max-snippet:-1, max-image-preview:large, max-video-preview:-1\" \/>\n<link rel=\"canonical\" href=\"https:\/\/haberkuzey.com\/index.php\/2026\/03\/15\/guney-kibrisin-askeri-ittifaklari-adanin-guvenligini-ekonomisini-olumsuz-etkiliyor\/\" \/>\n<meta property=\"og:locale\" content=\"tr_TR\" \/>\n<meta property=\"og:type\" content=\"article\" \/>\n<meta property=\"og:title\" content=\"G\u00fcney K\u0131br\u0131s\u2019\u0131n askeri ittifaklar\u0131 adan\u0131n g\u00fcvenli\u011fini, ekonomisini olumsuz etkiliyor - Haber Kuzey\" \/>\n<meta property=\"og:description\" content=\"\u201cY\u0131llard\u0131r hep s\u00f6yledik. G\u00fcney&#8217;de h\u00fckumetin kurdu\u011fu askeri ittifaklar, bu konuda yap\u0131lan anla\u015fmalar T\u00fcrkiye&#8217;ye kar\u015f\u0131 denge olu\u015fturma \u00e7abas\u0131na y\u00f6neliktir ve herkes biliyor ki bu \u00e7aba hi\u00e7bir bi\u00e7imde ger\u00e7ek\u00e7i de\u011fildir. Bu \u00e7abalar, adan\u0131n ve adada ya\u015fayanlar\u0131n g\u00fcvenli\u011fini riske etmektedir ve bu risk adan\u0131n iki e\u015fit kurucu orta\u011f\u0131ndan biri olan K\u0131br\u0131s T\u00fcrk halk\u0131n\u0131n iradesi olmaks\u0131z\u0131n ortaya \u00e7\u0131km\u0131\u015f olmas\u0131na [&hellip;]\" \/>\n<meta property=\"og:url\" content=\"https:\/\/haberkuzey.com\/index.php\/2026\/03\/15\/guney-kibrisin-askeri-ittifaklari-adanin-guvenligini-ekonomisini-olumsuz-etkiliyor\/\" \/>\n<meta property=\"og:site_name\" content=\"Haber Kuzey\" \/>\n<meta property=\"article:published_time\" content=\"2026-03-15T13:23:50+00:00\" \/>\n<meta name=\"author\" content=\"haberkuzey\" \/>\n<meta name=\"twitter:card\" content=\"summary_large_image\" \/>\n<meta name=\"twitter:label1\" content=\"Yazan:\" \/>\n\t<meta name=\"twitter:data1\" content=\"haberkuzey\" \/>\n\t<meta name=\"twitter:label2\" content=\"Tahmini okuma s\u00fcresi\" \/>\n\t<meta name=\"twitter:data2\" content=\"3 dakika\" \/>\n<script type=\"application\/ld+json\" class=\"yoast-schema-graph\">{\"@context\":\"https:\\\/\\\/schema.org\",\"@graph\":[{\"@type\":\"Article\",\"@id\":\"https:\\\/\\\/haberkuzey.com\\\/index.php\\\/2026\\\/03\\\/15\\\/guney-kibrisin-askeri-ittifaklari-adanin-guvenligini-ekonomisini-olumsuz-etkiliyor\\\/#article\",\"isPartOf\":{\"@id\":\"https:\\\/\\\/haberkuzey.com\\\/index.php\\\/2026\\\/03\\\/15\\\/guney-kibrisin-askeri-ittifaklari-adanin-guvenligini-ekonomisini-olumsuz-etkiliyor\\\/\"},\"author\":{\"name\":\"haberkuzey\",\"@id\":\"https:\\\/\\\/haberkuzey.com\\\/#\\\/schema\\\/person\\\/3372109ec735f9333f4fa47ebb9605ca\"},\"headline\":\"G\u00fcney K\u0131br\u0131s\u2019\u0131n askeri ittifaklar\u0131 adan\u0131n g\u00fcvenli\u011fini, ekonomisini olumsuz etkiliyor\",\"datePublished\":\"2026-03-15T13:23:50+00:00\",\"mainEntityOfPage\":{\"@id\":\"https:\\\/\\\/haberkuzey.com\\\/index.php\\\/2026\\\/03\\\/15\\\/guney-kibrisin-askeri-ittifaklari-adanin-guvenligini-ekonomisini-olumsuz-etkiliyor\\\/\"},\"wordCount\":694,\"commentCount\":0,\"image\":{\"@id\":\"https:\\\/\\\/haberkuzey.com\\\/index.php\\\/2026\\\/03\\\/15\\\/guney-kibrisin-askeri-ittifaklari-adanin-guvenligini-ekonomisini-olumsuz-etkiliyor\\\/#primaryimage\"},\"thumbnailUrl\":\"https:\\\/\\\/haberkuzey.com\\\/wp-content\\\/uploads\\\/2026\\\/03\\\/v2normalhaberboyutuablonsuzkopyaskopyaskopyas-2025-12-04t103500703_1764837314.webp.webp\",\"articleSection\":[\"K\u0131br\u0131s\"],\"inLanguage\":\"tr\",\"potentialAction\":[{\"@type\":\"CommentAction\",\"name\":\"Comment\",\"target\":[\"https:\\\/\\\/haberkuzey.com\\\/index.php\\\/2026\\\/03\\\/15\\\/guney-kibrisin-askeri-ittifaklari-adanin-guvenligini-ekonomisini-olumsuz-etkiliyor\\\/#respond\"]}]},{\"@type\":\"WebPage\",\"@id\":\"https:\\\/\\\/haberkuzey.com\\\/index.php\\\/2026\\\/03\\\/15\\\/guney-kibrisin-askeri-ittifaklari-adanin-guvenligini-ekonomisini-olumsuz-etkiliyor\\\/\",\"url\":\"https:\\\/\\\/haberkuzey.com\\\/index.php\\\/2026\\\/03\\\/15\\\/guney-kibrisin-askeri-ittifaklari-adanin-guvenligini-ekonomisini-olumsuz-etkiliyor\\\/\",\"name\":\"G\u00fcney K\u0131br\u0131s\u2019\u0131n askeri ittifaklar\u0131 adan\u0131n g\u00fcvenli\u011fini, ekonomisini olumsuz etkiliyor - Haber Kuzey\",\"isPartOf\":{\"@id\":\"https:\\\/\\\/haberkuzey.com\\\/#website\"},\"primaryImageOfPage\":{\"@id\":\"https:\\\/\\\/haberkuzey.com\\\/index.php\\\/2026\\\/03\\\/15\\\/guney-kibrisin-askeri-ittifaklari-adanin-guvenligini-ekonomisini-olumsuz-etkiliyor\\\/#primaryimage\"},\"image\":{\"@id\":\"https:\\\/\\\/haberkuzey.com\\\/index.php\\\/2026\\\/03\\\/15\\\/guney-kibrisin-askeri-ittifaklari-adanin-guvenligini-ekonomisini-olumsuz-etkiliyor\\\/#primaryimage\"},\"thumbnailUrl\":\"https:\\\/\\\/haberkuzey.com\\\/wp-content\\\/uploads\\\/2026\\\/03\\\/v2normalhaberboyutuablonsuzkopyaskopyaskopyas-2025-12-04t103500703_1764837314.webp.webp\",\"datePublished\":\"2026-03-15T13:23:50+00:00\",\"author\":{\"@id\":\"https:\\\/\\\/haberkuzey.com\\\/#\\\/schema\\\/person\\\/3372109ec735f9333f4fa47ebb9605ca\"},\"breadcrumb\":{\"@id\":\"https:\\\/\\\/haberkuzey.com\\\/index.php\\\/2026\\\/03\\\/15\\\/guney-kibrisin-askeri-ittifaklari-adanin-guvenligini-ekonomisini-olumsuz-etkiliyor\\\/#breadcrumb\"},\"inLanguage\":\"tr\",\"potentialAction\":[{\"@type\":\"ReadAction\",\"target\":[\"https:\\\/\\\/haberkuzey.com\\\/index.php\\\/2026\\\/03\\\/15\\\/guney-kibrisin-askeri-ittifaklari-adanin-guvenligini-ekonomisini-olumsuz-etkiliyor\\\/\"]}]},{\"@type\":\"ImageObject\",\"inLanguage\":\"tr\",\"@id\":\"https:\\\/\\\/haberkuzey.com\\\/index.php\\\/2026\\\/03\\\/15\\\/guney-kibrisin-askeri-ittifaklari-adanin-guvenligini-ekonomisini-olumsuz-etkiliyor\\\/#primaryimage\",\"url\":\"https:\\\/\\\/haberkuzey.com\\\/wp-content\\\/uploads\\\/2026\\\/03\\\/v2normalhaberboyutuablonsuzkopyaskopyaskopyas-2025-12-04t103500703_1764837314.webp.webp\",\"contentUrl\":\"https:\\\/\\\/haberkuzey.com\\\/wp-content\\\/uploads\\\/2026\\\/03\\\/v2normalhaberboyutuablonsuzkopyaskopyaskopyas-2025-12-04t103500703_1764837314.webp.webp\",\"width\":971,\"height\":551},{\"@type\":\"BreadcrumbList\",\"@id\":\"https:\\\/\\\/haberkuzey.com\\\/index.php\\\/2026\\\/03\\\/15\\\/guney-kibrisin-askeri-ittifaklari-adanin-guvenligini-ekonomisini-olumsuz-etkiliyor\\\/#breadcrumb\",\"itemListElement\":[{\"@type\":\"ListItem\",\"position\":1,\"name\":\"Anasayfa\",\"item\":\"https:\\\/\\\/haberkuzey.com\\\/\"},{\"@type\":\"ListItem\",\"position\":2,\"name\":\"G\u00fcney K\u0131br\u0131s\u2019\u0131n askeri ittifaklar\u0131 adan\u0131n g\u00fcvenli\u011fini, ekonomisini olumsuz etkiliyor\"}]},{\"@type\":\"WebSite\",\"@id\":\"https:\\\/\\\/haberkuzey.com\\\/#website\",\"url\":\"https:\\\/\\\/haberkuzey.com\\\/\",\"name\":\"Haber Kuzey\",\"description\":\"Do\u011fru Haberin Adresi\",\"potentialAction\":[{\"@type\":\"SearchAction\",\"target\":{\"@type\":\"EntryPoint\",\"urlTemplate\":\"https:\\\/\\\/haberkuzey.com\\\/?s={search_term_string}\"},\"query-input\":{\"@type\":\"PropertyValueSpecification\",\"valueRequired\":true,\"valueName\":\"search_term_string\"}}],\"inLanguage\":\"tr\"},{\"@type\":\"Person\",\"@id\":\"https:\\\/\\\/haberkuzey.com\\\/#\\\/schema\\\/person\\\/3372109ec735f9333f4fa47ebb9605ca\",\"name\":\"haberkuzey\",\"image\":{\"@type\":\"ImageObject\",\"inLanguage\":\"tr\",\"@id\":\"https:\\\/\\\/secure.gravatar.com\\\/avatar\\\/f5fc875574b1575324358c3b9e6a32b8227aa5b74f3fa22e3cadb63e26fcc39c?s=96&d=mm&r=g\",\"url\":\"https:\\\/\\\/secure.gravatar.com\\\/avatar\\\/f5fc875574b1575324358c3b9e6a32b8227aa5b74f3fa22e3cadb63e26fcc39c?s=96&d=mm&r=g\",\"contentUrl\":\"https:\\\/\\\/secure.gravatar.com\\\/avatar\\\/f5fc875574b1575324358c3b9e6a32b8227aa5b74f3fa22e3cadb63e26fcc39c?s=96&d=mm&r=g\",\"caption\":\"haberkuzey\"},\"sameAs\":[\"https:\\\/\\\/haberkuzey.com\"],\"url\":\"https:\\\/\\\/haberkuzey.com\\\/index.php\\\/author\\\/haberkuzey\\\/\"}]}<\/script>\n<!-- \/ Yoast SEO plugin. -->","yoast_head_json":{"title":"G\u00fcney K\u0131br\u0131s\u2019\u0131n askeri ittifaklar\u0131 adan\u0131n g\u00fcvenli\u011fini, ekonomisini olumsuz etkiliyor - Haber Kuzey","robots":{"index":"index","follow":"follow","max-snippet":"max-snippet:-1","max-image-preview":"max-image-preview:large","max-video-preview":"max-video-preview:-1"},"canonical":"https:\/\/haberkuzey.com\/index.php\/2026\/03\/15\/guney-kibrisin-askeri-ittifaklari-adanin-guvenligini-ekonomisini-olumsuz-etkiliyor\/","og_locale":"tr_TR","og_type":"article","og_title":"G\u00fcney K\u0131br\u0131s\u2019\u0131n askeri ittifaklar\u0131 adan\u0131n g\u00fcvenli\u011fini, ekonomisini olumsuz etkiliyor - Haber Kuzey","og_description":"\u201cY\u0131llard\u0131r hep s\u00f6yledik. G\u00fcney&#8217;de h\u00fckumetin kurdu\u011fu askeri ittifaklar, bu konuda yap\u0131lan anla\u015fmalar T\u00fcrkiye&#8217;ye kar\u015f\u0131 denge olu\u015fturma \u00e7abas\u0131na y\u00f6neliktir ve herkes biliyor ki bu \u00e7aba hi\u00e7bir bi\u00e7imde ger\u00e7ek\u00e7i de\u011fildir. Bu \u00e7abalar, adan\u0131n ve adada ya\u015fayanlar\u0131n g\u00fcvenli\u011fini riske etmektedir ve bu risk adan\u0131n iki e\u015fit kurucu orta\u011f\u0131ndan biri olan K\u0131br\u0131s T\u00fcrk halk\u0131n\u0131n iradesi olmaks\u0131z\u0131n ortaya \u00e7\u0131km\u0131\u015f olmas\u0131na [&hellip;]","og_url":"https:\/\/haberkuzey.com\/index.php\/2026\/03\/15\/guney-kibrisin-askeri-ittifaklari-adanin-guvenligini-ekonomisini-olumsuz-etkiliyor\/","og_site_name":"Haber Kuzey","article_published_time":"2026-03-15T13:23:50+00:00","author":"haberkuzey","twitter_card":"summary_large_image","twitter_misc":{"Yazan:":"haberkuzey","Tahmini okuma s\u00fcresi":"3 dakika"},"schema":{"@context":"https:\/\/schema.org","@graph":[{"@type":"Article","@id":"https:\/\/haberkuzey.com\/index.php\/2026\/03\/15\/guney-kibrisin-askeri-ittifaklari-adanin-guvenligini-ekonomisini-olumsuz-etkiliyor\/#article","isPartOf":{"@id":"https:\/\/haberkuzey.com\/index.php\/2026\/03\/15\/guney-kibrisin-askeri-ittifaklari-adanin-guvenligini-ekonomisini-olumsuz-etkiliyor\/"},"author":{"name":"haberkuzey","@id":"https:\/\/haberkuzey.com\/#\/schema\/person\/3372109ec735f9333f4fa47ebb9605ca"},"headline":"G\u00fcney K\u0131br\u0131s\u2019\u0131n askeri ittifaklar\u0131 adan\u0131n g\u00fcvenli\u011fini, ekonomisini olumsuz etkiliyor","datePublished":"2026-03-15T13:23:50+00:00","mainEntityOfPage":{"@id":"https:\/\/haberkuzey.com\/index.php\/2026\/03\/15\/guney-kibrisin-askeri-ittifaklari-adanin-guvenligini-ekonomisini-olumsuz-etkiliyor\/"},"wordCount":694,"commentCount":0,"image":{"@id":"https:\/\/haberkuzey.com\/index.php\/2026\/03\/15\/guney-kibrisin-askeri-ittifaklari-adanin-guvenligini-ekonomisini-olumsuz-etkiliyor\/#primaryimage"},"thumbnailUrl":"https:\/\/haberkuzey.com\/wp-content\/uploads\/2026\/03\/v2normalhaberboyutuablonsuzkopyaskopyaskopyas-2025-12-04t103500703_1764837314.webp.webp","articleSection":["K\u0131br\u0131s"],"inLanguage":"tr","potentialAction":[{"@type":"CommentAction","name":"Comment","target":["https:\/\/haberkuzey.com\/index.php\/2026\/03\/15\/guney-kibrisin-askeri-ittifaklari-adanin-guvenligini-ekonomisini-olumsuz-etkiliyor\/#respond"]}]},{"@type":"WebPage","@id":"https:\/\/haberkuzey.com\/index.php\/2026\/03\/15\/guney-kibrisin-askeri-ittifaklari-adanin-guvenligini-ekonomisini-olumsuz-etkiliyor\/","url":"https:\/\/haberkuzey.com\/index.php\/2026\/03\/15\/guney-kibrisin-askeri-ittifaklari-adanin-guvenligini-ekonomisini-olumsuz-etkiliyor\/","name":"G\u00fcney K\u0131br\u0131s\u2019\u0131n askeri ittifaklar\u0131 adan\u0131n g\u00fcvenli\u011fini, ekonomisini olumsuz etkiliyor - Haber Kuzey","isPartOf":{"@id":"https:\/\/haberkuzey.com\/#website"},"primaryImageOfPage":{"@id":"https:\/\/haberkuzey.com\/index.php\/2026\/03\/15\/guney-kibrisin-askeri-ittifaklari-adanin-guvenligini-ekonomisini-olumsuz-etkiliyor\/#primaryimage"},"image":{"@id":"https:\/\/haberkuzey.com\/index.php\/2026\/03\/15\/guney-kibrisin-askeri-ittifaklari-adanin-guvenligini-ekonomisini-olumsuz-etkiliyor\/#primaryimage"},"thumbnailUrl":"https:\/\/haberkuzey.com\/wp-content\/uploads\/2026\/03\/v2normalhaberboyutuablonsuzkopyaskopyaskopyas-2025-12-04t103500703_1764837314.webp.webp","datePublished":"2026-03-15T13:23:50+00:00","author":{"@id":"https:\/\/haberkuzey.com\/#\/schema\/person\/3372109ec735f9333f4fa47ebb9605ca"},"breadcrumb":{"@id":"https:\/\/haberkuzey.com\/index.php\/2026\/03\/15\/guney-kibrisin-askeri-ittifaklari-adanin-guvenligini-ekonomisini-olumsuz-etkiliyor\/#breadcrumb"},"inLanguage":"tr","potentialAction":[{"@type":"ReadAction","target":["https:\/\/haberkuzey.com\/index.php\/2026\/03\/15\/guney-kibrisin-askeri-ittifaklari-adanin-guvenligini-ekonomisini-olumsuz-etkiliyor\/"]}]},{"@type":"ImageObject","inLanguage":"tr","@id":"https:\/\/haberkuzey.com\/index.php\/2026\/03\/15\/guney-kibrisin-askeri-ittifaklari-adanin-guvenligini-ekonomisini-olumsuz-etkiliyor\/#primaryimage","url":"https:\/\/haberkuzey.com\/wp-content\/uploads\/2026\/03\/v2normalhaberboyutuablonsuzkopyaskopyaskopyas-2025-12-04t103500703_1764837314.webp.webp","contentUrl":"https:\/\/haberkuzey.com\/wp-content\/uploads\/2026\/03\/v2normalhaberboyutuablonsuzkopyaskopyaskopyas-2025-12-04t103500703_1764837314.webp.webp","width":971,"height":551},{"@type":"BreadcrumbList","@id":"https:\/\/haberkuzey.com\/index.php\/2026\/03\/15\/guney-kibrisin-askeri-ittifaklari-adanin-guvenligini-ekonomisini-olumsuz-etkiliyor\/#breadcrumb","itemListElement":[{"@type":"ListItem","position":1,"name":"Anasayfa","item":"https:\/\/haberkuzey.com\/"},{"@type":"ListItem","position":2,"name":"G\u00fcney K\u0131br\u0131s\u2019\u0131n askeri ittifaklar\u0131 adan\u0131n g\u00fcvenli\u011fini, ekonomisini olumsuz etkiliyor"}]},{"@type":"WebSite","@id":"https:\/\/haberkuzey.com\/#website","url":"https:\/\/haberkuzey.com\/","name":"Haber Kuzey","description":"Do\u011fru Haberin Adresi","potentialAction":[{"@type":"SearchAction","target":{"@type":"EntryPoint","urlTemplate":"https:\/\/haberkuzey.com\/?s={search_term_string}"},"query-input":{"@type":"PropertyValueSpecification","valueRequired":true,"valueName":"search_term_string"}}],"inLanguage":"tr"},{"@type":"Person","@id":"https:\/\/haberkuzey.com\/#\/schema\/person\/3372109ec735f9333f4fa47ebb9605ca","name":"haberkuzey","image":{"@type":"ImageObject","inLanguage":"tr","@id":"https:\/\/secure.gravatar.com\/avatar\/f5fc875574b1575324358c3b9e6a32b8227aa5b74f3fa22e3cadb63e26fcc39c?s=96&d=mm&r=g","url":"https:\/\/secure.gravatar.com\/avatar\/f5fc875574b1575324358c3b9e6a32b8227aa5b74f3fa22e3cadb63e26fcc39c?s=96&d=mm&r=g","contentUrl":"https:\/\/secure.gravatar.com\/avatar\/f5fc875574b1575324358c3b9e6a32b8227aa5b74f3fa22e3cadb63e26fcc39c?s=96&d=mm&r=g","caption":"haberkuzey"},"sameAs":["https:\/\/haberkuzey.com"],"url":"https:\/\/haberkuzey.com\/index.php\/author\/haberkuzey\/"}]}},"_links":{"self":[{"href":"https:\/\/haberkuzey.com\/index.php\/wp-json\/wp\/v2\/posts\/35348","targetHints":{"allow":["GET"]}}],"collection":[{"href":"https:\/\/haberkuzey.com\/index.php\/wp-json\/wp\/v2\/posts"}],"about":[{"href":"https:\/\/haberkuzey.com\/index.php\/wp-json\/wp\/v2\/types\/post"}],"author":[{"embeddable":true,"href":"https:\/\/haberkuzey.com\/index.php\/wp-json\/wp\/v2\/users\/1"}],"replies":[{"embeddable":true,"href":"https:\/\/haberkuzey.com\/index.php\/wp-json\/wp\/v2\/comments?post=35348"}],"version-history":[{"count":0,"href":"https:\/\/haberkuzey.com\/index.php\/wp-json\/wp\/v2\/posts\/35348\/revisions"}],"wp:featuredmedia":[{"embeddable":true,"href":"https:\/\/haberkuzey.com\/index.php\/wp-json\/wp\/v2\/media\/35349"}],"wp:attachment":[{"href":"https:\/\/haberkuzey.com\/index.php\/wp-json\/wp\/v2\/media?parent=35348"}],"wp:term":[{"taxonomy":"category","embeddable":true,"href":"https:\/\/haberkuzey.com\/index.php\/wp-json\/wp\/v2\/categories?post=35348"},{"taxonomy":"post_tag","embeddable":true,"href":"https:\/\/haberkuzey.com\/index.php\/wp-json\/wp\/v2\/tags?post=35348"}],"curies":[{"name":"wp","href":"https:\/\/api.w.org\/{rel}","templated":true}]}}