{"id":35340,"date":"2026-03-15T14:59:32","date_gmt":"2026-03-15T12:59:32","guid":{"rendered":"https:\/\/haberkuzey.com\/index.php\/2026\/03\/15\/iran-devrim-muhafizlari-ordusu-ilk-kez-siccil-fuzeleri-kullanildi\/"},"modified":"2026-03-15T14:59:32","modified_gmt":"2026-03-15T12:59:32","slug":"iran-devrim-muhafizlari-ordusu-ilk-kez-siccil-fuzeleri-kullanildi","status":"publish","type":"post","link":"https:\/\/haberkuzey.com\/index.php\/2026\/03\/15\/iran-devrim-muhafizlari-ordusu-ilk-kez-siccil-fuzeleri-kullanildi\/","title":{"rendered":"\u0130ran Devrim Muhaf\u0131zlar\u0131 Ordusu: \u201c\u0130lk kez Siccil f\u00fczeleri kullan\u0131ld\u0131\u201d"},"content":{"rendered":"<p style=\"font-weight: 300\"><span style=\"font-weight: 300 !important\">\u0130ran Devrim Muhaf\u0131zlar\u0131 Ordusu, &#8220;Sad\u0131k Vaat 4 Operasyonu&#8221;nun 54. dalgas\u0131 kapsam\u0131nda \u0130srail hedeflerine yeni sald\u0131r\u0131lar ba\u015flat\u0131ld\u0131\u011f\u0131n\u0131 a\u00e7\u0131klad\u0131.<\/span><\/p>\n<p style=\"font-weight: 300\"><span style=\"font-weight: 300 !important\">A\u00e7\u0131klamada, sald\u0131r\u0131larda a\u011f\u0131r sava\u015f ba\u015fl\u0131klar\u0131na sahip H\u00fcrrem\u015fehr, Hayber\u015fiken, Kadir ve \u0130mad f\u00fczelerinin yan\u0131 s\u0131ra ilk kez stratejik ve kat\u0131 yak\u0131tl\u0131 Siccil f\u00fczeleri kullan\u0131ld\u0131\u011f\u0131 belirtilerek, &#8220;\u0130\u015fgal alt\u0131ndaki topraklar\u0131n kalbinde, rejimin hava operasyonlar\u0131n\u0131 etkileyen y\u00f6netim ve karar alma merkezlerine, askeri ve savunma sanayilerindeki etkin altyap\u0131ya ve Siyonist rejimin askeri g\u00fc\u00e7lerinin toplanma yerlerine kar\u015f\u0131 sald\u0131r\u0131lar Allah&#8217;\u0131n l\u00fctfu ve kudretiyle ba\u015far\u0131yla ger\u00e7ekle\u015ftirildi.&#8221; ifadeleri kullan\u0131ld\u0131.<\/span><\/p>\n<p>\u0130ran Devrim Muhaf\u0131zlar\u0131 Ordusu: \u201c\u0130lk kez Siccil f\u00fczeleri kullan\u0131ld\u0131\u201d yaz\u0131s\u0131 ilk \u00f6nce K\u0131br\u0131s Hakikat \u00fczerinde ortaya \u00e7\u0131kt\u0131.<\/p>\n","protected":false},"excerpt":{"rendered":"<p>\u0130ran Devrim Muhaf\u0131zlar\u0131 Ordusu, &#8220;Sad\u0131k Vaat 4 Operasyonu&#8221;nun 54. dalgas\u0131 kapsam\u0131nda \u0130srail hedeflerine yeni sald\u0131r\u0131lar ba\u015flat\u0131ld\u0131\u011f\u0131n\u0131 a\u00e7\u0131klad\u0131. A\u00e7\u0131klamada, sald\u0131r\u0131larda a\u011f\u0131r sava\u015f ba\u015fl\u0131klar\u0131na sahip H\u00fcrrem\u015fehr, Hayber\u015fiken, Kadir ve \u0130mad f\u00fczelerinin yan\u0131 s\u0131ra ilk kez stratejik ve kat\u0131 yak\u0131tl\u0131 Siccil f\u00fczeleri kullan\u0131ld\u0131\u011f\u0131 belirtilerek, &#8220;\u0130\u015fgal alt\u0131ndaki topraklar\u0131n kalbinde, rejimin hava operasyonlar\u0131n\u0131 etkileyen y\u00f6netim ve karar alma merkezlerine, askeri [&hellip;]<\/p>\n","protected":false},"author":1,"featured_media":35341,"comment_status":"open","ping_status":"open","sticky":false,"template":"","format":"standard","meta":{"jnews-multi-image_gallery":[],"jnews_single_post":[],"jnews_primary_category":[],"footnotes":""},"categories":[1],"tags":[],"class_list":["post-35340","post","type-post","status-publish","format-standard","has-post-thumbnail","hentry","category-kibris"],"yoast_head":"<!-- This site is optimized with the Yoast SEO plugin v27.5 - https:\/\/yoast.com\/product\/yoast-seo-wordpress\/ -->\n<title>\u0130ran Devrim Muhaf\u0131zlar\u0131 Ordusu: \u201c\u0130lk kez Siccil f\u00fczeleri kullan\u0131ld\u0131\u201d - Haber Kuzey<\/title>\n<meta name=\"robots\" content=\"index, follow, max-snippet:-1, max-image-preview:large, max-video-preview:-1\" \/>\n<link rel=\"canonical\" href=\"https:\/\/haberkuzey.com\/index.php\/2026\/03\/15\/iran-devrim-muhafizlari-ordusu-ilk-kez-siccil-fuzeleri-kullanildi\/\" \/>\n<meta property=\"og:locale\" content=\"tr_TR\" \/>\n<meta property=\"og:type\" content=\"article\" \/>\n<meta property=\"og:title\" content=\"\u0130ran Devrim Muhaf\u0131zlar\u0131 Ordusu: \u201c\u0130lk kez Siccil f\u00fczeleri kullan\u0131ld\u0131\u201d - Haber Kuzey\" \/>\n<meta property=\"og:description\" content=\"\u0130ran Devrim Muhaf\u0131zlar\u0131 Ordusu, &#8220;Sad\u0131k Vaat 4 Operasyonu&#8221;nun 54. dalgas\u0131 kapsam\u0131nda \u0130srail hedeflerine yeni sald\u0131r\u0131lar ba\u015flat\u0131ld\u0131\u011f\u0131n\u0131 a\u00e7\u0131klad\u0131. A\u00e7\u0131klamada, sald\u0131r\u0131larda a\u011f\u0131r sava\u015f ba\u015fl\u0131klar\u0131na sahip H\u00fcrrem\u015fehr, Hayber\u015fiken, Kadir ve \u0130mad f\u00fczelerinin yan\u0131 s\u0131ra ilk kez stratejik ve kat\u0131 yak\u0131tl\u0131 Siccil f\u00fczeleri kullan\u0131ld\u0131\u011f\u0131 belirtilerek, &#8220;\u0130\u015fgal alt\u0131ndaki topraklar\u0131n kalbinde, rejimin hava operasyonlar\u0131n\u0131 etkileyen y\u00f6netim ve karar alma merkezlerine, askeri [&hellip;]\" \/>\n<meta property=\"og:url\" content=\"https:\/\/haberkuzey.com\/index.php\/2026\/03\/15\/iran-devrim-muhafizlari-ordusu-ilk-kez-siccil-fuzeleri-kullanildi\/\" \/>\n<meta property=\"og:site_name\" content=\"Haber Kuzey\" \/>\n<meta property=\"article:published_time\" content=\"2026-03-15T12:59:32+00:00\" \/>\n<meta name=\"author\" content=\"haberkuzey\" \/>\n<meta name=\"twitter:card\" content=\"summary_large_image\" \/>\n<meta name=\"twitter:label1\" content=\"Yazan:\" \/>\n\t<meta name=\"twitter:data1\" content=\"haberkuzey\" \/>\n\t<meta name=\"twitter:label2\" content=\"Tahmini okuma s\u00fcresi\" \/>\n\t<meta name=\"twitter:data2\" content=\"1 dakika\" \/>\n<script type=\"application\/ld+json\" class=\"yoast-schema-graph\">{\"@context\":\"https:\\\/\\\/schema.org\",\"@graph\":[{\"@type\":\"Article\",\"@id\":\"https:\\\/\\\/haberkuzey.com\\\/index.php\\\/2026\\\/03\\\/15\\\/iran-devrim-muhafizlari-ordusu-ilk-kez-siccil-fuzeleri-kullanildi\\\/#article\",\"isPartOf\":{\"@id\":\"https:\\\/\\\/haberkuzey.com\\\/index.php\\\/2026\\\/03\\\/15\\\/iran-devrim-muhafizlari-ordusu-ilk-kez-siccil-fuzeleri-kullanildi\\\/\"},\"author\":{\"name\":\"haberkuzey\",\"@id\":\"https:\\\/\\\/haberkuzey.com\\\/#\\\/schema\\\/person\\\/3372109ec735f9333f4fa47ebb9605ca\"},\"headline\":\"\u0130ran Devrim Muhaf\u0131zlar\u0131 Ordusu: \u201c\u0130lk kez Siccil f\u00fczeleri kullan\u0131ld\u0131\u201d\",\"datePublished\":\"2026-03-15T12:59:32+00:00\",\"mainEntityOfPage\":{\"@id\":\"https:\\\/\\\/haberkuzey.com\\\/index.php\\\/2026\\\/03\\\/15\\\/iran-devrim-muhafizlari-ordusu-ilk-kez-siccil-fuzeleri-kullanildi\\\/\"},\"wordCount\":150,\"commentCount\":0,\"image\":{\"@id\":\"https:\\\/\\\/haberkuzey.com\\\/index.php\\\/2026\\\/03\\\/15\\\/iran-devrim-muhafizlari-ordusu-ilk-kez-siccil-fuzeleri-kullanildi\\\/#primaryimage\"},\"thumbnailUrl\":\"https:\\\/\\\/haberkuzey.com\\\/wp-content\\\/uploads\\\/2026\\\/03\\\/1773577965210081112-iran-missile-hmed-245a.webp.webp\",\"articleSection\":[\"K\u0131br\u0131s\"],\"inLanguage\":\"tr\",\"potentialAction\":[{\"@type\":\"CommentAction\",\"name\":\"Comment\",\"target\":[\"https:\\\/\\\/haberkuzey.com\\\/index.php\\\/2026\\\/03\\\/15\\\/iran-devrim-muhafizlari-ordusu-ilk-kez-siccil-fuzeleri-kullanildi\\\/#respond\"]}]},{\"@type\":\"WebPage\",\"@id\":\"https:\\\/\\\/haberkuzey.com\\\/index.php\\\/2026\\\/03\\\/15\\\/iran-devrim-muhafizlari-ordusu-ilk-kez-siccil-fuzeleri-kullanildi\\\/\",\"url\":\"https:\\\/\\\/haberkuzey.com\\\/index.php\\\/2026\\\/03\\\/15\\\/iran-devrim-muhafizlari-ordusu-ilk-kez-siccil-fuzeleri-kullanildi\\\/\",\"name\":\"\u0130ran Devrim Muhaf\u0131zlar\u0131 Ordusu: \u201c\u0130lk kez Siccil f\u00fczeleri kullan\u0131ld\u0131\u201d - Haber Kuzey\",\"isPartOf\":{\"@id\":\"https:\\\/\\\/haberkuzey.com\\\/#website\"},\"primaryImageOfPage\":{\"@id\":\"https:\\\/\\\/haberkuzey.com\\\/index.php\\\/2026\\\/03\\\/15\\\/iran-devrim-muhafizlari-ordusu-ilk-kez-siccil-fuzeleri-kullanildi\\\/#primaryimage\"},\"image\":{\"@id\":\"https:\\\/\\\/haberkuzey.com\\\/index.php\\\/2026\\\/03\\\/15\\\/iran-devrim-muhafizlari-ordusu-ilk-kez-siccil-fuzeleri-kullanildi\\\/#primaryimage\"},\"thumbnailUrl\":\"https:\\\/\\\/haberkuzey.com\\\/wp-content\\\/uploads\\\/2026\\\/03\\\/1773577965210081112-iran-missile-hmed-245a.webp.webp\",\"datePublished\":\"2026-03-15T12:59:32+00:00\",\"author\":{\"@id\":\"https:\\\/\\\/haberkuzey.com\\\/#\\\/schema\\\/person\\\/3372109ec735f9333f4fa47ebb9605ca\"},\"breadcrumb\":{\"@id\":\"https:\\\/\\\/haberkuzey.com\\\/index.php\\\/2026\\\/03\\\/15\\\/iran-devrim-muhafizlari-ordusu-ilk-kez-siccil-fuzeleri-kullanildi\\\/#breadcrumb\"},\"inLanguage\":\"tr\",\"potentialAction\":[{\"@type\":\"ReadAction\",\"target\":[\"https:\\\/\\\/haberkuzey.com\\\/index.php\\\/2026\\\/03\\\/15\\\/iran-devrim-muhafizlari-ordusu-ilk-kez-siccil-fuzeleri-kullanildi\\\/\"]}]},{\"@type\":\"ImageObject\",\"inLanguage\":\"tr\",\"@id\":\"https:\\\/\\\/haberkuzey.com\\\/index.php\\\/2026\\\/03\\\/15\\\/iran-devrim-muhafizlari-ordusu-ilk-kez-siccil-fuzeleri-kullanildi\\\/#primaryimage\",\"url\":\"https:\\\/\\\/haberkuzey.com\\\/wp-content\\\/uploads\\\/2026\\\/03\\\/1773577965210081112-iran-missile-hmed-245a.webp.webp\",\"contentUrl\":\"https:\\\/\\\/haberkuzey.com\\\/wp-content\\\/uploads\\\/2026\\\/03\\\/1773577965210081112-iran-missile-hmed-245a.webp.webp\",\"width\":1000,\"height\":651},{\"@type\":\"BreadcrumbList\",\"@id\":\"https:\\\/\\\/haberkuzey.com\\\/index.php\\\/2026\\\/03\\\/15\\\/iran-devrim-muhafizlari-ordusu-ilk-kez-siccil-fuzeleri-kullanildi\\\/#breadcrumb\",\"itemListElement\":[{\"@type\":\"ListItem\",\"position\":1,\"name\":\"Anasayfa\",\"item\":\"https:\\\/\\\/haberkuzey.com\\\/\"},{\"@type\":\"ListItem\",\"position\":2,\"name\":\"\u0130ran Devrim Muhaf\u0131zlar\u0131 Ordusu: \u201c\u0130lk kez Siccil f\u00fczeleri kullan\u0131ld\u0131\u201d\"}]},{\"@type\":\"WebSite\",\"@id\":\"https:\\\/\\\/haberkuzey.com\\\/#website\",\"url\":\"https:\\\/\\\/haberkuzey.com\\\/\",\"name\":\"Haber Kuzey\",\"description\":\"Do\u011fru Haberin Adresi\",\"potentialAction\":[{\"@type\":\"SearchAction\",\"target\":{\"@type\":\"EntryPoint\",\"urlTemplate\":\"https:\\\/\\\/haberkuzey.com\\\/?s={search_term_string}\"},\"query-input\":{\"@type\":\"PropertyValueSpecification\",\"valueRequired\":true,\"valueName\":\"search_term_string\"}}],\"inLanguage\":\"tr\"},{\"@type\":\"Person\",\"@id\":\"https:\\\/\\\/haberkuzey.com\\\/#\\\/schema\\\/person\\\/3372109ec735f9333f4fa47ebb9605ca\",\"name\":\"haberkuzey\",\"image\":{\"@type\":\"ImageObject\",\"inLanguage\":\"tr\",\"@id\":\"https:\\\/\\\/secure.gravatar.com\\\/avatar\\\/f5fc875574b1575324358c3b9e6a32b8227aa5b74f3fa22e3cadb63e26fcc39c?s=96&d=mm&r=g\",\"url\":\"https:\\\/\\\/secure.gravatar.com\\\/avatar\\\/f5fc875574b1575324358c3b9e6a32b8227aa5b74f3fa22e3cadb63e26fcc39c?s=96&d=mm&r=g\",\"contentUrl\":\"https:\\\/\\\/secure.gravatar.com\\\/avatar\\\/f5fc875574b1575324358c3b9e6a32b8227aa5b74f3fa22e3cadb63e26fcc39c?s=96&d=mm&r=g\",\"caption\":\"haberkuzey\"},\"sameAs\":[\"https:\\\/\\\/haberkuzey.com\"],\"url\":\"https:\\\/\\\/haberkuzey.com\\\/index.php\\\/author\\\/haberkuzey\\\/\"}]}<\/script>\n<!-- \/ Yoast SEO plugin. -->","yoast_head_json":{"title":"\u0130ran Devrim Muhaf\u0131zlar\u0131 Ordusu: \u201c\u0130lk kez Siccil f\u00fczeleri kullan\u0131ld\u0131\u201d - Haber Kuzey","robots":{"index":"index","follow":"follow","max-snippet":"max-snippet:-1","max-image-preview":"max-image-preview:large","max-video-preview":"max-video-preview:-1"},"canonical":"https:\/\/haberkuzey.com\/index.php\/2026\/03\/15\/iran-devrim-muhafizlari-ordusu-ilk-kez-siccil-fuzeleri-kullanildi\/","og_locale":"tr_TR","og_type":"article","og_title":"\u0130ran Devrim Muhaf\u0131zlar\u0131 Ordusu: \u201c\u0130lk kez Siccil f\u00fczeleri kullan\u0131ld\u0131\u201d - Haber Kuzey","og_description":"\u0130ran Devrim Muhaf\u0131zlar\u0131 Ordusu, &#8220;Sad\u0131k Vaat 4 Operasyonu&#8221;nun 54. dalgas\u0131 kapsam\u0131nda \u0130srail hedeflerine yeni sald\u0131r\u0131lar ba\u015flat\u0131ld\u0131\u011f\u0131n\u0131 a\u00e7\u0131klad\u0131. A\u00e7\u0131klamada, sald\u0131r\u0131larda a\u011f\u0131r sava\u015f ba\u015fl\u0131klar\u0131na sahip H\u00fcrrem\u015fehr, Hayber\u015fiken, Kadir ve \u0130mad f\u00fczelerinin yan\u0131 s\u0131ra ilk kez stratejik ve kat\u0131 yak\u0131tl\u0131 Siccil f\u00fczeleri kullan\u0131ld\u0131\u011f\u0131 belirtilerek, &#8220;\u0130\u015fgal alt\u0131ndaki topraklar\u0131n kalbinde, rejimin hava operasyonlar\u0131n\u0131 etkileyen y\u00f6netim ve karar alma merkezlerine, askeri [&hellip;]","og_url":"https:\/\/haberkuzey.com\/index.php\/2026\/03\/15\/iran-devrim-muhafizlari-ordusu-ilk-kez-siccil-fuzeleri-kullanildi\/","og_site_name":"Haber Kuzey","article_published_time":"2026-03-15T12:59:32+00:00","author":"haberkuzey","twitter_card":"summary_large_image","twitter_misc":{"Yazan:":"haberkuzey","Tahmini okuma s\u00fcresi":"1 dakika"},"schema":{"@context":"https:\/\/schema.org","@graph":[{"@type":"Article","@id":"https:\/\/haberkuzey.com\/index.php\/2026\/03\/15\/iran-devrim-muhafizlari-ordusu-ilk-kez-siccil-fuzeleri-kullanildi\/#article","isPartOf":{"@id":"https:\/\/haberkuzey.com\/index.php\/2026\/03\/15\/iran-devrim-muhafizlari-ordusu-ilk-kez-siccil-fuzeleri-kullanildi\/"},"author":{"name":"haberkuzey","@id":"https:\/\/haberkuzey.com\/#\/schema\/person\/3372109ec735f9333f4fa47ebb9605ca"},"headline":"\u0130ran Devrim Muhaf\u0131zlar\u0131 Ordusu: \u201c\u0130lk kez Siccil f\u00fczeleri kullan\u0131ld\u0131\u201d","datePublished":"2026-03-15T12:59:32+00:00","mainEntityOfPage":{"@id":"https:\/\/haberkuzey.com\/index.php\/2026\/03\/15\/iran-devrim-muhafizlari-ordusu-ilk-kez-siccil-fuzeleri-kullanildi\/"},"wordCount":150,"commentCount":0,"image":{"@id":"https:\/\/haberkuzey.com\/index.php\/2026\/03\/15\/iran-devrim-muhafizlari-ordusu-ilk-kez-siccil-fuzeleri-kullanildi\/#primaryimage"},"thumbnailUrl":"https:\/\/haberkuzey.com\/wp-content\/uploads\/2026\/03\/1773577965210081112-iran-missile-hmed-245a.webp.webp","articleSection":["K\u0131br\u0131s"],"inLanguage":"tr","potentialAction":[{"@type":"CommentAction","name":"Comment","target":["https:\/\/haberkuzey.com\/index.php\/2026\/03\/15\/iran-devrim-muhafizlari-ordusu-ilk-kez-siccil-fuzeleri-kullanildi\/#respond"]}]},{"@type":"WebPage","@id":"https:\/\/haberkuzey.com\/index.php\/2026\/03\/15\/iran-devrim-muhafizlari-ordusu-ilk-kez-siccil-fuzeleri-kullanildi\/","url":"https:\/\/haberkuzey.com\/index.php\/2026\/03\/15\/iran-devrim-muhafizlari-ordusu-ilk-kez-siccil-fuzeleri-kullanildi\/","name":"\u0130ran Devrim Muhaf\u0131zlar\u0131 Ordusu: \u201c\u0130lk kez Siccil f\u00fczeleri kullan\u0131ld\u0131\u201d - Haber Kuzey","isPartOf":{"@id":"https:\/\/haberkuzey.com\/#website"},"primaryImageOfPage":{"@id":"https:\/\/haberkuzey.com\/index.php\/2026\/03\/15\/iran-devrim-muhafizlari-ordusu-ilk-kez-siccil-fuzeleri-kullanildi\/#primaryimage"},"image":{"@id":"https:\/\/haberkuzey.com\/index.php\/2026\/03\/15\/iran-devrim-muhafizlari-ordusu-ilk-kez-siccil-fuzeleri-kullanildi\/#primaryimage"},"thumbnailUrl":"https:\/\/haberkuzey.com\/wp-content\/uploads\/2026\/03\/1773577965210081112-iran-missile-hmed-245a.webp.webp","datePublished":"2026-03-15T12:59:32+00:00","author":{"@id":"https:\/\/haberkuzey.com\/#\/schema\/person\/3372109ec735f9333f4fa47ebb9605ca"},"breadcrumb":{"@id":"https:\/\/haberkuzey.com\/index.php\/2026\/03\/15\/iran-devrim-muhafizlari-ordusu-ilk-kez-siccil-fuzeleri-kullanildi\/#breadcrumb"},"inLanguage":"tr","potentialAction":[{"@type":"ReadAction","target":["https:\/\/haberkuzey.com\/index.php\/2026\/03\/15\/iran-devrim-muhafizlari-ordusu-ilk-kez-siccil-fuzeleri-kullanildi\/"]}]},{"@type":"ImageObject","inLanguage":"tr","@id":"https:\/\/haberkuzey.com\/index.php\/2026\/03\/15\/iran-devrim-muhafizlari-ordusu-ilk-kez-siccil-fuzeleri-kullanildi\/#primaryimage","url":"https:\/\/haberkuzey.com\/wp-content\/uploads\/2026\/03\/1773577965210081112-iran-missile-hmed-245a.webp.webp","contentUrl":"https:\/\/haberkuzey.com\/wp-content\/uploads\/2026\/03\/1773577965210081112-iran-missile-hmed-245a.webp.webp","width":1000,"height":651},{"@type":"BreadcrumbList","@id":"https:\/\/haberkuzey.com\/index.php\/2026\/03\/15\/iran-devrim-muhafizlari-ordusu-ilk-kez-siccil-fuzeleri-kullanildi\/#breadcrumb","itemListElement":[{"@type":"ListItem","position":1,"name":"Anasayfa","item":"https:\/\/haberkuzey.com\/"},{"@type":"ListItem","position":2,"name":"\u0130ran Devrim Muhaf\u0131zlar\u0131 Ordusu: \u201c\u0130lk kez Siccil f\u00fczeleri kullan\u0131ld\u0131\u201d"}]},{"@type":"WebSite","@id":"https:\/\/haberkuzey.com\/#website","url":"https:\/\/haberkuzey.com\/","name":"Haber Kuzey","description":"Do\u011fru Haberin Adresi","potentialAction":[{"@type":"SearchAction","target":{"@type":"EntryPoint","urlTemplate":"https:\/\/haberkuzey.com\/?s={search_term_string}"},"query-input":{"@type":"PropertyValueSpecification","valueRequired":true,"valueName":"search_term_string"}}],"inLanguage":"tr"},{"@type":"Person","@id":"https:\/\/haberkuzey.com\/#\/schema\/person\/3372109ec735f9333f4fa47ebb9605ca","name":"haberkuzey","image":{"@type":"ImageObject","inLanguage":"tr","@id":"https:\/\/secure.gravatar.com\/avatar\/f5fc875574b1575324358c3b9e6a32b8227aa5b74f3fa22e3cadb63e26fcc39c?s=96&d=mm&r=g","url":"https:\/\/secure.gravatar.com\/avatar\/f5fc875574b1575324358c3b9e6a32b8227aa5b74f3fa22e3cadb63e26fcc39c?s=96&d=mm&r=g","contentUrl":"https:\/\/secure.gravatar.com\/avatar\/f5fc875574b1575324358c3b9e6a32b8227aa5b74f3fa22e3cadb63e26fcc39c?s=96&d=mm&r=g","caption":"haberkuzey"},"sameAs":["https:\/\/haberkuzey.com"],"url":"https:\/\/haberkuzey.com\/index.php\/author\/haberkuzey\/"}]}},"_links":{"self":[{"href":"https:\/\/haberkuzey.com\/index.php\/wp-json\/wp\/v2\/posts\/35340","targetHints":{"allow":["GET"]}}],"collection":[{"href":"https:\/\/haberkuzey.com\/index.php\/wp-json\/wp\/v2\/posts"}],"about":[{"href":"https:\/\/haberkuzey.com\/index.php\/wp-json\/wp\/v2\/types\/post"}],"author":[{"embeddable":true,"href":"https:\/\/haberkuzey.com\/index.php\/wp-json\/wp\/v2\/users\/1"}],"replies":[{"embeddable":true,"href":"https:\/\/haberkuzey.com\/index.php\/wp-json\/wp\/v2\/comments?post=35340"}],"version-history":[{"count":0,"href":"https:\/\/haberkuzey.com\/index.php\/wp-json\/wp\/v2\/posts\/35340\/revisions"}],"wp:featuredmedia":[{"embeddable":true,"href":"https:\/\/haberkuzey.com\/index.php\/wp-json\/wp\/v2\/media\/35341"}],"wp:attachment":[{"href":"https:\/\/haberkuzey.com\/index.php\/wp-json\/wp\/v2\/media?parent=35340"}],"wp:term":[{"taxonomy":"category","embeddable":true,"href":"https:\/\/haberkuzey.com\/index.php\/wp-json\/wp\/v2\/categories?post=35340"},{"taxonomy":"post_tag","embeddable":true,"href":"https:\/\/haberkuzey.com\/index.php\/wp-json\/wp\/v2\/tags?post=35340"}],"curies":[{"name":"wp","href":"https:\/\/api.w.org\/{rel}","templated":true}]}}