{"id":35338,"date":"2026-03-15T13:45:54","date_gmt":"2026-03-15T11:45:54","guid":{"rendered":"https:\/\/haberkuzey.com\/index.php\/2026\/03\/15\/demokrat-parti-sahaya-iniyor\/"},"modified":"2026-03-15T13:45:54","modified_gmt":"2026-03-15T11:45:54","slug":"demokrat-parti-sahaya-iniyor","status":"publish","type":"post","link":"https:\/\/haberkuzey.com\/index.php\/2026\/03\/15\/demokrat-parti-sahaya-iniyor\/","title":{"rendered":"Demokrat Parti Sahaya \u0130niyor"},"content":{"rendered":"<p>Demokrat Parti\u2019nin, yakla\u015fan yerel y\u00f6netimler ve genel se\u00e7imler s\u00fcrecine yeni bir organizasyon yap\u0131s\u0131yla haz\u0131rland\u0131\u011f\u0131 bildirildi.<\/p>\n<p>DP Genel Sekreteri ve Girne Milletvekili Serhat Akp\u0131nar imzas\u0131yla yap\u0131lan a\u00e7\u0131klamada, Genel Ba\u015fkanl\u0131k taraf\u0131ndan al\u0131nan karar do\u011frultusunda parti \u00e7al\u0131\u015fmalar\u0131n\u0131n \u00fclke genelinde daha etkin, planl\u0131 ve g\u00fc\u00e7l\u00fc \u015fekilde y\u00fcr\u00fct\u00fclmesi amac\u0131yla Ba\u015fkanl\u0131k Divan\u0131 b\u00fcnyesinde bir Koordinasyon Kurulu olu\u015fturuldu\u011fu belirtildi.<\/p>\n<p>A\u00e7\u0131klamada, bu yap\u0131ya ba\u011fl\u0131 olarak b\u00f6lgesel koordinat\u00f6rl\u00fck g\u00f6revlerinin de belirlendi\u011fi kaydedildi.<\/p>\n<p>Yeni yap\u0131lanma \u00e7er\u00e7evesinde Korhan Ekcan, Meral Koz\u0131lkanat, G\u00fcven\u00e7 Canda\u015f ve Aysol Cibo\u2019nun, Ba\u015fkanl\u0131k Divan\u0131 koordinasyonunda y\u00fcr\u00fct\u00fclecek \u00e7al\u0131\u015fmalar kapsam\u0131nda g\u00f6revlendirildi\u011fi ifade edildi. S\u00f6z konusu isimlerin, parti te\u015fkilatlar\u0131n\u0131n sahadaki \u00e7al\u0131\u015fmalar\u0131n\u0131 g\u00fc\u00e7lendirecek b\u00f6lgesel koordinasyon sorumluluklar\u0131n\u0131 \u00fcstlenece\u011fi belirtildi.<\/p>\n<p>\u00d6te yandan Ba\u015fkanl\u0131k Divan\u0131 Koordinasyon Kurulu\u2019nun, Genel Sekreterlik Ofisi ve Genel Sekreter Yard\u0131mc\u0131lar\u0131 Osman Canl\u0131, Salih Ulu\u015fan ve \u00d6zlem Din\u00e7o\u011flu ile birlikte te\u015fkilatlanma ve yap\u0131land\u0131rma s\u00fcrecinden sorumlu olaca\u011f\u0131 aktar\u0131ld\u0131.<\/p>\n<p>A\u00e7\u0131klamada, Demokrat Parti\u2019nin yeni organizasyon yap\u0131s\u0131yla birlikte te\u015fkilatlar\u0131n\u0131 daha aktif hale getirmeyi, halkla temas\u0131n\u0131 art\u0131rmay\u0131 ve partinin vizyonunu \u00fclkenin her b\u00f6lgesinde daha g\u00fc\u00e7l\u00fc \u015fekilde anlatmay\u0131 hedefledi\u011fi vurguland\u0131.<\/p>\n<p>Demokrat Parti\u2019nin, te\u015fkilat g\u00fcc\u00fcne, demokratik de\u011ferlere ve halk\u0131n sa\u011fduyusuna olan inanc\u0131yla yeni d\u00f6nemde sahada daha g\u00fc\u00e7l\u00fc, daha kararl\u0131 ve daha organize bir \u015fekilde yer alaca\u011f\u0131 ifade edilen a\u00e7\u0131klamada, partinin \u00fclkenin gelece\u011fini \u015fekillendirecek bu s\u00fcre\u00e7te sorumluluk almaya, \u00e7\u00f6z\u00fcm \u00fcretmeye ve halk\u0131n sesi olmaya kararl\u0131 oldu\u011fu belirtildi.<\/p>\n<p>A\u00e7\u0131klamada ayr\u0131ca, ba\u015flat\u0131lan yeni organizasyon yap\u0131s\u0131yla birlikte Demokrat Parti\u2019nin yerel y\u00f6netimler ve genel se\u00e7imler s\u00fcrecine g\u00fc\u00e7l\u00fc bir haz\u0131rl\u0131kla girdi\u011fi ve sahada etkin bir siyasi \u00e7al\u0131\u015fma d\u00f6nemini ba\u015flatt\u0131\u011f\u0131 da ifade edildi.<\/p>\n<p>Demokrat Parti Sahaya \u0130niyor yaz\u0131s\u0131 ilk \u00f6nce K\u0131br\u0131s Hakikat \u00fczerinde ortaya \u00e7\u0131kt\u0131.<\/p>\n","protected":false},"excerpt":{"rendered":"<p>Demokrat Parti\u2019nin, yakla\u015fan yerel y\u00f6netimler ve genel se\u00e7imler s\u00fcrecine yeni bir organizasyon yap\u0131s\u0131yla haz\u0131rland\u0131\u011f\u0131 bildirildi. DP Genel Sekreteri ve Girne Milletvekili Serhat Akp\u0131nar imzas\u0131yla yap\u0131lan a\u00e7\u0131klamada, Genel Ba\u015fkanl\u0131k taraf\u0131ndan al\u0131nan karar do\u011frultusunda parti \u00e7al\u0131\u015fmalar\u0131n\u0131n \u00fclke genelinde daha etkin, planl\u0131 ve g\u00fc\u00e7l\u00fc \u015fekilde y\u00fcr\u00fct\u00fclmesi amac\u0131yla Ba\u015fkanl\u0131k Divan\u0131 b\u00fcnyesinde bir Koordinasyon Kurulu olu\u015fturuldu\u011fu belirtildi. A\u00e7\u0131klamada, bu yap\u0131ya [&hellip;]<\/p>\n","protected":false},"author":1,"featured_media":35339,"comment_status":"open","ping_status":"open","sticky":false,"template":"","format":"standard","meta":{"jnews-multi-image_gallery":[],"jnews_single_post":[],"jnews_primary_category":[],"footnotes":""},"categories":[1],"tags":[],"class_list":["post-35338","post","type-post","status-publish","format-standard","has-post-thumbnail","hentry","category-kibris"],"yoast_head":"<!-- This site is optimized with the Yoast SEO plugin v27.5 - https:\/\/yoast.com\/product\/yoast-seo-wordpress\/ -->\n<title>Demokrat Parti Sahaya \u0130niyor - Haber Kuzey<\/title>\n<meta name=\"robots\" content=\"index, follow, max-snippet:-1, max-image-preview:large, max-video-preview:-1\" \/>\n<link rel=\"canonical\" href=\"https:\/\/haberkuzey.com\/index.php\/2026\/03\/15\/demokrat-parti-sahaya-iniyor\/\" \/>\n<meta property=\"og:locale\" content=\"tr_TR\" \/>\n<meta property=\"og:type\" content=\"article\" \/>\n<meta property=\"og:title\" content=\"Demokrat Parti Sahaya \u0130niyor - Haber Kuzey\" \/>\n<meta property=\"og:description\" content=\"Demokrat Parti\u2019nin, yakla\u015fan yerel y\u00f6netimler ve genel se\u00e7imler s\u00fcrecine yeni bir organizasyon yap\u0131s\u0131yla haz\u0131rland\u0131\u011f\u0131 bildirildi. DP Genel Sekreteri ve Girne Milletvekili Serhat Akp\u0131nar imzas\u0131yla yap\u0131lan a\u00e7\u0131klamada, Genel Ba\u015fkanl\u0131k taraf\u0131ndan al\u0131nan karar do\u011frultusunda parti \u00e7al\u0131\u015fmalar\u0131n\u0131n \u00fclke genelinde daha etkin, planl\u0131 ve g\u00fc\u00e7l\u00fc \u015fekilde y\u00fcr\u00fct\u00fclmesi amac\u0131yla Ba\u015fkanl\u0131k Divan\u0131 b\u00fcnyesinde bir Koordinasyon Kurulu olu\u015fturuldu\u011fu belirtildi. A\u00e7\u0131klamada, bu yap\u0131ya [&hellip;]\" \/>\n<meta property=\"og:url\" content=\"https:\/\/haberkuzey.com\/index.php\/2026\/03\/15\/demokrat-parti-sahaya-iniyor\/\" \/>\n<meta property=\"og:site_name\" content=\"Haber Kuzey\" \/>\n<meta property=\"article:published_time\" content=\"2026-03-15T11:45:54+00:00\" \/>\n<meta name=\"author\" content=\"haberkuzey\" \/>\n<meta name=\"twitter:card\" content=\"summary_large_image\" \/>\n<meta name=\"twitter:label1\" content=\"Yazan:\" \/>\n\t<meta name=\"twitter:data1\" content=\"haberkuzey\" \/>\n\t<meta name=\"twitter:label2\" content=\"Tahmini okuma s\u00fcresi\" \/>\n\t<meta name=\"twitter:data2\" content=\"2 dakika\" \/>\n<script type=\"application\/ld+json\" class=\"yoast-schema-graph\">{\"@context\":\"https:\\\/\\\/schema.org\",\"@graph\":[{\"@type\":\"Article\",\"@id\":\"https:\\\/\\\/haberkuzey.com\\\/index.php\\\/2026\\\/03\\\/15\\\/demokrat-parti-sahaya-iniyor\\\/#article\",\"isPartOf\":{\"@id\":\"https:\\\/\\\/haberkuzey.com\\\/index.php\\\/2026\\\/03\\\/15\\\/demokrat-parti-sahaya-iniyor\\\/\"},\"author\":{\"name\":\"haberkuzey\",\"@id\":\"https:\\\/\\\/haberkuzey.com\\\/#\\\/schema\\\/person\\\/3372109ec735f9333f4fa47ebb9605ca\"},\"headline\":\"Demokrat Parti Sahaya \u0130niyor\",\"datePublished\":\"2026-03-15T11:45:54+00:00\",\"mainEntityOfPage\":{\"@id\":\"https:\\\/\\\/haberkuzey.com\\\/index.php\\\/2026\\\/03\\\/15\\\/demokrat-parti-sahaya-iniyor\\\/\"},\"wordCount\":367,\"commentCount\":0,\"image\":{\"@id\":\"https:\\\/\\\/haberkuzey.com\\\/index.php\\\/2026\\\/03\\\/15\\\/demokrat-parti-sahaya-iniyor\\\/#primaryimage\"},\"thumbnailUrl\":\"https:\\\/\\\/haberkuzey.com\\\/wp-content\\\/uploads\\\/2026\\\/03\\\/f7f7be5b-2bcd-41dd-8cbc-f0d2a9b3fefa.jpg\",\"articleSection\":[\"K\u0131br\u0131s\"],\"inLanguage\":\"tr\",\"potentialAction\":[{\"@type\":\"CommentAction\",\"name\":\"Comment\",\"target\":[\"https:\\\/\\\/haberkuzey.com\\\/index.php\\\/2026\\\/03\\\/15\\\/demokrat-parti-sahaya-iniyor\\\/#respond\"]}]},{\"@type\":\"WebPage\",\"@id\":\"https:\\\/\\\/haberkuzey.com\\\/index.php\\\/2026\\\/03\\\/15\\\/demokrat-parti-sahaya-iniyor\\\/\",\"url\":\"https:\\\/\\\/haberkuzey.com\\\/index.php\\\/2026\\\/03\\\/15\\\/demokrat-parti-sahaya-iniyor\\\/\",\"name\":\"Demokrat Parti Sahaya \u0130niyor - Haber Kuzey\",\"isPartOf\":{\"@id\":\"https:\\\/\\\/haberkuzey.com\\\/#website\"},\"primaryImageOfPage\":{\"@id\":\"https:\\\/\\\/haberkuzey.com\\\/index.php\\\/2026\\\/03\\\/15\\\/demokrat-parti-sahaya-iniyor\\\/#primaryimage\"},\"image\":{\"@id\":\"https:\\\/\\\/haberkuzey.com\\\/index.php\\\/2026\\\/03\\\/15\\\/demokrat-parti-sahaya-iniyor\\\/#primaryimage\"},\"thumbnailUrl\":\"https:\\\/\\\/haberkuzey.com\\\/wp-content\\\/uploads\\\/2026\\\/03\\\/f7f7be5b-2bcd-41dd-8cbc-f0d2a9b3fefa.jpg\",\"datePublished\":\"2026-03-15T11:45:54+00:00\",\"author\":{\"@id\":\"https:\\\/\\\/haberkuzey.com\\\/#\\\/schema\\\/person\\\/3372109ec735f9333f4fa47ebb9605ca\"},\"breadcrumb\":{\"@id\":\"https:\\\/\\\/haberkuzey.com\\\/index.php\\\/2026\\\/03\\\/15\\\/demokrat-parti-sahaya-iniyor\\\/#breadcrumb\"},\"inLanguage\":\"tr\",\"potentialAction\":[{\"@type\":\"ReadAction\",\"target\":[\"https:\\\/\\\/haberkuzey.com\\\/index.php\\\/2026\\\/03\\\/15\\\/demokrat-parti-sahaya-iniyor\\\/\"]}]},{\"@type\":\"ImageObject\",\"inLanguage\":\"tr\",\"@id\":\"https:\\\/\\\/haberkuzey.com\\\/index.php\\\/2026\\\/03\\\/15\\\/demokrat-parti-sahaya-iniyor\\\/#primaryimage\",\"url\":\"https:\\\/\\\/haberkuzey.com\\\/wp-content\\\/uploads\\\/2026\\\/03\\\/f7f7be5b-2bcd-41dd-8cbc-f0d2a9b3fefa.jpg\",\"contentUrl\":\"https:\\\/\\\/haberkuzey.com\\\/wp-content\\\/uploads\\\/2026\\\/03\\\/f7f7be5b-2bcd-41dd-8cbc-f0d2a9b3fefa.jpg\",\"width\":1041,\"height\":533},{\"@type\":\"BreadcrumbList\",\"@id\":\"https:\\\/\\\/haberkuzey.com\\\/index.php\\\/2026\\\/03\\\/15\\\/demokrat-parti-sahaya-iniyor\\\/#breadcrumb\",\"itemListElement\":[{\"@type\":\"ListItem\",\"position\":1,\"name\":\"Anasayfa\",\"item\":\"https:\\\/\\\/haberkuzey.com\\\/\"},{\"@type\":\"ListItem\",\"position\":2,\"name\":\"Demokrat Parti Sahaya \u0130niyor\"}]},{\"@type\":\"WebSite\",\"@id\":\"https:\\\/\\\/haberkuzey.com\\\/#website\",\"url\":\"https:\\\/\\\/haberkuzey.com\\\/\",\"name\":\"Haber Kuzey\",\"description\":\"Do\u011fru Haberin Adresi\",\"potentialAction\":[{\"@type\":\"SearchAction\",\"target\":{\"@type\":\"EntryPoint\",\"urlTemplate\":\"https:\\\/\\\/haberkuzey.com\\\/?s={search_term_string}\"},\"query-input\":{\"@type\":\"PropertyValueSpecification\",\"valueRequired\":true,\"valueName\":\"search_term_string\"}}],\"inLanguage\":\"tr\"},{\"@type\":\"Person\",\"@id\":\"https:\\\/\\\/haberkuzey.com\\\/#\\\/schema\\\/person\\\/3372109ec735f9333f4fa47ebb9605ca\",\"name\":\"haberkuzey\",\"image\":{\"@type\":\"ImageObject\",\"inLanguage\":\"tr\",\"@id\":\"https:\\\/\\\/secure.gravatar.com\\\/avatar\\\/f5fc875574b1575324358c3b9e6a32b8227aa5b74f3fa22e3cadb63e26fcc39c?s=96&d=mm&r=g\",\"url\":\"https:\\\/\\\/secure.gravatar.com\\\/avatar\\\/f5fc875574b1575324358c3b9e6a32b8227aa5b74f3fa22e3cadb63e26fcc39c?s=96&d=mm&r=g\",\"contentUrl\":\"https:\\\/\\\/secure.gravatar.com\\\/avatar\\\/f5fc875574b1575324358c3b9e6a32b8227aa5b74f3fa22e3cadb63e26fcc39c?s=96&d=mm&r=g\",\"caption\":\"haberkuzey\"},\"sameAs\":[\"https:\\\/\\\/haberkuzey.com\"],\"url\":\"https:\\\/\\\/haberkuzey.com\\\/index.php\\\/author\\\/haberkuzey\\\/\"}]}<\/script>\n<!-- \/ Yoast SEO plugin. -->","yoast_head_json":{"title":"Demokrat Parti Sahaya \u0130niyor - Haber Kuzey","robots":{"index":"index","follow":"follow","max-snippet":"max-snippet:-1","max-image-preview":"max-image-preview:large","max-video-preview":"max-video-preview:-1"},"canonical":"https:\/\/haberkuzey.com\/index.php\/2026\/03\/15\/demokrat-parti-sahaya-iniyor\/","og_locale":"tr_TR","og_type":"article","og_title":"Demokrat Parti Sahaya \u0130niyor - Haber Kuzey","og_description":"Demokrat Parti\u2019nin, yakla\u015fan yerel y\u00f6netimler ve genel se\u00e7imler s\u00fcrecine yeni bir organizasyon yap\u0131s\u0131yla haz\u0131rland\u0131\u011f\u0131 bildirildi. DP Genel Sekreteri ve Girne Milletvekili Serhat Akp\u0131nar imzas\u0131yla yap\u0131lan a\u00e7\u0131klamada, Genel Ba\u015fkanl\u0131k taraf\u0131ndan al\u0131nan karar do\u011frultusunda parti \u00e7al\u0131\u015fmalar\u0131n\u0131n \u00fclke genelinde daha etkin, planl\u0131 ve g\u00fc\u00e7l\u00fc \u015fekilde y\u00fcr\u00fct\u00fclmesi amac\u0131yla Ba\u015fkanl\u0131k Divan\u0131 b\u00fcnyesinde bir Koordinasyon Kurulu olu\u015fturuldu\u011fu belirtildi. A\u00e7\u0131klamada, bu yap\u0131ya [&hellip;]","og_url":"https:\/\/haberkuzey.com\/index.php\/2026\/03\/15\/demokrat-parti-sahaya-iniyor\/","og_site_name":"Haber Kuzey","article_published_time":"2026-03-15T11:45:54+00:00","author":"haberkuzey","twitter_card":"summary_large_image","twitter_misc":{"Yazan:":"haberkuzey","Tahmini okuma s\u00fcresi":"2 dakika"},"schema":{"@context":"https:\/\/schema.org","@graph":[{"@type":"Article","@id":"https:\/\/haberkuzey.com\/index.php\/2026\/03\/15\/demokrat-parti-sahaya-iniyor\/#article","isPartOf":{"@id":"https:\/\/haberkuzey.com\/index.php\/2026\/03\/15\/demokrat-parti-sahaya-iniyor\/"},"author":{"name":"haberkuzey","@id":"https:\/\/haberkuzey.com\/#\/schema\/person\/3372109ec735f9333f4fa47ebb9605ca"},"headline":"Demokrat Parti Sahaya \u0130niyor","datePublished":"2026-03-15T11:45:54+00:00","mainEntityOfPage":{"@id":"https:\/\/haberkuzey.com\/index.php\/2026\/03\/15\/demokrat-parti-sahaya-iniyor\/"},"wordCount":367,"commentCount":0,"image":{"@id":"https:\/\/haberkuzey.com\/index.php\/2026\/03\/15\/demokrat-parti-sahaya-iniyor\/#primaryimage"},"thumbnailUrl":"https:\/\/haberkuzey.com\/wp-content\/uploads\/2026\/03\/f7f7be5b-2bcd-41dd-8cbc-f0d2a9b3fefa.jpg","articleSection":["K\u0131br\u0131s"],"inLanguage":"tr","potentialAction":[{"@type":"CommentAction","name":"Comment","target":["https:\/\/haberkuzey.com\/index.php\/2026\/03\/15\/demokrat-parti-sahaya-iniyor\/#respond"]}]},{"@type":"WebPage","@id":"https:\/\/haberkuzey.com\/index.php\/2026\/03\/15\/demokrat-parti-sahaya-iniyor\/","url":"https:\/\/haberkuzey.com\/index.php\/2026\/03\/15\/demokrat-parti-sahaya-iniyor\/","name":"Demokrat Parti Sahaya \u0130niyor - Haber Kuzey","isPartOf":{"@id":"https:\/\/haberkuzey.com\/#website"},"primaryImageOfPage":{"@id":"https:\/\/haberkuzey.com\/index.php\/2026\/03\/15\/demokrat-parti-sahaya-iniyor\/#primaryimage"},"image":{"@id":"https:\/\/haberkuzey.com\/index.php\/2026\/03\/15\/demokrat-parti-sahaya-iniyor\/#primaryimage"},"thumbnailUrl":"https:\/\/haberkuzey.com\/wp-content\/uploads\/2026\/03\/f7f7be5b-2bcd-41dd-8cbc-f0d2a9b3fefa.jpg","datePublished":"2026-03-15T11:45:54+00:00","author":{"@id":"https:\/\/haberkuzey.com\/#\/schema\/person\/3372109ec735f9333f4fa47ebb9605ca"},"breadcrumb":{"@id":"https:\/\/haberkuzey.com\/index.php\/2026\/03\/15\/demokrat-parti-sahaya-iniyor\/#breadcrumb"},"inLanguage":"tr","potentialAction":[{"@type":"ReadAction","target":["https:\/\/haberkuzey.com\/index.php\/2026\/03\/15\/demokrat-parti-sahaya-iniyor\/"]}]},{"@type":"ImageObject","inLanguage":"tr","@id":"https:\/\/haberkuzey.com\/index.php\/2026\/03\/15\/demokrat-parti-sahaya-iniyor\/#primaryimage","url":"https:\/\/haberkuzey.com\/wp-content\/uploads\/2026\/03\/f7f7be5b-2bcd-41dd-8cbc-f0d2a9b3fefa.jpg","contentUrl":"https:\/\/haberkuzey.com\/wp-content\/uploads\/2026\/03\/f7f7be5b-2bcd-41dd-8cbc-f0d2a9b3fefa.jpg","width":1041,"height":533},{"@type":"BreadcrumbList","@id":"https:\/\/haberkuzey.com\/index.php\/2026\/03\/15\/demokrat-parti-sahaya-iniyor\/#breadcrumb","itemListElement":[{"@type":"ListItem","position":1,"name":"Anasayfa","item":"https:\/\/haberkuzey.com\/"},{"@type":"ListItem","position":2,"name":"Demokrat Parti Sahaya \u0130niyor"}]},{"@type":"WebSite","@id":"https:\/\/haberkuzey.com\/#website","url":"https:\/\/haberkuzey.com\/","name":"Haber Kuzey","description":"Do\u011fru Haberin Adresi","potentialAction":[{"@type":"SearchAction","target":{"@type":"EntryPoint","urlTemplate":"https:\/\/haberkuzey.com\/?s={search_term_string}"},"query-input":{"@type":"PropertyValueSpecification","valueRequired":true,"valueName":"search_term_string"}}],"inLanguage":"tr"},{"@type":"Person","@id":"https:\/\/haberkuzey.com\/#\/schema\/person\/3372109ec735f9333f4fa47ebb9605ca","name":"haberkuzey","image":{"@type":"ImageObject","inLanguage":"tr","@id":"https:\/\/secure.gravatar.com\/avatar\/f5fc875574b1575324358c3b9e6a32b8227aa5b74f3fa22e3cadb63e26fcc39c?s=96&d=mm&r=g","url":"https:\/\/secure.gravatar.com\/avatar\/f5fc875574b1575324358c3b9e6a32b8227aa5b74f3fa22e3cadb63e26fcc39c?s=96&d=mm&r=g","contentUrl":"https:\/\/secure.gravatar.com\/avatar\/f5fc875574b1575324358c3b9e6a32b8227aa5b74f3fa22e3cadb63e26fcc39c?s=96&d=mm&r=g","caption":"haberkuzey"},"sameAs":["https:\/\/haberkuzey.com"],"url":"https:\/\/haberkuzey.com\/index.php\/author\/haberkuzey\/"}]}},"_links":{"self":[{"href":"https:\/\/haberkuzey.com\/index.php\/wp-json\/wp\/v2\/posts\/35338","targetHints":{"allow":["GET"]}}],"collection":[{"href":"https:\/\/haberkuzey.com\/index.php\/wp-json\/wp\/v2\/posts"}],"about":[{"href":"https:\/\/haberkuzey.com\/index.php\/wp-json\/wp\/v2\/types\/post"}],"author":[{"embeddable":true,"href":"https:\/\/haberkuzey.com\/index.php\/wp-json\/wp\/v2\/users\/1"}],"replies":[{"embeddable":true,"href":"https:\/\/haberkuzey.com\/index.php\/wp-json\/wp\/v2\/comments?post=35338"}],"version-history":[{"count":0,"href":"https:\/\/haberkuzey.com\/index.php\/wp-json\/wp\/v2\/posts\/35338\/revisions"}],"wp:featuredmedia":[{"embeddable":true,"href":"https:\/\/haberkuzey.com\/index.php\/wp-json\/wp\/v2\/media\/35339"}],"wp:attachment":[{"href":"https:\/\/haberkuzey.com\/index.php\/wp-json\/wp\/v2\/media?parent=35338"}],"wp:term":[{"taxonomy":"category","embeddable":true,"href":"https:\/\/haberkuzey.com\/index.php\/wp-json\/wp\/v2\/categories?post=35338"},{"taxonomy":"post_tag","embeddable":true,"href":"https:\/\/haberkuzey.com\/index.php\/wp-json\/wp\/v2\/tags?post=35338"}],"curies":[{"name":"wp","href":"https:\/\/api.w.org\/{rel}","templated":true}]}}