{"id":35336,"date":"2026-03-15T13:40:08","date_gmt":"2026-03-15T11:40:08","guid":{"rendered":"https:\/\/haberkuzey.com\/index.php\/2026\/03\/15\/ubp-baskalari-gibi-halkini-ortada-birakmaz-mazeretlerle-hukumetten-kacmaz\/"},"modified":"2026-03-15T13:40:08","modified_gmt":"2026-03-15T11:40:08","slug":"ubp-baskalari-gibi-halkini-ortada-birakmaz-mazeretlerle-hukumetten-kacmaz","status":"publish","type":"post","link":"https:\/\/haberkuzey.com\/index.php\/2026\/03\/15\/ubp-baskalari-gibi-halkini-ortada-birakmaz-mazeretlerle-hukumetten-kacmaz\/","title":{"rendered":"UBP, ba\u015fkalar\u0131 gibi halk\u0131n\u0131 ortada b\u0131rakmaz, mazeretlerle h\u00fck\u00fcmetten ka\u00e7maz"},"content":{"rendered":"<p style=\"font-weight: 300\">\u00dcstel, Do\u011fu Akdeniz\u2019deki geli\u015fmeleri yak\u0131ndan takip ettiklerini belirterek, Kuzey K\u0131br\u0131s T\u00fcrk Cumhuriyeti\u2019nin en b\u00fcy\u00fck g\u00fcvencesinin T\u00fcrkiye oldu\u011funu vurgulad\u0131. \u00dcstel, \u201cBizleri korumak i\u00e7in gelen F-16\u2019lar\u0131m\u0131za \u2018ho\u015f geldiniz\u2019 diyemeyenleri de bu halk g\u00f6r\u00fcyor\u201d ifadesini kulland\u0131.<\/p>\n<p style=\"font-weight: 300\">Partiden yap\u0131lan a\u00e7\u0131klamaya g\u00f6re, UBP Genel Ba\u015fkan\u0131 ve Ba\u015fbakan \u00dcnal \u00dcstel, Lefke il\u00e7esini ziyaret ederek halkla bir araya geldi. \u00dcstel, b\u00f6lgedeki sivil toplum \u00f6rg\u00fctleri ile toplant\u0131lar yapt\u0131, vatanda\u015flar\u0131n sorunlar\u0131n\u0131 dinledi.<\/p>\n<p style=\"font-weight: 300\">Ziyarette, Ba\u015fbakan \u00dcstel\u2019e; Meclis Ba\u015fkan\u0131 Ziya \u00d6zt\u00fcrkler, Milli E\u011fitim Bakan\u0131 Naz\u0131m \u00c7avu\u015fo\u011flu, Tar\u0131m ve Do\u011fal Kaynaklar Bakan\u0131 H\u00fcseyin \u00c7avu\u015f, Sa\u011fl\u0131k Bakan\u0131 Hakan Din\u00e7y\u00fcrek, \u00c7al\u0131\u015fma ve Sosyal G\u00fcvenlik Bakan\u0131 O\u011fuzhan Hasipo\u011flu, UBP Genel Sekreteri Ahmet Sava\u015fan ve UBP Milletvekili Faiz Sucuo\u011flu ve Lefke \u0130l\u00e7e Ba\u015fkan\u0131 Adil \u00d6zgey e\u015flik etti.<\/p>\n<p style=\"font-weight: 300\">-\u201cUBP her zaman halk\u0131n\u0131n yan\u0131nda oldu\u201d<\/p>\n<p style=\"font-weight: 300\">Ba\u015fbakan \u00dcstel ziyaretler s\u0131ras\u0131nda verdi\u011fi mesajlarda, \u201cbug\u00fcnlerde \u00f6ne \u00e7\u0131kmaya \u00e7al\u0131\u015fan baz\u0131 partilerin ge\u00e7mi\u015fte ilk zora girdiklerinde g\u00f6revlerini b\u0131rak\u0131p gittiklerini\u201d belirti. \u00dcstel, UBP\u2019nin sorumluluk ve kararl\u0131l\u0131kla her \u015fartta halk\u0131n yan\u0131nda durdu\u011funu vurgulayarak, \u201cUBP hi\u00e7bir zaman halk\u0131n\u0131 ortada b\u0131rak\u0131p h\u00fck\u00fcmetten ayr\u0131lmam\u0131\u015ft\u0131r. Her zaman T\u00fcrkiye Cumhuriyeti ile birlikte m\u00fccadele ederek halk\u0131n\u0131n yan\u0131nda olmu\u015ftur.\u201d dedi.<\/p>\n<p style=\"font-weight: 300\">&#8211; \u201cT\u00fcrkiye ile g\u00fc\u00e7l\u00fc i\u015f birli\u011fi i\u00e7indeyiz\u201d<\/p>\n<p style=\"font-weight: 300\">T\u00fcrkiye ile ge\u00e7mi\u015ften gelen karde\u015flik ba\u011flar\u0131 do\u011frultusunda hareket etmeyi s\u00fcrd\u00fcrd\u00fcklerini belirten \u00dcstel, Anavatan T\u00fcrkiye\u2019nin aktif deste\u011fine te\u015fekk\u00fcr etti. \u00dcstel, \u201cS\u00f6zlerimizin b\u00fcy\u00fck b\u00f6l\u00fcm\u00fcn\u00fc tuttuk. Hatta ge\u00e7mi\u015fte yap\u0131lmayanlar\u0131 cesaretle hayata ge\u00e7irdik. Sadece Yerel Y\u00f6netimler Reformu sayesinde bile gitti\u011fimiz her b\u00f6lgede b\u00fcy\u00fck takdir g\u00f6r\u00fcyoruz.\u201d diye konu\u015ftu.<\/p>\n<p style=\"font-weight: 300\">-\u201c\u00dcretim, tar\u0131m ve su projeleri destekleniyor\u201d<\/p>\n<p style=\"font-weight: 300\">Tar\u0131msal ve sanayi \u00fcretiminin \u00f6nemine de de\u011finen \u00dcstel, \u00fcretmeyen toplumlar\u0131n yok olmaya mahkum oldu\u011funu s\u00f6yleyerek \u00fcreticiye destek vermeye devam edeceklerini ifade etti. T\u00fcrkiye\u2019den gelen suyun G\u00fczelyurt Ovas\u0131\u2019na ula\u015ft\u0131\u011f\u0131n\u0131 hat\u0131rlatan \u00dcstel, Mesarya b\u00f6lgesinin de suyla bulu\u015faca\u011f\u0131n\u0131 belirterek su projesinin g\u00fcncel durumu hakk\u0131nda bilgi verdi.<\/p>\n<p style=\"font-weight: 300\">-\u201cDo\u011fu Akdeniz\u2019de T\u00fcrkiye\u2019nin rol\u00fc b\u00fcy\u00fck\u201d<\/p>\n<p style=\"font-weight: 300\">B\u00f6lgede ya\u015fanan g\u00fcvenlik geli\u015fmelerine de de\u011finen \u00dcstel, Do\u011fu Akdeniz\u2019deki geli\u015fmeleri yak\u0131ndan takip ettiklerini ifade etti ve Kuzey K\u0131br\u0131s T\u00fcrk Cumhuriyeti\u2019nin en b\u00fcy\u00fck g\u00fcvencesinin T\u00fcrkiye oldu\u011funu vurgulad\u0131.<\/p>\n<p style=\"font-weight: 300\">T\u00fcrkiye\u2019nin garant\u00f6rl\u00fck hakk\u0131 \u00e7er\u00e7evesinde her zaman K\u0131br\u0131s T\u00fcrk halk\u0131n\u0131n yan\u0131nda oldu\u011funu s\u00f6yleyen \u00dcstel, T\u00fcrkiye\u2019nin askeri ve savunma deste\u011finin b\u00f6lge i\u00e7in \u00f6nemli oldu\u011funu kaydetti.<\/p>\n<p style=\"font-weight: 300\">&#8220;Anavatan T\u00fcrkiye\u2019nin g\u00f6nderdi\u011fi F-16\u2019lara tek kelime destek a\u00e7\u0131klayamayanlar\u0131 da yak\u0131ndan izlediklerini\u201d s\u00f6yleyen \u00dcstel, \u201cKorkmay\u0131n\u2026 Bizi de sizi de bu sava\u015fan \u015fahinler koruyacak. \u00c7ekinmeyin, \u00fcz\u00fclmeyin. \u00c7ok \u015f\u00fck\u00fcr ki T\u00fcrkiye yan\u0131m\u0131zda.\u201d dedi.<\/p>\n<p style=\"font-weight: 300\">-\u201cHayvanc\u0131l\u0131k ve narenciye sekt\u00f6r\u00fcne destek veriyoruz\u201d<\/p>\n<p style=\"font-weight: 300\">Hayvanc\u0131l\u0131k sekt\u00f6r\u00fcnde ya\u015fanan hastal\u0131k s\u00fcrecine de de\u011finen \u00dcstel, \u015fap hastal\u0131\u011f\u0131na kar\u015f\u0131 h\u0131zl\u0131 bir \u015fekilde \u00f6nlem ald\u0131klar\u0131n\u0131 ve hayvanlar\u0131n a\u015f\u0131lanarak sorunun kontrol alt\u0131na al\u0131nd\u0131\u011f\u0131n\u0131 ifade etti. \u00dcstel, narenciye sekt\u00f6r\u00fcne ili\u015fkin, \u201c\u00dcreticiyi rahatlatacak ad\u0131mlar att\u0131k ve tarihte ilk kez rekor fiyat verildi.\u201d dedi.<\/p>\n<p style=\"font-weight: 300\">-\u201cUla\u015f\u0131m ve altyap\u0131 yat\u0131r\u0131mlar\u0131n\u0131 g\u00fc\u00e7lendiriyoruz\u201d<\/p>\n<p style=\"font-weight: 300\">Altyap\u0131 yat\u0131r\u0131mlar\u0131n\u0131n da artt\u0131\u011f\u0131n\u0131 kaydeden \u00dcstel, siyasi istikrar sayesinde bir\u00e7ok projenin hayata ge\u00e7irildi\u011fini s\u00f6yledi. \u201cG\u00fczelyurt-Lefke yolu y\u0131llarca bekledi ancak bizim d\u00f6nemimizde istimlak sorunu \u00e7\u00f6z\u00fclerek bu yol tamamland\u0131. B\u00f6lge halk\u0131 ula\u015f\u0131mda rahatlad\u0131.\u201d ifadelerini kulland\u0131.<\/p>\n<p style=\"font-weight: 300\">-\u201cDijital d\u00f6n\u00fc\u015f\u00fcm ve e-devleti destekliyoruz\u201d<\/p>\n<p style=\"font-weight: 300\">Halk\u0131n, b\u00fcrokrasinin yava\u015f oldu\u011funa dair \u015fikayetlerinin bulundu\u011funu ifade eden \u00dcstel, \u201cH\u00fck\u00fcmet olarak e-devlet projesini hayata ge\u00e7irdik. Bir\u00e7ok i\u015flem art\u0131k dijital ortamda yap\u0131lacak.\u201d dedi. \u00dcstel, fiber optik projesinin de e-devlet sisteminin sa\u011fl\u0131kl\u0131 \u00e7al\u0131\u015fmas\u0131 a\u00e7\u0131s\u0131ndan b\u00fcy\u00fck \u00f6nem ta\u015f\u0131d\u0131\u011f\u0131n\u0131 s\u00f6yledi.<\/p>\n<p style=\"font-weight: 300\">-\u201cS\u00fct \u00fcr\u00fcnleri ihracat\u0131nda g\u00fcncel sorun \u00e7\u00f6z\u00fcld\u00fc, detaylar yak\u0131nda a\u00e7\u0131klanacak\u2026\u201d<\/p>\n<p style=\"font-weight: 300\">Yak\u0131t ve s\u00fct \u00fcr\u00fcnleri konusunda da \u00e7al\u0131\u015fmalar y\u00fcr\u00fctt\u00fcklerini belirten \u00dcstel, s\u00fct \u00fcr\u00fcnleri ihracat\u0131nda b\u00f6lgede ya\u015fanan sava\u015f kaynakl\u0131 sorunlar\u0131n T\u00fcrkiye ile yap\u0131lan g\u00f6r\u00fc\u015fmeler sonucunda \u00e7\u00f6z\u00fcld\u00fc\u011f\u00fcn\u00fc, yak\u0131n zamanda kamuoyuna a\u00e7\u0131klayacaklar\u0131n\u0131 ifade etti.<\/p>\n<p style=\"font-weight: 300\">&#8211; Sava\u015fan: \u201cTe\u015fkilatlarla ve halkla s\u00fcrekli isti\u015fare i\u00e7indeyiz\u201d<\/p>\n<p style=\"font-weight: 300\">UBP Genel Sekreteri Ahmet Sava\u015fan da ziyaretler s\u0131ras\u0131nda yapt\u0131\u011f\u0131 konu\u015fmalarda, te\u015fkilatlar ve halkla her zaman i\u00e7 i\u00e7e olduklar\u0131n\u0131 ve olmaya da devam edeceklerini belirtti.<\/p>\n<p style=\"font-weight: 300\">Sava\u015fan, \u201cBizler siyaseti masa ba\u015f\u0131nda de\u011fil, halk\u0131m\u0131z\u0131n i\u00e7inde yapmay\u0131 ilke edinmi\u015f bir anlay\u0131\u015f\u0131n temsilcileriyiz. Amac\u0131m\u0131z; h\u00fck\u00fcmetimizin y\u00fcr\u00fctt\u00fc\u011f\u00fc \u00e7al\u0131\u015fmalar\u0131 b\u00f6lgelerde yerinde g\u00f6rmek, ya\u015fanan g\u00fcncel sorunlar\u0131 do\u011frudan sahada tespit etmek ve vatanda\u015flar\u0131m\u0131z\u0131n taleplerini birinci a\u011f\u0131zdan dinleyerek yol haritam\u0131z\u0131 \u015fekillendirmektir.\u201d dedi.<\/p>\n<p style=\"font-weight: 300\">Sava\u015fan, \u201cBir yandan \u00fclkemiz i\u00e7in icraat \u00fcretirken, di\u011fer yandan bu icraatlara y\u00f6n veren en \u00f6nemli unsurlardan biri de ger\u00e7ekle\u015ftirdi\u011fimiz bu isti\u015fare toplant\u0131lar\u0131d\u0131r. B\u00f6lgelerimizin ihtiya\u00e7lar\u0131n\u0131 yak\u0131ndan takip ediyor, \u00e7al\u0131\u015fmalar\u0131m\u0131z\u0131 bu ihtiya\u00e7lara g\u00f6re planl\u0131yor ve \u00f6nceliklendiriyoruz. Bizim anlay\u0131\u015f\u0131m\u0131z se\u00e7im odakl\u0131 bir siyaset de\u011fil; halk\u0131m\u0131za en iyi hizmeti ula\u015ft\u0131rma sorumlulu\u011fudur. \u0130\u015fte bu nedenle te\u015fkilatlar\u0131m\u0131zla ve vatanda\u015flar\u0131m\u0131zla bir araya gelmeye, onlar\u0131 dinlemeye ve birlikte \u00fcretmeye b\u00fcy\u00fck \u00f6nem veriyoruz.\u201d \u015feklinde konu\u015ftu.<\/p>\n<p>UBP, ba\u015fkalar\u0131 gibi halk\u0131n\u0131 ortada b\u0131rakmaz, mazeretlerle h\u00fck\u00fcmetten ka\u00e7maz yaz\u0131s\u0131 ilk \u00f6nce K\u0131br\u0131s Hakikat \u00fczerinde ortaya \u00e7\u0131kt\u0131.<\/p>\n","protected":false},"excerpt":{"rendered":"<p>\u00dcstel, Do\u011fu Akdeniz\u2019deki geli\u015fmeleri yak\u0131ndan takip ettiklerini belirterek, Kuzey K\u0131br\u0131s T\u00fcrk Cumhuriyeti\u2019nin en b\u00fcy\u00fck g\u00fcvencesinin T\u00fcrkiye oldu\u011funu vurgulad\u0131. \u00dcstel, \u201cBizleri korumak i\u00e7in gelen F-16\u2019lar\u0131m\u0131za \u2018ho\u015f geldiniz\u2019 diyemeyenleri de bu halk g\u00f6r\u00fcyor\u201d ifadesini kulland\u0131. Partiden yap\u0131lan a\u00e7\u0131klamaya g\u00f6re, UBP Genel Ba\u015fkan\u0131 ve Ba\u015fbakan \u00dcnal \u00dcstel, Lefke il\u00e7esini ziyaret ederek halkla bir araya geldi. \u00dcstel, b\u00f6lgedeki sivil [&hellip;]<\/p>\n","protected":false},"author":1,"featured_media":35337,"comment_status":"open","ping_status":"open","sticky":false,"template":"","format":"standard","meta":{"jnews-multi-image_gallery":[],"jnews_single_post":[],"jnews_primary_category":[],"footnotes":""},"categories":[1],"tags":[],"class_list":["post-35336","post","type-post","status-publish","format-standard","has-post-thumbnail","hentry","category-kibris"],"yoast_head":"<!-- This site is optimized with the Yoast SEO plugin v27.5 - https:\/\/yoast.com\/product\/yoast-seo-wordpress\/ -->\n<title>UBP, ba\u015fkalar\u0131 gibi halk\u0131n\u0131 ortada b\u0131rakmaz, mazeretlerle h\u00fck\u00fcmetten ka\u00e7maz - Haber Kuzey<\/title>\n<meta name=\"robots\" content=\"index, follow, max-snippet:-1, max-image-preview:large, max-video-preview:-1\" \/>\n<link rel=\"canonical\" href=\"https:\/\/haberkuzey.com\/index.php\/2026\/03\/15\/ubp-baskalari-gibi-halkini-ortada-birakmaz-mazeretlerle-hukumetten-kacmaz\/\" \/>\n<meta property=\"og:locale\" content=\"tr_TR\" \/>\n<meta property=\"og:type\" content=\"article\" \/>\n<meta property=\"og:title\" content=\"UBP, ba\u015fkalar\u0131 gibi halk\u0131n\u0131 ortada b\u0131rakmaz, mazeretlerle h\u00fck\u00fcmetten ka\u00e7maz - Haber Kuzey\" \/>\n<meta property=\"og:description\" content=\"\u00dcstel, Do\u011fu Akdeniz\u2019deki geli\u015fmeleri yak\u0131ndan takip ettiklerini belirterek, Kuzey K\u0131br\u0131s T\u00fcrk Cumhuriyeti\u2019nin en b\u00fcy\u00fck g\u00fcvencesinin T\u00fcrkiye oldu\u011funu vurgulad\u0131. \u00dcstel, \u201cBizleri korumak i\u00e7in gelen F-16\u2019lar\u0131m\u0131za \u2018ho\u015f geldiniz\u2019 diyemeyenleri de bu halk g\u00f6r\u00fcyor\u201d ifadesini kulland\u0131. Partiden yap\u0131lan a\u00e7\u0131klamaya g\u00f6re, UBP Genel Ba\u015fkan\u0131 ve Ba\u015fbakan \u00dcnal \u00dcstel, Lefke il\u00e7esini ziyaret ederek halkla bir araya geldi. \u00dcstel, b\u00f6lgedeki sivil [&hellip;]\" \/>\n<meta property=\"og:url\" content=\"https:\/\/haberkuzey.com\/index.php\/2026\/03\/15\/ubp-baskalari-gibi-halkini-ortada-birakmaz-mazeretlerle-hukumetten-kacmaz\/\" \/>\n<meta property=\"og:site_name\" content=\"Haber Kuzey\" \/>\n<meta property=\"article:published_time\" content=\"2026-03-15T11:40:08+00:00\" \/>\n<meta name=\"author\" content=\"haberkuzey\" \/>\n<meta name=\"twitter:card\" content=\"summary_large_image\" \/>\n<meta name=\"twitter:label1\" content=\"Yazan:\" \/>\n\t<meta name=\"twitter:data1\" content=\"haberkuzey\" \/>\n\t<meta name=\"twitter:label2\" content=\"Tahmini okuma s\u00fcresi\" \/>\n\t<meta name=\"twitter:data2\" content=\"5 dakika\" \/>\n<script type=\"application\/ld+json\" class=\"yoast-schema-graph\">{\"@context\":\"https:\\\/\\\/schema.org\",\"@graph\":[{\"@type\":\"Article\",\"@id\":\"https:\\\/\\\/haberkuzey.com\\\/index.php\\\/2026\\\/03\\\/15\\\/ubp-baskalari-gibi-halkini-ortada-birakmaz-mazeretlerle-hukumetten-kacmaz\\\/#article\",\"isPartOf\":{\"@id\":\"https:\\\/\\\/haberkuzey.com\\\/index.php\\\/2026\\\/03\\\/15\\\/ubp-baskalari-gibi-halkini-ortada-birakmaz-mazeretlerle-hukumetten-kacmaz\\\/\"},\"author\":{\"name\":\"haberkuzey\",\"@id\":\"https:\\\/\\\/haberkuzey.com\\\/#\\\/schema\\\/person\\\/3372109ec735f9333f4fa47ebb9605ca\"},\"headline\":\"UBP, ba\u015fkalar\u0131 gibi halk\u0131n\u0131 ortada b\u0131rakmaz, mazeretlerle h\u00fck\u00fcmetten ka\u00e7maz\",\"datePublished\":\"2026-03-15T11:40:08+00:00\",\"mainEntityOfPage\":{\"@id\":\"https:\\\/\\\/haberkuzey.com\\\/index.php\\\/2026\\\/03\\\/15\\\/ubp-baskalari-gibi-halkini-ortada-birakmaz-mazeretlerle-hukumetten-kacmaz\\\/\"},\"wordCount\":1076,\"commentCount\":0,\"image\":{\"@id\":\"https:\\\/\\\/haberkuzey.com\\\/index.php\\\/2026\\\/03\\\/15\\\/ubp-baskalari-gibi-halkini-ortada-birakmaz-mazeretlerle-hukumetten-kacmaz\\\/#primaryimage\"},\"thumbnailUrl\":\"https:\\\/\\\/haberkuzey.com\\\/wp-content\\\/uploads\\\/2026\\\/03\\\/1773570233783USTEL-LEFKE1.jpg\",\"articleSection\":[\"K\u0131br\u0131s\"],\"inLanguage\":\"tr\",\"potentialAction\":[{\"@type\":\"CommentAction\",\"name\":\"Comment\",\"target\":[\"https:\\\/\\\/haberkuzey.com\\\/index.php\\\/2026\\\/03\\\/15\\\/ubp-baskalari-gibi-halkini-ortada-birakmaz-mazeretlerle-hukumetten-kacmaz\\\/#respond\"]}]},{\"@type\":\"WebPage\",\"@id\":\"https:\\\/\\\/haberkuzey.com\\\/index.php\\\/2026\\\/03\\\/15\\\/ubp-baskalari-gibi-halkini-ortada-birakmaz-mazeretlerle-hukumetten-kacmaz\\\/\",\"url\":\"https:\\\/\\\/haberkuzey.com\\\/index.php\\\/2026\\\/03\\\/15\\\/ubp-baskalari-gibi-halkini-ortada-birakmaz-mazeretlerle-hukumetten-kacmaz\\\/\",\"name\":\"UBP, ba\u015fkalar\u0131 gibi halk\u0131n\u0131 ortada b\u0131rakmaz, mazeretlerle h\u00fck\u00fcmetten ka\u00e7maz - Haber Kuzey\",\"isPartOf\":{\"@id\":\"https:\\\/\\\/haberkuzey.com\\\/#website\"},\"primaryImageOfPage\":{\"@id\":\"https:\\\/\\\/haberkuzey.com\\\/index.php\\\/2026\\\/03\\\/15\\\/ubp-baskalari-gibi-halkini-ortada-birakmaz-mazeretlerle-hukumetten-kacmaz\\\/#primaryimage\"},\"image\":{\"@id\":\"https:\\\/\\\/haberkuzey.com\\\/index.php\\\/2026\\\/03\\\/15\\\/ubp-baskalari-gibi-halkini-ortada-birakmaz-mazeretlerle-hukumetten-kacmaz\\\/#primaryimage\"},\"thumbnailUrl\":\"https:\\\/\\\/haberkuzey.com\\\/wp-content\\\/uploads\\\/2026\\\/03\\\/1773570233783USTEL-LEFKE1.jpg\",\"datePublished\":\"2026-03-15T11:40:08+00:00\",\"author\":{\"@id\":\"https:\\\/\\\/haberkuzey.com\\\/#\\\/schema\\\/person\\\/3372109ec735f9333f4fa47ebb9605ca\"},\"breadcrumb\":{\"@id\":\"https:\\\/\\\/haberkuzey.com\\\/index.php\\\/2026\\\/03\\\/15\\\/ubp-baskalari-gibi-halkini-ortada-birakmaz-mazeretlerle-hukumetten-kacmaz\\\/#breadcrumb\"},\"inLanguage\":\"tr\",\"potentialAction\":[{\"@type\":\"ReadAction\",\"target\":[\"https:\\\/\\\/haberkuzey.com\\\/index.php\\\/2026\\\/03\\\/15\\\/ubp-baskalari-gibi-halkini-ortada-birakmaz-mazeretlerle-hukumetten-kacmaz\\\/\"]}]},{\"@type\":\"ImageObject\",\"inLanguage\":\"tr\",\"@id\":\"https:\\\/\\\/haberkuzey.com\\\/index.php\\\/2026\\\/03\\\/15\\\/ubp-baskalari-gibi-halkini-ortada-birakmaz-mazeretlerle-hukumetten-kacmaz\\\/#primaryimage\",\"url\":\"https:\\\/\\\/haberkuzey.com\\\/wp-content\\\/uploads\\\/2026\\\/03\\\/1773570233783USTEL-LEFKE1.jpg\",\"contentUrl\":\"https:\\\/\\\/haberkuzey.com\\\/wp-content\\\/uploads\\\/2026\\\/03\\\/1773570233783USTEL-LEFKE1.jpg\",\"width\":1600,\"height\":1066},{\"@type\":\"BreadcrumbList\",\"@id\":\"https:\\\/\\\/haberkuzey.com\\\/index.php\\\/2026\\\/03\\\/15\\\/ubp-baskalari-gibi-halkini-ortada-birakmaz-mazeretlerle-hukumetten-kacmaz\\\/#breadcrumb\",\"itemListElement\":[{\"@type\":\"ListItem\",\"position\":1,\"name\":\"Anasayfa\",\"item\":\"https:\\\/\\\/haberkuzey.com\\\/\"},{\"@type\":\"ListItem\",\"position\":2,\"name\":\"UBP, ba\u015fkalar\u0131 gibi halk\u0131n\u0131 ortada b\u0131rakmaz, mazeretlerle h\u00fck\u00fcmetten ka\u00e7maz\"}]},{\"@type\":\"WebSite\",\"@id\":\"https:\\\/\\\/haberkuzey.com\\\/#website\",\"url\":\"https:\\\/\\\/haberkuzey.com\\\/\",\"name\":\"Haber Kuzey\",\"description\":\"Do\u011fru Haberin Adresi\",\"potentialAction\":[{\"@type\":\"SearchAction\",\"target\":{\"@type\":\"EntryPoint\",\"urlTemplate\":\"https:\\\/\\\/haberkuzey.com\\\/?s={search_term_string}\"},\"query-input\":{\"@type\":\"PropertyValueSpecification\",\"valueRequired\":true,\"valueName\":\"search_term_string\"}}],\"inLanguage\":\"tr\"},{\"@type\":\"Person\",\"@id\":\"https:\\\/\\\/haberkuzey.com\\\/#\\\/schema\\\/person\\\/3372109ec735f9333f4fa47ebb9605ca\",\"name\":\"haberkuzey\",\"image\":{\"@type\":\"ImageObject\",\"inLanguage\":\"tr\",\"@id\":\"https:\\\/\\\/secure.gravatar.com\\\/avatar\\\/f5fc875574b1575324358c3b9e6a32b8227aa5b74f3fa22e3cadb63e26fcc39c?s=96&d=mm&r=g\",\"url\":\"https:\\\/\\\/secure.gravatar.com\\\/avatar\\\/f5fc875574b1575324358c3b9e6a32b8227aa5b74f3fa22e3cadb63e26fcc39c?s=96&d=mm&r=g\",\"contentUrl\":\"https:\\\/\\\/secure.gravatar.com\\\/avatar\\\/f5fc875574b1575324358c3b9e6a32b8227aa5b74f3fa22e3cadb63e26fcc39c?s=96&d=mm&r=g\",\"caption\":\"haberkuzey\"},\"sameAs\":[\"https:\\\/\\\/haberkuzey.com\"],\"url\":\"https:\\\/\\\/haberkuzey.com\\\/index.php\\\/author\\\/haberkuzey\\\/\"}]}<\/script>\n<!-- \/ Yoast SEO plugin. -->","yoast_head_json":{"title":"UBP, ba\u015fkalar\u0131 gibi halk\u0131n\u0131 ortada b\u0131rakmaz, mazeretlerle h\u00fck\u00fcmetten ka\u00e7maz - Haber Kuzey","robots":{"index":"index","follow":"follow","max-snippet":"max-snippet:-1","max-image-preview":"max-image-preview:large","max-video-preview":"max-video-preview:-1"},"canonical":"https:\/\/haberkuzey.com\/index.php\/2026\/03\/15\/ubp-baskalari-gibi-halkini-ortada-birakmaz-mazeretlerle-hukumetten-kacmaz\/","og_locale":"tr_TR","og_type":"article","og_title":"UBP, ba\u015fkalar\u0131 gibi halk\u0131n\u0131 ortada b\u0131rakmaz, mazeretlerle h\u00fck\u00fcmetten ka\u00e7maz - Haber Kuzey","og_description":"\u00dcstel, Do\u011fu Akdeniz\u2019deki geli\u015fmeleri yak\u0131ndan takip ettiklerini belirterek, Kuzey K\u0131br\u0131s T\u00fcrk Cumhuriyeti\u2019nin en b\u00fcy\u00fck g\u00fcvencesinin T\u00fcrkiye oldu\u011funu vurgulad\u0131. \u00dcstel, \u201cBizleri korumak i\u00e7in gelen F-16\u2019lar\u0131m\u0131za \u2018ho\u015f geldiniz\u2019 diyemeyenleri de bu halk g\u00f6r\u00fcyor\u201d ifadesini kulland\u0131. Partiden yap\u0131lan a\u00e7\u0131klamaya g\u00f6re, UBP Genel Ba\u015fkan\u0131 ve Ba\u015fbakan \u00dcnal \u00dcstel, Lefke il\u00e7esini ziyaret ederek halkla bir araya geldi. \u00dcstel, b\u00f6lgedeki sivil [&hellip;]","og_url":"https:\/\/haberkuzey.com\/index.php\/2026\/03\/15\/ubp-baskalari-gibi-halkini-ortada-birakmaz-mazeretlerle-hukumetten-kacmaz\/","og_site_name":"Haber Kuzey","article_published_time":"2026-03-15T11:40:08+00:00","author":"haberkuzey","twitter_card":"summary_large_image","twitter_misc":{"Yazan:":"haberkuzey","Tahmini okuma s\u00fcresi":"5 dakika"},"schema":{"@context":"https:\/\/schema.org","@graph":[{"@type":"Article","@id":"https:\/\/haberkuzey.com\/index.php\/2026\/03\/15\/ubp-baskalari-gibi-halkini-ortada-birakmaz-mazeretlerle-hukumetten-kacmaz\/#article","isPartOf":{"@id":"https:\/\/haberkuzey.com\/index.php\/2026\/03\/15\/ubp-baskalari-gibi-halkini-ortada-birakmaz-mazeretlerle-hukumetten-kacmaz\/"},"author":{"name":"haberkuzey","@id":"https:\/\/haberkuzey.com\/#\/schema\/person\/3372109ec735f9333f4fa47ebb9605ca"},"headline":"UBP, ba\u015fkalar\u0131 gibi halk\u0131n\u0131 ortada b\u0131rakmaz, mazeretlerle h\u00fck\u00fcmetten ka\u00e7maz","datePublished":"2026-03-15T11:40:08+00:00","mainEntityOfPage":{"@id":"https:\/\/haberkuzey.com\/index.php\/2026\/03\/15\/ubp-baskalari-gibi-halkini-ortada-birakmaz-mazeretlerle-hukumetten-kacmaz\/"},"wordCount":1076,"commentCount":0,"image":{"@id":"https:\/\/haberkuzey.com\/index.php\/2026\/03\/15\/ubp-baskalari-gibi-halkini-ortada-birakmaz-mazeretlerle-hukumetten-kacmaz\/#primaryimage"},"thumbnailUrl":"https:\/\/haberkuzey.com\/wp-content\/uploads\/2026\/03\/1773570233783USTEL-LEFKE1.jpg","articleSection":["K\u0131br\u0131s"],"inLanguage":"tr","potentialAction":[{"@type":"CommentAction","name":"Comment","target":["https:\/\/haberkuzey.com\/index.php\/2026\/03\/15\/ubp-baskalari-gibi-halkini-ortada-birakmaz-mazeretlerle-hukumetten-kacmaz\/#respond"]}]},{"@type":"WebPage","@id":"https:\/\/haberkuzey.com\/index.php\/2026\/03\/15\/ubp-baskalari-gibi-halkini-ortada-birakmaz-mazeretlerle-hukumetten-kacmaz\/","url":"https:\/\/haberkuzey.com\/index.php\/2026\/03\/15\/ubp-baskalari-gibi-halkini-ortada-birakmaz-mazeretlerle-hukumetten-kacmaz\/","name":"UBP, ba\u015fkalar\u0131 gibi halk\u0131n\u0131 ortada b\u0131rakmaz, mazeretlerle h\u00fck\u00fcmetten ka\u00e7maz - Haber Kuzey","isPartOf":{"@id":"https:\/\/haberkuzey.com\/#website"},"primaryImageOfPage":{"@id":"https:\/\/haberkuzey.com\/index.php\/2026\/03\/15\/ubp-baskalari-gibi-halkini-ortada-birakmaz-mazeretlerle-hukumetten-kacmaz\/#primaryimage"},"image":{"@id":"https:\/\/haberkuzey.com\/index.php\/2026\/03\/15\/ubp-baskalari-gibi-halkini-ortada-birakmaz-mazeretlerle-hukumetten-kacmaz\/#primaryimage"},"thumbnailUrl":"https:\/\/haberkuzey.com\/wp-content\/uploads\/2026\/03\/1773570233783USTEL-LEFKE1.jpg","datePublished":"2026-03-15T11:40:08+00:00","author":{"@id":"https:\/\/haberkuzey.com\/#\/schema\/person\/3372109ec735f9333f4fa47ebb9605ca"},"breadcrumb":{"@id":"https:\/\/haberkuzey.com\/index.php\/2026\/03\/15\/ubp-baskalari-gibi-halkini-ortada-birakmaz-mazeretlerle-hukumetten-kacmaz\/#breadcrumb"},"inLanguage":"tr","potentialAction":[{"@type":"ReadAction","target":["https:\/\/haberkuzey.com\/index.php\/2026\/03\/15\/ubp-baskalari-gibi-halkini-ortada-birakmaz-mazeretlerle-hukumetten-kacmaz\/"]}]},{"@type":"ImageObject","inLanguage":"tr","@id":"https:\/\/haberkuzey.com\/index.php\/2026\/03\/15\/ubp-baskalari-gibi-halkini-ortada-birakmaz-mazeretlerle-hukumetten-kacmaz\/#primaryimage","url":"https:\/\/haberkuzey.com\/wp-content\/uploads\/2026\/03\/1773570233783USTEL-LEFKE1.jpg","contentUrl":"https:\/\/haberkuzey.com\/wp-content\/uploads\/2026\/03\/1773570233783USTEL-LEFKE1.jpg","width":1600,"height":1066},{"@type":"BreadcrumbList","@id":"https:\/\/haberkuzey.com\/index.php\/2026\/03\/15\/ubp-baskalari-gibi-halkini-ortada-birakmaz-mazeretlerle-hukumetten-kacmaz\/#breadcrumb","itemListElement":[{"@type":"ListItem","position":1,"name":"Anasayfa","item":"https:\/\/haberkuzey.com\/"},{"@type":"ListItem","position":2,"name":"UBP, ba\u015fkalar\u0131 gibi halk\u0131n\u0131 ortada b\u0131rakmaz, mazeretlerle h\u00fck\u00fcmetten ka\u00e7maz"}]},{"@type":"WebSite","@id":"https:\/\/haberkuzey.com\/#website","url":"https:\/\/haberkuzey.com\/","name":"Haber Kuzey","description":"Do\u011fru Haberin Adresi","potentialAction":[{"@type":"SearchAction","target":{"@type":"EntryPoint","urlTemplate":"https:\/\/haberkuzey.com\/?s={search_term_string}"},"query-input":{"@type":"PropertyValueSpecification","valueRequired":true,"valueName":"search_term_string"}}],"inLanguage":"tr"},{"@type":"Person","@id":"https:\/\/haberkuzey.com\/#\/schema\/person\/3372109ec735f9333f4fa47ebb9605ca","name":"haberkuzey","image":{"@type":"ImageObject","inLanguage":"tr","@id":"https:\/\/secure.gravatar.com\/avatar\/f5fc875574b1575324358c3b9e6a32b8227aa5b74f3fa22e3cadb63e26fcc39c?s=96&d=mm&r=g","url":"https:\/\/secure.gravatar.com\/avatar\/f5fc875574b1575324358c3b9e6a32b8227aa5b74f3fa22e3cadb63e26fcc39c?s=96&d=mm&r=g","contentUrl":"https:\/\/secure.gravatar.com\/avatar\/f5fc875574b1575324358c3b9e6a32b8227aa5b74f3fa22e3cadb63e26fcc39c?s=96&d=mm&r=g","caption":"haberkuzey"},"sameAs":["https:\/\/haberkuzey.com"],"url":"https:\/\/haberkuzey.com\/index.php\/author\/haberkuzey\/"}]}},"_links":{"self":[{"href":"https:\/\/haberkuzey.com\/index.php\/wp-json\/wp\/v2\/posts\/35336","targetHints":{"allow":["GET"]}}],"collection":[{"href":"https:\/\/haberkuzey.com\/index.php\/wp-json\/wp\/v2\/posts"}],"about":[{"href":"https:\/\/haberkuzey.com\/index.php\/wp-json\/wp\/v2\/types\/post"}],"author":[{"embeddable":true,"href":"https:\/\/haberkuzey.com\/index.php\/wp-json\/wp\/v2\/users\/1"}],"replies":[{"embeddable":true,"href":"https:\/\/haberkuzey.com\/index.php\/wp-json\/wp\/v2\/comments?post=35336"}],"version-history":[{"count":0,"href":"https:\/\/haberkuzey.com\/index.php\/wp-json\/wp\/v2\/posts\/35336\/revisions"}],"wp:featuredmedia":[{"embeddable":true,"href":"https:\/\/haberkuzey.com\/index.php\/wp-json\/wp\/v2\/media\/35337"}],"wp:attachment":[{"href":"https:\/\/haberkuzey.com\/index.php\/wp-json\/wp\/v2\/media?parent=35336"}],"wp:term":[{"taxonomy":"category","embeddable":true,"href":"https:\/\/haberkuzey.com\/index.php\/wp-json\/wp\/v2\/categories?post=35336"},{"taxonomy":"post_tag","embeddable":true,"href":"https:\/\/haberkuzey.com\/index.php\/wp-json\/wp\/v2\/tags?post=35336"}],"curies":[{"name":"wp","href":"https:\/\/api.w.org\/{rel}","templated":true}]}}