{"id":35334,"date":"2026-03-15T13:34:33","date_gmt":"2026-03-15T11:34:33","guid":{"rendered":"https:\/\/haberkuzey.com\/index.php\/2026\/03\/15\/ulkenin-gelecegini-beraber-insa-edecegiz\/"},"modified":"2026-03-15T13:34:33","modified_gmt":"2026-03-15T11:34:33","slug":"ulkenin-gelecegini-beraber-insa-edecegiz","status":"publish","type":"post","link":"https:\/\/haberkuzey.com\/index.php\/2026\/03\/15\/ulkenin-gelecegini-beraber-insa-edecegiz\/","title":{"rendered":"\u00dclkenin gelece\u011fini beraber in\u015fa edece\u011fiz"},"content":{"rendered":"<p style=\"font-weight: 300\"><span style=\"font-weight: 300 !important\">Partiden yap\u0131lan a\u00e7\u0131klamaya g\u00f6re, \u00fclkenin gelece\u011fine ili\u015fkin d\u00fczenlenen ilk \u00e7al\u0131\u015ftayda, ekonomiden kamu y\u00f6netimine, e\u011fitimden sa\u011fl\u0131\u011fa, enerjiden ula\u015f\u0131ma ve sosyal politikalardan kurumsal yap\u0131ya kadar 16 temel ve onlarca alt ba\u015fl\u0131kla ilgili bir araya gelen uzman, siyaset\u00e7i, akademisyen, sivil toplum temsilcisinin \u00e7al\u0131\u015fmalar\u0131 son a\u015famaya geldi.<\/span><\/p>\n<p style=\"font-weight: 300\"><span style=\"font-weight: 300 !important\">Buna g\u00f6re, \u00e7al\u0131\u015ftay\u0131n ilk g\u00fcn\u00fcnde d\u00fcn \u201cgen\u00e7lik, spor ve e\u011fitim\u201d konu ba\u015fl\u0131klar ele al\u0131nd\u0131. Komite masalar\u0131n\u0131n konu ba\u015fl\u0131klar\u0131n\u0131 tart\u0131\u015fmas\u0131, yeni fikirler, politikalar \u00fcretmesinin ard\u0131ndan sunumlar ve soru cevap k\u0131sm\u0131yla ilk g\u00fcn tamamland\u0131.<\/span><\/p>\n<p style=\"font-weight: 300\"><span style=\"font-weight: 300 !important\">Kapsaml\u0131 bir siyasal program haz\u0131rl\u0131\u011f\u0131 i\u00e7in yola \u00e7\u0131kt\u0131\u011f\u0131n\u0131 duyuran CTP, \u00e7al\u0131\u015ftay\u0131n yaln\u0131zca toplant\u0131 de\u011fil \u00fclkenin gelece\u011fini birlikte kurmak i\u00e7in ba\u015flat\u0131lan bir s\u00fcre\u00e7 oldu\u011funu belirtti.<\/span><\/p>\n<p style=\"font-weight: 300\"><span style=\"font-weight: 300 !important\">CTP Genel Ba\u015fkan\u0131 S\u0131la Usar \u0130ncirli, \u201cK\u0131br\u0131sl\u0131 T\u00fcrklerin aya\u011fa kalkmas\u0131n\u0131n ve memleketi kurtarmas\u0131n\u0131n zaman\u0131d\u0131r. Bunun i\u00e7in \u00e7al\u0131\u015f\u0131yoruz, bu \u00fclkenin gelece\u011fini beraber in\u015fa edece\u011fiz.\u201d dedi.<\/span><\/p>\n<p style=\"font-weight: 300\"><span style=\"font-weight: 300 !important\">-\u0130ncirli: \u201cDe\u011fi\u015fimi, ortak ak\u0131l ve ortak sorumlulukla getirece\u011fiz\u201d<\/span><\/p>\n<p style=\"font-weight: 300\"><span style=\"font-weight: 300 !important\">CTP Genel Ba\u015fkan\u0131 S\u0131la Usar \u0130ncirli, \u00e7al\u0131\u015ftay\u0131n ilk g\u00fcn\u00fcnde d\u00fcn yapt\u0131\u011f\u0131 a\u00e7\u0131klamada \u00fclkede g\u00fc\u00e7l\u00fc bir de\u011fi\u015fim arzusunun olu\u015ftu\u011funu belirterek, bu de\u011fi\u015fimin ortak ak\u0131l ve ortak sorumlulukla ger\u00e7ekle\u015ftirilece\u011fini kaydetti.<\/span><\/p>\n<p style=\"font-weight: 300\"><span style=\"font-weight: 300 !important\">\u201cDe\u011fi\u015fimi, ortak ak\u0131l ve sorumlulukla getirece\u011fiz.\u201d diyen \u0130ncirli, ekonomik ve toplumsal sorunlar\u0131n, hayat pahal\u0131l\u0131\u011f\u0131, gen\u00e7lerin gelecek kayg\u0131s\u0131 ve \u00fcreticilerin ya\u015fad\u0131\u011f\u0131 zorluklar\u0131n toplumda ciddi endi\u015fe yaratt\u0131\u011f\u0131n\u0131 s\u00f6yledi.<\/span><\/p>\n<p style=\"font-weight: 300\"><span style=\"font-weight: 300 !important\">K\u0131br\u0131sl\u0131 T\u00fcrk toplumunun mevcut \u201cyozla\u015fm\u0131\u015f d\u00fczenden\u201d memnun olmad\u0131\u011f\u0131n\u0131, \u00fclkenin gelece\u011fini yeniden kurmak i\u00e7in birlikte \u00e7al\u0131\u015fmak gerekti\u011fini kaydeden \u0130ncirli, \u201cK\u0131br\u0131sl\u0131 T\u00fcrklerin aya\u011fa kalkmas\u0131n\u0131n ve memleketi kurtarmas\u0131n\u0131n zaman\u0131d\u0131r. Bunun i\u00e7in \u00e7al\u0131\u015f\u0131yoruz, bu \u00fclkenin gelece\u011fini beraber in\u015fa edece\u011fiz.\u201d dedi.<\/span><\/p>\n<p style=\"font-weight: 300\"><span style=\"font-weight: 300 !important\">-\u201c\u00dclkenin gelece\u011fini birlikte kuraca\u011f\u0131z\u201d<\/span><\/p>\n<p style=\"font-weight: 300\"><span style=\"font-weight: 300 !important\">CTP\u2019nin haz\u0131rlad\u0131\u011f\u0131 \u00e7al\u0131\u015ftay\u0131n yaln\u0131zca bir toplant\u0131 olmad\u0131\u011f\u0131n\u0131, \u00fclkenin gelece\u011fini birlikte kurmak i\u00e7in ba\u015flat\u0131lan bir s\u00fcre\u00e7 oldu\u011funu belirten \u0130ncirli, akademisyenler, uzmanlar ve toplumun farkl\u0131 kesimleriyle kurulan ileti\u015fimin devam edece\u011fini s\u00f6yledi.<\/span><\/p>\n<p style=\"font-weight: 300\"><span style=\"font-weight: 300 !important\">\u0130ncirli, \u201cBu \u00fclkeyi sizlerle birlikte y\u00f6netece\u011fiz, sorunlar\u0131 birlikte \u00e7\u00f6zece\u011fiz ve ger\u00e7ek\u00e7i projeleri birlikte hayata ge\u00e7irece\u011fiz.\u201d diyerek ortak ak\u0131l ve kat\u0131l\u0131mc\u0131 y\u00f6netim anlay\u0131\u015f\u0131yla \u00fclkenin yeniden aya\u011fa kald\u0131r\u0131laca\u011f\u0131na inan\u00e7 belirtti.<\/span><\/p>\n<p style=\"font-weight: 300\"><span style=\"font-weight: 300 !important\">\u0130ncirli, \u015funlar\u0131 da kaydetti:<\/span><\/p>\n<p style=\"font-weight: 300\"><span style=\"font-weight: 300 !important\">\u201cGen\u00e7lerin e\u011fitim sorunu,\u00a0 gelecek sorunu ya\u015famayaca\u011f\u0131, insanlar\u0131n sa\u011fl\u0131k hizmeti alabilece\u011fi, g\u00fcvenli bir \u00fclke, \u00fcreticinin \u00fcretmeye devam edece\u011fi, ekonominin geli\u015fece\u011fi, b\u00fcy\u00fcyece\u011fi ve gelece\u011fini birlikte kurulaca\u011f\u0131m\u0131z bir \u00fclke i\u00e7in yola \u00e7\u0131kt\u0131k. Bu de\u011fi\u015fimi bug\u00fcn ba\u015flatt\u0131k. Yar\u0131n i\u00e7in \u00e7al\u0131\u015f\u0131yoruz.\u201d<\/span><\/p>\n<p style=\"font-weight: 300\"><span style=\"font-weight: 300 !important\">-Ki\u015fi: \u201cCTP se\u00e7im haz\u0131rl\u0131\u011f\u0131nda de\u011fil, iktidar yolunda h\u00fck\u00fcmet program\u0131 yaz\u0131yor\u201d<\/span><\/p>\n<p style=\"font-weight: 300\"><span style=\"font-weight: 300 !important\">CTP Genel Sekreteri Mehmet Kale Ki\u015fi, b\u00fct\u00fcn komitelerin aral\u0131ks\u0131z \u015fekilde \u00e7al\u0131\u015ft\u0131\u011f\u0131n\u0131 belirterek, toplumun her kesimiyle temas ve isti\u015fare i\u00e7erisinde olduklar\u0131n\u0131 ifade etti.<\/span><\/p>\n<p style=\"font-weight: 300\"><span style=\"font-weight: 300 !important\">Halk\u0131n derin bir kayg\u0131 ve umutsuzluk hissetti\u011fini s\u00f6yleyen Ki\u015fi, erken se\u00e7imin ka\u00e7\u0131n\u0131lmaz oldu\u011funu kaydetti.<\/span><\/p>\n<p style=\"font-weight: 300\"><span style=\"font-weight: 300 !important\">Ki\u015fi, CTP\u2019nin se\u00e7im haz\u0131rl\u0131\u011f\u0131nda olmad\u0131\u011f\u0131n\u0131, h\u00fck\u00fcmet program\u0131 yazd\u0131klar\u0131n\u0131 kaydederek, \u00e7al\u0131\u015ftay\u0131n at\u0131lan en \u00f6nemli ad\u0131mlardan biri oldu\u011funu ifade etti<\/span><\/p>\n<p style=\"font-weight: 300\"><span style=\"font-weight: 300 !important\">Ki\u015fi, \u201cCTP iktidara gelecek ve iktidara haz\u0131r olmak i\u00e7in \u00e7al\u0131\u015fmalar\u0131m\u0131za \u015fimdiden ba\u015flad\u0131k. \u0130ktidar yolunda h\u00fck\u00fcmet program\u0131n\u0131 bug\u00fcn sizlerle beraber yaz\u0131yoruz.\u201d dedi.\u00a0<\/span><\/p>\n<p style=\"font-weight: 300\"><span style=\"font-weight: 300 !important\">\u00c7al\u0131\u015ftaylarla beraber ortaya konacak raporlar\u0131n \u00f6nemine de i\u015faret eden Ki\u015fi,\u00a0 raporlarla beraber kapsaml\u0131, yenilik\u00e7i, halk\u0131n taleplerini kar\u015f\u0131layan yeni politikalar \u00fcreteceklerini s\u00f6zlerine ekledi.<\/span><\/p>\n<p style=\"font-weight: 300\"><span style=\"font-weight: 300 !important\">\u00d6te yandan bug\u00fcn devam edecek program kapsam\u0131nda bu sefer enerji, \u00e7evre ve turizm komiteleri temel metin ve \u00f6nerileri somutla\u015ft\u0131rmak i\u00e7in bir araya gelecek. \u00a0Geriye kalan ba\u015fl\u0131klar ise \u00f6n\u00fcm\u00fczdeki haftalarda ele al\u0131nacak.<\/span><\/p>\n<p style=\"font-weight: 300\"><span style=\"font-weight: 300 !important\">CTP&#8217;nin a\u00e7\u0131klamas\u0131na g\u00f6re, yeni d\u00f6nem vizyonunu toplumun t\u00fcm kesimleri ile birlikte ve payda\u015flar\u0131n kat\u0131l\u0131m\u0131 ile \u015fekillendirmeyi hedefleyen CTP, bu s\u00fcre\u00e7te yaln\u0131zca bir se\u00e7im program\u0131 a\u00e7\u0131klamak yerine, uzmanlar\u0131n, sivil toplumun ve yurtta\u015flar\u0131n katk\u0131s\u0131yla haz\u0131rlanacak bir \u201cyeni d\u00f6nem yol haritas\u0131\u201d ortaya koymay\u0131 ama\u00e7l\u0131yor.<\/span><\/p>\n<p>\u00dclkenin gelece\u011fini beraber in\u015fa edece\u011fiz yaz\u0131s\u0131 ilk \u00f6nce K\u0131br\u0131s Hakikat \u00fczerinde ortaya \u00e7\u0131kt\u0131.<\/p>\n","protected":false},"excerpt":{"rendered":"<p>Partiden yap\u0131lan a\u00e7\u0131klamaya g\u00f6re, \u00fclkenin gelece\u011fine ili\u015fkin d\u00fczenlenen ilk \u00e7al\u0131\u015ftayda, ekonomiden kamu y\u00f6netimine, e\u011fitimden sa\u011fl\u0131\u011fa, enerjiden ula\u015f\u0131ma ve sosyal politikalardan kurumsal yap\u0131ya kadar 16 temel ve onlarca alt ba\u015fl\u0131kla ilgili bir araya gelen uzman, siyaset\u00e7i, akademisyen, sivil toplum temsilcisinin \u00e7al\u0131\u015fmalar\u0131 son a\u015famaya geldi. Buna g\u00f6re, \u00e7al\u0131\u015ftay\u0131n ilk g\u00fcn\u00fcnde d\u00fcn \u201cgen\u00e7lik, spor ve e\u011fitim\u201d konu ba\u015fl\u0131klar [&hellip;]<\/p>\n","protected":false},"author":1,"featured_media":35335,"comment_status":"open","ping_status":"open","sticky":false,"template":"","format":"standard","meta":{"jnews-multi-image_gallery":[],"jnews_single_post":[],"jnews_primary_category":[],"footnotes":""},"categories":[1],"tags":[],"class_list":["post-35334","post","type-post","status-publish","format-standard","has-post-thumbnail","hentry","category-kibris"],"yoast_head":"<!-- This site is optimized with the Yoast SEO plugin v27.5 - https:\/\/yoast.com\/product\/yoast-seo-wordpress\/ -->\n<title>\u00dclkenin gelece\u011fini beraber in\u015fa edece\u011fiz - Haber Kuzey<\/title>\n<meta name=\"robots\" content=\"index, follow, max-snippet:-1, max-image-preview:large, max-video-preview:-1\" \/>\n<link rel=\"canonical\" href=\"https:\/\/haberkuzey.com\/index.php\/2026\/03\/15\/ulkenin-gelecegini-beraber-insa-edecegiz\/\" \/>\n<meta property=\"og:locale\" content=\"tr_TR\" \/>\n<meta property=\"og:type\" content=\"article\" \/>\n<meta property=\"og:title\" content=\"\u00dclkenin gelece\u011fini beraber in\u015fa edece\u011fiz - Haber Kuzey\" \/>\n<meta property=\"og:description\" content=\"Partiden yap\u0131lan a\u00e7\u0131klamaya g\u00f6re, \u00fclkenin gelece\u011fine ili\u015fkin d\u00fczenlenen ilk \u00e7al\u0131\u015ftayda, ekonomiden kamu y\u00f6netimine, e\u011fitimden sa\u011fl\u0131\u011fa, enerjiden ula\u015f\u0131ma ve sosyal politikalardan kurumsal yap\u0131ya kadar 16 temel ve onlarca alt ba\u015fl\u0131kla ilgili bir araya gelen uzman, siyaset\u00e7i, akademisyen, sivil toplum temsilcisinin \u00e7al\u0131\u015fmalar\u0131 son a\u015famaya geldi. Buna g\u00f6re, \u00e7al\u0131\u015ftay\u0131n ilk g\u00fcn\u00fcnde d\u00fcn \u201cgen\u00e7lik, spor ve e\u011fitim\u201d konu ba\u015fl\u0131klar [&hellip;]\" \/>\n<meta property=\"og:url\" content=\"https:\/\/haberkuzey.com\/index.php\/2026\/03\/15\/ulkenin-gelecegini-beraber-insa-edecegiz\/\" \/>\n<meta property=\"og:site_name\" content=\"Haber Kuzey\" \/>\n<meta property=\"article:published_time\" content=\"2026-03-15T11:34:33+00:00\" \/>\n<meta name=\"author\" content=\"haberkuzey\" \/>\n<meta name=\"twitter:card\" content=\"summary_large_image\" \/>\n<meta name=\"twitter:label1\" content=\"Yazan:\" \/>\n\t<meta name=\"twitter:data1\" content=\"haberkuzey\" \/>\n\t<meta name=\"twitter:label2\" content=\"Tahmini okuma s\u00fcresi\" \/>\n\t<meta name=\"twitter:data2\" content=\"4 dakika\" \/>\n<script type=\"application\/ld+json\" class=\"yoast-schema-graph\">{\"@context\":\"https:\\\/\\\/schema.org\",\"@graph\":[{\"@type\":\"Article\",\"@id\":\"https:\\\/\\\/haberkuzey.com\\\/index.php\\\/2026\\\/03\\\/15\\\/ulkenin-gelecegini-beraber-insa-edecegiz\\\/#article\",\"isPartOf\":{\"@id\":\"https:\\\/\\\/haberkuzey.com\\\/index.php\\\/2026\\\/03\\\/15\\\/ulkenin-gelecegini-beraber-insa-edecegiz\\\/\"},\"author\":{\"name\":\"haberkuzey\",\"@id\":\"https:\\\/\\\/haberkuzey.com\\\/#\\\/schema\\\/person\\\/3372109ec735f9333f4fa47ebb9605ca\"},\"headline\":\"\u00dclkenin gelece\u011fini beraber in\u015fa edece\u011fiz\",\"datePublished\":\"2026-03-15T11:34:33+00:00\",\"mainEntityOfPage\":{\"@id\":\"https:\\\/\\\/haberkuzey.com\\\/index.php\\\/2026\\\/03\\\/15\\\/ulkenin-gelecegini-beraber-insa-edecegiz\\\/\"},\"wordCount\":815,\"commentCount\":0,\"image\":{\"@id\":\"https:\\\/\\\/haberkuzey.com\\\/index.php\\\/2026\\\/03\\\/15\\\/ulkenin-gelecegini-beraber-insa-edecegiz\\\/#primaryimage\"},\"thumbnailUrl\":\"https:\\\/\\\/haberkuzey.com\\\/wp-content\\\/uploads\\\/2026\\\/03\\\/1773571206999CTP-YOL-HARITASI-7.jpeg\",\"articleSection\":[\"K\u0131br\u0131s\"],\"inLanguage\":\"tr\",\"potentialAction\":[{\"@type\":\"CommentAction\",\"name\":\"Comment\",\"target\":[\"https:\\\/\\\/haberkuzey.com\\\/index.php\\\/2026\\\/03\\\/15\\\/ulkenin-gelecegini-beraber-insa-edecegiz\\\/#respond\"]}]},{\"@type\":\"WebPage\",\"@id\":\"https:\\\/\\\/haberkuzey.com\\\/index.php\\\/2026\\\/03\\\/15\\\/ulkenin-gelecegini-beraber-insa-edecegiz\\\/\",\"url\":\"https:\\\/\\\/haberkuzey.com\\\/index.php\\\/2026\\\/03\\\/15\\\/ulkenin-gelecegini-beraber-insa-edecegiz\\\/\",\"name\":\"\u00dclkenin gelece\u011fini beraber in\u015fa edece\u011fiz - Haber Kuzey\",\"isPartOf\":{\"@id\":\"https:\\\/\\\/haberkuzey.com\\\/#website\"},\"primaryImageOfPage\":{\"@id\":\"https:\\\/\\\/haberkuzey.com\\\/index.php\\\/2026\\\/03\\\/15\\\/ulkenin-gelecegini-beraber-insa-edecegiz\\\/#primaryimage\"},\"image\":{\"@id\":\"https:\\\/\\\/haberkuzey.com\\\/index.php\\\/2026\\\/03\\\/15\\\/ulkenin-gelecegini-beraber-insa-edecegiz\\\/#primaryimage\"},\"thumbnailUrl\":\"https:\\\/\\\/haberkuzey.com\\\/wp-content\\\/uploads\\\/2026\\\/03\\\/1773571206999CTP-YOL-HARITASI-7.jpeg\",\"datePublished\":\"2026-03-15T11:34:33+00:00\",\"author\":{\"@id\":\"https:\\\/\\\/haberkuzey.com\\\/#\\\/schema\\\/person\\\/3372109ec735f9333f4fa47ebb9605ca\"},\"breadcrumb\":{\"@id\":\"https:\\\/\\\/haberkuzey.com\\\/index.php\\\/2026\\\/03\\\/15\\\/ulkenin-gelecegini-beraber-insa-edecegiz\\\/#breadcrumb\"},\"inLanguage\":\"tr\",\"potentialAction\":[{\"@type\":\"ReadAction\",\"target\":[\"https:\\\/\\\/haberkuzey.com\\\/index.php\\\/2026\\\/03\\\/15\\\/ulkenin-gelecegini-beraber-insa-edecegiz\\\/\"]}]},{\"@type\":\"ImageObject\",\"inLanguage\":\"tr\",\"@id\":\"https:\\\/\\\/haberkuzey.com\\\/index.php\\\/2026\\\/03\\\/15\\\/ulkenin-gelecegini-beraber-insa-edecegiz\\\/#primaryimage\",\"url\":\"https:\\\/\\\/haberkuzey.com\\\/wp-content\\\/uploads\\\/2026\\\/03\\\/1773571206999CTP-YOL-HARITASI-7.jpeg\",\"contentUrl\":\"https:\\\/\\\/haberkuzey.com\\\/wp-content\\\/uploads\\\/2026\\\/03\\\/1773571206999CTP-YOL-HARITASI-7.jpeg\",\"width\":2560,\"height\":1706},{\"@type\":\"BreadcrumbList\",\"@id\":\"https:\\\/\\\/haberkuzey.com\\\/index.php\\\/2026\\\/03\\\/15\\\/ulkenin-gelecegini-beraber-insa-edecegiz\\\/#breadcrumb\",\"itemListElement\":[{\"@type\":\"ListItem\",\"position\":1,\"name\":\"Anasayfa\",\"item\":\"https:\\\/\\\/haberkuzey.com\\\/\"},{\"@type\":\"ListItem\",\"position\":2,\"name\":\"\u00dclkenin gelece\u011fini beraber in\u015fa edece\u011fiz\"}]},{\"@type\":\"WebSite\",\"@id\":\"https:\\\/\\\/haberkuzey.com\\\/#website\",\"url\":\"https:\\\/\\\/haberkuzey.com\\\/\",\"name\":\"Haber Kuzey\",\"description\":\"Do\u011fru Haberin Adresi\",\"potentialAction\":[{\"@type\":\"SearchAction\",\"target\":{\"@type\":\"EntryPoint\",\"urlTemplate\":\"https:\\\/\\\/haberkuzey.com\\\/?s={search_term_string}\"},\"query-input\":{\"@type\":\"PropertyValueSpecification\",\"valueRequired\":true,\"valueName\":\"search_term_string\"}}],\"inLanguage\":\"tr\"},{\"@type\":\"Person\",\"@id\":\"https:\\\/\\\/haberkuzey.com\\\/#\\\/schema\\\/person\\\/3372109ec735f9333f4fa47ebb9605ca\",\"name\":\"haberkuzey\",\"image\":{\"@type\":\"ImageObject\",\"inLanguage\":\"tr\",\"@id\":\"https:\\\/\\\/secure.gravatar.com\\\/avatar\\\/f5fc875574b1575324358c3b9e6a32b8227aa5b74f3fa22e3cadb63e26fcc39c?s=96&d=mm&r=g\",\"url\":\"https:\\\/\\\/secure.gravatar.com\\\/avatar\\\/f5fc875574b1575324358c3b9e6a32b8227aa5b74f3fa22e3cadb63e26fcc39c?s=96&d=mm&r=g\",\"contentUrl\":\"https:\\\/\\\/secure.gravatar.com\\\/avatar\\\/f5fc875574b1575324358c3b9e6a32b8227aa5b74f3fa22e3cadb63e26fcc39c?s=96&d=mm&r=g\",\"caption\":\"haberkuzey\"},\"sameAs\":[\"https:\\\/\\\/haberkuzey.com\"],\"url\":\"https:\\\/\\\/haberkuzey.com\\\/index.php\\\/author\\\/haberkuzey\\\/\"}]}<\/script>\n<!-- \/ Yoast SEO plugin. -->","yoast_head_json":{"title":"\u00dclkenin gelece\u011fini beraber in\u015fa edece\u011fiz - Haber Kuzey","robots":{"index":"index","follow":"follow","max-snippet":"max-snippet:-1","max-image-preview":"max-image-preview:large","max-video-preview":"max-video-preview:-1"},"canonical":"https:\/\/haberkuzey.com\/index.php\/2026\/03\/15\/ulkenin-gelecegini-beraber-insa-edecegiz\/","og_locale":"tr_TR","og_type":"article","og_title":"\u00dclkenin gelece\u011fini beraber in\u015fa edece\u011fiz - Haber Kuzey","og_description":"Partiden yap\u0131lan a\u00e7\u0131klamaya g\u00f6re, \u00fclkenin gelece\u011fine ili\u015fkin d\u00fczenlenen ilk \u00e7al\u0131\u015ftayda, ekonomiden kamu y\u00f6netimine, e\u011fitimden sa\u011fl\u0131\u011fa, enerjiden ula\u015f\u0131ma ve sosyal politikalardan kurumsal yap\u0131ya kadar 16 temel ve onlarca alt ba\u015fl\u0131kla ilgili bir araya gelen uzman, siyaset\u00e7i, akademisyen, sivil toplum temsilcisinin \u00e7al\u0131\u015fmalar\u0131 son a\u015famaya geldi. Buna g\u00f6re, \u00e7al\u0131\u015ftay\u0131n ilk g\u00fcn\u00fcnde d\u00fcn \u201cgen\u00e7lik, spor ve e\u011fitim\u201d konu ba\u015fl\u0131klar [&hellip;]","og_url":"https:\/\/haberkuzey.com\/index.php\/2026\/03\/15\/ulkenin-gelecegini-beraber-insa-edecegiz\/","og_site_name":"Haber Kuzey","article_published_time":"2026-03-15T11:34:33+00:00","author":"haberkuzey","twitter_card":"summary_large_image","twitter_misc":{"Yazan:":"haberkuzey","Tahmini okuma s\u00fcresi":"4 dakika"},"schema":{"@context":"https:\/\/schema.org","@graph":[{"@type":"Article","@id":"https:\/\/haberkuzey.com\/index.php\/2026\/03\/15\/ulkenin-gelecegini-beraber-insa-edecegiz\/#article","isPartOf":{"@id":"https:\/\/haberkuzey.com\/index.php\/2026\/03\/15\/ulkenin-gelecegini-beraber-insa-edecegiz\/"},"author":{"name":"haberkuzey","@id":"https:\/\/haberkuzey.com\/#\/schema\/person\/3372109ec735f9333f4fa47ebb9605ca"},"headline":"\u00dclkenin gelece\u011fini beraber in\u015fa edece\u011fiz","datePublished":"2026-03-15T11:34:33+00:00","mainEntityOfPage":{"@id":"https:\/\/haberkuzey.com\/index.php\/2026\/03\/15\/ulkenin-gelecegini-beraber-insa-edecegiz\/"},"wordCount":815,"commentCount":0,"image":{"@id":"https:\/\/haberkuzey.com\/index.php\/2026\/03\/15\/ulkenin-gelecegini-beraber-insa-edecegiz\/#primaryimage"},"thumbnailUrl":"https:\/\/haberkuzey.com\/wp-content\/uploads\/2026\/03\/1773571206999CTP-YOL-HARITASI-7.jpeg","articleSection":["K\u0131br\u0131s"],"inLanguage":"tr","potentialAction":[{"@type":"CommentAction","name":"Comment","target":["https:\/\/haberkuzey.com\/index.php\/2026\/03\/15\/ulkenin-gelecegini-beraber-insa-edecegiz\/#respond"]}]},{"@type":"WebPage","@id":"https:\/\/haberkuzey.com\/index.php\/2026\/03\/15\/ulkenin-gelecegini-beraber-insa-edecegiz\/","url":"https:\/\/haberkuzey.com\/index.php\/2026\/03\/15\/ulkenin-gelecegini-beraber-insa-edecegiz\/","name":"\u00dclkenin gelece\u011fini beraber in\u015fa edece\u011fiz - Haber Kuzey","isPartOf":{"@id":"https:\/\/haberkuzey.com\/#website"},"primaryImageOfPage":{"@id":"https:\/\/haberkuzey.com\/index.php\/2026\/03\/15\/ulkenin-gelecegini-beraber-insa-edecegiz\/#primaryimage"},"image":{"@id":"https:\/\/haberkuzey.com\/index.php\/2026\/03\/15\/ulkenin-gelecegini-beraber-insa-edecegiz\/#primaryimage"},"thumbnailUrl":"https:\/\/haberkuzey.com\/wp-content\/uploads\/2026\/03\/1773571206999CTP-YOL-HARITASI-7.jpeg","datePublished":"2026-03-15T11:34:33+00:00","author":{"@id":"https:\/\/haberkuzey.com\/#\/schema\/person\/3372109ec735f9333f4fa47ebb9605ca"},"breadcrumb":{"@id":"https:\/\/haberkuzey.com\/index.php\/2026\/03\/15\/ulkenin-gelecegini-beraber-insa-edecegiz\/#breadcrumb"},"inLanguage":"tr","potentialAction":[{"@type":"ReadAction","target":["https:\/\/haberkuzey.com\/index.php\/2026\/03\/15\/ulkenin-gelecegini-beraber-insa-edecegiz\/"]}]},{"@type":"ImageObject","inLanguage":"tr","@id":"https:\/\/haberkuzey.com\/index.php\/2026\/03\/15\/ulkenin-gelecegini-beraber-insa-edecegiz\/#primaryimage","url":"https:\/\/haberkuzey.com\/wp-content\/uploads\/2026\/03\/1773571206999CTP-YOL-HARITASI-7.jpeg","contentUrl":"https:\/\/haberkuzey.com\/wp-content\/uploads\/2026\/03\/1773571206999CTP-YOL-HARITASI-7.jpeg","width":2560,"height":1706},{"@type":"BreadcrumbList","@id":"https:\/\/haberkuzey.com\/index.php\/2026\/03\/15\/ulkenin-gelecegini-beraber-insa-edecegiz\/#breadcrumb","itemListElement":[{"@type":"ListItem","position":1,"name":"Anasayfa","item":"https:\/\/haberkuzey.com\/"},{"@type":"ListItem","position":2,"name":"\u00dclkenin gelece\u011fini beraber in\u015fa edece\u011fiz"}]},{"@type":"WebSite","@id":"https:\/\/haberkuzey.com\/#website","url":"https:\/\/haberkuzey.com\/","name":"Haber Kuzey","description":"Do\u011fru Haberin Adresi","potentialAction":[{"@type":"SearchAction","target":{"@type":"EntryPoint","urlTemplate":"https:\/\/haberkuzey.com\/?s={search_term_string}"},"query-input":{"@type":"PropertyValueSpecification","valueRequired":true,"valueName":"search_term_string"}}],"inLanguage":"tr"},{"@type":"Person","@id":"https:\/\/haberkuzey.com\/#\/schema\/person\/3372109ec735f9333f4fa47ebb9605ca","name":"haberkuzey","image":{"@type":"ImageObject","inLanguage":"tr","@id":"https:\/\/secure.gravatar.com\/avatar\/f5fc875574b1575324358c3b9e6a32b8227aa5b74f3fa22e3cadb63e26fcc39c?s=96&d=mm&r=g","url":"https:\/\/secure.gravatar.com\/avatar\/f5fc875574b1575324358c3b9e6a32b8227aa5b74f3fa22e3cadb63e26fcc39c?s=96&d=mm&r=g","contentUrl":"https:\/\/secure.gravatar.com\/avatar\/f5fc875574b1575324358c3b9e6a32b8227aa5b74f3fa22e3cadb63e26fcc39c?s=96&d=mm&r=g","caption":"haberkuzey"},"sameAs":["https:\/\/haberkuzey.com"],"url":"https:\/\/haberkuzey.com\/index.php\/author\/haberkuzey\/"}]}},"_links":{"self":[{"href":"https:\/\/haberkuzey.com\/index.php\/wp-json\/wp\/v2\/posts\/35334","targetHints":{"allow":["GET"]}}],"collection":[{"href":"https:\/\/haberkuzey.com\/index.php\/wp-json\/wp\/v2\/posts"}],"about":[{"href":"https:\/\/haberkuzey.com\/index.php\/wp-json\/wp\/v2\/types\/post"}],"author":[{"embeddable":true,"href":"https:\/\/haberkuzey.com\/index.php\/wp-json\/wp\/v2\/users\/1"}],"replies":[{"embeddable":true,"href":"https:\/\/haberkuzey.com\/index.php\/wp-json\/wp\/v2\/comments?post=35334"}],"version-history":[{"count":0,"href":"https:\/\/haberkuzey.com\/index.php\/wp-json\/wp\/v2\/posts\/35334\/revisions"}],"wp:featuredmedia":[{"embeddable":true,"href":"https:\/\/haberkuzey.com\/index.php\/wp-json\/wp\/v2\/media\/35335"}],"wp:attachment":[{"href":"https:\/\/haberkuzey.com\/index.php\/wp-json\/wp\/v2\/media?parent=35334"}],"wp:term":[{"taxonomy":"category","embeddable":true,"href":"https:\/\/haberkuzey.com\/index.php\/wp-json\/wp\/v2\/categories?post=35334"},{"taxonomy":"post_tag","embeddable":true,"href":"https:\/\/haberkuzey.com\/index.php\/wp-json\/wp\/v2\/tags?post=35334"}],"curies":[{"name":"wp","href":"https:\/\/api.w.org\/{rel}","templated":true}]}}