{"id":35328,"date":"2026-03-15T13:14:44","date_gmt":"2026-03-15T11:14:44","guid":{"rendered":"https:\/\/haberkuzey.com\/index.php\/2026\/03\/15\/ozturklerden-rum-yonetimine-sert-tepki-siz-kimsiniz-de-turkiye-sizden-izin-alsin\/"},"modified":"2026-03-15T13:14:44","modified_gmt":"2026-03-15T11:14:44","slug":"ozturklerden-rum-yonetimine-sert-tepki-siz-kimsiniz-de-turkiye-sizden-izin-alsin","status":"publish","type":"post","link":"https:\/\/haberkuzey.com\/index.php\/2026\/03\/15\/ozturklerden-rum-yonetimine-sert-tepki-siz-kimsiniz-de-turkiye-sizden-izin-alsin\/","title":{"rendered":"\u00d6ZT\u00dcRKLER\u2019DEN RUM Y\u00d6NET\u0130M\u0130NE SERT TEPK\u0130: \u201cS\u0130Z K\u0130MS\u0130N\u0130Z DE T\u00dcRK\u0130YE S\u0130ZDEN \u0130Z\u0130N ALSIN\u201d"},"content":{"rendered":"<p>Rum y\u00f6netiminin T\u00fcrk askerinin adadaki varl\u0131\u011f\u0131n\u0131 tart\u0131\u015fmaya a\u00e7an a\u00e7\u0131klamalar\u0131na sert tepki g\u00f6steren \u00d6zt\u00fcrkler, \u201cSiz kimsiniz? 1974\u2019te T\u00fcrk jetleri adaya geldi\u011finde K\u0131br\u0131s T\u00fcrk halk\u0131n\u0131 korumak i\u00e7in sizden izin mi ald\u0131? Bug\u00fcn de izin alacak de\u011fildir. Bu hadsizliklerin son bulmas\u0131 gerekir\u201d dedi.<br \/>\n\u00d6zt\u00fcrkler, \u201cOnlar\u0131n T\u00fcrk askerini tart\u0131\u015fmaya hakk\u0131 yoktur. K\u0131br\u0131s T\u00fcrk halk\u0131, T\u00fcrk askerini ve T\u00fcrkiye\u2019nin garant\u00f6rl\u00fc\u011f\u00fcn\u00fc tart\u0131\u015ft\u0131rmaz\u201d ifadelerini kulland\u0131.<br \/>\nT\u00fcrkiye\u2019nin F-16\u2019lar\u0131n\u0131 KKTC\u2019ye g\u00f6ndermesinin yaln\u0131zca askeri bir hamle olmad\u0131\u011f\u0131n\u0131, ayn\u0131 zamanda tarihsel ve manevi ba\u011flar\u0131n g\u00fc\u00e7l\u00fc bir hat\u0131rlatmas\u0131 oldu\u011funu belirten \u00d6zt\u00fcrkler, \u201cMehmet\u00e7ik ve M\u00fccahit\u2019in ortak m\u00fccadelesi, d\u00f6k\u00fclen kanlar ve verilen \u015fehitler bu topraklar\u0131n T\u00fcrk kalmas\u0131n\u0131 sa\u011flam\u0131\u015ft\u0131r\u201d dedi.<br \/>\n\u00d6zt\u00fcrkler, G\u00fcney K\u0131br\u0131s Rum Y\u00f6netimi\u2019nin \u0130srail ve ABD ile kurdu\u011fu yak\u0131n ili\u015fkilerin, ciddi silahlanma harcamalar\u0131n\u0131n ve aday\u0131 bir sava\u015f alan\u0131na d\u00f6n\u00fc\u015ft\u00fcrme \u00e7abalar\u0131n\u0131n b\u00f6lgedeki dengeleri bozdu\u011funu s\u00f6yledi.<br \/>\nRum lider Hristolidis\u2019in \u00fclkesinin egemenli\u011fini d\u0131\u015f g\u00fc\u00e7lerin \u00e7\u0131karlar\u0131 do\u011frultusunda \u201cadeta satt\u0131\u011f\u0131n\u0131\u201d ifade etti.<br \/>\nT\u00fcrk askerinin adadaki varl\u0131\u011f\u0131n\u0131n hem KKTC hem de G\u00fcney K\u0131br\u0131s i\u00e7in bar\u0131\u015f\u0131n teminat\u0131 oldu\u011funu vurgulayan \u00d6zt\u00fcrkler, \u201cT\u00fcrk askerinin varl\u0131\u011f\u0131 d\u00fc\u015fmana korku verir, bu korku da yanl\u0131\u015f hareketlerin \u00f6n\u00fcne ge\u00e7er. \u00c7\u00fcnk\u00fc kar\u015f\u0131lar\u0131nda g\u00fc\u00e7l\u00fc bir T\u00fcrkiye Cumhuriyeti vard\u0131r\u201d diye konu\u015ftu.<br \/>\nCumhurba\u015fkan\u0131 Recep Tayyip Erdo\u011fan\u2019\u0131n \u201cMilli dava s\u00f6z konusuysa herkesin ismi farkl\u0131 olabilir ama hepimizin soyad\u0131 Kuzey K\u0131br\u0131s T\u00fcrk Cumhuriyeti\u2019dir\u201d s\u00f6zlerini hat\u0131rlatan \u00d6zt\u00fcrkler, T\u00fcrkiye\u2019de milli meselelerde t\u00fcm siyasi g\u00f6r\u00fc\u015flerin birle\u015fti\u011fini, KKTC\u2019de de ayn\u0131 birlik ruhunun g\u00fc\u00e7lendi\u011fini s\u00f6yledi.<\/p>\n<p>\u00d6ZT\u00dcRKLER\u2019DEN RUM Y\u00d6NET\u0130M\u0130NE SERT TEPK\u0130: \u201cS\u0130Z K\u0130MS\u0130N\u0130Z DE T\u00dcRK\u0130YE S\u0130ZDEN \u0130Z\u0130N ALSIN\u201d yaz\u0131s\u0131 ilk \u00f6nce K\u0131br\u0131s Hakikat \u00fczerinde ortaya \u00e7\u0131kt\u0131.<\/p>\n","protected":false},"excerpt":{"rendered":"<p>Rum y\u00f6netiminin T\u00fcrk askerinin adadaki varl\u0131\u011f\u0131n\u0131 tart\u0131\u015fmaya a\u00e7an a\u00e7\u0131klamalar\u0131na sert tepki g\u00f6steren \u00d6zt\u00fcrkler, \u201cSiz kimsiniz? 1974\u2019te T\u00fcrk jetleri adaya geldi\u011finde K\u0131br\u0131s T\u00fcrk halk\u0131n\u0131 korumak i\u00e7in sizden izin mi ald\u0131? Bug\u00fcn de izin alacak de\u011fildir. Bu hadsizliklerin son bulmas\u0131 gerekir\u201d dedi. \u00d6zt\u00fcrkler, \u201cOnlar\u0131n T\u00fcrk askerini tart\u0131\u015fmaya hakk\u0131 yoktur. K\u0131br\u0131s T\u00fcrk halk\u0131, T\u00fcrk askerini ve T\u00fcrkiye\u2019nin garant\u00f6rl\u00fc\u011f\u00fcn\u00fc [&hellip;]<\/p>\n","protected":false},"author":1,"featured_media":35329,"comment_status":"open","ping_status":"open","sticky":false,"template":"","format":"standard","meta":{"jnews-multi-image_gallery":[],"jnews_single_post":[],"jnews_primary_category":[],"footnotes":""},"categories":[1],"tags":[],"class_list":["post-35328","post","type-post","status-publish","format-standard","has-post-thumbnail","hentry","category-kibris"],"yoast_head":"<!-- This site is optimized with the Yoast SEO plugin v27.5 - https:\/\/yoast.com\/product\/yoast-seo-wordpress\/ -->\n<title>\u00d6ZT\u00dcRKLER\u2019DEN RUM Y\u00d6NET\u0130M\u0130NE SERT TEPK\u0130: \u201cS\u0130Z K\u0130MS\u0130N\u0130Z DE T\u00dcRK\u0130YE S\u0130ZDEN \u0130Z\u0130N ALSIN\u201d - Haber Kuzey<\/title>\n<meta name=\"robots\" content=\"index, follow, max-snippet:-1, max-image-preview:large, max-video-preview:-1\" \/>\n<link rel=\"canonical\" href=\"https:\/\/haberkuzey.com\/index.php\/2026\/03\/15\/ozturklerden-rum-yonetimine-sert-tepki-siz-kimsiniz-de-turkiye-sizden-izin-alsin\/\" \/>\n<meta property=\"og:locale\" content=\"tr_TR\" \/>\n<meta property=\"og:type\" content=\"article\" \/>\n<meta property=\"og:title\" content=\"\u00d6ZT\u00dcRKLER\u2019DEN RUM Y\u00d6NET\u0130M\u0130NE SERT TEPK\u0130: \u201cS\u0130Z K\u0130MS\u0130N\u0130Z DE T\u00dcRK\u0130YE S\u0130ZDEN \u0130Z\u0130N ALSIN\u201d - Haber Kuzey\" \/>\n<meta property=\"og:description\" content=\"Rum y\u00f6netiminin T\u00fcrk askerinin adadaki varl\u0131\u011f\u0131n\u0131 tart\u0131\u015fmaya a\u00e7an a\u00e7\u0131klamalar\u0131na sert tepki g\u00f6steren \u00d6zt\u00fcrkler, \u201cSiz kimsiniz? 1974\u2019te T\u00fcrk jetleri adaya geldi\u011finde K\u0131br\u0131s T\u00fcrk halk\u0131n\u0131 korumak i\u00e7in sizden izin mi ald\u0131? Bug\u00fcn de izin alacak de\u011fildir. Bu hadsizliklerin son bulmas\u0131 gerekir\u201d dedi. \u00d6zt\u00fcrkler, \u201cOnlar\u0131n T\u00fcrk askerini tart\u0131\u015fmaya hakk\u0131 yoktur. K\u0131br\u0131s T\u00fcrk halk\u0131, T\u00fcrk askerini ve T\u00fcrkiye\u2019nin garant\u00f6rl\u00fc\u011f\u00fcn\u00fc [&hellip;]\" \/>\n<meta property=\"og:url\" content=\"https:\/\/haberkuzey.com\/index.php\/2026\/03\/15\/ozturklerden-rum-yonetimine-sert-tepki-siz-kimsiniz-de-turkiye-sizden-izin-alsin\/\" \/>\n<meta property=\"og:site_name\" content=\"Haber Kuzey\" \/>\n<meta property=\"article:published_time\" content=\"2026-03-15T11:14:44+00:00\" \/>\n<meta name=\"author\" content=\"haberkuzey\" \/>\n<meta name=\"twitter:card\" content=\"summary_large_image\" \/>\n<meta name=\"twitter:label1\" content=\"Yazan:\" \/>\n\t<meta name=\"twitter:data1\" content=\"haberkuzey\" \/>\n\t<meta name=\"twitter:label2\" content=\"Tahmini okuma s\u00fcresi\" \/>\n\t<meta name=\"twitter:data2\" content=\"2 dakika\" \/>\n<script type=\"application\/ld+json\" class=\"yoast-schema-graph\">{\"@context\":\"https:\\\/\\\/schema.org\",\"@graph\":[{\"@type\":\"Article\",\"@id\":\"https:\\\/\\\/haberkuzey.com\\\/index.php\\\/2026\\\/03\\\/15\\\/ozturklerden-rum-yonetimine-sert-tepki-siz-kimsiniz-de-turkiye-sizden-izin-alsin\\\/#article\",\"isPartOf\":{\"@id\":\"https:\\\/\\\/haberkuzey.com\\\/index.php\\\/2026\\\/03\\\/15\\\/ozturklerden-rum-yonetimine-sert-tepki-siz-kimsiniz-de-turkiye-sizden-izin-alsin\\\/\"},\"author\":{\"name\":\"haberkuzey\",\"@id\":\"https:\\\/\\\/haberkuzey.com\\\/#\\\/schema\\\/person\\\/3372109ec735f9333f4fa47ebb9605ca\"},\"headline\":\"\u00d6ZT\u00dcRKLER\u2019DEN RUM Y\u00d6NET\u0130M\u0130NE SERT TEPK\u0130: \u201cS\u0130Z K\u0130MS\u0130N\u0130Z DE T\u00dcRK\u0130YE S\u0130ZDEN \u0130Z\u0130N ALSIN\u201d\",\"datePublished\":\"2026-03-15T11:14:44+00:00\",\"mainEntityOfPage\":{\"@id\":\"https:\\\/\\\/haberkuzey.com\\\/index.php\\\/2026\\\/03\\\/15\\\/ozturklerden-rum-yonetimine-sert-tepki-siz-kimsiniz-de-turkiye-sizden-izin-alsin\\\/\"},\"wordCount\":394,\"commentCount\":0,\"image\":{\"@id\":\"https:\\\/\\\/haberkuzey.com\\\/index.php\\\/2026\\\/03\\\/15\\\/ozturklerden-rum-yonetimine-sert-tepki-siz-kimsiniz-de-turkiye-sizden-izin-alsin\\\/#primaryimage\"},\"thumbnailUrl\":\"https:\\\/\\\/haberkuzey.com\\\/wp-content\\\/uploads\\\/2026\\\/03\\\/c8b7144c-60df-4969-9080-ec433df28402.jpg\",\"articleSection\":[\"K\u0131br\u0131s\"],\"inLanguage\":\"tr\",\"potentialAction\":[{\"@type\":\"CommentAction\",\"name\":\"Comment\",\"target\":[\"https:\\\/\\\/haberkuzey.com\\\/index.php\\\/2026\\\/03\\\/15\\\/ozturklerden-rum-yonetimine-sert-tepki-siz-kimsiniz-de-turkiye-sizden-izin-alsin\\\/#respond\"]}]},{\"@type\":\"WebPage\",\"@id\":\"https:\\\/\\\/haberkuzey.com\\\/index.php\\\/2026\\\/03\\\/15\\\/ozturklerden-rum-yonetimine-sert-tepki-siz-kimsiniz-de-turkiye-sizden-izin-alsin\\\/\",\"url\":\"https:\\\/\\\/haberkuzey.com\\\/index.php\\\/2026\\\/03\\\/15\\\/ozturklerden-rum-yonetimine-sert-tepki-siz-kimsiniz-de-turkiye-sizden-izin-alsin\\\/\",\"name\":\"\u00d6ZT\u00dcRKLER\u2019DEN RUM Y\u00d6NET\u0130M\u0130NE SERT TEPK\u0130: \u201cS\u0130Z K\u0130MS\u0130N\u0130Z DE T\u00dcRK\u0130YE S\u0130ZDEN \u0130Z\u0130N ALSIN\u201d - Haber Kuzey\",\"isPartOf\":{\"@id\":\"https:\\\/\\\/haberkuzey.com\\\/#website\"},\"primaryImageOfPage\":{\"@id\":\"https:\\\/\\\/haberkuzey.com\\\/index.php\\\/2026\\\/03\\\/15\\\/ozturklerden-rum-yonetimine-sert-tepki-siz-kimsiniz-de-turkiye-sizden-izin-alsin\\\/#primaryimage\"},\"image\":{\"@id\":\"https:\\\/\\\/haberkuzey.com\\\/index.php\\\/2026\\\/03\\\/15\\\/ozturklerden-rum-yonetimine-sert-tepki-siz-kimsiniz-de-turkiye-sizden-izin-alsin\\\/#primaryimage\"},\"thumbnailUrl\":\"https:\\\/\\\/haberkuzey.com\\\/wp-content\\\/uploads\\\/2026\\\/03\\\/c8b7144c-60df-4969-9080-ec433df28402.jpg\",\"datePublished\":\"2026-03-15T11:14:44+00:00\",\"author\":{\"@id\":\"https:\\\/\\\/haberkuzey.com\\\/#\\\/schema\\\/person\\\/3372109ec735f9333f4fa47ebb9605ca\"},\"breadcrumb\":{\"@id\":\"https:\\\/\\\/haberkuzey.com\\\/index.php\\\/2026\\\/03\\\/15\\\/ozturklerden-rum-yonetimine-sert-tepki-siz-kimsiniz-de-turkiye-sizden-izin-alsin\\\/#breadcrumb\"},\"inLanguage\":\"tr\",\"potentialAction\":[{\"@type\":\"ReadAction\",\"target\":[\"https:\\\/\\\/haberkuzey.com\\\/index.php\\\/2026\\\/03\\\/15\\\/ozturklerden-rum-yonetimine-sert-tepki-siz-kimsiniz-de-turkiye-sizden-izin-alsin\\\/\"]}]},{\"@type\":\"ImageObject\",\"inLanguage\":\"tr\",\"@id\":\"https:\\\/\\\/haberkuzey.com\\\/index.php\\\/2026\\\/03\\\/15\\\/ozturklerden-rum-yonetimine-sert-tepki-siz-kimsiniz-de-turkiye-sizden-izin-alsin\\\/#primaryimage\",\"url\":\"https:\\\/\\\/haberkuzey.com\\\/wp-content\\\/uploads\\\/2026\\\/03\\\/c8b7144c-60df-4969-9080-ec433df28402.jpg\",\"contentUrl\":\"https:\\\/\\\/haberkuzey.com\\\/wp-content\\\/uploads\\\/2026\\\/03\\\/c8b7144c-60df-4969-9080-ec433df28402.jpg\",\"width\":1280,\"height\":720},{\"@type\":\"BreadcrumbList\",\"@id\":\"https:\\\/\\\/haberkuzey.com\\\/index.php\\\/2026\\\/03\\\/15\\\/ozturklerden-rum-yonetimine-sert-tepki-siz-kimsiniz-de-turkiye-sizden-izin-alsin\\\/#breadcrumb\",\"itemListElement\":[{\"@type\":\"ListItem\",\"position\":1,\"name\":\"Anasayfa\",\"item\":\"https:\\\/\\\/haberkuzey.com\\\/\"},{\"@type\":\"ListItem\",\"position\":2,\"name\":\"\u00d6ZT\u00dcRKLER\u2019DEN RUM Y\u00d6NET\u0130M\u0130NE SERT TEPK\u0130: \u201cS\u0130Z K\u0130MS\u0130N\u0130Z DE T\u00dcRK\u0130YE S\u0130ZDEN \u0130Z\u0130N ALSIN\u201d\"}]},{\"@type\":\"WebSite\",\"@id\":\"https:\\\/\\\/haberkuzey.com\\\/#website\",\"url\":\"https:\\\/\\\/haberkuzey.com\\\/\",\"name\":\"Haber Kuzey\",\"description\":\"Do\u011fru Haberin Adresi\",\"potentialAction\":[{\"@type\":\"SearchAction\",\"target\":{\"@type\":\"EntryPoint\",\"urlTemplate\":\"https:\\\/\\\/haberkuzey.com\\\/?s={search_term_string}\"},\"query-input\":{\"@type\":\"PropertyValueSpecification\",\"valueRequired\":true,\"valueName\":\"search_term_string\"}}],\"inLanguage\":\"tr\"},{\"@type\":\"Person\",\"@id\":\"https:\\\/\\\/haberkuzey.com\\\/#\\\/schema\\\/person\\\/3372109ec735f9333f4fa47ebb9605ca\",\"name\":\"haberkuzey\",\"image\":{\"@type\":\"ImageObject\",\"inLanguage\":\"tr\",\"@id\":\"https:\\\/\\\/secure.gravatar.com\\\/avatar\\\/f5fc875574b1575324358c3b9e6a32b8227aa5b74f3fa22e3cadb63e26fcc39c?s=96&d=mm&r=g\",\"url\":\"https:\\\/\\\/secure.gravatar.com\\\/avatar\\\/f5fc875574b1575324358c3b9e6a32b8227aa5b74f3fa22e3cadb63e26fcc39c?s=96&d=mm&r=g\",\"contentUrl\":\"https:\\\/\\\/secure.gravatar.com\\\/avatar\\\/f5fc875574b1575324358c3b9e6a32b8227aa5b74f3fa22e3cadb63e26fcc39c?s=96&d=mm&r=g\",\"caption\":\"haberkuzey\"},\"sameAs\":[\"https:\\\/\\\/haberkuzey.com\"],\"url\":\"https:\\\/\\\/haberkuzey.com\\\/index.php\\\/author\\\/haberkuzey\\\/\"}]}<\/script>\n<!-- \/ Yoast SEO plugin. -->","yoast_head_json":{"title":"\u00d6ZT\u00dcRKLER\u2019DEN RUM Y\u00d6NET\u0130M\u0130NE SERT TEPK\u0130: \u201cS\u0130Z K\u0130MS\u0130N\u0130Z DE T\u00dcRK\u0130YE S\u0130ZDEN \u0130Z\u0130N ALSIN\u201d - Haber Kuzey","robots":{"index":"index","follow":"follow","max-snippet":"max-snippet:-1","max-image-preview":"max-image-preview:large","max-video-preview":"max-video-preview:-1"},"canonical":"https:\/\/haberkuzey.com\/index.php\/2026\/03\/15\/ozturklerden-rum-yonetimine-sert-tepki-siz-kimsiniz-de-turkiye-sizden-izin-alsin\/","og_locale":"tr_TR","og_type":"article","og_title":"\u00d6ZT\u00dcRKLER\u2019DEN RUM Y\u00d6NET\u0130M\u0130NE SERT TEPK\u0130: \u201cS\u0130Z K\u0130MS\u0130N\u0130Z DE T\u00dcRK\u0130YE S\u0130ZDEN \u0130Z\u0130N ALSIN\u201d - Haber Kuzey","og_description":"Rum y\u00f6netiminin T\u00fcrk askerinin adadaki varl\u0131\u011f\u0131n\u0131 tart\u0131\u015fmaya a\u00e7an a\u00e7\u0131klamalar\u0131na sert tepki g\u00f6steren \u00d6zt\u00fcrkler, \u201cSiz kimsiniz? 1974\u2019te T\u00fcrk jetleri adaya geldi\u011finde K\u0131br\u0131s T\u00fcrk halk\u0131n\u0131 korumak i\u00e7in sizden izin mi ald\u0131? Bug\u00fcn de izin alacak de\u011fildir. Bu hadsizliklerin son bulmas\u0131 gerekir\u201d dedi. \u00d6zt\u00fcrkler, \u201cOnlar\u0131n T\u00fcrk askerini tart\u0131\u015fmaya hakk\u0131 yoktur. K\u0131br\u0131s T\u00fcrk halk\u0131, T\u00fcrk askerini ve T\u00fcrkiye\u2019nin garant\u00f6rl\u00fc\u011f\u00fcn\u00fc [&hellip;]","og_url":"https:\/\/haberkuzey.com\/index.php\/2026\/03\/15\/ozturklerden-rum-yonetimine-sert-tepki-siz-kimsiniz-de-turkiye-sizden-izin-alsin\/","og_site_name":"Haber Kuzey","article_published_time":"2026-03-15T11:14:44+00:00","author":"haberkuzey","twitter_card":"summary_large_image","twitter_misc":{"Yazan:":"haberkuzey","Tahmini okuma s\u00fcresi":"2 dakika"},"schema":{"@context":"https:\/\/schema.org","@graph":[{"@type":"Article","@id":"https:\/\/haberkuzey.com\/index.php\/2026\/03\/15\/ozturklerden-rum-yonetimine-sert-tepki-siz-kimsiniz-de-turkiye-sizden-izin-alsin\/#article","isPartOf":{"@id":"https:\/\/haberkuzey.com\/index.php\/2026\/03\/15\/ozturklerden-rum-yonetimine-sert-tepki-siz-kimsiniz-de-turkiye-sizden-izin-alsin\/"},"author":{"name":"haberkuzey","@id":"https:\/\/haberkuzey.com\/#\/schema\/person\/3372109ec735f9333f4fa47ebb9605ca"},"headline":"\u00d6ZT\u00dcRKLER\u2019DEN RUM Y\u00d6NET\u0130M\u0130NE SERT TEPK\u0130: \u201cS\u0130Z K\u0130MS\u0130N\u0130Z DE T\u00dcRK\u0130YE S\u0130ZDEN \u0130Z\u0130N ALSIN\u201d","datePublished":"2026-03-15T11:14:44+00:00","mainEntityOfPage":{"@id":"https:\/\/haberkuzey.com\/index.php\/2026\/03\/15\/ozturklerden-rum-yonetimine-sert-tepki-siz-kimsiniz-de-turkiye-sizden-izin-alsin\/"},"wordCount":394,"commentCount":0,"image":{"@id":"https:\/\/haberkuzey.com\/index.php\/2026\/03\/15\/ozturklerden-rum-yonetimine-sert-tepki-siz-kimsiniz-de-turkiye-sizden-izin-alsin\/#primaryimage"},"thumbnailUrl":"https:\/\/haberkuzey.com\/wp-content\/uploads\/2026\/03\/c8b7144c-60df-4969-9080-ec433df28402.jpg","articleSection":["K\u0131br\u0131s"],"inLanguage":"tr","potentialAction":[{"@type":"CommentAction","name":"Comment","target":["https:\/\/haberkuzey.com\/index.php\/2026\/03\/15\/ozturklerden-rum-yonetimine-sert-tepki-siz-kimsiniz-de-turkiye-sizden-izin-alsin\/#respond"]}]},{"@type":"WebPage","@id":"https:\/\/haberkuzey.com\/index.php\/2026\/03\/15\/ozturklerden-rum-yonetimine-sert-tepki-siz-kimsiniz-de-turkiye-sizden-izin-alsin\/","url":"https:\/\/haberkuzey.com\/index.php\/2026\/03\/15\/ozturklerden-rum-yonetimine-sert-tepki-siz-kimsiniz-de-turkiye-sizden-izin-alsin\/","name":"\u00d6ZT\u00dcRKLER\u2019DEN RUM Y\u00d6NET\u0130M\u0130NE SERT TEPK\u0130: \u201cS\u0130Z K\u0130MS\u0130N\u0130Z DE T\u00dcRK\u0130YE S\u0130ZDEN \u0130Z\u0130N ALSIN\u201d - Haber Kuzey","isPartOf":{"@id":"https:\/\/haberkuzey.com\/#website"},"primaryImageOfPage":{"@id":"https:\/\/haberkuzey.com\/index.php\/2026\/03\/15\/ozturklerden-rum-yonetimine-sert-tepki-siz-kimsiniz-de-turkiye-sizden-izin-alsin\/#primaryimage"},"image":{"@id":"https:\/\/haberkuzey.com\/index.php\/2026\/03\/15\/ozturklerden-rum-yonetimine-sert-tepki-siz-kimsiniz-de-turkiye-sizden-izin-alsin\/#primaryimage"},"thumbnailUrl":"https:\/\/haberkuzey.com\/wp-content\/uploads\/2026\/03\/c8b7144c-60df-4969-9080-ec433df28402.jpg","datePublished":"2026-03-15T11:14:44+00:00","author":{"@id":"https:\/\/haberkuzey.com\/#\/schema\/person\/3372109ec735f9333f4fa47ebb9605ca"},"breadcrumb":{"@id":"https:\/\/haberkuzey.com\/index.php\/2026\/03\/15\/ozturklerden-rum-yonetimine-sert-tepki-siz-kimsiniz-de-turkiye-sizden-izin-alsin\/#breadcrumb"},"inLanguage":"tr","potentialAction":[{"@type":"ReadAction","target":["https:\/\/haberkuzey.com\/index.php\/2026\/03\/15\/ozturklerden-rum-yonetimine-sert-tepki-siz-kimsiniz-de-turkiye-sizden-izin-alsin\/"]}]},{"@type":"ImageObject","inLanguage":"tr","@id":"https:\/\/haberkuzey.com\/index.php\/2026\/03\/15\/ozturklerden-rum-yonetimine-sert-tepki-siz-kimsiniz-de-turkiye-sizden-izin-alsin\/#primaryimage","url":"https:\/\/haberkuzey.com\/wp-content\/uploads\/2026\/03\/c8b7144c-60df-4969-9080-ec433df28402.jpg","contentUrl":"https:\/\/haberkuzey.com\/wp-content\/uploads\/2026\/03\/c8b7144c-60df-4969-9080-ec433df28402.jpg","width":1280,"height":720},{"@type":"BreadcrumbList","@id":"https:\/\/haberkuzey.com\/index.php\/2026\/03\/15\/ozturklerden-rum-yonetimine-sert-tepki-siz-kimsiniz-de-turkiye-sizden-izin-alsin\/#breadcrumb","itemListElement":[{"@type":"ListItem","position":1,"name":"Anasayfa","item":"https:\/\/haberkuzey.com\/"},{"@type":"ListItem","position":2,"name":"\u00d6ZT\u00dcRKLER\u2019DEN RUM Y\u00d6NET\u0130M\u0130NE SERT TEPK\u0130: \u201cS\u0130Z K\u0130MS\u0130N\u0130Z DE T\u00dcRK\u0130YE S\u0130ZDEN \u0130Z\u0130N ALSIN\u201d"}]},{"@type":"WebSite","@id":"https:\/\/haberkuzey.com\/#website","url":"https:\/\/haberkuzey.com\/","name":"Haber Kuzey","description":"Do\u011fru Haberin Adresi","potentialAction":[{"@type":"SearchAction","target":{"@type":"EntryPoint","urlTemplate":"https:\/\/haberkuzey.com\/?s={search_term_string}"},"query-input":{"@type":"PropertyValueSpecification","valueRequired":true,"valueName":"search_term_string"}}],"inLanguage":"tr"},{"@type":"Person","@id":"https:\/\/haberkuzey.com\/#\/schema\/person\/3372109ec735f9333f4fa47ebb9605ca","name":"haberkuzey","image":{"@type":"ImageObject","inLanguage":"tr","@id":"https:\/\/secure.gravatar.com\/avatar\/f5fc875574b1575324358c3b9e6a32b8227aa5b74f3fa22e3cadb63e26fcc39c?s=96&d=mm&r=g","url":"https:\/\/secure.gravatar.com\/avatar\/f5fc875574b1575324358c3b9e6a32b8227aa5b74f3fa22e3cadb63e26fcc39c?s=96&d=mm&r=g","contentUrl":"https:\/\/secure.gravatar.com\/avatar\/f5fc875574b1575324358c3b9e6a32b8227aa5b74f3fa22e3cadb63e26fcc39c?s=96&d=mm&r=g","caption":"haberkuzey"},"sameAs":["https:\/\/haberkuzey.com"],"url":"https:\/\/haberkuzey.com\/index.php\/author\/haberkuzey\/"}]}},"_links":{"self":[{"href":"https:\/\/haberkuzey.com\/index.php\/wp-json\/wp\/v2\/posts\/35328","targetHints":{"allow":["GET"]}}],"collection":[{"href":"https:\/\/haberkuzey.com\/index.php\/wp-json\/wp\/v2\/posts"}],"about":[{"href":"https:\/\/haberkuzey.com\/index.php\/wp-json\/wp\/v2\/types\/post"}],"author":[{"embeddable":true,"href":"https:\/\/haberkuzey.com\/index.php\/wp-json\/wp\/v2\/users\/1"}],"replies":[{"embeddable":true,"href":"https:\/\/haberkuzey.com\/index.php\/wp-json\/wp\/v2\/comments?post=35328"}],"version-history":[{"count":0,"href":"https:\/\/haberkuzey.com\/index.php\/wp-json\/wp\/v2\/posts\/35328\/revisions"}],"wp:featuredmedia":[{"embeddable":true,"href":"https:\/\/haberkuzey.com\/index.php\/wp-json\/wp\/v2\/media\/35329"}],"wp:attachment":[{"href":"https:\/\/haberkuzey.com\/index.php\/wp-json\/wp\/v2\/media?parent=35328"}],"wp:term":[{"taxonomy":"category","embeddable":true,"href":"https:\/\/haberkuzey.com\/index.php\/wp-json\/wp\/v2\/categories?post=35328"},{"taxonomy":"post_tag","embeddable":true,"href":"https:\/\/haberkuzey.com\/index.php\/wp-json\/wp\/v2\/tags?post=35328"}],"curies":[{"name":"wp","href":"https:\/\/api.w.org\/{rel}","templated":true}]}}