{"id":35324,"date":"2026-03-15T12:57:12","date_gmt":"2026-03-15T10:57:12","guid":{"rendered":"https:\/\/haberkuzey.com\/index.php\/2026\/03\/15\/tmt-mucahitler-dernegi-7-olagan-genel-kurulunda-bayar-yeniden-baskan\/"},"modified":"2026-03-15T12:57:12","modified_gmt":"2026-03-15T10:57:12","slug":"tmt-mucahitler-dernegi-7-olagan-genel-kurulunda-bayar-yeniden-baskan","status":"publish","type":"post","link":"https:\/\/haberkuzey.com\/index.php\/2026\/03\/15\/tmt-mucahitler-dernegi-7-olagan-genel-kurulunda-bayar-yeniden-baskan\/","title":{"rendered":"TMT M\u00fccahitler Derne\u011fi 7. Ola\u011fan Genel Kurulunda Bayar, yeniden ba\u015fkan."},"content":{"rendered":"<p style=\"font-weight: 300\"><span style=\"font-weight: 300 !important\">Dernekten yap\u0131lan a\u00e7\u0131klamaya g\u00f6re, ba\u015fkanl\u0131k sistemi alt\u0131nda ger\u00e7ekle\u015ftirilen oylama neticesinde Celal Bayar 105 oy al\u0131rken, rakibi Ahmet Keskin 93 oy ald\u0131.<\/span><\/p>\n<p style=\"font-weight: 300\"><span style=\"font-weight: 300 !important\">Buna g\u00f6re,\u00a0Bayar&#8217;\u0131n listesinde yer alan \u00c7etin Serez, Y\u0131lmaz Hakverdi, Mustafa Efe, Erdo\u011fan Balc\u0131lar, Mustafa Balc\u0131o\u011flu, I\u015f\u0131lay Arkan, H\u00fclag\u00fc Ayta\u00e7o\u011flu, Erkay Kanak, Yusuf \u00d6zsoylular, Soner \u00c7uvalc\u0131o\u011flu, H\u00fcseyin Sar\u0131kam\u0131\u015f, \u00d6zker Sara\u00e7, Re\u015fat Karabet\u00e7a, Sad\u0131k Ar\u0131k, H\u00fcseyin Cahit \u00c7ak\u0131r, Mehmet Din\u00e7er Da\u011fl\u0131koca, \u0130lker Z\u00fc\u011f\u00fcrt, Cihan Kombos ve Adnan Tokatl\u0131 Y\u00f6netim Kurulu \u00dcyesi olarak se\u00e7ildi.<\/span><\/p>\n<p style=\"font-weight: 300\"><span style=\"font-weight: 300 !important\">Y\u00fcksek Onur Kurulu\u2019na Ali Osman \u00dcnver, \u00d6zt\u00fcrk \u00dcnverdi, Soner \u00c7uvalc\u0131o\u011flu, Re\u015fat Sertu\u011f, Peker Turgut ve Dervi\u015f Co\u015fkuner, Y\u00fcksek Denetleme Kuruluna da G\u00f6ksel Saydam, Erg\u00fcn Vudal\u0131, Oktay \u00d6ks\u00fczo\u011flu ve Erden \u00d6zada se\u00e7ildi.<\/span><\/p>\n<p style=\"font-weight: 300\"><span style=\"font-weight: 300 !important\">Genel Kurul, Gazi Mustafa Kemal Atat\u00fcrk, Milli M\u00fccadele lideri Dr Faz\u0131l K\u00fc\u00e7\u00fck, Kurucu Cumhurba\u015fkan\u0131 Rauf Raif Denkta\u015f ve t\u00fcm \u015fehitler i\u00e7in sayg\u0131 duru\u015fu, ard\u0131ndan \u0130stiklal Mar\u015f\u0131&#8217;n\u0131n okunmas\u0131yla ba\u015flad\u0131. Daha sonra Genel Ba\u015fkan adaylar\u0131 birer konu\u015fma yapt\u0131.<\/span><\/p>\n<p style=\"font-weight: 300\"><span style=\"font-weight: 300 !important\">Dilek ve temenniler b\u00f6l\u00fcm\u00fcnde, Salih Mehmet Ersoy kendi yazd\u0131\u011f\u0131 \u015fiirini okudu. Daha sonra s\u00f6z alanlar dinlendi. Mali rapor ve faaliyet raporu okunup oy birli\u011fi ile akland\u0131ktan sonra se\u00e7imler yap\u0131ld\u0131. Kurultayda ayr\u0131ca \u00fc\u00e7 karar tasar\u0131s\u0131 onayland\u0131. Karar tasar\u0131lar\u0131 \u015f\u00f6yle:<\/span><\/p>\n<p style=\"font-weight: 300\"><span style=\"font-weight: 300 !important\">\u201c1. Anavatan T\u00fcrkiye B\u00fcy\u00fck Millet Meclisi ve KKTC Cumhuriyet Meclisinde al\u0131nan &#8220;\u0130ki Devletli \u00c7\u00f6z\u00fcm&#8221; kararlar\u0131 derne\u011fimiz taraf\u0131ndan desteklenmektedir. Derne\u011fimiz iki devletli \u00e7\u00f6z\u00fcm, T\u00fcrkiye&#8217;nin etkin ve fiili garantisi ile T\u00fcrk askerinin varl\u0131\u011f\u0131ndan asla taviz verilmemesinden yanad\u0131r.<\/span><span style=\"font-weight: 300 !important\"><br \/>\n2. Derne\u011fimiz \u015fehitleri pahas\u0131na kurulmu\u015f olan devletimiz KKTC&#8217;den asla vazge\u00e7ilmemesinden ve onun her bak\u0131mdan g\u00fc\u00e7lendirilerek ya\u015fat\u0131lmas\u0131ndan yanad\u0131r.<br \/>\n3. Filistin ve Gazze&#8217;de yap\u0131lan ve yap\u0131lmakta olan soyk\u0131r\u0131m ile \u0130ran&#8217;a sald\u0131r\u0131lar\u0131 \u015fiddetle k\u0131n\u0131yoruz.\u201d<\/span><\/p>\n<p>TMT M\u00fccahitler Derne\u011fi 7. Ola\u011fan Genel Kurulunda Bayar, yeniden ba\u015fkan. yaz\u0131s\u0131 ilk \u00f6nce K\u0131br\u0131s Hakikat \u00fczerinde ortaya \u00e7\u0131kt\u0131.<\/p>\n","protected":false},"excerpt":{"rendered":"<p>Dernekten yap\u0131lan a\u00e7\u0131klamaya g\u00f6re, ba\u015fkanl\u0131k sistemi alt\u0131nda ger\u00e7ekle\u015ftirilen oylama neticesinde Celal Bayar 105 oy al\u0131rken, rakibi Ahmet Keskin 93 oy ald\u0131. Buna g\u00f6re,\u00a0Bayar&#8217;\u0131n listesinde yer alan \u00c7etin Serez, Y\u0131lmaz Hakverdi, Mustafa Efe, Erdo\u011fan Balc\u0131lar, Mustafa Balc\u0131o\u011flu, I\u015f\u0131lay Arkan, H\u00fclag\u00fc Ayta\u00e7o\u011flu, Erkay Kanak, Yusuf \u00d6zsoylular, Soner \u00c7uvalc\u0131o\u011flu, H\u00fcseyin Sar\u0131kam\u0131\u015f, \u00d6zker Sara\u00e7, Re\u015fat Karabet\u00e7a, Sad\u0131k Ar\u0131k, H\u00fcseyin [&hellip;]<\/p>\n","protected":false},"author":1,"featured_media":35325,"comment_status":"open","ping_status":"open","sticky":false,"template":"","format":"standard","meta":{"jnews-multi-image_gallery":[],"jnews_single_post":[],"jnews_primary_category":[],"footnotes":""},"categories":[1],"tags":[],"class_list":["post-35324","post","type-post","status-publish","format-standard","has-post-thumbnail","hentry","category-kibris"],"yoast_head":"<!-- This site is optimized with the Yoast SEO plugin v27.5 - https:\/\/yoast.com\/product\/yoast-seo-wordpress\/ -->\n<title>TMT M\u00fccahitler Derne\u011fi 7. Ola\u011fan Genel Kurulunda Bayar, yeniden ba\u015fkan. - Haber Kuzey<\/title>\n<meta name=\"robots\" content=\"index, follow, max-snippet:-1, max-image-preview:large, max-video-preview:-1\" \/>\n<link rel=\"canonical\" href=\"https:\/\/haberkuzey.com\/index.php\/2026\/03\/15\/tmt-mucahitler-dernegi-7-olagan-genel-kurulunda-bayar-yeniden-baskan\/\" \/>\n<meta property=\"og:locale\" content=\"tr_TR\" \/>\n<meta property=\"og:type\" content=\"article\" \/>\n<meta property=\"og:title\" content=\"TMT M\u00fccahitler Derne\u011fi 7. Ola\u011fan Genel Kurulunda Bayar, yeniden ba\u015fkan. - Haber Kuzey\" \/>\n<meta property=\"og:description\" content=\"Dernekten yap\u0131lan a\u00e7\u0131klamaya g\u00f6re, ba\u015fkanl\u0131k sistemi alt\u0131nda ger\u00e7ekle\u015ftirilen oylama neticesinde Celal Bayar 105 oy al\u0131rken, rakibi Ahmet Keskin 93 oy ald\u0131. Buna g\u00f6re,\u00a0Bayar&#8217;\u0131n listesinde yer alan \u00c7etin Serez, Y\u0131lmaz Hakverdi, Mustafa Efe, Erdo\u011fan Balc\u0131lar, Mustafa Balc\u0131o\u011flu, I\u015f\u0131lay Arkan, H\u00fclag\u00fc Ayta\u00e7o\u011flu, Erkay Kanak, Yusuf \u00d6zsoylular, Soner \u00c7uvalc\u0131o\u011flu, H\u00fcseyin Sar\u0131kam\u0131\u015f, \u00d6zker Sara\u00e7, Re\u015fat Karabet\u00e7a, Sad\u0131k Ar\u0131k, H\u00fcseyin [&hellip;]\" \/>\n<meta property=\"og:url\" content=\"https:\/\/haberkuzey.com\/index.php\/2026\/03\/15\/tmt-mucahitler-dernegi-7-olagan-genel-kurulunda-bayar-yeniden-baskan\/\" \/>\n<meta property=\"og:site_name\" content=\"Haber Kuzey\" \/>\n<meta property=\"article:published_time\" content=\"2026-03-15T10:57:12+00:00\" \/>\n<meta name=\"author\" content=\"haberkuzey\" \/>\n<meta name=\"twitter:card\" content=\"summary_large_image\" \/>\n<meta name=\"twitter:label1\" content=\"Yazan:\" \/>\n\t<meta name=\"twitter:data1\" content=\"haberkuzey\" \/>\n\t<meta name=\"twitter:label2\" content=\"Tahmini okuma s\u00fcresi\" \/>\n\t<meta name=\"twitter:data2\" content=\"2 dakika\" \/>\n<script type=\"application\/ld+json\" class=\"yoast-schema-graph\">{\"@context\":\"https:\\\/\\\/schema.org\",\"@graph\":[{\"@type\":\"Article\",\"@id\":\"https:\\\/\\\/haberkuzey.com\\\/index.php\\\/2026\\\/03\\\/15\\\/tmt-mucahitler-dernegi-7-olagan-genel-kurulunda-bayar-yeniden-baskan\\\/#article\",\"isPartOf\":{\"@id\":\"https:\\\/\\\/haberkuzey.com\\\/index.php\\\/2026\\\/03\\\/15\\\/tmt-mucahitler-dernegi-7-olagan-genel-kurulunda-bayar-yeniden-baskan\\\/\"},\"author\":{\"name\":\"haberkuzey\",\"@id\":\"https:\\\/\\\/haberkuzey.com\\\/#\\\/schema\\\/person\\\/3372109ec735f9333f4fa47ebb9605ca\"},\"headline\":\"TMT M\u00fccahitler Derne\u011fi 7. Ola\u011fan Genel Kurulunda Bayar, yeniden ba\u015fkan.\",\"datePublished\":\"2026-03-15T10:57:12+00:00\",\"mainEntityOfPage\":{\"@id\":\"https:\\\/\\\/haberkuzey.com\\\/index.php\\\/2026\\\/03\\\/15\\\/tmt-mucahitler-dernegi-7-olagan-genel-kurulunda-bayar-yeniden-baskan\\\/\"},\"wordCount\":384,\"commentCount\":0,\"image\":{\"@id\":\"https:\\\/\\\/haberkuzey.com\\\/index.php\\\/2026\\\/03\\\/15\\\/tmt-mucahitler-dernegi-7-olagan-genel-kurulunda-bayar-yeniden-baskan\\\/#primaryimage\"},\"thumbnailUrl\":\"https:\\\/\\\/haberkuzey.com\\\/wp-content\\\/uploads\\\/2026\\\/03\\\/1773563199444652073203_940532345177421_3192649279866907797_n.jpg\",\"articleSection\":[\"K\u0131br\u0131s\"],\"inLanguage\":\"tr\",\"potentialAction\":[{\"@type\":\"CommentAction\",\"name\":\"Comment\",\"target\":[\"https:\\\/\\\/haberkuzey.com\\\/index.php\\\/2026\\\/03\\\/15\\\/tmt-mucahitler-dernegi-7-olagan-genel-kurulunda-bayar-yeniden-baskan\\\/#respond\"]}]},{\"@type\":\"WebPage\",\"@id\":\"https:\\\/\\\/haberkuzey.com\\\/index.php\\\/2026\\\/03\\\/15\\\/tmt-mucahitler-dernegi-7-olagan-genel-kurulunda-bayar-yeniden-baskan\\\/\",\"url\":\"https:\\\/\\\/haberkuzey.com\\\/index.php\\\/2026\\\/03\\\/15\\\/tmt-mucahitler-dernegi-7-olagan-genel-kurulunda-bayar-yeniden-baskan\\\/\",\"name\":\"TMT M\u00fccahitler Derne\u011fi 7. Ola\u011fan Genel Kurulunda Bayar, yeniden ba\u015fkan. - Haber Kuzey\",\"isPartOf\":{\"@id\":\"https:\\\/\\\/haberkuzey.com\\\/#website\"},\"primaryImageOfPage\":{\"@id\":\"https:\\\/\\\/haberkuzey.com\\\/index.php\\\/2026\\\/03\\\/15\\\/tmt-mucahitler-dernegi-7-olagan-genel-kurulunda-bayar-yeniden-baskan\\\/#primaryimage\"},\"image\":{\"@id\":\"https:\\\/\\\/haberkuzey.com\\\/index.php\\\/2026\\\/03\\\/15\\\/tmt-mucahitler-dernegi-7-olagan-genel-kurulunda-bayar-yeniden-baskan\\\/#primaryimage\"},\"thumbnailUrl\":\"https:\\\/\\\/haberkuzey.com\\\/wp-content\\\/uploads\\\/2026\\\/03\\\/1773563199444652073203_940532345177421_3192649279866907797_n.jpg\",\"datePublished\":\"2026-03-15T10:57:12+00:00\",\"author\":{\"@id\":\"https:\\\/\\\/haberkuzey.com\\\/#\\\/schema\\\/person\\\/3372109ec735f9333f4fa47ebb9605ca\"},\"breadcrumb\":{\"@id\":\"https:\\\/\\\/haberkuzey.com\\\/index.php\\\/2026\\\/03\\\/15\\\/tmt-mucahitler-dernegi-7-olagan-genel-kurulunda-bayar-yeniden-baskan\\\/#breadcrumb\"},\"inLanguage\":\"tr\",\"potentialAction\":[{\"@type\":\"ReadAction\",\"target\":[\"https:\\\/\\\/haberkuzey.com\\\/index.php\\\/2026\\\/03\\\/15\\\/tmt-mucahitler-dernegi-7-olagan-genel-kurulunda-bayar-yeniden-baskan\\\/\"]}]},{\"@type\":\"ImageObject\",\"inLanguage\":\"tr\",\"@id\":\"https:\\\/\\\/haberkuzey.com\\\/index.php\\\/2026\\\/03\\\/15\\\/tmt-mucahitler-dernegi-7-olagan-genel-kurulunda-bayar-yeniden-baskan\\\/#primaryimage\",\"url\":\"https:\\\/\\\/haberkuzey.com\\\/wp-content\\\/uploads\\\/2026\\\/03\\\/1773563199444652073203_940532345177421_3192649279866907797_n.jpg\",\"contentUrl\":\"https:\\\/\\\/haberkuzey.com\\\/wp-content\\\/uploads\\\/2026\\\/03\\\/1773563199444652073203_940532345177421_3192649279866907797_n.jpg\",\"width\":464,\"height\":506},{\"@type\":\"BreadcrumbList\",\"@id\":\"https:\\\/\\\/haberkuzey.com\\\/index.php\\\/2026\\\/03\\\/15\\\/tmt-mucahitler-dernegi-7-olagan-genel-kurulunda-bayar-yeniden-baskan\\\/#breadcrumb\",\"itemListElement\":[{\"@type\":\"ListItem\",\"position\":1,\"name\":\"Anasayfa\",\"item\":\"https:\\\/\\\/haberkuzey.com\\\/\"},{\"@type\":\"ListItem\",\"position\":2,\"name\":\"TMT M\u00fccahitler Derne\u011fi 7. Ola\u011fan Genel Kurulunda Bayar, yeniden ba\u015fkan.\"}]},{\"@type\":\"WebSite\",\"@id\":\"https:\\\/\\\/haberkuzey.com\\\/#website\",\"url\":\"https:\\\/\\\/haberkuzey.com\\\/\",\"name\":\"Haber Kuzey\",\"description\":\"Do\u011fru Haberin Adresi\",\"potentialAction\":[{\"@type\":\"SearchAction\",\"target\":{\"@type\":\"EntryPoint\",\"urlTemplate\":\"https:\\\/\\\/haberkuzey.com\\\/?s={search_term_string}\"},\"query-input\":{\"@type\":\"PropertyValueSpecification\",\"valueRequired\":true,\"valueName\":\"search_term_string\"}}],\"inLanguage\":\"tr\"},{\"@type\":\"Person\",\"@id\":\"https:\\\/\\\/haberkuzey.com\\\/#\\\/schema\\\/person\\\/3372109ec735f9333f4fa47ebb9605ca\",\"name\":\"haberkuzey\",\"image\":{\"@type\":\"ImageObject\",\"inLanguage\":\"tr\",\"@id\":\"https:\\\/\\\/secure.gravatar.com\\\/avatar\\\/f5fc875574b1575324358c3b9e6a32b8227aa5b74f3fa22e3cadb63e26fcc39c?s=96&d=mm&r=g\",\"url\":\"https:\\\/\\\/secure.gravatar.com\\\/avatar\\\/f5fc875574b1575324358c3b9e6a32b8227aa5b74f3fa22e3cadb63e26fcc39c?s=96&d=mm&r=g\",\"contentUrl\":\"https:\\\/\\\/secure.gravatar.com\\\/avatar\\\/f5fc875574b1575324358c3b9e6a32b8227aa5b74f3fa22e3cadb63e26fcc39c?s=96&d=mm&r=g\",\"caption\":\"haberkuzey\"},\"sameAs\":[\"https:\\\/\\\/haberkuzey.com\"],\"url\":\"https:\\\/\\\/haberkuzey.com\\\/index.php\\\/author\\\/haberkuzey\\\/\"}]}<\/script>\n<!-- \/ Yoast SEO plugin. -->","yoast_head_json":{"title":"TMT M\u00fccahitler Derne\u011fi 7. Ola\u011fan Genel Kurulunda Bayar, yeniden ba\u015fkan. - Haber Kuzey","robots":{"index":"index","follow":"follow","max-snippet":"max-snippet:-1","max-image-preview":"max-image-preview:large","max-video-preview":"max-video-preview:-1"},"canonical":"https:\/\/haberkuzey.com\/index.php\/2026\/03\/15\/tmt-mucahitler-dernegi-7-olagan-genel-kurulunda-bayar-yeniden-baskan\/","og_locale":"tr_TR","og_type":"article","og_title":"TMT M\u00fccahitler Derne\u011fi 7. Ola\u011fan Genel Kurulunda Bayar, yeniden ba\u015fkan. - Haber Kuzey","og_description":"Dernekten yap\u0131lan a\u00e7\u0131klamaya g\u00f6re, ba\u015fkanl\u0131k sistemi alt\u0131nda ger\u00e7ekle\u015ftirilen oylama neticesinde Celal Bayar 105 oy al\u0131rken, rakibi Ahmet Keskin 93 oy ald\u0131. Buna g\u00f6re,\u00a0Bayar&#8217;\u0131n listesinde yer alan \u00c7etin Serez, Y\u0131lmaz Hakverdi, Mustafa Efe, Erdo\u011fan Balc\u0131lar, Mustafa Balc\u0131o\u011flu, I\u015f\u0131lay Arkan, H\u00fclag\u00fc Ayta\u00e7o\u011flu, Erkay Kanak, Yusuf \u00d6zsoylular, Soner \u00c7uvalc\u0131o\u011flu, H\u00fcseyin Sar\u0131kam\u0131\u015f, \u00d6zker Sara\u00e7, Re\u015fat Karabet\u00e7a, Sad\u0131k Ar\u0131k, H\u00fcseyin [&hellip;]","og_url":"https:\/\/haberkuzey.com\/index.php\/2026\/03\/15\/tmt-mucahitler-dernegi-7-olagan-genel-kurulunda-bayar-yeniden-baskan\/","og_site_name":"Haber Kuzey","article_published_time":"2026-03-15T10:57:12+00:00","author":"haberkuzey","twitter_card":"summary_large_image","twitter_misc":{"Yazan:":"haberkuzey","Tahmini okuma s\u00fcresi":"2 dakika"},"schema":{"@context":"https:\/\/schema.org","@graph":[{"@type":"Article","@id":"https:\/\/haberkuzey.com\/index.php\/2026\/03\/15\/tmt-mucahitler-dernegi-7-olagan-genel-kurulunda-bayar-yeniden-baskan\/#article","isPartOf":{"@id":"https:\/\/haberkuzey.com\/index.php\/2026\/03\/15\/tmt-mucahitler-dernegi-7-olagan-genel-kurulunda-bayar-yeniden-baskan\/"},"author":{"name":"haberkuzey","@id":"https:\/\/haberkuzey.com\/#\/schema\/person\/3372109ec735f9333f4fa47ebb9605ca"},"headline":"TMT M\u00fccahitler Derne\u011fi 7. Ola\u011fan Genel Kurulunda Bayar, yeniden ba\u015fkan.","datePublished":"2026-03-15T10:57:12+00:00","mainEntityOfPage":{"@id":"https:\/\/haberkuzey.com\/index.php\/2026\/03\/15\/tmt-mucahitler-dernegi-7-olagan-genel-kurulunda-bayar-yeniden-baskan\/"},"wordCount":384,"commentCount":0,"image":{"@id":"https:\/\/haberkuzey.com\/index.php\/2026\/03\/15\/tmt-mucahitler-dernegi-7-olagan-genel-kurulunda-bayar-yeniden-baskan\/#primaryimage"},"thumbnailUrl":"https:\/\/haberkuzey.com\/wp-content\/uploads\/2026\/03\/1773563199444652073203_940532345177421_3192649279866907797_n.jpg","articleSection":["K\u0131br\u0131s"],"inLanguage":"tr","potentialAction":[{"@type":"CommentAction","name":"Comment","target":["https:\/\/haberkuzey.com\/index.php\/2026\/03\/15\/tmt-mucahitler-dernegi-7-olagan-genel-kurulunda-bayar-yeniden-baskan\/#respond"]}]},{"@type":"WebPage","@id":"https:\/\/haberkuzey.com\/index.php\/2026\/03\/15\/tmt-mucahitler-dernegi-7-olagan-genel-kurulunda-bayar-yeniden-baskan\/","url":"https:\/\/haberkuzey.com\/index.php\/2026\/03\/15\/tmt-mucahitler-dernegi-7-olagan-genel-kurulunda-bayar-yeniden-baskan\/","name":"TMT M\u00fccahitler Derne\u011fi 7. Ola\u011fan Genel Kurulunda Bayar, yeniden ba\u015fkan. - Haber Kuzey","isPartOf":{"@id":"https:\/\/haberkuzey.com\/#website"},"primaryImageOfPage":{"@id":"https:\/\/haberkuzey.com\/index.php\/2026\/03\/15\/tmt-mucahitler-dernegi-7-olagan-genel-kurulunda-bayar-yeniden-baskan\/#primaryimage"},"image":{"@id":"https:\/\/haberkuzey.com\/index.php\/2026\/03\/15\/tmt-mucahitler-dernegi-7-olagan-genel-kurulunda-bayar-yeniden-baskan\/#primaryimage"},"thumbnailUrl":"https:\/\/haberkuzey.com\/wp-content\/uploads\/2026\/03\/1773563199444652073203_940532345177421_3192649279866907797_n.jpg","datePublished":"2026-03-15T10:57:12+00:00","author":{"@id":"https:\/\/haberkuzey.com\/#\/schema\/person\/3372109ec735f9333f4fa47ebb9605ca"},"breadcrumb":{"@id":"https:\/\/haberkuzey.com\/index.php\/2026\/03\/15\/tmt-mucahitler-dernegi-7-olagan-genel-kurulunda-bayar-yeniden-baskan\/#breadcrumb"},"inLanguage":"tr","potentialAction":[{"@type":"ReadAction","target":["https:\/\/haberkuzey.com\/index.php\/2026\/03\/15\/tmt-mucahitler-dernegi-7-olagan-genel-kurulunda-bayar-yeniden-baskan\/"]}]},{"@type":"ImageObject","inLanguage":"tr","@id":"https:\/\/haberkuzey.com\/index.php\/2026\/03\/15\/tmt-mucahitler-dernegi-7-olagan-genel-kurulunda-bayar-yeniden-baskan\/#primaryimage","url":"https:\/\/haberkuzey.com\/wp-content\/uploads\/2026\/03\/1773563199444652073203_940532345177421_3192649279866907797_n.jpg","contentUrl":"https:\/\/haberkuzey.com\/wp-content\/uploads\/2026\/03\/1773563199444652073203_940532345177421_3192649279866907797_n.jpg","width":464,"height":506},{"@type":"BreadcrumbList","@id":"https:\/\/haberkuzey.com\/index.php\/2026\/03\/15\/tmt-mucahitler-dernegi-7-olagan-genel-kurulunda-bayar-yeniden-baskan\/#breadcrumb","itemListElement":[{"@type":"ListItem","position":1,"name":"Anasayfa","item":"https:\/\/haberkuzey.com\/"},{"@type":"ListItem","position":2,"name":"TMT M\u00fccahitler Derne\u011fi 7. Ola\u011fan Genel Kurulunda Bayar, yeniden ba\u015fkan."}]},{"@type":"WebSite","@id":"https:\/\/haberkuzey.com\/#website","url":"https:\/\/haberkuzey.com\/","name":"Haber Kuzey","description":"Do\u011fru Haberin Adresi","potentialAction":[{"@type":"SearchAction","target":{"@type":"EntryPoint","urlTemplate":"https:\/\/haberkuzey.com\/?s={search_term_string}"},"query-input":{"@type":"PropertyValueSpecification","valueRequired":true,"valueName":"search_term_string"}}],"inLanguage":"tr"},{"@type":"Person","@id":"https:\/\/haberkuzey.com\/#\/schema\/person\/3372109ec735f9333f4fa47ebb9605ca","name":"haberkuzey","image":{"@type":"ImageObject","inLanguage":"tr","@id":"https:\/\/secure.gravatar.com\/avatar\/f5fc875574b1575324358c3b9e6a32b8227aa5b74f3fa22e3cadb63e26fcc39c?s=96&d=mm&r=g","url":"https:\/\/secure.gravatar.com\/avatar\/f5fc875574b1575324358c3b9e6a32b8227aa5b74f3fa22e3cadb63e26fcc39c?s=96&d=mm&r=g","contentUrl":"https:\/\/secure.gravatar.com\/avatar\/f5fc875574b1575324358c3b9e6a32b8227aa5b74f3fa22e3cadb63e26fcc39c?s=96&d=mm&r=g","caption":"haberkuzey"},"sameAs":["https:\/\/haberkuzey.com"],"url":"https:\/\/haberkuzey.com\/index.php\/author\/haberkuzey\/"}]}},"_links":{"self":[{"href":"https:\/\/haberkuzey.com\/index.php\/wp-json\/wp\/v2\/posts\/35324","targetHints":{"allow":["GET"]}}],"collection":[{"href":"https:\/\/haberkuzey.com\/index.php\/wp-json\/wp\/v2\/posts"}],"about":[{"href":"https:\/\/haberkuzey.com\/index.php\/wp-json\/wp\/v2\/types\/post"}],"author":[{"embeddable":true,"href":"https:\/\/haberkuzey.com\/index.php\/wp-json\/wp\/v2\/users\/1"}],"replies":[{"embeddable":true,"href":"https:\/\/haberkuzey.com\/index.php\/wp-json\/wp\/v2\/comments?post=35324"}],"version-history":[{"count":0,"href":"https:\/\/haberkuzey.com\/index.php\/wp-json\/wp\/v2\/posts\/35324\/revisions"}],"wp:featuredmedia":[{"embeddable":true,"href":"https:\/\/haberkuzey.com\/index.php\/wp-json\/wp\/v2\/media\/35325"}],"wp:attachment":[{"href":"https:\/\/haberkuzey.com\/index.php\/wp-json\/wp\/v2\/media?parent=35324"}],"wp:term":[{"taxonomy":"category","embeddable":true,"href":"https:\/\/haberkuzey.com\/index.php\/wp-json\/wp\/v2\/categories?post=35324"},{"taxonomy":"post_tag","embeddable":true,"href":"https:\/\/haberkuzey.com\/index.php\/wp-json\/wp\/v2\/tags?post=35324"}],"curies":[{"name":"wp","href":"https:\/\/api.w.org\/{rel}","templated":true}]}}