{"id":35322,"date":"2026-03-15T12:45:08","date_gmt":"2026-03-15T10:45:08","guid":{"rendered":"https:\/\/haberkuzey.com\/index.php\/2026\/03\/15\/meclis-yarin-toplanacak\/"},"modified":"2026-03-15T12:45:08","modified_gmt":"2026-03-15T10:45:08","slug":"meclis-yarin-toplanacak","status":"publish","type":"post","link":"https:\/\/haberkuzey.com\/index.php\/2026\/03\/15\/meclis-yarin-toplanacak\/","title":{"rendered":"Meclis yar\u0131n toplanacak\u2026"},"content":{"rendered":"<p style=\"font-weight: 300\"><span style=\"font-weight: 300 !important\">Ziya \u00d6zt\u00fcrkler ba\u015fkanl\u0131\u011f\u0131nda saat 10.00\u2019da toplanmas\u0131 beklenen Meclis g\u00fcndeminde, Av ve Avla \u0130lgili Yaban Hayat\u0131n\u0131 D\u00fczenleme (De\u011fi\u015fiklik) Yasa Tasar\u0131s\u0131, M\u00fccahitlerin Tazmini ile Gazilerin Hak ve Menfaatlerinin Belirlenmesi (De\u011fi\u015fiklik) Yasa Tasar\u0131s\u0131 ve Al\u00e7ak Orman Arazilerinin Devri ve \u0130car\u0131 (De\u011fi\u015fiklik) Yasa Tasar\u0131s\u0131 bulunuyor.<\/span><\/p>\n<p style=\"font-weight: 300\"><span style=\"font-weight: 300 !important\">Toplant\u0131da ayr\u0131ca, Kuzey K\u0131br\u0131s T\u00fcrk Cumhuriyeti Pasaport (De\u011fi\u015fiklik) Yasa Tasar\u0131s\u0131 ve Oteller (De\u011fi\u015fiklik) Yasa Tasar\u0131s\u0131n\u0131n \u00fc\u00e7\u00fcnc\u00fc g\u00f6r\u00fc\u015fmeleri yap\u0131lacak.<\/span><\/p>\n<p>Meclis yar\u0131n toplanacak\u2026 yaz\u0131s\u0131 ilk \u00f6nce K\u0131br\u0131s Hakikat \u00fczerinde ortaya \u00e7\u0131kt\u0131.<\/p>\n","protected":false},"excerpt":{"rendered":"<p>Ziya \u00d6zt\u00fcrkler ba\u015fkanl\u0131\u011f\u0131nda saat 10.00\u2019da toplanmas\u0131 beklenen Meclis g\u00fcndeminde, Av ve Avla \u0130lgili Yaban Hayat\u0131n\u0131 D\u00fczenleme (De\u011fi\u015fiklik) Yasa Tasar\u0131s\u0131, M\u00fccahitlerin Tazmini ile Gazilerin Hak ve Menfaatlerinin Belirlenmesi (De\u011fi\u015fiklik) Yasa Tasar\u0131s\u0131 ve Al\u00e7ak Orman Arazilerinin Devri ve \u0130car\u0131 (De\u011fi\u015fiklik) Yasa Tasar\u0131s\u0131 bulunuyor. Toplant\u0131da ayr\u0131ca, Kuzey K\u0131br\u0131s T\u00fcrk Cumhuriyeti Pasaport (De\u011fi\u015fiklik) Yasa Tasar\u0131s\u0131 ve Oteller (De\u011fi\u015fiklik) Yasa [&hellip;]<\/p>\n","protected":false},"author":1,"featured_media":35323,"comment_status":"open","ping_status":"open","sticky":false,"template":"","format":"standard","meta":{"jnews-multi-image_gallery":[],"jnews_single_post":[],"jnews_primary_category":[],"footnotes":""},"categories":[1],"tags":[],"class_list":["post-35322","post","type-post","status-publish","format-standard","has-post-thumbnail","hentry","category-kibris"],"yoast_head":"<!-- This site is optimized with the Yoast SEO plugin v27.5 - https:\/\/yoast.com\/product\/yoast-seo-wordpress\/ -->\n<title>Meclis yar\u0131n toplanacak\u2026 - Haber Kuzey<\/title>\n<meta name=\"robots\" content=\"index, follow, max-snippet:-1, max-image-preview:large, max-video-preview:-1\" \/>\n<link rel=\"canonical\" href=\"https:\/\/haberkuzey.com\/index.php\/2026\/03\/15\/meclis-yarin-toplanacak\/\" \/>\n<meta property=\"og:locale\" content=\"tr_TR\" \/>\n<meta property=\"og:type\" content=\"article\" \/>\n<meta property=\"og:title\" content=\"Meclis yar\u0131n toplanacak\u2026 - Haber Kuzey\" \/>\n<meta property=\"og:description\" content=\"Ziya \u00d6zt\u00fcrkler ba\u015fkanl\u0131\u011f\u0131nda saat 10.00\u2019da toplanmas\u0131 beklenen Meclis g\u00fcndeminde, Av ve Avla \u0130lgili Yaban Hayat\u0131n\u0131 D\u00fczenleme (De\u011fi\u015fiklik) Yasa Tasar\u0131s\u0131, M\u00fccahitlerin Tazmini ile Gazilerin Hak ve Menfaatlerinin Belirlenmesi (De\u011fi\u015fiklik) Yasa Tasar\u0131s\u0131 ve Al\u00e7ak Orman Arazilerinin Devri ve \u0130car\u0131 (De\u011fi\u015fiklik) Yasa Tasar\u0131s\u0131 bulunuyor. Toplant\u0131da ayr\u0131ca, Kuzey K\u0131br\u0131s T\u00fcrk Cumhuriyeti Pasaport (De\u011fi\u015fiklik) Yasa Tasar\u0131s\u0131 ve Oteller (De\u011fi\u015fiklik) Yasa [&hellip;]\" \/>\n<meta property=\"og:url\" content=\"https:\/\/haberkuzey.com\/index.php\/2026\/03\/15\/meclis-yarin-toplanacak\/\" \/>\n<meta property=\"og:site_name\" content=\"Haber Kuzey\" \/>\n<meta property=\"article:published_time\" content=\"2026-03-15T10:45:08+00:00\" \/>\n<meta name=\"author\" content=\"haberkuzey\" \/>\n<meta name=\"twitter:card\" content=\"summary_large_image\" \/>\n<meta name=\"twitter:label1\" content=\"Yazan:\" \/>\n\t<meta name=\"twitter:data1\" content=\"haberkuzey\" \/>\n\t<meta name=\"twitter:label2\" content=\"Tahmini okuma s\u00fcresi\" \/>\n\t<meta name=\"twitter:data2\" content=\"1 dakika\" \/>\n<script type=\"application\/ld+json\" class=\"yoast-schema-graph\">{\"@context\":\"https:\\\/\\\/schema.org\",\"@graph\":[{\"@type\":\"Article\",\"@id\":\"https:\\\/\\\/haberkuzey.com\\\/index.php\\\/2026\\\/03\\\/15\\\/meclis-yarin-toplanacak\\\/#article\",\"isPartOf\":{\"@id\":\"https:\\\/\\\/haberkuzey.com\\\/index.php\\\/2026\\\/03\\\/15\\\/meclis-yarin-toplanacak\\\/\"},\"author\":{\"name\":\"haberkuzey\",\"@id\":\"https:\\\/\\\/haberkuzey.com\\\/#\\\/schema\\\/person\\\/3372109ec735f9333f4fa47ebb9605ca\"},\"headline\":\"Meclis yar\u0131n toplanacak\u2026\",\"datePublished\":\"2026-03-15T10:45:08+00:00\",\"mainEntityOfPage\":{\"@id\":\"https:\\\/\\\/haberkuzey.com\\\/index.php\\\/2026\\\/03\\\/15\\\/meclis-yarin-toplanacak\\\/\"},\"wordCount\":111,\"commentCount\":0,\"image\":{\"@id\":\"https:\\\/\\\/haberkuzey.com\\\/index.php\\\/2026\\\/03\\\/15\\\/meclis-yarin-toplanacak\\\/#primaryimage\"},\"thumbnailUrl\":\"https:\\\/\\\/haberkuzey.com\\\/wp-content\\\/uploads\\\/2026\\\/03\\\/17735692197981771163065627MECLIS-YENI-YERLESKESI-3.jpg\",\"articleSection\":[\"K\u0131br\u0131s\"],\"inLanguage\":\"tr\",\"potentialAction\":[{\"@type\":\"CommentAction\",\"name\":\"Comment\",\"target\":[\"https:\\\/\\\/haberkuzey.com\\\/index.php\\\/2026\\\/03\\\/15\\\/meclis-yarin-toplanacak\\\/#respond\"]}]},{\"@type\":\"WebPage\",\"@id\":\"https:\\\/\\\/haberkuzey.com\\\/index.php\\\/2026\\\/03\\\/15\\\/meclis-yarin-toplanacak\\\/\",\"url\":\"https:\\\/\\\/haberkuzey.com\\\/index.php\\\/2026\\\/03\\\/15\\\/meclis-yarin-toplanacak\\\/\",\"name\":\"Meclis yar\u0131n toplanacak\u2026 - Haber Kuzey\",\"isPartOf\":{\"@id\":\"https:\\\/\\\/haberkuzey.com\\\/#website\"},\"primaryImageOfPage\":{\"@id\":\"https:\\\/\\\/haberkuzey.com\\\/index.php\\\/2026\\\/03\\\/15\\\/meclis-yarin-toplanacak\\\/#primaryimage\"},\"image\":{\"@id\":\"https:\\\/\\\/haberkuzey.com\\\/index.php\\\/2026\\\/03\\\/15\\\/meclis-yarin-toplanacak\\\/#primaryimage\"},\"thumbnailUrl\":\"https:\\\/\\\/haberkuzey.com\\\/wp-content\\\/uploads\\\/2026\\\/03\\\/17735692197981771163065627MECLIS-YENI-YERLESKESI-3.jpg\",\"datePublished\":\"2026-03-15T10:45:08+00:00\",\"author\":{\"@id\":\"https:\\\/\\\/haberkuzey.com\\\/#\\\/schema\\\/person\\\/3372109ec735f9333f4fa47ebb9605ca\"},\"breadcrumb\":{\"@id\":\"https:\\\/\\\/haberkuzey.com\\\/index.php\\\/2026\\\/03\\\/15\\\/meclis-yarin-toplanacak\\\/#breadcrumb\"},\"inLanguage\":\"tr\",\"potentialAction\":[{\"@type\":\"ReadAction\",\"target\":[\"https:\\\/\\\/haberkuzey.com\\\/index.php\\\/2026\\\/03\\\/15\\\/meclis-yarin-toplanacak\\\/\"]}]},{\"@type\":\"ImageObject\",\"inLanguage\":\"tr\",\"@id\":\"https:\\\/\\\/haberkuzey.com\\\/index.php\\\/2026\\\/03\\\/15\\\/meclis-yarin-toplanacak\\\/#primaryimage\",\"url\":\"https:\\\/\\\/haberkuzey.com\\\/wp-content\\\/uploads\\\/2026\\\/03\\\/17735692197981771163065627MECLIS-YENI-YERLESKESI-3.jpg\",\"contentUrl\":\"https:\\\/\\\/haberkuzey.com\\\/wp-content\\\/uploads\\\/2026\\\/03\\\/17735692197981771163065627MECLIS-YENI-YERLESKESI-3.jpg\",\"width\":2560,\"height\":1486},{\"@type\":\"BreadcrumbList\",\"@id\":\"https:\\\/\\\/haberkuzey.com\\\/index.php\\\/2026\\\/03\\\/15\\\/meclis-yarin-toplanacak\\\/#breadcrumb\",\"itemListElement\":[{\"@type\":\"ListItem\",\"position\":1,\"name\":\"Anasayfa\",\"item\":\"https:\\\/\\\/haberkuzey.com\\\/\"},{\"@type\":\"ListItem\",\"position\":2,\"name\":\"Meclis yar\u0131n toplanacak\u2026\"}]},{\"@type\":\"WebSite\",\"@id\":\"https:\\\/\\\/haberkuzey.com\\\/#website\",\"url\":\"https:\\\/\\\/haberkuzey.com\\\/\",\"name\":\"Haber Kuzey\",\"description\":\"Do\u011fru Haberin Adresi\",\"potentialAction\":[{\"@type\":\"SearchAction\",\"target\":{\"@type\":\"EntryPoint\",\"urlTemplate\":\"https:\\\/\\\/haberkuzey.com\\\/?s={search_term_string}\"},\"query-input\":{\"@type\":\"PropertyValueSpecification\",\"valueRequired\":true,\"valueName\":\"search_term_string\"}}],\"inLanguage\":\"tr\"},{\"@type\":\"Person\",\"@id\":\"https:\\\/\\\/haberkuzey.com\\\/#\\\/schema\\\/person\\\/3372109ec735f9333f4fa47ebb9605ca\",\"name\":\"haberkuzey\",\"image\":{\"@type\":\"ImageObject\",\"inLanguage\":\"tr\",\"@id\":\"https:\\\/\\\/secure.gravatar.com\\\/avatar\\\/f5fc875574b1575324358c3b9e6a32b8227aa5b74f3fa22e3cadb63e26fcc39c?s=96&d=mm&r=g\",\"url\":\"https:\\\/\\\/secure.gravatar.com\\\/avatar\\\/f5fc875574b1575324358c3b9e6a32b8227aa5b74f3fa22e3cadb63e26fcc39c?s=96&d=mm&r=g\",\"contentUrl\":\"https:\\\/\\\/secure.gravatar.com\\\/avatar\\\/f5fc875574b1575324358c3b9e6a32b8227aa5b74f3fa22e3cadb63e26fcc39c?s=96&d=mm&r=g\",\"caption\":\"haberkuzey\"},\"sameAs\":[\"https:\\\/\\\/haberkuzey.com\"],\"url\":\"https:\\\/\\\/haberkuzey.com\\\/index.php\\\/author\\\/haberkuzey\\\/\"}]}<\/script>\n<!-- \/ Yoast SEO plugin. -->","yoast_head_json":{"title":"Meclis yar\u0131n toplanacak\u2026 - Haber Kuzey","robots":{"index":"index","follow":"follow","max-snippet":"max-snippet:-1","max-image-preview":"max-image-preview:large","max-video-preview":"max-video-preview:-1"},"canonical":"https:\/\/haberkuzey.com\/index.php\/2026\/03\/15\/meclis-yarin-toplanacak\/","og_locale":"tr_TR","og_type":"article","og_title":"Meclis yar\u0131n toplanacak\u2026 - Haber Kuzey","og_description":"Ziya \u00d6zt\u00fcrkler ba\u015fkanl\u0131\u011f\u0131nda saat 10.00\u2019da toplanmas\u0131 beklenen Meclis g\u00fcndeminde, Av ve Avla \u0130lgili Yaban Hayat\u0131n\u0131 D\u00fczenleme (De\u011fi\u015fiklik) Yasa Tasar\u0131s\u0131, M\u00fccahitlerin Tazmini ile Gazilerin Hak ve Menfaatlerinin Belirlenmesi (De\u011fi\u015fiklik) Yasa Tasar\u0131s\u0131 ve Al\u00e7ak Orman Arazilerinin Devri ve \u0130car\u0131 (De\u011fi\u015fiklik) Yasa Tasar\u0131s\u0131 bulunuyor. Toplant\u0131da ayr\u0131ca, Kuzey K\u0131br\u0131s T\u00fcrk Cumhuriyeti Pasaport (De\u011fi\u015fiklik) Yasa Tasar\u0131s\u0131 ve Oteller (De\u011fi\u015fiklik) Yasa [&hellip;]","og_url":"https:\/\/haberkuzey.com\/index.php\/2026\/03\/15\/meclis-yarin-toplanacak\/","og_site_name":"Haber Kuzey","article_published_time":"2026-03-15T10:45:08+00:00","author":"haberkuzey","twitter_card":"summary_large_image","twitter_misc":{"Yazan:":"haberkuzey","Tahmini okuma s\u00fcresi":"1 dakika"},"schema":{"@context":"https:\/\/schema.org","@graph":[{"@type":"Article","@id":"https:\/\/haberkuzey.com\/index.php\/2026\/03\/15\/meclis-yarin-toplanacak\/#article","isPartOf":{"@id":"https:\/\/haberkuzey.com\/index.php\/2026\/03\/15\/meclis-yarin-toplanacak\/"},"author":{"name":"haberkuzey","@id":"https:\/\/haberkuzey.com\/#\/schema\/person\/3372109ec735f9333f4fa47ebb9605ca"},"headline":"Meclis yar\u0131n toplanacak\u2026","datePublished":"2026-03-15T10:45:08+00:00","mainEntityOfPage":{"@id":"https:\/\/haberkuzey.com\/index.php\/2026\/03\/15\/meclis-yarin-toplanacak\/"},"wordCount":111,"commentCount":0,"image":{"@id":"https:\/\/haberkuzey.com\/index.php\/2026\/03\/15\/meclis-yarin-toplanacak\/#primaryimage"},"thumbnailUrl":"https:\/\/haberkuzey.com\/wp-content\/uploads\/2026\/03\/17735692197981771163065627MECLIS-YENI-YERLESKESI-3.jpg","articleSection":["K\u0131br\u0131s"],"inLanguage":"tr","potentialAction":[{"@type":"CommentAction","name":"Comment","target":["https:\/\/haberkuzey.com\/index.php\/2026\/03\/15\/meclis-yarin-toplanacak\/#respond"]}]},{"@type":"WebPage","@id":"https:\/\/haberkuzey.com\/index.php\/2026\/03\/15\/meclis-yarin-toplanacak\/","url":"https:\/\/haberkuzey.com\/index.php\/2026\/03\/15\/meclis-yarin-toplanacak\/","name":"Meclis yar\u0131n toplanacak\u2026 - Haber Kuzey","isPartOf":{"@id":"https:\/\/haberkuzey.com\/#website"},"primaryImageOfPage":{"@id":"https:\/\/haberkuzey.com\/index.php\/2026\/03\/15\/meclis-yarin-toplanacak\/#primaryimage"},"image":{"@id":"https:\/\/haberkuzey.com\/index.php\/2026\/03\/15\/meclis-yarin-toplanacak\/#primaryimage"},"thumbnailUrl":"https:\/\/haberkuzey.com\/wp-content\/uploads\/2026\/03\/17735692197981771163065627MECLIS-YENI-YERLESKESI-3.jpg","datePublished":"2026-03-15T10:45:08+00:00","author":{"@id":"https:\/\/haberkuzey.com\/#\/schema\/person\/3372109ec735f9333f4fa47ebb9605ca"},"breadcrumb":{"@id":"https:\/\/haberkuzey.com\/index.php\/2026\/03\/15\/meclis-yarin-toplanacak\/#breadcrumb"},"inLanguage":"tr","potentialAction":[{"@type":"ReadAction","target":["https:\/\/haberkuzey.com\/index.php\/2026\/03\/15\/meclis-yarin-toplanacak\/"]}]},{"@type":"ImageObject","inLanguage":"tr","@id":"https:\/\/haberkuzey.com\/index.php\/2026\/03\/15\/meclis-yarin-toplanacak\/#primaryimage","url":"https:\/\/haberkuzey.com\/wp-content\/uploads\/2026\/03\/17735692197981771163065627MECLIS-YENI-YERLESKESI-3.jpg","contentUrl":"https:\/\/haberkuzey.com\/wp-content\/uploads\/2026\/03\/17735692197981771163065627MECLIS-YENI-YERLESKESI-3.jpg","width":2560,"height":1486},{"@type":"BreadcrumbList","@id":"https:\/\/haberkuzey.com\/index.php\/2026\/03\/15\/meclis-yarin-toplanacak\/#breadcrumb","itemListElement":[{"@type":"ListItem","position":1,"name":"Anasayfa","item":"https:\/\/haberkuzey.com\/"},{"@type":"ListItem","position":2,"name":"Meclis yar\u0131n toplanacak\u2026"}]},{"@type":"WebSite","@id":"https:\/\/haberkuzey.com\/#website","url":"https:\/\/haberkuzey.com\/","name":"Haber Kuzey","description":"Do\u011fru Haberin Adresi","potentialAction":[{"@type":"SearchAction","target":{"@type":"EntryPoint","urlTemplate":"https:\/\/haberkuzey.com\/?s={search_term_string}"},"query-input":{"@type":"PropertyValueSpecification","valueRequired":true,"valueName":"search_term_string"}}],"inLanguage":"tr"},{"@type":"Person","@id":"https:\/\/haberkuzey.com\/#\/schema\/person\/3372109ec735f9333f4fa47ebb9605ca","name":"haberkuzey","image":{"@type":"ImageObject","inLanguage":"tr","@id":"https:\/\/secure.gravatar.com\/avatar\/f5fc875574b1575324358c3b9e6a32b8227aa5b74f3fa22e3cadb63e26fcc39c?s=96&d=mm&r=g","url":"https:\/\/secure.gravatar.com\/avatar\/f5fc875574b1575324358c3b9e6a32b8227aa5b74f3fa22e3cadb63e26fcc39c?s=96&d=mm&r=g","contentUrl":"https:\/\/secure.gravatar.com\/avatar\/f5fc875574b1575324358c3b9e6a32b8227aa5b74f3fa22e3cadb63e26fcc39c?s=96&d=mm&r=g","caption":"haberkuzey"},"sameAs":["https:\/\/haberkuzey.com"],"url":"https:\/\/haberkuzey.com\/index.php\/author\/haberkuzey\/"}]}},"_links":{"self":[{"href":"https:\/\/haberkuzey.com\/index.php\/wp-json\/wp\/v2\/posts\/35322","targetHints":{"allow":["GET"]}}],"collection":[{"href":"https:\/\/haberkuzey.com\/index.php\/wp-json\/wp\/v2\/posts"}],"about":[{"href":"https:\/\/haberkuzey.com\/index.php\/wp-json\/wp\/v2\/types\/post"}],"author":[{"embeddable":true,"href":"https:\/\/haberkuzey.com\/index.php\/wp-json\/wp\/v2\/users\/1"}],"replies":[{"embeddable":true,"href":"https:\/\/haberkuzey.com\/index.php\/wp-json\/wp\/v2\/comments?post=35322"}],"version-history":[{"count":0,"href":"https:\/\/haberkuzey.com\/index.php\/wp-json\/wp\/v2\/posts\/35322\/revisions"}],"wp:featuredmedia":[{"embeddable":true,"href":"https:\/\/haberkuzey.com\/index.php\/wp-json\/wp\/v2\/media\/35323"}],"wp:attachment":[{"href":"https:\/\/haberkuzey.com\/index.php\/wp-json\/wp\/v2\/media?parent=35322"}],"wp:term":[{"taxonomy":"category","embeddable":true,"href":"https:\/\/haberkuzey.com\/index.php\/wp-json\/wp\/v2\/categories?post=35322"},{"taxonomy":"post_tag","embeddable":true,"href":"https:\/\/haberkuzey.com\/index.php\/wp-json\/wp\/v2\/tags?post=35322"}],"curies":[{"name":"wp","href":"https:\/\/api.w.org\/{rel}","templated":true}]}}