{"id":35320,"date":"2026-03-15T12:39:26","date_gmt":"2026-03-15T10:39:26","guid":{"rendered":"https:\/\/haberkuzey.com\/index.php\/2026\/03\/15\/erhurman-kara-kuvvetleri-komutani-orgeneral-tokeli-kabul-etti\/"},"modified":"2026-03-15T12:39:26","modified_gmt":"2026-03-15T10:39:26","slug":"erhurman-kara-kuvvetleri-komutani-orgeneral-tokeli-kabul-etti","status":"publish","type":"post","link":"https:\/\/haberkuzey.com\/index.php\/2026\/03\/15\/erhurman-kara-kuvvetleri-komutani-orgeneral-tokeli-kabul-etti\/","title":{"rendered":"Erh\u00fcrman, Kara Kuvvetleri Komutan\u0131 Orgeneral Tokel\u2019i kabul etti"},"content":{"rendered":"<p style=\"font-weight: 300\">Cumhurba\u015fkanl\u0131\u011f\u0131ndan yap\u0131lan a\u00e7\u0131klamaya g\u00f6re, Erh\u00fcrman, kabulde, \u00a0ziyaretten duydu\u011fu memnuniyeti ifade etti.<\/p>\n<p style=\"font-weight: 300\">Cumhurba\u015fkanl\u0131\u011f\u0131 M\u00fcste\u015far\u0131 Mehmet D\u00e2n\u00e2\u2019n\u0131n haz\u0131r bulundu\u011fu kabulde, kar\u015f\u0131l\u0131kl\u0131 hediye takdiminde bulunuldu.<\/p>\n<p>Erh\u00fcrman, Kara Kuvvetleri Komutan\u0131 Orgeneral Tokel&#8217;i kabul etti yaz\u0131s\u0131 ilk \u00f6nce K\u0131br\u0131s Hakikat \u00fczerinde ortaya \u00e7\u0131kt\u0131.<\/p>\n","protected":false},"excerpt":{"rendered":"<p>Cumhurba\u015fkanl\u0131\u011f\u0131ndan yap\u0131lan a\u00e7\u0131klamaya g\u00f6re, Erh\u00fcrman, kabulde, \u00a0ziyaretten duydu\u011fu memnuniyeti ifade etti. Cumhurba\u015fkanl\u0131\u011f\u0131 M\u00fcste\u015far\u0131 Mehmet D\u00e2n\u00e2\u2019n\u0131n haz\u0131r bulundu\u011fu kabulde, kar\u015f\u0131l\u0131kl\u0131 hediye takdiminde bulunuldu. Erh\u00fcrman, Kara Kuvvetleri Komutan\u0131 Orgeneral Tokel&#8217;i kabul etti yaz\u0131s\u0131 ilk \u00f6nce K\u0131br\u0131s Hakikat \u00fczerinde ortaya \u00e7\u0131kt\u0131.<\/p>\n","protected":false},"author":1,"featured_media":35321,"comment_status":"open","ping_status":"open","sticky":false,"template":"","format":"standard","meta":{"jnews-multi-image_gallery":[],"jnews_single_post":[],"jnews_primary_category":[],"footnotes":""},"categories":[1],"tags":[],"class_list":["post-35320","post","type-post","status-publish","format-standard","has-post-thumbnail","hentry","category-kibris"],"yoast_head":"<!-- This site is optimized with the Yoast SEO plugin v27.5 - https:\/\/yoast.com\/product\/yoast-seo-wordpress\/ -->\n<title>Erh\u00fcrman, Kara Kuvvetleri Komutan\u0131 Orgeneral Tokel\u2019i kabul etti - Haber Kuzey<\/title>\n<meta name=\"robots\" content=\"index, follow, max-snippet:-1, max-image-preview:large, max-video-preview:-1\" \/>\n<link rel=\"canonical\" href=\"https:\/\/haberkuzey.com\/index.php\/2026\/03\/15\/erhurman-kara-kuvvetleri-komutani-orgeneral-tokeli-kabul-etti\/\" \/>\n<meta property=\"og:locale\" content=\"tr_TR\" \/>\n<meta property=\"og:type\" content=\"article\" \/>\n<meta property=\"og:title\" content=\"Erh\u00fcrman, Kara Kuvvetleri Komutan\u0131 Orgeneral Tokel\u2019i kabul etti - Haber Kuzey\" \/>\n<meta property=\"og:description\" content=\"Cumhurba\u015fkanl\u0131\u011f\u0131ndan yap\u0131lan a\u00e7\u0131klamaya g\u00f6re, Erh\u00fcrman, kabulde, \u00a0ziyaretten duydu\u011fu memnuniyeti ifade etti. Cumhurba\u015fkanl\u0131\u011f\u0131 M\u00fcste\u015far\u0131 Mehmet D\u00e2n\u00e2\u2019n\u0131n haz\u0131r bulundu\u011fu kabulde, kar\u015f\u0131l\u0131kl\u0131 hediye takdiminde bulunuldu. Erh\u00fcrman, Kara Kuvvetleri Komutan\u0131 Orgeneral Tokel&#8217;i kabul etti yaz\u0131s\u0131 ilk \u00f6nce K\u0131br\u0131s Hakikat \u00fczerinde ortaya \u00e7\u0131kt\u0131.\" \/>\n<meta property=\"og:url\" content=\"https:\/\/haberkuzey.com\/index.php\/2026\/03\/15\/erhurman-kara-kuvvetleri-komutani-orgeneral-tokeli-kabul-etti\/\" \/>\n<meta property=\"og:site_name\" content=\"Haber Kuzey\" \/>\n<meta property=\"article:published_time\" content=\"2026-03-15T10:39:26+00:00\" \/>\n<meta name=\"author\" content=\"haberkuzey\" \/>\n<meta name=\"twitter:card\" content=\"summary_large_image\" \/>\n<meta name=\"twitter:label1\" content=\"Yazan:\" \/>\n\t<meta name=\"twitter:data1\" content=\"haberkuzey\" \/>\n<script type=\"application\/ld+json\" class=\"yoast-schema-graph\">{\"@context\":\"https:\\\/\\\/schema.org\",\"@graph\":[{\"@type\":\"Article\",\"@id\":\"https:\\\/\\\/haberkuzey.com\\\/index.php\\\/2026\\\/03\\\/15\\\/erhurman-kara-kuvvetleri-komutani-orgeneral-tokeli-kabul-etti\\\/#article\",\"isPartOf\":{\"@id\":\"https:\\\/\\\/haberkuzey.com\\\/index.php\\\/2026\\\/03\\\/15\\\/erhurman-kara-kuvvetleri-komutani-orgeneral-tokeli-kabul-etti\\\/\"},\"author\":{\"name\":\"haberkuzey\",\"@id\":\"https:\\\/\\\/haberkuzey.com\\\/#\\\/schema\\\/person\\\/3372109ec735f9333f4fa47ebb9605ca\"},\"headline\":\"Erh\u00fcrman, Kara Kuvvetleri Komutan\u0131 Orgeneral Tokel\u2019i kabul etti\",\"datePublished\":\"2026-03-15T10:39:26+00:00\",\"mainEntityOfPage\":{\"@id\":\"https:\\\/\\\/haberkuzey.com\\\/index.php\\\/2026\\\/03\\\/15\\\/erhurman-kara-kuvvetleri-komutani-orgeneral-tokeli-kabul-etti\\\/\"},\"wordCount\":70,\"commentCount\":0,\"image\":{\"@id\":\"https:\\\/\\\/haberkuzey.com\\\/index.php\\\/2026\\\/03\\\/15\\\/erhurman-kara-kuvvetleri-komutani-orgeneral-tokeli-kabul-etti\\\/#primaryimage\"},\"thumbnailUrl\":\"https:\\\/\\\/haberkuzey.com\\\/wp-content\\\/uploads\\\/2026\\\/03\\\/1773569445258ERHURMAN-TOKELI-KABUL3.jpg\",\"articleSection\":[\"K\u0131br\u0131s\"],\"inLanguage\":\"tr\",\"potentialAction\":[{\"@type\":\"CommentAction\",\"name\":\"Comment\",\"target\":[\"https:\\\/\\\/haberkuzey.com\\\/index.php\\\/2026\\\/03\\\/15\\\/erhurman-kara-kuvvetleri-komutani-orgeneral-tokeli-kabul-etti\\\/#respond\"]}]},{\"@type\":\"WebPage\",\"@id\":\"https:\\\/\\\/haberkuzey.com\\\/index.php\\\/2026\\\/03\\\/15\\\/erhurman-kara-kuvvetleri-komutani-orgeneral-tokeli-kabul-etti\\\/\",\"url\":\"https:\\\/\\\/haberkuzey.com\\\/index.php\\\/2026\\\/03\\\/15\\\/erhurman-kara-kuvvetleri-komutani-orgeneral-tokeli-kabul-etti\\\/\",\"name\":\"Erh\u00fcrman, Kara Kuvvetleri Komutan\u0131 Orgeneral Tokel\u2019i kabul etti - Haber Kuzey\",\"isPartOf\":{\"@id\":\"https:\\\/\\\/haberkuzey.com\\\/#website\"},\"primaryImageOfPage\":{\"@id\":\"https:\\\/\\\/haberkuzey.com\\\/index.php\\\/2026\\\/03\\\/15\\\/erhurman-kara-kuvvetleri-komutani-orgeneral-tokeli-kabul-etti\\\/#primaryimage\"},\"image\":{\"@id\":\"https:\\\/\\\/haberkuzey.com\\\/index.php\\\/2026\\\/03\\\/15\\\/erhurman-kara-kuvvetleri-komutani-orgeneral-tokeli-kabul-etti\\\/#primaryimage\"},\"thumbnailUrl\":\"https:\\\/\\\/haberkuzey.com\\\/wp-content\\\/uploads\\\/2026\\\/03\\\/1773569445258ERHURMAN-TOKELI-KABUL3.jpg\",\"datePublished\":\"2026-03-15T10:39:26+00:00\",\"author\":{\"@id\":\"https:\\\/\\\/haberkuzey.com\\\/#\\\/schema\\\/person\\\/3372109ec735f9333f4fa47ebb9605ca\"},\"breadcrumb\":{\"@id\":\"https:\\\/\\\/haberkuzey.com\\\/index.php\\\/2026\\\/03\\\/15\\\/erhurman-kara-kuvvetleri-komutani-orgeneral-tokeli-kabul-etti\\\/#breadcrumb\"},\"inLanguage\":\"tr\",\"potentialAction\":[{\"@type\":\"ReadAction\",\"target\":[\"https:\\\/\\\/haberkuzey.com\\\/index.php\\\/2026\\\/03\\\/15\\\/erhurman-kara-kuvvetleri-komutani-orgeneral-tokeli-kabul-etti\\\/\"]}]},{\"@type\":\"ImageObject\",\"inLanguage\":\"tr\",\"@id\":\"https:\\\/\\\/haberkuzey.com\\\/index.php\\\/2026\\\/03\\\/15\\\/erhurman-kara-kuvvetleri-komutani-orgeneral-tokeli-kabul-etti\\\/#primaryimage\",\"url\":\"https:\\\/\\\/haberkuzey.com\\\/wp-content\\\/uploads\\\/2026\\\/03\\\/1773569445258ERHURMAN-TOKELI-KABUL3.jpg\",\"contentUrl\":\"https:\\\/\\\/haberkuzey.com\\\/wp-content\\\/uploads\\\/2026\\\/03\\\/1773569445258ERHURMAN-TOKELI-KABUL3.jpg\",\"width\":1600,\"height\":1066},{\"@type\":\"BreadcrumbList\",\"@id\":\"https:\\\/\\\/haberkuzey.com\\\/index.php\\\/2026\\\/03\\\/15\\\/erhurman-kara-kuvvetleri-komutani-orgeneral-tokeli-kabul-etti\\\/#breadcrumb\",\"itemListElement\":[{\"@type\":\"ListItem\",\"position\":1,\"name\":\"Anasayfa\",\"item\":\"https:\\\/\\\/haberkuzey.com\\\/\"},{\"@type\":\"ListItem\",\"position\":2,\"name\":\"Erh\u00fcrman, Kara Kuvvetleri Komutan\u0131 Orgeneral Tokel\u2019i kabul etti\"}]},{\"@type\":\"WebSite\",\"@id\":\"https:\\\/\\\/haberkuzey.com\\\/#website\",\"url\":\"https:\\\/\\\/haberkuzey.com\\\/\",\"name\":\"Haber Kuzey\",\"description\":\"Do\u011fru Haberin Adresi\",\"potentialAction\":[{\"@type\":\"SearchAction\",\"target\":{\"@type\":\"EntryPoint\",\"urlTemplate\":\"https:\\\/\\\/haberkuzey.com\\\/?s={search_term_string}\"},\"query-input\":{\"@type\":\"PropertyValueSpecification\",\"valueRequired\":true,\"valueName\":\"search_term_string\"}}],\"inLanguage\":\"tr\"},{\"@type\":\"Person\",\"@id\":\"https:\\\/\\\/haberkuzey.com\\\/#\\\/schema\\\/person\\\/3372109ec735f9333f4fa47ebb9605ca\",\"name\":\"haberkuzey\",\"image\":{\"@type\":\"ImageObject\",\"inLanguage\":\"tr\",\"@id\":\"https:\\\/\\\/secure.gravatar.com\\\/avatar\\\/f5fc875574b1575324358c3b9e6a32b8227aa5b74f3fa22e3cadb63e26fcc39c?s=96&d=mm&r=g\",\"url\":\"https:\\\/\\\/secure.gravatar.com\\\/avatar\\\/f5fc875574b1575324358c3b9e6a32b8227aa5b74f3fa22e3cadb63e26fcc39c?s=96&d=mm&r=g\",\"contentUrl\":\"https:\\\/\\\/secure.gravatar.com\\\/avatar\\\/f5fc875574b1575324358c3b9e6a32b8227aa5b74f3fa22e3cadb63e26fcc39c?s=96&d=mm&r=g\",\"caption\":\"haberkuzey\"},\"sameAs\":[\"https:\\\/\\\/haberkuzey.com\"],\"url\":\"https:\\\/\\\/haberkuzey.com\\\/index.php\\\/author\\\/haberkuzey\\\/\"}]}<\/script>\n<!-- \/ Yoast SEO plugin. -->","yoast_head_json":{"title":"Erh\u00fcrman, Kara Kuvvetleri Komutan\u0131 Orgeneral Tokel\u2019i kabul etti - Haber Kuzey","robots":{"index":"index","follow":"follow","max-snippet":"max-snippet:-1","max-image-preview":"max-image-preview:large","max-video-preview":"max-video-preview:-1"},"canonical":"https:\/\/haberkuzey.com\/index.php\/2026\/03\/15\/erhurman-kara-kuvvetleri-komutani-orgeneral-tokeli-kabul-etti\/","og_locale":"tr_TR","og_type":"article","og_title":"Erh\u00fcrman, Kara Kuvvetleri Komutan\u0131 Orgeneral Tokel\u2019i kabul etti - Haber Kuzey","og_description":"Cumhurba\u015fkanl\u0131\u011f\u0131ndan yap\u0131lan a\u00e7\u0131klamaya g\u00f6re, Erh\u00fcrman, kabulde, \u00a0ziyaretten duydu\u011fu memnuniyeti ifade etti. Cumhurba\u015fkanl\u0131\u011f\u0131 M\u00fcste\u015far\u0131 Mehmet D\u00e2n\u00e2\u2019n\u0131n haz\u0131r bulundu\u011fu kabulde, kar\u015f\u0131l\u0131kl\u0131 hediye takdiminde bulunuldu. Erh\u00fcrman, Kara Kuvvetleri Komutan\u0131 Orgeneral Tokel&#8217;i kabul etti yaz\u0131s\u0131 ilk \u00f6nce K\u0131br\u0131s Hakikat \u00fczerinde ortaya \u00e7\u0131kt\u0131.","og_url":"https:\/\/haberkuzey.com\/index.php\/2026\/03\/15\/erhurman-kara-kuvvetleri-komutani-orgeneral-tokeli-kabul-etti\/","og_site_name":"Haber Kuzey","article_published_time":"2026-03-15T10:39:26+00:00","author":"haberkuzey","twitter_card":"summary_large_image","twitter_misc":{"Yazan:":"haberkuzey"},"schema":{"@context":"https:\/\/schema.org","@graph":[{"@type":"Article","@id":"https:\/\/haberkuzey.com\/index.php\/2026\/03\/15\/erhurman-kara-kuvvetleri-komutani-orgeneral-tokeli-kabul-etti\/#article","isPartOf":{"@id":"https:\/\/haberkuzey.com\/index.php\/2026\/03\/15\/erhurman-kara-kuvvetleri-komutani-orgeneral-tokeli-kabul-etti\/"},"author":{"name":"haberkuzey","@id":"https:\/\/haberkuzey.com\/#\/schema\/person\/3372109ec735f9333f4fa47ebb9605ca"},"headline":"Erh\u00fcrman, Kara Kuvvetleri Komutan\u0131 Orgeneral Tokel\u2019i kabul etti","datePublished":"2026-03-15T10:39:26+00:00","mainEntityOfPage":{"@id":"https:\/\/haberkuzey.com\/index.php\/2026\/03\/15\/erhurman-kara-kuvvetleri-komutani-orgeneral-tokeli-kabul-etti\/"},"wordCount":70,"commentCount":0,"image":{"@id":"https:\/\/haberkuzey.com\/index.php\/2026\/03\/15\/erhurman-kara-kuvvetleri-komutani-orgeneral-tokeli-kabul-etti\/#primaryimage"},"thumbnailUrl":"https:\/\/haberkuzey.com\/wp-content\/uploads\/2026\/03\/1773569445258ERHURMAN-TOKELI-KABUL3.jpg","articleSection":["K\u0131br\u0131s"],"inLanguage":"tr","potentialAction":[{"@type":"CommentAction","name":"Comment","target":["https:\/\/haberkuzey.com\/index.php\/2026\/03\/15\/erhurman-kara-kuvvetleri-komutani-orgeneral-tokeli-kabul-etti\/#respond"]}]},{"@type":"WebPage","@id":"https:\/\/haberkuzey.com\/index.php\/2026\/03\/15\/erhurman-kara-kuvvetleri-komutani-orgeneral-tokeli-kabul-etti\/","url":"https:\/\/haberkuzey.com\/index.php\/2026\/03\/15\/erhurman-kara-kuvvetleri-komutani-orgeneral-tokeli-kabul-etti\/","name":"Erh\u00fcrman, Kara Kuvvetleri Komutan\u0131 Orgeneral Tokel\u2019i kabul etti - Haber Kuzey","isPartOf":{"@id":"https:\/\/haberkuzey.com\/#website"},"primaryImageOfPage":{"@id":"https:\/\/haberkuzey.com\/index.php\/2026\/03\/15\/erhurman-kara-kuvvetleri-komutani-orgeneral-tokeli-kabul-etti\/#primaryimage"},"image":{"@id":"https:\/\/haberkuzey.com\/index.php\/2026\/03\/15\/erhurman-kara-kuvvetleri-komutani-orgeneral-tokeli-kabul-etti\/#primaryimage"},"thumbnailUrl":"https:\/\/haberkuzey.com\/wp-content\/uploads\/2026\/03\/1773569445258ERHURMAN-TOKELI-KABUL3.jpg","datePublished":"2026-03-15T10:39:26+00:00","author":{"@id":"https:\/\/haberkuzey.com\/#\/schema\/person\/3372109ec735f9333f4fa47ebb9605ca"},"breadcrumb":{"@id":"https:\/\/haberkuzey.com\/index.php\/2026\/03\/15\/erhurman-kara-kuvvetleri-komutani-orgeneral-tokeli-kabul-etti\/#breadcrumb"},"inLanguage":"tr","potentialAction":[{"@type":"ReadAction","target":["https:\/\/haberkuzey.com\/index.php\/2026\/03\/15\/erhurman-kara-kuvvetleri-komutani-orgeneral-tokeli-kabul-etti\/"]}]},{"@type":"ImageObject","inLanguage":"tr","@id":"https:\/\/haberkuzey.com\/index.php\/2026\/03\/15\/erhurman-kara-kuvvetleri-komutani-orgeneral-tokeli-kabul-etti\/#primaryimage","url":"https:\/\/haberkuzey.com\/wp-content\/uploads\/2026\/03\/1773569445258ERHURMAN-TOKELI-KABUL3.jpg","contentUrl":"https:\/\/haberkuzey.com\/wp-content\/uploads\/2026\/03\/1773569445258ERHURMAN-TOKELI-KABUL3.jpg","width":1600,"height":1066},{"@type":"BreadcrumbList","@id":"https:\/\/haberkuzey.com\/index.php\/2026\/03\/15\/erhurman-kara-kuvvetleri-komutani-orgeneral-tokeli-kabul-etti\/#breadcrumb","itemListElement":[{"@type":"ListItem","position":1,"name":"Anasayfa","item":"https:\/\/haberkuzey.com\/"},{"@type":"ListItem","position":2,"name":"Erh\u00fcrman, Kara Kuvvetleri Komutan\u0131 Orgeneral Tokel\u2019i kabul etti"}]},{"@type":"WebSite","@id":"https:\/\/haberkuzey.com\/#website","url":"https:\/\/haberkuzey.com\/","name":"Haber Kuzey","description":"Do\u011fru Haberin Adresi","potentialAction":[{"@type":"SearchAction","target":{"@type":"EntryPoint","urlTemplate":"https:\/\/haberkuzey.com\/?s={search_term_string}"},"query-input":{"@type":"PropertyValueSpecification","valueRequired":true,"valueName":"search_term_string"}}],"inLanguage":"tr"},{"@type":"Person","@id":"https:\/\/haberkuzey.com\/#\/schema\/person\/3372109ec735f9333f4fa47ebb9605ca","name":"haberkuzey","image":{"@type":"ImageObject","inLanguage":"tr","@id":"https:\/\/secure.gravatar.com\/avatar\/f5fc875574b1575324358c3b9e6a32b8227aa5b74f3fa22e3cadb63e26fcc39c?s=96&d=mm&r=g","url":"https:\/\/secure.gravatar.com\/avatar\/f5fc875574b1575324358c3b9e6a32b8227aa5b74f3fa22e3cadb63e26fcc39c?s=96&d=mm&r=g","contentUrl":"https:\/\/secure.gravatar.com\/avatar\/f5fc875574b1575324358c3b9e6a32b8227aa5b74f3fa22e3cadb63e26fcc39c?s=96&d=mm&r=g","caption":"haberkuzey"},"sameAs":["https:\/\/haberkuzey.com"],"url":"https:\/\/haberkuzey.com\/index.php\/author\/haberkuzey\/"}]}},"_links":{"self":[{"href":"https:\/\/haberkuzey.com\/index.php\/wp-json\/wp\/v2\/posts\/35320","targetHints":{"allow":["GET"]}}],"collection":[{"href":"https:\/\/haberkuzey.com\/index.php\/wp-json\/wp\/v2\/posts"}],"about":[{"href":"https:\/\/haberkuzey.com\/index.php\/wp-json\/wp\/v2\/types\/post"}],"author":[{"embeddable":true,"href":"https:\/\/haberkuzey.com\/index.php\/wp-json\/wp\/v2\/users\/1"}],"replies":[{"embeddable":true,"href":"https:\/\/haberkuzey.com\/index.php\/wp-json\/wp\/v2\/comments?post=35320"}],"version-history":[{"count":0,"href":"https:\/\/haberkuzey.com\/index.php\/wp-json\/wp\/v2\/posts\/35320\/revisions"}],"wp:featuredmedia":[{"embeddable":true,"href":"https:\/\/haberkuzey.com\/index.php\/wp-json\/wp\/v2\/media\/35321"}],"wp:attachment":[{"href":"https:\/\/haberkuzey.com\/index.php\/wp-json\/wp\/v2\/media?parent=35320"}],"wp:term":[{"taxonomy":"category","embeddable":true,"href":"https:\/\/haberkuzey.com\/index.php\/wp-json\/wp\/v2\/categories?post=35320"},{"taxonomy":"post_tag","embeddable":true,"href":"https:\/\/haberkuzey.com\/index.php\/wp-json\/wp\/v2\/tags?post=35320"}],"curies":[{"name":"wp","href":"https:\/\/api.w.org\/{rel}","templated":true}]}}