{"id":35316,"date":"2026-03-15T10:05:12","date_gmt":"2026-03-15T08:05:12","guid":{"rendered":"https:\/\/haberkuzey.com\/index.php\/2026\/03\/15\/bir-ateistin-ramazan-vaazi\/"},"modified":"2026-03-15T10:05:12","modified_gmt":"2026-03-15T08:05:12","slug":"bir-ateistin-ramazan-vaazi","status":"publish","type":"post","link":"https:\/\/haberkuzey.com\/index.php\/2026\/03\/15\/bir-ateistin-ramazan-vaazi\/","title":{"rendered":"Bir Ateistin Ramazan Vaaz\u0131"},"content":{"rendered":"<p>&nbsp;<\/p>\n<p>Ge\u00e7ti\u011fimiz g\u00fcn ilgin\u00e7 bir telefon g\u00f6r\u00fc\u015fmesi yapt\u0131m.<\/p>\n<p>Arad\u0131\u011f\u0131m ki\u015fi, K\u0131br\u0131s T\u00fcrk siyaseti ve toplum bilimleri \u00fczerine y\u0131llard\u0131r d\u00fc\u015f\u00fcnen, yazan bir abimiz. Ama kendisini a\u00e7\u0131k\u00e7a ateist olarak tan\u0131mlayan bir b\u00fcy\u00fc\u011f\u00fcm\u00fcz.<\/p>\n<p>Ramazan etkinlikleri \u00fczerine yazd\u0131\u011f\u0131 bir yaz\u0131y\u0131 okuyunca direk kendisini arad\u0131m.<\/p>\n<p>\u201cAbi,\u201d dedim,<br \/>\n\u201cSen ateistim diyorsun. Neden dini bir konuda yaz\u0131 yazd\u0131n ki?\u201d<\/p>\n<p>Biraz sustu. Sonra sakin bir sesle tebess\u00fcmle kendine has tarz\u0131yla konu\u015fmaya ba\u015flad\u0131.<\/p>\n<p>\u201cKKTC\u2019de son zamanlarda dini \u00e7al\u0131\u015fma yapt\u0131\u011f\u0131n\u0131 s\u00f6yleyen baz\u0131 STK\u2019lar var. Bunlar\u0131n bir \u00e7o\u011funun \u0130slam ile ilgili oldu\u011funu d\u00fc\u015f\u00fcnm\u00fcyorum.<\/p>\n<p>E\u011fer ger\u00e7ekten \u0130slami \u00e7al\u0131\u015fma yapacaklarsa yaps\u0131nlar. Ama yapt\u0131klar\u0131 \u015fey \u0130slam\u2019da yoksa, onu \u0130slam etiketiyle sunmak do\u011fru de\u011fil\u2026 \u201d<\/p>\n<p>Sonra konu do\u011fal olarak i\u00e7inde bulundu\u011fumuz Ramazan\u2019a geldi.<\/p>\n<p>\u201cDinimizde yetimler, garipler ve ihtiya\u00e7 sahipleri i\u00e7in kurulan iftar sofralar\u0131 vard\u0131.<\/p>\n<p>Ama bug\u00fcn bak\u0131yorum, baz\u0131 iftar programlar\u0131 \u015fov ve kimlik kazanma sahnesine d\u00f6n\u00fc\u015fm\u00fc\u015f.\u201d<\/p>\n<p>Biraz durdu. Sonra g\u00fclerek devam etti:<\/p>\n<p>\u201cBir misafir daha gelince \u00e7orbaya bir tabak daha \u015fu ekle Ya Ai\u015fe diyen bir peygamberin \u00fcmmeti, bug\u00fcn be\u015f y\u0131ld\u0131zl\u0131 otellerde verilen protokol yemeklerine iftar diyor.\u201d<\/p>\n<p>Sonra sahneyi tarif etti:<\/p>\n<p>Alt\u0131n kaplama tabaklar.<br \/>\nKristal avizeler.<br \/>\nDev salonlar.<br \/>\n\u00dc\u00e7 ayr\u0131 kamera.<br \/>\nBe\u015f ayr\u0131 bas\u0131n foto\u011fraf\u00e7\u0131s\u0131.<\/p>\n<p>Ve sofradan sofraya dola\u015f\u0131p selfie \u00e7eken hep ayn\u0131 insanlar!<\/p>\n<p>Baz\u0131 iftar sofralar\u0131na bak\u0131nca insan\u0131n akl\u0131na \u015fu geliyor:<br \/>\nRamazan\u2019da oru\u00e7 a\u00e7\u0131lm\u0131yor, sanki bir \u015feyin a\u00e7\u0131l\u0131\u015f\u0131 yap\u0131l\u0131yor.<\/p>\n<p>Ramazan ay\u0131nda baz\u0131 sofralarda dua ve ibadetten \u00e7ok foto\u011fraf \u00e7ekiliyor.<br \/>\n\u0130nsan bazen merak ediyor:<br \/>\nOru\u00e7 mu a\u00e7\u0131l\u0131yor, yoksa ba\u015fka bir \u015fey mi?<\/p>\n<p>Yani bir iftarda siyasi liderler niye konu\u015fma yapar mesela?<\/p>\n<p>\u0130lgin\u00e7tir;<br \/>\nsofralar b\u00fcy\u00fcd\u00fck\u00e7e samimiyet k\u00fc\u00e7\u00fcl\u00fcyor, davetlilerin say\u0131s\u0131 artt\u0131k\u00e7a fakirlerin say\u0131s\u0131 azal\u0131yor .<\/p>\n<p>Sonra ateist abimiz \u015fu c\u00fcmleyi kurdu:<br \/>\n\u201cA\u00e7\u0131kcas\u0131 ben dindar biri olsam bu yap\u0131lanlar kar\u015f\u0131s\u0131nda dinime zarar veriliyor diye mahkemeye ba\u015f vurur idim.<\/p>\n<p>Veya da en basidi ben ateistim ama yine de bunun samimi olmad\u0131\u011f\u0131n\u0131 g\u00f6rebiliyorum ve saf ve temiz m\u00fcsl\u00fcman arkada\u015flar ad\u0131na rahats\u0131z oluyorum.<\/p>\n<p>Ramazan, tarih boyunca M\u00fcsl\u00fcman toplumlarda g\u00f6sterinin de\u011fil payla\u015fman\u0131n ay\u0131 olmu\u015ftur.<br \/>\n\u0130ftar sofralar\u0131 zenginli\u011fi sergilemek i\u00e7in de\u011fil, yoklu\u011fu payla\u015fmak i\u00e7in kurulmu\u015ftur.<\/p>\n<p>Sohbetimizin sonlar\u0131na do\u011fru ateist abimiz s\u00f6zlerini biraz daha ki\u015fisel bir yerden tamamlad\u0131.<\/p>\n<p>\u201cBiz \u00e7ok dindar bir aile de\u011fildik. Ama \u0130ngiliz d\u00f6neminden beri Rum kom\u015fulu\u011funda ya\u015fam\u0131\u015f K\u0131br\u0131sl\u0131 T\u00fcrk bir aileyiz.\u201d<\/p>\n<p>\u201cHayat\u0131m\u0131z boyunca ne b\u00f6yle bir ibadet \u015fekli g\u00f6rd\u00fck ne de b\u00f6yle bir yard\u0131mla\u015fma \u015fekli. Ne de b\u00f6yle bir \u0130slam \u015fekli.\u201d<\/p>\n<p>K\u0131br\u0131s T\u00fcrk toplumunda din \u00e7o\u011fu zaman sessiz ya\u015fan\u0131rd\u0131.<br \/>\nKom\u015fuluk vard\u0131.<br \/>\nPayla\u015fma vard\u0131.<br \/>\nMahremiyet vard\u0131.<\/p>\n<p>\u201cHatta bizde ibadet olan, taziye olan evin kap\u0131s\u0131nda buhur yak\u0131l\u0131rd\u0131 ki sessiz ge\u00e7in dini faliyet var mahremiyet var\u201d diye..<\/p>\n<p>\u0130ftar sofralar\u0131 evlerde kurulurdu.<br \/>\nKap\u0131ya gelen a\u00e7 geri \u00e7evrilmezdi.<\/p>\n<p>Sonra \u015f\u00f6yle dedi:<\/p>\n<p>\u201cBaz\u0131lar\u0131n\u0131n yapt\u0131\u011f\u0131 bu manas\u0131z \u015feyler kime hizmet eder bilmem. Ama hem toplumun ciddi tepkisini al\u0131yor hem de ger\u00e7ek ibadet yapan insanlar\u0131n ibadetlerini g\u00f6lgede b\u0131rak\u0131yor. Benden s\u00f6ylemesi.\u201d<\/p>\n<p>Ve g\u00fclerek \u015funu ekledi:<\/p>\n<p>\u201cPeygamberimizin sofras\u0131na bir tabak daha eklenirdi\u2026 bug\u00fcn baz\u0131 sofralara bir kamera daha ekleniyor.\u201d<\/p>\n<p>Yani a\u00e7\u0131k\u00e7as\u0131 beni bir m\u00fcsl\u00fcman olarak y\u00f6nlendirdi\u011fi \u00f6z ele\u015ftiri duygular\u0131:<\/p>\n<p>Belki de bize d\u00fc\u015fen en \u00f6nemli g\u00f6rev, Ramazan\u2019\u0131 sadece takvimde bir tarih olarak de\u011fil, y\u00fcre\u011fimizde bir s\u0131nav olarak g\u00f6rmek olmal\u0131d\u0131r.<\/p>\n<p>A\u00e7l\u0131k bedenimizi s\u0131narken, samimiyet ve i\u00e7tenlik ruhumuzu s\u0131nar.<\/p>\n<p>Sofralar ne kadar g\u00f6steri\u015fli olursa olsun, ger\u00e7ek iftar sofralar\u0131n\u0131n \u00f6l\u00e7\u00fcs\u00fc payla\u015f\u0131md\u0131r, c\u00f6mertliktir ve ihtiyac\u0131 g\u00f6ren bir bak\u0131\u015fta gizlidir.<\/p>\n<p>Bug\u00fcn bizden beklenen, alt\u0131n kaplardan ve kristal avizelerden ziyade, kalplerimizi a\u00e7mak; ba\u015fkalar\u0131n\u0131n eksikli\u011fine duyars\u0131z kalmamak; ve ibadeti kendi i\u00e7imizde, g\u00f6steri\u015ften uzak ya\u015fatmakt\u0131r.<\/p>\n<p>Ramazan, b\u00fcy\u00fck sofralarda de\u011fil, k\u00fc\u00e7\u00fck ama samimi y\u00fcreklerde vard\u0131r.<\/p>\n<p>Sonu\u00e7 olarak M\u00fcsl\u00fcman bir din adam\u0131 olarak beni en \u00e7ok d\u00fc\u015f\u00fcnd\u00fcren c\u00fcmleyi da en sona b\u0131rakt\u0131 san\u0131r\u0131m:<\/p>\n<p>\u201cRamazan\u2019\u0131n en b\u00fcy\u00fck imtihan\u0131 a\u00e7l\u0131k de\u011fildir; samimiyetin g\u00f6steri\u015fe yenilmemesidir\u201d.<\/p>\n<p>Te\u015fekk\u00fcrler de\u011ferli abimize..<\/p>\n<p>Ne mutlu ders \u00e7\u0131kartabilen dostlar\u0131m\u0131za..<\/p>\n<p>Bir Ateistin Ramazan Vaaz\u0131 yaz\u0131s\u0131 ilk \u00f6nce K\u0131br\u0131s Hakikat \u00fczerinde ortaya \u00e7\u0131kt\u0131.<\/p>\n","protected":false},"excerpt":{"rendered":"<p>&nbsp; Ge\u00e7ti\u011fimiz g\u00fcn ilgin\u00e7 bir telefon g\u00f6r\u00fc\u015fmesi yapt\u0131m. Arad\u0131\u011f\u0131m ki\u015fi, K\u0131br\u0131s T\u00fcrk siyaseti ve toplum bilimleri \u00fczerine y\u0131llard\u0131r d\u00fc\u015f\u00fcnen, yazan bir abimiz. Ama kendisini a\u00e7\u0131k\u00e7a ateist olarak tan\u0131mlayan bir b\u00fcy\u00fc\u011f\u00fcm\u00fcz. Ramazan etkinlikleri \u00fczerine yazd\u0131\u011f\u0131 bir yaz\u0131y\u0131 okuyunca direk kendisini arad\u0131m. \u201cAbi,\u201d dedim, \u201cSen ateistim diyorsun. Neden dini bir konuda yaz\u0131 yazd\u0131n ki?\u201d Biraz sustu. Sonra [&hellip;]<\/p>\n","protected":false},"author":1,"featured_media":35317,"comment_status":"open","ping_status":"open","sticky":false,"template":"","format":"standard","meta":{"jnews-multi-image_gallery":[],"jnews_single_post":[],"jnews_primary_category":[],"footnotes":""},"categories":[1],"tags":[],"class_list":["post-35316","post","type-post","status-publish","format-standard","has-post-thumbnail","hentry","category-kibris"],"yoast_head":"<!-- This site is optimized with the Yoast SEO plugin v27.5 - https:\/\/yoast.com\/product\/yoast-seo-wordpress\/ -->\n<title>Bir Ateistin Ramazan Vaaz\u0131 - Haber Kuzey<\/title>\n<meta name=\"robots\" content=\"index, follow, max-snippet:-1, max-image-preview:large, max-video-preview:-1\" \/>\n<link rel=\"canonical\" href=\"https:\/\/haberkuzey.com\/index.php\/2026\/03\/15\/bir-ateistin-ramazan-vaazi\/\" \/>\n<meta property=\"og:locale\" content=\"tr_TR\" \/>\n<meta property=\"og:type\" content=\"article\" \/>\n<meta property=\"og:title\" content=\"Bir Ateistin Ramazan Vaaz\u0131 - Haber Kuzey\" \/>\n<meta property=\"og:description\" content=\"&nbsp; Ge\u00e7ti\u011fimiz g\u00fcn ilgin\u00e7 bir telefon g\u00f6r\u00fc\u015fmesi yapt\u0131m. Arad\u0131\u011f\u0131m ki\u015fi, K\u0131br\u0131s T\u00fcrk siyaseti ve toplum bilimleri \u00fczerine y\u0131llard\u0131r d\u00fc\u015f\u00fcnen, yazan bir abimiz. Ama kendisini a\u00e7\u0131k\u00e7a ateist olarak tan\u0131mlayan bir b\u00fcy\u00fc\u011f\u00fcm\u00fcz. Ramazan etkinlikleri \u00fczerine yazd\u0131\u011f\u0131 bir yaz\u0131y\u0131 okuyunca direk kendisini arad\u0131m. \u201cAbi,\u201d dedim, \u201cSen ateistim diyorsun. Neden dini bir konuda yaz\u0131 yazd\u0131n ki?\u201d Biraz sustu. Sonra [&hellip;]\" \/>\n<meta property=\"og:url\" content=\"https:\/\/haberkuzey.com\/index.php\/2026\/03\/15\/bir-ateistin-ramazan-vaazi\/\" \/>\n<meta property=\"og:site_name\" content=\"Haber Kuzey\" \/>\n<meta property=\"article:published_time\" content=\"2026-03-15T08:05:12+00:00\" \/>\n<meta name=\"author\" content=\"haberkuzey\" \/>\n<meta name=\"twitter:card\" content=\"summary_large_image\" \/>\n<meta name=\"twitter:label1\" content=\"Yazan:\" \/>\n\t<meta name=\"twitter:data1\" content=\"haberkuzey\" \/>\n\t<meta name=\"twitter:label2\" content=\"Tahmini okuma s\u00fcresi\" \/>\n\t<meta name=\"twitter:data2\" content=\"4 dakika\" \/>\n<script type=\"application\/ld+json\" class=\"yoast-schema-graph\">{\"@context\":\"https:\\\/\\\/schema.org\",\"@graph\":[{\"@type\":\"Article\",\"@id\":\"https:\\\/\\\/haberkuzey.com\\\/index.php\\\/2026\\\/03\\\/15\\\/bir-ateistin-ramazan-vaazi\\\/#article\",\"isPartOf\":{\"@id\":\"https:\\\/\\\/haberkuzey.com\\\/index.php\\\/2026\\\/03\\\/15\\\/bir-ateistin-ramazan-vaazi\\\/\"},\"author\":{\"name\":\"haberkuzey\",\"@id\":\"https:\\\/\\\/haberkuzey.com\\\/#\\\/schema\\\/person\\\/3372109ec735f9333f4fa47ebb9605ca\"},\"headline\":\"Bir Ateistin Ramazan Vaaz\u0131\",\"datePublished\":\"2026-03-15T08:05:12+00:00\",\"mainEntityOfPage\":{\"@id\":\"https:\\\/\\\/haberkuzey.com\\\/index.php\\\/2026\\\/03\\\/15\\\/bir-ateistin-ramazan-vaazi\\\/\"},\"wordCount\":825,\"commentCount\":0,\"image\":{\"@id\":\"https:\\\/\\\/haberkuzey.com\\\/index.php\\\/2026\\\/03\\\/15\\\/bir-ateistin-ramazan-vaazi\\\/#primaryimage\"},\"thumbnailUrl\":\"https:\\\/\\\/haberkuzey.com\\\/wp-content\\\/uploads\\\/2026\\\/03\\\/Basit-Metin-ve-Fotograf-Yeni-Sarki-Videosu-Youtube-Kucuk-Resmi-18.png\",\"articleSection\":[\"K\u0131br\u0131s\"],\"inLanguage\":\"tr\",\"potentialAction\":[{\"@type\":\"CommentAction\",\"name\":\"Comment\",\"target\":[\"https:\\\/\\\/haberkuzey.com\\\/index.php\\\/2026\\\/03\\\/15\\\/bir-ateistin-ramazan-vaazi\\\/#respond\"]}]},{\"@type\":\"WebPage\",\"@id\":\"https:\\\/\\\/haberkuzey.com\\\/index.php\\\/2026\\\/03\\\/15\\\/bir-ateistin-ramazan-vaazi\\\/\",\"url\":\"https:\\\/\\\/haberkuzey.com\\\/index.php\\\/2026\\\/03\\\/15\\\/bir-ateistin-ramazan-vaazi\\\/\",\"name\":\"Bir Ateistin Ramazan Vaaz\u0131 - Haber Kuzey\",\"isPartOf\":{\"@id\":\"https:\\\/\\\/haberkuzey.com\\\/#website\"},\"primaryImageOfPage\":{\"@id\":\"https:\\\/\\\/haberkuzey.com\\\/index.php\\\/2026\\\/03\\\/15\\\/bir-ateistin-ramazan-vaazi\\\/#primaryimage\"},\"image\":{\"@id\":\"https:\\\/\\\/haberkuzey.com\\\/index.php\\\/2026\\\/03\\\/15\\\/bir-ateistin-ramazan-vaazi\\\/#primaryimage\"},\"thumbnailUrl\":\"https:\\\/\\\/haberkuzey.com\\\/wp-content\\\/uploads\\\/2026\\\/03\\\/Basit-Metin-ve-Fotograf-Yeni-Sarki-Videosu-Youtube-Kucuk-Resmi-18.png\",\"datePublished\":\"2026-03-15T08:05:12+00:00\",\"author\":{\"@id\":\"https:\\\/\\\/haberkuzey.com\\\/#\\\/schema\\\/person\\\/3372109ec735f9333f4fa47ebb9605ca\"},\"breadcrumb\":{\"@id\":\"https:\\\/\\\/haberkuzey.com\\\/index.php\\\/2026\\\/03\\\/15\\\/bir-ateistin-ramazan-vaazi\\\/#breadcrumb\"},\"inLanguage\":\"tr\",\"potentialAction\":[{\"@type\":\"ReadAction\",\"target\":[\"https:\\\/\\\/haberkuzey.com\\\/index.php\\\/2026\\\/03\\\/15\\\/bir-ateistin-ramazan-vaazi\\\/\"]}]},{\"@type\":\"ImageObject\",\"inLanguage\":\"tr\",\"@id\":\"https:\\\/\\\/haberkuzey.com\\\/index.php\\\/2026\\\/03\\\/15\\\/bir-ateistin-ramazan-vaazi\\\/#primaryimage\",\"url\":\"https:\\\/\\\/haberkuzey.com\\\/wp-content\\\/uploads\\\/2026\\\/03\\\/Basit-Metin-ve-Fotograf-Yeni-Sarki-Videosu-Youtube-Kucuk-Resmi-18.png\",\"contentUrl\":\"https:\\\/\\\/haberkuzey.com\\\/wp-content\\\/uploads\\\/2026\\\/03\\\/Basit-Metin-ve-Fotograf-Yeni-Sarki-Videosu-Youtube-Kucuk-Resmi-18.png\",\"width\":1280,\"height\":720},{\"@type\":\"BreadcrumbList\",\"@id\":\"https:\\\/\\\/haberkuzey.com\\\/index.php\\\/2026\\\/03\\\/15\\\/bir-ateistin-ramazan-vaazi\\\/#breadcrumb\",\"itemListElement\":[{\"@type\":\"ListItem\",\"position\":1,\"name\":\"Anasayfa\",\"item\":\"https:\\\/\\\/haberkuzey.com\\\/\"},{\"@type\":\"ListItem\",\"position\":2,\"name\":\"Bir Ateistin Ramazan Vaaz\u0131\"}]},{\"@type\":\"WebSite\",\"@id\":\"https:\\\/\\\/haberkuzey.com\\\/#website\",\"url\":\"https:\\\/\\\/haberkuzey.com\\\/\",\"name\":\"Haber Kuzey\",\"description\":\"Do\u011fru Haberin Adresi\",\"potentialAction\":[{\"@type\":\"SearchAction\",\"target\":{\"@type\":\"EntryPoint\",\"urlTemplate\":\"https:\\\/\\\/haberkuzey.com\\\/?s={search_term_string}\"},\"query-input\":{\"@type\":\"PropertyValueSpecification\",\"valueRequired\":true,\"valueName\":\"search_term_string\"}}],\"inLanguage\":\"tr\"},{\"@type\":\"Person\",\"@id\":\"https:\\\/\\\/haberkuzey.com\\\/#\\\/schema\\\/person\\\/3372109ec735f9333f4fa47ebb9605ca\",\"name\":\"haberkuzey\",\"image\":{\"@type\":\"ImageObject\",\"inLanguage\":\"tr\",\"@id\":\"https:\\\/\\\/secure.gravatar.com\\\/avatar\\\/f5fc875574b1575324358c3b9e6a32b8227aa5b74f3fa22e3cadb63e26fcc39c?s=96&d=mm&r=g\",\"url\":\"https:\\\/\\\/secure.gravatar.com\\\/avatar\\\/f5fc875574b1575324358c3b9e6a32b8227aa5b74f3fa22e3cadb63e26fcc39c?s=96&d=mm&r=g\",\"contentUrl\":\"https:\\\/\\\/secure.gravatar.com\\\/avatar\\\/f5fc875574b1575324358c3b9e6a32b8227aa5b74f3fa22e3cadb63e26fcc39c?s=96&d=mm&r=g\",\"caption\":\"haberkuzey\"},\"sameAs\":[\"https:\\\/\\\/haberkuzey.com\"],\"url\":\"https:\\\/\\\/haberkuzey.com\\\/index.php\\\/author\\\/haberkuzey\\\/\"}]}<\/script>\n<!-- \/ Yoast SEO plugin. -->","yoast_head_json":{"title":"Bir Ateistin Ramazan Vaaz\u0131 - Haber Kuzey","robots":{"index":"index","follow":"follow","max-snippet":"max-snippet:-1","max-image-preview":"max-image-preview:large","max-video-preview":"max-video-preview:-1"},"canonical":"https:\/\/haberkuzey.com\/index.php\/2026\/03\/15\/bir-ateistin-ramazan-vaazi\/","og_locale":"tr_TR","og_type":"article","og_title":"Bir Ateistin Ramazan Vaaz\u0131 - Haber Kuzey","og_description":"&nbsp; Ge\u00e7ti\u011fimiz g\u00fcn ilgin\u00e7 bir telefon g\u00f6r\u00fc\u015fmesi yapt\u0131m. Arad\u0131\u011f\u0131m ki\u015fi, K\u0131br\u0131s T\u00fcrk siyaseti ve toplum bilimleri \u00fczerine y\u0131llard\u0131r d\u00fc\u015f\u00fcnen, yazan bir abimiz. Ama kendisini a\u00e7\u0131k\u00e7a ateist olarak tan\u0131mlayan bir b\u00fcy\u00fc\u011f\u00fcm\u00fcz. Ramazan etkinlikleri \u00fczerine yazd\u0131\u011f\u0131 bir yaz\u0131y\u0131 okuyunca direk kendisini arad\u0131m. \u201cAbi,\u201d dedim, \u201cSen ateistim diyorsun. Neden dini bir konuda yaz\u0131 yazd\u0131n ki?\u201d Biraz sustu. Sonra [&hellip;]","og_url":"https:\/\/haberkuzey.com\/index.php\/2026\/03\/15\/bir-ateistin-ramazan-vaazi\/","og_site_name":"Haber Kuzey","article_published_time":"2026-03-15T08:05:12+00:00","author":"haberkuzey","twitter_card":"summary_large_image","twitter_misc":{"Yazan:":"haberkuzey","Tahmini okuma s\u00fcresi":"4 dakika"},"schema":{"@context":"https:\/\/schema.org","@graph":[{"@type":"Article","@id":"https:\/\/haberkuzey.com\/index.php\/2026\/03\/15\/bir-ateistin-ramazan-vaazi\/#article","isPartOf":{"@id":"https:\/\/haberkuzey.com\/index.php\/2026\/03\/15\/bir-ateistin-ramazan-vaazi\/"},"author":{"name":"haberkuzey","@id":"https:\/\/haberkuzey.com\/#\/schema\/person\/3372109ec735f9333f4fa47ebb9605ca"},"headline":"Bir Ateistin Ramazan Vaaz\u0131","datePublished":"2026-03-15T08:05:12+00:00","mainEntityOfPage":{"@id":"https:\/\/haberkuzey.com\/index.php\/2026\/03\/15\/bir-ateistin-ramazan-vaazi\/"},"wordCount":825,"commentCount":0,"image":{"@id":"https:\/\/haberkuzey.com\/index.php\/2026\/03\/15\/bir-ateistin-ramazan-vaazi\/#primaryimage"},"thumbnailUrl":"https:\/\/haberkuzey.com\/wp-content\/uploads\/2026\/03\/Basit-Metin-ve-Fotograf-Yeni-Sarki-Videosu-Youtube-Kucuk-Resmi-18.png","articleSection":["K\u0131br\u0131s"],"inLanguage":"tr","potentialAction":[{"@type":"CommentAction","name":"Comment","target":["https:\/\/haberkuzey.com\/index.php\/2026\/03\/15\/bir-ateistin-ramazan-vaazi\/#respond"]}]},{"@type":"WebPage","@id":"https:\/\/haberkuzey.com\/index.php\/2026\/03\/15\/bir-ateistin-ramazan-vaazi\/","url":"https:\/\/haberkuzey.com\/index.php\/2026\/03\/15\/bir-ateistin-ramazan-vaazi\/","name":"Bir Ateistin Ramazan Vaaz\u0131 - Haber Kuzey","isPartOf":{"@id":"https:\/\/haberkuzey.com\/#website"},"primaryImageOfPage":{"@id":"https:\/\/haberkuzey.com\/index.php\/2026\/03\/15\/bir-ateistin-ramazan-vaazi\/#primaryimage"},"image":{"@id":"https:\/\/haberkuzey.com\/index.php\/2026\/03\/15\/bir-ateistin-ramazan-vaazi\/#primaryimage"},"thumbnailUrl":"https:\/\/haberkuzey.com\/wp-content\/uploads\/2026\/03\/Basit-Metin-ve-Fotograf-Yeni-Sarki-Videosu-Youtube-Kucuk-Resmi-18.png","datePublished":"2026-03-15T08:05:12+00:00","author":{"@id":"https:\/\/haberkuzey.com\/#\/schema\/person\/3372109ec735f9333f4fa47ebb9605ca"},"breadcrumb":{"@id":"https:\/\/haberkuzey.com\/index.php\/2026\/03\/15\/bir-ateistin-ramazan-vaazi\/#breadcrumb"},"inLanguage":"tr","potentialAction":[{"@type":"ReadAction","target":["https:\/\/haberkuzey.com\/index.php\/2026\/03\/15\/bir-ateistin-ramazan-vaazi\/"]}]},{"@type":"ImageObject","inLanguage":"tr","@id":"https:\/\/haberkuzey.com\/index.php\/2026\/03\/15\/bir-ateistin-ramazan-vaazi\/#primaryimage","url":"https:\/\/haberkuzey.com\/wp-content\/uploads\/2026\/03\/Basit-Metin-ve-Fotograf-Yeni-Sarki-Videosu-Youtube-Kucuk-Resmi-18.png","contentUrl":"https:\/\/haberkuzey.com\/wp-content\/uploads\/2026\/03\/Basit-Metin-ve-Fotograf-Yeni-Sarki-Videosu-Youtube-Kucuk-Resmi-18.png","width":1280,"height":720},{"@type":"BreadcrumbList","@id":"https:\/\/haberkuzey.com\/index.php\/2026\/03\/15\/bir-ateistin-ramazan-vaazi\/#breadcrumb","itemListElement":[{"@type":"ListItem","position":1,"name":"Anasayfa","item":"https:\/\/haberkuzey.com\/"},{"@type":"ListItem","position":2,"name":"Bir Ateistin Ramazan Vaaz\u0131"}]},{"@type":"WebSite","@id":"https:\/\/haberkuzey.com\/#website","url":"https:\/\/haberkuzey.com\/","name":"Haber Kuzey","description":"Do\u011fru Haberin Adresi","potentialAction":[{"@type":"SearchAction","target":{"@type":"EntryPoint","urlTemplate":"https:\/\/haberkuzey.com\/?s={search_term_string}"},"query-input":{"@type":"PropertyValueSpecification","valueRequired":true,"valueName":"search_term_string"}}],"inLanguage":"tr"},{"@type":"Person","@id":"https:\/\/haberkuzey.com\/#\/schema\/person\/3372109ec735f9333f4fa47ebb9605ca","name":"haberkuzey","image":{"@type":"ImageObject","inLanguage":"tr","@id":"https:\/\/secure.gravatar.com\/avatar\/f5fc875574b1575324358c3b9e6a32b8227aa5b74f3fa22e3cadb63e26fcc39c?s=96&d=mm&r=g","url":"https:\/\/secure.gravatar.com\/avatar\/f5fc875574b1575324358c3b9e6a32b8227aa5b74f3fa22e3cadb63e26fcc39c?s=96&d=mm&r=g","contentUrl":"https:\/\/secure.gravatar.com\/avatar\/f5fc875574b1575324358c3b9e6a32b8227aa5b74f3fa22e3cadb63e26fcc39c?s=96&d=mm&r=g","caption":"haberkuzey"},"sameAs":["https:\/\/haberkuzey.com"],"url":"https:\/\/haberkuzey.com\/index.php\/author\/haberkuzey\/"}]}},"_links":{"self":[{"href":"https:\/\/haberkuzey.com\/index.php\/wp-json\/wp\/v2\/posts\/35316","targetHints":{"allow":["GET"]}}],"collection":[{"href":"https:\/\/haberkuzey.com\/index.php\/wp-json\/wp\/v2\/posts"}],"about":[{"href":"https:\/\/haberkuzey.com\/index.php\/wp-json\/wp\/v2\/types\/post"}],"author":[{"embeddable":true,"href":"https:\/\/haberkuzey.com\/index.php\/wp-json\/wp\/v2\/users\/1"}],"replies":[{"embeddable":true,"href":"https:\/\/haberkuzey.com\/index.php\/wp-json\/wp\/v2\/comments?post=35316"}],"version-history":[{"count":0,"href":"https:\/\/haberkuzey.com\/index.php\/wp-json\/wp\/v2\/posts\/35316\/revisions"}],"wp:featuredmedia":[{"embeddable":true,"href":"https:\/\/haberkuzey.com\/index.php\/wp-json\/wp\/v2\/media\/35317"}],"wp:attachment":[{"href":"https:\/\/haberkuzey.com\/index.php\/wp-json\/wp\/v2\/media?parent=35316"}],"wp:term":[{"taxonomy":"category","embeddable":true,"href":"https:\/\/haberkuzey.com\/index.php\/wp-json\/wp\/v2\/categories?post=35316"},{"taxonomy":"post_tag","embeddable":true,"href":"https:\/\/haberkuzey.com\/index.php\/wp-json\/wp\/v2\/tags?post=35316"}],"curies":[{"name":"wp","href":"https:\/\/api.w.org\/{rel}","templated":true}]}}