{"id":35314,"date":"2026-03-15T09:59:02","date_gmt":"2026-03-15T07:59:02","guid":{"rendered":"https:\/\/haberkuzey.com\/index.php\/2026\/03\/15\/gonyeli-bolgesinde-elektrik-kesintisi\/"},"modified":"2026-03-15T09:59:02","modified_gmt":"2026-03-15T07:59:02","slug":"gonyeli-bolgesinde-elektrik-kesintisi","status":"publish","type":"post","link":"https:\/\/haberkuzey.com\/index.php\/2026\/03\/15\/gonyeli-bolgesinde-elektrik-kesintisi\/","title":{"rendered":"G\u00f6nyeli b\u00f6lgesinde elektrik kesintisi\u2026"},"content":{"rendered":"<p style=\"font-weight: 300\">K\u0131b-Tek\u2019ten yap\u0131lan a\u00e7\u0131klamaya g\u00f6re,<span style=\"font-weight: 300 !important\">\u00a009.00 \u2013 12.00 saatleri aras\u0131nda;<\/span><span style=\"font-weight: 300 !important\">\u00a0<\/span><span style=\"font-weight: 300 !important\">\u015eht. Y\u00fcksel Dereli Sokak&#8217;ta elektrik kesintisi yap\u0131lacak.<\/span><\/p>\n<p style=\"font-weight: 300\"><span style=\"font-weight: 300 !important\">\u00a0<\/span><span style=\"font-weight: 300 !important\">12.00- 15.00 saatleri aras\u0131nda ise \u00a0<\/span><span style=\"font-weight: 300 !important\">\u015een Sokak<\/span><span style=\"font-weight: 300 !important\">, Y\u0131ld\u0131z Sokak ,\u00d6nder Sokak, Yama\u00e7 Sokak ve civar\u0131nda elektrik kesintisi uygulanacak.<\/span><\/p>\n<p>G\u00f6nyeli b\u00f6lgesinde elektrik kesintisi\u2026 yaz\u0131s\u0131 ilk \u00f6nce K\u0131br\u0131s Hakikat \u00fczerinde ortaya \u00e7\u0131kt\u0131.<\/p>\n","protected":false},"excerpt":{"rendered":"<p>K\u0131b-Tek\u2019ten yap\u0131lan a\u00e7\u0131klamaya g\u00f6re,\u00a009.00 \u2013 12.00 saatleri aras\u0131nda;\u00a0\u015eht. Y\u00fcksel Dereli Sokak&#8217;ta elektrik kesintisi yap\u0131lacak. \u00a012.00- 15.00 saatleri aras\u0131nda ise \u00a0\u015een Sokak, Y\u0131ld\u0131z Sokak ,\u00d6nder Sokak, Yama\u00e7 Sokak ve civar\u0131nda elektrik kesintisi uygulanacak. G\u00f6nyeli b\u00f6lgesinde elektrik kesintisi\u2026 yaz\u0131s\u0131 ilk \u00f6nce K\u0131br\u0131s Hakikat \u00fczerinde ortaya \u00e7\u0131kt\u0131.<\/p>\n","protected":false},"author":1,"featured_media":35315,"comment_status":"open","ping_status":"open","sticky":false,"template":"","format":"standard","meta":{"jnews-multi-image_gallery":[],"jnews_single_post":[],"jnews_primary_category":[],"footnotes":""},"categories":[1],"tags":[],"class_list":["post-35314","post","type-post","status-publish","format-standard","has-post-thumbnail","hentry","category-kibris"],"yoast_head":"<!-- This site is optimized with the Yoast SEO plugin v27.5 - https:\/\/yoast.com\/product\/yoast-seo-wordpress\/ -->\n<title>G\u00f6nyeli b\u00f6lgesinde elektrik kesintisi\u2026 - Haber Kuzey<\/title>\n<meta name=\"robots\" content=\"index, follow, max-snippet:-1, max-image-preview:large, max-video-preview:-1\" \/>\n<link rel=\"canonical\" href=\"https:\/\/haberkuzey.com\/index.php\/2026\/03\/15\/gonyeli-bolgesinde-elektrik-kesintisi\/\" \/>\n<meta property=\"og:locale\" content=\"tr_TR\" \/>\n<meta property=\"og:type\" content=\"article\" \/>\n<meta property=\"og:title\" content=\"G\u00f6nyeli b\u00f6lgesinde elektrik kesintisi\u2026 - Haber Kuzey\" \/>\n<meta property=\"og:description\" content=\"K\u0131b-Tek\u2019ten yap\u0131lan a\u00e7\u0131klamaya g\u00f6re,\u00a009.00 \u2013 12.00 saatleri aras\u0131nda;\u00a0\u015eht. Y\u00fcksel Dereli Sokak&#8217;ta elektrik kesintisi yap\u0131lacak. \u00a012.00- 15.00 saatleri aras\u0131nda ise \u00a0\u015een Sokak, Y\u0131ld\u0131z Sokak ,\u00d6nder Sokak, Yama\u00e7 Sokak ve civar\u0131nda elektrik kesintisi uygulanacak. G\u00f6nyeli b\u00f6lgesinde elektrik kesintisi\u2026 yaz\u0131s\u0131 ilk \u00f6nce K\u0131br\u0131s Hakikat \u00fczerinde ortaya \u00e7\u0131kt\u0131.\" \/>\n<meta property=\"og:url\" content=\"https:\/\/haberkuzey.com\/index.php\/2026\/03\/15\/gonyeli-bolgesinde-elektrik-kesintisi\/\" \/>\n<meta property=\"og:site_name\" content=\"Haber Kuzey\" \/>\n<meta property=\"article:published_time\" content=\"2026-03-15T07:59:02+00:00\" \/>\n<meta name=\"author\" content=\"haberkuzey\" \/>\n<meta name=\"twitter:card\" content=\"summary_large_image\" \/>\n<meta name=\"twitter:label1\" content=\"Yazan:\" \/>\n\t<meta name=\"twitter:data1\" content=\"haberkuzey\" \/>\n<script type=\"application\/ld+json\" class=\"yoast-schema-graph\">{\"@context\":\"https:\\\/\\\/schema.org\",\"@graph\":[{\"@type\":\"Article\",\"@id\":\"https:\\\/\\\/haberkuzey.com\\\/index.php\\\/2026\\\/03\\\/15\\\/gonyeli-bolgesinde-elektrik-kesintisi\\\/#article\",\"isPartOf\":{\"@id\":\"https:\\\/\\\/haberkuzey.com\\\/index.php\\\/2026\\\/03\\\/15\\\/gonyeli-bolgesinde-elektrik-kesintisi\\\/\"},\"author\":{\"name\":\"haberkuzey\",\"@id\":\"https:\\\/\\\/haberkuzey.com\\\/#\\\/schema\\\/person\\\/3372109ec735f9333f4fa47ebb9605ca\"},\"headline\":\"G\u00f6nyeli b\u00f6lgesinde elektrik kesintisi\u2026\",\"datePublished\":\"2026-03-15T07:59:02+00:00\",\"mainEntityOfPage\":{\"@id\":\"https:\\\/\\\/haberkuzey.com\\\/index.php\\\/2026\\\/03\\\/15\\\/gonyeli-bolgesinde-elektrik-kesintisi\\\/\"},\"wordCount\":66,\"commentCount\":0,\"image\":{\"@id\":\"https:\\\/\\\/haberkuzey.com\\\/index.php\\\/2026\\\/03\\\/15\\\/gonyeli-bolgesinde-elektrik-kesintisi\\\/#primaryimage\"},\"thumbnailUrl\":\"https:\\\/\\\/haberkuzey.com\\\/wp-content\\\/uploads\\\/2026\\\/03\\\/1773560241857903772_20190202150252_5c55af3bb7896801fa71068djpeg_ls.jpg\",\"articleSection\":[\"K\u0131br\u0131s\"],\"inLanguage\":\"tr\",\"potentialAction\":[{\"@type\":\"CommentAction\",\"name\":\"Comment\",\"target\":[\"https:\\\/\\\/haberkuzey.com\\\/index.php\\\/2026\\\/03\\\/15\\\/gonyeli-bolgesinde-elektrik-kesintisi\\\/#respond\"]}]},{\"@type\":\"WebPage\",\"@id\":\"https:\\\/\\\/haberkuzey.com\\\/index.php\\\/2026\\\/03\\\/15\\\/gonyeli-bolgesinde-elektrik-kesintisi\\\/\",\"url\":\"https:\\\/\\\/haberkuzey.com\\\/index.php\\\/2026\\\/03\\\/15\\\/gonyeli-bolgesinde-elektrik-kesintisi\\\/\",\"name\":\"G\u00f6nyeli b\u00f6lgesinde elektrik kesintisi\u2026 - Haber Kuzey\",\"isPartOf\":{\"@id\":\"https:\\\/\\\/haberkuzey.com\\\/#website\"},\"primaryImageOfPage\":{\"@id\":\"https:\\\/\\\/haberkuzey.com\\\/index.php\\\/2026\\\/03\\\/15\\\/gonyeli-bolgesinde-elektrik-kesintisi\\\/#primaryimage\"},\"image\":{\"@id\":\"https:\\\/\\\/haberkuzey.com\\\/index.php\\\/2026\\\/03\\\/15\\\/gonyeli-bolgesinde-elektrik-kesintisi\\\/#primaryimage\"},\"thumbnailUrl\":\"https:\\\/\\\/haberkuzey.com\\\/wp-content\\\/uploads\\\/2026\\\/03\\\/1773560241857903772_20190202150252_5c55af3bb7896801fa71068djpeg_ls.jpg\",\"datePublished\":\"2026-03-15T07:59:02+00:00\",\"author\":{\"@id\":\"https:\\\/\\\/haberkuzey.com\\\/#\\\/schema\\\/person\\\/3372109ec735f9333f4fa47ebb9605ca\"},\"breadcrumb\":{\"@id\":\"https:\\\/\\\/haberkuzey.com\\\/index.php\\\/2026\\\/03\\\/15\\\/gonyeli-bolgesinde-elektrik-kesintisi\\\/#breadcrumb\"},\"inLanguage\":\"tr\",\"potentialAction\":[{\"@type\":\"ReadAction\",\"target\":[\"https:\\\/\\\/haberkuzey.com\\\/index.php\\\/2026\\\/03\\\/15\\\/gonyeli-bolgesinde-elektrik-kesintisi\\\/\"]}]},{\"@type\":\"ImageObject\",\"inLanguage\":\"tr\",\"@id\":\"https:\\\/\\\/haberkuzey.com\\\/index.php\\\/2026\\\/03\\\/15\\\/gonyeli-bolgesinde-elektrik-kesintisi\\\/#primaryimage\",\"url\":\"https:\\\/\\\/haberkuzey.com\\\/wp-content\\\/uploads\\\/2026\\\/03\\\/1773560241857903772_20190202150252_5c55af3bb7896801fa71068djpeg_ls.jpg\",\"contentUrl\":\"https:\\\/\\\/haberkuzey.com\\\/wp-content\\\/uploads\\\/2026\\\/03\\\/1773560241857903772_20190202150252_5c55af3bb7896801fa71068djpeg_ls.jpg\",\"width\":1000,\"height\":666},{\"@type\":\"BreadcrumbList\",\"@id\":\"https:\\\/\\\/haberkuzey.com\\\/index.php\\\/2026\\\/03\\\/15\\\/gonyeli-bolgesinde-elektrik-kesintisi\\\/#breadcrumb\",\"itemListElement\":[{\"@type\":\"ListItem\",\"position\":1,\"name\":\"Anasayfa\",\"item\":\"https:\\\/\\\/haberkuzey.com\\\/\"},{\"@type\":\"ListItem\",\"position\":2,\"name\":\"G\u00f6nyeli b\u00f6lgesinde elektrik kesintisi\u2026\"}]},{\"@type\":\"WebSite\",\"@id\":\"https:\\\/\\\/haberkuzey.com\\\/#website\",\"url\":\"https:\\\/\\\/haberkuzey.com\\\/\",\"name\":\"Haber Kuzey\",\"description\":\"Do\u011fru Haberin Adresi\",\"potentialAction\":[{\"@type\":\"SearchAction\",\"target\":{\"@type\":\"EntryPoint\",\"urlTemplate\":\"https:\\\/\\\/haberkuzey.com\\\/?s={search_term_string}\"},\"query-input\":{\"@type\":\"PropertyValueSpecification\",\"valueRequired\":true,\"valueName\":\"search_term_string\"}}],\"inLanguage\":\"tr\"},{\"@type\":\"Person\",\"@id\":\"https:\\\/\\\/haberkuzey.com\\\/#\\\/schema\\\/person\\\/3372109ec735f9333f4fa47ebb9605ca\",\"name\":\"haberkuzey\",\"image\":{\"@type\":\"ImageObject\",\"inLanguage\":\"tr\",\"@id\":\"https:\\\/\\\/secure.gravatar.com\\\/avatar\\\/f5fc875574b1575324358c3b9e6a32b8227aa5b74f3fa22e3cadb63e26fcc39c?s=96&d=mm&r=g\",\"url\":\"https:\\\/\\\/secure.gravatar.com\\\/avatar\\\/f5fc875574b1575324358c3b9e6a32b8227aa5b74f3fa22e3cadb63e26fcc39c?s=96&d=mm&r=g\",\"contentUrl\":\"https:\\\/\\\/secure.gravatar.com\\\/avatar\\\/f5fc875574b1575324358c3b9e6a32b8227aa5b74f3fa22e3cadb63e26fcc39c?s=96&d=mm&r=g\",\"caption\":\"haberkuzey\"},\"sameAs\":[\"https:\\\/\\\/haberkuzey.com\"],\"url\":\"https:\\\/\\\/haberkuzey.com\\\/index.php\\\/author\\\/haberkuzey\\\/\"}]}<\/script>\n<!-- \/ Yoast SEO plugin. -->","yoast_head_json":{"title":"G\u00f6nyeli b\u00f6lgesinde elektrik kesintisi\u2026 - Haber Kuzey","robots":{"index":"index","follow":"follow","max-snippet":"max-snippet:-1","max-image-preview":"max-image-preview:large","max-video-preview":"max-video-preview:-1"},"canonical":"https:\/\/haberkuzey.com\/index.php\/2026\/03\/15\/gonyeli-bolgesinde-elektrik-kesintisi\/","og_locale":"tr_TR","og_type":"article","og_title":"G\u00f6nyeli b\u00f6lgesinde elektrik kesintisi\u2026 - Haber Kuzey","og_description":"K\u0131b-Tek\u2019ten yap\u0131lan a\u00e7\u0131klamaya g\u00f6re,\u00a009.00 \u2013 12.00 saatleri aras\u0131nda;\u00a0\u015eht. Y\u00fcksel Dereli Sokak&#8217;ta elektrik kesintisi yap\u0131lacak. \u00a012.00- 15.00 saatleri aras\u0131nda ise \u00a0\u015een Sokak, Y\u0131ld\u0131z Sokak ,\u00d6nder Sokak, Yama\u00e7 Sokak ve civar\u0131nda elektrik kesintisi uygulanacak. G\u00f6nyeli b\u00f6lgesinde elektrik kesintisi\u2026 yaz\u0131s\u0131 ilk \u00f6nce K\u0131br\u0131s Hakikat \u00fczerinde ortaya \u00e7\u0131kt\u0131.","og_url":"https:\/\/haberkuzey.com\/index.php\/2026\/03\/15\/gonyeli-bolgesinde-elektrik-kesintisi\/","og_site_name":"Haber Kuzey","article_published_time":"2026-03-15T07:59:02+00:00","author":"haberkuzey","twitter_card":"summary_large_image","twitter_misc":{"Yazan:":"haberkuzey"},"schema":{"@context":"https:\/\/schema.org","@graph":[{"@type":"Article","@id":"https:\/\/haberkuzey.com\/index.php\/2026\/03\/15\/gonyeli-bolgesinde-elektrik-kesintisi\/#article","isPartOf":{"@id":"https:\/\/haberkuzey.com\/index.php\/2026\/03\/15\/gonyeli-bolgesinde-elektrik-kesintisi\/"},"author":{"name":"haberkuzey","@id":"https:\/\/haberkuzey.com\/#\/schema\/person\/3372109ec735f9333f4fa47ebb9605ca"},"headline":"G\u00f6nyeli b\u00f6lgesinde elektrik kesintisi\u2026","datePublished":"2026-03-15T07:59:02+00:00","mainEntityOfPage":{"@id":"https:\/\/haberkuzey.com\/index.php\/2026\/03\/15\/gonyeli-bolgesinde-elektrik-kesintisi\/"},"wordCount":66,"commentCount":0,"image":{"@id":"https:\/\/haberkuzey.com\/index.php\/2026\/03\/15\/gonyeli-bolgesinde-elektrik-kesintisi\/#primaryimage"},"thumbnailUrl":"https:\/\/haberkuzey.com\/wp-content\/uploads\/2026\/03\/1773560241857903772_20190202150252_5c55af3bb7896801fa71068djpeg_ls.jpg","articleSection":["K\u0131br\u0131s"],"inLanguage":"tr","potentialAction":[{"@type":"CommentAction","name":"Comment","target":["https:\/\/haberkuzey.com\/index.php\/2026\/03\/15\/gonyeli-bolgesinde-elektrik-kesintisi\/#respond"]}]},{"@type":"WebPage","@id":"https:\/\/haberkuzey.com\/index.php\/2026\/03\/15\/gonyeli-bolgesinde-elektrik-kesintisi\/","url":"https:\/\/haberkuzey.com\/index.php\/2026\/03\/15\/gonyeli-bolgesinde-elektrik-kesintisi\/","name":"G\u00f6nyeli b\u00f6lgesinde elektrik kesintisi\u2026 - Haber Kuzey","isPartOf":{"@id":"https:\/\/haberkuzey.com\/#website"},"primaryImageOfPage":{"@id":"https:\/\/haberkuzey.com\/index.php\/2026\/03\/15\/gonyeli-bolgesinde-elektrik-kesintisi\/#primaryimage"},"image":{"@id":"https:\/\/haberkuzey.com\/index.php\/2026\/03\/15\/gonyeli-bolgesinde-elektrik-kesintisi\/#primaryimage"},"thumbnailUrl":"https:\/\/haberkuzey.com\/wp-content\/uploads\/2026\/03\/1773560241857903772_20190202150252_5c55af3bb7896801fa71068djpeg_ls.jpg","datePublished":"2026-03-15T07:59:02+00:00","author":{"@id":"https:\/\/haberkuzey.com\/#\/schema\/person\/3372109ec735f9333f4fa47ebb9605ca"},"breadcrumb":{"@id":"https:\/\/haberkuzey.com\/index.php\/2026\/03\/15\/gonyeli-bolgesinde-elektrik-kesintisi\/#breadcrumb"},"inLanguage":"tr","potentialAction":[{"@type":"ReadAction","target":["https:\/\/haberkuzey.com\/index.php\/2026\/03\/15\/gonyeli-bolgesinde-elektrik-kesintisi\/"]}]},{"@type":"ImageObject","inLanguage":"tr","@id":"https:\/\/haberkuzey.com\/index.php\/2026\/03\/15\/gonyeli-bolgesinde-elektrik-kesintisi\/#primaryimage","url":"https:\/\/haberkuzey.com\/wp-content\/uploads\/2026\/03\/1773560241857903772_20190202150252_5c55af3bb7896801fa71068djpeg_ls.jpg","contentUrl":"https:\/\/haberkuzey.com\/wp-content\/uploads\/2026\/03\/1773560241857903772_20190202150252_5c55af3bb7896801fa71068djpeg_ls.jpg","width":1000,"height":666},{"@type":"BreadcrumbList","@id":"https:\/\/haberkuzey.com\/index.php\/2026\/03\/15\/gonyeli-bolgesinde-elektrik-kesintisi\/#breadcrumb","itemListElement":[{"@type":"ListItem","position":1,"name":"Anasayfa","item":"https:\/\/haberkuzey.com\/"},{"@type":"ListItem","position":2,"name":"G\u00f6nyeli b\u00f6lgesinde elektrik kesintisi\u2026"}]},{"@type":"WebSite","@id":"https:\/\/haberkuzey.com\/#website","url":"https:\/\/haberkuzey.com\/","name":"Haber Kuzey","description":"Do\u011fru Haberin Adresi","potentialAction":[{"@type":"SearchAction","target":{"@type":"EntryPoint","urlTemplate":"https:\/\/haberkuzey.com\/?s={search_term_string}"},"query-input":{"@type":"PropertyValueSpecification","valueRequired":true,"valueName":"search_term_string"}}],"inLanguage":"tr"},{"@type":"Person","@id":"https:\/\/haberkuzey.com\/#\/schema\/person\/3372109ec735f9333f4fa47ebb9605ca","name":"haberkuzey","image":{"@type":"ImageObject","inLanguage":"tr","@id":"https:\/\/secure.gravatar.com\/avatar\/f5fc875574b1575324358c3b9e6a32b8227aa5b74f3fa22e3cadb63e26fcc39c?s=96&d=mm&r=g","url":"https:\/\/secure.gravatar.com\/avatar\/f5fc875574b1575324358c3b9e6a32b8227aa5b74f3fa22e3cadb63e26fcc39c?s=96&d=mm&r=g","contentUrl":"https:\/\/secure.gravatar.com\/avatar\/f5fc875574b1575324358c3b9e6a32b8227aa5b74f3fa22e3cadb63e26fcc39c?s=96&d=mm&r=g","caption":"haberkuzey"},"sameAs":["https:\/\/haberkuzey.com"],"url":"https:\/\/haberkuzey.com\/index.php\/author\/haberkuzey\/"}]}},"_links":{"self":[{"href":"https:\/\/haberkuzey.com\/index.php\/wp-json\/wp\/v2\/posts\/35314","targetHints":{"allow":["GET"]}}],"collection":[{"href":"https:\/\/haberkuzey.com\/index.php\/wp-json\/wp\/v2\/posts"}],"about":[{"href":"https:\/\/haberkuzey.com\/index.php\/wp-json\/wp\/v2\/types\/post"}],"author":[{"embeddable":true,"href":"https:\/\/haberkuzey.com\/index.php\/wp-json\/wp\/v2\/users\/1"}],"replies":[{"embeddable":true,"href":"https:\/\/haberkuzey.com\/index.php\/wp-json\/wp\/v2\/comments?post=35314"}],"version-history":[{"count":0,"href":"https:\/\/haberkuzey.com\/index.php\/wp-json\/wp\/v2\/posts\/35314\/revisions"}],"wp:featuredmedia":[{"embeddable":true,"href":"https:\/\/haberkuzey.com\/index.php\/wp-json\/wp\/v2\/media\/35315"}],"wp:attachment":[{"href":"https:\/\/haberkuzey.com\/index.php\/wp-json\/wp\/v2\/media?parent=35314"}],"wp:term":[{"taxonomy":"category","embeddable":true,"href":"https:\/\/haberkuzey.com\/index.php\/wp-json\/wp\/v2\/categories?post=35314"},{"taxonomy":"post_tag","embeddable":true,"href":"https:\/\/haberkuzey.com\/index.php\/wp-json\/wp\/v2\/tags?post=35314"}],"curies":[{"name":"wp","href":"https:\/\/api.w.org\/{rel}","templated":true}]}}