{"id":35310,"date":"2026-03-15T09:29:17","date_gmt":"2026-03-15T07:29:17","guid":{"rendered":"https:\/\/haberkuzey.com\/index.php\/2026\/03\/15\/baykar-sinifinin-en-buyuk-kamikaze-ihasi-k2yi-duyurdu\/"},"modified":"2026-03-15T09:29:17","modified_gmt":"2026-03-15T07:29:17","slug":"baykar-sinifinin-en-buyuk-kamikaze-ihasi-k2yi-duyurdu","status":"publish","type":"post","link":"https:\/\/haberkuzey.com\/index.php\/2026\/03\/15\/baykar-sinifinin-en-buyuk-kamikaze-ihasi-k2yi-duyurdu\/","title":{"rendered":"Baykar, s\u0131n\u0131f\u0131n\u0131n en b\u00fcy\u00fck kamikaze \u0130HA\u2019s\u0131 K2\u2019yi duyurdu"},"content":{"rendered":"<p class=\"selectionShareable\">Baykar&#8217;dan yap\u0131lan a\u00e7\u0131klamaya g\u00f6re, maliyet etkin savunma \u00e7\u00f6z\u00fcmleri geli\u015ftirme stratejisi kapsam\u0131nda Baykar taraf\u0131ndan milli ve \u00f6zg\u00fcn olarak geli\u015ftirilen K2 Kamikaze \u0130HA, otonomi, yapay zeka ve formasyon yeteneklerini sergiledi\u011fi testlerle sahaya \u00e7\u0131kt\u0131. Geli\u015fmi\u015f yapay zeka ve otonomi algoritmalar\u0131 ile donat\u0131lan platform, 5 adet K2&#8217;nin kat\u0131ld\u0131\u011f\u0131 u\u00e7u\u015f testlerini ba\u015far\u0131yla tamamlad\u0131.<\/p>\n<p class=\"selectionShareable\">Ke\u015fan U\u00e7u\u015f E\u011fitim ve Test Merkezi\u2019nden havalanan 5 adet K2 Kamikaze \u0130HA, iki g\u00fcn Saros K\u00f6rfezi \u00fczerinde ger\u00e7ekle\u015ftirilen \u00e7oklu testlerde &#8220;sa\u011f kademe&#8221;, &#8220;\u00e7izgi&#8221; ve &#8220;V&#8221; dizilimli formasyon u\u00e7u\u015flar\u0131n\u0131 g\u00f6ky\u00fcz\u00fcnde ba\u015far\u0131yla icra etti. Test senaryolar\u0131nda K2 platformlar\u0131, yapay zeka, sens\u00f6r ve yaz\u0131l\u0131mlar\u0131 vas\u0131tas\u0131yla s\u00fcr\u00fcdeki hava ara\u00e7lar\u0131na g\u00f6re konum alarak filo i\u00e7indeki yerlerini hatas\u0131z \u015fekilde korudu ve g\u00f6revleri ba\u015far\u0131yla tamamlad\u0131. K2 Kamikaze \u0130HA, &#8220;Turan&#8221; ve &#8220;duvar&#8221; formasyonu gibi farkl\u0131 dizilimleri de ba\u015far\u0131yla uygulayabiliyor.<\/p>\n<p class=\"selectionShareable\">Yapay zeka destekli s\u00fcr\u00fc sinerjisi ile hareket eden K2 Kamikaze \u0130HA, literat\u00fcrdeki &#8220;feda edilebilir&#8221; s\u0131n\u0131f\u0131na yeni bir yakla\u015f\u0131m getiriyor. AR-GE \u00e7al\u0131\u015fmalar\u0131n\u0131n bir sonraki ad\u0131m\u0131nda platformun, m\u00fchimmat\u0131n\u0131 hedefe b\u0131rakt\u0131ktan sonra \u00fcsse geri d\u00f6nebilen ve yeniden kullan\u0131m imkan\u0131 sunan versiyonlar\u0131n\u0131n hayata ge\u00e7irilmesi planlan\u0131yor.<\/p>\n<p class=\"selectionShareable\">Projeyle y\u00fcksek maliyetli m\u00fchimmat\u0131n kullan\u0131m\u0131n\u0131 asgari seviyeye indirerek etki g\u00fcc\u00fc y\u00fcksek, d\u00fc\u015f\u00fck maliyetle seri \u00fcretilebilen platformlar\u0131n sahaya s\u00fcr\u00fclmesi ama\u00e7lan\u0131yor. Bu yakla\u015f\u0131mla d\u00fc\u015fmana ait kritik hedeflerin maliyet-etkin \u015fekilde etkisiz hale getirilmesi hedefleniyor.<\/p>\n<h3>Elektronik harbe kar\u015f\u0131 kesintisiz g\u00f6rev<\/h3>\n<p class=\"selectionShareable\">K2 Kamikaze \u0130HA&#8217;n\u0131n seyr\u00fcsefer mimarisi, k\u00fcresel konumlama sistemlerinin (GNSS) bulunmad\u0131\u011f\u0131 veya yo\u011fun kar\u0131\u015ft\u0131rmaya maruz kald\u0131\u011f\u0131 elektronik harp ortamlar\u0131nda g\u00f6rev yapabilecek \u015fekilde tasarland\u0131. Platform, gimbal kameras\u0131 ve g\u00f6vde alt\u0131nda bulunan gece g\u00f6r\u00fc\u015f kabiliyetine sahip kamera sistemi arac\u0131l\u0131\u011f\u0131yla yery\u00fcz\u00fc \u015fekillerini g\u00f6rsel olarak tarayarak konum kestirimi yapabiliyor. Bu sayede K2 Kamikaze \u0130HA, t\u00fcm\u00fcyle GNSS sinyallerinin bulunmad\u0131\u011f\u0131 ortamlarda dahi g\u00f6rsel tarama kabiliyetiyle kesintisiz seyr\u00fcsefer icra ederek hedefine otonom \u015fekilde ilerleyebiliyor.<\/p>\n<h3>S\u0131n\u0131f\u0131n\u0131n en b\u00fcy\u00fck kamikaze \u0130HA\u2019s\u0131<\/h3>\n<p class=\"selectionShareable\">S\u0131n\u0131f\u0131n\u0131n en b\u00fcy\u00fck kamikaze platformu olan K2 Kamikaze \u0130HA, k\u0131sa pistlerden kalk\u0131\u015f-ini\u015f kabiliyetiyle sahada lojistik esneklik sa\u011fl\u0131yor.<\/p>\n<p class=\"selectionShareable\">800 kilogram azami kalk\u0131\u015f a\u011f\u0131rl\u0131\u011f\u0131na sahip platform, y\u00fcksek tahrip g\u00fcc\u00fc sunan 200 kilograml\u0131k harp ba\u015fl\u0131kl\u0131 m\u00fchimmat ta\u015f\u0131yabilme \u00f6zelli\u011fiyle benzerlerinden ayr\u0131l\u0131yor. 2000 kilometreyi a\u015fan menzili, 200 km\/s \u00fcst\u00fc h\u0131z\u0131 ve 13 saatin \u00fczerinde havada kal\u0131\u015f s\u00fcresi ise platformun uzun menzilli stratejik g\u00f6revleri icra edebilmesine olanak tan\u0131yor.<\/p>\n<p class=\"selectionShareable\">Ba\u015flang\u0131\u00e7tan bug\u00fcne t\u00fcm projelerini tamamen \u00f6z kaynaklar\u0131 ile y\u00fcr\u00fcten Baykar, 2025 y\u0131l\u0131nda da insans\u0131z hava arac\u0131 segmentinde d\u00fcnyan\u0131n en b\u00fcy\u00fck ihracat\u00e7\u0131s\u0131 olmay\u0131 s\u00fcrd\u00fcrd\u00fc. Son 3 y\u0131lda d\u00fcnya S\u0130HA pazar\u0131n\u0131n ilk s\u0131ras\u0131nda yer alan Baykar, 2025 y\u0131l\u0131nda ula\u015ft\u0131\u011f\u0131 2,2 milyar dolarl\u0131k ihracat hacmiyle kendi rekorunu tazeledi. Son y\u0131llarda gelirlerinin y\u00fczde 90\u2019\u0131n\u0131 ihracattan elde eden Baykar, T\u00fcrkiye\u2019nin y\u00fcksek teknoloji ihracat\u0131n\u0131n lokomotifi oldu.<\/p>\n<p class=\"selectionShareable\">Baykar, Bayraktar TB2 S\u0130HA i\u00e7in 36, Bayraktar AKINCI T\u0130HA i\u00e7in 16 olmak \u00fczere toplam 37 \u00fclkeyle ihracat anla\u015fmas\u0131 imzalad\u0131.<\/p>\n<p>Baykar, s\u0131n\u0131f\u0131n\u0131n en b\u00fcy\u00fck kamikaze \u0130HA&#8217;s\u0131 K2&#8217;yi duyurdu yaz\u0131s\u0131 ilk \u00f6nce K\u0131br\u0131s Hakikat \u00fczerinde ortaya \u00e7\u0131kt\u0131.<\/p>\n","protected":false},"excerpt":{"rendered":"<p>Baykar&#8217;dan yap\u0131lan a\u00e7\u0131klamaya g\u00f6re, maliyet etkin savunma \u00e7\u00f6z\u00fcmleri geli\u015ftirme stratejisi kapsam\u0131nda Baykar taraf\u0131ndan milli ve \u00f6zg\u00fcn olarak geli\u015ftirilen K2 Kamikaze \u0130HA, otonomi, yapay zeka ve formasyon yeteneklerini sergiledi\u011fi testlerle sahaya \u00e7\u0131kt\u0131. Geli\u015fmi\u015f yapay zeka ve otonomi algoritmalar\u0131 ile donat\u0131lan platform, 5 adet K2&#8217;nin kat\u0131ld\u0131\u011f\u0131 u\u00e7u\u015f testlerini ba\u015far\u0131yla tamamlad\u0131. Ke\u015fan U\u00e7u\u015f E\u011fitim ve Test Merkezi\u2019nden havalanan [&hellip;]<\/p>\n","protected":false},"author":1,"featured_media":35311,"comment_status":"open","ping_status":"open","sticky":false,"template":"","format":"standard","meta":{"jnews-multi-image_gallery":[],"jnews_single_post":[],"jnews_primary_category":[],"footnotes":""},"categories":[1],"tags":[],"class_list":["post-35310","post","type-post","status-publish","format-standard","has-post-thumbnail","hentry","category-kibris"],"yoast_head":"<!-- This site is optimized with the Yoast SEO plugin v27.5 - https:\/\/yoast.com\/product\/yoast-seo-wordpress\/ -->\n<title>Baykar, s\u0131n\u0131f\u0131n\u0131n en b\u00fcy\u00fck kamikaze \u0130HA\u2019s\u0131 K2\u2019yi duyurdu - Haber Kuzey<\/title>\n<meta name=\"robots\" content=\"index, follow, max-snippet:-1, max-image-preview:large, max-video-preview:-1\" \/>\n<link rel=\"canonical\" href=\"https:\/\/haberkuzey.com\/index.php\/2026\/03\/15\/baykar-sinifinin-en-buyuk-kamikaze-ihasi-k2yi-duyurdu\/\" \/>\n<meta property=\"og:locale\" content=\"tr_TR\" \/>\n<meta property=\"og:type\" content=\"article\" \/>\n<meta property=\"og:title\" content=\"Baykar, s\u0131n\u0131f\u0131n\u0131n en b\u00fcy\u00fck kamikaze \u0130HA\u2019s\u0131 K2\u2019yi duyurdu - Haber Kuzey\" \/>\n<meta property=\"og:description\" content=\"Baykar&#8217;dan yap\u0131lan a\u00e7\u0131klamaya g\u00f6re, maliyet etkin savunma \u00e7\u00f6z\u00fcmleri geli\u015ftirme stratejisi kapsam\u0131nda Baykar taraf\u0131ndan milli ve \u00f6zg\u00fcn olarak geli\u015ftirilen K2 Kamikaze \u0130HA, otonomi, yapay zeka ve formasyon yeteneklerini sergiledi\u011fi testlerle sahaya \u00e7\u0131kt\u0131. Geli\u015fmi\u015f yapay zeka ve otonomi algoritmalar\u0131 ile donat\u0131lan platform, 5 adet K2&#8217;nin kat\u0131ld\u0131\u011f\u0131 u\u00e7u\u015f testlerini ba\u015far\u0131yla tamamlad\u0131. Ke\u015fan U\u00e7u\u015f E\u011fitim ve Test Merkezi\u2019nden havalanan [&hellip;]\" \/>\n<meta property=\"og:url\" content=\"https:\/\/haberkuzey.com\/index.php\/2026\/03\/15\/baykar-sinifinin-en-buyuk-kamikaze-ihasi-k2yi-duyurdu\/\" \/>\n<meta property=\"og:site_name\" content=\"Haber Kuzey\" \/>\n<meta property=\"article:published_time\" content=\"2026-03-15T07:29:17+00:00\" \/>\n<meta name=\"author\" content=\"haberkuzey\" \/>\n<meta name=\"twitter:card\" content=\"summary_large_image\" \/>\n<meta name=\"twitter:label1\" content=\"Yazan:\" \/>\n\t<meta name=\"twitter:data1\" content=\"haberkuzey\" \/>\n\t<meta name=\"twitter:label2\" content=\"Tahmini okuma s\u00fcresi\" \/>\n\t<meta name=\"twitter:data2\" content=\"3 dakika\" \/>\n<script type=\"application\/ld+json\" class=\"yoast-schema-graph\">{\"@context\":\"https:\\\/\\\/schema.org\",\"@graph\":[{\"@type\":\"Article\",\"@id\":\"https:\\\/\\\/haberkuzey.com\\\/index.php\\\/2026\\\/03\\\/15\\\/baykar-sinifinin-en-buyuk-kamikaze-ihasi-k2yi-duyurdu\\\/#article\",\"isPartOf\":{\"@id\":\"https:\\\/\\\/haberkuzey.com\\\/index.php\\\/2026\\\/03\\\/15\\\/baykar-sinifinin-en-buyuk-kamikaze-ihasi-k2yi-duyurdu\\\/\"},\"author\":{\"name\":\"haberkuzey\",\"@id\":\"https:\\\/\\\/haberkuzey.com\\\/#\\\/schema\\\/person\\\/3372109ec735f9333f4fa47ebb9605ca\"},\"headline\":\"Baykar, s\u0131n\u0131f\u0131n\u0131n en b\u00fcy\u00fck kamikaze \u0130HA\u2019s\u0131 K2\u2019yi duyurdu\",\"datePublished\":\"2026-03-15T07:29:17+00:00\",\"mainEntityOfPage\":{\"@id\":\"https:\\\/\\\/haberkuzey.com\\\/index.php\\\/2026\\\/03\\\/15\\\/baykar-sinifinin-en-buyuk-kamikaze-ihasi-k2yi-duyurdu\\\/\"},\"wordCount\":620,\"commentCount\":0,\"image\":{\"@id\":\"https:\\\/\\\/haberkuzey.com\\\/index.php\\\/2026\\\/03\\\/15\\\/baykar-sinifinin-en-buyuk-kamikaze-ihasi-k2yi-duyurdu\\\/#primaryimage\"},\"thumbnailUrl\":\"https:\\\/\\\/haberkuzey.com\\\/wp-content\\\/uploads\\\/2026\\\/03\\\/thumbs_b_c_baab0e849bf9f9708702bbb9417a1bd2.jpg\",\"articleSection\":[\"K\u0131br\u0131s\"],\"inLanguage\":\"tr\",\"potentialAction\":[{\"@type\":\"CommentAction\",\"name\":\"Comment\",\"target\":[\"https:\\\/\\\/haberkuzey.com\\\/index.php\\\/2026\\\/03\\\/15\\\/baykar-sinifinin-en-buyuk-kamikaze-ihasi-k2yi-duyurdu\\\/#respond\"]}]},{\"@type\":\"WebPage\",\"@id\":\"https:\\\/\\\/haberkuzey.com\\\/index.php\\\/2026\\\/03\\\/15\\\/baykar-sinifinin-en-buyuk-kamikaze-ihasi-k2yi-duyurdu\\\/\",\"url\":\"https:\\\/\\\/haberkuzey.com\\\/index.php\\\/2026\\\/03\\\/15\\\/baykar-sinifinin-en-buyuk-kamikaze-ihasi-k2yi-duyurdu\\\/\",\"name\":\"Baykar, s\u0131n\u0131f\u0131n\u0131n en b\u00fcy\u00fck kamikaze \u0130HA\u2019s\u0131 K2\u2019yi duyurdu - Haber Kuzey\",\"isPartOf\":{\"@id\":\"https:\\\/\\\/haberkuzey.com\\\/#website\"},\"primaryImageOfPage\":{\"@id\":\"https:\\\/\\\/haberkuzey.com\\\/index.php\\\/2026\\\/03\\\/15\\\/baykar-sinifinin-en-buyuk-kamikaze-ihasi-k2yi-duyurdu\\\/#primaryimage\"},\"image\":{\"@id\":\"https:\\\/\\\/haberkuzey.com\\\/index.php\\\/2026\\\/03\\\/15\\\/baykar-sinifinin-en-buyuk-kamikaze-ihasi-k2yi-duyurdu\\\/#primaryimage\"},\"thumbnailUrl\":\"https:\\\/\\\/haberkuzey.com\\\/wp-content\\\/uploads\\\/2026\\\/03\\\/thumbs_b_c_baab0e849bf9f9708702bbb9417a1bd2.jpg\",\"datePublished\":\"2026-03-15T07:29:17+00:00\",\"author\":{\"@id\":\"https:\\\/\\\/haberkuzey.com\\\/#\\\/schema\\\/person\\\/3372109ec735f9333f4fa47ebb9605ca\"},\"breadcrumb\":{\"@id\":\"https:\\\/\\\/haberkuzey.com\\\/index.php\\\/2026\\\/03\\\/15\\\/baykar-sinifinin-en-buyuk-kamikaze-ihasi-k2yi-duyurdu\\\/#breadcrumb\"},\"inLanguage\":\"tr\",\"potentialAction\":[{\"@type\":\"ReadAction\",\"target\":[\"https:\\\/\\\/haberkuzey.com\\\/index.php\\\/2026\\\/03\\\/15\\\/baykar-sinifinin-en-buyuk-kamikaze-ihasi-k2yi-duyurdu\\\/\"]}]},{\"@type\":\"ImageObject\",\"inLanguage\":\"tr\",\"@id\":\"https:\\\/\\\/haberkuzey.com\\\/index.php\\\/2026\\\/03\\\/15\\\/baykar-sinifinin-en-buyuk-kamikaze-ihasi-k2yi-duyurdu\\\/#primaryimage\",\"url\":\"https:\\\/\\\/haberkuzey.com\\\/wp-content\\\/uploads\\\/2026\\\/03\\\/thumbs_b_c_baab0e849bf9f9708702bbb9417a1bd2.jpg\",\"contentUrl\":\"https:\\\/\\\/haberkuzey.com\\\/wp-content\\\/uploads\\\/2026\\\/03\\\/thumbs_b_c_baab0e849bf9f9708702bbb9417a1bd2.jpg\",\"width\":864,\"height\":485},{\"@type\":\"BreadcrumbList\",\"@id\":\"https:\\\/\\\/haberkuzey.com\\\/index.php\\\/2026\\\/03\\\/15\\\/baykar-sinifinin-en-buyuk-kamikaze-ihasi-k2yi-duyurdu\\\/#breadcrumb\",\"itemListElement\":[{\"@type\":\"ListItem\",\"position\":1,\"name\":\"Anasayfa\",\"item\":\"https:\\\/\\\/haberkuzey.com\\\/\"},{\"@type\":\"ListItem\",\"position\":2,\"name\":\"Baykar, s\u0131n\u0131f\u0131n\u0131n en b\u00fcy\u00fck kamikaze \u0130HA\u2019s\u0131 K2\u2019yi duyurdu\"}]},{\"@type\":\"WebSite\",\"@id\":\"https:\\\/\\\/haberkuzey.com\\\/#website\",\"url\":\"https:\\\/\\\/haberkuzey.com\\\/\",\"name\":\"Haber Kuzey\",\"description\":\"Do\u011fru Haberin Adresi\",\"potentialAction\":[{\"@type\":\"SearchAction\",\"target\":{\"@type\":\"EntryPoint\",\"urlTemplate\":\"https:\\\/\\\/haberkuzey.com\\\/?s={search_term_string}\"},\"query-input\":{\"@type\":\"PropertyValueSpecification\",\"valueRequired\":true,\"valueName\":\"search_term_string\"}}],\"inLanguage\":\"tr\"},{\"@type\":\"Person\",\"@id\":\"https:\\\/\\\/haberkuzey.com\\\/#\\\/schema\\\/person\\\/3372109ec735f9333f4fa47ebb9605ca\",\"name\":\"haberkuzey\",\"image\":{\"@type\":\"ImageObject\",\"inLanguage\":\"tr\",\"@id\":\"https:\\\/\\\/secure.gravatar.com\\\/avatar\\\/f5fc875574b1575324358c3b9e6a32b8227aa5b74f3fa22e3cadb63e26fcc39c?s=96&d=mm&r=g\",\"url\":\"https:\\\/\\\/secure.gravatar.com\\\/avatar\\\/f5fc875574b1575324358c3b9e6a32b8227aa5b74f3fa22e3cadb63e26fcc39c?s=96&d=mm&r=g\",\"contentUrl\":\"https:\\\/\\\/secure.gravatar.com\\\/avatar\\\/f5fc875574b1575324358c3b9e6a32b8227aa5b74f3fa22e3cadb63e26fcc39c?s=96&d=mm&r=g\",\"caption\":\"haberkuzey\"},\"sameAs\":[\"https:\\\/\\\/haberkuzey.com\"],\"url\":\"https:\\\/\\\/haberkuzey.com\\\/index.php\\\/author\\\/haberkuzey\\\/\"}]}<\/script>\n<!-- \/ Yoast SEO plugin. -->","yoast_head_json":{"title":"Baykar, s\u0131n\u0131f\u0131n\u0131n en b\u00fcy\u00fck kamikaze \u0130HA\u2019s\u0131 K2\u2019yi duyurdu - Haber Kuzey","robots":{"index":"index","follow":"follow","max-snippet":"max-snippet:-1","max-image-preview":"max-image-preview:large","max-video-preview":"max-video-preview:-1"},"canonical":"https:\/\/haberkuzey.com\/index.php\/2026\/03\/15\/baykar-sinifinin-en-buyuk-kamikaze-ihasi-k2yi-duyurdu\/","og_locale":"tr_TR","og_type":"article","og_title":"Baykar, s\u0131n\u0131f\u0131n\u0131n en b\u00fcy\u00fck kamikaze \u0130HA\u2019s\u0131 K2\u2019yi duyurdu - Haber Kuzey","og_description":"Baykar&#8217;dan yap\u0131lan a\u00e7\u0131klamaya g\u00f6re, maliyet etkin savunma \u00e7\u00f6z\u00fcmleri geli\u015ftirme stratejisi kapsam\u0131nda Baykar taraf\u0131ndan milli ve \u00f6zg\u00fcn olarak geli\u015ftirilen K2 Kamikaze \u0130HA, otonomi, yapay zeka ve formasyon yeteneklerini sergiledi\u011fi testlerle sahaya \u00e7\u0131kt\u0131. Geli\u015fmi\u015f yapay zeka ve otonomi algoritmalar\u0131 ile donat\u0131lan platform, 5 adet K2&#8217;nin kat\u0131ld\u0131\u011f\u0131 u\u00e7u\u015f testlerini ba\u015far\u0131yla tamamlad\u0131. Ke\u015fan U\u00e7u\u015f E\u011fitim ve Test Merkezi\u2019nden havalanan [&hellip;]","og_url":"https:\/\/haberkuzey.com\/index.php\/2026\/03\/15\/baykar-sinifinin-en-buyuk-kamikaze-ihasi-k2yi-duyurdu\/","og_site_name":"Haber Kuzey","article_published_time":"2026-03-15T07:29:17+00:00","author":"haberkuzey","twitter_card":"summary_large_image","twitter_misc":{"Yazan:":"haberkuzey","Tahmini okuma s\u00fcresi":"3 dakika"},"schema":{"@context":"https:\/\/schema.org","@graph":[{"@type":"Article","@id":"https:\/\/haberkuzey.com\/index.php\/2026\/03\/15\/baykar-sinifinin-en-buyuk-kamikaze-ihasi-k2yi-duyurdu\/#article","isPartOf":{"@id":"https:\/\/haberkuzey.com\/index.php\/2026\/03\/15\/baykar-sinifinin-en-buyuk-kamikaze-ihasi-k2yi-duyurdu\/"},"author":{"name":"haberkuzey","@id":"https:\/\/haberkuzey.com\/#\/schema\/person\/3372109ec735f9333f4fa47ebb9605ca"},"headline":"Baykar, s\u0131n\u0131f\u0131n\u0131n en b\u00fcy\u00fck kamikaze \u0130HA\u2019s\u0131 K2\u2019yi duyurdu","datePublished":"2026-03-15T07:29:17+00:00","mainEntityOfPage":{"@id":"https:\/\/haberkuzey.com\/index.php\/2026\/03\/15\/baykar-sinifinin-en-buyuk-kamikaze-ihasi-k2yi-duyurdu\/"},"wordCount":620,"commentCount":0,"image":{"@id":"https:\/\/haberkuzey.com\/index.php\/2026\/03\/15\/baykar-sinifinin-en-buyuk-kamikaze-ihasi-k2yi-duyurdu\/#primaryimage"},"thumbnailUrl":"https:\/\/haberkuzey.com\/wp-content\/uploads\/2026\/03\/thumbs_b_c_baab0e849bf9f9708702bbb9417a1bd2.jpg","articleSection":["K\u0131br\u0131s"],"inLanguage":"tr","potentialAction":[{"@type":"CommentAction","name":"Comment","target":["https:\/\/haberkuzey.com\/index.php\/2026\/03\/15\/baykar-sinifinin-en-buyuk-kamikaze-ihasi-k2yi-duyurdu\/#respond"]}]},{"@type":"WebPage","@id":"https:\/\/haberkuzey.com\/index.php\/2026\/03\/15\/baykar-sinifinin-en-buyuk-kamikaze-ihasi-k2yi-duyurdu\/","url":"https:\/\/haberkuzey.com\/index.php\/2026\/03\/15\/baykar-sinifinin-en-buyuk-kamikaze-ihasi-k2yi-duyurdu\/","name":"Baykar, s\u0131n\u0131f\u0131n\u0131n en b\u00fcy\u00fck kamikaze \u0130HA\u2019s\u0131 K2\u2019yi duyurdu - Haber Kuzey","isPartOf":{"@id":"https:\/\/haberkuzey.com\/#website"},"primaryImageOfPage":{"@id":"https:\/\/haberkuzey.com\/index.php\/2026\/03\/15\/baykar-sinifinin-en-buyuk-kamikaze-ihasi-k2yi-duyurdu\/#primaryimage"},"image":{"@id":"https:\/\/haberkuzey.com\/index.php\/2026\/03\/15\/baykar-sinifinin-en-buyuk-kamikaze-ihasi-k2yi-duyurdu\/#primaryimage"},"thumbnailUrl":"https:\/\/haberkuzey.com\/wp-content\/uploads\/2026\/03\/thumbs_b_c_baab0e849bf9f9708702bbb9417a1bd2.jpg","datePublished":"2026-03-15T07:29:17+00:00","author":{"@id":"https:\/\/haberkuzey.com\/#\/schema\/person\/3372109ec735f9333f4fa47ebb9605ca"},"breadcrumb":{"@id":"https:\/\/haberkuzey.com\/index.php\/2026\/03\/15\/baykar-sinifinin-en-buyuk-kamikaze-ihasi-k2yi-duyurdu\/#breadcrumb"},"inLanguage":"tr","potentialAction":[{"@type":"ReadAction","target":["https:\/\/haberkuzey.com\/index.php\/2026\/03\/15\/baykar-sinifinin-en-buyuk-kamikaze-ihasi-k2yi-duyurdu\/"]}]},{"@type":"ImageObject","inLanguage":"tr","@id":"https:\/\/haberkuzey.com\/index.php\/2026\/03\/15\/baykar-sinifinin-en-buyuk-kamikaze-ihasi-k2yi-duyurdu\/#primaryimage","url":"https:\/\/haberkuzey.com\/wp-content\/uploads\/2026\/03\/thumbs_b_c_baab0e849bf9f9708702bbb9417a1bd2.jpg","contentUrl":"https:\/\/haberkuzey.com\/wp-content\/uploads\/2026\/03\/thumbs_b_c_baab0e849bf9f9708702bbb9417a1bd2.jpg","width":864,"height":485},{"@type":"BreadcrumbList","@id":"https:\/\/haberkuzey.com\/index.php\/2026\/03\/15\/baykar-sinifinin-en-buyuk-kamikaze-ihasi-k2yi-duyurdu\/#breadcrumb","itemListElement":[{"@type":"ListItem","position":1,"name":"Anasayfa","item":"https:\/\/haberkuzey.com\/"},{"@type":"ListItem","position":2,"name":"Baykar, s\u0131n\u0131f\u0131n\u0131n en b\u00fcy\u00fck kamikaze \u0130HA\u2019s\u0131 K2\u2019yi duyurdu"}]},{"@type":"WebSite","@id":"https:\/\/haberkuzey.com\/#website","url":"https:\/\/haberkuzey.com\/","name":"Haber Kuzey","description":"Do\u011fru Haberin Adresi","potentialAction":[{"@type":"SearchAction","target":{"@type":"EntryPoint","urlTemplate":"https:\/\/haberkuzey.com\/?s={search_term_string}"},"query-input":{"@type":"PropertyValueSpecification","valueRequired":true,"valueName":"search_term_string"}}],"inLanguage":"tr"},{"@type":"Person","@id":"https:\/\/haberkuzey.com\/#\/schema\/person\/3372109ec735f9333f4fa47ebb9605ca","name":"haberkuzey","image":{"@type":"ImageObject","inLanguage":"tr","@id":"https:\/\/secure.gravatar.com\/avatar\/f5fc875574b1575324358c3b9e6a32b8227aa5b74f3fa22e3cadb63e26fcc39c?s=96&d=mm&r=g","url":"https:\/\/secure.gravatar.com\/avatar\/f5fc875574b1575324358c3b9e6a32b8227aa5b74f3fa22e3cadb63e26fcc39c?s=96&d=mm&r=g","contentUrl":"https:\/\/secure.gravatar.com\/avatar\/f5fc875574b1575324358c3b9e6a32b8227aa5b74f3fa22e3cadb63e26fcc39c?s=96&d=mm&r=g","caption":"haberkuzey"},"sameAs":["https:\/\/haberkuzey.com"],"url":"https:\/\/haberkuzey.com\/index.php\/author\/haberkuzey\/"}]}},"_links":{"self":[{"href":"https:\/\/haberkuzey.com\/index.php\/wp-json\/wp\/v2\/posts\/35310","targetHints":{"allow":["GET"]}}],"collection":[{"href":"https:\/\/haberkuzey.com\/index.php\/wp-json\/wp\/v2\/posts"}],"about":[{"href":"https:\/\/haberkuzey.com\/index.php\/wp-json\/wp\/v2\/types\/post"}],"author":[{"embeddable":true,"href":"https:\/\/haberkuzey.com\/index.php\/wp-json\/wp\/v2\/users\/1"}],"replies":[{"embeddable":true,"href":"https:\/\/haberkuzey.com\/index.php\/wp-json\/wp\/v2\/comments?post=35310"}],"version-history":[{"count":0,"href":"https:\/\/haberkuzey.com\/index.php\/wp-json\/wp\/v2\/posts\/35310\/revisions"}],"wp:featuredmedia":[{"embeddable":true,"href":"https:\/\/haberkuzey.com\/index.php\/wp-json\/wp\/v2\/media\/35311"}],"wp:attachment":[{"href":"https:\/\/haberkuzey.com\/index.php\/wp-json\/wp\/v2\/media?parent=35310"}],"wp:term":[{"taxonomy":"category","embeddable":true,"href":"https:\/\/haberkuzey.com\/index.php\/wp-json\/wp\/v2\/categories?post=35310"},{"taxonomy":"post_tag","embeddable":true,"href":"https:\/\/haberkuzey.com\/index.php\/wp-json\/wp\/v2\/tags?post=35310"}],"curies":[{"name":"wp","href":"https:\/\/api.w.org\/{rel}","templated":true}]}}